{"id":3518,"date":"2016-09-20T19:48:46","date_gmt":"2016-09-20T17:48:46","guid":{"rendered":"http:\/\/evertonfc.cz\/?p=3518"},"modified":"2019-02-11T19:51:42","modified_gmt":"2019-02-11T18:51:42","slug":"everton-norwich-city-02","status":"publish","type":"post","link":"https:\/\/evertonfc.cz\/index.php\/2016\/09\/20\/everton-norwich-city-02\/","title":{"rendered":"Everton &#8211; Norwich City 0:2"},"content":{"rendered":"<h4 id=\"NewsPostDetailSummary\">Prvn\u00ed zav\u00e1h\u00e1n\u00ed sez\u00f3ny znamen\u00e1 vypadnut\u00ed z\u00a0EFL Cupu. Toffees se dne\u0161n\u00edm ve\u010derem na Goodison Parku protr\u00e1pili.<\/h4>\n<div id=\"NewsPostDetailContent\">\n<p>Ronald Koeman provedl hned \u0161est zm\u011bn v z\u00e1kladn\u00ed sestav\u011b. Do obrany nasko\u010dil Mason Holgate a Ramiro Funes Miro na m\u00edsta Jagielky a Bainese, d\u00e1le odpo\u010d\u00edval rekordman Barry, ve st\u0159edu z\u00e1lohy ho nahradil Tom Cleverley. Nakonec v ofenziv\u011b Gerard Deulofeu, Aaron Lennon a Enner Valencia nahradili Bolasieho, Mirallase a zran\u011bn\u00e9ho Lukaka. V\u00a0jeden\u00e1ctce soupe\u0159e nechyb\u011bli b\u00fdval\u00ed Evertonians John Ruddy a Steven Naismith.<\/p>\n<p>Merseysiders za\u010dali aktivn\u011b, prvn\u00ed \u0161anci si vytvo\u0159ili po s\u00e9rii kr\u00e1tk\u00fdch p\u0159ihr\u00e1vek. Na zakon\u010den\u00ed z hranice penalty si nab\u011bhl Aaron Lennon, jen\u017e nast\u0159elil br\u00e1n\u00edc\u00edho Whittakera do ruky. P\u00ed\u0161\u0165alka sud\u00edho Madleyho z\u016fstala chybn\u011b n\u011bm\u00e1. V 10. minut\u011b Gerard Deulofeu nat\u00e1hl krok na lev\u00e9m k\u0159\u00eddle, k ide\u00e1lu mu sch\u00e1zelo lep\u0161\u00ed fin\u00e1ln\u00ed \u0159e\u0161en\u00ed, z podobn\u00e9 bl\u00edzkosti mus\u00ed rozvlnit s\u00ed\u0165, nikoliv trefit le\u017e\u00edc\u00edho branka\u0159e. Postupem \u010dasu tempo hry v\u00fdrazn\u011b opadlo, Blues si p\u0159ihr\u00e1vali a p\u0159ihr\u00e1vali, ov\u0161em pouze po v\u00e1pno host\u016f, kde jejich akce kon\u010dily. Zoufale chyb\u011bly moment p\u0159ekvapen\u00ed a zrychlen\u00ed kombinace.<\/p>\n<p>V 40. minut\u011b se Barkley postavil k\u00a0p\u0159\u00edm\u00e9mu kopu a jen lehce prot\u00e1hl Ruddyho, naopak se po\u0161t\u011bstilo na druh\u00e9 stran\u011b. Canaries se v prvn\u00edm polo\u010dase sotva dostali za p\u016flku, p\u0159esto do kabin odch\u00e1zeli ve veden\u00ed. Oliveira chytrou pati\u010dkou uvolnil Naismithe, kter\u00fd perfektn\u00edm zakon\u010den\u00edm pod b\u0159evno p\u0159ipomn\u011bl sv\u00e9 um\u011bn\u00ed &#8211; <strong>0:1<\/strong>. Velmi \u0161patn\u00e1 p\u016fle ze strany dom\u00e1c\u00edch.<\/p>\n<p>P\u0159est\u00e1vka prob\u011bhla bez st\u0159\u00edd\u00e1n\u00ed, nicm\u00e9n\u011b ticho v kabin\u011b Evertonu asi nebylo. Druhou \u010d\u00e1st utk\u00e1n\u00ed otev\u0159el Ruddy sv\u00fdm v\u00fdb\u011bhem mimo \u0161estn\u00e1ctku, jeho hlavi\u010dka proti atakuj\u00edc\u00edmu Valenciovi doputovala k Barkleymu, jen\u017ee Angli\u010dan se mo\u017enosti zalekl a loboval prachb\u00eddn\u011b. Vz\u00e1p\u011bt\u00ed Deulofeu m\u00ed\u0159il t\u011bsn\u011b vedle z p\u0159\u00edm\u00e9ho kopu z 20 metr\u016f a v rychl\u00e9m sledu modr\u00e1 sedmi\u010dka pohrdla g\u00f3lovou nab\u00eddkou od Lennona, jeho pr\u016fnik zakon\u010dila st\u0159elou nad b\u0159evno.<\/p>\n<p>P\u0159esn\u011bj\u0161\u00ed zakon\u010den\u00ed postr\u00e1dala rovn\u011b\u017e d\u011blovka Funes Moriho, Barkley potom pro zm\u011bnu a\u017e p\u0159\u00edli\u0161 dlouho v\u00e1hal, aby se s\u00e1m p\u0159ipravil o v\u00fdhodnou pozici. V 68. minut\u011b se Koeman rozhodl zvr\u00e1tit nep\u0159\u00edzniv\u00fd stav dvojit\u00fdm st\u0159\u00edd\u00e1n\u00edm, ode\u0161li Lennon a Deulofeu (z\u00e1pas se nepoda\u0159il hlavn\u011b druh\u00e9mu jmenovan\u00e9mu) a na h\u0159i\u0161t\u011b vyb\u011bhli Mirallas a Bolasie. Kevin Mirallas se minutu po p\u0159\u00edchodu postavil k trestn\u00e9mu kopu a Ruddy byl p\u0159inucen vyt\u00e1hnout hbit\u00fd reflex. Po n\u00e1sledn\u00e9m rohu Valencia zas\u00e1hl Pritcharda stoj\u00edc\u00edho na brankov\u00e9 \u010d\u00e1\u0159e.<\/p>\n<p>Jak Norwich otev\u0159el sk\u00f3re, tak p\u0159idal druhou branku. V 74. minut\u011b z ni\u010deho nic si Josh Murphy navedl m\u00ed\u010d do st\u0159edu a\u017e p\u0159\u00edli\u0161 snadno kolem Funes Moriho a Cleverleyho a kr\u00e1snou st\u0159elou zasko\u010dil Stekelenburga &#8211; <strong>0:2<\/strong>.<\/p>\n<p>V 87. minut\u011b p\u0159edvedl z\u00e1krok ve\u010dera John Ruddy, nepropustil Gueyeho bombu z d\u00e1lky. Everton tedy nezopakuje lo\u0148skou semifin\u00e1lovou \u00fa\u010dast v Ligov\u00e9m poh\u00e1ru.<\/p>\n<p><strong>Branky:<\/strong> 42. Naismith, 74. Murphy<br \/>\n<strong>\u017dK:<\/strong> 50. Mulumbu, 57. Ruddy<br \/>\n<strong>Everton:<\/strong> Stekelenburg, Coleman, Holgate, Williams, Funes Mori, Gueye, Cleverley, Deulofeu (68. Mirallas), Barkley, Lennon (68. Bolasie), Valencia<br \/>\n<strong>Norwich City:<\/strong> Ruddy, Whittaker, Bennett, Bassong, Brady, Mulumbu (94. Godfrey), Thompson, Murphy, Naismith, Pritchard, Oliveira (46. Lafferty)<br \/>\n<strong>Rozhod\u010d\u00ed:<\/strong> Andrew Madley<br \/>\n<strong>Div\u00e1ci:<\/strong> 29 550<\/p>\n<\/div>\n","protected":false},"excerpt":{"rendered":"<p>Prvn\u00ed zav\u00e1h\u00e1n\u00ed sez\u00f3ny znamen\u00e1 vypadnut\u00ed z\u00a0EFL Cupu. Toffees se dne\u0161n\u00edm ve\u010derem na Goodison Parku protr\u00e1pili. Ronald Koeman provedl hned \u0161est&hellip;<\/p>\n","protected":false},"author":6,"featured_media":1315,"comment_status":"open","ping_status":"closed","sticky":false,"template":"","format":"standard","meta":{"_eb_attr":"","_monsterinsights_skip_tracking":false,"_monsterinsights_sitenote_active":false,"_monsterinsights_sitenote_note":"","_monsterinsights_sitenote_category":0,"footnotes":""},"categories":[4],"tags":[],"yoast_head":"<!-- This site is optimized with the Yoast SEO plugin v23.4 - https:\/\/yoast.com\/wordpress\/plugins\/seo\/ -->\n<title>Everton - Norwich City 0:2 - Official Czech &amp; Slovak Everton Supporters&#039; Club<\/title>\n<meta name=\"robots\" content=\"index, follow, max-snippet:-1, max-image-preview:large, max-video-preview:-1\" \/>\n<link rel=\"canonical\" href=\"https:\/\/evertonfc.cz\/index.php\/2016\/09\/20\/everton-norwich-city-02\/\" \/>\n<meta property=\"og:locale\" content=\"cs_CZ\" \/>\n<meta property=\"og:type\" content=\"article\" \/>\n<meta property=\"og:title\" content=\"Everton - Norwich City 0:2 - Official Czech &amp; Slovak Everton Supporters&#039; Club\" \/>\n<meta property=\"og:description\" content=\"Prvn\u00ed zav\u00e1h\u00e1n\u00ed sez\u00f3ny znamen\u00e1 vypadnut\u00ed z\u00a0EFL Cupu. Toffees se dne\u0161n\u00edm ve\u010derem na Goodison Parku protr\u00e1pili. Ronald Koeman provedl hned \u0161est&hellip;\" \/>\n<meta property=\"og:url\" content=\"https:\/\/evertonfc.cz\/index.php\/2016\/09\/20\/everton-norwich-city-02\/\" \/>\n<meta property=\"og:site_name\" content=\"Official Czech &amp; Slovak Everton Supporters&#039; Club\" \/>\n<meta property=\"article:publisher\" content=\"https:\/\/www.facebook.com\/everton.fans.cz.sk\" \/>\n<meta property=\"article:published_time\" content=\"2016-09-20T17:48:46+00:00\" \/>\n<meta property=\"article:modified_time\" content=\"2019-02-11T18:51:42+00:00\" \/>\n<meta property=\"og:image\" content=\"https:\/\/evertonfc.cz\/wp-content\/uploads\/2019\/01\/report.jpg\" \/>\n\t<meta property=\"og:image:width\" content=\"720\" \/>\n\t<meta property=\"og:image:height\" content=\"405\" \/>\n\t<meta property=\"og:image:type\" content=\"image\/jpeg\" \/>\n<meta name=\"author\" content=\"Ri\u010di\" \/>\n<meta name=\"twitter:card\" content=\"summary_large_image\" \/>\n<meta name=\"twitter:creator\" content=\"@rbrejsa\" \/>\n<meta name=\"twitter:label1\" content=\"Napsal(a)\" \/>\n\t<meta name=\"twitter:data1\" content=\"Ri\u010di\" \/>\n\t<meta name=\"twitter:label2\" content=\"Odhadovan\u00e1 doba \u010dten\u00ed\" \/>\n\t<meta name=\"twitter:data2\" content=\"3 minuty\" \/>\n<script type=\"application\/ld+json\" class=\"yoast-schema-graph\">{\"@context\":\"https:\/\/schema.org\",\"@graph\":[{\"@type\":\"Article\",\"@id\":\"https:\/\/evertonfc.cz\/index.php\/2016\/09\/20\/everton-norwich-city-02\/#article\",\"isPartOf\":{\"@id\":\"https:\/\/evertonfc.cz\/index.php\/2016\/09\/20\/everton-norwich-city-02\/\"},\"author\":{\"name\":\"Ri\u010di\",\"@id\":\"https:\/\/evertonfc.cz\/#\/schema\/person\/f7a5daedb2ffee98480bc70e191aaef1\"},\"headline\":\"Everton &#8211; Norwich City 0:2\",\"datePublished\":\"2016-09-20T17:48:46+00:00\",\"dateModified\":\"2019-02-11T18:51:42+00:00\",\"mainEntityOfPage\":{\"@id\":\"https:\/\/evertonfc.cz\/index.php\/2016\/09\/20\/everton-norwich-city-02\/\"},\"wordCount\":619,\"commentCount\":0,\"publisher\":{\"@id\":\"https:\/\/evertonfc.cz\/#organization\"},\"image\":{\"@id\":\"https:\/\/evertonfc.cz\/index.php\/2016\/09\/20\/everton-norwich-city-02\/#primaryimage\"},\"thumbnailUrl\":\"https:\/\/evertonfc.cz\/wp-content\/uploads\/2019\/01\/report.jpg\",\"articleSection\":[\"Z\u00e1pasy\"],\"inLanguage\":\"cs\",\"potentialAction\":[{\"@type\":\"CommentAction\",\"name\":\"Comment\",\"target\":[\"https:\/\/evertonfc.cz\/index.php\/2016\/09\/20\/everton-norwich-city-02\/#respond\"]}]},{\"@type\":\"WebPage\",\"@id\":\"https:\/\/evertonfc.cz\/index.php\/2016\/09\/20\/everton-norwich-city-02\/\",\"url\":\"https:\/\/evertonfc.cz\/index.php\/2016\/09\/20\/everton-norwich-city-02\/\",\"name\":\"Everton - Norwich City 0:2 - Official Czech &amp; Slovak Everton Supporters&#039; Club\",\"isPartOf\":{\"@id\":\"https:\/\/evertonfc.cz\/#website\"},\"primaryImageOfPage\":{\"@id\":\"https:\/\/evertonfc.cz\/index.php\/2016\/09\/20\/everton-norwich-city-02\/#primaryimage\"},\"image\":{\"@id\":\"https:\/\/evertonfc.cz\/index.php\/2016\/09\/20\/everton-norwich-city-02\/#primaryimage\"},\"thumbnailUrl\":\"https:\/\/evertonfc.cz\/wp-content\/uploads\/2019\/01\/report.jpg\",\"datePublished\":\"2016-09-20T17:48:46+00:00\",\"dateModified\":\"2019-02-11T18:51:42+00:00\",\"breadcrumb\":{\"@id\":\"https:\/\/evertonfc.cz\/index.php\/2016\/09\/20\/everton-norwich-city-02\/#breadcrumb\"},\"inLanguage\":\"cs\",\"potentialAction\":[{\"@type\":\"ReadAction\",\"target\":[\"https:\/\/evertonfc.cz\/index.php\/2016\/09\/20\/everton-norwich-city-02\/\"]}]},{\"@type\":\"ImageObject\",\"inLanguage\":\"cs\",\"@id\":\"https:\/\/evertonfc.cz\/index.php\/2016\/09\/20\/everton-norwich-city-02\/#primaryimage\",\"url\":\"https:\/\/evertonfc.cz\/wp-content\/uploads\/2019\/01\/report.jpg\",\"contentUrl\":\"https:\/\/evertonfc.cz\/wp-content\/uploads\/2019\/01\/report.jpg\",\"width\":720,\"height\":405},{\"@type\":\"BreadcrumbList\",\"@id\":\"https:\/\/evertonfc.cz\/index.php\/2016\/09\/20\/everton-norwich-city-02\/#breadcrumb\",\"itemListElement\":[{\"@type\":\"ListItem\",\"position\":1,\"name\":\"Home\",\"item\":\"https:\/\/evertonfc.cz\/\"},{\"@type\":\"ListItem\",\"position\":2,\"name\":\"Everton &#8211; Norwich City 0:2\"}]},{\"@type\":\"WebSite\",\"@id\":\"https:\/\/evertonfc.cz\/#website\",\"url\":\"https:\/\/evertonfc.cz\/\",\"name\":\"Official Czech &amp; Slovak Everton Supporters&#039; Club\",\"description\":\"\",\"publisher\":{\"@id\":\"https:\/\/evertonfc.cz\/#organization\"},\"potentialAction\":[{\"@type\":\"SearchAction\",\"target\":{\"@type\":\"EntryPoint\",\"urlTemplate\":\"https:\/\/evertonfc.cz\/?s={search_term_string}\"},\"query-input\":{\"@type\":\"PropertyValueSpecification\",\"valueRequired\":true,\"valueName\":\"search_term_string\"}}],\"inLanguage\":\"cs\"},{\"@type\":\"Organization\",\"@id\":\"https:\/\/evertonfc.cz\/#organization\",\"name\":\"Official Czech & Slovak Everton Supporters' Club\",\"url\":\"https:\/\/evertonfc.cz\/\",\"logo\":{\"@type\":\"ImageObject\",\"inLanguage\":\"cs\",\"@id\":\"https:\/\/evertonfc.cz\/#\/schema\/logo\/image\/\",\"url\":\"https:\/\/evertonfc.cz\/wp-content\/uploads\/2019\/05\/logo.png\",\"contentUrl\":\"https:\/\/evertonfc.cz\/wp-content\/uploads\/2019\/05\/logo.png\",\"width\":112,\"height\":112,\"caption\":\"Official Czech & Slovak Everton Supporters' Club\"},\"image\":{\"@id\":\"https:\/\/evertonfc.cz\/#\/schema\/logo\/image\/\"},\"sameAs\":[\"https:\/\/www.facebook.com\/everton.fans.cz.sk\"]},{\"@type\":\"Person\",\"@id\":\"https:\/\/evertonfc.cz\/#\/schema\/person\/f7a5daedb2ffee98480bc70e191aaef1\",\"name\":\"Ri\u010di\",\"sameAs\":[\"https:\/\/x.com\/rbrejsa\"],\"url\":\"https:\/\/evertonfc.cz\/index.php\/author\/rici\/\"}]}<\/script>\n<!-- \/ Yoast SEO plugin. -->","yoast_head_json":{"title":"Everton - Norwich City 0:2 - Official Czech &amp; Slovak Everton Supporters&#039; Club","robots":{"index":"index","follow":"follow","max-snippet":"max-snippet:-1","max-image-preview":"max-image-preview:large","max-video-preview":"max-video-preview:-1"},"canonical":"https:\/\/evertonfc.cz\/index.php\/2016\/09\/20\/everton-norwich-city-02\/","og_locale":"cs_CZ","og_type":"article","og_title":"Everton - Norwich City 0:2 - Official Czech &amp; Slovak Everton Supporters&#039; Club","og_description":"Prvn\u00ed zav\u00e1h\u00e1n\u00ed sez\u00f3ny znamen\u00e1 vypadnut\u00ed z\u00a0EFL Cupu. Toffees se dne\u0161n\u00edm ve\u010derem na Goodison Parku protr\u00e1pili. Ronald Koeman provedl hned \u0161est&hellip;","og_url":"https:\/\/evertonfc.cz\/index.php\/2016\/09\/20\/everton-norwich-city-02\/","og_site_name":"Official Czech &amp; Slovak Everton Supporters&#039; Club","article_publisher":"https:\/\/www.facebook.com\/everton.fans.cz.sk","article_published_time":"2016-09-20T17:48:46+00:00","article_modified_time":"2019-02-11T18:51:42+00:00","og_image":[{"width":720,"height":405,"url":"https:\/\/evertonfc.cz\/wp-content\/uploads\/2019\/01\/report.jpg","type":"image\/jpeg"}],"author":"Ri\u010di","twitter_card":"summary_large_image","twitter_creator":"@rbrejsa","twitter_misc":{"Napsal(a)":"Ri\u010di","Odhadovan\u00e1 doba \u010dten\u00ed":"3 minuty"},"schema":{"@context":"https:\/\/schema.org","@graph":[{"@type":"Article","@id":"https:\/\/evertonfc.cz\/index.php\/2016\/09\/20\/everton-norwich-city-02\/#article","isPartOf":{"@id":"https:\/\/evertonfc.cz\/index.php\/2016\/09\/20\/everton-norwich-city-02\/"},"author":{"name":"Ri\u010di","@id":"https:\/\/evertonfc.cz\/#\/schema\/person\/f7a5daedb2ffee98480bc70e191aaef1"},"headline":"Everton &#8211; Norwich City 0:2","datePublished":"2016-09-20T17:48:46+00:00","dateModified":"2019-02-11T18:51:42+00:00","mainEntityOfPage":{"@id":"https:\/\/evertonfc.cz\/index.php\/2016\/09\/20\/everton-norwich-city-02\/"},"wordCount":619,"commentCount":0,"publisher":{"@id":"https:\/\/evertonfc.cz\/#organization"},"image":{"@id":"https:\/\/evertonfc.cz\/index.php\/2016\/09\/20\/everton-norwich-city-02\/#primaryimage"},"thumbnailUrl":"https:\/\/evertonfc.cz\/wp-content\/uploads\/2019\/01\/report.jpg","articleSection":["Z\u00e1pasy"],"inLanguage":"cs","potentialAction":[{"@type":"CommentAction","name":"Comment","target":["https:\/\/evertonfc.cz\/index.php\/2016\/09\/20\/everton-norwich-city-02\/#respond"]}]},{"@type":"WebPage","@id":"https:\/\/evertonfc.cz\/index.php\/2016\/09\/20\/everton-norwich-city-02\/","url":"https:\/\/evertonfc.cz\/index.php\/2016\/09\/20\/everton-norwich-city-02\/","name":"Everton - Norwich City 0:2 - Official Czech &amp; Slovak Everton Supporters&#039; Club","isPartOf":{"@id":"https:\/\/evertonfc.cz\/#website"},"primaryImageOfPage":{"@id":"https:\/\/evertonfc.cz\/index.php\/2016\/09\/20\/everton-norwich-city-02\/#primaryimage"},"image":{"@id":"https:\/\/evertonfc.cz\/index.php\/2016\/09\/20\/everton-norwich-city-02\/#primaryimage"},"thumbnailUrl":"https:\/\/evertonfc.cz\/wp-content\/uploads\/2019\/01\/report.jpg","datePublished":"2016-09-20T17:48:46+00:00","dateModified":"2019-02-11T18:51:42+00:00","breadcrumb":{"@id":"https:\/\/evertonfc.cz\/index.php\/2016\/09\/20\/everton-norwich-city-02\/#breadcrumb"},"inLanguage":"cs","potentialAction":[{"@type":"ReadAction","target":["https:\/\/evertonfc.cz\/index.php\/2016\/09\/20\/everton-norwich-city-02\/"]}]},{"@type":"ImageObject","inLanguage":"cs","@id":"https:\/\/evertonfc.cz\/index.php\/2016\/09\/20\/everton-norwich-city-02\/#primaryimage","url":"https:\/\/evertonfc.cz\/wp-content\/uploads\/2019\/01\/report.jpg","contentUrl":"https:\/\/evertonfc.cz\/wp-content\/uploads\/2019\/01\/report.jpg","width":720,"height":405},{"@type":"BreadcrumbList","@id":"https:\/\/evertonfc.cz\/index.php\/2016\/09\/20\/everton-norwich-city-02\/#breadcrumb","itemListElement":[{"@type":"ListItem","position":1,"name":"Home","item":"https:\/\/evertonfc.cz\/"},{"@type":"ListItem","position":2,"name":"Everton &#8211; Norwich City 0:2"}]},{"@type":"WebSite","@id":"https:\/\/evertonfc.cz\/#website","url":"https:\/\/evertonfc.cz\/","name":"Official Czech &amp; Slovak Everton Supporters&#039; Club","description":"","publisher":{"@id":"https:\/\/evertonfc.cz\/#organization"},"potentialAction":[{"@type":"SearchAction","target":{"@type":"EntryPoint","urlTemplate":"https:\/\/evertonfc.cz\/?s={search_term_string}"},"query-input":{"@type":"PropertyValueSpecification","valueRequired":true,"valueName":"search_term_string"}}],"inLanguage":"cs"},{"@type":"Organization","@id":"https:\/\/evertonfc.cz\/#organization","name":"Official Czech & Slovak Everton Supporters' Club","url":"https:\/\/evertonfc.cz\/","logo":{"@type":"ImageObject","inLanguage":"cs","@id":"https:\/\/evertonfc.cz\/#\/schema\/logo\/image\/","url":"https:\/\/evertonfc.cz\/wp-content\/uploads\/2019\/05\/logo.png","contentUrl":"https:\/\/evertonfc.cz\/wp-content\/uploads\/2019\/05\/logo.png","width":112,"height":112,"caption":"Official Czech & Slovak Everton Supporters' Club"},"image":{"@id":"https:\/\/evertonfc.cz\/#\/schema\/logo\/image\/"},"sameAs":["https:\/\/www.facebook.com\/everton.fans.cz.sk"]},{"@type":"Person","@id":"https:\/\/evertonfc.cz\/#\/schema\/person\/f7a5daedb2ffee98480bc70e191aaef1","name":"Ri\u010di","sameAs":["https:\/\/x.com\/rbrejsa"],"url":"https:\/\/evertonfc.cz\/index.php\/author\/rici\/"}]}},"_links":{"self":[{"href":"https:\/\/evertonfc.cz\/index.php\/wp-json\/wp\/v2\/posts\/3518"}],"collection":[{"href":"https:\/\/evertonfc.cz\/index.php\/wp-json\/wp\/v2\/posts"}],"about":[{"href":"https:\/\/evertonfc.cz\/index.php\/wp-json\/wp\/v2\/types\/post"}],"author":[{"embeddable":true,"href":"https:\/\/evertonfc.cz\/index.php\/wp-json\/wp\/v2\/users\/6"}],"replies":[{"embeddable":true,"href":"https:\/\/evertonfc.cz\/index.php\/wp-json\/wp\/v2\/comments?post=3518"}],"version-history":[{"count":1,"href":"https:\/\/evertonfc.cz\/index.php\/wp-json\/wp\/v2\/posts\/3518\/revisions"}],"predecessor-version":[{"id":3519,"href":"https:\/\/evertonfc.cz\/index.php\/wp-json\/wp\/v2\/posts\/3518\/revisions\/3519"}],"wp:featuredmedia":[{"embeddable":true,"href":"https:\/\/evertonfc.cz\/index.php\/wp-json\/wp\/v2\/media\/1315"}],"wp:attachment":[{"href":"https:\/\/evertonfc.cz\/index.php\/wp-json\/wp\/v2\/media?parent=3518"}],"wp:term":[{"taxonomy":"category","embeddable":true,"href":"https:\/\/evertonfc.cz\/index.php\/wp-json\/wp\/v2\/categories?post=3518"},{"taxonomy":"post_tag","embeddable":true,"href":"https:\/\/evertonfc.cz\/index.php\/wp-json\/wp\/v2\/tags?post=3518"}],"curies":[{"name":"wp","href":"https:\/\/api.w.org\/{rel}","templated":true}]}}