{"id":3520,"date":"2016-09-19T19:51:51","date_gmt":"2016-09-19T17:51:51","guid":{"rendered":"http:\/\/evertonfc.cz\/?p=3520"},"modified":"2021-09-27T13:29:07","modified_gmt":"2021-09-27T11:29:07","slug":"preview-everton-norwich-city","status":"publish","type":"post","link":"https:\/\/evertonfc.cz\/index.php\/2016\/09\/19\/preview-everton-norwich-city\/","title":{"rendered":"Preview: Everton &#8211; Norwich City"},"content":{"rendered":"<h4 id=\"NewsPostDetailSummary\">V repr\u00edze lo\u0148sk\u00e9ho podzimn\u00edho Ligov\u00e9ho poh\u00e1ru druh\u00fd t\u00fdm Premier League p\u0159iv\u00edt\u00e1 druh\u00fd t\u00fdm Championship. Postup se o\u010dek\u00e1v\u00e1 od prvoligisty, a\u010d bude postr\u00e1dat \u00fato\u010dn\u00e9 eso Romela Lukaka.<\/h4>\n<div id=\"NewsPostDetailContent\">\n<p>Ronald Koeman byl dot\u00e1z\u00e1n, zda po poveden\u00e9m startu do sez\u00f3ny Everton c\u00edl\u00ed na mistrovsk\u00fd titul. Novin\u00e1\u0159\u016fm se dostalo stroh\u00e9 a jasn\u00e9 odpov\u011bdi<em>: \u201eNe, a byl bych bl\u00e1zen, kdybych odpov\u011bd\u011bl jinak. V lize jsou kvalitn\u011bj\u0161\u00ed t\u00fdmy.\u201d<\/em> Mana\u017eer vid\u00ed re\u00e1ln\u011bj\u0161\u00ed \u0161ance na vav\u0159\u00edny v FA Cupu \u010di pr\u00e1v\u011b EFL Cupu, i proto v \u00fater\u00fd hodl\u00e1 postavit silnou sestavu.<\/p>\n<p>Odpo\u010dine si Romelu Lukaku, kter\u00fd si z v\u00edkendu odnesl zran\u011bn\u00ed palce na noze, nicm\u00e9n\u011b na sobotn\u00ed v\u00fdjezd do Bournemouthu bude p\u0159ipraven. Kanon\u00fdra zastoup\u00ed novic Enner Valencia, jak potvrdil Koeman, jen\u017e ohledn\u011b p\u0159\u00edpadn\u00fdch dal\u0161\u00edch zm\u011bn z\u016fstal tajemn\u00fd. Pr\u00fd nerad sah\u00e1 do dob\u0159e funguj\u00edc\u00edho mu\u017estva, na druhou stranu men\u0161\u00ed rotaci nevylou\u010dil a naopak zd\u016fraznil, \u017ee pokud n\u00e1hradn\u00edci nevyu\u017eij\u00ed \u0161anci, v budoucnu se budou jen t\u011b\u017ece op\u011bt probojov\u00e1vat do z\u00e1kladn\u00ed XI. V\u00fdzva mo\u017en\u00e1 sm\u011b\u0159ovala k Oviedovi, kter\u00e9mu se nepovedl posledn\u00ed z\u00e1pas EFL Cupu, nebo k Deulofeuovi? \u0160pan\u011bla zat\u00edm sv\u00fdmi v\u00fdkony p\u0159evy\u0161uj\u00ed Mirallas a Bolasie. Z lavi\u010dky n\u00e1hradn\u00edk\u016f by se na h\u0159i\u0161t\u011b d\u00e1le r\u00e1di pod\u00edvali Robles, Funes Mori, Cleverley a Lennon.<\/p>\n<p>Zdravotn\u00ed probl\u00e9my do hry nepust\u00ed zmi\u0148ovan\u00e9ho Lukaka a dlouhodob\u00e9 marody Be\u0161i\u0107e, McCarthyho, Browninga, Penningtona a tak\u00e9 Darrona Gibsona. Gibson podstoupil operaci slabin a chyb\u011bt bude t\u0159i t\u00fddny. Ch\u00e1pe n\u011bkdo, pro\u010d je tento hr\u00e1\u010d st\u00e1le na v\u00fdplatn\u00ed p\u00e1sce Evertonu? Mlad\u00edci Walsh, Dowell a Davies odehr\u00e1li cel\u00e9 utk\u00e1n\u00ed za v\u00fdb\u011br U23 p\u0159i v\u00fdh\u0159e 5:0 nad Arsenalem (st\u0159elci 2x Dyson, Walsh, Dowell a Niasse) v pond\u011bl\u00ed ve\u010der, a tak nelze o\u010dek\u00e1vat jejich nasazen\u00ed na druh\u00fd den.<\/p>\n<p>Canaries udr\u017eeli k\u00e1dr pohromad\u011b i p\u0159es sestup z Premier League, z kl\u00ed\u010dov\u00fdch postav p\u0159i\u0161li pouze o Nathana Redmonda. Talentovan\u00fd, ale rovn\u011b\u017e prov\u011b\u0159en\u00fd k\u0159\u00eddeln\u00edk p\u0159estoupil za rekordn\u00edch \u00a311m do Southamptonu. Mana\u017eer Alex Neil sice nep\u0159ivedl k\u00fd\u017eenou posilu do \u00fatoku, kdy\u017e vytou\u017een\u00e9ho Rosse McCormacka nakonec ulovila Aston Villa, p\u0159esto se od \u00favodu ro\u010dn\u00edku Norwich dr\u017e\u00ed na \u010dele druh\u00e9 ligy. Aktu\u00e1ln\u011b tah\u00e1 s\u00e9rii t\u0159\u00ed v\u00fdher.<\/p>\n<p>Neil se soust\u0159ed\u00ed hlavn\u011b na ligu, av\u0161ak odm\u00edt\u00e1 vypustit v\u00fdjezd na Merseyside. P\u0159\u00edle\u017eitost by m\u011bli dostat mlad\u00edci a rovn\u011b\u017e b\u00fdval\u00ed Blues John Ruddy a Steven Naismith, zran\u011bn\u00ed jsou z\u00e1lo\u017en\u00edci Jarvis a Tettey. Norwich se bude sna\u017eit vylep\u0161it rok star\u00fd v\u00fdsledek z Goodisonu, kdy v\u00a04. kole Ligov\u00e9ho poh\u00e1ru vypadl po penaltov\u00e9m rozst\u0159elu.<\/p>\n<p><strong>Everton:<\/strong> Stekelenburg, Robles, Coleman, Holgate, Williams, Jagielka, Funes Mori, Oviedo, Baines, Gueye, Barry, Cleverley, Mirallas, Barkley, Bolasie, Lennon, Kon\u00e9, Deulofeu, Valencia.<\/p>\n<p><strong>Norwich City:<\/strong> McGovern, Ruddy, Bassong, Bennet, Klose, Martin, Olson, Pinto, Thompson, Whittaker, Brady, Can\u00f3s, Dorrans, Hoolahan, Howson, McGrandles, Mulumbu, Pritchard, Jerome, Lafferty, Murphy, Naismith, Oliveira.<\/p>\n<p><strong>Co:<\/strong> Everton FC &#8211; Norwich City FC, 3. kolo EFL Cup<br \/>\n<strong>Kdy:<\/strong> 20. 09. 2016 od 20:45 SE\u010c<br \/>\n<strong>Kde:<\/strong> Goodison Park, Liverpool (kapacita: 40 157)<br \/>\n<strong>Rozhod\u010d\u00ed:<\/strong> Robert Madley<\/p>\n<\/div>\n","protected":false},"excerpt":{"rendered":"<p>V repr\u00edze lo\u0148sk\u00e9ho podzimn\u00edho Ligov\u00e9ho poh\u00e1ru druh\u00fd t\u00fdm Premier League p\u0159iv\u00edt\u00e1 druh\u00fd t\u00fdm Championship. Postup se o\u010dek\u00e1v\u00e1 od prvoligisty, a\u010d bude postr\u00e1dat \u00fato\u010dn\u00e9 eso Romela Lukaka.<\/p>\n","protected":false},"author":6,"featured_media":16573,"comment_status":"open","ping_status":"closed","sticky":false,"template":"","format":"standard","meta":{"_eb_attr":"","_monsterinsights_skip_tracking":false,"_monsterinsights_sitenote_active":false,"_monsterinsights_sitenote_note":"","_monsterinsights_sitenote_category":0,"footnotes":""},"categories":[4],"tags":[],"yoast_head":"<!-- This site is optimized with the Yoast SEO plugin v23.4 - https:\/\/yoast.com\/wordpress\/plugins\/seo\/ -->\n<title>Preview: Everton - Norwich City - Official Czech &amp; Slovak Everton Supporters&#039; Club<\/title>\n<meta name=\"robots\" content=\"index, follow, max-snippet:-1, max-image-preview:large, max-video-preview:-1\" \/>\n<link rel=\"canonical\" href=\"https:\/\/evertonfc.cz\/index.php\/2016\/09\/19\/preview-everton-norwich-city\/\" \/>\n<meta property=\"og:locale\" content=\"cs_CZ\" \/>\n<meta property=\"og:type\" content=\"article\" \/>\n<meta property=\"og:title\" content=\"Preview: Everton - Norwich City - Official Czech &amp; Slovak Everton Supporters&#039; Club\" \/>\n<meta property=\"og:description\" content=\"V repr\u00edze lo\u0148sk\u00e9ho podzimn\u00edho Ligov\u00e9ho poh\u00e1ru druh\u00fd t\u00fdm Premier League p\u0159iv\u00edt\u00e1 druh\u00fd t\u00fdm Championship. Postup se o\u010dek\u00e1v\u00e1 od prvoligisty, a\u010d bude postr\u00e1dat \u00fato\u010dn\u00e9 eso Romela Lukaka.\" \/>\n<meta property=\"og:url\" content=\"https:\/\/evertonfc.cz\/index.php\/2016\/09\/19\/preview-everton-norwich-city\/\" \/>\n<meta property=\"og:site_name\" content=\"Official Czech &amp; Slovak Everton Supporters&#039; Club\" \/>\n<meta property=\"article:publisher\" content=\"https:\/\/www.facebook.com\/everton.fans.cz.sk\" \/>\n<meta property=\"article:published_time\" content=\"2016-09-19T17:51:51+00:00\" \/>\n<meta property=\"article:modified_time\" content=\"2021-09-27T11:29:07+00:00\" \/>\n<meta property=\"og:image\" content=\"https:\/\/evertonfc.cz\/wp-content\/uploads\/2021\/09\/Everton-VS-Norwich-City.png\" \/>\n\t<meta property=\"og:image:width\" content=\"720\" \/>\n\t<meta property=\"og:image:height\" content=\"405\" \/>\n\t<meta property=\"og:image:type\" content=\"image\/png\" \/>\n<meta name=\"author\" content=\"Ri\u010di\" \/>\n<meta name=\"twitter:card\" content=\"summary_large_image\" \/>\n<meta name=\"twitter:creator\" content=\"@rbrejsa\" \/>\n<meta name=\"twitter:label1\" content=\"Napsal(a)\" \/>\n\t<meta name=\"twitter:data1\" content=\"Ri\u010di\" \/>\n\t<meta name=\"twitter:label2\" content=\"Odhadovan\u00e1 doba \u010dten\u00ed\" \/>\n\t<meta name=\"twitter:data2\" content=\"3 minuty\" \/>\n<script type=\"application\/ld+json\" class=\"yoast-schema-graph\">{\"@context\":\"https:\/\/schema.org\",\"@graph\":[{\"@type\":\"Article\",\"@id\":\"https:\/\/evertonfc.cz\/index.php\/2016\/09\/19\/preview-everton-norwich-city\/#article\",\"isPartOf\":{\"@id\":\"https:\/\/evertonfc.cz\/index.php\/2016\/09\/19\/preview-everton-norwich-city\/\"},\"author\":{\"name\":\"Ri\u010di\",\"@id\":\"https:\/\/evertonfc.cz\/#\/schema\/person\/f7a5daedb2ffee98480bc70e191aaef1\"},\"headline\":\"Preview: Everton &#8211; Norwich City\",\"datePublished\":\"2016-09-19T17:51:51+00:00\",\"dateModified\":\"2021-09-27T11:29:07+00:00\",\"mainEntityOfPage\":{\"@id\":\"https:\/\/evertonfc.cz\/index.php\/2016\/09\/19\/preview-everton-norwich-city\/\"},\"wordCount\":591,\"commentCount\":0,\"publisher\":{\"@id\":\"https:\/\/evertonfc.cz\/#organization\"},\"image\":{\"@id\":\"https:\/\/evertonfc.cz\/index.php\/2016\/09\/19\/preview-everton-norwich-city\/#primaryimage\"},\"thumbnailUrl\":\"https:\/\/evertonfc.cz\/wp-content\/uploads\/2021\/09\/Everton-VS-Norwich-City.png\",\"articleSection\":[\"Z\u00e1pasy\"],\"inLanguage\":\"cs\",\"potentialAction\":[{\"@type\":\"CommentAction\",\"name\":\"Comment\",\"target\":[\"https:\/\/evertonfc.cz\/index.php\/2016\/09\/19\/preview-everton-norwich-city\/#respond\"]}]},{\"@type\":\"WebPage\",\"@id\":\"https:\/\/evertonfc.cz\/index.php\/2016\/09\/19\/preview-everton-norwich-city\/\",\"url\":\"https:\/\/evertonfc.cz\/index.php\/2016\/09\/19\/preview-everton-norwich-city\/\",\"name\":\"Preview: Everton - Norwich City - Official Czech &amp; Slovak Everton Supporters&#039; Club\",\"isPartOf\":{\"@id\":\"https:\/\/evertonfc.cz\/#website\"},\"primaryImageOfPage\":{\"@id\":\"https:\/\/evertonfc.cz\/index.php\/2016\/09\/19\/preview-everton-norwich-city\/#primaryimage\"},\"image\":{\"@id\":\"https:\/\/evertonfc.cz\/index.php\/2016\/09\/19\/preview-everton-norwich-city\/#primaryimage\"},\"thumbnailUrl\":\"https:\/\/evertonfc.cz\/wp-content\/uploads\/2021\/09\/Everton-VS-Norwich-City.png\",\"datePublished\":\"2016-09-19T17:51:51+00:00\",\"dateModified\":\"2021-09-27T11:29:07+00:00\",\"breadcrumb\":{\"@id\":\"https:\/\/evertonfc.cz\/index.php\/2016\/09\/19\/preview-everton-norwich-city\/#breadcrumb\"},\"inLanguage\":\"cs\",\"potentialAction\":[{\"@type\":\"ReadAction\",\"target\":[\"https:\/\/evertonfc.cz\/index.php\/2016\/09\/19\/preview-everton-norwich-city\/\"]}]},{\"@type\":\"ImageObject\",\"inLanguage\":\"cs\",\"@id\":\"https:\/\/evertonfc.cz\/index.php\/2016\/09\/19\/preview-everton-norwich-city\/#primaryimage\",\"url\":\"https:\/\/evertonfc.cz\/wp-content\/uploads\/2021\/09\/Everton-VS-Norwich-City.png\",\"contentUrl\":\"https:\/\/evertonfc.cz\/wp-content\/uploads\/2021\/09\/Everton-VS-Norwich-City.png\",\"width\":720,\"height\":405},{\"@type\":\"BreadcrumbList\",\"@id\":\"https:\/\/evertonfc.cz\/index.php\/2016\/09\/19\/preview-everton-norwich-city\/#breadcrumb\",\"itemListElement\":[{\"@type\":\"ListItem\",\"position\":1,\"name\":\"Home\",\"item\":\"https:\/\/evertonfc.cz\/\"},{\"@type\":\"ListItem\",\"position\":2,\"name\":\"Preview: Everton &#8211; Norwich City\"}]},{\"@type\":\"WebSite\",\"@id\":\"https:\/\/evertonfc.cz\/#website\",\"url\":\"https:\/\/evertonfc.cz\/\",\"name\":\"Official Czech &amp; Slovak Everton Supporters&#039; Club\",\"description\":\"\",\"publisher\":{\"@id\":\"https:\/\/evertonfc.cz\/#organization\"},\"potentialAction\":[{\"@type\":\"SearchAction\",\"target\":{\"@type\":\"EntryPoint\",\"urlTemplate\":\"https:\/\/evertonfc.cz\/?s={search_term_string}\"},\"query-input\":{\"@type\":\"PropertyValueSpecification\",\"valueRequired\":true,\"valueName\":\"search_term_string\"}}],\"inLanguage\":\"cs\"},{\"@type\":\"Organization\",\"@id\":\"https:\/\/evertonfc.cz\/#organization\",\"name\":\"Official Czech & Slovak Everton Supporters' Club\",\"url\":\"https:\/\/evertonfc.cz\/\",\"logo\":{\"@type\":\"ImageObject\",\"inLanguage\":\"cs\",\"@id\":\"https:\/\/evertonfc.cz\/#\/schema\/logo\/image\/\",\"url\":\"https:\/\/evertonfc.cz\/wp-content\/uploads\/2019\/05\/logo.png\",\"contentUrl\":\"https:\/\/evertonfc.cz\/wp-content\/uploads\/2019\/05\/logo.png\",\"width\":112,\"height\":112,\"caption\":\"Official Czech & Slovak Everton Supporters' Club\"},\"image\":{\"@id\":\"https:\/\/evertonfc.cz\/#\/schema\/logo\/image\/\"},\"sameAs\":[\"https:\/\/www.facebook.com\/everton.fans.cz.sk\"]},{\"@type\":\"Person\",\"@id\":\"https:\/\/evertonfc.cz\/#\/schema\/person\/f7a5daedb2ffee98480bc70e191aaef1\",\"name\":\"Ri\u010di\",\"sameAs\":[\"https:\/\/x.com\/rbrejsa\"],\"url\":\"https:\/\/evertonfc.cz\/index.php\/author\/rici\/\"}]}<\/script>\n<!-- \/ Yoast SEO plugin. -->","yoast_head_json":{"title":"Preview: Everton - Norwich City - Official Czech &amp; Slovak Everton Supporters&#039; Club","robots":{"index":"index","follow":"follow","max-snippet":"max-snippet:-1","max-image-preview":"max-image-preview:large","max-video-preview":"max-video-preview:-1"},"canonical":"https:\/\/evertonfc.cz\/index.php\/2016\/09\/19\/preview-everton-norwich-city\/","og_locale":"cs_CZ","og_type":"article","og_title":"Preview: Everton - Norwich City - Official Czech &amp; Slovak Everton Supporters&#039; Club","og_description":"V repr\u00edze lo\u0148sk\u00e9ho podzimn\u00edho Ligov\u00e9ho poh\u00e1ru druh\u00fd t\u00fdm Premier League p\u0159iv\u00edt\u00e1 druh\u00fd t\u00fdm Championship. Postup se o\u010dek\u00e1v\u00e1 od prvoligisty, a\u010d bude postr\u00e1dat \u00fato\u010dn\u00e9 eso Romela Lukaka.","og_url":"https:\/\/evertonfc.cz\/index.php\/2016\/09\/19\/preview-everton-norwich-city\/","og_site_name":"Official Czech &amp; Slovak Everton Supporters&#039; Club","article_publisher":"https:\/\/www.facebook.com\/everton.fans.cz.sk","article_published_time":"2016-09-19T17:51:51+00:00","article_modified_time":"2021-09-27T11:29:07+00:00","og_image":[{"width":720,"height":405,"url":"https:\/\/evertonfc.cz\/wp-content\/uploads\/2021\/09\/Everton-VS-Norwich-City.png","type":"image\/png"}],"author":"Ri\u010di","twitter_card":"summary_large_image","twitter_creator":"@rbrejsa","twitter_misc":{"Napsal(a)":"Ri\u010di","Odhadovan\u00e1 doba \u010dten\u00ed":"3 minuty"},"schema":{"@context":"https:\/\/schema.org","@graph":[{"@type":"Article","@id":"https:\/\/evertonfc.cz\/index.php\/2016\/09\/19\/preview-everton-norwich-city\/#article","isPartOf":{"@id":"https:\/\/evertonfc.cz\/index.php\/2016\/09\/19\/preview-everton-norwich-city\/"},"author":{"name":"Ri\u010di","@id":"https:\/\/evertonfc.cz\/#\/schema\/person\/f7a5daedb2ffee98480bc70e191aaef1"},"headline":"Preview: Everton &#8211; Norwich City","datePublished":"2016-09-19T17:51:51+00:00","dateModified":"2021-09-27T11:29:07+00:00","mainEntityOfPage":{"@id":"https:\/\/evertonfc.cz\/index.php\/2016\/09\/19\/preview-everton-norwich-city\/"},"wordCount":591,"commentCount":0,"publisher":{"@id":"https:\/\/evertonfc.cz\/#organization"},"image":{"@id":"https:\/\/evertonfc.cz\/index.php\/2016\/09\/19\/preview-everton-norwich-city\/#primaryimage"},"thumbnailUrl":"https:\/\/evertonfc.cz\/wp-content\/uploads\/2021\/09\/Everton-VS-Norwich-City.png","articleSection":["Z\u00e1pasy"],"inLanguage":"cs","potentialAction":[{"@type":"CommentAction","name":"Comment","target":["https:\/\/evertonfc.cz\/index.php\/2016\/09\/19\/preview-everton-norwich-city\/#respond"]}]},{"@type":"WebPage","@id":"https:\/\/evertonfc.cz\/index.php\/2016\/09\/19\/preview-everton-norwich-city\/","url":"https:\/\/evertonfc.cz\/index.php\/2016\/09\/19\/preview-everton-norwich-city\/","name":"Preview: Everton - Norwich City - Official Czech &amp; Slovak Everton Supporters&#039; Club","isPartOf":{"@id":"https:\/\/evertonfc.cz\/#website"},"primaryImageOfPage":{"@id":"https:\/\/evertonfc.cz\/index.php\/2016\/09\/19\/preview-everton-norwich-city\/#primaryimage"},"image":{"@id":"https:\/\/evertonfc.cz\/index.php\/2016\/09\/19\/preview-everton-norwich-city\/#primaryimage"},"thumbnailUrl":"https:\/\/evertonfc.cz\/wp-content\/uploads\/2021\/09\/Everton-VS-Norwich-City.png","datePublished":"2016-09-19T17:51:51+00:00","dateModified":"2021-09-27T11:29:07+00:00","breadcrumb":{"@id":"https:\/\/evertonfc.cz\/index.php\/2016\/09\/19\/preview-everton-norwich-city\/#breadcrumb"},"inLanguage":"cs","potentialAction":[{"@type":"ReadAction","target":["https:\/\/evertonfc.cz\/index.php\/2016\/09\/19\/preview-everton-norwich-city\/"]}]},{"@type":"ImageObject","inLanguage":"cs","@id":"https:\/\/evertonfc.cz\/index.php\/2016\/09\/19\/preview-everton-norwich-city\/#primaryimage","url":"https:\/\/evertonfc.cz\/wp-content\/uploads\/2021\/09\/Everton-VS-Norwich-City.png","contentUrl":"https:\/\/evertonfc.cz\/wp-content\/uploads\/2021\/09\/Everton-VS-Norwich-City.png","width":720,"height":405},{"@type":"BreadcrumbList","@id":"https:\/\/evertonfc.cz\/index.php\/2016\/09\/19\/preview-everton-norwich-city\/#breadcrumb","itemListElement":[{"@type":"ListItem","position":1,"name":"Home","item":"https:\/\/evertonfc.cz\/"},{"@type":"ListItem","position":2,"name":"Preview: Everton &#8211; Norwich City"}]},{"@type":"WebSite","@id":"https:\/\/evertonfc.cz\/#website","url":"https:\/\/evertonfc.cz\/","name":"Official Czech &amp; Slovak Everton Supporters&#039; Club","description":"","publisher":{"@id":"https:\/\/evertonfc.cz\/#organization"},"potentialAction":[{"@type":"SearchAction","target":{"@type":"EntryPoint","urlTemplate":"https:\/\/evertonfc.cz\/?s={search_term_string}"},"query-input":{"@type":"PropertyValueSpecification","valueRequired":true,"valueName":"search_term_string"}}],"inLanguage":"cs"},{"@type":"Organization","@id":"https:\/\/evertonfc.cz\/#organization","name":"Official Czech & Slovak Everton Supporters' Club","url":"https:\/\/evertonfc.cz\/","logo":{"@type":"ImageObject","inLanguage":"cs","@id":"https:\/\/evertonfc.cz\/#\/schema\/logo\/image\/","url":"https:\/\/evertonfc.cz\/wp-content\/uploads\/2019\/05\/logo.png","contentUrl":"https:\/\/evertonfc.cz\/wp-content\/uploads\/2019\/05\/logo.png","width":112,"height":112,"caption":"Official Czech & Slovak Everton Supporters' Club"},"image":{"@id":"https:\/\/evertonfc.cz\/#\/schema\/logo\/image\/"},"sameAs":["https:\/\/www.facebook.com\/everton.fans.cz.sk"]},{"@type":"Person","@id":"https:\/\/evertonfc.cz\/#\/schema\/person\/f7a5daedb2ffee98480bc70e191aaef1","name":"Ri\u010di","sameAs":["https:\/\/x.com\/rbrejsa"],"url":"https:\/\/evertonfc.cz\/index.php\/author\/rici\/"}]}},"_links":{"self":[{"href":"https:\/\/evertonfc.cz\/index.php\/wp-json\/wp\/v2\/posts\/3520"}],"collection":[{"href":"https:\/\/evertonfc.cz\/index.php\/wp-json\/wp\/v2\/posts"}],"about":[{"href":"https:\/\/evertonfc.cz\/index.php\/wp-json\/wp\/v2\/types\/post"}],"author":[{"embeddable":true,"href":"https:\/\/evertonfc.cz\/index.php\/wp-json\/wp\/v2\/users\/6"}],"replies":[{"embeddable":true,"href":"https:\/\/evertonfc.cz\/index.php\/wp-json\/wp\/v2\/comments?post=3520"}],"version-history":[{"count":3,"href":"https:\/\/evertonfc.cz\/index.php\/wp-json\/wp\/v2\/posts\/3520\/revisions"}],"predecessor-version":[{"id":16630,"href":"https:\/\/evertonfc.cz\/index.php\/wp-json\/wp\/v2\/posts\/3520\/revisions\/16630"}],"wp:featuredmedia":[{"embeddable":true,"href":"https:\/\/evertonfc.cz\/index.php\/wp-json\/wp\/v2\/media\/16573"}],"wp:attachment":[{"href":"https:\/\/evertonfc.cz\/index.php\/wp-json\/wp\/v2\/media?parent=3520"}],"wp:term":[{"taxonomy":"category","embeddable":true,"href":"https:\/\/evertonfc.cz\/index.php\/wp-json\/wp\/v2\/categories?post=3520"},{"taxonomy":"post_tag","embeddable":true,"href":"https:\/\/evertonfc.cz\/index.php\/wp-json\/wp\/v2\/tags?post=3520"}],"curies":[{"name":"wp","href":"https:\/\/api.w.org\/{rel}","templated":true}]}}