{"id":3530,"date":"2016-09-10T20:01:35","date_gmt":"2016-09-10T18:01:35","guid":{"rendered":"http:\/\/evertonfc.cz\/?p=3530"},"modified":"2024-11-02T13:37:55","modified_gmt":"2024-11-02T12:37:55","slug":"preview-sunderland-everton-2","status":"publish","type":"post","link":"https:\/\/evertonfc.cz\/index.php\/2016\/09\/10\/preview-sunderland-everton-2\/","title":{"rendered":"Preview: Sunderland &#8211; Everton"},"content":{"rendered":"<h4 id=\"NewsPostDetailSummary\">Prvn\u00ed televizn\u00ed z\u00e1pas pro Everton v t\u00e9to ligov\u00e9 sez\u00f3n\u011b &#8211; a hned v hlavn\u00edm vys\u00edlac\u00edm \u010dase. P\u0159i v\u00fdjezdu na severov\u00fdchod zem\u011b potkaj\u00ed karamelky zn\u00e1m\u00e9 tv\u00e1\u0159e. Hlavn\u00edm c\u00edlem sna\u017een\u00ed bude samoz\u0159ejm\u011b p\u0159iv\u00e9zt t\u0159i body, a tak pokra\u010dovat ve skv\u011bl\u00e9m startu. Nem\u011blo by to b\u00fdti nic ne\u0159e\u0161iteln\u00e9ho, dom\u00e1c\u00ed je\u0161t\u011b v lize nevyhr\u00e1li a jsou na p\u0159edposledn\u00edm m\u00edst\u011b.<\/h4>\n<div id=\"NewsPostDetailContent\">\n<p>Sunderland v minul\u00e9 sez\u00f3n\u011b op\u011bt hr\u00e1l o sestup a jako obvykle se zachr\u00e1nil (na rozd\u00edl od sv\u00fdch nejv\u011bt\u0161\u00edch rival\u016f z Newcastlu). Tentokr\u00e1t se ale d\u011bly zm\u011bny v l\u00e9t\u011b. Jak\u00e9? Nov\u00fdm mana\u017eerem klubu se stal b\u00fdval\u00fd mana\u017eer Toffees. Nyn\u00ed jist\u011b v\u011bd\u00ed i jin\u00ed, ne\u017e mod\u0159\u00ed, \u017ee p\u00ed\u0161u o Moyesovi. Ten m\u00e1 se zachra\u0148ov\u00e1n\u00edm klub\u016f v lize zku\u0161enosti. Ale jak ji\u017e p\u00ed\u0161i v perexu, start nevy\u0161el, m\u00edrn\u011b \u0159e\u010deno.<\/p>\n<p>Co se tedy stalo na hr\u00e1\u010dsk\u00e9 front\u011b? I rozhl\u00e9dl se ry\u0161av\u00fd Skot a zjistil, \u017ee dva jeho b\u00fdval\u00ed hr\u00e1\u010di nemaj\u00ed smlouvu (t\u0159et\u00edm do party je Rodwell, ale v jeho p\u0159estupu nem\u00e1 prsty, toho zd\u011bdil jako sou\u010d\u00e1st k\u00e1dru). Je jist\u011b pouze shodou n\u00e1hodn\u00fdch okolnost\u00ed, \u017ee oba obl\u00e9kali dres Evertonu v dob\u011b, kdy tam p\u016fsobil:-))) Anichebe a Pienaar na laso ze Sunderlandu k\u00fdvli, pokra\u010duj\u00ed tak v kari\u00e9\u0159e v PL. A \u017ee zrovna v \u00fatoku tla\u010d\u00ed Rokerites bota, se v\u00ed. Dlouhodob\u00e1 bolest.. Nigerijsk\u00fd hro\u0165\u00e1k ale nab\u00edr\u00e1 kondici a z\u0159ejm\u011b v pond\u011bl\u00ed nebude ani na lavi\u010dce. Pos\u00edl\u00e1n\u00ed m\u00ed\u010d\u016f do Stekelenburgovy s\u00edt\u011b tak bude m\u00edt na starost Defoe a pozor si mus\u00ed d\u00e1t obrana Evertonu i na \u0161ikovn\u00e9ho z\u00e1lo\u017en\u00edka Januzaje, kter\u00fd v klubu hostuje z Man U.<\/p>\n<p>Vylou\u010den je start Mannoneho (loket), Larssona (koleno), Cattermolea (k\u00fdla) a Boriniho (t\u0159\u00edslo). Pokra\u010dovat v kari\u00e9\u0159e, kter\u00e1 je na startu, m\u016f\u017ee Denayer a Kirchhoff ji\u017e tak\u00e9 vyl\u00e9\u010dil sv\u00e9 zran\u011bn\u00e9 stehno.<\/p>\n<p>B\u011bhem t\u00fddne p\u0159i\u0161ly do Evertonu dv\u011b dobr\u00e9 zpr\u00e1vy. Lukaku si pos\u00edlil st\u0159eleck\u00e9 sebev\u011bdom\u00ed dv\u011bma trefami v reprezentaci do s\u00edt\u011b Kypru (Belgie vyhr\u00e1la 3:0, \u010d\u00edm\u017e ud\u011blal jist\u011b radost i sv\u00e9mu n\u00e1rodn\u00edmu nad\u0159\u00edzen\u00e9mu Martinezovi) a Coleman se ji\u017e tak\u00e9 uzdravil, dokonce d\u011blal irsk\u00e9 reprezentaci kapit\u00e1na p\u0159i utk\u00e1n\u00ed v Srbsku, odkud hr\u00e1\u010di zelen\u00e9ho ostrova p\u0159ivezli cennou rem\u00edzu 2:2. Obrana by tak mohla nastoupit v nejsiln\u011bj\u0161\u00edm slo\u017een\u00ed, co\u017e by jist\u011b znamenalo, \u017ee Holgate si sedne od za\u010d\u00e1tku na lavi\u010dku.<\/p>\n<p>A koho budou Toffees postr\u00e1dat? Ur\u010dit\u011b nebude hr\u00e1t McCarthy, kter\u00e9mu muselo b\u00fdt operov\u00e1no t\u0159\u00edslo. D\u00e9lka jeho absence je odhadnuta na cel\u00e9 z\u00e1\u0159\u00ed. Jeho budoucnost v Evertonu je ale nejist\u00e1, spekulovalo se o jeho hostov\u00e1n\u00ed v Crystal Palace. Uvid\u00edme&#8230; Dlouhodob\u011b mimo hru je Be\u0161i\u0107, naopak u\u017e se uzdravili Cleverley a Gibson. Samoz\u0159ejm\u011b m\u016f\u017ee ke sv\u00e9mu debutu za Everton nastoupit Valencia.<\/p>\n<p>Utk\u00e1n\u00ed vys\u00edl\u00e1 p\u0159\u00edm\u00fdm p\u0159enosem stanice Digi sport 1.<\/p>\n<p><strong>Co:<\/strong> Sunderland AFC &#8211; Everton FC, 4. kolo Premier League<br \/>\n<strong>Kdy:<\/strong> 12. 9. 2016 od 21:00 SE\u010c<br \/>\n<strong>Kde:<\/strong> Stadium of Light,\u00a0Portobello Lane, Sunderland (kapacita: 49 000)<br \/>\n<strong>Rozhod\u010d\u00ed:<\/strong> Mike Jones<\/p>\n<\/div>\n","protected":false},"excerpt":{"rendered":"<p>Prvn\u00ed televizn\u00ed z\u00e1pas pro Everton v t\u00e9to ligov\u00e9 sez\u00f3n\u011b &#8211; a hned v hlavn\u00edm vys\u00edlac\u00edm \u010dase. P\u0159i v\u00fdjezdu na severov\u00fdchod&hellip;<\/p>\n","protected":false},"author":12,"featured_media":25541,"comment_status":"open","ping_status":"closed","sticky":false,"template":"","format":"standard","meta":{"_eb_attr":"","_monsterinsights_skip_tracking":false,"_monsterinsights_sitenote_active":false,"_monsterinsights_sitenote_note":"","_monsterinsights_sitenote_category":0,"footnotes":""},"categories":[4],"tags":[],"yoast_head":"<!-- This site is optimized with the Yoast SEO plugin v23.4 - https:\/\/yoast.com\/wordpress\/plugins\/seo\/ -->\n<title>Preview: Sunderland - Everton - Official Czech &amp; Slovak Everton Supporters&#039; Club<\/title>\n<meta name=\"robots\" content=\"index, follow, max-snippet:-1, max-image-preview:large, max-video-preview:-1\" \/>\n<link rel=\"canonical\" href=\"https:\/\/evertonfc.cz\/index.php\/2016\/09\/10\/preview-sunderland-everton-2\/\" \/>\n<meta property=\"og:locale\" content=\"cs_CZ\" \/>\n<meta property=\"og:type\" content=\"article\" \/>\n<meta property=\"og:title\" content=\"Preview: Sunderland - Everton - Official Czech &amp; Slovak Everton Supporters&#039; Club\" \/>\n<meta property=\"og:description\" content=\"Prvn\u00ed televizn\u00ed z\u00e1pas pro Everton v t\u00e9to ligov\u00e9 sez\u00f3n\u011b &#8211; a hned v hlavn\u00edm vys\u00edlac\u00edm \u010dase. P\u0159i v\u00fdjezdu na severov\u00fdchod&hellip;\" \/>\n<meta property=\"og:url\" content=\"https:\/\/evertonfc.cz\/index.php\/2016\/09\/10\/preview-sunderland-everton-2\/\" \/>\n<meta property=\"og:site_name\" content=\"Official Czech &amp; Slovak Everton Supporters&#039; Club\" \/>\n<meta property=\"article:publisher\" content=\"https:\/\/www.facebook.com\/everton.fans.cz.sk\" \/>\n<meta property=\"article:published_time\" content=\"2016-09-10T18:01:35+00:00\" \/>\n<meta property=\"article:modified_time\" content=\"2024-11-02T12:37:55+00:00\" \/>\n<meta property=\"og:image\" content=\"https:\/\/evertonfc.cz\/wp-content\/uploads\/2024\/11\/Sunderland-VS-Everton.png\" \/>\n\t<meta property=\"og:image:width\" content=\"720\" \/>\n\t<meta property=\"og:image:height\" content=\"405\" \/>\n\t<meta property=\"og:image:type\" content=\"image\/png\" \/>\n<meta name=\"author\" content=\"Javor\" \/>\n<meta name=\"twitter:card\" content=\"summary_large_image\" \/>\n<meta name=\"twitter:creator\" content=\"@LoudinJan\" \/>\n<meta name=\"twitter:label1\" content=\"Napsal(a)\" \/>\n\t<meta name=\"twitter:data1\" content=\"Javor\" \/>\n\t<meta name=\"twitter:label2\" content=\"Odhadovan\u00e1 doba \u010dten\u00ed\" \/>\n\t<meta name=\"twitter:data2\" content=\"3 minuty\" \/>\n<script type=\"application\/ld+json\" class=\"yoast-schema-graph\">{\"@context\":\"https:\/\/schema.org\",\"@graph\":[{\"@type\":\"Article\",\"@id\":\"https:\/\/evertonfc.cz\/index.php\/2016\/09\/10\/preview-sunderland-everton-2\/#article\",\"isPartOf\":{\"@id\":\"https:\/\/evertonfc.cz\/index.php\/2016\/09\/10\/preview-sunderland-everton-2\/\"},\"author\":{\"name\":\"Javor\",\"@id\":\"https:\/\/evertonfc.cz\/#\/schema\/person\/b30daf6a5852f4811f8207a17ec1bf78\"},\"headline\":\"Preview: Sunderland &#8211; Everton\",\"datePublished\":\"2016-09-10T18:01:35+00:00\",\"dateModified\":\"2024-11-02T12:37:55+00:00\",\"mainEntityOfPage\":{\"@id\":\"https:\/\/evertonfc.cz\/index.php\/2016\/09\/10\/preview-sunderland-everton-2\/\"},\"wordCount\":586,\"commentCount\":0,\"publisher\":{\"@id\":\"https:\/\/evertonfc.cz\/#organization\"},\"image\":{\"@id\":\"https:\/\/evertonfc.cz\/index.php\/2016\/09\/10\/preview-sunderland-everton-2\/#primaryimage\"},\"thumbnailUrl\":\"https:\/\/evertonfc.cz\/wp-content\/uploads\/2024\/11\/Sunderland-VS-Everton.png\",\"articleSection\":[\"Z\u00e1pasy\"],\"inLanguage\":\"cs\",\"potentialAction\":[{\"@type\":\"CommentAction\",\"name\":\"Comment\",\"target\":[\"https:\/\/evertonfc.cz\/index.php\/2016\/09\/10\/preview-sunderland-everton-2\/#respond\"]}]},{\"@type\":\"WebPage\",\"@id\":\"https:\/\/evertonfc.cz\/index.php\/2016\/09\/10\/preview-sunderland-everton-2\/\",\"url\":\"https:\/\/evertonfc.cz\/index.php\/2016\/09\/10\/preview-sunderland-everton-2\/\",\"name\":\"Preview: Sunderland - Everton - Official Czech &amp; Slovak Everton Supporters&#039; Club\",\"isPartOf\":{\"@id\":\"https:\/\/evertonfc.cz\/#website\"},\"primaryImageOfPage\":{\"@id\":\"https:\/\/evertonfc.cz\/index.php\/2016\/09\/10\/preview-sunderland-everton-2\/#primaryimage\"},\"image\":{\"@id\":\"https:\/\/evertonfc.cz\/index.php\/2016\/09\/10\/preview-sunderland-everton-2\/#primaryimage\"},\"thumbnailUrl\":\"https:\/\/evertonfc.cz\/wp-content\/uploads\/2024\/11\/Sunderland-VS-Everton.png\",\"datePublished\":\"2016-09-10T18:01:35+00:00\",\"dateModified\":\"2024-11-02T12:37:55+00:00\",\"breadcrumb\":{\"@id\":\"https:\/\/evertonfc.cz\/index.php\/2016\/09\/10\/preview-sunderland-everton-2\/#breadcrumb\"},\"inLanguage\":\"cs\",\"potentialAction\":[{\"@type\":\"ReadAction\",\"target\":[\"https:\/\/evertonfc.cz\/index.php\/2016\/09\/10\/preview-sunderland-everton-2\/\"]}]},{\"@type\":\"ImageObject\",\"inLanguage\":\"cs\",\"@id\":\"https:\/\/evertonfc.cz\/index.php\/2016\/09\/10\/preview-sunderland-everton-2\/#primaryimage\",\"url\":\"https:\/\/evertonfc.cz\/wp-content\/uploads\/2024\/11\/Sunderland-VS-Everton.png\",\"contentUrl\":\"https:\/\/evertonfc.cz\/wp-content\/uploads\/2024\/11\/Sunderland-VS-Everton.png\",\"width\":720,\"height\":405},{\"@type\":\"BreadcrumbList\",\"@id\":\"https:\/\/evertonfc.cz\/index.php\/2016\/09\/10\/preview-sunderland-everton-2\/#breadcrumb\",\"itemListElement\":[{\"@type\":\"ListItem\",\"position\":1,\"name\":\"Home\",\"item\":\"https:\/\/evertonfc.cz\/\"},{\"@type\":\"ListItem\",\"position\":2,\"name\":\"Preview: Sunderland &#8211; Everton\"}]},{\"@type\":\"WebSite\",\"@id\":\"https:\/\/evertonfc.cz\/#website\",\"url\":\"https:\/\/evertonfc.cz\/\",\"name\":\"Official Czech &amp; Slovak Everton Supporters&#039; Club\",\"description\":\"\",\"publisher\":{\"@id\":\"https:\/\/evertonfc.cz\/#organization\"},\"potentialAction\":[{\"@type\":\"SearchAction\",\"target\":{\"@type\":\"EntryPoint\",\"urlTemplate\":\"https:\/\/evertonfc.cz\/?s={search_term_string}\"},\"query-input\":{\"@type\":\"PropertyValueSpecification\",\"valueRequired\":true,\"valueName\":\"search_term_string\"}}],\"inLanguage\":\"cs\"},{\"@type\":\"Organization\",\"@id\":\"https:\/\/evertonfc.cz\/#organization\",\"name\":\"Official Czech & Slovak Everton Supporters' Club\",\"url\":\"https:\/\/evertonfc.cz\/\",\"logo\":{\"@type\":\"ImageObject\",\"inLanguage\":\"cs\",\"@id\":\"https:\/\/evertonfc.cz\/#\/schema\/logo\/image\/\",\"url\":\"https:\/\/evertonfc.cz\/wp-content\/uploads\/2019\/05\/logo.png\",\"contentUrl\":\"https:\/\/evertonfc.cz\/wp-content\/uploads\/2019\/05\/logo.png\",\"width\":112,\"height\":112,\"caption\":\"Official Czech & Slovak Everton Supporters' Club\"},\"image\":{\"@id\":\"https:\/\/evertonfc.cz\/#\/schema\/logo\/image\/\"},\"sameAs\":[\"https:\/\/www.facebook.com\/everton.fans.cz.sk\"]},{\"@type\":\"Person\",\"@id\":\"https:\/\/evertonfc.cz\/#\/schema\/person\/b30daf6a5852f4811f8207a17ec1bf78\",\"name\":\"Javor\",\"sameAs\":[\"https:\/\/x.com\/LoudinJan\"],\"url\":\"https:\/\/evertonfc.cz\/index.php\/author\/javor\/\"}]}<\/script>\n<!-- \/ Yoast SEO plugin. -->","yoast_head_json":{"title":"Preview: Sunderland - Everton - Official Czech &amp; Slovak Everton Supporters&#039; Club","robots":{"index":"index","follow":"follow","max-snippet":"max-snippet:-1","max-image-preview":"max-image-preview:large","max-video-preview":"max-video-preview:-1"},"canonical":"https:\/\/evertonfc.cz\/index.php\/2016\/09\/10\/preview-sunderland-everton-2\/","og_locale":"cs_CZ","og_type":"article","og_title":"Preview: Sunderland - Everton - Official Czech &amp; Slovak Everton Supporters&#039; Club","og_description":"Prvn\u00ed televizn\u00ed z\u00e1pas pro Everton v t\u00e9to ligov\u00e9 sez\u00f3n\u011b &#8211; a hned v hlavn\u00edm vys\u00edlac\u00edm \u010dase. P\u0159i v\u00fdjezdu na severov\u00fdchod&hellip;","og_url":"https:\/\/evertonfc.cz\/index.php\/2016\/09\/10\/preview-sunderland-everton-2\/","og_site_name":"Official Czech &amp; Slovak Everton Supporters&#039; Club","article_publisher":"https:\/\/www.facebook.com\/everton.fans.cz.sk","article_published_time":"2016-09-10T18:01:35+00:00","article_modified_time":"2024-11-02T12:37:55+00:00","og_image":[{"width":720,"height":405,"url":"https:\/\/evertonfc.cz\/wp-content\/uploads\/2024\/11\/Sunderland-VS-Everton.png","type":"image\/png"}],"author":"Javor","twitter_card":"summary_large_image","twitter_creator":"@LoudinJan","twitter_misc":{"Napsal(a)":"Javor","Odhadovan\u00e1 doba \u010dten\u00ed":"3 minuty"},"schema":{"@context":"https:\/\/schema.org","@graph":[{"@type":"Article","@id":"https:\/\/evertonfc.cz\/index.php\/2016\/09\/10\/preview-sunderland-everton-2\/#article","isPartOf":{"@id":"https:\/\/evertonfc.cz\/index.php\/2016\/09\/10\/preview-sunderland-everton-2\/"},"author":{"name":"Javor","@id":"https:\/\/evertonfc.cz\/#\/schema\/person\/b30daf6a5852f4811f8207a17ec1bf78"},"headline":"Preview: Sunderland &#8211; Everton","datePublished":"2016-09-10T18:01:35+00:00","dateModified":"2024-11-02T12:37:55+00:00","mainEntityOfPage":{"@id":"https:\/\/evertonfc.cz\/index.php\/2016\/09\/10\/preview-sunderland-everton-2\/"},"wordCount":586,"commentCount":0,"publisher":{"@id":"https:\/\/evertonfc.cz\/#organization"},"image":{"@id":"https:\/\/evertonfc.cz\/index.php\/2016\/09\/10\/preview-sunderland-everton-2\/#primaryimage"},"thumbnailUrl":"https:\/\/evertonfc.cz\/wp-content\/uploads\/2024\/11\/Sunderland-VS-Everton.png","articleSection":["Z\u00e1pasy"],"inLanguage":"cs","potentialAction":[{"@type":"CommentAction","name":"Comment","target":["https:\/\/evertonfc.cz\/index.php\/2016\/09\/10\/preview-sunderland-everton-2\/#respond"]}]},{"@type":"WebPage","@id":"https:\/\/evertonfc.cz\/index.php\/2016\/09\/10\/preview-sunderland-everton-2\/","url":"https:\/\/evertonfc.cz\/index.php\/2016\/09\/10\/preview-sunderland-everton-2\/","name":"Preview: Sunderland - Everton - Official Czech &amp; Slovak Everton Supporters&#039; Club","isPartOf":{"@id":"https:\/\/evertonfc.cz\/#website"},"primaryImageOfPage":{"@id":"https:\/\/evertonfc.cz\/index.php\/2016\/09\/10\/preview-sunderland-everton-2\/#primaryimage"},"image":{"@id":"https:\/\/evertonfc.cz\/index.php\/2016\/09\/10\/preview-sunderland-everton-2\/#primaryimage"},"thumbnailUrl":"https:\/\/evertonfc.cz\/wp-content\/uploads\/2024\/11\/Sunderland-VS-Everton.png","datePublished":"2016-09-10T18:01:35+00:00","dateModified":"2024-11-02T12:37:55+00:00","breadcrumb":{"@id":"https:\/\/evertonfc.cz\/index.php\/2016\/09\/10\/preview-sunderland-everton-2\/#breadcrumb"},"inLanguage":"cs","potentialAction":[{"@type":"ReadAction","target":["https:\/\/evertonfc.cz\/index.php\/2016\/09\/10\/preview-sunderland-everton-2\/"]}]},{"@type":"ImageObject","inLanguage":"cs","@id":"https:\/\/evertonfc.cz\/index.php\/2016\/09\/10\/preview-sunderland-everton-2\/#primaryimage","url":"https:\/\/evertonfc.cz\/wp-content\/uploads\/2024\/11\/Sunderland-VS-Everton.png","contentUrl":"https:\/\/evertonfc.cz\/wp-content\/uploads\/2024\/11\/Sunderland-VS-Everton.png","width":720,"height":405},{"@type":"BreadcrumbList","@id":"https:\/\/evertonfc.cz\/index.php\/2016\/09\/10\/preview-sunderland-everton-2\/#breadcrumb","itemListElement":[{"@type":"ListItem","position":1,"name":"Home","item":"https:\/\/evertonfc.cz\/"},{"@type":"ListItem","position":2,"name":"Preview: Sunderland &#8211; Everton"}]},{"@type":"WebSite","@id":"https:\/\/evertonfc.cz\/#website","url":"https:\/\/evertonfc.cz\/","name":"Official Czech &amp; Slovak Everton Supporters&#039; Club","description":"","publisher":{"@id":"https:\/\/evertonfc.cz\/#organization"},"potentialAction":[{"@type":"SearchAction","target":{"@type":"EntryPoint","urlTemplate":"https:\/\/evertonfc.cz\/?s={search_term_string}"},"query-input":{"@type":"PropertyValueSpecification","valueRequired":true,"valueName":"search_term_string"}}],"inLanguage":"cs"},{"@type":"Organization","@id":"https:\/\/evertonfc.cz\/#organization","name":"Official Czech & Slovak Everton Supporters' Club","url":"https:\/\/evertonfc.cz\/","logo":{"@type":"ImageObject","inLanguage":"cs","@id":"https:\/\/evertonfc.cz\/#\/schema\/logo\/image\/","url":"https:\/\/evertonfc.cz\/wp-content\/uploads\/2019\/05\/logo.png","contentUrl":"https:\/\/evertonfc.cz\/wp-content\/uploads\/2019\/05\/logo.png","width":112,"height":112,"caption":"Official Czech & Slovak Everton Supporters' Club"},"image":{"@id":"https:\/\/evertonfc.cz\/#\/schema\/logo\/image\/"},"sameAs":["https:\/\/www.facebook.com\/everton.fans.cz.sk"]},{"@type":"Person","@id":"https:\/\/evertonfc.cz\/#\/schema\/person\/b30daf6a5852f4811f8207a17ec1bf78","name":"Javor","sameAs":["https:\/\/x.com\/LoudinJan"],"url":"https:\/\/evertonfc.cz\/index.php\/author\/javor\/"}]}},"_links":{"self":[{"href":"https:\/\/evertonfc.cz\/index.php\/wp-json\/wp\/v2\/posts\/3530"}],"collection":[{"href":"https:\/\/evertonfc.cz\/index.php\/wp-json\/wp\/v2\/posts"}],"about":[{"href":"https:\/\/evertonfc.cz\/index.php\/wp-json\/wp\/v2\/types\/post"}],"author":[{"embeddable":true,"href":"https:\/\/evertonfc.cz\/index.php\/wp-json\/wp\/v2\/users\/12"}],"replies":[{"embeddable":true,"href":"https:\/\/evertonfc.cz\/index.php\/wp-json\/wp\/v2\/comments?post=3530"}],"version-history":[{"count":1,"href":"https:\/\/evertonfc.cz\/index.php\/wp-json\/wp\/v2\/posts\/3530\/revisions"}],"predecessor-version":[{"id":3531,"href":"https:\/\/evertonfc.cz\/index.php\/wp-json\/wp\/v2\/posts\/3530\/revisions\/3531"}],"wp:featuredmedia":[{"embeddable":true,"href":"https:\/\/evertonfc.cz\/index.php\/wp-json\/wp\/v2\/media\/25541"}],"wp:attachment":[{"href":"https:\/\/evertonfc.cz\/index.php\/wp-json\/wp\/v2\/media?parent=3530"}],"wp:term":[{"taxonomy":"category","embeddable":true,"href":"https:\/\/evertonfc.cz\/index.php\/wp-json\/wp\/v2\/categories?post=3530"},{"taxonomy":"post_tag","embeddable":true,"href":"https:\/\/evertonfc.cz\/index.php\/wp-json\/wp\/v2\/tags?post=3530"}],"curies":[{"name":"wp","href":"https:\/\/api.w.org\/{rel}","templated":true}]}}