{"id":3533,"date":"2016-09-08T20:04:17","date_gmt":"2016-09-08T18:04:17","guid":{"rendered":"http:\/\/evertonfc.cz\/?p=3533"},"modified":"2019-02-11T20:33:18","modified_gmt":"2019-02-11T19:33:18","slug":"profil-remberto-lastra","status":"publish","type":"post","link":"https:\/\/evertonfc.cz\/index.php\/2016\/09\/08\/profil-remberto-lastra\/","title":{"rendered":"Profil: Remberto Lastra"},"content":{"rendered":"<h4 id=\"NewsPostDetailSummary\">Neviete kto to je? V ju\u017enej Amerike zn\u00e1my aj ako Superman. Nie, nerob\u00edm si srandu&#8230; St\u00e1le ni\u010d? Dobre, rozpovedzme si aj posledn\u00fd pr\u00edbeh letn\u00fdch pos\u00edl Goodison Parku.<\/h4>\n<div id=\"NewsPostDetailContent\">\n<p>Aby som dlho nanap\u00ednal, pod\u013ea \u0161panielskych zvykov pomenovania v Ekv\u00e1dore, Remberto je krstn\u00e9 meno po otcovi a Lastra rodn\u00e9 priezvisko z matkinej strany &#8211; v celom znen\u00ed Enner Remberto Valencia Lastra. Jedin\u00e1 posila z tak o\u010dak\u00e1van\u00e9ho DeadLine Day. K tomuto menu sa dostal pred skoro 27 rokmi, presnej\u0161ie 4.novembra 1989. Pokia\u013e sa V\u00e1m sp\u00e1ja len s West Hamom, viete toho m\u00e1lo.<\/p>\n<p>Nov\u00fd nosite\u013e \u010d\u00edsla 19 za\u010dal p\u00edsa\u0165 svoj pr\u00edbeh v San Lorenze, \u010do je hlavn\u00e9 mesto kant\u00f3ny (rozumej okresu) rovnak\u00e9ho mena, patriacej do provincie Esmeraldas. T\u00e1to oblas\u0165 je v tesnej bl\u00edzkosti hran\u00edc s Kolumbiou, rovnako ako aj dedinka Ricaurte, kde moment\u00e1lne \u017eije jeho rodina a starostlivo upiera zrak na syna v telev\u00edzi\u00ed. Sen pre mnoh\u00fdch rodi\u010dov a celkom ir\u00f3nia vzh\u013eadom na to, \u017ee to boli pr\u00e1ve oni, kto odhov\u00e1rali syna od honby gu\u013eat\u00e9ho nezmyslu. Vlastne&#8230; nebol v\u017edy tak\u00fd gu\u013eat\u00fd. Enner je presne ten typ juhoamerick\u00e9ho chlapca s detstvom pre\u017eit\u00fdm v chudobe, ak\u00fdch by ste vo svete futbalu na\u0161li ne\u00farekom. Ako mal\u00fd chodil po za \u0161kolu, len aby si mohol zakopa\u0165 \u2013 do \u010dohoko\u013evek. Aj oby\u010dajn\u00e1 f\u013ea\u0161a pri\u0161la vhod v dob\u00e1ch improviz\u00e1cie, len aby sa hralo. Chlapec z vidieka a rodinou pracuj\u00facou na farme, ke\u010f si chcel k\u00fapi\u0165 kopa\u010dky, musel skoro r\u00e1no vsta\u0165 a napr\u00edklad podoji\u0165 kravy, aby v\u00fdsledok svojej pr\u00e1ce potom mohol preda\u0165 na trhu a vysn\u00edvan\u00e9 strelky boli jeho.<\/p>\n<p>Ke\u010f u\u017e bolo jasn\u00e9, \u017ee sa jeho \u017eivot bez futbalu nezaob\u00edde, pripojil sa ku Caribe Junior, kde futbalovo vyrastal aj in\u00fd s menom Valencia. Ten z Old Trafford. Tam str\u00e1vil 3 roky na to, aby v osemn\u00e1stich prest\u00fapil a podp\u00edsal profesion\u00e1lny kontrakt s Club Sport Emelec, hraj\u00faci ekv\u00e1dorsk\u00fa Seriu A. S n\u00e1dejn\u00fdmi vyhliadkami v\u0161ak musel po\u010dka\u0165. Dva roky v rezerve trvalo, k\u00fdm sa re\u017eim v klube vymenil a priestor dostali aj mlad\u0161\u00ed. To v\u0161etko zariadil p\u00e1n menom Jorge Sampaoli, argent\u00ednsky tr\u00e9ner moment\u00e1lne p\u00f4sobiaci v Seville, zn\u00e1my aj pre podobnos\u0165 svojich futbalov\u00fdch takt\u00edk s Marcelom Bielsom. Pobudol s\u00edce len rok, ale aj to sta\u010dilo na to, aby sa Enner vypracoval na stabiln\u00e9ho \u010dlena A t\u00edmu. Dve sez\u00f3ny po sebe skon\u010dil ako vicemajster ligy a na tret\u00ed pokus bol z toho titul. \u010co je v\u0161ak najd\u00f4le\u017eitej\u0161ie, st\u00e1le sa zlep\u0161oval. Z poz\u00edcie prav\u00e9ho kr\u00eddla hrozil ako g\u00f3lov\u00fdmi pr\u00edspevkami tak asistenciami, \u010do mu prinieslo cenu najlep\u0161\u00ed hr\u00e1\u010d Serie A 2013. V tom istom roku sa stal dokonca najlep\u0161\u00edm strelcom Copa Sudamerica, v podstate form\u00e1t Eur\u00f3pskej Ligy na ju\u017enom kontinente nov\u00e9ho sveta. No a ako to b\u00fdva zvykom, za\u010dal pri\u0165ahova\u0165 pozornos\u0165. Tej najv\u00e4\u010d\u0161ej sa mu dostalo od mexickej CF Pachuca a tak po mesiacoch \u0161pekul\u00e1ci\u00ed opustil Los El\u00e9tricos za necel\u00e9 3 mili\u00f3ny v prepo\u010dte na libry. V\u00e4\u010d\u0161ina futbalistov sa po prestupe ist\u00fa chv\u00ed\u013eu h\u013ead\u00e1. Ale Valenciou n\u00e1stup do o nie\u010do lep\u0161ej mexickej ligy bol raketov\u00fd. 12 g\u00f3lov v sedemn\u00e1stich z\u00e1pasoch \u2013 jasn\u00fd kr\u00e1\u013e strelcov v prvej sez\u00f3ne.<\/p>\n<p>Medzit\u00fdm samozrejme pri\u0161li aj pozv\u00e1nky do reprezent\u00e1cie U22, av\u0161ak Panamerick\u00e9 hry 2011 nevy\u0161li pre Ekv\u00e1dorsk\u00fd n\u00e1rodn\u00fd t\u00fdm pr\u00e1ve najlep\u0161ie, ke\u010f nezaknihovali ani jednu v\u00fdhru. Debut za mu\u017eov mu bol dopriaty 12 febru\u00e1ra 2012 v priate\u013eskom stretnut\u00ed proti Hondurasu. Ako zlomov\u00e9 sa uk\u00e1zali Braz\u00edlske majstrovstv\u00e1 2014, v kari\u00e9re vtedy 24 ro\u010dn\u00e9ho futbalistu. Ekv\u00e1dorsk\u00fd v\u00fdber \u010delil nedostatku \u00fato\u010dn\u00edkov, najm\u00e4 po smrti Christiana Ben\u00edteza a tak padla vo\u013eba na 174 centimetrov\u00e9ho Ennera. Adapt\u00e1cia prebehla \u00faspe\u0161ne a n\u00e1rodn\u00fd hrdina bol na svete. Nielen v\u010faka \u00faspe\u0161nej kvalifik\u00e1ci\u00ed, na ktorej sa podie\u013eal, ale takisto na turnamente samotnom. V otv\u00e1racom z\u00e1pase svojho t\u00edmu s\u00edce dal g\u00f3l hlavou, ale na \u0160vaj\u010diarov to nesta\u010dilo. Pri\u0161la dvoj-g\u00f3lov\u00e1 n\u00e1dielka Hondurasu, ale postup zo skupiny aj v spolo\u010dnosti Franc\u00fazska nehrozil. Napriek tomu opanoval v spolo\u010dnosti in\u00fdch 3-g\u00f3lov\u00fdch strelcov ako Benzema \u010di Robben. Forma v reprezent\u00e1ci\u00ed mu ostala a\u017e dodnes.<\/p>\n<p>A v\u010fa\u010d\u00ed jej za \u0161ancu na eur\u00f3pskych tr\u00e1vnikoch. Futbalov\u00e9 \u0161ialenstvo v Braz\u00edli\u00ed prinieslo ve\u013ea objaven\u00fdch talentov a z nich prameniacich prestupov. Valencia p\u00fatal pozornos\u0165 skautov. Relat\u00edvne mlad\u00fd, r\u00fdchly a v\u0161estrann\u00fd s pln\u00fdm ruk\u00e1vom trikov. \u010co viac by ste chceli, ke\u010f m\u00e1 patent predvies\u0165 nie\u010do v\u00fdnimo\u010dn\u00e9. West Ham nebol jedin\u00fd, kto prejavil seri\u00f3zny z\u00e1ujem. Taktie\u017e Karamelky sa informovali o dostupnosti Ekv\u00e1dor\u010dana v z\u00e1stupe so Spurs a Magpies. Kladiv\u00e1ri v\u0161ak boli odhodlan\u00ed, vtedy na \u010dele s Big Samom. Nakop\u00e1van\u00e9 lopty u\u017e na Boleyn Ground neboli viac popul\u00e1rne a tak sa h\u013eadala posila do \u00fato\u010dn\u00fdch radov, ktor\u00e1 by doplnila dvojicu so Sakhom. Len\u017ee po \u017eiadanom hr\u00e1\u010dovi sa po \u0161ampion\u00e1te z\u013eahla zem. Z\u00e1stupcovia West Hamu po dohodnut\u00ed sa s Pachucou museli pr\u00eds\u0165 a\u017e k Ennerovi domov, preto\u017ee ten vypol. Doslova aj mobil a tak pozv\u00e1nka z Lond\u00fdna nemala ako dorazi\u0165. Samozrejme m\u00e1 to \u0161\u0165astn\u00fd koniec. Za nie\u010do vy\u0161e 12 mili\u00f3nov libier sa transakcia uskuto\u010dnila a Valenciovci sa s\u0165ahovali do najv\u00e4\u010d\u0161ej metropolitnej z\u00f3ny v Eur\u00f3pe, kde nasledovali dennodenn\u00e9 hodiny angli\u010dtiny.<\/p>\n<p>Neviem si predstavi\u0165 ak\u00e9 o\u010dak\u00e1vania mali fan\u00fa\u0161ikovia, ale nov\u00e1 posila za\u010dala celkom skromne. Po podpise 5 ro\u010dn\u00e9ho kontraktu sa g\u00f3lu vo svojej premi\u00e9re s Tottenhamom nedo\u010dkal. Dokonca zahodil v ligovom poh\u00e1ri penaltu proti Owls a West Ham vypadol. Pr\u00eds\u0165 to muselo pri prvom ligovom \u0161tarte. Proti Hullu vytasil strelu zo stoja, ktor\u00e1 skon\u010dila v pravom hornom rohu. Na tom by nebolo ni\u010d zvl\u00e1\u0161tne, keby lopta neletela r\u00fdchlos\u0165ou cez 100 km\/h a\u00a0dan\u00fd exek\u00fator nest\u00e1l 23 metrov od br\u00e1ny. Bohu\u017eia\u013e ani to ho nedok\u00e1zalo dostato\u010dne nakopn\u00fa\u0165 a prip\u00edsal si v prvej sez\u00f3ne v 37 z\u00e1pasoch len 5 g\u00f3lov a 4 asistencie. Treba v\u0161ak spomen\u00fa\u0165, \u017ee pri obsadzovan\u00ed najm\u00e4 do roly kr\u00eddla alebo podhrotu, si mo\u017eno a\u017e tak zle nepo\u010d\u00ednal. Predsa len, hr\u00e1 sa v Anglicku. Ani druh\u00fa sez\u00f3nu to nebolo najru\u017eovej\u0161ie. Sprev\u00e1dzali ho aj zranenia a nast\u00fapil len 25 kr\u00e1t vo v\u0161etk\u00fdch s\u00fa\u0165a\u017eiach. Ale \u0161tatistiky si vylep\u0161il \u2013 6 g\u00f3lov a 3 asistencie.<\/p>\n<p>Po pr\u00edchode Bili\u010da na post hlavn\u00e9ho tr\u00e9nera sa veci zmenili. Aj West Ham ako tak\u00fd st\u00fapa hore a do k\u00e1dra prib\u00fadaj\u00fa nov\u00e9 men\u00e1. Najnov\u0161ie je talianske a znie Zaza. Ke\u010f\u017ee si Bili\u010d s Ennerom pr\u00e1ve do oka nepadol a\u00a0pretlak v\u00a0\u00fatoku si mus\u00ed niekto odnies\u0165, naskytla sa \u0161anca hos\u0165ova\u0165. V\u0161etko papierovanie u\u017e bolo vybaven\u00e9, u\u017e len nabra\u0165 smer Wales. Ale nestalo sa. Ofici\u00e1lna str\u00e1nka Labut\u00ed s\u00edce tvrdila o spe\u010daten\u00ed hos\u0165ovania, ale to by nesmel do hry vst\u00fapi\u0165 Everton, ktor\u00fd si cel\u00fd DeadLine Day len od\u0161krt\u00e1val men\u00e1 zo zoznamu o ktor\u00e9 pri\u0161iel \u2013 Brahimi, Gabbiadini, Sissoko&#8230; Tak\u017ee nebolo nad \u010d\u00edm rozm\u00fd\u0161la\u0165. Aj s\u00e1m Valencia si r\u00fdchlo spo\u010d\u00edtal svoje vyhliadky a hos\u0165ova\u010dku v Goodison Parku vzal za v\u010fak.<\/p>\n<p>Verdkit znie \u2013 sez\u00f3nne hos\u0165ovanie v hodnote 1,5 mil. libier s k\u00fapnou opciou na 14,5 mili\u00f3na libier. Jeho \u00faloha by nemala by\u0165 len z\u00e1skok za Lukaka, sk\u00f4r konkurencia, ako d\u00fafa v\u00e4\u010d\u0161ina Evertonians hoci si nerobia ve\u013ek\u00e9 n\u00e1deje. Ako ho hodnotia fan\u00fa\u0161ikovia West Hamu, nevynik\u00e1 ako osamoten\u00fd \u00fato\u010dn\u00edk a\u00a0takmer v\u017edy je v\u00a0offsajde&#8230; \u010do neznie pr\u00edli\u0161 pozit\u00edvne pravdupovediac. Hist\u00f3ria na\u0161ich hos\u0165ovan\u00ed v\u0161ak hovor\u00ed o\u00a0relat\u00edvnom \u00faspechu. Sta\u010d\u00ed spomen\u00fa\u0165 men\u00e1 ako Ferguson, Campbell \u010di tak\u00fd hr\u00e1\u010d minulej sez\u00f3ny Barry. Len \u010das a\u00a0pr\u00edle\u017eitosti uk\u00e1\u017eu \u2013 hor\u0161ie ako Niasse to by\u0165 predsa nem\u00f4\u017ee, alebo \u00e1no?<\/p>\n<p>Po reprezenta\u010dnej prest\u00e1vke sa do\u010dk\u00e1me mo\u017eno aj prv\u00e9ho rozhovoru. Hne\u010f ako sa pris\u0165ahuje s\u00a0man\u017eelkou Sharon a\u00a0dvomi dc\u00e9rami, Ameilou a\u00a0Beirou, na Merseyside.<\/p>\n<\/div>\n","protected":false},"excerpt":{"rendered":"<p>Neviete kto to je? V ju\u017enej Amerike zn\u00e1my aj ako Superman. Nie, nerob\u00edm si srandu&#8230; St\u00e1le ni\u010d? Dobre, rozpovedzme si&hellip;<\/p>\n","protected":false},"author":1,"featured_media":1316,"comment_status":"open","ping_status":"closed","sticky":false,"template":"","format":"standard","meta":{"_eb_attr":"","_monsterinsights_skip_tracking":false,"_monsterinsights_sitenote_active":false,"_monsterinsights_sitenote_note":"","_monsterinsights_sitenote_category":0,"footnotes":""},"categories":[41],"tags":[],"yoast_head":"<!-- This site is optimized with the Yoast SEO plugin v23.4 - https:\/\/yoast.com\/wordpress\/plugins\/seo\/ -->\n<title>Profil: Remberto Lastra - Official Czech &amp; Slovak Everton Supporters&#039; Club<\/title>\n<meta name=\"robots\" content=\"index, follow, max-snippet:-1, max-image-preview:large, max-video-preview:-1\" \/>\n<link rel=\"canonical\" href=\"https:\/\/evertonfc.cz\/index.php\/2016\/09\/08\/profil-remberto-lastra\/\" \/>\n<meta property=\"og:locale\" content=\"cs_CZ\" \/>\n<meta property=\"og:type\" content=\"article\" \/>\n<meta property=\"og:title\" content=\"Profil: Remberto Lastra - Official Czech &amp; Slovak Everton Supporters&#039; Club\" \/>\n<meta property=\"og:description\" content=\"Neviete kto to je? V ju\u017enej Amerike zn\u00e1my aj ako Superman. Nie, nerob\u00edm si srandu&#8230; St\u00e1le ni\u010d? Dobre, rozpovedzme si&hellip;\" \/>\n<meta property=\"og:url\" content=\"https:\/\/evertonfc.cz\/index.php\/2016\/09\/08\/profil-remberto-lastra\/\" \/>\n<meta property=\"og:site_name\" content=\"Official Czech &amp; Slovak Everton Supporters&#039; Club\" \/>\n<meta property=\"article:publisher\" content=\"https:\/\/www.facebook.com\/everton.fans.cz.sk\" \/>\n<meta property=\"article:published_time\" content=\"2016-09-08T18:04:17+00:00\" \/>\n<meta property=\"article:modified_time\" content=\"2019-02-11T19:33:18+00:00\" \/>\n<meta property=\"og:image\" content=\"https:\/\/evertonfc.cz\/wp-content\/uploads\/2019\/01\/transfer.jpg\" \/>\n\t<meta property=\"og:image:width\" content=\"720\" \/>\n\t<meta property=\"og:image:height\" content=\"405\" \/>\n\t<meta property=\"og:image:type\" content=\"image\/jpeg\" \/>\n<meta name=\"author\" content=\"BlueBlooded\" \/>\n<meta name=\"twitter:card\" content=\"summary_large_image\" \/>\n<meta name=\"twitter:label1\" content=\"Napsal(a)\" \/>\n\t<meta name=\"twitter:data1\" content=\"BlueBlooded\" \/>\n\t<meta name=\"twitter:label2\" content=\"Odhadovan\u00e1 doba \u010dten\u00ed\" \/>\n\t<meta name=\"twitter:data2\" content=\"7 minut\" \/>\n<script type=\"application\/ld+json\" class=\"yoast-schema-graph\">{\"@context\":\"https:\/\/schema.org\",\"@graph\":[{\"@type\":\"Article\",\"@id\":\"https:\/\/evertonfc.cz\/index.php\/2016\/09\/08\/profil-remberto-lastra\/#article\",\"isPartOf\":{\"@id\":\"https:\/\/evertonfc.cz\/index.php\/2016\/09\/08\/profil-remberto-lastra\/\"},\"author\":{\"name\":\"BlueBlooded\",\"@id\":\"https:\/\/evertonfc.cz\/#\/schema\/person\/d4493b8cbea51532597fbc4685698916\"},\"headline\":\"Profil: Remberto Lastra\",\"datePublished\":\"2016-09-08T18:04:17+00:00\",\"dateModified\":\"2019-02-11T19:33:18+00:00\",\"mainEntityOfPage\":{\"@id\":\"https:\/\/evertonfc.cz\/index.php\/2016\/09\/08\/profil-remberto-lastra\/\"},\"wordCount\":1474,\"commentCount\":0,\"publisher\":{\"@id\":\"https:\/\/evertonfc.cz\/#organization\"},\"image\":{\"@id\":\"https:\/\/evertonfc.cz\/index.php\/2016\/09\/08\/profil-remberto-lastra\/#primaryimage\"},\"thumbnailUrl\":\"https:\/\/evertonfc.cz\/wp-content\/uploads\/2019\/01\/transfer.jpg\",\"articleSection\":[\"P\u0159estupy\"],\"inLanguage\":\"cs\",\"potentialAction\":[{\"@type\":\"CommentAction\",\"name\":\"Comment\",\"target\":[\"https:\/\/evertonfc.cz\/index.php\/2016\/09\/08\/profil-remberto-lastra\/#respond\"]}]},{\"@type\":\"WebPage\",\"@id\":\"https:\/\/evertonfc.cz\/index.php\/2016\/09\/08\/profil-remberto-lastra\/\",\"url\":\"https:\/\/evertonfc.cz\/index.php\/2016\/09\/08\/profil-remberto-lastra\/\",\"name\":\"Profil: Remberto Lastra - Official Czech &amp; Slovak Everton Supporters&#039; Club\",\"isPartOf\":{\"@id\":\"https:\/\/evertonfc.cz\/#website\"},\"primaryImageOfPage\":{\"@id\":\"https:\/\/evertonfc.cz\/index.php\/2016\/09\/08\/profil-remberto-lastra\/#primaryimage\"},\"image\":{\"@id\":\"https:\/\/evertonfc.cz\/index.php\/2016\/09\/08\/profil-remberto-lastra\/#primaryimage\"},\"thumbnailUrl\":\"https:\/\/evertonfc.cz\/wp-content\/uploads\/2019\/01\/transfer.jpg\",\"datePublished\":\"2016-09-08T18:04:17+00:00\",\"dateModified\":\"2019-02-11T19:33:18+00:00\",\"breadcrumb\":{\"@id\":\"https:\/\/evertonfc.cz\/index.php\/2016\/09\/08\/profil-remberto-lastra\/#breadcrumb\"},\"inLanguage\":\"cs\",\"potentialAction\":[{\"@type\":\"ReadAction\",\"target\":[\"https:\/\/evertonfc.cz\/index.php\/2016\/09\/08\/profil-remberto-lastra\/\"]}]},{\"@type\":\"ImageObject\",\"inLanguage\":\"cs\",\"@id\":\"https:\/\/evertonfc.cz\/index.php\/2016\/09\/08\/profil-remberto-lastra\/#primaryimage\",\"url\":\"https:\/\/evertonfc.cz\/wp-content\/uploads\/2019\/01\/transfer.jpg\",\"contentUrl\":\"https:\/\/evertonfc.cz\/wp-content\/uploads\/2019\/01\/transfer.jpg\",\"width\":720,\"height\":405},{\"@type\":\"BreadcrumbList\",\"@id\":\"https:\/\/evertonfc.cz\/index.php\/2016\/09\/08\/profil-remberto-lastra\/#breadcrumb\",\"itemListElement\":[{\"@type\":\"ListItem\",\"position\":1,\"name\":\"Home\",\"item\":\"https:\/\/evertonfc.cz\/\"},{\"@type\":\"ListItem\",\"position\":2,\"name\":\"Profil: Remberto Lastra\"}]},{\"@type\":\"WebSite\",\"@id\":\"https:\/\/evertonfc.cz\/#website\",\"url\":\"https:\/\/evertonfc.cz\/\",\"name\":\"Official Czech &amp; Slovak Everton Supporters&#039; Club\",\"description\":\"\",\"publisher\":{\"@id\":\"https:\/\/evertonfc.cz\/#organization\"},\"potentialAction\":[{\"@type\":\"SearchAction\",\"target\":{\"@type\":\"EntryPoint\",\"urlTemplate\":\"https:\/\/evertonfc.cz\/?s={search_term_string}\"},\"query-input\":{\"@type\":\"PropertyValueSpecification\",\"valueRequired\":true,\"valueName\":\"search_term_string\"}}],\"inLanguage\":\"cs\"},{\"@type\":\"Organization\",\"@id\":\"https:\/\/evertonfc.cz\/#organization\",\"name\":\"Official Czech & Slovak Everton Supporters' Club\",\"url\":\"https:\/\/evertonfc.cz\/\",\"logo\":{\"@type\":\"ImageObject\",\"inLanguage\":\"cs\",\"@id\":\"https:\/\/evertonfc.cz\/#\/schema\/logo\/image\/\",\"url\":\"https:\/\/evertonfc.cz\/wp-content\/uploads\/2019\/05\/logo.png\",\"contentUrl\":\"https:\/\/evertonfc.cz\/wp-content\/uploads\/2019\/05\/logo.png\",\"width\":112,\"height\":112,\"caption\":\"Official Czech & Slovak Everton Supporters' Club\"},\"image\":{\"@id\":\"https:\/\/evertonfc.cz\/#\/schema\/logo\/image\/\"},\"sameAs\":[\"https:\/\/www.facebook.com\/everton.fans.cz.sk\"]},{\"@type\":\"Person\",\"@id\":\"https:\/\/evertonfc.cz\/#\/schema\/person\/d4493b8cbea51532597fbc4685698916\",\"name\":\"BlueBlooded\",\"url\":\"https:\/\/evertonfc.cz\/index.php\/author\/admin\/\"}]}<\/script>\n<!-- \/ Yoast SEO plugin. -->","yoast_head_json":{"title":"Profil: Remberto Lastra - Official Czech &amp; Slovak Everton Supporters&#039; Club","robots":{"index":"index","follow":"follow","max-snippet":"max-snippet:-1","max-image-preview":"max-image-preview:large","max-video-preview":"max-video-preview:-1"},"canonical":"https:\/\/evertonfc.cz\/index.php\/2016\/09\/08\/profil-remberto-lastra\/","og_locale":"cs_CZ","og_type":"article","og_title":"Profil: Remberto Lastra - Official Czech &amp; Slovak Everton Supporters&#039; Club","og_description":"Neviete kto to je? V ju\u017enej Amerike zn\u00e1my aj ako Superman. Nie, nerob\u00edm si srandu&#8230; St\u00e1le ni\u010d? Dobre, rozpovedzme si&hellip;","og_url":"https:\/\/evertonfc.cz\/index.php\/2016\/09\/08\/profil-remberto-lastra\/","og_site_name":"Official Czech &amp; Slovak Everton Supporters&#039; Club","article_publisher":"https:\/\/www.facebook.com\/everton.fans.cz.sk","article_published_time":"2016-09-08T18:04:17+00:00","article_modified_time":"2019-02-11T19:33:18+00:00","og_image":[{"width":720,"height":405,"url":"https:\/\/evertonfc.cz\/wp-content\/uploads\/2019\/01\/transfer.jpg","type":"image\/jpeg"}],"author":"BlueBlooded","twitter_card":"summary_large_image","twitter_misc":{"Napsal(a)":"BlueBlooded","Odhadovan\u00e1 doba \u010dten\u00ed":"7 minut"},"schema":{"@context":"https:\/\/schema.org","@graph":[{"@type":"Article","@id":"https:\/\/evertonfc.cz\/index.php\/2016\/09\/08\/profil-remberto-lastra\/#article","isPartOf":{"@id":"https:\/\/evertonfc.cz\/index.php\/2016\/09\/08\/profil-remberto-lastra\/"},"author":{"name":"BlueBlooded","@id":"https:\/\/evertonfc.cz\/#\/schema\/person\/d4493b8cbea51532597fbc4685698916"},"headline":"Profil: Remberto Lastra","datePublished":"2016-09-08T18:04:17+00:00","dateModified":"2019-02-11T19:33:18+00:00","mainEntityOfPage":{"@id":"https:\/\/evertonfc.cz\/index.php\/2016\/09\/08\/profil-remberto-lastra\/"},"wordCount":1474,"commentCount":0,"publisher":{"@id":"https:\/\/evertonfc.cz\/#organization"},"image":{"@id":"https:\/\/evertonfc.cz\/index.php\/2016\/09\/08\/profil-remberto-lastra\/#primaryimage"},"thumbnailUrl":"https:\/\/evertonfc.cz\/wp-content\/uploads\/2019\/01\/transfer.jpg","articleSection":["P\u0159estupy"],"inLanguage":"cs","potentialAction":[{"@type":"CommentAction","name":"Comment","target":["https:\/\/evertonfc.cz\/index.php\/2016\/09\/08\/profil-remberto-lastra\/#respond"]}]},{"@type":"WebPage","@id":"https:\/\/evertonfc.cz\/index.php\/2016\/09\/08\/profil-remberto-lastra\/","url":"https:\/\/evertonfc.cz\/index.php\/2016\/09\/08\/profil-remberto-lastra\/","name":"Profil: Remberto Lastra - Official Czech &amp; Slovak Everton Supporters&#039; Club","isPartOf":{"@id":"https:\/\/evertonfc.cz\/#website"},"primaryImageOfPage":{"@id":"https:\/\/evertonfc.cz\/index.php\/2016\/09\/08\/profil-remberto-lastra\/#primaryimage"},"image":{"@id":"https:\/\/evertonfc.cz\/index.php\/2016\/09\/08\/profil-remberto-lastra\/#primaryimage"},"thumbnailUrl":"https:\/\/evertonfc.cz\/wp-content\/uploads\/2019\/01\/transfer.jpg","datePublished":"2016-09-08T18:04:17+00:00","dateModified":"2019-02-11T19:33:18+00:00","breadcrumb":{"@id":"https:\/\/evertonfc.cz\/index.php\/2016\/09\/08\/profil-remberto-lastra\/#breadcrumb"},"inLanguage":"cs","potentialAction":[{"@type":"ReadAction","target":["https:\/\/evertonfc.cz\/index.php\/2016\/09\/08\/profil-remberto-lastra\/"]}]},{"@type":"ImageObject","inLanguage":"cs","@id":"https:\/\/evertonfc.cz\/index.php\/2016\/09\/08\/profil-remberto-lastra\/#primaryimage","url":"https:\/\/evertonfc.cz\/wp-content\/uploads\/2019\/01\/transfer.jpg","contentUrl":"https:\/\/evertonfc.cz\/wp-content\/uploads\/2019\/01\/transfer.jpg","width":720,"height":405},{"@type":"BreadcrumbList","@id":"https:\/\/evertonfc.cz\/index.php\/2016\/09\/08\/profil-remberto-lastra\/#breadcrumb","itemListElement":[{"@type":"ListItem","position":1,"name":"Home","item":"https:\/\/evertonfc.cz\/"},{"@type":"ListItem","position":2,"name":"Profil: Remberto Lastra"}]},{"@type":"WebSite","@id":"https:\/\/evertonfc.cz\/#website","url":"https:\/\/evertonfc.cz\/","name":"Official Czech &amp; Slovak Everton Supporters&#039; Club","description":"","publisher":{"@id":"https:\/\/evertonfc.cz\/#organization"},"potentialAction":[{"@type":"SearchAction","target":{"@type":"EntryPoint","urlTemplate":"https:\/\/evertonfc.cz\/?s={search_term_string}"},"query-input":{"@type":"PropertyValueSpecification","valueRequired":true,"valueName":"search_term_string"}}],"inLanguage":"cs"},{"@type":"Organization","@id":"https:\/\/evertonfc.cz\/#organization","name":"Official Czech & Slovak Everton Supporters' Club","url":"https:\/\/evertonfc.cz\/","logo":{"@type":"ImageObject","inLanguage":"cs","@id":"https:\/\/evertonfc.cz\/#\/schema\/logo\/image\/","url":"https:\/\/evertonfc.cz\/wp-content\/uploads\/2019\/05\/logo.png","contentUrl":"https:\/\/evertonfc.cz\/wp-content\/uploads\/2019\/05\/logo.png","width":112,"height":112,"caption":"Official Czech & Slovak Everton Supporters' Club"},"image":{"@id":"https:\/\/evertonfc.cz\/#\/schema\/logo\/image\/"},"sameAs":["https:\/\/www.facebook.com\/everton.fans.cz.sk"]},{"@type":"Person","@id":"https:\/\/evertonfc.cz\/#\/schema\/person\/d4493b8cbea51532597fbc4685698916","name":"BlueBlooded","url":"https:\/\/evertonfc.cz\/index.php\/author\/admin\/"}]}},"_links":{"self":[{"href":"https:\/\/evertonfc.cz\/index.php\/wp-json\/wp\/v2\/posts\/3533"}],"collection":[{"href":"https:\/\/evertonfc.cz\/index.php\/wp-json\/wp\/v2\/posts"}],"about":[{"href":"https:\/\/evertonfc.cz\/index.php\/wp-json\/wp\/v2\/types\/post"}],"author":[{"embeddable":true,"href":"https:\/\/evertonfc.cz\/index.php\/wp-json\/wp\/v2\/users\/1"}],"replies":[{"embeddable":true,"href":"https:\/\/evertonfc.cz\/index.php\/wp-json\/wp\/v2\/comments?post=3533"}],"version-history":[{"count":1,"href":"https:\/\/evertonfc.cz\/index.php\/wp-json\/wp\/v2\/posts\/3533\/revisions"}],"predecessor-version":[{"id":3534,"href":"https:\/\/evertonfc.cz\/index.php\/wp-json\/wp\/v2\/posts\/3533\/revisions\/3534"}],"wp:featuredmedia":[{"embeddable":true,"href":"https:\/\/evertonfc.cz\/index.php\/wp-json\/wp\/v2\/media\/1316"}],"wp:attachment":[{"href":"https:\/\/evertonfc.cz\/index.php\/wp-json\/wp\/v2\/media?parent=3533"}],"wp:term":[{"taxonomy":"category","embeddable":true,"href":"https:\/\/evertonfc.cz\/index.php\/wp-json\/wp\/v2\/categories?post=3533"},{"taxonomy":"post_tag","embeddable":true,"href":"https:\/\/evertonfc.cz\/index.php\/wp-json\/wp\/v2\/tags?post=3533"}],"curies":[{"name":"wp","href":"https:\/\/api.w.org\/{rel}","templated":true}]}}