{"id":3535,"date":"2016-09-07T20:06:55","date_gmt":"2016-09-07T18:06:55","guid":{"rendered":"http:\/\/evertonfc.cz\/?p=3535"},"modified":"2019-02-11T22:49:03","modified_gmt":"2019-02-11T21:49:03","slug":"profil-yannick-bolasie","status":"publish","type":"post","link":"https:\/\/evertonfc.cz\/index.php\/2016\/09\/07\/profil-yannick-bolasie\/","title":{"rendered":"Profil: Yannick Bolasie"},"content":{"rendered":"<h4 id=\"NewsPostDetailSummary\">Od nejdra\u017e\u0161\u00ed posily nizozemsk\u00e9 revoluce na Goodison Parku se o\u010dek\u00e1vaj\u00ed velk\u00e9 v\u011bci. Dok\u00e1\u017ee je Yannick Bolasie naplnit, \u010di se investice do n\u011bj uk\u00e1\u017ee jako chyba?<\/h4>\n<div id=\"NewsPostDetailContent\">\n<p><strong>Narozen:<\/strong> 24. 05. 1989, Lyon, Francie<br \/>\n<strong>V\u00fd\u0161ka:<\/strong> 188 cm<br \/>\n<strong>V\u00e1ha:<\/strong> 84 kg<br \/>\n<strong>Post: <\/strong>K\u0159\u00eddeln\u00edk<br \/>\n<strong>V EFC od:<\/strong> 15. 08. 2016<br \/>\n<strong>\u010c\u00edslo dresu:<\/strong> 14<\/p>\n<p>Yannick Bolasie se narodil ve francouzsk\u00e9m Lyonu, rodi\u010de poch\u00e1zej\u00ed z b\u00fdval\u00e9ho st\u00e1tu Zair. Sedm m\u011bs\u00edc\u016f po jeho narozen\u00ed se rodina p\u0159est\u011bhovala do Lond\u00fdna, usadila se v obvodu zvan\u00e9m Brent a bydlela kousek od star\u00e9ho Wembley. Kari\u00e9ra fotbalista se za\u010dala r\u00fdsovat v 16 letech, to se dostal do akademie Rushden &amp; Diamonds, p\u0159i\u010dem\u017e zanedlouho prvn\u011b nakoukl mezi dosp\u011bl\u00e9, kdy\u017e si st\u0159ihnul kr\u00e1tkou epizodu u poloprofesion\u00e1l\u016f z Hillingdon Borough. V\u00e1\u0161e\u0148 pro fotbal zd\u011bdil po otci, kter\u00fd reprezentoval rodnou zemi. Kop\u00e1n\u00edm do m\u00ed\u010de se \u017eiv\u00ed i jeho bratranci Lomana LuaLua, Kazenga LuaLua and Tr\u00e9sor Kandol.<\/p>\n<p>V osmn\u00e1cti letech mu spadla do kl\u00edna p\u0159ekvapiv\u00e1 \u0161tace, laso p\u0159il\u00e9tlo z\u00a0Floriany na Malt\u011b. Po n\u00e1vratu ze st\u0159edozemn\u00edho ostrova usp\u011bl na zkou\u0161ce v Plymouthu Argyle a v roce 2008 podepsal dvoulet\u00fd kontrakt. Bolasie brzy putoval na hostov\u00e1n\u00ed do zn\u00e1m\u00e9ho prost\u0159ed\u00ed v Rushden &amp; Diamonds. Na kr\u00e1tk\u00e9 zku\u0161en\u00e9 v Conference, 5. lize, usp\u011bl, proto druhou polovinu sez\u00f3nu kopal o sout\u011b\u017e v\u00fd\u0161e za Barnet. V Barnetu se prosadil do z\u00e1kladn\u00ed sestavy, ov\u0161em klub si ho nemohl dovolit koupit, a tak ho aspo\u0148 z\u00edskal na dal\u0161\u00ed hostov\u00e1n\u00ed v nadch\u00e1zej\u00edc\u00edm ro\u010dn\u00edku. Na za\u010d\u00e1tku roku 2010 se atletick\u00fd plejer vr\u00e1til do Plymouthu a kone\u010dn\u011b se do\u010dkal \u0161ance v prvn\u00edm t\u00fdmu. Chytil ji za pa\u010desy, na ja\u0159e odv\u00e1d\u011bl dobr\u00e9 slu\u017eby, p\u0159esto mu\u017estvu nepomohl zachr\u00e1nit Championship.<\/p>\n<p>Pro League One dosadil Argyle do funkce mana\u017eera Petera Reida. Pod legendou Evertonu Bolasie odkopal jeden rok, ne\u017e si ho vyhl\u00e9dl Bristol City. Z League One putoval do druh\u00e9 ligy, kam v\u00fdkonnostn\u011b rozhodn\u011b pat\u0159il. V prvn\u00ed sez\u00f3n\u011b na jiho-z\u00e1pad\u011b Anglie si tehdy dvaadvacetilet\u00fd k\u0159\u00eddeln\u00edk vyslou\u017eil ocen\u011bn\u00ed pro nejlep\u0161\u00edho mlad\u00e9ho hr\u00e1\u010de klubu, ov\u0161em ke spokojenosti mu chyb\u011bla bl\u00edzkost rodiny, stesk ho t\u00e1hnul zp\u00e1tky do Lond\u00fdna. Po \u017e\u00e1dosti o p\u0159estup ho v l\u00e9t\u011b 2012 anga\u017eoval za \u00a3350 000 Crystal Palace.<\/p>\n<p>Z\u00e1vazek s Eagles se uk\u00e1zal b\u00fdti prosp\u011b\u0161n\u00fdm ob\u011bma stran\u00e1m. Yala se okam\u017eit\u011b za\u0159adil mezi hlavn\u00ed \u00fato\u010dn\u00e9 zbran\u011b t\u00fdmu a po deseti m\u011bs\u00edc\u00edch v Selhurst Parku si do \u017eivotopisu mohl p\u0159ipsat postup do Premier League p\u0159es zvl\u00e1dnut\u00e9 play-off. Prvn\u00ed rok mezi elitou si Bolasie st\u011b\u017e\u00ed zvykal na intenzivn\u011bj\u0161\u00ed pojet\u00ed hry a dodr\u017eov\u00e1n\u00ed slo\u017eit\u011bj\u0161\u00edch taktick\u00fdch pokyn\u016f, v\u011bt\u0161\u00ed m\u011brou se prosazoval a\u017e od sez\u00f3ny 2014\/15. St\u0159eleck\u00fd \u00fa\u010det v lize si otev\u0159el na Goodison Parku a do konce kv\u011btna se sice prosadil ji\u017e pouze jednou, av\u0161ak rovnou hattrickem do s\u00edt\u011b Sunderlandu. I tato statistika potvrzuje fakt, \u017ee a\u010d se jedn\u00e1 o jednoho z nejl\u00e9pe technicky a rychlostn\u011b vybaven\u00fdch hr\u00e1\u010d\u016f v Premiership, slabinou jsou jeho nekonzistentn\u00ed v\u00fdkony a produktivita a to s ohledem na branky i asistence.<\/p>\n<p>P\u0159es z\u00e1jem Tottenhamu nad\u0161en\u00fd fanou\u0161ek hudebn\u00edho stylu grime z\u016fstal v Crystal Palace a\u017e do leto\u0161n\u00edho srpna, kdy se stal prvn\u00edm \u00falovkem nov\u00e9ho sportovn\u00edho \u0159editele Evertonu Steva Walshe. Podle neofici\u00e1ln\u00edch zdroj\u016f Toffees zaplatili \u00a325m, a pokud se aktivuj\u00ed bonusy v hodnot\u011b \u00a35m, stane se nejdra\u017e\u0161\u00ed posilou v\u00a0historii klubu. Tato \u010d\u00e1stka je nadhodnocen\u00e1, na druhou stranu mana\u017eer Ronald Koeman z\u00e1\u0159il spokojenost\u00ed, tento podpis pat\u0159il mezi hlavn\u00ed c\u00edle p\u0159estupov\u00e9ho okna:\u00a0<em>\u201eYannicka jsem sledoval u\u017e del\u0161\u00ed dobu, spl\u0148uje po\u017eadavky, kter\u00e9 kladu na k\u0159\u00eddeln\u00edka \u2013 rychlost, s\u00edlu a schopnost nastupovat na v\u0161ech postech v \u00fatoku. Jeho 27 let p\u0159edstavuje ide\u00e1ln\u00ed v\u011bk pro fotbalistu, nav\u00edc je ozkou\u0161en\u00fd Premier League. T\u00fdmu dod\u00e1 kvality, jsem r\u00e1d, \u017ee bude sou\u010d\u00e1st\u00ed na\u0161ich pl\u00e1n\u016f.\u201d<\/em><\/p>\n<p>Bolasie, nejrad\u011bji atakuj\u00edc\u00ed z lev\u00e9ho k\u0159\u00eddla, od roku 2013 reprezentuje Demokratickou republiku Kongo. Coby kl\u00ed\u010dov\u00e1 postava pomohl k t\u0159et\u00edmu m\u00edstu na Africk\u00e9m poh\u00e1ru n\u00e1rod\u016f v roce 2015. Leopardi budou obhajovat bronz na za\u010d\u00e1tku roku 2017, Evertonu tedy bude chyb\u011bt n\u011bkolik t\u00fddn\u016f po Nov\u00e9m roce.<\/p>\n<p><a href=\"https:\/\/www.youtube.com\/watch?v=sYU8fD7Xohc\" target=\"_blank\" rel=\"noopener\">Sest\u0159ih technick\u00fdch fines a branek<\/a><\/p>\n<table border=\"1\" align=\"center\">\n<caption>\u00a0<\/caption>\n<tbody>\n<tr>\n<th rowspan=\"2\" scope=\"col\">Klub<\/th>\n<th rowspan=\"2\" scope=\"col\">Sez\u00f3na<\/th>\n<th colspan=\"3\" scope=\"col\">Liga<\/th>\n<th colspan=\"2\" scope=\"col\">FA Cup<\/th>\n<th colspan=\"2\" scope=\"col\">Ligov\u00fd poh\u00e1r<\/th>\n<th colspan=\"2\" scope=\"col\">Celkem<\/th>\n<\/tr>\n<tr>\n<th style=\"text-align: center;\">Sout\u011b\u017e<\/th>\n<th style=\"text-align: center;\">Z\u00e1p<\/th>\n<th style=\"text-align: center;\">G\u00f3ly<\/th>\n<th style=\"text-align: center;\">Z\u00e1p<\/th>\n<th style=\"text-align: center;\">G\u00f3ly<\/th>\n<th style=\"text-align: center;\">Z\u00e1p<\/th>\n<th style=\"text-align: center;\">G\u00f3ly<\/th>\n<th style=\"text-align: center;\">Z\u00e1p<\/th>\n<th style=\"text-align: center;\">G\u00f3ly<\/th>\n<\/tr>\n<tr>\n<td>Hillingdon Borough<\/td>\n<td scope=\"row\">2006\/07<\/td>\n<td style=\"text-align: center;\">Southern Division 1 South &amp; West<\/td>\n<td style=\"text-align: center;\">5<\/td>\n<td style=\"text-align: center;\">0<\/td>\n<td style=\"text-align: center;\">0<\/td>\n<td style=\"text-align: center;\">0<\/td>\n<td style=\"text-align: center;\" colspan=\"2\">\u2014<\/td>\n<td style=\"text-align: center;\">5<\/td>\n<td style=\"text-align: center;\">0<\/td>\n<\/tr>\n<tr>\n<td>Floriana<\/td>\n<td scope=\"row\">2007\/08<\/td>\n<td style=\"text-align: center;\">Maltese Premier League<\/td>\n<td style=\"text-align: center;\">24<\/td>\n<td style=\"text-align: center;\">4<\/td>\n<td style=\"text-align: center;\">0<\/td>\n<td style=\"text-align: center;\">0<\/td>\n<td style=\"text-align: center;\" colspan=\"2\">\u2014<\/td>\n<td style=\"text-align: center;\">24<\/td>\n<td style=\"text-align: center;\">4<\/td>\n<\/tr>\n<tr>\n<td>Rushden &amp; Diamonds (hostov\u00e1n\u00ed)<\/td>\n<td scope=\"row\">2008\/09<\/td>\n<td style=\"text-align: center;\">Conference Premier<\/td>\n<td style=\"text-align: center;\">7<\/td>\n<td style=\"text-align: center;\">0<\/td>\n<td style=\"text-align: center;\">0<\/td>\n<td style=\"text-align: center;\">0<\/td>\n<td style=\"text-align: center;\" colspan=\"2\">\u2014<\/td>\n<td style=\"text-align: center;\">7<\/td>\n<td style=\"text-align: center;\">0<\/td>\n<\/tr>\n<tr>\n<td>Barnet (hostov\u00e1n\u00ed)<\/td>\n<td scope=\"row\">2008\/09<\/td>\n<td style=\"text-align: center;\">League Two<\/td>\n<td style=\"text-align: center;\">20<\/td>\n<td style=\"text-align: center;\">3<\/td>\n<td style=\"text-align: center;\">0<\/td>\n<td style=\"text-align: center;\">0<\/td>\n<td style=\"text-align: center;\">0<\/td>\n<td style=\"text-align: center;\">0<\/td>\n<td style=\"text-align: center;\">20<\/td>\n<td style=\"text-align: center;\">3<\/td>\n<\/tr>\n<tr>\n<td rowspan=\"3\">Plymouth Argyle<\/td>\n<td scope=\"row\">2009\/10<\/td>\n<td style=\"text-align: center;\">Championship<\/td>\n<td style=\"text-align: center;\">16<\/td>\n<td style=\"text-align: center;\">1<\/td>\n<td style=\"text-align: center;\">0<\/td>\n<td style=\"text-align: center;\">0<\/td>\n<td style=\"text-align: center;\">0<\/td>\n<td style=\"text-align: center;\">0<\/td>\n<td style=\"text-align: center;\">16<\/td>\n<td style=\"text-align: center;\">1<\/td>\n<\/tr>\n<tr>\n<td scope=\"row\">2010\/11<\/td>\n<td style=\"text-align: center;\">League One<\/td>\n<td style=\"text-align: center;\">35<\/td>\n<td style=\"text-align: center;\">7<\/td>\n<td style=\"text-align: center;\">1<\/td>\n<td style=\"text-align: center;\">0<\/td>\n<td style=\"text-align: center;\">0<\/td>\n<td style=\"text-align: center;\">0<\/td>\n<td style=\"text-align: center;\">36<\/td>\n<td style=\"text-align: center;\">7<\/td>\n<\/tr>\n<tr>\n<th colspan=\"2\">Celkem<\/th>\n<th>51<\/th>\n<th>8<\/th>\n<th>1<\/th>\n<th>0<\/th>\n<th>0<\/th>\n<th>0<\/th>\n<th>54<\/th>\n<th>8<\/th>\n<\/tr>\n<tr>\n<td>Barnet (hostov\u00e1n\u00ed)<\/td>\n<td scope=\"row\">2009\/10<\/td>\n<td style=\"text-align: center;\">League Two<\/td>\n<td style=\"text-align: center;\">22<\/td>\n<td style=\"text-align: center;\">2<\/td>\n<td style=\"text-align: center;\">3<\/td>\n<td style=\"text-align: center;\">0<\/td>\n<td style=\"text-align: center;\">1<\/td>\n<td style=\"text-align: center;\">0<\/td>\n<td style=\"text-align: center;\">26<\/td>\n<td style=\"text-align: center;\">2<\/td>\n<\/tr>\n<tr>\n<td rowspan=\"3\">Bristol City<\/td>\n<td scope=\"row\">2011\/12<\/td>\n<td style=\"text-align: center;\">Championship<\/td>\n<td style=\"text-align: center;\">23<\/td>\n<td style=\"text-align: center;\">1<\/td>\n<td style=\"text-align: center;\">1<\/td>\n<td style=\"text-align: center;\">0<\/td>\n<td style=\"text-align: center;\">0<\/td>\n<td style=\"text-align: center;\">0<\/td>\n<td style=\"text-align: center;\">24<\/td>\n<td style=\"text-align: center;\">1<\/td>\n<\/tr>\n<tr>\n<td scope=\"row\">2012\/13<\/td>\n<td style=\"text-align: center;\">Championship<\/td>\n<td style=\"text-align: center;\">0<\/td>\n<td style=\"text-align: center;\">0<\/td>\n<td style=\"text-align: center;\">0<\/td>\n<td style=\"text-align: center;\">0<\/td>\n<td style=\"text-align: center;\">1<\/td>\n<td style=\"text-align: center;\">0<\/td>\n<td style=\"text-align: center;\">1<\/td>\n<td style=\"text-align: center;\">0<\/td>\n<\/tr>\n<tr>\n<th colspan=\"2\">Celkem<\/th>\n<th>23<\/th>\n<th>1<\/th>\n<th>1<\/th>\n<th>0<\/th>\n<th>1<\/th>\n<th>0<\/th>\n<th>25<\/th>\n<th>1<\/th>\n<\/tr>\n<tr>\n<td rowspan=\"6\">Crystal Palace<\/td>\n<td scope=\"row\">2012\/13<\/td>\n<td style=\"text-align: center;\">Championship<\/td>\n<td style=\"text-align: center;\">45<\/td>\n<td style=\"text-align: center;\">3<\/td>\n<td style=\"text-align: center;\">2<\/td>\n<td style=\"text-align: center;\">0<\/td>\n<td style=\"text-align: center;\">0<\/td>\n<td style=\"text-align: center;\">0<\/td>\n<td style=\"text-align: center;\">47<\/td>\n<td style=\"text-align: center;\">3<\/td>\n<\/tr>\n<tr>\n<td scope=\"row\">2013\/14<\/td>\n<td style=\"text-align: center;\">Premier League<\/td>\n<td style=\"text-align: center;\">29<\/td>\n<td style=\"text-align: center;\">0<\/td>\n<td style=\"text-align: center;\">1<\/td>\n<td style=\"text-align: center;\">0<\/td>\n<td style=\"text-align: center;\">0<\/td>\n<td style=\"text-align: center;\">0<\/td>\n<td style=\"text-align: center;\">30<\/td>\n<td style=\"text-align: center;\">0<\/td>\n<\/tr>\n<tr>\n<td style=\"text-align: center;\" scope=\"row\">2014\/15<\/td>\n<td style=\"text-align: center;\">Premier League<\/td>\n<td style=\"text-align: center;\">34<\/td>\n<td style=\"text-align: center;\">4<\/td>\n<td style=\"text-align: center;\">1<\/td>\n<td style=\"text-align: center;\">0<\/td>\n<td style=\"text-align: center;\">0<\/td>\n<td>0<\/td>\n<td>35<\/td>\n<td>4<\/td>\n<\/tr>\n<tr>\n<td scope=\"row\">2015\/16<\/td>\n<td style=\"text-align: center;\">Premier League<\/td>\n<td style=\"text-align: center;\">26<\/td>\n<td style=\"text-align: center;\">5<\/td>\n<td style=\"text-align: center;\">4<\/td>\n<td style=\"text-align: center;\">1<\/td>\n<td style=\"text-align: center;\">1<\/td>\n<td style=\"text-align: center;\">0<\/td>\n<td style=\"text-align: center;\">30<\/td>\n<td style=\"text-align: center;\">6<\/td>\n<\/tr>\n<tr>\n<td scope=\"row\">2016\/17<\/td>\n<td style=\"text-align: center;\">Premier League<\/td>\n<td style=\"text-align: center;\">1<\/td>\n<td style=\"text-align: center;\">0<\/td>\n<td style=\"text-align: center;\">0<\/td>\n<td style=\"text-align: center;\">0<\/td>\n<td style=\"text-align: center;\">0<\/td>\n<td style=\"text-align: center;\">0<\/td>\n<td style=\"text-align: center;\">1<\/td>\n<td style=\"text-align: center;\">0<\/td>\n<\/tr>\n<tr>\n<th colspan=\"2\">Celkem<\/th>\n<th>133<\/th>\n<th>12<\/th>\n<th>8<\/th>\n<th>1<\/th>\n<th>1<\/th>\n<th>0<\/th>\n<th>144<\/th>\n<th>13<\/th>\n<\/tr>\n<tr>\n<th colspan=\"3\">Celkem v kari\u00e9\u0159e<\/th>\n<th>285<\/th>\n<th>30<\/th>\n<th>13<\/th>\n<th>1<\/th>\n<th>3<\/th>\n<th>0<\/th>\n<th>303<\/th>\n<th>31<\/th>\n<\/tr>\n<\/tbody>\n<\/table>\n<\/div>\n","protected":false},"excerpt":{"rendered":"<p>Od nejdra\u017e\u0161\u00ed posily nizozemsk\u00e9 revoluce na Goodison Parku se o\u010dek\u00e1vaj\u00ed velk\u00e9 v\u011bci. Dok\u00e1\u017ee je Yannick Bolasie naplnit, \u010di se investice&hellip;<\/p>\n","protected":false},"author":6,"featured_media":1316,"comment_status":"open","ping_status":"closed","sticky":false,"template":"","format":"standard","meta":{"_eb_attr":"","_monsterinsights_skip_tracking":false,"_monsterinsights_sitenote_active":false,"_monsterinsights_sitenote_note":"","_monsterinsights_sitenote_category":0,"footnotes":""},"categories":[4],"tags":[],"yoast_head":"<!-- This site is optimized with the Yoast SEO plugin v23.4 - https:\/\/yoast.com\/wordpress\/plugins\/seo\/ -->\n<title>Profil: Yannick Bolasie - Official Czech &amp; Slovak Everton Supporters&#039; Club<\/title>\n<meta name=\"robots\" content=\"index, follow, max-snippet:-1, max-image-preview:large, max-video-preview:-1\" \/>\n<link rel=\"canonical\" href=\"https:\/\/evertonfc.cz\/index.php\/2016\/09\/07\/profil-yannick-bolasie\/\" \/>\n<meta property=\"og:locale\" content=\"cs_CZ\" \/>\n<meta property=\"og:type\" content=\"article\" \/>\n<meta property=\"og:title\" content=\"Profil: Yannick Bolasie - Official Czech &amp; Slovak Everton Supporters&#039; Club\" \/>\n<meta property=\"og:description\" content=\"Od nejdra\u017e\u0161\u00ed posily nizozemsk\u00e9 revoluce na Goodison Parku se o\u010dek\u00e1vaj\u00ed velk\u00e9 v\u011bci. Dok\u00e1\u017ee je Yannick Bolasie naplnit, \u010di se investice&hellip;\" \/>\n<meta property=\"og:url\" content=\"https:\/\/evertonfc.cz\/index.php\/2016\/09\/07\/profil-yannick-bolasie\/\" \/>\n<meta property=\"og:site_name\" content=\"Official Czech &amp; Slovak Everton Supporters&#039; Club\" \/>\n<meta property=\"article:publisher\" content=\"https:\/\/www.facebook.com\/everton.fans.cz.sk\" \/>\n<meta property=\"article:published_time\" content=\"2016-09-07T18:06:55+00:00\" \/>\n<meta property=\"article:modified_time\" content=\"2019-02-11T21:49:03+00:00\" \/>\n<meta property=\"og:image\" content=\"https:\/\/evertonfc.cz\/wp-content\/uploads\/2019\/01\/transfer.jpg\" \/>\n\t<meta property=\"og:image:width\" content=\"720\" \/>\n\t<meta property=\"og:image:height\" content=\"405\" \/>\n\t<meta property=\"og:image:type\" content=\"image\/jpeg\" \/>\n<meta name=\"author\" content=\"Ri\u010di\" \/>\n<meta name=\"twitter:card\" content=\"summary_large_image\" \/>\n<meta name=\"twitter:creator\" content=\"@rbrejsa\" \/>\n<meta name=\"twitter:label1\" content=\"Napsal(a)\" \/>\n\t<meta name=\"twitter:data1\" content=\"Ri\u010di\" \/>\n\t<meta name=\"twitter:label2\" content=\"Odhadovan\u00e1 doba \u010dten\u00ed\" \/>\n\t<meta name=\"twitter:data2\" content=\"4 minuty\" \/>\n<script type=\"application\/ld+json\" class=\"yoast-schema-graph\">{\"@context\":\"https:\/\/schema.org\",\"@graph\":[{\"@type\":\"Article\",\"@id\":\"https:\/\/evertonfc.cz\/index.php\/2016\/09\/07\/profil-yannick-bolasie\/#article\",\"isPartOf\":{\"@id\":\"https:\/\/evertonfc.cz\/index.php\/2016\/09\/07\/profil-yannick-bolasie\/\"},\"author\":{\"name\":\"Ri\u010di\",\"@id\":\"https:\/\/evertonfc.cz\/#\/schema\/person\/f7a5daedb2ffee98480bc70e191aaef1\"},\"headline\":\"Profil: Yannick Bolasie\",\"datePublished\":\"2016-09-07T18:06:55+00:00\",\"dateModified\":\"2019-02-11T21:49:03+00:00\",\"mainEntityOfPage\":{\"@id\":\"https:\/\/evertonfc.cz\/index.php\/2016\/09\/07\/profil-yannick-bolasie\/\"},\"wordCount\":876,\"commentCount\":0,\"publisher\":{\"@id\":\"https:\/\/evertonfc.cz\/#organization\"},\"image\":{\"@id\":\"https:\/\/evertonfc.cz\/index.php\/2016\/09\/07\/profil-yannick-bolasie\/#primaryimage\"},\"thumbnailUrl\":\"https:\/\/evertonfc.cz\/wp-content\/uploads\/2019\/01\/transfer.jpg\",\"articleSection\":[\"Z\u00e1pasy\"],\"inLanguage\":\"cs\",\"potentialAction\":[{\"@type\":\"CommentAction\",\"name\":\"Comment\",\"target\":[\"https:\/\/evertonfc.cz\/index.php\/2016\/09\/07\/profil-yannick-bolasie\/#respond\"]}]},{\"@type\":\"WebPage\",\"@id\":\"https:\/\/evertonfc.cz\/index.php\/2016\/09\/07\/profil-yannick-bolasie\/\",\"url\":\"https:\/\/evertonfc.cz\/index.php\/2016\/09\/07\/profil-yannick-bolasie\/\",\"name\":\"Profil: Yannick Bolasie - Official Czech &amp; Slovak Everton Supporters&#039; Club\",\"isPartOf\":{\"@id\":\"https:\/\/evertonfc.cz\/#website\"},\"primaryImageOfPage\":{\"@id\":\"https:\/\/evertonfc.cz\/index.php\/2016\/09\/07\/profil-yannick-bolasie\/#primaryimage\"},\"image\":{\"@id\":\"https:\/\/evertonfc.cz\/index.php\/2016\/09\/07\/profil-yannick-bolasie\/#primaryimage\"},\"thumbnailUrl\":\"https:\/\/evertonfc.cz\/wp-content\/uploads\/2019\/01\/transfer.jpg\",\"datePublished\":\"2016-09-07T18:06:55+00:00\",\"dateModified\":\"2019-02-11T21:49:03+00:00\",\"breadcrumb\":{\"@id\":\"https:\/\/evertonfc.cz\/index.php\/2016\/09\/07\/profil-yannick-bolasie\/#breadcrumb\"},\"inLanguage\":\"cs\",\"potentialAction\":[{\"@type\":\"ReadAction\",\"target\":[\"https:\/\/evertonfc.cz\/index.php\/2016\/09\/07\/profil-yannick-bolasie\/\"]}]},{\"@type\":\"ImageObject\",\"inLanguage\":\"cs\",\"@id\":\"https:\/\/evertonfc.cz\/index.php\/2016\/09\/07\/profil-yannick-bolasie\/#primaryimage\",\"url\":\"https:\/\/evertonfc.cz\/wp-content\/uploads\/2019\/01\/transfer.jpg\",\"contentUrl\":\"https:\/\/evertonfc.cz\/wp-content\/uploads\/2019\/01\/transfer.jpg\",\"width\":720,\"height\":405},{\"@type\":\"BreadcrumbList\",\"@id\":\"https:\/\/evertonfc.cz\/index.php\/2016\/09\/07\/profil-yannick-bolasie\/#breadcrumb\",\"itemListElement\":[{\"@type\":\"ListItem\",\"position\":1,\"name\":\"Home\",\"item\":\"https:\/\/evertonfc.cz\/\"},{\"@type\":\"ListItem\",\"position\":2,\"name\":\"Profil: Yannick Bolasie\"}]},{\"@type\":\"WebSite\",\"@id\":\"https:\/\/evertonfc.cz\/#website\",\"url\":\"https:\/\/evertonfc.cz\/\",\"name\":\"Official Czech &amp; Slovak Everton Supporters&#039; Club\",\"description\":\"\",\"publisher\":{\"@id\":\"https:\/\/evertonfc.cz\/#organization\"},\"potentialAction\":[{\"@type\":\"SearchAction\",\"target\":{\"@type\":\"EntryPoint\",\"urlTemplate\":\"https:\/\/evertonfc.cz\/?s={search_term_string}\"},\"query-input\":{\"@type\":\"PropertyValueSpecification\",\"valueRequired\":true,\"valueName\":\"search_term_string\"}}],\"inLanguage\":\"cs\"},{\"@type\":\"Organization\",\"@id\":\"https:\/\/evertonfc.cz\/#organization\",\"name\":\"Official Czech & Slovak Everton Supporters' Club\",\"url\":\"https:\/\/evertonfc.cz\/\",\"logo\":{\"@type\":\"ImageObject\",\"inLanguage\":\"cs\",\"@id\":\"https:\/\/evertonfc.cz\/#\/schema\/logo\/image\/\",\"url\":\"https:\/\/evertonfc.cz\/wp-content\/uploads\/2019\/05\/logo.png\",\"contentUrl\":\"https:\/\/evertonfc.cz\/wp-content\/uploads\/2019\/05\/logo.png\",\"width\":112,\"height\":112,\"caption\":\"Official Czech & Slovak Everton Supporters' Club\"},\"image\":{\"@id\":\"https:\/\/evertonfc.cz\/#\/schema\/logo\/image\/\"},\"sameAs\":[\"https:\/\/www.facebook.com\/everton.fans.cz.sk\"]},{\"@type\":\"Person\",\"@id\":\"https:\/\/evertonfc.cz\/#\/schema\/person\/f7a5daedb2ffee98480bc70e191aaef1\",\"name\":\"Ri\u010di\",\"sameAs\":[\"https:\/\/x.com\/rbrejsa\"],\"url\":\"https:\/\/evertonfc.cz\/index.php\/author\/rici\/\"}]}<\/script>\n<!-- \/ Yoast SEO plugin. -->","yoast_head_json":{"title":"Profil: Yannick Bolasie - Official Czech &amp; Slovak Everton Supporters&#039; Club","robots":{"index":"index","follow":"follow","max-snippet":"max-snippet:-1","max-image-preview":"max-image-preview:large","max-video-preview":"max-video-preview:-1"},"canonical":"https:\/\/evertonfc.cz\/index.php\/2016\/09\/07\/profil-yannick-bolasie\/","og_locale":"cs_CZ","og_type":"article","og_title":"Profil: Yannick Bolasie - Official Czech &amp; Slovak Everton Supporters&#039; Club","og_description":"Od nejdra\u017e\u0161\u00ed posily nizozemsk\u00e9 revoluce na Goodison Parku se o\u010dek\u00e1vaj\u00ed velk\u00e9 v\u011bci. Dok\u00e1\u017ee je Yannick Bolasie naplnit, \u010di se investice&hellip;","og_url":"https:\/\/evertonfc.cz\/index.php\/2016\/09\/07\/profil-yannick-bolasie\/","og_site_name":"Official Czech &amp; Slovak Everton Supporters&#039; Club","article_publisher":"https:\/\/www.facebook.com\/everton.fans.cz.sk","article_published_time":"2016-09-07T18:06:55+00:00","article_modified_time":"2019-02-11T21:49:03+00:00","og_image":[{"width":720,"height":405,"url":"https:\/\/evertonfc.cz\/wp-content\/uploads\/2019\/01\/transfer.jpg","type":"image\/jpeg"}],"author":"Ri\u010di","twitter_card":"summary_large_image","twitter_creator":"@rbrejsa","twitter_misc":{"Napsal(a)":"Ri\u010di","Odhadovan\u00e1 doba \u010dten\u00ed":"4 minuty"},"schema":{"@context":"https:\/\/schema.org","@graph":[{"@type":"Article","@id":"https:\/\/evertonfc.cz\/index.php\/2016\/09\/07\/profil-yannick-bolasie\/#article","isPartOf":{"@id":"https:\/\/evertonfc.cz\/index.php\/2016\/09\/07\/profil-yannick-bolasie\/"},"author":{"name":"Ri\u010di","@id":"https:\/\/evertonfc.cz\/#\/schema\/person\/f7a5daedb2ffee98480bc70e191aaef1"},"headline":"Profil: Yannick Bolasie","datePublished":"2016-09-07T18:06:55+00:00","dateModified":"2019-02-11T21:49:03+00:00","mainEntityOfPage":{"@id":"https:\/\/evertonfc.cz\/index.php\/2016\/09\/07\/profil-yannick-bolasie\/"},"wordCount":876,"commentCount":0,"publisher":{"@id":"https:\/\/evertonfc.cz\/#organization"},"image":{"@id":"https:\/\/evertonfc.cz\/index.php\/2016\/09\/07\/profil-yannick-bolasie\/#primaryimage"},"thumbnailUrl":"https:\/\/evertonfc.cz\/wp-content\/uploads\/2019\/01\/transfer.jpg","articleSection":["Z\u00e1pasy"],"inLanguage":"cs","potentialAction":[{"@type":"CommentAction","name":"Comment","target":["https:\/\/evertonfc.cz\/index.php\/2016\/09\/07\/profil-yannick-bolasie\/#respond"]}]},{"@type":"WebPage","@id":"https:\/\/evertonfc.cz\/index.php\/2016\/09\/07\/profil-yannick-bolasie\/","url":"https:\/\/evertonfc.cz\/index.php\/2016\/09\/07\/profil-yannick-bolasie\/","name":"Profil: Yannick Bolasie - Official Czech &amp; Slovak Everton Supporters&#039; Club","isPartOf":{"@id":"https:\/\/evertonfc.cz\/#website"},"primaryImageOfPage":{"@id":"https:\/\/evertonfc.cz\/index.php\/2016\/09\/07\/profil-yannick-bolasie\/#primaryimage"},"image":{"@id":"https:\/\/evertonfc.cz\/index.php\/2016\/09\/07\/profil-yannick-bolasie\/#primaryimage"},"thumbnailUrl":"https:\/\/evertonfc.cz\/wp-content\/uploads\/2019\/01\/transfer.jpg","datePublished":"2016-09-07T18:06:55+00:00","dateModified":"2019-02-11T21:49:03+00:00","breadcrumb":{"@id":"https:\/\/evertonfc.cz\/index.php\/2016\/09\/07\/profil-yannick-bolasie\/#breadcrumb"},"inLanguage":"cs","potentialAction":[{"@type":"ReadAction","target":["https:\/\/evertonfc.cz\/index.php\/2016\/09\/07\/profil-yannick-bolasie\/"]}]},{"@type":"ImageObject","inLanguage":"cs","@id":"https:\/\/evertonfc.cz\/index.php\/2016\/09\/07\/profil-yannick-bolasie\/#primaryimage","url":"https:\/\/evertonfc.cz\/wp-content\/uploads\/2019\/01\/transfer.jpg","contentUrl":"https:\/\/evertonfc.cz\/wp-content\/uploads\/2019\/01\/transfer.jpg","width":720,"height":405},{"@type":"BreadcrumbList","@id":"https:\/\/evertonfc.cz\/index.php\/2016\/09\/07\/profil-yannick-bolasie\/#breadcrumb","itemListElement":[{"@type":"ListItem","position":1,"name":"Home","item":"https:\/\/evertonfc.cz\/"},{"@type":"ListItem","position":2,"name":"Profil: Yannick Bolasie"}]},{"@type":"WebSite","@id":"https:\/\/evertonfc.cz\/#website","url":"https:\/\/evertonfc.cz\/","name":"Official Czech &amp; Slovak Everton Supporters&#039; Club","description":"","publisher":{"@id":"https:\/\/evertonfc.cz\/#organization"},"potentialAction":[{"@type":"SearchAction","target":{"@type":"EntryPoint","urlTemplate":"https:\/\/evertonfc.cz\/?s={search_term_string}"},"query-input":{"@type":"PropertyValueSpecification","valueRequired":true,"valueName":"search_term_string"}}],"inLanguage":"cs"},{"@type":"Organization","@id":"https:\/\/evertonfc.cz\/#organization","name":"Official Czech & Slovak Everton Supporters' Club","url":"https:\/\/evertonfc.cz\/","logo":{"@type":"ImageObject","inLanguage":"cs","@id":"https:\/\/evertonfc.cz\/#\/schema\/logo\/image\/","url":"https:\/\/evertonfc.cz\/wp-content\/uploads\/2019\/05\/logo.png","contentUrl":"https:\/\/evertonfc.cz\/wp-content\/uploads\/2019\/05\/logo.png","width":112,"height":112,"caption":"Official Czech & Slovak Everton Supporters' Club"},"image":{"@id":"https:\/\/evertonfc.cz\/#\/schema\/logo\/image\/"},"sameAs":["https:\/\/www.facebook.com\/everton.fans.cz.sk"]},{"@type":"Person","@id":"https:\/\/evertonfc.cz\/#\/schema\/person\/f7a5daedb2ffee98480bc70e191aaef1","name":"Ri\u010di","sameAs":["https:\/\/x.com\/rbrejsa"],"url":"https:\/\/evertonfc.cz\/index.php\/author\/rici\/"}]}},"_links":{"self":[{"href":"https:\/\/evertonfc.cz\/index.php\/wp-json\/wp\/v2\/posts\/3535"}],"collection":[{"href":"https:\/\/evertonfc.cz\/index.php\/wp-json\/wp\/v2\/posts"}],"about":[{"href":"https:\/\/evertonfc.cz\/index.php\/wp-json\/wp\/v2\/types\/post"}],"author":[{"embeddable":true,"href":"https:\/\/evertonfc.cz\/index.php\/wp-json\/wp\/v2\/users\/6"}],"replies":[{"embeddable":true,"href":"https:\/\/evertonfc.cz\/index.php\/wp-json\/wp\/v2\/comments?post=3535"}],"version-history":[{"count":3,"href":"https:\/\/evertonfc.cz\/index.php\/wp-json\/wp\/v2\/posts\/3535\/revisions"}],"predecessor-version":[{"id":3689,"href":"https:\/\/evertonfc.cz\/index.php\/wp-json\/wp\/v2\/posts\/3535\/revisions\/3689"}],"wp:featuredmedia":[{"embeddable":true,"href":"https:\/\/evertonfc.cz\/index.php\/wp-json\/wp\/v2\/media\/1316"}],"wp:attachment":[{"href":"https:\/\/evertonfc.cz\/index.php\/wp-json\/wp\/v2\/media?parent=3535"}],"wp:term":[{"taxonomy":"category","embeddable":true,"href":"https:\/\/evertonfc.cz\/index.php\/wp-json\/wp\/v2\/categories?post=3535"},{"taxonomy":"post_tag","embeddable":true,"href":"https:\/\/evertonfc.cz\/index.php\/wp-json\/wp\/v2\/tags?post=3535"}],"curies":[{"name":"wp","href":"https:\/\/api.w.org\/{rel}","templated":true}]}}