{"id":3539,"date":"2016-09-05T20:09:38","date_gmt":"2016-09-05T18:09:38","guid":{"rendered":"http:\/\/evertonfc.cz\/?p=3539"},"modified":"2021-02-24T15:18:11","modified_gmt":"2021-02-24T14:18:11","slug":"profil-volajte-ma-gana","status":"publish","type":"post","link":"https:\/\/evertonfc.cz\/index.php\/2016\/09\/05\/profil-volajte-ma-gana\/","title":{"rendered":"Profil: &#8222;Volajte ma Gana&#8220;"},"content":{"rendered":"<h4 id=\"NewsPostDetailSummary\">Mo\u017eno to nie je tak\u00e9 zvu\u010dn\u00e9 meno ako Witsel \u010di Strootman ale v hlav\u00e1ch Evertonians sa u\u017e stihlo zap\u00edsa\u0165 hrub\u00fdm p\u00edsmom. Re\u010d je o novej letnej posile, ktor\u00e1 preferuje oslovenie Gana &#8211; Idrissa Gueye V\u00e1\u017een\u00ed&#8230;<\/h4>\n<div id=\"NewsPostDetailContent\">\n<p>Ne\u00fanavn\u00fd &#8211; excelentn\u00fd pohyb na ihrisku, fantastick\u00e9 \u010d\u00edtanie hry, ist\u00fd na lopte a skvel\u00e9 obrann\u00e9 z\u00e1kroky. To je hlavn\u00e1 charakteristika nov\u00e9ho \u010d\u00edsla 17, ktor\u00e9 druh\u00e9ho augusta podp\u00edsalo 4-ro\u010dn\u00fd kontrakt na L4. Vedeli ste, \u017ee ako mal\u00fd chlapec fandil Manchestru United?<\/p>\n<p>\u201e<em>Ke\u010f m\u00e1 niekto klauzulu v zmluve, je to ako mu da\u0165 mo\u017enos\u0165 zrady. Jeden de\u0148 ost\u00e1va a na druh\u00fd u\u017e zdrh\u00e1.<\/em>\u201c<\/p>\n<p>To boli slov\u00e1 Dr. Tonyho Xia na soci\u00e1lnej sieti Twitter, nov\u00e9ho majite\u013ea AVFC, potom \u010do Everton zaplatil vy\u0161e siedmich mili\u00f3nov za nevysok\u00e9ho senegalsk\u00e9ho stredopoliara. Pravda je tak\u00e1, \u017ee ani jedna strana sa nem\u00f4\u017ee s\u0165a\u017eova\u0165. V Aston Ville mali myslie\u0165 dopredu a v Goodison Parku si mydlia ruky. Tomuto sa vrav\u00ed obchod.<\/p>\n<p>V minulej sez\u00f3ne bol Idrissa jedna z t\u00fdch pozit\u00edvnej\u0161\u00edch vec\u00ed na pot\u00e1paj\u00facej sa Ville a risk z k\u00fapy hr\u00e1\u010da, ktor\u00fd je zvyknut\u00fd prehr\u00e1va\u0165, plynie v\u017edy. Je tam v\u0161ak jeden rozdiel. Ale po\u010fme pekne poporade. Naroden\u00fd 26. septembra 1989 v Dakare, ho zrejme v z\u00e1vody v p\u00fa\u0161ti neoslovili a tak sk\u00fasil svoje \u0161\u0165astie v najpopul\u00e1rnej\u0161om \u0161porte na svete. Svoje umenie za\u010dal rozv\u00edja\u0165 v Diambars FC de Saly, \u010do je senegalsk\u00e1 futbalov\u00e1 akad\u00e9mia zalo\u017een\u00e1 v roku 2000 zn\u00e1mym menom, Patrickom Vieirom.<\/p>\n<p>Vo franc\u00fazskej lige by ste na\u0161li bezpo\u010det hr\u00e1\u010dov, \u010do maj\u00fa t\u00fato vec spolo\u010dn\u00fa. Tak\u017ee netrvalo dlho a skauti z OSC Lille si v\u0161imli vtedy 13 ro\u010dn\u00fd talent a nev\u00e1hali s podpisom zmluvy. Datovan\u00e9 2003. Mlad\u00fd Gueye e\u0161te 5 rokov ostal v Diambers, kde sa predsa len dostane hr\u00e1\u010dom viac pozornosti ne\u017e by tomu bolo v cudzej krajine a potom u\u017e cepoval svoje prednosti v spom\u00ednanom B\u00e9\u010dku Lille. Tam za dva roky odohral 55 z\u00e1pasov a strelil 2 g\u00f3ly.<\/p>\n<p>Ke\u010f som na za\u010diatku spomenul risk v podobe hr\u00e1\u010da zo zostupuj\u00faceho t\u00edmu, treba si uvedomi\u0165, \u017ee Idrissa Gueye bol promovan\u00fd do A t\u00edmu Les Dogues ke\u010f sa darilo najviac. V &#8222;Barce severu&#8220; ako sa dru\u017eine Rudiho Garc\u00edu hovorilo, sa nev\u00e1halo d\u00e1va\u0165 \u0161ance mlad\u00fdm talentom. Teraz u\u017e b\u00fdval\u00fd tr\u00e9ner AS R\u00edm tam za\u017eil svoje doteraz najsvetlej\u0161ie chv\u00edle. Spolu s n\u00edm aj Gana, mlad\u00fd Eden Hazard a nesmel ch\u00fdba\u0165 Yohan Cabaye. \u010co z toho plynulo?<\/p>\n<p>V sez\u00f3ne 2010\/2011 ligov\u00fd titul a ligov\u00fd poh\u00e1r. Gueyeho prispenie \u2013 18 z\u00e1pasov a 2 g\u00f3ly. Ten premi\u00e9rov\u00fd strelil 17. febru\u00e1ra v Eur\u00f3pskej lige doma proti PSV Eindhoven pri rem\u00edze 2:2. V nasleduj\u00facich sez\u00f3nach, aj ke\u010f sa u\u017e to\u013eko nedarilo, Idrissa sa st\u00e1val k\u013e\u00fa\u010dovou postavou t\u00edmu zo severu franc\u00fazska. Minut\u00e1\u017ee sa mu oproti premi\u00e9rovej sez\u00f3ne zdvoj a\u017e stroj-n\u00e1sobili a \u0161tatistiky padali do oka nejedn\u00e9mu skautovi.<\/p>\n<p>Klub sa preto v 2013 rozhodol predl\u017e\u00ed\u0165 s n\u00edm zmluvu o \u010fal\u0161ie 3 roky, teda do 2018. Celkov\u00e1 bilancia z p\u00f4sobenia vo Franc\u00fazsku \u010din\u00ed 176 z\u00e1pasov, 6 g\u00f3lov a 5 asistenci\u00ed. 25 \u017elt\u00fdch k\u00e1rt a a\u017e jeden kr\u00e1t zinkasoval \u010derven\u00fa. U fan\u00fa\u0161ikov Lille si z\u00edskal ve\u013ek\u00fa priaze\u0148 najm\u00e4 za jeho pracovitos\u0165 na ihrisku a z rovnak\u00e9ho d\u00f4vodu a samozrejme aj nieko\u013eko \u010fal\u0161\u00edch, si ho vybrala pred rokom Aston Villa. Za \u010diastku 9 mili\u00f3nov libier sa s\u0165ahoval do Birminghamu.<\/p>\n<p>Ke\u010f pri\u0161iel na ostrovy, s\u00e1m svoju angli\u010dtinu pop\u00edsal ako nedostato\u010dn\u00fa ale u\u017e teraz komunikuje na pokro\u010dilej \u00farovni. Ako je \u0148om zn\u00e1me, v \u0161atni je tich\u00fd, o\u010dividne sa ner\u00e1d prece\u0148uje ale z\u00e1rove\u0148 je s\u00fa\u0165a\u017eiv\u00fd. Tim Sherwood ne\u0161etril slovami chv\u00e1li. Za minul\u00fa sez\u00f3nu len traja hr\u00e1\u010di z piatich najlep\u0161\u00edch l\u00edg pod\u013ea hodnotenia UEFA mali viac zachyten\u00fdch prihr\u00e1vok (86) ne\u017e on. V eur\u00f3pskom rebr\u00ed\u010dku \u00f4smy \u010do sa t\u00fdka obrann\u00fdch z\u00e1krokov a v Premier League \u0161tvrt\u00fd v rovnakej discipl\u00edne. Vyhral 78% s\u00fabojov, 60% t\u00fdch vzdu\u0161n\u00fdch, pri\u010dom jeho v\u00fd\u0161ka je len 174 cm.<\/p>\n<p>A to v\u0161etko pri udr\u017ean\u00ed si 85% presnosti prihr\u00e1vok. Jeho defenz\u00edvne \u0161tatistiky a nie len za minul\u00fa sez\u00f3nu, s\u00fa jednoducho \u00fachvatn\u00e9. Zo za\u010diatku sez\u00f3ny sa uk\u00e1zal ako najlep\u0161ia posila ale pr\u00edbeh Aston Villy z minulej sez\u00f3ny pozn\u00e1me. Ke\u010f nie s\u00fa v\u00fdsledky, trpia v\u0161etci. Aj Gana si vybral p\u00e1r momentov, na ktor\u00e9 by najrad\u0161ej zabudol. Z 37 z\u00e1pasoch v ktor\u00fdch za Villans nast\u00fapil, skon\u010dili v\u00fdhrou len 3.<\/p>\n<p>Ale predsa patril medzi opory, na ktor\u00e9 bol spo\u013eah. Celkovo za birminghamsk\u00fd klub odohral 38 z\u00e1pasov, dal 1 g\u00f3l a na jeden asistoval. Zostup do druhej ligy nebolo to v \u010do d\u00fafal &#8211; \u201e<em>Najd\u00f4le\u017eitej\u0161ia vec bola pr\u00eds\u0165 do Anglicka zlep\u0161i\u0165 sa a nesk\u00f4r si n\u00e1js\u0165 ve\u013ek\u00fd klub.<\/em>\u201c &#8211; na\u0161\u0165astie jeho meno patrilo do zoznamu v notese Steve Walsha a ke\u010f Koeman zavol\u00e1, nemalo by sa v\u00e1ha\u0165.<\/p>\n<p>Na medzin\u00e1rodnej \u00farovni reprezentuje Senegal a doteraz si zap\u00edsal 37 z\u00e1rezov v n\u00e1rodnom t\u00edme. Debut za\u017eil v 2011. Z\u00fa\u010dastnil sa olympijsk\u00fdch hier v roku 2012 a taktie\u017e v africkom poh\u00e1ri n\u00e1rodov 2015, tak\u017ee m\u00f4\u017eeme o\u010dak\u00e1va\u0165 jeho absenciu v zimn\u00fdch mesiacoch.<\/p>\n<h4>Povedali o \u0148om:<\/h4>\n<p>T. Sherwood &#8211; \u201e<em>Ke\u010f je na ihrisku, vyzer\u00e1 ako mon\u0161trum. Hr\u00e1 tak. Keby sme za\u010dali zbiera\u0165 body, \u013eudia by si uvedomili ak\u00fd ve\u013ek\u00fd pr\u00ednos m\u00e1 pre mu\u017estvo. Je ve\u013emi \u013eahk\u00e9 poveda\u0165 o niekom, \u017ee nie je dobr\u00fd ke\u010f sa t\u00fdmu nedar\u00ed. Zapadol r\u00fdchlej\u0161ie ne\u017e ktoko\u013evek in\u00fd. Pre niektor\u00fdch hr\u00e1\u010dov b\u00fdva \u0165a\u017ek\u00e9 zvykn\u00fa\u0165 si na r\u00fdchlos\u0165 PL ale pre neho v\u00f4bec<\/em>.\u201c<\/p>\n<p>Alain Giresse &#8211; \u201e<em>Je tak\u00fd dobr\u00fd ako Jean Tigana.<\/em>\u201c = Tigana bol \u010dlenom z\u00e1lohy Magick\u00e9ho \u0160tvorca franc\u00fazskej reprezent\u00e1cie na Eure 1984. Pozost\u00e1val z Giresseho, Luisa Fernandeza, Platiniho a Tiganu. Posledne menovan\u00fd bol zn\u00e1my pre svoju ne\u00fanavnos\u0165 a bol pova\u017eovan\u00fd za jedn\u00e9ho z najlep\u0161\u00edch stredopoliarov svojej doby.<\/p>\n<\/div>\n","protected":false},"excerpt":{"rendered":"<p>Mo\u017eno to nie je tak\u00e9 zvu\u010dn\u00e9 meno ako Witsel \u010di Strootman ale v hlav\u00e1ch Evertonians sa u\u017e stihlo zap\u00edsa\u0165 hrub\u00fdm&hellip;<\/p>\n","protected":false},"author":1,"featured_media":6599,"comment_status":"open","ping_status":"closed","sticky":false,"template":"","format":"standard","meta":{"_eb_attr":"","_monsterinsights_skip_tracking":false,"_monsterinsights_sitenote_active":false,"_monsterinsights_sitenote_note":"","_monsterinsights_sitenote_category":0,"footnotes":""},"categories":[41],"tags":[],"yoast_head":"<!-- This site is optimized with the Yoast SEO plugin v23.4 - https:\/\/yoast.com\/wordpress\/plugins\/seo\/ -->\n<title>Profil: &quot;Volajte ma Gana&quot; - Official Czech &amp; Slovak Everton Supporters&#039; Club<\/title>\n<meta name=\"robots\" content=\"index, follow, max-snippet:-1, max-image-preview:large, max-video-preview:-1\" \/>\n<link rel=\"canonical\" href=\"https:\/\/evertonfc.cz\/index.php\/2016\/09\/05\/profil-volajte-ma-gana\/\" \/>\n<meta property=\"og:locale\" content=\"cs_CZ\" \/>\n<meta property=\"og:type\" content=\"article\" \/>\n<meta property=\"og:title\" content=\"Profil: &quot;Volajte ma Gana&quot; - Official Czech &amp; Slovak Everton Supporters&#039; Club\" \/>\n<meta property=\"og:description\" content=\"Mo\u017eno to nie je tak\u00e9 zvu\u010dn\u00e9 meno ako Witsel \u010di Strootman ale v hlav\u00e1ch Evertonians sa u\u017e stihlo zap\u00edsa\u0165 hrub\u00fdm&hellip;\" \/>\n<meta property=\"og:url\" content=\"https:\/\/evertonfc.cz\/index.php\/2016\/09\/05\/profil-volajte-ma-gana\/\" \/>\n<meta property=\"og:site_name\" content=\"Official Czech &amp; Slovak Everton Supporters&#039; Club\" \/>\n<meta property=\"article:publisher\" content=\"https:\/\/www.facebook.com\/everton.fans.cz.sk\" \/>\n<meta property=\"article:published_time\" content=\"2016-09-05T18:09:38+00:00\" \/>\n<meta property=\"article:modified_time\" content=\"2021-02-24T14:18:11+00:00\" \/>\n<meta property=\"og:image\" content=\"https:\/\/evertonfc.cz\/wp-content\/uploads\/2019\/02\/gana_19_2_2019.jpg\" \/>\n\t<meta property=\"og:image:width\" content=\"720\" \/>\n\t<meta property=\"og:image:height\" content=\"405\" \/>\n\t<meta property=\"og:image:type\" content=\"image\/jpeg\" \/>\n<meta name=\"author\" content=\"BlueBlooded\" \/>\n<meta name=\"twitter:card\" content=\"summary_large_image\" \/>\n<meta name=\"twitter:label1\" content=\"Napsal(a)\" \/>\n\t<meta name=\"twitter:data1\" content=\"BlueBlooded\" \/>\n\t<meta name=\"twitter:label2\" content=\"Odhadovan\u00e1 doba \u010dten\u00ed\" \/>\n\t<meta name=\"twitter:data2\" content=\"4 minuty\" \/>\n<script type=\"application\/ld+json\" class=\"yoast-schema-graph\">{\"@context\":\"https:\/\/schema.org\",\"@graph\":[{\"@type\":\"Article\",\"@id\":\"https:\/\/evertonfc.cz\/index.php\/2016\/09\/05\/profil-volajte-ma-gana\/#article\",\"isPartOf\":{\"@id\":\"https:\/\/evertonfc.cz\/index.php\/2016\/09\/05\/profil-volajte-ma-gana\/\"},\"author\":{\"name\":\"BlueBlooded\",\"@id\":\"https:\/\/evertonfc.cz\/#\/schema\/person\/d4493b8cbea51532597fbc4685698916\"},\"headline\":\"Profil: &#8222;Volajte ma Gana&#8220;\",\"datePublished\":\"2016-09-05T18:09:38+00:00\",\"dateModified\":\"2021-02-24T14:18:11+00:00\",\"mainEntityOfPage\":{\"@id\":\"https:\/\/evertonfc.cz\/index.php\/2016\/09\/05\/profil-volajte-ma-gana\/\"},\"wordCount\":1084,\"commentCount\":0,\"publisher\":{\"@id\":\"https:\/\/evertonfc.cz\/#organization\"},\"image\":{\"@id\":\"https:\/\/evertonfc.cz\/index.php\/2016\/09\/05\/profil-volajte-ma-gana\/#primaryimage\"},\"thumbnailUrl\":\"https:\/\/evertonfc.cz\/wp-content\/uploads\/2019\/02\/gana_19_2_2019.jpg\",\"articleSection\":[\"P\u0159estupy\"],\"inLanguage\":\"cs\",\"potentialAction\":[{\"@type\":\"CommentAction\",\"name\":\"Comment\",\"target\":[\"https:\/\/evertonfc.cz\/index.php\/2016\/09\/05\/profil-volajte-ma-gana\/#respond\"]}]},{\"@type\":\"WebPage\",\"@id\":\"https:\/\/evertonfc.cz\/index.php\/2016\/09\/05\/profil-volajte-ma-gana\/\",\"url\":\"https:\/\/evertonfc.cz\/index.php\/2016\/09\/05\/profil-volajte-ma-gana\/\",\"name\":\"Profil: \\\"Volajte ma Gana\\\" - Official Czech &amp; Slovak Everton Supporters&#039; Club\",\"isPartOf\":{\"@id\":\"https:\/\/evertonfc.cz\/#website\"},\"primaryImageOfPage\":{\"@id\":\"https:\/\/evertonfc.cz\/index.php\/2016\/09\/05\/profil-volajte-ma-gana\/#primaryimage\"},\"image\":{\"@id\":\"https:\/\/evertonfc.cz\/index.php\/2016\/09\/05\/profil-volajte-ma-gana\/#primaryimage\"},\"thumbnailUrl\":\"https:\/\/evertonfc.cz\/wp-content\/uploads\/2019\/02\/gana_19_2_2019.jpg\",\"datePublished\":\"2016-09-05T18:09:38+00:00\",\"dateModified\":\"2021-02-24T14:18:11+00:00\",\"breadcrumb\":{\"@id\":\"https:\/\/evertonfc.cz\/index.php\/2016\/09\/05\/profil-volajte-ma-gana\/#breadcrumb\"},\"inLanguage\":\"cs\",\"potentialAction\":[{\"@type\":\"ReadAction\",\"target\":[\"https:\/\/evertonfc.cz\/index.php\/2016\/09\/05\/profil-volajte-ma-gana\/\"]}]},{\"@type\":\"ImageObject\",\"inLanguage\":\"cs\",\"@id\":\"https:\/\/evertonfc.cz\/index.php\/2016\/09\/05\/profil-volajte-ma-gana\/#primaryimage\",\"url\":\"https:\/\/evertonfc.cz\/wp-content\/uploads\/2019\/02\/gana_19_2_2019.jpg\",\"contentUrl\":\"https:\/\/evertonfc.cz\/wp-content\/uploads\/2019\/02\/gana_19_2_2019.jpg\",\"width\":720,\"height\":405},{\"@type\":\"BreadcrumbList\",\"@id\":\"https:\/\/evertonfc.cz\/index.php\/2016\/09\/05\/profil-volajte-ma-gana\/#breadcrumb\",\"itemListElement\":[{\"@type\":\"ListItem\",\"position\":1,\"name\":\"Home\",\"item\":\"https:\/\/evertonfc.cz\/\"},{\"@type\":\"ListItem\",\"position\":2,\"name\":\"Profil: &#8222;Volajte ma Gana&#8220;\"}]},{\"@type\":\"WebSite\",\"@id\":\"https:\/\/evertonfc.cz\/#website\",\"url\":\"https:\/\/evertonfc.cz\/\",\"name\":\"Official Czech &amp; Slovak Everton Supporters&#039; Club\",\"description\":\"\",\"publisher\":{\"@id\":\"https:\/\/evertonfc.cz\/#organization\"},\"potentialAction\":[{\"@type\":\"SearchAction\",\"target\":{\"@type\":\"EntryPoint\",\"urlTemplate\":\"https:\/\/evertonfc.cz\/?s={search_term_string}\"},\"query-input\":{\"@type\":\"PropertyValueSpecification\",\"valueRequired\":true,\"valueName\":\"search_term_string\"}}],\"inLanguage\":\"cs\"},{\"@type\":\"Organization\",\"@id\":\"https:\/\/evertonfc.cz\/#organization\",\"name\":\"Official Czech & Slovak Everton Supporters' Club\",\"url\":\"https:\/\/evertonfc.cz\/\",\"logo\":{\"@type\":\"ImageObject\",\"inLanguage\":\"cs\",\"@id\":\"https:\/\/evertonfc.cz\/#\/schema\/logo\/image\/\",\"url\":\"https:\/\/evertonfc.cz\/wp-content\/uploads\/2019\/05\/logo.png\",\"contentUrl\":\"https:\/\/evertonfc.cz\/wp-content\/uploads\/2019\/05\/logo.png\",\"width\":112,\"height\":112,\"caption\":\"Official Czech & Slovak Everton Supporters' Club\"},\"image\":{\"@id\":\"https:\/\/evertonfc.cz\/#\/schema\/logo\/image\/\"},\"sameAs\":[\"https:\/\/www.facebook.com\/everton.fans.cz.sk\"]},{\"@type\":\"Person\",\"@id\":\"https:\/\/evertonfc.cz\/#\/schema\/person\/d4493b8cbea51532597fbc4685698916\",\"name\":\"BlueBlooded\",\"url\":\"https:\/\/evertonfc.cz\/index.php\/author\/admin\/\"}]}<\/script>\n<!-- \/ Yoast SEO plugin. -->","yoast_head_json":{"title":"Profil: \"Volajte ma Gana\" - Official Czech &amp; Slovak Everton Supporters&#039; Club","robots":{"index":"index","follow":"follow","max-snippet":"max-snippet:-1","max-image-preview":"max-image-preview:large","max-video-preview":"max-video-preview:-1"},"canonical":"https:\/\/evertonfc.cz\/index.php\/2016\/09\/05\/profil-volajte-ma-gana\/","og_locale":"cs_CZ","og_type":"article","og_title":"Profil: \"Volajte ma Gana\" - Official Czech &amp; Slovak Everton Supporters&#039; Club","og_description":"Mo\u017eno to nie je tak\u00e9 zvu\u010dn\u00e9 meno ako Witsel \u010di Strootman ale v hlav\u00e1ch Evertonians sa u\u017e stihlo zap\u00edsa\u0165 hrub\u00fdm&hellip;","og_url":"https:\/\/evertonfc.cz\/index.php\/2016\/09\/05\/profil-volajte-ma-gana\/","og_site_name":"Official Czech &amp; Slovak Everton Supporters&#039; Club","article_publisher":"https:\/\/www.facebook.com\/everton.fans.cz.sk","article_published_time":"2016-09-05T18:09:38+00:00","article_modified_time":"2021-02-24T14:18:11+00:00","og_image":[{"width":720,"height":405,"url":"https:\/\/evertonfc.cz\/wp-content\/uploads\/2019\/02\/gana_19_2_2019.jpg","type":"image\/jpeg"}],"author":"BlueBlooded","twitter_card":"summary_large_image","twitter_misc":{"Napsal(a)":"BlueBlooded","Odhadovan\u00e1 doba \u010dten\u00ed":"4 minuty"},"schema":{"@context":"https:\/\/schema.org","@graph":[{"@type":"Article","@id":"https:\/\/evertonfc.cz\/index.php\/2016\/09\/05\/profil-volajte-ma-gana\/#article","isPartOf":{"@id":"https:\/\/evertonfc.cz\/index.php\/2016\/09\/05\/profil-volajte-ma-gana\/"},"author":{"name":"BlueBlooded","@id":"https:\/\/evertonfc.cz\/#\/schema\/person\/d4493b8cbea51532597fbc4685698916"},"headline":"Profil: &#8222;Volajte ma Gana&#8220;","datePublished":"2016-09-05T18:09:38+00:00","dateModified":"2021-02-24T14:18:11+00:00","mainEntityOfPage":{"@id":"https:\/\/evertonfc.cz\/index.php\/2016\/09\/05\/profil-volajte-ma-gana\/"},"wordCount":1084,"commentCount":0,"publisher":{"@id":"https:\/\/evertonfc.cz\/#organization"},"image":{"@id":"https:\/\/evertonfc.cz\/index.php\/2016\/09\/05\/profil-volajte-ma-gana\/#primaryimage"},"thumbnailUrl":"https:\/\/evertonfc.cz\/wp-content\/uploads\/2019\/02\/gana_19_2_2019.jpg","articleSection":["P\u0159estupy"],"inLanguage":"cs","potentialAction":[{"@type":"CommentAction","name":"Comment","target":["https:\/\/evertonfc.cz\/index.php\/2016\/09\/05\/profil-volajte-ma-gana\/#respond"]}]},{"@type":"WebPage","@id":"https:\/\/evertonfc.cz\/index.php\/2016\/09\/05\/profil-volajte-ma-gana\/","url":"https:\/\/evertonfc.cz\/index.php\/2016\/09\/05\/profil-volajte-ma-gana\/","name":"Profil: \"Volajte ma Gana\" - Official Czech &amp; Slovak Everton Supporters&#039; Club","isPartOf":{"@id":"https:\/\/evertonfc.cz\/#website"},"primaryImageOfPage":{"@id":"https:\/\/evertonfc.cz\/index.php\/2016\/09\/05\/profil-volajte-ma-gana\/#primaryimage"},"image":{"@id":"https:\/\/evertonfc.cz\/index.php\/2016\/09\/05\/profil-volajte-ma-gana\/#primaryimage"},"thumbnailUrl":"https:\/\/evertonfc.cz\/wp-content\/uploads\/2019\/02\/gana_19_2_2019.jpg","datePublished":"2016-09-05T18:09:38+00:00","dateModified":"2021-02-24T14:18:11+00:00","breadcrumb":{"@id":"https:\/\/evertonfc.cz\/index.php\/2016\/09\/05\/profil-volajte-ma-gana\/#breadcrumb"},"inLanguage":"cs","potentialAction":[{"@type":"ReadAction","target":["https:\/\/evertonfc.cz\/index.php\/2016\/09\/05\/profil-volajte-ma-gana\/"]}]},{"@type":"ImageObject","inLanguage":"cs","@id":"https:\/\/evertonfc.cz\/index.php\/2016\/09\/05\/profil-volajte-ma-gana\/#primaryimage","url":"https:\/\/evertonfc.cz\/wp-content\/uploads\/2019\/02\/gana_19_2_2019.jpg","contentUrl":"https:\/\/evertonfc.cz\/wp-content\/uploads\/2019\/02\/gana_19_2_2019.jpg","width":720,"height":405},{"@type":"BreadcrumbList","@id":"https:\/\/evertonfc.cz\/index.php\/2016\/09\/05\/profil-volajte-ma-gana\/#breadcrumb","itemListElement":[{"@type":"ListItem","position":1,"name":"Home","item":"https:\/\/evertonfc.cz\/"},{"@type":"ListItem","position":2,"name":"Profil: &#8222;Volajte ma Gana&#8220;"}]},{"@type":"WebSite","@id":"https:\/\/evertonfc.cz\/#website","url":"https:\/\/evertonfc.cz\/","name":"Official Czech &amp; Slovak Everton Supporters&#039; Club","description":"","publisher":{"@id":"https:\/\/evertonfc.cz\/#organization"},"potentialAction":[{"@type":"SearchAction","target":{"@type":"EntryPoint","urlTemplate":"https:\/\/evertonfc.cz\/?s={search_term_string}"},"query-input":{"@type":"PropertyValueSpecification","valueRequired":true,"valueName":"search_term_string"}}],"inLanguage":"cs"},{"@type":"Organization","@id":"https:\/\/evertonfc.cz\/#organization","name":"Official Czech & Slovak Everton Supporters' Club","url":"https:\/\/evertonfc.cz\/","logo":{"@type":"ImageObject","inLanguage":"cs","@id":"https:\/\/evertonfc.cz\/#\/schema\/logo\/image\/","url":"https:\/\/evertonfc.cz\/wp-content\/uploads\/2019\/05\/logo.png","contentUrl":"https:\/\/evertonfc.cz\/wp-content\/uploads\/2019\/05\/logo.png","width":112,"height":112,"caption":"Official Czech & Slovak Everton Supporters' Club"},"image":{"@id":"https:\/\/evertonfc.cz\/#\/schema\/logo\/image\/"},"sameAs":["https:\/\/www.facebook.com\/everton.fans.cz.sk"]},{"@type":"Person","@id":"https:\/\/evertonfc.cz\/#\/schema\/person\/d4493b8cbea51532597fbc4685698916","name":"BlueBlooded","url":"https:\/\/evertonfc.cz\/index.php\/author\/admin\/"}]}},"_links":{"self":[{"href":"https:\/\/evertonfc.cz\/index.php\/wp-json\/wp\/v2\/posts\/3539"}],"collection":[{"href":"https:\/\/evertonfc.cz\/index.php\/wp-json\/wp\/v2\/posts"}],"about":[{"href":"https:\/\/evertonfc.cz\/index.php\/wp-json\/wp\/v2\/types\/post"}],"author":[{"embeddable":true,"href":"https:\/\/evertonfc.cz\/index.php\/wp-json\/wp\/v2\/users\/1"}],"replies":[{"embeddable":true,"href":"https:\/\/evertonfc.cz\/index.php\/wp-json\/wp\/v2\/comments?post=3539"}],"version-history":[{"count":3,"href":"https:\/\/evertonfc.cz\/index.php\/wp-json\/wp\/v2\/posts\/3539\/revisions"}],"predecessor-version":[{"id":14343,"href":"https:\/\/evertonfc.cz\/index.php\/wp-json\/wp\/v2\/posts\/3539\/revisions\/14343"}],"wp:featuredmedia":[{"embeddable":true,"href":"https:\/\/evertonfc.cz\/index.php\/wp-json\/wp\/v2\/media\/6599"}],"wp:attachment":[{"href":"https:\/\/evertonfc.cz\/index.php\/wp-json\/wp\/v2\/media?parent=3539"}],"wp:term":[{"taxonomy":"category","embeddable":true,"href":"https:\/\/evertonfc.cz\/index.php\/wp-json\/wp\/v2\/categories?post=3539"},{"taxonomy":"post_tag","embeddable":true,"href":"https:\/\/evertonfc.cz\/index.php\/wp-json\/wp\/v2\/tags?post=3539"}],"curies":[{"name":"wp","href":"https:\/\/api.w.org\/{rel}","templated":true}]}}