{"id":3543,"date":"2016-09-01T20:15:07","date_gmt":"2016-09-01T18:15:07","guid":{"rendered":"http:\/\/evertonfc.cz\/?p=3543"},"modified":"2019-02-11T22:53:31","modified_gmt":"2019-02-11T21:53:31","slug":"deadline-day-skoncil-everton-ostrouhal","status":"publish","type":"post","link":"https:\/\/evertonfc.cz\/index.php\/2016\/09\/01\/deadline-day-skoncil-everton-ostrouhal\/","title":{"rendered":"Deadline Day skon\u010dil, Everton ostrouhal"},"content":{"rendered":"<h4 id=\"NewsPostDetailSummary\">Velk\u00e1 o\u010dek\u00e1v\u00e1n\u00ed se nenaplnila, Toffees nedok\u00e1zali p\u0159iv\u00e9st sv\u00e9 vytipovan\u00e9 c\u00edle a mus\u00ed se spokojit pouze s hostov\u00e1n\u00edm Ennera Valencii z West Hamu. Nav\u00edc ani nedok\u00e1zali udat necht\u011bn\u00e9ho Niasseho.<\/h4>\n<div id=\"NewsPostDetailContent\">\n<p>Ekv\u00e1dorsk\u00fd reprezentant rozhodn\u011b nepat\u0159il na vrchol posil Ronalda Koemana. Mana\u017eer si do \u00fatoku vyhl\u00e9dl Lucase P\u00e9reze, jeho\u017e v\u0161ak u\u017e d\u0159\u00edve p\u0159et\u00e1hl Arsenal. Z\u00edskat se nepoda\u0159ilo ani dal\u0161\u00ed c\u00edl, Manola Gabbiadiniho pro zm\u011bnu odm\u00edtla prodat Neapol. Nep\u0159esv\u011bd\u010dila ji ani vylep\u0161en\u00e1 nab\u00eddka ve v\u00fd\u0161i \u00a319,5m<\/p>\n<p>Valencia rozhodn\u011b nebude \u017e\u00e1dn\u00e9 terno, Hammers ho pustili s lehk\u00fdm srdcem, kdy\u017e si dok\u00e1zali zajistit slu\u017eby Simoneho Zazy z Juventusu. Toffees ofenzivn\u00edho univerz\u00e1la podepsali na ro\u010dn\u00ed hostov\u00e1n\u00ed (za \u00a31,5m) s opc\u00ed na p\u0159estup v hodnot\u011b \u00a314,5m.<\/p>\n<p>\u0160estadvacetilet\u00fd reprezentant nejl\u00e9pe zahraje na hrotu \u00fatoku, ciz\u00ed mu ale nejsou ani sta\u017een\u011bj\u0161\u00ed pozice. V posledn\u00ed dob\u011b ho na Upton Parku vyu\u017e\u00edvali pr\u00e1v\u011b hlavn\u011b z lev\u00e9ho k\u0159\u00eddla, jinak nej\u010dast\u011bji nastupoval v sam\u00e9m \u00fatoku. West Ham ho koupil po Mistrovstv\u00ed sv\u011bta 2014 z mexick\u00e9ho celku Pachuca. Celkov\u011b si za Lond\u00fd\u0148any zahr\u00e1l 68x, vst\u0159elil 10 branek a sedmkr\u00e1t asistoval u g\u00f3lu.<\/p>\n<p>Krom\u011b Valencii Blues rovn\u011b\u017e anga\u017eovali talent do budoucnosti, ze Sheffieldu United koupili Dominica Calvert-Lewina za \u00a31,5m. Devaten\u00e1ctilet\u00fd \u00fato\u010dn\u00edk, aktu\u00e1ln\u011b s reprezentac\u00ed Anglie U20, debutoval v prvn\u00edm t\u00fdmu Blades na konci sez\u00f3ny 2014\/15. Velkou \u010d\u00e1st lo\u0148sk\u00e9ho roku pobyl na hostov\u00e1n\u00ed o patro n\u00ed\u017ee v League Two v Northamptonu Town s bilanc\u00ed 26 utk\u00e1n\u00ed a osmi branek. V Evertonu se za\u0159ad\u00ed do v\u00fdb\u011bru U23.<\/p>\n<p>S Goodison Parkem, \u010di sp\u00ed\u0161e Finch Farm, se minim\u00e1ln\u011b na rok rozlou\u010dil necht\u011bn\u00fd Aiden McGeady. Ronald Koeman mu jasn\u011b nazna\u010dil, \u017ee si pod n\u00edm nekopne, a tak k\u0159\u00eddeln\u00edk svolil s hostov\u00e1n\u00edm v Prestonu North End.<\/p>\n<p>A jak se v\u016fbec Deadline Day vyv\u00edjel?<\/p>\n<p>Everton od r\u00e1na po\u0161ilh\u00e1val po Yacinem Brahimim z Porta. Lev\u00e9ho k\u0159\u00eddeln\u00edka dokonce ocenil na \u00a334m, nicm\u00e9n\u011b Portugalci po\u017eadovali vy\u0161\u0161\u00ed sumu, co\u017e se setkalo s odm\u00edtavou odpov\u011bd\u00ed. Neuskute\u010dnil se ani zm\u00edn\u011bn\u00fd p\u0159estup Gabbiadiniho a rovn\u011b\u017e ve\u010dern\u00ed snaha v\u00a0honb\u011b za posilou vyzn\u011bla vnive\u010d. Na\u0161t\u011bst\u00ed.<\/p>\n<p>Toffees vysolili na st\u016fl \u00a330m za Moussu Sissoka z Newcastlu United. Geordies \u010d\u00e1stku akceptovali a hodinu p\u0159ed uz\u00e1v\u011brkou to vypadalo na uskute\u010dn\u00ed transferu. V Liverpoolu byla p\u0159ipravena smlouva pro hr\u00e1\u010de a v\u0161e pot\u0159ebn\u00e9 k vy\u0159\u00edzen\u00ed zdravotn\u00ed prohl\u00eddky. T\u0159iceti milionovou nab\u00eddku v\u0161ak na posledn\u00ed chv\u00edli dorovnal Tottenham, Sissoko vypnul mobiln\u00ed telefon a Koeman ho marn\u011b vyt\u00e1\u010del. Francouzsk\u00fd z\u00e1lo\u017en\u00edk si vybral Spurs.<\/p>\n<p>K\u00fd\u017een\u00e1 posila do \u00fatoku tedy nedorazila, klub by m\u011bl b\u00fdt schopen zajistit podpis kvalitn\u011bj\u0161\u00edho fotbalisty ne\u017e je Valencii. P\u0159es Koemanovo p\u0159\u00e1n\u00ed se nevyztu\u017eil ani brank\u00e1\u0159sk\u00fd post a obrann\u00e1 \u0159ada. Z\u00e1v\u011br p\u0159estupov\u00e9ho okna se nepovedl \u2013 jin\u00e9 konstatov\u00e1n\u00ed nelze uv\u00e9st.<\/p>\n<\/div>\n","protected":false},"excerpt":{"rendered":"<p>Velk\u00e1 o\u010dek\u00e1v\u00e1n\u00ed se nenaplnila, Toffees nedok\u00e1zali p\u0159iv\u00e9st sv\u00e9 vytipovan\u00e9 c\u00edle a mus\u00ed se spokojit pouze s hostov\u00e1n\u00edm Ennera Valencii z&hellip;<\/p>\n","protected":false},"author":6,"featured_media":1316,"comment_status":"open","ping_status":"closed","sticky":false,"template":"","format":"standard","meta":{"_eb_attr":"","_monsterinsights_skip_tracking":false,"_monsterinsights_sitenote_active":false,"_monsterinsights_sitenote_note":"","_monsterinsights_sitenote_category":0,"footnotes":""},"categories":[41],"tags":[],"yoast_head":"<!-- This site is optimized with the Yoast SEO plugin v23.4 - https:\/\/yoast.com\/wordpress\/plugins\/seo\/ -->\n<title>Deadline Day skon\u010dil, Everton ostrouhal - Official Czech &amp; Slovak Everton Supporters&#039; Club<\/title>\n<meta name=\"robots\" content=\"index, follow, max-snippet:-1, max-image-preview:large, max-video-preview:-1\" \/>\n<link rel=\"canonical\" href=\"https:\/\/evertonfc.cz\/index.php\/2016\/09\/01\/deadline-day-skoncil-everton-ostrouhal\/\" \/>\n<meta property=\"og:locale\" content=\"cs_CZ\" \/>\n<meta property=\"og:type\" content=\"article\" \/>\n<meta property=\"og:title\" content=\"Deadline Day skon\u010dil, Everton ostrouhal - Official Czech &amp; Slovak Everton Supporters&#039; Club\" \/>\n<meta property=\"og:description\" content=\"Velk\u00e1 o\u010dek\u00e1v\u00e1n\u00ed se nenaplnila, Toffees nedok\u00e1zali p\u0159iv\u00e9st sv\u00e9 vytipovan\u00e9 c\u00edle a mus\u00ed se spokojit pouze s hostov\u00e1n\u00edm Ennera Valencii z&hellip;\" \/>\n<meta property=\"og:url\" content=\"https:\/\/evertonfc.cz\/index.php\/2016\/09\/01\/deadline-day-skoncil-everton-ostrouhal\/\" \/>\n<meta property=\"og:site_name\" content=\"Official Czech &amp; Slovak Everton Supporters&#039; Club\" \/>\n<meta property=\"article:publisher\" content=\"https:\/\/www.facebook.com\/everton.fans.cz.sk\" \/>\n<meta property=\"article:published_time\" content=\"2016-09-01T18:15:07+00:00\" \/>\n<meta property=\"article:modified_time\" content=\"2019-02-11T21:53:31+00:00\" \/>\n<meta property=\"og:image\" content=\"https:\/\/evertonfc.cz\/wp-content\/uploads\/2019\/01\/transfer.jpg\" \/>\n\t<meta property=\"og:image:width\" content=\"720\" \/>\n\t<meta property=\"og:image:height\" content=\"405\" \/>\n\t<meta property=\"og:image:type\" content=\"image\/jpeg\" \/>\n<meta name=\"author\" content=\"Ri\u010di\" \/>\n<meta name=\"twitter:card\" content=\"summary_large_image\" \/>\n<meta name=\"twitter:creator\" content=\"@rbrejsa\" \/>\n<meta name=\"twitter:label1\" content=\"Napsal(a)\" \/>\n\t<meta name=\"twitter:data1\" content=\"Ri\u010di\" \/>\n\t<meta name=\"twitter:label2\" content=\"Odhadovan\u00e1 doba \u010dten\u00ed\" \/>\n\t<meta name=\"twitter:data2\" content=\"3 minuty\" \/>\n<script type=\"application\/ld+json\" class=\"yoast-schema-graph\">{\"@context\":\"https:\/\/schema.org\",\"@graph\":[{\"@type\":\"Article\",\"@id\":\"https:\/\/evertonfc.cz\/index.php\/2016\/09\/01\/deadline-day-skoncil-everton-ostrouhal\/#article\",\"isPartOf\":{\"@id\":\"https:\/\/evertonfc.cz\/index.php\/2016\/09\/01\/deadline-day-skoncil-everton-ostrouhal\/\"},\"author\":{\"name\":\"Ri\u010di\",\"@id\":\"https:\/\/evertonfc.cz\/#\/schema\/person\/f7a5daedb2ffee98480bc70e191aaef1\"},\"headline\":\"Deadline Day skon\u010dil, Everton ostrouhal\",\"datePublished\":\"2016-09-01T18:15:07+00:00\",\"dateModified\":\"2019-02-11T21:53:31+00:00\",\"mainEntityOfPage\":{\"@id\":\"https:\/\/evertonfc.cz\/index.php\/2016\/09\/01\/deadline-day-skoncil-everton-ostrouhal\/\"},\"wordCount\":551,\"commentCount\":0,\"publisher\":{\"@id\":\"https:\/\/evertonfc.cz\/#organization\"},\"image\":{\"@id\":\"https:\/\/evertonfc.cz\/index.php\/2016\/09\/01\/deadline-day-skoncil-everton-ostrouhal\/#primaryimage\"},\"thumbnailUrl\":\"https:\/\/evertonfc.cz\/wp-content\/uploads\/2019\/01\/transfer.jpg\",\"articleSection\":[\"P\u0159estupy\"],\"inLanguage\":\"cs\",\"potentialAction\":[{\"@type\":\"CommentAction\",\"name\":\"Comment\",\"target\":[\"https:\/\/evertonfc.cz\/index.php\/2016\/09\/01\/deadline-day-skoncil-everton-ostrouhal\/#respond\"]}]},{\"@type\":\"WebPage\",\"@id\":\"https:\/\/evertonfc.cz\/index.php\/2016\/09\/01\/deadline-day-skoncil-everton-ostrouhal\/\",\"url\":\"https:\/\/evertonfc.cz\/index.php\/2016\/09\/01\/deadline-day-skoncil-everton-ostrouhal\/\",\"name\":\"Deadline Day skon\u010dil, Everton ostrouhal - Official Czech &amp; Slovak Everton Supporters&#039; Club\",\"isPartOf\":{\"@id\":\"https:\/\/evertonfc.cz\/#website\"},\"primaryImageOfPage\":{\"@id\":\"https:\/\/evertonfc.cz\/index.php\/2016\/09\/01\/deadline-day-skoncil-everton-ostrouhal\/#primaryimage\"},\"image\":{\"@id\":\"https:\/\/evertonfc.cz\/index.php\/2016\/09\/01\/deadline-day-skoncil-everton-ostrouhal\/#primaryimage\"},\"thumbnailUrl\":\"https:\/\/evertonfc.cz\/wp-content\/uploads\/2019\/01\/transfer.jpg\",\"datePublished\":\"2016-09-01T18:15:07+00:00\",\"dateModified\":\"2019-02-11T21:53:31+00:00\",\"breadcrumb\":{\"@id\":\"https:\/\/evertonfc.cz\/index.php\/2016\/09\/01\/deadline-day-skoncil-everton-ostrouhal\/#breadcrumb\"},\"inLanguage\":\"cs\",\"potentialAction\":[{\"@type\":\"ReadAction\",\"target\":[\"https:\/\/evertonfc.cz\/index.php\/2016\/09\/01\/deadline-day-skoncil-everton-ostrouhal\/\"]}]},{\"@type\":\"ImageObject\",\"inLanguage\":\"cs\",\"@id\":\"https:\/\/evertonfc.cz\/index.php\/2016\/09\/01\/deadline-day-skoncil-everton-ostrouhal\/#primaryimage\",\"url\":\"https:\/\/evertonfc.cz\/wp-content\/uploads\/2019\/01\/transfer.jpg\",\"contentUrl\":\"https:\/\/evertonfc.cz\/wp-content\/uploads\/2019\/01\/transfer.jpg\",\"width\":720,\"height\":405},{\"@type\":\"BreadcrumbList\",\"@id\":\"https:\/\/evertonfc.cz\/index.php\/2016\/09\/01\/deadline-day-skoncil-everton-ostrouhal\/#breadcrumb\",\"itemListElement\":[{\"@type\":\"ListItem\",\"position\":1,\"name\":\"Home\",\"item\":\"https:\/\/evertonfc.cz\/\"},{\"@type\":\"ListItem\",\"position\":2,\"name\":\"Deadline Day skon\u010dil, Everton ostrouhal\"}]},{\"@type\":\"WebSite\",\"@id\":\"https:\/\/evertonfc.cz\/#website\",\"url\":\"https:\/\/evertonfc.cz\/\",\"name\":\"Official Czech &amp; Slovak Everton Supporters&#039; Club\",\"description\":\"\",\"publisher\":{\"@id\":\"https:\/\/evertonfc.cz\/#organization\"},\"potentialAction\":[{\"@type\":\"SearchAction\",\"target\":{\"@type\":\"EntryPoint\",\"urlTemplate\":\"https:\/\/evertonfc.cz\/?s={search_term_string}\"},\"query-input\":{\"@type\":\"PropertyValueSpecification\",\"valueRequired\":true,\"valueName\":\"search_term_string\"}}],\"inLanguage\":\"cs\"},{\"@type\":\"Organization\",\"@id\":\"https:\/\/evertonfc.cz\/#organization\",\"name\":\"Official Czech & Slovak Everton Supporters' Club\",\"url\":\"https:\/\/evertonfc.cz\/\",\"logo\":{\"@type\":\"ImageObject\",\"inLanguage\":\"cs\",\"@id\":\"https:\/\/evertonfc.cz\/#\/schema\/logo\/image\/\",\"url\":\"https:\/\/evertonfc.cz\/wp-content\/uploads\/2019\/05\/logo.png\",\"contentUrl\":\"https:\/\/evertonfc.cz\/wp-content\/uploads\/2019\/05\/logo.png\",\"width\":112,\"height\":112,\"caption\":\"Official Czech & Slovak Everton Supporters' Club\"},\"image\":{\"@id\":\"https:\/\/evertonfc.cz\/#\/schema\/logo\/image\/\"},\"sameAs\":[\"https:\/\/www.facebook.com\/everton.fans.cz.sk\"]},{\"@type\":\"Person\",\"@id\":\"https:\/\/evertonfc.cz\/#\/schema\/person\/f7a5daedb2ffee98480bc70e191aaef1\",\"name\":\"Ri\u010di\",\"sameAs\":[\"https:\/\/x.com\/rbrejsa\"],\"url\":\"https:\/\/evertonfc.cz\/index.php\/author\/rici\/\"}]}<\/script>\n<!-- \/ Yoast SEO plugin. -->","yoast_head_json":{"title":"Deadline Day skon\u010dil, Everton ostrouhal - Official Czech &amp; Slovak Everton Supporters&#039; Club","robots":{"index":"index","follow":"follow","max-snippet":"max-snippet:-1","max-image-preview":"max-image-preview:large","max-video-preview":"max-video-preview:-1"},"canonical":"https:\/\/evertonfc.cz\/index.php\/2016\/09\/01\/deadline-day-skoncil-everton-ostrouhal\/","og_locale":"cs_CZ","og_type":"article","og_title":"Deadline Day skon\u010dil, Everton ostrouhal - Official Czech &amp; Slovak Everton Supporters&#039; Club","og_description":"Velk\u00e1 o\u010dek\u00e1v\u00e1n\u00ed se nenaplnila, Toffees nedok\u00e1zali p\u0159iv\u00e9st sv\u00e9 vytipovan\u00e9 c\u00edle a mus\u00ed se spokojit pouze s hostov\u00e1n\u00edm Ennera Valencii z&hellip;","og_url":"https:\/\/evertonfc.cz\/index.php\/2016\/09\/01\/deadline-day-skoncil-everton-ostrouhal\/","og_site_name":"Official Czech &amp; Slovak Everton Supporters&#039; Club","article_publisher":"https:\/\/www.facebook.com\/everton.fans.cz.sk","article_published_time":"2016-09-01T18:15:07+00:00","article_modified_time":"2019-02-11T21:53:31+00:00","og_image":[{"width":720,"height":405,"url":"https:\/\/evertonfc.cz\/wp-content\/uploads\/2019\/01\/transfer.jpg","type":"image\/jpeg"}],"author":"Ri\u010di","twitter_card":"summary_large_image","twitter_creator":"@rbrejsa","twitter_misc":{"Napsal(a)":"Ri\u010di","Odhadovan\u00e1 doba \u010dten\u00ed":"3 minuty"},"schema":{"@context":"https:\/\/schema.org","@graph":[{"@type":"Article","@id":"https:\/\/evertonfc.cz\/index.php\/2016\/09\/01\/deadline-day-skoncil-everton-ostrouhal\/#article","isPartOf":{"@id":"https:\/\/evertonfc.cz\/index.php\/2016\/09\/01\/deadline-day-skoncil-everton-ostrouhal\/"},"author":{"name":"Ri\u010di","@id":"https:\/\/evertonfc.cz\/#\/schema\/person\/f7a5daedb2ffee98480bc70e191aaef1"},"headline":"Deadline Day skon\u010dil, Everton ostrouhal","datePublished":"2016-09-01T18:15:07+00:00","dateModified":"2019-02-11T21:53:31+00:00","mainEntityOfPage":{"@id":"https:\/\/evertonfc.cz\/index.php\/2016\/09\/01\/deadline-day-skoncil-everton-ostrouhal\/"},"wordCount":551,"commentCount":0,"publisher":{"@id":"https:\/\/evertonfc.cz\/#organization"},"image":{"@id":"https:\/\/evertonfc.cz\/index.php\/2016\/09\/01\/deadline-day-skoncil-everton-ostrouhal\/#primaryimage"},"thumbnailUrl":"https:\/\/evertonfc.cz\/wp-content\/uploads\/2019\/01\/transfer.jpg","articleSection":["P\u0159estupy"],"inLanguage":"cs","potentialAction":[{"@type":"CommentAction","name":"Comment","target":["https:\/\/evertonfc.cz\/index.php\/2016\/09\/01\/deadline-day-skoncil-everton-ostrouhal\/#respond"]}]},{"@type":"WebPage","@id":"https:\/\/evertonfc.cz\/index.php\/2016\/09\/01\/deadline-day-skoncil-everton-ostrouhal\/","url":"https:\/\/evertonfc.cz\/index.php\/2016\/09\/01\/deadline-day-skoncil-everton-ostrouhal\/","name":"Deadline Day skon\u010dil, Everton ostrouhal - Official Czech &amp; Slovak Everton Supporters&#039; Club","isPartOf":{"@id":"https:\/\/evertonfc.cz\/#website"},"primaryImageOfPage":{"@id":"https:\/\/evertonfc.cz\/index.php\/2016\/09\/01\/deadline-day-skoncil-everton-ostrouhal\/#primaryimage"},"image":{"@id":"https:\/\/evertonfc.cz\/index.php\/2016\/09\/01\/deadline-day-skoncil-everton-ostrouhal\/#primaryimage"},"thumbnailUrl":"https:\/\/evertonfc.cz\/wp-content\/uploads\/2019\/01\/transfer.jpg","datePublished":"2016-09-01T18:15:07+00:00","dateModified":"2019-02-11T21:53:31+00:00","breadcrumb":{"@id":"https:\/\/evertonfc.cz\/index.php\/2016\/09\/01\/deadline-day-skoncil-everton-ostrouhal\/#breadcrumb"},"inLanguage":"cs","potentialAction":[{"@type":"ReadAction","target":["https:\/\/evertonfc.cz\/index.php\/2016\/09\/01\/deadline-day-skoncil-everton-ostrouhal\/"]}]},{"@type":"ImageObject","inLanguage":"cs","@id":"https:\/\/evertonfc.cz\/index.php\/2016\/09\/01\/deadline-day-skoncil-everton-ostrouhal\/#primaryimage","url":"https:\/\/evertonfc.cz\/wp-content\/uploads\/2019\/01\/transfer.jpg","contentUrl":"https:\/\/evertonfc.cz\/wp-content\/uploads\/2019\/01\/transfer.jpg","width":720,"height":405},{"@type":"BreadcrumbList","@id":"https:\/\/evertonfc.cz\/index.php\/2016\/09\/01\/deadline-day-skoncil-everton-ostrouhal\/#breadcrumb","itemListElement":[{"@type":"ListItem","position":1,"name":"Home","item":"https:\/\/evertonfc.cz\/"},{"@type":"ListItem","position":2,"name":"Deadline Day skon\u010dil, Everton ostrouhal"}]},{"@type":"WebSite","@id":"https:\/\/evertonfc.cz\/#website","url":"https:\/\/evertonfc.cz\/","name":"Official Czech &amp; Slovak Everton Supporters&#039; Club","description":"","publisher":{"@id":"https:\/\/evertonfc.cz\/#organization"},"potentialAction":[{"@type":"SearchAction","target":{"@type":"EntryPoint","urlTemplate":"https:\/\/evertonfc.cz\/?s={search_term_string}"},"query-input":{"@type":"PropertyValueSpecification","valueRequired":true,"valueName":"search_term_string"}}],"inLanguage":"cs"},{"@type":"Organization","@id":"https:\/\/evertonfc.cz\/#organization","name":"Official Czech & Slovak Everton Supporters' Club","url":"https:\/\/evertonfc.cz\/","logo":{"@type":"ImageObject","inLanguage":"cs","@id":"https:\/\/evertonfc.cz\/#\/schema\/logo\/image\/","url":"https:\/\/evertonfc.cz\/wp-content\/uploads\/2019\/05\/logo.png","contentUrl":"https:\/\/evertonfc.cz\/wp-content\/uploads\/2019\/05\/logo.png","width":112,"height":112,"caption":"Official Czech & Slovak Everton Supporters' Club"},"image":{"@id":"https:\/\/evertonfc.cz\/#\/schema\/logo\/image\/"},"sameAs":["https:\/\/www.facebook.com\/everton.fans.cz.sk"]},{"@type":"Person","@id":"https:\/\/evertonfc.cz\/#\/schema\/person\/f7a5daedb2ffee98480bc70e191aaef1","name":"Ri\u010di","sameAs":["https:\/\/x.com\/rbrejsa"],"url":"https:\/\/evertonfc.cz\/index.php\/author\/rici\/"}]}},"_links":{"self":[{"href":"https:\/\/evertonfc.cz\/index.php\/wp-json\/wp\/v2\/posts\/3543"}],"collection":[{"href":"https:\/\/evertonfc.cz\/index.php\/wp-json\/wp\/v2\/posts"}],"about":[{"href":"https:\/\/evertonfc.cz\/index.php\/wp-json\/wp\/v2\/types\/post"}],"author":[{"embeddable":true,"href":"https:\/\/evertonfc.cz\/index.php\/wp-json\/wp\/v2\/users\/6"}],"replies":[{"embeddable":true,"href":"https:\/\/evertonfc.cz\/index.php\/wp-json\/wp\/v2\/comments?post=3543"}],"version-history":[{"count":3,"href":"https:\/\/evertonfc.cz\/index.php\/wp-json\/wp\/v2\/posts\/3543\/revisions"}],"predecessor-version":[{"id":3694,"href":"https:\/\/evertonfc.cz\/index.php\/wp-json\/wp\/v2\/posts\/3543\/revisions\/3694"}],"wp:featuredmedia":[{"embeddable":true,"href":"https:\/\/evertonfc.cz\/index.php\/wp-json\/wp\/v2\/media\/1316"}],"wp:attachment":[{"href":"https:\/\/evertonfc.cz\/index.php\/wp-json\/wp\/v2\/media?parent=3543"}],"wp:term":[{"taxonomy":"category","embeddable":true,"href":"https:\/\/evertonfc.cz\/index.php\/wp-json\/wp\/v2\/categories?post=3543"},{"taxonomy":"post_tag","embeddable":true,"href":"https:\/\/evertonfc.cz\/index.php\/wp-json\/wp\/v2\/tags?post=3543"}],"curies":[{"name":"wp","href":"https:\/\/api.w.org\/{rel}","templated":true}]}}