{"id":3545,"date":"2016-08-31T20:19:13","date_gmt":"2016-08-31T18:19:13","guid":{"rendered":"http:\/\/evertonfc.cz\/?p=3545"},"modified":"2019-02-11T20:20:47","modified_gmt":"2019-02-11T19:20:47","slug":"deadline-day-zacal-tarashaj-hostuje-ve-frankfurtu","status":"publish","type":"post","link":"https:\/\/evertonfc.cz\/index.php\/2016\/08\/31\/deadline-day-zacal-tarashaj-hostuje-ve-frankfurtu\/","title":{"rendered":"Deadline Day za\u010dal, Tarashaj hostuje ve Frankfurtu"},"content":{"rendered":"<h4 id=\"NewsPostDetailSummary\">Posledn\u00ed den p\u0159estupov\u00e9 okna se o\u010dek\u00e1v\u00e1 ru\u0161n\u00fd \u010das na Goodison Parku a v\u0161e odstartoval hned r\u00e1no Shani Tarashaj, kter\u00fd odch\u00e1z\u00ed na ro\u010dn\u00ed hostov\u00e1n\u00ed do Eintrachtu Frankfurt.<\/h4>\n<div id=\"NewsPostDetailContent\">\n<p>21 let star\u00fd \u00fato\u010dn\u00edk \u010di ofenzivn\u00ed z\u00e1lo\u017en\u00edk nezaujal v p\u0159\u00edprav\u011b Ronalda Koemana, a tak p\u0159ijal nab\u00eddku n\u011bmeck\u00e9ho celku. Everton Tarashaje koupil v lednu, Grasshopperu Z\u00fcrich za n\u011bj zaplatil \u00a33m a do konce sez\u00f3ny ho ponechal na hostov\u00e1n\u00ed v hr\u00e1\u010dov\u011b mate\u0159sk\u00e9m klubu.<\/p>\n<p>Odm\u011bnou za poveden\u00e9 v\u00fdkony v dresu Grasshopperu nebyl pouze p\u0159estup za lep\u0161\u00edm. Se \u0161v\u00fdcarskou reprezentac\u00ed se pod\u00edval na Mistrovstv\u00ed Evropy 2016 do Francie, p\u0159i\u010dem\u017e v n\u00e1rodn\u00edm t\u00fdmu debutoval a\u017e p\u0159ed \u0161ampion\u00e1tem. Na samotn\u00e9m turnaji si zahr\u00e1l pouze minutku, v reprezentaci se s n\u00edm po\u010d\u00edt\u00e1 sp\u00ed\u0161e do budoucna.<\/p>\n<p>Na za\u010d\u00e1tku l\u00e9ta nastoupil do letn\u00ed p\u0159\u00edpravy Toffees, ale po \u00fa\u010dasti v utk\u00e1n\u00ed s MK Dons z konce \u010dervence si i vinou zran\u011bn\u00ed v\u00edce nezahr\u00e1l.<\/p>\n<p>Deadline Day kon\u010d\u00ed o p\u016flnoci SE\u010c.<\/p>\n<\/div>\n","protected":false},"excerpt":{"rendered":"<p>Posledn\u00ed den p\u0159estupov\u00e9 okna se o\u010dek\u00e1v\u00e1 ru\u0161n\u00fd \u010das na Goodison Parku a v\u0161e odstartoval hned r\u00e1no Shani Tarashaj, kter\u00fd odch\u00e1z\u00ed&hellip;<\/p>\n","protected":false},"author":6,"featured_media":1316,"comment_status":"open","ping_status":"closed","sticky":false,"template":"","format":"standard","meta":{"_eb_attr":"","_monsterinsights_skip_tracking":false,"_monsterinsights_sitenote_active":false,"_monsterinsights_sitenote_note":"","_monsterinsights_sitenote_category":0,"footnotes":""},"categories":[41],"tags":[],"yoast_head":"<!-- This site is optimized with the Yoast SEO plugin v23.4 - https:\/\/yoast.com\/wordpress\/plugins\/seo\/ -->\n<title>Deadline Day za\u010dal, Tarashaj hostuje ve Frankfurtu - Official Czech &amp; Slovak Everton Supporters&#039; Club<\/title>\n<meta name=\"robots\" content=\"index, follow, max-snippet:-1, max-image-preview:large, max-video-preview:-1\" \/>\n<link rel=\"canonical\" href=\"https:\/\/evertonfc.cz\/index.php\/2016\/08\/31\/deadline-day-zacal-tarashaj-hostuje-ve-frankfurtu\/\" \/>\n<meta property=\"og:locale\" content=\"cs_CZ\" \/>\n<meta property=\"og:type\" content=\"article\" \/>\n<meta property=\"og:title\" content=\"Deadline Day za\u010dal, Tarashaj hostuje ve Frankfurtu - Official Czech &amp; Slovak Everton Supporters&#039; Club\" \/>\n<meta property=\"og:description\" content=\"Posledn\u00ed den p\u0159estupov\u00e9 okna se o\u010dek\u00e1v\u00e1 ru\u0161n\u00fd \u010das na Goodison Parku a v\u0161e odstartoval hned r\u00e1no Shani Tarashaj, kter\u00fd odch\u00e1z\u00ed&hellip;\" \/>\n<meta property=\"og:url\" content=\"https:\/\/evertonfc.cz\/index.php\/2016\/08\/31\/deadline-day-zacal-tarashaj-hostuje-ve-frankfurtu\/\" \/>\n<meta property=\"og:site_name\" content=\"Official Czech &amp; Slovak Everton Supporters&#039; Club\" \/>\n<meta property=\"article:publisher\" content=\"https:\/\/www.facebook.com\/everton.fans.cz.sk\" \/>\n<meta property=\"article:published_time\" content=\"2016-08-31T18:19:13+00:00\" \/>\n<meta property=\"article:modified_time\" content=\"2019-02-11T19:20:47+00:00\" \/>\n<meta property=\"og:image\" content=\"https:\/\/evertonfc.cz\/wp-content\/uploads\/2019\/01\/transfer.jpg\" \/>\n\t<meta property=\"og:image:width\" content=\"720\" \/>\n\t<meta property=\"og:image:height\" content=\"405\" \/>\n\t<meta property=\"og:image:type\" content=\"image\/jpeg\" \/>\n<meta name=\"author\" content=\"Ri\u010di\" \/>\n<meta name=\"twitter:card\" content=\"summary_large_image\" \/>\n<meta name=\"twitter:creator\" content=\"@rbrejsa\" \/>\n<meta name=\"twitter:label1\" content=\"Napsal(a)\" \/>\n\t<meta name=\"twitter:data1\" content=\"Ri\u010di\" \/>\n\t<meta name=\"twitter:label2\" content=\"Odhadovan\u00e1 doba \u010dten\u00ed\" \/>\n\t<meta name=\"twitter:data2\" content=\"1 minuta\" \/>\n<script type=\"application\/ld+json\" class=\"yoast-schema-graph\">{\"@context\":\"https:\/\/schema.org\",\"@graph\":[{\"@type\":\"Article\",\"@id\":\"https:\/\/evertonfc.cz\/index.php\/2016\/08\/31\/deadline-day-zacal-tarashaj-hostuje-ve-frankfurtu\/#article\",\"isPartOf\":{\"@id\":\"https:\/\/evertonfc.cz\/index.php\/2016\/08\/31\/deadline-day-zacal-tarashaj-hostuje-ve-frankfurtu\/\"},\"author\":{\"name\":\"Ri\u010di\",\"@id\":\"https:\/\/evertonfc.cz\/#\/schema\/person\/f7a5daedb2ffee98480bc70e191aaef1\"},\"headline\":\"Deadline Day za\u010dal, Tarashaj hostuje ve Frankfurtu\",\"datePublished\":\"2016-08-31T18:19:13+00:00\",\"dateModified\":\"2019-02-11T19:20:47+00:00\",\"mainEntityOfPage\":{\"@id\":\"https:\/\/evertonfc.cz\/index.php\/2016\/08\/31\/deadline-day-zacal-tarashaj-hostuje-ve-frankfurtu\/\"},\"wordCount\":203,\"commentCount\":0,\"publisher\":{\"@id\":\"https:\/\/evertonfc.cz\/#organization\"},\"image\":{\"@id\":\"https:\/\/evertonfc.cz\/index.php\/2016\/08\/31\/deadline-day-zacal-tarashaj-hostuje-ve-frankfurtu\/#primaryimage\"},\"thumbnailUrl\":\"https:\/\/evertonfc.cz\/wp-content\/uploads\/2019\/01\/transfer.jpg\",\"articleSection\":[\"P\u0159estupy\"],\"inLanguage\":\"cs\",\"potentialAction\":[{\"@type\":\"CommentAction\",\"name\":\"Comment\",\"target\":[\"https:\/\/evertonfc.cz\/index.php\/2016\/08\/31\/deadline-day-zacal-tarashaj-hostuje-ve-frankfurtu\/#respond\"]}]},{\"@type\":\"WebPage\",\"@id\":\"https:\/\/evertonfc.cz\/index.php\/2016\/08\/31\/deadline-day-zacal-tarashaj-hostuje-ve-frankfurtu\/\",\"url\":\"https:\/\/evertonfc.cz\/index.php\/2016\/08\/31\/deadline-day-zacal-tarashaj-hostuje-ve-frankfurtu\/\",\"name\":\"Deadline Day za\u010dal, Tarashaj hostuje ve Frankfurtu - Official Czech &amp; Slovak Everton Supporters&#039; Club\",\"isPartOf\":{\"@id\":\"https:\/\/evertonfc.cz\/#website\"},\"primaryImageOfPage\":{\"@id\":\"https:\/\/evertonfc.cz\/index.php\/2016\/08\/31\/deadline-day-zacal-tarashaj-hostuje-ve-frankfurtu\/#primaryimage\"},\"image\":{\"@id\":\"https:\/\/evertonfc.cz\/index.php\/2016\/08\/31\/deadline-day-zacal-tarashaj-hostuje-ve-frankfurtu\/#primaryimage\"},\"thumbnailUrl\":\"https:\/\/evertonfc.cz\/wp-content\/uploads\/2019\/01\/transfer.jpg\",\"datePublished\":\"2016-08-31T18:19:13+00:00\",\"dateModified\":\"2019-02-11T19:20:47+00:00\",\"breadcrumb\":{\"@id\":\"https:\/\/evertonfc.cz\/index.php\/2016\/08\/31\/deadline-day-zacal-tarashaj-hostuje-ve-frankfurtu\/#breadcrumb\"},\"inLanguage\":\"cs\",\"potentialAction\":[{\"@type\":\"ReadAction\",\"target\":[\"https:\/\/evertonfc.cz\/index.php\/2016\/08\/31\/deadline-day-zacal-tarashaj-hostuje-ve-frankfurtu\/\"]}]},{\"@type\":\"ImageObject\",\"inLanguage\":\"cs\",\"@id\":\"https:\/\/evertonfc.cz\/index.php\/2016\/08\/31\/deadline-day-zacal-tarashaj-hostuje-ve-frankfurtu\/#primaryimage\",\"url\":\"https:\/\/evertonfc.cz\/wp-content\/uploads\/2019\/01\/transfer.jpg\",\"contentUrl\":\"https:\/\/evertonfc.cz\/wp-content\/uploads\/2019\/01\/transfer.jpg\",\"width\":720,\"height\":405},{\"@type\":\"BreadcrumbList\",\"@id\":\"https:\/\/evertonfc.cz\/index.php\/2016\/08\/31\/deadline-day-zacal-tarashaj-hostuje-ve-frankfurtu\/#breadcrumb\",\"itemListElement\":[{\"@type\":\"ListItem\",\"position\":1,\"name\":\"Home\",\"item\":\"https:\/\/evertonfc.cz\/\"},{\"@type\":\"ListItem\",\"position\":2,\"name\":\"Deadline Day za\u010dal, Tarashaj hostuje ve Frankfurtu\"}]},{\"@type\":\"WebSite\",\"@id\":\"https:\/\/evertonfc.cz\/#website\",\"url\":\"https:\/\/evertonfc.cz\/\",\"name\":\"Official Czech &amp; Slovak Everton Supporters&#039; Club\",\"description\":\"\",\"publisher\":{\"@id\":\"https:\/\/evertonfc.cz\/#organization\"},\"potentialAction\":[{\"@type\":\"SearchAction\",\"target\":{\"@type\":\"EntryPoint\",\"urlTemplate\":\"https:\/\/evertonfc.cz\/?s={search_term_string}\"},\"query-input\":{\"@type\":\"PropertyValueSpecification\",\"valueRequired\":true,\"valueName\":\"search_term_string\"}}],\"inLanguage\":\"cs\"},{\"@type\":\"Organization\",\"@id\":\"https:\/\/evertonfc.cz\/#organization\",\"name\":\"Official Czech & Slovak Everton Supporters' Club\",\"url\":\"https:\/\/evertonfc.cz\/\",\"logo\":{\"@type\":\"ImageObject\",\"inLanguage\":\"cs\",\"@id\":\"https:\/\/evertonfc.cz\/#\/schema\/logo\/image\/\",\"url\":\"https:\/\/evertonfc.cz\/wp-content\/uploads\/2019\/05\/logo.png\",\"contentUrl\":\"https:\/\/evertonfc.cz\/wp-content\/uploads\/2019\/05\/logo.png\",\"width\":112,\"height\":112,\"caption\":\"Official Czech & Slovak Everton Supporters' Club\"},\"image\":{\"@id\":\"https:\/\/evertonfc.cz\/#\/schema\/logo\/image\/\"},\"sameAs\":[\"https:\/\/www.facebook.com\/everton.fans.cz.sk\"]},{\"@type\":\"Person\",\"@id\":\"https:\/\/evertonfc.cz\/#\/schema\/person\/f7a5daedb2ffee98480bc70e191aaef1\",\"name\":\"Ri\u010di\",\"sameAs\":[\"https:\/\/x.com\/rbrejsa\"],\"url\":\"https:\/\/evertonfc.cz\/index.php\/author\/rici\/\"}]}<\/script>\n<!-- \/ Yoast SEO plugin. -->","yoast_head_json":{"title":"Deadline Day za\u010dal, Tarashaj hostuje ve Frankfurtu - Official Czech &amp; Slovak Everton Supporters&#039; Club","robots":{"index":"index","follow":"follow","max-snippet":"max-snippet:-1","max-image-preview":"max-image-preview:large","max-video-preview":"max-video-preview:-1"},"canonical":"https:\/\/evertonfc.cz\/index.php\/2016\/08\/31\/deadline-day-zacal-tarashaj-hostuje-ve-frankfurtu\/","og_locale":"cs_CZ","og_type":"article","og_title":"Deadline Day za\u010dal, Tarashaj hostuje ve Frankfurtu - Official Czech &amp; Slovak Everton Supporters&#039; Club","og_description":"Posledn\u00ed den p\u0159estupov\u00e9 okna se o\u010dek\u00e1v\u00e1 ru\u0161n\u00fd \u010das na Goodison Parku a v\u0161e odstartoval hned r\u00e1no Shani Tarashaj, kter\u00fd odch\u00e1z\u00ed&hellip;","og_url":"https:\/\/evertonfc.cz\/index.php\/2016\/08\/31\/deadline-day-zacal-tarashaj-hostuje-ve-frankfurtu\/","og_site_name":"Official Czech &amp; Slovak Everton Supporters&#039; Club","article_publisher":"https:\/\/www.facebook.com\/everton.fans.cz.sk","article_published_time":"2016-08-31T18:19:13+00:00","article_modified_time":"2019-02-11T19:20:47+00:00","og_image":[{"width":720,"height":405,"url":"https:\/\/evertonfc.cz\/wp-content\/uploads\/2019\/01\/transfer.jpg","type":"image\/jpeg"}],"author":"Ri\u010di","twitter_card":"summary_large_image","twitter_creator":"@rbrejsa","twitter_misc":{"Napsal(a)":"Ri\u010di","Odhadovan\u00e1 doba \u010dten\u00ed":"1 minuta"},"schema":{"@context":"https:\/\/schema.org","@graph":[{"@type":"Article","@id":"https:\/\/evertonfc.cz\/index.php\/2016\/08\/31\/deadline-day-zacal-tarashaj-hostuje-ve-frankfurtu\/#article","isPartOf":{"@id":"https:\/\/evertonfc.cz\/index.php\/2016\/08\/31\/deadline-day-zacal-tarashaj-hostuje-ve-frankfurtu\/"},"author":{"name":"Ri\u010di","@id":"https:\/\/evertonfc.cz\/#\/schema\/person\/f7a5daedb2ffee98480bc70e191aaef1"},"headline":"Deadline Day za\u010dal, Tarashaj hostuje ve Frankfurtu","datePublished":"2016-08-31T18:19:13+00:00","dateModified":"2019-02-11T19:20:47+00:00","mainEntityOfPage":{"@id":"https:\/\/evertonfc.cz\/index.php\/2016\/08\/31\/deadline-day-zacal-tarashaj-hostuje-ve-frankfurtu\/"},"wordCount":203,"commentCount":0,"publisher":{"@id":"https:\/\/evertonfc.cz\/#organization"},"image":{"@id":"https:\/\/evertonfc.cz\/index.php\/2016\/08\/31\/deadline-day-zacal-tarashaj-hostuje-ve-frankfurtu\/#primaryimage"},"thumbnailUrl":"https:\/\/evertonfc.cz\/wp-content\/uploads\/2019\/01\/transfer.jpg","articleSection":["P\u0159estupy"],"inLanguage":"cs","potentialAction":[{"@type":"CommentAction","name":"Comment","target":["https:\/\/evertonfc.cz\/index.php\/2016\/08\/31\/deadline-day-zacal-tarashaj-hostuje-ve-frankfurtu\/#respond"]}]},{"@type":"WebPage","@id":"https:\/\/evertonfc.cz\/index.php\/2016\/08\/31\/deadline-day-zacal-tarashaj-hostuje-ve-frankfurtu\/","url":"https:\/\/evertonfc.cz\/index.php\/2016\/08\/31\/deadline-day-zacal-tarashaj-hostuje-ve-frankfurtu\/","name":"Deadline Day za\u010dal, Tarashaj hostuje ve Frankfurtu - Official Czech &amp; Slovak Everton Supporters&#039; Club","isPartOf":{"@id":"https:\/\/evertonfc.cz\/#website"},"primaryImageOfPage":{"@id":"https:\/\/evertonfc.cz\/index.php\/2016\/08\/31\/deadline-day-zacal-tarashaj-hostuje-ve-frankfurtu\/#primaryimage"},"image":{"@id":"https:\/\/evertonfc.cz\/index.php\/2016\/08\/31\/deadline-day-zacal-tarashaj-hostuje-ve-frankfurtu\/#primaryimage"},"thumbnailUrl":"https:\/\/evertonfc.cz\/wp-content\/uploads\/2019\/01\/transfer.jpg","datePublished":"2016-08-31T18:19:13+00:00","dateModified":"2019-02-11T19:20:47+00:00","breadcrumb":{"@id":"https:\/\/evertonfc.cz\/index.php\/2016\/08\/31\/deadline-day-zacal-tarashaj-hostuje-ve-frankfurtu\/#breadcrumb"},"inLanguage":"cs","potentialAction":[{"@type":"ReadAction","target":["https:\/\/evertonfc.cz\/index.php\/2016\/08\/31\/deadline-day-zacal-tarashaj-hostuje-ve-frankfurtu\/"]}]},{"@type":"ImageObject","inLanguage":"cs","@id":"https:\/\/evertonfc.cz\/index.php\/2016\/08\/31\/deadline-day-zacal-tarashaj-hostuje-ve-frankfurtu\/#primaryimage","url":"https:\/\/evertonfc.cz\/wp-content\/uploads\/2019\/01\/transfer.jpg","contentUrl":"https:\/\/evertonfc.cz\/wp-content\/uploads\/2019\/01\/transfer.jpg","width":720,"height":405},{"@type":"BreadcrumbList","@id":"https:\/\/evertonfc.cz\/index.php\/2016\/08\/31\/deadline-day-zacal-tarashaj-hostuje-ve-frankfurtu\/#breadcrumb","itemListElement":[{"@type":"ListItem","position":1,"name":"Home","item":"https:\/\/evertonfc.cz\/"},{"@type":"ListItem","position":2,"name":"Deadline Day za\u010dal, Tarashaj hostuje ve Frankfurtu"}]},{"@type":"WebSite","@id":"https:\/\/evertonfc.cz\/#website","url":"https:\/\/evertonfc.cz\/","name":"Official Czech &amp; Slovak Everton Supporters&#039; Club","description":"","publisher":{"@id":"https:\/\/evertonfc.cz\/#organization"},"potentialAction":[{"@type":"SearchAction","target":{"@type":"EntryPoint","urlTemplate":"https:\/\/evertonfc.cz\/?s={search_term_string}"},"query-input":{"@type":"PropertyValueSpecification","valueRequired":true,"valueName":"search_term_string"}}],"inLanguage":"cs"},{"@type":"Organization","@id":"https:\/\/evertonfc.cz\/#organization","name":"Official Czech & Slovak Everton Supporters' Club","url":"https:\/\/evertonfc.cz\/","logo":{"@type":"ImageObject","inLanguage":"cs","@id":"https:\/\/evertonfc.cz\/#\/schema\/logo\/image\/","url":"https:\/\/evertonfc.cz\/wp-content\/uploads\/2019\/05\/logo.png","contentUrl":"https:\/\/evertonfc.cz\/wp-content\/uploads\/2019\/05\/logo.png","width":112,"height":112,"caption":"Official Czech & Slovak Everton Supporters' Club"},"image":{"@id":"https:\/\/evertonfc.cz\/#\/schema\/logo\/image\/"},"sameAs":["https:\/\/www.facebook.com\/everton.fans.cz.sk"]},{"@type":"Person","@id":"https:\/\/evertonfc.cz\/#\/schema\/person\/f7a5daedb2ffee98480bc70e191aaef1","name":"Ri\u010di","sameAs":["https:\/\/x.com\/rbrejsa"],"url":"https:\/\/evertonfc.cz\/index.php\/author\/rici\/"}]}},"_links":{"self":[{"href":"https:\/\/evertonfc.cz\/index.php\/wp-json\/wp\/v2\/posts\/3545"}],"collection":[{"href":"https:\/\/evertonfc.cz\/index.php\/wp-json\/wp\/v2\/posts"}],"about":[{"href":"https:\/\/evertonfc.cz\/index.php\/wp-json\/wp\/v2\/types\/post"}],"author":[{"embeddable":true,"href":"https:\/\/evertonfc.cz\/index.php\/wp-json\/wp\/v2\/users\/6"}],"replies":[{"embeddable":true,"href":"https:\/\/evertonfc.cz\/index.php\/wp-json\/wp\/v2\/comments?post=3545"}],"version-history":[{"count":1,"href":"https:\/\/evertonfc.cz\/index.php\/wp-json\/wp\/v2\/posts\/3545\/revisions"}],"predecessor-version":[{"id":3546,"href":"https:\/\/evertonfc.cz\/index.php\/wp-json\/wp\/v2\/posts\/3545\/revisions\/3546"}],"wp:featuredmedia":[{"embeddable":true,"href":"https:\/\/evertonfc.cz\/index.php\/wp-json\/wp\/v2\/media\/1316"}],"wp:attachment":[{"href":"https:\/\/evertonfc.cz\/index.php\/wp-json\/wp\/v2\/media?parent=3545"}],"wp:term":[{"taxonomy":"category","embeddable":true,"href":"https:\/\/evertonfc.cz\/index.php\/wp-json\/wp\/v2\/categories?post=3545"},{"taxonomy":"post_tag","embeddable":true,"href":"https:\/\/evertonfc.cz\/index.php\/wp-json\/wp\/v2\/tags?post=3545"}],"curies":[{"name":"wp","href":"https:\/\/api.w.org\/{rel}","templated":true}]}}