{"id":3549,"date":"2016-08-26T20:22:44","date_gmt":"2016-08-26T18:22:44","guid":{"rendered":"http:\/\/evertonfc.cz\/?p=3549"},"modified":"2024-11-02T13:46:36","modified_gmt":"2024-11-02T12:46:36","slug":"preview-everton-stoke-city-2","status":"publish","type":"post","link":"https:\/\/evertonfc.cz\/index.php\/2016\/08\/26\/preview-everton-stoke-city-2\/","title":{"rendered":"Preview: Everton &#8211; Stoke City"},"content":{"rendered":"<h4 id=\"NewsPostDetailSummary\">P\u0159ed dvout\u00fddenn\u00ed reprezenta\u010dn\u00ed p\u0159est\u00e1vkou by Everton r\u00e1d potvrdil dobr\u00fd start do sez\u00f3ny, naopak host\u00e9 pokukuj\u00ed po prvn\u00ed ligov\u00e9 v\u00fdh\u0159e.<\/h4>\n<div id=\"NewsPostDetailContent\">\n<p>Je\u0161t\u011b ne\u017e dojde na mezin\u00e1rodn\u00ed z\u00e1pasy, uzav\u0159e se letn\u00ed p\u0159estupov\u00e9 okno. Transferov\u00e9 spekulace mohutn\u011b s\u00edl\u00ed v posledn\u00edch dnech, av\u0161ak pozornost Ronalda Koemana sm\u011b\u0159uje k v\u00edkendov\u00e9mu kolu, jak zazn\u011blo na tiskov\u00e9 konferenci. Mana\u017eer rezolutn\u011b odm\u00edtl z\u00e1jem o Joa Harta z Manchesteru City a posl\u00e9ze se u\u017e ob\u0161\u00edrn\u011bji v\u011bnoval sobotn\u00edmu odpoledni s Potters. Do n\u011bho Toffees p\u016fjdou jako favorit\u00e9, z \u00favodn\u00edch dvou z\u00e1pas\u016f z\u00edskali \u010dty\u0159i body a rozhodn\u011b se p\u0159edvedli v p\u0159\u00edjemn\u00e9m sv\u011btle.<\/p>\n<p>Na prvn\u00ed pohled zlep\u0161ili fyzickou p\u0159ipravenost a organizaci hry, rovn\u011b\u017e dok\u00e1\u017e\u00ed m\u011bnit taktiku vzhledem k aktu\u00e1ln\u00edmu v\u00fdvoji hry. Na druhou stranu st\u00e1le musej\u00ed zapracovat na br\u00e1n\u011bn\u00ed, a to zejm\u00e9na standardn\u00edch situac\u00ed. K tomu by m\u011bl pomoct Ashley Williams. Posila z Walesu odehr\u00e1vala pln\u00fdch devades\u00e1t minut v \u00fatern\u00edch Ligov\u00e9m poh\u00e1ru a pravd\u011bpodobn\u011b utvo\u0159\u00ed stoperskou dvojici s kapit\u00e1nem Jagielkou, na Funese Moriho tedy zbude lavi\u010dka n\u00e1hradn\u00edk\u016f. V\u0161e za p\u0159edpokladu rozestaven\u00ed se dv\u011bma stopery. Na kraj\u00edch je dopln\u00ed mlad\u00fd Holgate a Leighton Baines, jeho konkurent Bryan Oviedo zklamal v\u00fdkonem proti Yeovilu.<\/p>\n<p>Ve st\u0159edu pole se r\u00fdsuje partnerstv\u00ed Barryho a Guyeho. V ofenzivn\u00ed trojici lze \u010dekat Barkleyho a Mirallase, na posledn\u00ed voln\u00e9 m\u00edste\u010dko si brous\u00ed zuby novic Bolasie, a tak Deulofue zaujme m\u00edsto mezi n\u00e1hradn\u00edky. Na hrot se postav\u00ed snad ji\u017e rozehran\u011bj\u0161\u00ed Romelu Lukaku. V lize nesk\u00f3roval v posledn\u00edch deseti kolech, \u00fakol proto zn\u00ed jasn\u011b.<\/p>\n<p>Blues chyb\u00ed zran\u011bn\u00fd Seamus Coleman, vr\u00e1t\u00ed se po reprezenta\u010dn\u00ed p\u0159est\u00e1vce, d\u00e1le dlouhodob\u00ed marodi Browning, Pennington a Be\u0161i\u0107. Men\u0161\u00ed bol\u00edstky tria McCarthy, Gibson, Cleverley budou zahojen\u00e9 do v\u00fdkopu.<\/p>\n<p>Stoke City necestuj\u00ed v optim\u00e1ln\u00edm rozpolo\u017een\u00ed na Merseyside. V t\u00fddnu sice suver\u00e9nn\u011b postoupil p\u0159es Stevenage do 3. kola poh\u00e1ru, jen\u017ee v Premier League nikterak neoslnili. Nejprve remizovali na p\u016fd\u011b nov\u00e1\u010dka z\u00a0Middlesbrough a posl\u00e9ze doma nesta\u010dili na Manchester City, inkasovali od n\u011bj hned \u010dty\u0159i f\u00edky a jenom se potvrdilo, \u017ee nejv\u011bt\u0161\u00ed slabina Potters tkv\u00ed v defenziv\u011b. Mark Hughes se na tr\u00e9ninku obrann\u00e9 \u010dinnosti nev\u011bnuje, jak se v l\u00e9t\u011b nechal sly\u0161et stoper Marc Wilson. Zda se jedn\u00e1 o pravdu, zven\u010d\u00ed t\u011b\u017eko posoudit. Ka\u017edop\u00e1dn\u011b Wilson t\u00fdden po kritice ode\u0161el do Bournemouthu a statistika prozrazuje, \u017ee Stoke v leto\u0161n\u00edm kalend\u00e1\u0159n\u00edm roce obdr\u017eelo 41 branek \u2013 nejvy\u0161\u0161\u00ed po\u010det ze sou\u010dasn\u00fdch \u00fa\u010dastn\u00edk\u016f Premiership.<\/p>\n<p>Stejn\u00fdm dechem ale t\u0159eba zm\u00ednit nebezpe\u010dnou ofenzivu. Kreativn\u00ed Bojan, Arnautovi\u0107 a Shaqiri dok\u00e1\u017e\u00ed vykouzlit p\u011bkn\u00e9 fotbalov\u00e9 akce \u010di potrestat sebemen\u0161\u00edch chyb soupe\u0159e, o \u010dem\u017e Toffees zcela jist\u011b v\u011bd\u00ed. Lo\u0148sk\u00e1 prohra 3:4 na Goodison Parku budi\u017e z\u0159eteln\u00fdm varov\u00e1n\u00edm. Do k\u00e1dru z Bet365 Stadium p\u0159es l\u00e9to p\u0159ibyl Joe Allen z Liverpool za 13m a mlad\u00fd egyptsk\u00fd k\u0159\u00eddeln\u00edk Ramadan Sobhi, Al Ahly za n\u011bj obdr\u017eelo \u00a35m. Mark Hughes s posilov\u00e1n\u00edm rozhodn\u011b neskon\u010dil.<\/p>\n<p>Zdravotn\u00ed probl\u00e9my nepust\u00ed do akce brank\u00e1\u0159skou jedni\u010dku Jack Butlanda, jeho\u017e nahrad\u00ed veter\u00e1n Shay Given. Absentuj\u00ed i Glen Johnson, Stephen Ireland a Ibrahim Afellay. Xherdan Shaqiri se zapojil do tr\u00e9ninku pouze v tomto t\u00fddnu, o jeho startu v\u00a0z\u00e1kladn\u00ed XI se je\u0161t\u011b rozhodne.<\/p>\n<p><strong>Everton:<\/strong> Stekelenburg, Robles, Holgate, Williams, Jagielka, Funes Mori, Oviedo, Baines, Gueye, Barry, Gibson, Cleverley, McCarthy, Davies, Mirallas, Barkley, Bolasie, Dowell, Lennon, Kon\u00e9, Deulofeu, Lukaku.<\/p>\n<p><strong>Stoke City:<\/strong> Given, Haugaard, Bardsley, Shawcross, Wollscheid, Pieters, Muniesa, Cameron, Whelan, Allen, Imbula, Adam, Sobhi, Joselu, Walters, Shaqiri, Bojan, Arnautovi\u0107, Crouch, Diouf.<\/p>\n<p><strong>Co:<\/strong> Everton FC &#8211; Stoke City FC, 3. kolo Premier League<br \/>\n<strong>Kdy:<\/strong> 27. 8. 2016 od 16:00 SE\u010c<br \/>\n<strong>Kde:<\/strong> Goodison Park, Liverpool (kapacita: 40 157)<br \/>\n<strong>Rozhod\u010d\u00ed:<\/strong> Michael Oliver<\/p>\n<\/div>\n","protected":false},"excerpt":{"rendered":"<p>P\u0159ed dvout\u00fddenn\u00ed reprezenta\u010dn\u00ed p\u0159est\u00e1vkou by Everton r\u00e1d potvrdil dobr\u00fd start do sez\u00f3ny, naopak host\u00e9 pokukuj\u00ed po prvn\u00ed ligov\u00e9 v\u00fdh\u0159e. Je\u0161t\u011b&hellip;<\/p>\n","protected":false},"author":6,"featured_media":25543,"comment_status":"open","ping_status":"closed","sticky":false,"template":"","format":"standard","meta":{"_eb_attr":"","_monsterinsights_skip_tracking":false,"_monsterinsights_sitenote_active":false,"_monsterinsights_sitenote_note":"","_monsterinsights_sitenote_category":0,"footnotes":""},"categories":[4],"tags":[],"yoast_head":"<!-- This site is optimized with the Yoast SEO plugin v23.4 - https:\/\/yoast.com\/wordpress\/plugins\/seo\/ -->\n<title>Preview: Everton - Stoke City - Official Czech &amp; Slovak Everton Supporters&#039; Club<\/title>\n<meta name=\"robots\" content=\"index, follow, max-snippet:-1, max-image-preview:large, max-video-preview:-1\" \/>\n<link rel=\"canonical\" href=\"https:\/\/evertonfc.cz\/index.php\/2016\/08\/26\/preview-everton-stoke-city-2\/\" \/>\n<meta property=\"og:locale\" content=\"cs_CZ\" \/>\n<meta property=\"og:type\" content=\"article\" \/>\n<meta property=\"og:title\" content=\"Preview: Everton - Stoke City - Official Czech &amp; Slovak Everton Supporters&#039; Club\" \/>\n<meta property=\"og:description\" content=\"P\u0159ed dvout\u00fddenn\u00ed reprezenta\u010dn\u00ed p\u0159est\u00e1vkou by Everton r\u00e1d potvrdil dobr\u00fd start do sez\u00f3ny, naopak host\u00e9 pokukuj\u00ed po prvn\u00ed ligov\u00e9 v\u00fdh\u0159e. Je\u0161t\u011b&hellip;\" \/>\n<meta property=\"og:url\" content=\"https:\/\/evertonfc.cz\/index.php\/2016\/08\/26\/preview-everton-stoke-city-2\/\" \/>\n<meta property=\"og:site_name\" content=\"Official Czech &amp; Slovak Everton Supporters&#039; Club\" \/>\n<meta property=\"article:publisher\" content=\"https:\/\/www.facebook.com\/everton.fans.cz.sk\" \/>\n<meta property=\"article:published_time\" content=\"2016-08-26T18:22:44+00:00\" \/>\n<meta property=\"article:modified_time\" content=\"2024-11-02T12:46:36+00:00\" \/>\n<meta property=\"og:image\" content=\"https:\/\/evertonfc.cz\/wp-content\/uploads\/2024\/11\/Everton-VS-Stoke-City.png\" \/>\n\t<meta property=\"og:image:width\" content=\"720\" \/>\n\t<meta property=\"og:image:height\" content=\"405\" \/>\n\t<meta property=\"og:image:type\" content=\"image\/png\" \/>\n<meta name=\"author\" content=\"Ri\u010di\" \/>\n<meta name=\"twitter:card\" content=\"summary_large_image\" \/>\n<meta name=\"twitter:creator\" content=\"@rbrejsa\" \/>\n<meta name=\"twitter:label1\" content=\"Napsal(a)\" \/>\n\t<meta name=\"twitter:data1\" content=\"Ri\u010di\" \/>\n\t<meta name=\"twitter:label2\" content=\"Odhadovan\u00e1 doba \u010dten\u00ed\" \/>\n\t<meta name=\"twitter:data2\" content=\"4 minuty\" \/>\n<script type=\"application\/ld+json\" class=\"yoast-schema-graph\">{\"@context\":\"https:\/\/schema.org\",\"@graph\":[{\"@type\":\"Article\",\"@id\":\"https:\/\/evertonfc.cz\/index.php\/2016\/08\/26\/preview-everton-stoke-city-2\/#article\",\"isPartOf\":{\"@id\":\"https:\/\/evertonfc.cz\/index.php\/2016\/08\/26\/preview-everton-stoke-city-2\/\"},\"author\":{\"name\":\"Ri\u010di\",\"@id\":\"https:\/\/evertonfc.cz\/#\/schema\/person\/f7a5daedb2ffee98480bc70e191aaef1\"},\"headline\":\"Preview: Everton &#8211; Stoke City\",\"datePublished\":\"2016-08-26T18:22:44+00:00\",\"dateModified\":\"2024-11-02T12:46:36+00:00\",\"mainEntityOfPage\":{\"@id\":\"https:\/\/evertonfc.cz\/index.php\/2016\/08\/26\/preview-everton-stoke-city-2\/\"},\"wordCount\":697,\"commentCount\":0,\"publisher\":{\"@id\":\"https:\/\/evertonfc.cz\/#organization\"},\"image\":{\"@id\":\"https:\/\/evertonfc.cz\/index.php\/2016\/08\/26\/preview-everton-stoke-city-2\/#primaryimage\"},\"thumbnailUrl\":\"https:\/\/evertonfc.cz\/wp-content\/uploads\/2024\/11\/Everton-VS-Stoke-City.png\",\"articleSection\":[\"Z\u00e1pasy\"],\"inLanguage\":\"cs\",\"potentialAction\":[{\"@type\":\"CommentAction\",\"name\":\"Comment\",\"target\":[\"https:\/\/evertonfc.cz\/index.php\/2016\/08\/26\/preview-everton-stoke-city-2\/#respond\"]}]},{\"@type\":\"WebPage\",\"@id\":\"https:\/\/evertonfc.cz\/index.php\/2016\/08\/26\/preview-everton-stoke-city-2\/\",\"url\":\"https:\/\/evertonfc.cz\/index.php\/2016\/08\/26\/preview-everton-stoke-city-2\/\",\"name\":\"Preview: Everton - Stoke City - Official Czech &amp; Slovak Everton Supporters&#039; Club\",\"isPartOf\":{\"@id\":\"https:\/\/evertonfc.cz\/#website\"},\"primaryImageOfPage\":{\"@id\":\"https:\/\/evertonfc.cz\/index.php\/2016\/08\/26\/preview-everton-stoke-city-2\/#primaryimage\"},\"image\":{\"@id\":\"https:\/\/evertonfc.cz\/index.php\/2016\/08\/26\/preview-everton-stoke-city-2\/#primaryimage\"},\"thumbnailUrl\":\"https:\/\/evertonfc.cz\/wp-content\/uploads\/2024\/11\/Everton-VS-Stoke-City.png\",\"datePublished\":\"2016-08-26T18:22:44+00:00\",\"dateModified\":\"2024-11-02T12:46:36+00:00\",\"breadcrumb\":{\"@id\":\"https:\/\/evertonfc.cz\/index.php\/2016\/08\/26\/preview-everton-stoke-city-2\/#breadcrumb\"},\"inLanguage\":\"cs\",\"potentialAction\":[{\"@type\":\"ReadAction\",\"target\":[\"https:\/\/evertonfc.cz\/index.php\/2016\/08\/26\/preview-everton-stoke-city-2\/\"]}]},{\"@type\":\"ImageObject\",\"inLanguage\":\"cs\",\"@id\":\"https:\/\/evertonfc.cz\/index.php\/2016\/08\/26\/preview-everton-stoke-city-2\/#primaryimage\",\"url\":\"https:\/\/evertonfc.cz\/wp-content\/uploads\/2024\/11\/Everton-VS-Stoke-City.png\",\"contentUrl\":\"https:\/\/evertonfc.cz\/wp-content\/uploads\/2024\/11\/Everton-VS-Stoke-City.png\",\"width\":720,\"height\":405},{\"@type\":\"BreadcrumbList\",\"@id\":\"https:\/\/evertonfc.cz\/index.php\/2016\/08\/26\/preview-everton-stoke-city-2\/#breadcrumb\",\"itemListElement\":[{\"@type\":\"ListItem\",\"position\":1,\"name\":\"Home\",\"item\":\"https:\/\/evertonfc.cz\/\"},{\"@type\":\"ListItem\",\"position\":2,\"name\":\"Preview: Everton &#8211; Stoke City\"}]},{\"@type\":\"WebSite\",\"@id\":\"https:\/\/evertonfc.cz\/#website\",\"url\":\"https:\/\/evertonfc.cz\/\",\"name\":\"Official Czech &amp; Slovak Everton Supporters&#039; Club\",\"description\":\"\",\"publisher\":{\"@id\":\"https:\/\/evertonfc.cz\/#organization\"},\"potentialAction\":[{\"@type\":\"SearchAction\",\"target\":{\"@type\":\"EntryPoint\",\"urlTemplate\":\"https:\/\/evertonfc.cz\/?s={search_term_string}\"},\"query-input\":{\"@type\":\"PropertyValueSpecification\",\"valueRequired\":true,\"valueName\":\"search_term_string\"}}],\"inLanguage\":\"cs\"},{\"@type\":\"Organization\",\"@id\":\"https:\/\/evertonfc.cz\/#organization\",\"name\":\"Official Czech & Slovak Everton Supporters' Club\",\"url\":\"https:\/\/evertonfc.cz\/\",\"logo\":{\"@type\":\"ImageObject\",\"inLanguage\":\"cs\",\"@id\":\"https:\/\/evertonfc.cz\/#\/schema\/logo\/image\/\",\"url\":\"https:\/\/evertonfc.cz\/wp-content\/uploads\/2019\/05\/logo.png\",\"contentUrl\":\"https:\/\/evertonfc.cz\/wp-content\/uploads\/2019\/05\/logo.png\",\"width\":112,\"height\":112,\"caption\":\"Official Czech & Slovak Everton Supporters' Club\"},\"image\":{\"@id\":\"https:\/\/evertonfc.cz\/#\/schema\/logo\/image\/\"},\"sameAs\":[\"https:\/\/www.facebook.com\/everton.fans.cz.sk\"]},{\"@type\":\"Person\",\"@id\":\"https:\/\/evertonfc.cz\/#\/schema\/person\/f7a5daedb2ffee98480bc70e191aaef1\",\"name\":\"Ri\u010di\",\"sameAs\":[\"https:\/\/x.com\/rbrejsa\"],\"url\":\"https:\/\/evertonfc.cz\/index.php\/author\/rici\/\"}]}<\/script>\n<!-- \/ Yoast SEO plugin. -->","yoast_head_json":{"title":"Preview: Everton - Stoke City - Official Czech &amp; Slovak Everton Supporters&#039; Club","robots":{"index":"index","follow":"follow","max-snippet":"max-snippet:-1","max-image-preview":"max-image-preview:large","max-video-preview":"max-video-preview:-1"},"canonical":"https:\/\/evertonfc.cz\/index.php\/2016\/08\/26\/preview-everton-stoke-city-2\/","og_locale":"cs_CZ","og_type":"article","og_title":"Preview: Everton - Stoke City - Official Czech &amp; Slovak Everton Supporters&#039; Club","og_description":"P\u0159ed dvout\u00fddenn\u00ed reprezenta\u010dn\u00ed p\u0159est\u00e1vkou by Everton r\u00e1d potvrdil dobr\u00fd start do sez\u00f3ny, naopak host\u00e9 pokukuj\u00ed po prvn\u00ed ligov\u00e9 v\u00fdh\u0159e. Je\u0161t\u011b&hellip;","og_url":"https:\/\/evertonfc.cz\/index.php\/2016\/08\/26\/preview-everton-stoke-city-2\/","og_site_name":"Official Czech &amp; Slovak Everton Supporters&#039; Club","article_publisher":"https:\/\/www.facebook.com\/everton.fans.cz.sk","article_published_time":"2016-08-26T18:22:44+00:00","article_modified_time":"2024-11-02T12:46:36+00:00","og_image":[{"width":720,"height":405,"url":"https:\/\/evertonfc.cz\/wp-content\/uploads\/2024\/11\/Everton-VS-Stoke-City.png","type":"image\/png"}],"author":"Ri\u010di","twitter_card":"summary_large_image","twitter_creator":"@rbrejsa","twitter_misc":{"Napsal(a)":"Ri\u010di","Odhadovan\u00e1 doba \u010dten\u00ed":"4 minuty"},"schema":{"@context":"https:\/\/schema.org","@graph":[{"@type":"Article","@id":"https:\/\/evertonfc.cz\/index.php\/2016\/08\/26\/preview-everton-stoke-city-2\/#article","isPartOf":{"@id":"https:\/\/evertonfc.cz\/index.php\/2016\/08\/26\/preview-everton-stoke-city-2\/"},"author":{"name":"Ri\u010di","@id":"https:\/\/evertonfc.cz\/#\/schema\/person\/f7a5daedb2ffee98480bc70e191aaef1"},"headline":"Preview: Everton &#8211; Stoke City","datePublished":"2016-08-26T18:22:44+00:00","dateModified":"2024-11-02T12:46:36+00:00","mainEntityOfPage":{"@id":"https:\/\/evertonfc.cz\/index.php\/2016\/08\/26\/preview-everton-stoke-city-2\/"},"wordCount":697,"commentCount":0,"publisher":{"@id":"https:\/\/evertonfc.cz\/#organization"},"image":{"@id":"https:\/\/evertonfc.cz\/index.php\/2016\/08\/26\/preview-everton-stoke-city-2\/#primaryimage"},"thumbnailUrl":"https:\/\/evertonfc.cz\/wp-content\/uploads\/2024\/11\/Everton-VS-Stoke-City.png","articleSection":["Z\u00e1pasy"],"inLanguage":"cs","potentialAction":[{"@type":"CommentAction","name":"Comment","target":["https:\/\/evertonfc.cz\/index.php\/2016\/08\/26\/preview-everton-stoke-city-2\/#respond"]}]},{"@type":"WebPage","@id":"https:\/\/evertonfc.cz\/index.php\/2016\/08\/26\/preview-everton-stoke-city-2\/","url":"https:\/\/evertonfc.cz\/index.php\/2016\/08\/26\/preview-everton-stoke-city-2\/","name":"Preview: Everton - Stoke City - Official Czech &amp; Slovak Everton Supporters&#039; Club","isPartOf":{"@id":"https:\/\/evertonfc.cz\/#website"},"primaryImageOfPage":{"@id":"https:\/\/evertonfc.cz\/index.php\/2016\/08\/26\/preview-everton-stoke-city-2\/#primaryimage"},"image":{"@id":"https:\/\/evertonfc.cz\/index.php\/2016\/08\/26\/preview-everton-stoke-city-2\/#primaryimage"},"thumbnailUrl":"https:\/\/evertonfc.cz\/wp-content\/uploads\/2024\/11\/Everton-VS-Stoke-City.png","datePublished":"2016-08-26T18:22:44+00:00","dateModified":"2024-11-02T12:46:36+00:00","breadcrumb":{"@id":"https:\/\/evertonfc.cz\/index.php\/2016\/08\/26\/preview-everton-stoke-city-2\/#breadcrumb"},"inLanguage":"cs","potentialAction":[{"@type":"ReadAction","target":["https:\/\/evertonfc.cz\/index.php\/2016\/08\/26\/preview-everton-stoke-city-2\/"]}]},{"@type":"ImageObject","inLanguage":"cs","@id":"https:\/\/evertonfc.cz\/index.php\/2016\/08\/26\/preview-everton-stoke-city-2\/#primaryimage","url":"https:\/\/evertonfc.cz\/wp-content\/uploads\/2024\/11\/Everton-VS-Stoke-City.png","contentUrl":"https:\/\/evertonfc.cz\/wp-content\/uploads\/2024\/11\/Everton-VS-Stoke-City.png","width":720,"height":405},{"@type":"BreadcrumbList","@id":"https:\/\/evertonfc.cz\/index.php\/2016\/08\/26\/preview-everton-stoke-city-2\/#breadcrumb","itemListElement":[{"@type":"ListItem","position":1,"name":"Home","item":"https:\/\/evertonfc.cz\/"},{"@type":"ListItem","position":2,"name":"Preview: Everton &#8211; Stoke City"}]},{"@type":"WebSite","@id":"https:\/\/evertonfc.cz\/#website","url":"https:\/\/evertonfc.cz\/","name":"Official Czech &amp; Slovak Everton Supporters&#039; Club","description":"","publisher":{"@id":"https:\/\/evertonfc.cz\/#organization"},"potentialAction":[{"@type":"SearchAction","target":{"@type":"EntryPoint","urlTemplate":"https:\/\/evertonfc.cz\/?s={search_term_string}"},"query-input":{"@type":"PropertyValueSpecification","valueRequired":true,"valueName":"search_term_string"}}],"inLanguage":"cs"},{"@type":"Organization","@id":"https:\/\/evertonfc.cz\/#organization","name":"Official Czech & Slovak Everton Supporters' Club","url":"https:\/\/evertonfc.cz\/","logo":{"@type":"ImageObject","inLanguage":"cs","@id":"https:\/\/evertonfc.cz\/#\/schema\/logo\/image\/","url":"https:\/\/evertonfc.cz\/wp-content\/uploads\/2019\/05\/logo.png","contentUrl":"https:\/\/evertonfc.cz\/wp-content\/uploads\/2019\/05\/logo.png","width":112,"height":112,"caption":"Official Czech & Slovak Everton Supporters' Club"},"image":{"@id":"https:\/\/evertonfc.cz\/#\/schema\/logo\/image\/"},"sameAs":["https:\/\/www.facebook.com\/everton.fans.cz.sk"]},{"@type":"Person","@id":"https:\/\/evertonfc.cz\/#\/schema\/person\/f7a5daedb2ffee98480bc70e191aaef1","name":"Ri\u010di","sameAs":["https:\/\/x.com\/rbrejsa"],"url":"https:\/\/evertonfc.cz\/index.php\/author\/rici\/"}]}},"_links":{"self":[{"href":"https:\/\/evertonfc.cz\/index.php\/wp-json\/wp\/v2\/posts\/3549"}],"collection":[{"href":"https:\/\/evertonfc.cz\/index.php\/wp-json\/wp\/v2\/posts"}],"about":[{"href":"https:\/\/evertonfc.cz\/index.php\/wp-json\/wp\/v2\/types\/post"}],"author":[{"embeddable":true,"href":"https:\/\/evertonfc.cz\/index.php\/wp-json\/wp\/v2\/users\/6"}],"replies":[{"embeddable":true,"href":"https:\/\/evertonfc.cz\/index.php\/wp-json\/wp\/v2\/comments?post=3549"}],"version-history":[{"count":2,"href":"https:\/\/evertonfc.cz\/index.php\/wp-json\/wp\/v2\/posts\/3549\/revisions"}],"predecessor-version":[{"id":3697,"href":"https:\/\/evertonfc.cz\/index.php\/wp-json\/wp\/v2\/posts\/3549\/revisions\/3697"}],"wp:featuredmedia":[{"embeddable":true,"href":"https:\/\/evertonfc.cz\/index.php\/wp-json\/wp\/v2\/media\/25543"}],"wp:attachment":[{"href":"https:\/\/evertonfc.cz\/index.php\/wp-json\/wp\/v2\/media?parent=3549"}],"wp:term":[{"taxonomy":"category","embeddable":true,"href":"https:\/\/evertonfc.cz\/index.php\/wp-json\/wp\/v2\/categories?post=3549"},{"taxonomy":"post_tag","embeddable":true,"href":"https:\/\/evertonfc.cz\/index.php\/wp-json\/wp\/v2\/tags?post=3549"}],"curies":[{"name":"wp","href":"https:\/\/api.w.org\/{rel}","templated":true}]}}