{"id":3557,"date":"2016-08-18T20:29:08","date_gmt":"2016-08-18T18:29:08","guid":{"rendered":"http:\/\/evertonfc.cz\/?p=3557"},"modified":"2021-03-04T13:38:11","modified_gmt":"2021-03-04T12:38:11","slug":"preview-west-bromwich-albion-everton-2","status":"publish","type":"post","link":"https:\/\/evertonfc.cz\/index.php\/2016\/08\/18\/preview-west-bromwich-albion-everton-2\/","title":{"rendered":"Preview: West Bromwich Albion &#8211; Everton"},"content":{"rendered":"<h4 id=\"NewsPostDetailSummary\">Tradi\u010dn\u00fd v\u00fdkop o 16:00 pokra\u010duje aj v druhom kole a Evertonians bud\u00fa upiera\u0165 svoj zrak na The Hawthorns. Recept na prv\u00fa v\u00fdhru? U\u017e ani na papieri\u2026<\/h4>\n<div id=\"NewsPostDetailContent\">\n<p>Ako dnes Koeman zasadol za mikrof\u00f3n, zd\u00f4raz\u0148oval ve\u013ea vec\u00ed. Okrem Niasseho nutn\u00e9ho odchodu aj tvrd\u00fa pr\u00e1cu a nemo\u017enos\u0165 sa vyhov\u00e1ra\u0165. Presne to bude zapotreb\u00ed, ak chc\u00fa Karamelky privies\u0165 z West Midlands nejak\u00e9 body. Najlep\u0161ie v\u0161etky tri. Na to v\u0161ak minulot\u00fd\u017ed\u0148ov\u00fd v\u00fdkon proti Spurs sta\u010di\u0165 nebude.<\/p>\n<h4><em>\u201cBut OK\u201d<\/em><\/h4>\n<p>Romelu Lukaku mal dnes r\u00e1no prv\u00fa tr\u00e9ningov\u00fa jednotku po zranen\u00ed p\u00e4ty a vyzer\u00e1 to tak, \u017ee by mal by\u0165 dostato\u010dne fit na v\u00fdlet do 75 tis\u00edcov\u00e9ho West Bromwichu. Ka\u017edop\u00e1dne, definit\u00edvne rozhodnutie padne a\u017e zajtra. Naopak Seamus Coleman je st\u00e1le mimo zo zranen\u00fdm \u010dlenkom. O\u010dak\u00e1van\u00e1 absencia e\u0161te minim\u00e1lne 2 t\u00fd\u017edne.<\/p>\n<p>Po \u00faspe\u0161ne dokon\u010denom prestupe sa pridal k t\u00edmu aj Yannick Bolasie a mal by by\u0165 k dispoz\u00edcii aspo\u0148 na lavi\u010dke. Rysuje sa zauj\u00edmav\u00e1 situ\u00e1cia &#8211; ak nast\u00fapi, tak si zopakuje duel spred t\u00fd\u017ed\u0148a, kedy vy\u0161iel na ihrisko v 66\u00b4 min\u00fate. \u010co na prestup hovor\u00ed on s\u00e1m?<\/p>\n<blockquote><p><span style=\"font-size: 12pt;\"><em>&#8222;Te\u0161\u00edm sa, a\u017e si oble\u010diem dres Evertonu. Je to ve\u013ek\u00fd klub, pozn\u00e1m ho dobre za tie roky, hraj\u00fac proti nim. Pri ponuke pr\u00eds\u0165 sem som nemal nad \u010d\u00edm rozm\u00fd\u0161\u013ea\u0165. Ale t\u00fdm to nekon\u010d\u00ed. Mus\u00edm tvrdo pracova\u0165 a zapadn\u00fa\u0165 do t\u00fdmu. Te\u0161\u00edm sa a som pripraven\u00fd na nov\u00fa v\u00fdzvu. <\/em><\/span><span style=\"font-size: 12pt;\"><em>Nie je to o peniazoch, ale o amb\u00edci\u00e1ch klubu, \u010do chc\u00fa dosiahnu\u0165. Proste len r\u00e1d hr\u00e1m futbal a bude zauj\u00edmav\u00e9 sa u\u010di\u0165 od niekoho ako je Ronald Koeman. Everton podp\u00edsal dobr\u00fdch hr\u00e1\u010dov, ktor\u00fdch pozn\u00e1m, ako Ashley Williams. <\/em><\/span><span style=\"font-size: 12pt;\"><em>Viem, \u017ee som sa dostal do t\u00fdmu pln\u00e9ho kvalitn\u00fdch hr\u00e1\u010dov, ale taktie\u017e do klubu ktor\u00fd ich aj vychov\u00e1va, ako napr. Ross Barkley. T\u00e1to sez\u00f3na bude ve\u013emi zauj\u00edmav\u00e1 a te\u0161\u00edm sa \u017ee budem v nej s\u00fa\u010das\u0165ou Evertonu.&#8220;<\/em><\/span><\/p><\/blockquote>\n<p>Takisto s\u00fa v\u0161etci v modrom zvedav\u00ed aj na Ashleyho Williamsa, mimochodom za mlada prepusten\u00fd z akad\u00e9mie Albionu, aj on sa pravdepodobne do\u010dk\u00e1 debutu na \u00fakor mlad\u00e9ho Holgatea. Koeman pochv\u00e1lil sobot\u0148aj\u0161ieho s\u00fapera za skvel\u00fd v\u00fdsledok s Crystal Palace (0:1) po konsolidovanom v\u00fdkone a je si vedom\u00fd ich siln\u00fdch str\u00e1nok. Po\u010fme na s\u00fapera&#8230;<\/p>\n<h4><em>What\u00b4s BOING on?<\/em><\/h4>\n<p>Piateho augusta vy\u0161lo ofici\u00e1lne ozn\u00e1menie o o\u010dak\u00e1vanej zmene majite\u013ea na The Hawthorns. Jeremy Peace, vlastniaci cca 88 % akci\u00ed, predal klub \u201cu\u017e tradi\u010dne\u201d do \u010d\u00ednskych r\u00fak, konkr\u00e9tne Guochuan Laiovi. Pre inform\u00e1ciu \u2013 toto leto, in\u00ed \u010d\u00ednski investori k\u00fapili taktie\u017e Wolverhampton Wanderers a aj Aston Villu. Pod\u013ea v\u0161etk\u00e9ho nebude nasledova\u0165 bezhlav\u00e9 nakupovanie, ale p\u00f4jde sa postupnou transform\u00e1ciou, zaru\u010duj\u00fac finan\u010dn\u00fa stabilitu i konkurencieschopnos\u0165.<\/p>\n<p>U\u017e vy\u0161e rok a pol stoj\u00ed za kormidlom WBA p\u00e1n pragmatik Pulis a pre nezaujat\u00e9ho div\u00e1ka je to plavba bezpe\u010dn\u00fdmi vodami, sprev\u00e1dzan\u00e1 stereotypn\u00fdm po\u010das\u00edm. \u010clovek by povedal, \u017ee po experimentoch s trojicou Clarke-Mel-Irvine je to to, \u010do klub potrebuje. Av\u0161ak dom\u00e1cim u\u017e doch\u00e1dza trpezlivos\u0165.<\/p>\n<p>Posledn\u00fd z\u00e1pas s Evertonom datuje pre WBA febru\u00e1rov\u00fa v\u00fdhru a to bolo obdobie, kedy z\u00edskali 10 bodov zo 4 z\u00e1pasov. Odvtedy? Dev\u00e4\u0165 z\u00e1pasov bez v\u00fdhry, bu\u010danie na trib\u00fanach a zop\u00e1r pokrikov hl\u00e1saj\u00facich Tonyho odchod. Ak\u00e1si da\u0148 za pevn\u00fa obranu a nejak\u00fd ten g\u00f3lik zo \u0161tandardky, mo\u017eno break. Vysoko z\u00e1bavn\u00e9.<\/p>\n<p>Klub sa oddialil od fan\u00fa\u0161ikov a Baggies s\u00fa pr\u00e1vom nespokojn\u00ed. Ve\u010f napr\u00edklad od skon\u010denia minuloro\u010dnej sez\u00f3ny uplynulo vy\u0161e troch mesiacov a klub, ktor\u00fd ka\u017edoro\u010dne bojuje o zotrvanie v najvy\u0161\u0161ej s\u00fa\u0165a\u017ei, privedie jedn\u00e9ho druholigov\u00e9ho hr\u00e1\u010da a \u010fal\u0161\u00edch \u0161tyroch prepust\u00ed \u010di pred\u00e1. Albion rozhodne nie je silnej\u0161\u00ed ne\u017e pred letom, ch\u00fdba konkurencia v podobe h\u013abky k\u00e1dra a pokia\u013e sa im nepodar\u00ed dotiahnu\u0165 vyt\u00fd\u010den\u00e9 prestupy, \u010di u\u017e v podobe Schluppa alebo Sakha, t\u00e1to sez\u00f3na nemus\u00ed by\u0165 z\u010faleka tak\u00e1 k\u013eudn\u00e1.<\/p>\n<h4 style=\"text-align: center;\"><strong>Pr\u00edchody \/ Odchody<\/strong><\/h4>\n<p style=\"text-align: left;\">Matt Phillips \u2013 QPR, 5.5 mil. \/ St\u00e9phane Sess\u00e8gnon (vo\u013en\u00fd hr\u00e1\u010d), Victor Anichebe (vo\u013en\u00fd hr\u00e1\u010d), Anders Lindegaard (Preston North End)<\/p>\n<p><strong>Zranenia:<\/strong> Chris Brunt (kolenn\u00e9 kr\u00ed\u017ene v\u00e4zy), Christian Gamboa (pomlia\u017eden\u00e9 rebro), James Morrison (hamstring)<\/p>\n<p>Vz\u00e1jomn\u00e1 bilancia vo v\u0161etk\u00fdch s\u00fa\u0165a\u017eiach favorizuje host\u00ed, Everton vyhral doteraz 67 duelov, West Brom 59 a 37 kr\u00e1t sa zrodila rem\u00edza. Mal by to by\u0165 n\u00e1ro\u010dn\u00fd z\u00e1pas pre obe strany. Everton prever\u00ed svoj potenci\u00e1l aktu\u00e1lnych mo\u017enost\u00ed v \u00fatoku a taktie\u017e sa odhalia mo\u017en\u00e9\/ur\u010dit\u00e9 nedostatky pri br\u00e1nen\u00ed \u0161tandardn\u00fdch situ\u00e1ci\u00ed.<\/p>\n<p><strong>\u010co:<\/strong> West Bromwich Albon FC &#8211; Everton FC, 2. kolo Premier League<br \/>\n<strong>Kedy:<\/strong> 20.8. 2016 od 16:00 SE\u010c<br \/>\n<strong>Kde:<\/strong> The Hawthorns, Birmingham Rd, West Bromwich B71 4LF\u00a0 (kapacita: 26 850)<br \/>\n<strong>Rozhodca:<\/strong> N. Swarbrick\u00a0 <strong>Asistenti:<\/strong> D. Cann, D. Eaton\u00a0 <strong>\u0160tvrt\u00fd rozhodca:<\/strong> S. Duncan<\/p>\n<\/div>\n","protected":false},"excerpt":{"rendered":"<p>Tradi\u010dn\u00fd v\u00fdkop o 16:00 pokra\u010duje aj v druhom kole a Evertonians bud\u00fa upiera\u0165 svoj zrak na The Hawthorns. Recept na prv\u00fa v\u00fdhru? U\u017e ani na papieri\u2026<\/p>\n","protected":false},"author":1,"featured_media":14438,"comment_status":"open","ping_status":"closed","sticky":false,"template":"","format":"standard","meta":{"_eb_attr":"","_monsterinsights_skip_tracking":false,"_monsterinsights_sitenote_active":false,"_monsterinsights_sitenote_note":"","_monsterinsights_sitenote_category":0,"footnotes":""},"categories":[4],"tags":[],"yoast_head":"<!-- This site is optimized with the Yoast SEO plugin v23.4 - https:\/\/yoast.com\/wordpress\/plugins\/seo\/ -->\n<title>Preview: West Bromwich Albion - Everton - Official Czech &amp; Slovak Everton Supporters&#039; Club<\/title>\n<meta name=\"robots\" content=\"index, follow, max-snippet:-1, max-image-preview:large, max-video-preview:-1\" \/>\n<link rel=\"canonical\" href=\"https:\/\/evertonfc.cz\/index.php\/2016\/08\/18\/preview-west-bromwich-albion-everton-2\/\" \/>\n<meta property=\"og:locale\" content=\"cs_CZ\" \/>\n<meta property=\"og:type\" content=\"article\" \/>\n<meta property=\"og:title\" content=\"Preview: West Bromwich Albion - Everton - Official Czech &amp; Slovak Everton Supporters&#039; Club\" \/>\n<meta property=\"og:description\" content=\"Tradi\u010dn\u00fd v\u00fdkop o 16:00 pokra\u010duje aj v druhom kole a Evertonians bud\u00fa upiera\u0165 svoj zrak na The Hawthorns. Recept na prv\u00fa v\u00fdhru? U\u017e ani na papieri\u2026\" \/>\n<meta property=\"og:url\" content=\"https:\/\/evertonfc.cz\/index.php\/2016\/08\/18\/preview-west-bromwich-albion-everton-2\/\" \/>\n<meta property=\"og:site_name\" content=\"Official Czech &amp; Slovak Everton Supporters&#039; Club\" \/>\n<meta property=\"article:publisher\" content=\"https:\/\/www.facebook.com\/everton.fans.cz.sk\" \/>\n<meta property=\"article:published_time\" content=\"2016-08-18T18:29:08+00:00\" \/>\n<meta property=\"article:modified_time\" content=\"2021-03-04T12:38:11+00:00\" \/>\n<meta property=\"og:image\" content=\"https:\/\/evertonfc.cz\/wp-content\/uploads\/2021\/03\/West-Bromwich-Albion-VS-Everton.jpg\" \/>\n\t<meta property=\"og:image:width\" content=\"720\" \/>\n\t<meta property=\"og:image:height\" content=\"405\" \/>\n\t<meta property=\"og:image:type\" content=\"image\/jpeg\" \/>\n<meta name=\"author\" content=\"BlueBlooded\" \/>\n<meta name=\"twitter:card\" content=\"summary_large_image\" \/>\n<meta name=\"twitter:label1\" content=\"Napsal(a)\" \/>\n\t<meta name=\"twitter:data1\" content=\"BlueBlooded\" \/>\n\t<meta name=\"twitter:label2\" content=\"Odhadovan\u00e1 doba \u010dten\u00ed\" \/>\n\t<meta name=\"twitter:data2\" content=\"4 minuty\" \/>\n<script type=\"application\/ld+json\" class=\"yoast-schema-graph\">{\"@context\":\"https:\/\/schema.org\",\"@graph\":[{\"@type\":\"Article\",\"@id\":\"https:\/\/evertonfc.cz\/index.php\/2016\/08\/18\/preview-west-bromwich-albion-everton-2\/#article\",\"isPartOf\":{\"@id\":\"https:\/\/evertonfc.cz\/index.php\/2016\/08\/18\/preview-west-bromwich-albion-everton-2\/\"},\"author\":{\"name\":\"BlueBlooded\",\"@id\":\"https:\/\/evertonfc.cz\/#\/schema\/person\/d4493b8cbea51532597fbc4685698916\"},\"headline\":\"Preview: West Bromwich Albion &#8211; Everton\",\"datePublished\":\"2016-08-18T18:29:08+00:00\",\"dateModified\":\"2021-03-04T12:38:11+00:00\",\"mainEntityOfPage\":{\"@id\":\"https:\/\/evertonfc.cz\/index.php\/2016\/08\/18\/preview-west-bromwich-albion-everton-2\/\"},\"wordCount\":880,\"commentCount\":0,\"publisher\":{\"@id\":\"https:\/\/evertonfc.cz\/#organization\"},\"image\":{\"@id\":\"https:\/\/evertonfc.cz\/index.php\/2016\/08\/18\/preview-west-bromwich-albion-everton-2\/#primaryimage\"},\"thumbnailUrl\":\"https:\/\/evertonfc.cz\/wp-content\/uploads\/2021\/03\/West-Bromwich-Albion-VS-Everton.jpg\",\"articleSection\":[\"Z\u00e1pasy\"],\"inLanguage\":\"cs\",\"potentialAction\":[{\"@type\":\"CommentAction\",\"name\":\"Comment\",\"target\":[\"https:\/\/evertonfc.cz\/index.php\/2016\/08\/18\/preview-west-bromwich-albion-everton-2\/#respond\"]}]},{\"@type\":\"WebPage\",\"@id\":\"https:\/\/evertonfc.cz\/index.php\/2016\/08\/18\/preview-west-bromwich-albion-everton-2\/\",\"url\":\"https:\/\/evertonfc.cz\/index.php\/2016\/08\/18\/preview-west-bromwich-albion-everton-2\/\",\"name\":\"Preview: West Bromwich Albion - Everton - Official Czech &amp; Slovak Everton Supporters&#039; Club\",\"isPartOf\":{\"@id\":\"https:\/\/evertonfc.cz\/#website\"},\"primaryImageOfPage\":{\"@id\":\"https:\/\/evertonfc.cz\/index.php\/2016\/08\/18\/preview-west-bromwich-albion-everton-2\/#primaryimage\"},\"image\":{\"@id\":\"https:\/\/evertonfc.cz\/index.php\/2016\/08\/18\/preview-west-bromwich-albion-everton-2\/#primaryimage\"},\"thumbnailUrl\":\"https:\/\/evertonfc.cz\/wp-content\/uploads\/2021\/03\/West-Bromwich-Albion-VS-Everton.jpg\",\"datePublished\":\"2016-08-18T18:29:08+00:00\",\"dateModified\":\"2021-03-04T12:38:11+00:00\",\"breadcrumb\":{\"@id\":\"https:\/\/evertonfc.cz\/index.php\/2016\/08\/18\/preview-west-bromwich-albion-everton-2\/#breadcrumb\"},\"inLanguage\":\"cs\",\"potentialAction\":[{\"@type\":\"ReadAction\",\"target\":[\"https:\/\/evertonfc.cz\/index.php\/2016\/08\/18\/preview-west-bromwich-albion-everton-2\/\"]}]},{\"@type\":\"ImageObject\",\"inLanguage\":\"cs\",\"@id\":\"https:\/\/evertonfc.cz\/index.php\/2016\/08\/18\/preview-west-bromwich-albion-everton-2\/#primaryimage\",\"url\":\"https:\/\/evertonfc.cz\/wp-content\/uploads\/2021\/03\/West-Bromwich-Albion-VS-Everton.jpg\",\"contentUrl\":\"https:\/\/evertonfc.cz\/wp-content\/uploads\/2021\/03\/West-Bromwich-Albion-VS-Everton.jpg\",\"width\":720,\"height\":405},{\"@type\":\"BreadcrumbList\",\"@id\":\"https:\/\/evertonfc.cz\/index.php\/2016\/08\/18\/preview-west-bromwich-albion-everton-2\/#breadcrumb\",\"itemListElement\":[{\"@type\":\"ListItem\",\"position\":1,\"name\":\"Home\",\"item\":\"https:\/\/evertonfc.cz\/\"},{\"@type\":\"ListItem\",\"position\":2,\"name\":\"Preview: West Bromwich Albion &#8211; Everton\"}]},{\"@type\":\"WebSite\",\"@id\":\"https:\/\/evertonfc.cz\/#website\",\"url\":\"https:\/\/evertonfc.cz\/\",\"name\":\"Official Czech &amp; Slovak Everton Supporters&#039; Club\",\"description\":\"\",\"publisher\":{\"@id\":\"https:\/\/evertonfc.cz\/#organization\"},\"potentialAction\":[{\"@type\":\"SearchAction\",\"target\":{\"@type\":\"EntryPoint\",\"urlTemplate\":\"https:\/\/evertonfc.cz\/?s={search_term_string}\"},\"query-input\":{\"@type\":\"PropertyValueSpecification\",\"valueRequired\":true,\"valueName\":\"search_term_string\"}}],\"inLanguage\":\"cs\"},{\"@type\":\"Organization\",\"@id\":\"https:\/\/evertonfc.cz\/#organization\",\"name\":\"Official Czech & Slovak Everton Supporters' Club\",\"url\":\"https:\/\/evertonfc.cz\/\",\"logo\":{\"@type\":\"ImageObject\",\"inLanguage\":\"cs\",\"@id\":\"https:\/\/evertonfc.cz\/#\/schema\/logo\/image\/\",\"url\":\"https:\/\/evertonfc.cz\/wp-content\/uploads\/2019\/05\/logo.png\",\"contentUrl\":\"https:\/\/evertonfc.cz\/wp-content\/uploads\/2019\/05\/logo.png\",\"width\":112,\"height\":112,\"caption\":\"Official Czech & Slovak Everton Supporters' Club\"},\"image\":{\"@id\":\"https:\/\/evertonfc.cz\/#\/schema\/logo\/image\/\"},\"sameAs\":[\"https:\/\/www.facebook.com\/everton.fans.cz.sk\"]},{\"@type\":\"Person\",\"@id\":\"https:\/\/evertonfc.cz\/#\/schema\/person\/d4493b8cbea51532597fbc4685698916\",\"name\":\"BlueBlooded\",\"url\":\"https:\/\/evertonfc.cz\/index.php\/author\/admin\/\"}]}<\/script>\n<!-- \/ Yoast SEO plugin. -->","yoast_head_json":{"title":"Preview: West Bromwich Albion - Everton - Official Czech &amp; Slovak Everton Supporters&#039; Club","robots":{"index":"index","follow":"follow","max-snippet":"max-snippet:-1","max-image-preview":"max-image-preview:large","max-video-preview":"max-video-preview:-1"},"canonical":"https:\/\/evertonfc.cz\/index.php\/2016\/08\/18\/preview-west-bromwich-albion-everton-2\/","og_locale":"cs_CZ","og_type":"article","og_title":"Preview: West Bromwich Albion - Everton - Official Czech &amp; Slovak Everton Supporters&#039; Club","og_description":"Tradi\u010dn\u00fd v\u00fdkop o 16:00 pokra\u010duje aj v druhom kole a Evertonians bud\u00fa upiera\u0165 svoj zrak na The Hawthorns. Recept na prv\u00fa v\u00fdhru? U\u017e ani na papieri\u2026","og_url":"https:\/\/evertonfc.cz\/index.php\/2016\/08\/18\/preview-west-bromwich-albion-everton-2\/","og_site_name":"Official Czech &amp; Slovak Everton Supporters&#039; Club","article_publisher":"https:\/\/www.facebook.com\/everton.fans.cz.sk","article_published_time":"2016-08-18T18:29:08+00:00","article_modified_time":"2021-03-04T12:38:11+00:00","og_image":[{"width":720,"height":405,"url":"https:\/\/evertonfc.cz\/wp-content\/uploads\/2021\/03\/West-Bromwich-Albion-VS-Everton.jpg","type":"image\/jpeg"}],"author":"BlueBlooded","twitter_card":"summary_large_image","twitter_misc":{"Napsal(a)":"BlueBlooded","Odhadovan\u00e1 doba \u010dten\u00ed":"4 minuty"},"schema":{"@context":"https:\/\/schema.org","@graph":[{"@type":"Article","@id":"https:\/\/evertonfc.cz\/index.php\/2016\/08\/18\/preview-west-bromwich-albion-everton-2\/#article","isPartOf":{"@id":"https:\/\/evertonfc.cz\/index.php\/2016\/08\/18\/preview-west-bromwich-albion-everton-2\/"},"author":{"name":"BlueBlooded","@id":"https:\/\/evertonfc.cz\/#\/schema\/person\/d4493b8cbea51532597fbc4685698916"},"headline":"Preview: West Bromwich Albion &#8211; Everton","datePublished":"2016-08-18T18:29:08+00:00","dateModified":"2021-03-04T12:38:11+00:00","mainEntityOfPage":{"@id":"https:\/\/evertonfc.cz\/index.php\/2016\/08\/18\/preview-west-bromwich-albion-everton-2\/"},"wordCount":880,"commentCount":0,"publisher":{"@id":"https:\/\/evertonfc.cz\/#organization"},"image":{"@id":"https:\/\/evertonfc.cz\/index.php\/2016\/08\/18\/preview-west-bromwich-albion-everton-2\/#primaryimage"},"thumbnailUrl":"https:\/\/evertonfc.cz\/wp-content\/uploads\/2021\/03\/West-Bromwich-Albion-VS-Everton.jpg","articleSection":["Z\u00e1pasy"],"inLanguage":"cs","potentialAction":[{"@type":"CommentAction","name":"Comment","target":["https:\/\/evertonfc.cz\/index.php\/2016\/08\/18\/preview-west-bromwich-albion-everton-2\/#respond"]}]},{"@type":"WebPage","@id":"https:\/\/evertonfc.cz\/index.php\/2016\/08\/18\/preview-west-bromwich-albion-everton-2\/","url":"https:\/\/evertonfc.cz\/index.php\/2016\/08\/18\/preview-west-bromwich-albion-everton-2\/","name":"Preview: West Bromwich Albion - Everton - Official Czech &amp; Slovak Everton Supporters&#039; Club","isPartOf":{"@id":"https:\/\/evertonfc.cz\/#website"},"primaryImageOfPage":{"@id":"https:\/\/evertonfc.cz\/index.php\/2016\/08\/18\/preview-west-bromwich-albion-everton-2\/#primaryimage"},"image":{"@id":"https:\/\/evertonfc.cz\/index.php\/2016\/08\/18\/preview-west-bromwich-albion-everton-2\/#primaryimage"},"thumbnailUrl":"https:\/\/evertonfc.cz\/wp-content\/uploads\/2021\/03\/West-Bromwich-Albion-VS-Everton.jpg","datePublished":"2016-08-18T18:29:08+00:00","dateModified":"2021-03-04T12:38:11+00:00","breadcrumb":{"@id":"https:\/\/evertonfc.cz\/index.php\/2016\/08\/18\/preview-west-bromwich-albion-everton-2\/#breadcrumb"},"inLanguage":"cs","potentialAction":[{"@type":"ReadAction","target":["https:\/\/evertonfc.cz\/index.php\/2016\/08\/18\/preview-west-bromwich-albion-everton-2\/"]}]},{"@type":"ImageObject","inLanguage":"cs","@id":"https:\/\/evertonfc.cz\/index.php\/2016\/08\/18\/preview-west-bromwich-albion-everton-2\/#primaryimage","url":"https:\/\/evertonfc.cz\/wp-content\/uploads\/2021\/03\/West-Bromwich-Albion-VS-Everton.jpg","contentUrl":"https:\/\/evertonfc.cz\/wp-content\/uploads\/2021\/03\/West-Bromwich-Albion-VS-Everton.jpg","width":720,"height":405},{"@type":"BreadcrumbList","@id":"https:\/\/evertonfc.cz\/index.php\/2016\/08\/18\/preview-west-bromwich-albion-everton-2\/#breadcrumb","itemListElement":[{"@type":"ListItem","position":1,"name":"Home","item":"https:\/\/evertonfc.cz\/"},{"@type":"ListItem","position":2,"name":"Preview: West Bromwich Albion &#8211; Everton"}]},{"@type":"WebSite","@id":"https:\/\/evertonfc.cz\/#website","url":"https:\/\/evertonfc.cz\/","name":"Official Czech &amp; Slovak Everton Supporters&#039; Club","description":"","publisher":{"@id":"https:\/\/evertonfc.cz\/#organization"},"potentialAction":[{"@type":"SearchAction","target":{"@type":"EntryPoint","urlTemplate":"https:\/\/evertonfc.cz\/?s={search_term_string}"},"query-input":{"@type":"PropertyValueSpecification","valueRequired":true,"valueName":"search_term_string"}}],"inLanguage":"cs"},{"@type":"Organization","@id":"https:\/\/evertonfc.cz\/#organization","name":"Official Czech & Slovak Everton Supporters' Club","url":"https:\/\/evertonfc.cz\/","logo":{"@type":"ImageObject","inLanguage":"cs","@id":"https:\/\/evertonfc.cz\/#\/schema\/logo\/image\/","url":"https:\/\/evertonfc.cz\/wp-content\/uploads\/2019\/05\/logo.png","contentUrl":"https:\/\/evertonfc.cz\/wp-content\/uploads\/2019\/05\/logo.png","width":112,"height":112,"caption":"Official Czech & Slovak Everton Supporters' Club"},"image":{"@id":"https:\/\/evertonfc.cz\/#\/schema\/logo\/image\/"},"sameAs":["https:\/\/www.facebook.com\/everton.fans.cz.sk"]},{"@type":"Person","@id":"https:\/\/evertonfc.cz\/#\/schema\/person\/d4493b8cbea51532597fbc4685698916","name":"BlueBlooded","url":"https:\/\/evertonfc.cz\/index.php\/author\/admin\/"}]}},"_links":{"self":[{"href":"https:\/\/evertonfc.cz\/index.php\/wp-json\/wp\/v2\/posts\/3557"}],"collection":[{"href":"https:\/\/evertonfc.cz\/index.php\/wp-json\/wp\/v2\/posts"}],"about":[{"href":"https:\/\/evertonfc.cz\/index.php\/wp-json\/wp\/v2\/types\/post"}],"author":[{"embeddable":true,"href":"https:\/\/evertonfc.cz\/index.php\/wp-json\/wp\/v2\/users\/1"}],"replies":[{"embeddable":true,"href":"https:\/\/evertonfc.cz\/index.php\/wp-json\/wp\/v2\/comments?post=3557"}],"version-history":[{"count":3,"href":"https:\/\/evertonfc.cz\/index.php\/wp-json\/wp\/v2\/posts\/3557\/revisions"}],"predecessor-version":[{"id":14465,"href":"https:\/\/evertonfc.cz\/index.php\/wp-json\/wp\/v2\/posts\/3557\/revisions\/14465"}],"wp:featuredmedia":[{"embeddable":true,"href":"https:\/\/evertonfc.cz\/index.php\/wp-json\/wp\/v2\/media\/14438"}],"wp:attachment":[{"href":"https:\/\/evertonfc.cz\/index.php\/wp-json\/wp\/v2\/media?parent=3557"}],"wp:term":[{"taxonomy":"category","embeddable":true,"href":"https:\/\/evertonfc.cz\/index.php\/wp-json\/wp\/v2\/categories?post=3557"},{"taxonomy":"post_tag","embeddable":true,"href":"https:\/\/evertonfc.cz\/index.php\/wp-json\/wp\/v2\/tags?post=3557"}],"curies":[{"name":"wp","href":"https:\/\/api.w.org\/{rel}","templated":true}]}}