{"id":3559,"date":"2016-08-15T20:30:54","date_gmt":"2016-08-15T18:30:54","guid":{"rendered":"http:\/\/evertonfc.cz\/?p=3559"},"modified":"2019-02-11T20:31:54","modified_gmt":"2019-02-11T19:31:54","slug":"bolasie-zpeceteny","status":"publish","type":"post","link":"https:\/\/evertonfc.cz\/index.php\/2016\/08\/15\/bolasie-zpeceteny\/","title":{"rendered":"Bolasie zpe\u010det\u011bn\u00fd"},"content":{"rendered":"<h4 id=\"NewsPostDetailSummary\">Everton pomalu ale jist\u011b za\u010d\u00edn\u00e1 \u010de\u0159it p\u0159estupov\u00e9 vody, nej\u010derstv\u011bji ulovil velkou, doufejme, rybu z Crystal Palace, na p\u011bt let si zajistil Yannicka Bolasieho.<\/h4>\n<div id=\"NewsPostDetailContent\">\n<p>Blues zaplatili za ofenzivn\u00edho hr\u00e1\u010de \u00a325m, p\u0159i\u010dem\u017e k z\u00e1kladn\u00ed sum\u011b jsou v\u00e1zan\u00e9 bonusy v hodnot\u011b \u00a35m, jak informuj\u00ed neofici\u00e1ln\u00ed zdroje (Liverpool Echo, BBC, Guardian), ani jedna strana toti\u017e \u010d\u00e1stku za p\u0159estup nezve\u0159ejnila. Avizovan\u00fdch \u00a330m by znamenalo nejdra\u017e\u0161\u00ed n\u00e1kup v historii Merseysiders.<\/p>\n<p>Everton minul\u00fd v\u00edkend podal nab\u00eddku v hodnot\u011b \u00a318m, kterou Eagles odm\u00edtli. \u00dasp\u011bch p\u0159ineslo a\u017e nav\u00fd\u0161en\u00ed, a tak reprezentant DR Kongo bude nosit modr\u00fd dres s \u010d\u00edslem 14.<\/p>\n<p>Bolasie, jen\u017ee se nejl\u00e9pe c\u00edt\u00ed na lev\u00e9 stran\u011b h\u0159i\u0161t\u011b, d\u0159\u00edve hr\u00e1val za Bristol City. Pr\u00e1v\u011b odtud sm\u011b\u0159oval do Crystal Palace, konkr\u00e9tn\u011b v roce 2012 za dnes sm\u011b\u0161n\u00fdch \u00a3350 000. V hled\u00e1\u010dku mana\u017eera Ronalda Koemana a sportovn\u00edho \u0159editele Steva Walshe se dostal na nejvy\u0161\u0161\u00ed p\u0159\u00ed\u010dky, proto spokojenost prvn\u011b jmenovan\u00e9ho nep\u0159ekvapuje. <em>\u201eYannicka jsem sledoval u\u017e del\u0161\u00ed dobu, spl\u0148uje po\u017eadavky, kter\u00e9 kladu na k\u0159\u00eddeln\u00edka \u2013 rychlost, s\u00edlu a schopnost nastupovat na rozli\u010dn\u00fdch postech v \u00fatoku. Je opravdu dobrou posilou pro klub.<\/em><\/p>\n<p><em>Jeho 27 let p\u0159edstavuje ide\u00e1ln\u00ed v\u011bk pro fotbalistu, nav\u00edc je ozkou\u0161en\u00fd Premier League. T\u00fdmu dod\u00e1 kvality, jsem r\u00e1d, \u017ee bude sou\u010d\u00e1st\u00ed na\u0161ich pl\u00e1n\u016f.\u201d<\/em><\/p>\n<p>Koeman dob\u0159e popsal Bolasieho p\u0159ednosti. Jak\u00e9 m\u00e1 tedy slabiny? Nutno zm\u00ednit nekonzistentn\u00ed v\u00fdkony a hor\u0161\u00ed produktivitu. A\u010dkoliv hlavn\u011b v posledn\u00edch dvou sez\u00f3n\u00e1ch zakl\u00e1dal v\u011bt\u0161inu nebezpe\u010dn\u00fdch akc\u00ed Palace, jeho maximum nast\u0159\u00edlen\u00fdch branek v jednom ro\u010dn\u00edku Premier League se zastavilo na \u010d\u00edsle p\u011bt.<\/p>\n<p>&#8222;Yala&#8220; bude bojovat o m\u00edsto v z\u00e1kladn\u00ed sestav\u011b hlavn\u011b s\u00a0Kevinem Mirallasem. Pozice lev\u00e9ho k\u0159\u00eddeln\u00edka pot\u0159ebovala pos\u00edlen\u00ed, v\u017edy\u0165 vloni zde nastupoval Tom Cleverley \u010di Arouna Kon\u00e9, a to, pros\u00edm, nelze pova\u017eovat za nikterak \u017ehav\u00e9 mo\u017enosti.<\/p><\/div>\n","protected":false},"excerpt":{"rendered":"<p>Everton pomalu ale jist\u011b za\u010d\u00edn\u00e1 \u010de\u0159it p\u0159estupov\u00e9 vody, nej\u010derstv\u011bji ulovil velkou, doufejme, rybu z Crystal Palace, na p\u011bt let si&hellip;<\/p>\n","protected":false},"author":6,"featured_media":1316,"comment_status":"open","ping_status":"closed","sticky":false,"template":"","format":"standard","meta":{"_eb_attr":"","_monsterinsights_skip_tracking":false,"_monsterinsights_sitenote_active":false,"_monsterinsights_sitenote_note":"","_monsterinsights_sitenote_category":0,"footnotes":""},"categories":[41],"tags":[],"yoast_head":"<!-- This site is optimized with the Yoast SEO plugin v23.4 - https:\/\/yoast.com\/wordpress\/plugins\/seo\/ -->\n<title>Bolasie zpe\u010det\u011bn\u00fd - Official Czech &amp; Slovak Everton Supporters&#039; Club<\/title>\n<meta name=\"robots\" content=\"index, follow, max-snippet:-1, max-image-preview:large, max-video-preview:-1\" \/>\n<link rel=\"canonical\" href=\"https:\/\/evertonfc.cz\/index.php\/2016\/08\/15\/bolasie-zpeceteny\/\" \/>\n<meta property=\"og:locale\" content=\"cs_CZ\" \/>\n<meta property=\"og:type\" content=\"article\" \/>\n<meta property=\"og:title\" content=\"Bolasie zpe\u010det\u011bn\u00fd - Official Czech &amp; Slovak Everton Supporters&#039; Club\" \/>\n<meta property=\"og:description\" content=\"Everton pomalu ale jist\u011b za\u010d\u00edn\u00e1 \u010de\u0159it p\u0159estupov\u00e9 vody, nej\u010derstv\u011bji ulovil velkou, doufejme, rybu z Crystal Palace, na p\u011bt let si&hellip;\" \/>\n<meta property=\"og:url\" content=\"https:\/\/evertonfc.cz\/index.php\/2016\/08\/15\/bolasie-zpeceteny\/\" \/>\n<meta property=\"og:site_name\" content=\"Official Czech &amp; Slovak Everton Supporters&#039; Club\" \/>\n<meta property=\"article:publisher\" content=\"https:\/\/www.facebook.com\/everton.fans.cz.sk\" \/>\n<meta property=\"article:published_time\" content=\"2016-08-15T18:30:54+00:00\" \/>\n<meta property=\"article:modified_time\" content=\"2019-02-11T19:31:54+00:00\" \/>\n<meta property=\"og:image\" content=\"https:\/\/evertonfc.cz\/wp-content\/uploads\/2019\/01\/transfer.jpg\" \/>\n\t<meta property=\"og:image:width\" content=\"720\" \/>\n\t<meta property=\"og:image:height\" content=\"405\" \/>\n\t<meta property=\"og:image:type\" content=\"image\/jpeg\" \/>\n<meta name=\"author\" content=\"Ri\u010di\" \/>\n<meta name=\"twitter:card\" content=\"summary_large_image\" \/>\n<meta name=\"twitter:creator\" content=\"@rbrejsa\" \/>\n<meta name=\"twitter:label1\" content=\"Napsal(a)\" \/>\n\t<meta name=\"twitter:data1\" content=\"Ri\u010di\" \/>\n\t<meta name=\"twitter:label2\" content=\"Odhadovan\u00e1 doba \u010dten\u00ed\" \/>\n\t<meta name=\"twitter:data2\" content=\"2 minuty\" \/>\n<script type=\"application\/ld+json\" class=\"yoast-schema-graph\">{\"@context\":\"https:\/\/schema.org\",\"@graph\":[{\"@type\":\"Article\",\"@id\":\"https:\/\/evertonfc.cz\/index.php\/2016\/08\/15\/bolasie-zpeceteny\/#article\",\"isPartOf\":{\"@id\":\"https:\/\/evertonfc.cz\/index.php\/2016\/08\/15\/bolasie-zpeceteny\/\"},\"author\":{\"name\":\"Ri\u010di\",\"@id\":\"https:\/\/evertonfc.cz\/#\/schema\/person\/f7a5daedb2ffee98480bc70e191aaef1\"},\"headline\":\"Bolasie zpe\u010det\u011bn\u00fd\",\"datePublished\":\"2016-08-15T18:30:54+00:00\",\"dateModified\":\"2019-02-11T19:31:54+00:00\",\"mainEntityOfPage\":{\"@id\":\"https:\/\/evertonfc.cz\/index.php\/2016\/08\/15\/bolasie-zpeceteny\/\"},\"wordCount\":353,\"commentCount\":0,\"publisher\":{\"@id\":\"https:\/\/evertonfc.cz\/#organization\"},\"image\":{\"@id\":\"https:\/\/evertonfc.cz\/index.php\/2016\/08\/15\/bolasie-zpeceteny\/#primaryimage\"},\"thumbnailUrl\":\"https:\/\/evertonfc.cz\/wp-content\/uploads\/2019\/01\/transfer.jpg\",\"articleSection\":[\"P\u0159estupy\"],\"inLanguage\":\"cs\",\"potentialAction\":[{\"@type\":\"CommentAction\",\"name\":\"Comment\",\"target\":[\"https:\/\/evertonfc.cz\/index.php\/2016\/08\/15\/bolasie-zpeceteny\/#respond\"]}]},{\"@type\":\"WebPage\",\"@id\":\"https:\/\/evertonfc.cz\/index.php\/2016\/08\/15\/bolasie-zpeceteny\/\",\"url\":\"https:\/\/evertonfc.cz\/index.php\/2016\/08\/15\/bolasie-zpeceteny\/\",\"name\":\"Bolasie zpe\u010det\u011bn\u00fd - Official Czech &amp; Slovak Everton Supporters&#039; Club\",\"isPartOf\":{\"@id\":\"https:\/\/evertonfc.cz\/#website\"},\"primaryImageOfPage\":{\"@id\":\"https:\/\/evertonfc.cz\/index.php\/2016\/08\/15\/bolasie-zpeceteny\/#primaryimage\"},\"image\":{\"@id\":\"https:\/\/evertonfc.cz\/index.php\/2016\/08\/15\/bolasie-zpeceteny\/#primaryimage\"},\"thumbnailUrl\":\"https:\/\/evertonfc.cz\/wp-content\/uploads\/2019\/01\/transfer.jpg\",\"datePublished\":\"2016-08-15T18:30:54+00:00\",\"dateModified\":\"2019-02-11T19:31:54+00:00\",\"breadcrumb\":{\"@id\":\"https:\/\/evertonfc.cz\/index.php\/2016\/08\/15\/bolasie-zpeceteny\/#breadcrumb\"},\"inLanguage\":\"cs\",\"potentialAction\":[{\"@type\":\"ReadAction\",\"target\":[\"https:\/\/evertonfc.cz\/index.php\/2016\/08\/15\/bolasie-zpeceteny\/\"]}]},{\"@type\":\"ImageObject\",\"inLanguage\":\"cs\",\"@id\":\"https:\/\/evertonfc.cz\/index.php\/2016\/08\/15\/bolasie-zpeceteny\/#primaryimage\",\"url\":\"https:\/\/evertonfc.cz\/wp-content\/uploads\/2019\/01\/transfer.jpg\",\"contentUrl\":\"https:\/\/evertonfc.cz\/wp-content\/uploads\/2019\/01\/transfer.jpg\",\"width\":720,\"height\":405},{\"@type\":\"BreadcrumbList\",\"@id\":\"https:\/\/evertonfc.cz\/index.php\/2016\/08\/15\/bolasie-zpeceteny\/#breadcrumb\",\"itemListElement\":[{\"@type\":\"ListItem\",\"position\":1,\"name\":\"Home\",\"item\":\"https:\/\/evertonfc.cz\/\"},{\"@type\":\"ListItem\",\"position\":2,\"name\":\"Bolasie zpe\u010det\u011bn\u00fd\"}]},{\"@type\":\"WebSite\",\"@id\":\"https:\/\/evertonfc.cz\/#website\",\"url\":\"https:\/\/evertonfc.cz\/\",\"name\":\"Official Czech &amp; Slovak Everton Supporters&#039; Club\",\"description\":\"\",\"publisher\":{\"@id\":\"https:\/\/evertonfc.cz\/#organization\"},\"potentialAction\":[{\"@type\":\"SearchAction\",\"target\":{\"@type\":\"EntryPoint\",\"urlTemplate\":\"https:\/\/evertonfc.cz\/?s={search_term_string}\"},\"query-input\":{\"@type\":\"PropertyValueSpecification\",\"valueRequired\":true,\"valueName\":\"search_term_string\"}}],\"inLanguage\":\"cs\"},{\"@type\":\"Organization\",\"@id\":\"https:\/\/evertonfc.cz\/#organization\",\"name\":\"Official Czech & Slovak Everton Supporters' Club\",\"url\":\"https:\/\/evertonfc.cz\/\",\"logo\":{\"@type\":\"ImageObject\",\"inLanguage\":\"cs\",\"@id\":\"https:\/\/evertonfc.cz\/#\/schema\/logo\/image\/\",\"url\":\"https:\/\/evertonfc.cz\/wp-content\/uploads\/2019\/05\/logo.png\",\"contentUrl\":\"https:\/\/evertonfc.cz\/wp-content\/uploads\/2019\/05\/logo.png\",\"width\":112,\"height\":112,\"caption\":\"Official Czech & Slovak Everton Supporters' Club\"},\"image\":{\"@id\":\"https:\/\/evertonfc.cz\/#\/schema\/logo\/image\/\"},\"sameAs\":[\"https:\/\/www.facebook.com\/everton.fans.cz.sk\"]},{\"@type\":\"Person\",\"@id\":\"https:\/\/evertonfc.cz\/#\/schema\/person\/f7a5daedb2ffee98480bc70e191aaef1\",\"name\":\"Ri\u010di\",\"sameAs\":[\"https:\/\/x.com\/rbrejsa\"],\"url\":\"https:\/\/evertonfc.cz\/index.php\/author\/rici\/\"}]}<\/script>\n<!-- \/ Yoast SEO plugin. -->","yoast_head_json":{"title":"Bolasie zpe\u010det\u011bn\u00fd - Official Czech &amp; Slovak Everton Supporters&#039; Club","robots":{"index":"index","follow":"follow","max-snippet":"max-snippet:-1","max-image-preview":"max-image-preview:large","max-video-preview":"max-video-preview:-1"},"canonical":"https:\/\/evertonfc.cz\/index.php\/2016\/08\/15\/bolasie-zpeceteny\/","og_locale":"cs_CZ","og_type":"article","og_title":"Bolasie zpe\u010det\u011bn\u00fd - Official Czech &amp; Slovak Everton Supporters&#039; Club","og_description":"Everton pomalu ale jist\u011b za\u010d\u00edn\u00e1 \u010de\u0159it p\u0159estupov\u00e9 vody, nej\u010derstv\u011bji ulovil velkou, doufejme, rybu z Crystal Palace, na p\u011bt let si&hellip;","og_url":"https:\/\/evertonfc.cz\/index.php\/2016\/08\/15\/bolasie-zpeceteny\/","og_site_name":"Official Czech &amp; Slovak Everton Supporters&#039; Club","article_publisher":"https:\/\/www.facebook.com\/everton.fans.cz.sk","article_published_time":"2016-08-15T18:30:54+00:00","article_modified_time":"2019-02-11T19:31:54+00:00","og_image":[{"width":720,"height":405,"url":"https:\/\/evertonfc.cz\/wp-content\/uploads\/2019\/01\/transfer.jpg","type":"image\/jpeg"}],"author":"Ri\u010di","twitter_card":"summary_large_image","twitter_creator":"@rbrejsa","twitter_misc":{"Napsal(a)":"Ri\u010di","Odhadovan\u00e1 doba \u010dten\u00ed":"2 minuty"},"schema":{"@context":"https:\/\/schema.org","@graph":[{"@type":"Article","@id":"https:\/\/evertonfc.cz\/index.php\/2016\/08\/15\/bolasie-zpeceteny\/#article","isPartOf":{"@id":"https:\/\/evertonfc.cz\/index.php\/2016\/08\/15\/bolasie-zpeceteny\/"},"author":{"name":"Ri\u010di","@id":"https:\/\/evertonfc.cz\/#\/schema\/person\/f7a5daedb2ffee98480bc70e191aaef1"},"headline":"Bolasie zpe\u010det\u011bn\u00fd","datePublished":"2016-08-15T18:30:54+00:00","dateModified":"2019-02-11T19:31:54+00:00","mainEntityOfPage":{"@id":"https:\/\/evertonfc.cz\/index.php\/2016\/08\/15\/bolasie-zpeceteny\/"},"wordCount":353,"commentCount":0,"publisher":{"@id":"https:\/\/evertonfc.cz\/#organization"},"image":{"@id":"https:\/\/evertonfc.cz\/index.php\/2016\/08\/15\/bolasie-zpeceteny\/#primaryimage"},"thumbnailUrl":"https:\/\/evertonfc.cz\/wp-content\/uploads\/2019\/01\/transfer.jpg","articleSection":["P\u0159estupy"],"inLanguage":"cs","potentialAction":[{"@type":"CommentAction","name":"Comment","target":["https:\/\/evertonfc.cz\/index.php\/2016\/08\/15\/bolasie-zpeceteny\/#respond"]}]},{"@type":"WebPage","@id":"https:\/\/evertonfc.cz\/index.php\/2016\/08\/15\/bolasie-zpeceteny\/","url":"https:\/\/evertonfc.cz\/index.php\/2016\/08\/15\/bolasie-zpeceteny\/","name":"Bolasie zpe\u010det\u011bn\u00fd - Official Czech &amp; Slovak Everton Supporters&#039; Club","isPartOf":{"@id":"https:\/\/evertonfc.cz\/#website"},"primaryImageOfPage":{"@id":"https:\/\/evertonfc.cz\/index.php\/2016\/08\/15\/bolasie-zpeceteny\/#primaryimage"},"image":{"@id":"https:\/\/evertonfc.cz\/index.php\/2016\/08\/15\/bolasie-zpeceteny\/#primaryimage"},"thumbnailUrl":"https:\/\/evertonfc.cz\/wp-content\/uploads\/2019\/01\/transfer.jpg","datePublished":"2016-08-15T18:30:54+00:00","dateModified":"2019-02-11T19:31:54+00:00","breadcrumb":{"@id":"https:\/\/evertonfc.cz\/index.php\/2016\/08\/15\/bolasie-zpeceteny\/#breadcrumb"},"inLanguage":"cs","potentialAction":[{"@type":"ReadAction","target":["https:\/\/evertonfc.cz\/index.php\/2016\/08\/15\/bolasie-zpeceteny\/"]}]},{"@type":"ImageObject","inLanguage":"cs","@id":"https:\/\/evertonfc.cz\/index.php\/2016\/08\/15\/bolasie-zpeceteny\/#primaryimage","url":"https:\/\/evertonfc.cz\/wp-content\/uploads\/2019\/01\/transfer.jpg","contentUrl":"https:\/\/evertonfc.cz\/wp-content\/uploads\/2019\/01\/transfer.jpg","width":720,"height":405},{"@type":"BreadcrumbList","@id":"https:\/\/evertonfc.cz\/index.php\/2016\/08\/15\/bolasie-zpeceteny\/#breadcrumb","itemListElement":[{"@type":"ListItem","position":1,"name":"Home","item":"https:\/\/evertonfc.cz\/"},{"@type":"ListItem","position":2,"name":"Bolasie zpe\u010det\u011bn\u00fd"}]},{"@type":"WebSite","@id":"https:\/\/evertonfc.cz\/#website","url":"https:\/\/evertonfc.cz\/","name":"Official Czech &amp; Slovak Everton Supporters&#039; Club","description":"","publisher":{"@id":"https:\/\/evertonfc.cz\/#organization"},"potentialAction":[{"@type":"SearchAction","target":{"@type":"EntryPoint","urlTemplate":"https:\/\/evertonfc.cz\/?s={search_term_string}"},"query-input":{"@type":"PropertyValueSpecification","valueRequired":true,"valueName":"search_term_string"}}],"inLanguage":"cs"},{"@type":"Organization","@id":"https:\/\/evertonfc.cz\/#organization","name":"Official Czech & Slovak Everton Supporters' Club","url":"https:\/\/evertonfc.cz\/","logo":{"@type":"ImageObject","inLanguage":"cs","@id":"https:\/\/evertonfc.cz\/#\/schema\/logo\/image\/","url":"https:\/\/evertonfc.cz\/wp-content\/uploads\/2019\/05\/logo.png","contentUrl":"https:\/\/evertonfc.cz\/wp-content\/uploads\/2019\/05\/logo.png","width":112,"height":112,"caption":"Official Czech & Slovak Everton Supporters' Club"},"image":{"@id":"https:\/\/evertonfc.cz\/#\/schema\/logo\/image\/"},"sameAs":["https:\/\/www.facebook.com\/everton.fans.cz.sk"]},{"@type":"Person","@id":"https:\/\/evertonfc.cz\/#\/schema\/person\/f7a5daedb2ffee98480bc70e191aaef1","name":"Ri\u010di","sameAs":["https:\/\/x.com\/rbrejsa"],"url":"https:\/\/evertonfc.cz\/index.php\/author\/rici\/"}]}},"_links":{"self":[{"href":"https:\/\/evertonfc.cz\/index.php\/wp-json\/wp\/v2\/posts\/3559"}],"collection":[{"href":"https:\/\/evertonfc.cz\/index.php\/wp-json\/wp\/v2\/posts"}],"about":[{"href":"https:\/\/evertonfc.cz\/index.php\/wp-json\/wp\/v2\/types\/post"}],"author":[{"embeddable":true,"href":"https:\/\/evertonfc.cz\/index.php\/wp-json\/wp\/v2\/users\/6"}],"replies":[{"embeddable":true,"href":"https:\/\/evertonfc.cz\/index.php\/wp-json\/wp\/v2\/comments?post=3559"}],"version-history":[{"count":1,"href":"https:\/\/evertonfc.cz\/index.php\/wp-json\/wp\/v2\/posts\/3559\/revisions"}],"predecessor-version":[{"id":3560,"href":"https:\/\/evertonfc.cz\/index.php\/wp-json\/wp\/v2\/posts\/3559\/revisions\/3560"}],"wp:featuredmedia":[{"embeddable":true,"href":"https:\/\/evertonfc.cz\/index.php\/wp-json\/wp\/v2\/media\/1316"}],"wp:attachment":[{"href":"https:\/\/evertonfc.cz\/index.php\/wp-json\/wp\/v2\/media?parent=3559"}],"wp:term":[{"taxonomy":"category","embeddable":true,"href":"https:\/\/evertonfc.cz\/index.php\/wp-json\/wp\/v2\/categories?post=3559"},{"taxonomy":"post_tag","embeddable":true,"href":"https:\/\/evertonfc.cz\/index.php\/wp-json\/wp\/v2\/tags?post=3559"}],"curies":[{"name":"wp","href":"https:\/\/api.w.org\/{rel}","templated":true}]}}