{"id":3566,"date":"2016-08-12T20:33:19","date_gmt":"2016-08-12T18:33:19","guid":{"rendered":"http:\/\/evertonfc.cz\/?p=3566"},"modified":"2019-02-11T20:34:16","modified_gmt":"2019-02-11T19:34:16","slug":"preview-everton-tottenham-hotspur-3","status":"publish","type":"post","link":"https:\/\/evertonfc.cz\/index.php\/2016\/08\/12\/preview-everton-tottenham-hotspur-3\/","title":{"rendered":"Preview: Everton &#8211; Tottenham Hotspur"},"content":{"rendered":"<h4 id=\"NewsPostDetailSummary\">Prvn\u00ed kolo &#8211; a hned ostr\u00fd start. Na vylep\u0161en\u00e9m Goodison Parku p\u0159iv\u00edtaj\u00ed karamelky t\u0159et\u00ed t\u00fdm lo\u0148sk\u00e9 sezony. Z\u00e1pas kupodivu nen\u00ed vybr\u00e1n pro televizi, tak\u017ee se jedn\u00e1 o v\u00fdkop v tradi\u010dn\u00ed \u010das.<\/h4>\n<div id=\"NewsPostDetailContent\">\n<p>P\u0159\u00edpravn\u00e9 z\u00e1pasy v\u0161elijak\u00e9, v\u00fdhry pouze nad slab\u0161\u00edmi soupe\u0159i. A ostr\u00fd test je tu ji\u017e z\u00edtra. Co tedy od prvn\u00ed sout\u011b\u017en\u00edho ma\u010de nov\u00e9 sezony \u010dekat? Up\u0159\u00edmn\u011b \u0159e\u010deno, t\u011b\u017eko \u0159\u00edci, pokud by v\u00fdkon proti Espanyolu m\u011bl b\u00fdt bernou minc\u00ed, tak by Everton byl r\u00e1d za rem\u00edzu. Ale snad nebude tak \u0161patn\u011b. Utk\u00e1n\u00ed je nav\u00edc vyprodan\u00e9.<\/p>\n<p>Nov\u00fd mana\u017eer Koeman na p\u0159edz\u00e1psov\u00e9 tiskov\u00e9 konferenci potvrdil n\u011bkolik v\u011bc\u00ed. Niasse nem\u00e1 v Evertonu perspektivu a je o n\u011bj v Premier League z\u00e1jem. Lep\u0161\u00ed by asi bylo prodat ho, v\u017edy\u0165 i Vis\u00e1\u010di zp\u00edvaj\u00ed, \u017ee ka\u017ed\u00e9 zbo\u017e\u00ed m\u00e1 sv\u00e9ho kupce. To ale jaksi ne\u0159e\u0161\u00ed, \u010di sp\u00ed\u0161e komplikuje, situaci na pozici hrotov\u00e9ho \u00fato\u010dn\u00edka. I kdy\u017e Lukaku z\u016fstane, co\u017e v\u016fbec nen\u00ed jist\u00e9, tak je volbou \u010d\u00edslo dv\u011b Kon\u00e9. Chmurn\u00e1 perspektiva i p\u0159edstava.<\/p>\n<p>A kdy\u017e u\u017e jsem u Kon\u00e9ho, tak je docela dob\u0159e mo\u017en\u00e9, \u017ee proti Tottenhamu nastoup\u00ed v z\u00e1kladn\u00ed sestav\u011b. Start Lukaka je nejist\u00fd, stejn\u011b jako Colemana. Po propu\u0161t\u011bn\u00ed Hibberta, prodeji Stonese a p\u0159i zran\u011bn\u00e9m Penningtonovi m\u016f\u017eeme pouze tipovat, kdo na prav\u00e9 obran\u011b nastoup\u00ed. Ka\u017edop\u00e1dn\u011b to bude nouzov\u00e9 \u0159e\u0161en\u00ed, pokud Ir nebude moci hr\u00e1t. Jagielka je u\u017e naopak v po\u0159\u00e1dku a m\u011bl by mu\u017estvo v\u00e9st do boje jako kapit\u00e1n, z\u0159ejm\u011b zaujme svou obvyklou pozici ve st\u0159edu obrany vedle Moriho (a\u010d varianta s n\u00edm na prav\u00e9 obran\u011b a stoperskou dvojic\u00ed Mori-Holgate se tak\u00e9 nab\u00edz\u00ed, le\u010d jist\u011b nen\u00ed preferov\u00e1na). Ashley Williams naopak nebude k dispozici, stejn\u011b jako Pennington. Jeho zran\u011bn\u00ed p\u0159itahova\u010de stehenn\u00edho svalu je v\u00e1\u017en\u011bj\u0161\u00ed, vynech\u00e1 n\u011bkolik m\u011bs\u00edc\u016f. Williams pot\u0159ebuje nabrat je\u0161t\u011b fyzickou kondici, zat\u00edm nen\u00ed zn\u00e1mo, zda bude k dispozici p\u0159\u00ed\u0161t\u00ed t\u00fdden v utk\u00e1n\u00ed proti WBA. Lze d\u016fvodn\u011b p\u0159edpokl\u00e1dat, \u017ee v brance bude Stekelenburg.<\/p>\n<p>Tottenham loni m\u011bl skv\u011blou sezonu, u kter\u00e9 ale nevy\u0161el z\u00e1v\u011br, a tak je nen\u00e1vid\u011bn\u00fd rival Arsenal v posledn\u00edm kole p\u0159esko\u010dil v soboji o druh\u00e9 m\u00edsto. Takhle to dopad\u00e1, kdy\u017e prohrajete na h\u0159i\u0161ti t\u00fdmu, kter\u00fd u\u017e m\u00e1 jist\u00fd sestup.. Do t\u00fdmu Spurs v l\u00e9t\u011b p\u0159estoupil Wanyama, kter\u00fd pr\u00e1v\u011b v minul\u00e9m ro\u010dn\u00edku hr\u00e1l pod Koemanem v Southamptonu. Neskr\u00fdv\u00e1, \u017ee se t\u011b\u0161\u00ed. Zran\u011bn\u00ed z Eura vykur\u00fdroval i Vertonghen, osobn\u011b by m\u011b p\u0159ekvapilo, kdyby v z\u00e1kladn\u00ed sestav\u011b nebyl. A chyb\u011bt bude i z\u00e1lo\u017en\u00edk Son, kter\u00fd si na brazilsk\u00e9 olympi\u00e1d\u011b pln\u00ed reprezenta\u010dn\u00ed povinnosti. Dembel\u00e9 je v trestu, naopak se po odpyk\u00e1n\u00ed t\u00e9ho\u017e vrac\u00ed Alli.<\/p>\n<p>Utk\u00e1n\u00ed vys\u00edl\u00e1 p\u0159\u00edm\u00fdm p\u0159enosem stanice Digi sport 1.<\/p>\n<p><strong>Co:<\/strong> Everton FC &#8211; Tottenham Hotspur FC, 1. kolo Premier League<br \/>\n<strong>Kdy:<\/strong> 12. 08. 2016 od 16:00 SE\u010c<br \/>\n<strong>Kde:<\/strong> Goodison Park, Liverpool (kapacita: 40 157)<br \/>\n<strong>Rozhod\u010d\u00ed:<\/strong> Martin Atkinson<\/p>\n<\/div>\n","protected":false},"excerpt":{"rendered":"<p>Prvn\u00ed kolo &#8211; a hned ostr\u00fd start. Na vylep\u0161en\u00e9m Goodison Parku p\u0159iv\u00edtaj\u00ed karamelky t\u0159et\u00ed t\u00fdm lo\u0148sk\u00e9 sezony. Z\u00e1pas kupodivu nen\u00ed&hellip;<\/p>\n","protected":false},"author":12,"featured_media":1314,"comment_status":"open","ping_status":"closed","sticky":false,"template":"","format":"standard","meta":{"_eb_attr":"","_monsterinsights_skip_tracking":false,"_monsterinsights_sitenote_active":false,"_monsterinsights_sitenote_note":"","_monsterinsights_sitenote_category":0,"footnotes":""},"categories":[4],"tags":[],"yoast_head":"<!-- This site is optimized with the Yoast SEO plugin v23.4 - https:\/\/yoast.com\/wordpress\/plugins\/seo\/ -->\n<title>Preview: Everton - Tottenham Hotspur - Official Czech &amp; Slovak Everton Supporters&#039; Club<\/title>\n<meta name=\"robots\" content=\"index, follow, max-snippet:-1, max-image-preview:large, max-video-preview:-1\" \/>\n<link rel=\"canonical\" href=\"https:\/\/evertonfc.cz\/index.php\/2016\/08\/12\/preview-everton-tottenham-hotspur-3\/\" \/>\n<meta property=\"og:locale\" content=\"cs_CZ\" \/>\n<meta property=\"og:type\" content=\"article\" \/>\n<meta property=\"og:title\" content=\"Preview: Everton - Tottenham Hotspur - Official Czech &amp; Slovak Everton Supporters&#039; Club\" \/>\n<meta property=\"og:description\" content=\"Prvn\u00ed kolo &#8211; a hned ostr\u00fd start. Na vylep\u0161en\u00e9m Goodison Parku p\u0159iv\u00edtaj\u00ed karamelky t\u0159et\u00ed t\u00fdm lo\u0148sk\u00e9 sezony. Z\u00e1pas kupodivu nen\u00ed&hellip;\" \/>\n<meta property=\"og:url\" content=\"https:\/\/evertonfc.cz\/index.php\/2016\/08\/12\/preview-everton-tottenham-hotspur-3\/\" \/>\n<meta property=\"og:site_name\" content=\"Official Czech &amp; Slovak Everton Supporters&#039; Club\" \/>\n<meta property=\"article:publisher\" content=\"https:\/\/www.facebook.com\/everton.fans.cz.sk\" \/>\n<meta property=\"article:published_time\" content=\"2016-08-12T18:33:19+00:00\" \/>\n<meta property=\"article:modified_time\" content=\"2019-02-11T19:34:16+00:00\" \/>\n<meta property=\"og:image\" content=\"https:\/\/evertonfc.cz\/wp-content\/uploads\/2019\/01\/preview.jpg\" \/>\n\t<meta property=\"og:image:width\" content=\"720\" \/>\n\t<meta property=\"og:image:height\" content=\"405\" \/>\n\t<meta property=\"og:image:type\" content=\"image\/jpeg\" \/>\n<meta name=\"author\" content=\"Javor\" \/>\n<meta name=\"twitter:card\" content=\"summary_large_image\" \/>\n<meta name=\"twitter:creator\" content=\"@LoudinJan\" \/>\n<meta name=\"twitter:label1\" content=\"Napsal(a)\" \/>\n\t<meta name=\"twitter:data1\" content=\"Javor\" \/>\n\t<meta name=\"twitter:label2\" content=\"Odhadovan\u00e1 doba \u010dten\u00ed\" \/>\n\t<meta name=\"twitter:data2\" content=\"3 minuty\" \/>\n<script type=\"application\/ld+json\" class=\"yoast-schema-graph\">{\"@context\":\"https:\/\/schema.org\",\"@graph\":[{\"@type\":\"Article\",\"@id\":\"https:\/\/evertonfc.cz\/index.php\/2016\/08\/12\/preview-everton-tottenham-hotspur-3\/#article\",\"isPartOf\":{\"@id\":\"https:\/\/evertonfc.cz\/index.php\/2016\/08\/12\/preview-everton-tottenham-hotspur-3\/\"},\"author\":{\"name\":\"Javor\",\"@id\":\"https:\/\/evertonfc.cz\/#\/schema\/person\/b30daf6a5852f4811f8207a17ec1bf78\"},\"headline\":\"Preview: Everton &#8211; Tottenham Hotspur\",\"datePublished\":\"2016-08-12T18:33:19+00:00\",\"dateModified\":\"2019-02-11T19:34:16+00:00\",\"mainEntityOfPage\":{\"@id\":\"https:\/\/evertonfc.cz\/index.php\/2016\/08\/12\/preview-everton-tottenham-hotspur-3\/\"},\"wordCount\":561,\"commentCount\":0,\"publisher\":{\"@id\":\"https:\/\/evertonfc.cz\/#organization\"},\"image\":{\"@id\":\"https:\/\/evertonfc.cz\/index.php\/2016\/08\/12\/preview-everton-tottenham-hotspur-3\/#primaryimage\"},\"thumbnailUrl\":\"https:\/\/evertonfc.cz\/wp-content\/uploads\/2019\/01\/preview.jpg\",\"articleSection\":[\"Z\u00e1pasy\"],\"inLanguage\":\"cs\",\"potentialAction\":[{\"@type\":\"CommentAction\",\"name\":\"Comment\",\"target\":[\"https:\/\/evertonfc.cz\/index.php\/2016\/08\/12\/preview-everton-tottenham-hotspur-3\/#respond\"]}]},{\"@type\":\"WebPage\",\"@id\":\"https:\/\/evertonfc.cz\/index.php\/2016\/08\/12\/preview-everton-tottenham-hotspur-3\/\",\"url\":\"https:\/\/evertonfc.cz\/index.php\/2016\/08\/12\/preview-everton-tottenham-hotspur-3\/\",\"name\":\"Preview: Everton - Tottenham Hotspur - Official Czech &amp; Slovak Everton Supporters&#039; Club\",\"isPartOf\":{\"@id\":\"https:\/\/evertonfc.cz\/#website\"},\"primaryImageOfPage\":{\"@id\":\"https:\/\/evertonfc.cz\/index.php\/2016\/08\/12\/preview-everton-tottenham-hotspur-3\/#primaryimage\"},\"image\":{\"@id\":\"https:\/\/evertonfc.cz\/index.php\/2016\/08\/12\/preview-everton-tottenham-hotspur-3\/#primaryimage\"},\"thumbnailUrl\":\"https:\/\/evertonfc.cz\/wp-content\/uploads\/2019\/01\/preview.jpg\",\"datePublished\":\"2016-08-12T18:33:19+00:00\",\"dateModified\":\"2019-02-11T19:34:16+00:00\",\"breadcrumb\":{\"@id\":\"https:\/\/evertonfc.cz\/index.php\/2016\/08\/12\/preview-everton-tottenham-hotspur-3\/#breadcrumb\"},\"inLanguage\":\"cs\",\"potentialAction\":[{\"@type\":\"ReadAction\",\"target\":[\"https:\/\/evertonfc.cz\/index.php\/2016\/08\/12\/preview-everton-tottenham-hotspur-3\/\"]}]},{\"@type\":\"ImageObject\",\"inLanguage\":\"cs\",\"@id\":\"https:\/\/evertonfc.cz\/index.php\/2016\/08\/12\/preview-everton-tottenham-hotspur-3\/#primaryimage\",\"url\":\"https:\/\/evertonfc.cz\/wp-content\/uploads\/2019\/01\/preview.jpg\",\"contentUrl\":\"https:\/\/evertonfc.cz\/wp-content\/uploads\/2019\/01\/preview.jpg\",\"width\":720,\"height\":405},{\"@type\":\"BreadcrumbList\",\"@id\":\"https:\/\/evertonfc.cz\/index.php\/2016\/08\/12\/preview-everton-tottenham-hotspur-3\/#breadcrumb\",\"itemListElement\":[{\"@type\":\"ListItem\",\"position\":1,\"name\":\"Home\",\"item\":\"https:\/\/evertonfc.cz\/\"},{\"@type\":\"ListItem\",\"position\":2,\"name\":\"Preview: Everton &#8211; Tottenham Hotspur\"}]},{\"@type\":\"WebSite\",\"@id\":\"https:\/\/evertonfc.cz\/#website\",\"url\":\"https:\/\/evertonfc.cz\/\",\"name\":\"Official Czech &amp; Slovak Everton Supporters&#039; Club\",\"description\":\"\",\"publisher\":{\"@id\":\"https:\/\/evertonfc.cz\/#organization\"},\"potentialAction\":[{\"@type\":\"SearchAction\",\"target\":{\"@type\":\"EntryPoint\",\"urlTemplate\":\"https:\/\/evertonfc.cz\/?s={search_term_string}\"},\"query-input\":{\"@type\":\"PropertyValueSpecification\",\"valueRequired\":true,\"valueName\":\"search_term_string\"}}],\"inLanguage\":\"cs\"},{\"@type\":\"Organization\",\"@id\":\"https:\/\/evertonfc.cz\/#organization\",\"name\":\"Official Czech & Slovak Everton Supporters' Club\",\"url\":\"https:\/\/evertonfc.cz\/\",\"logo\":{\"@type\":\"ImageObject\",\"inLanguage\":\"cs\",\"@id\":\"https:\/\/evertonfc.cz\/#\/schema\/logo\/image\/\",\"url\":\"https:\/\/evertonfc.cz\/wp-content\/uploads\/2019\/05\/logo.png\",\"contentUrl\":\"https:\/\/evertonfc.cz\/wp-content\/uploads\/2019\/05\/logo.png\",\"width\":112,\"height\":112,\"caption\":\"Official Czech & Slovak Everton Supporters' Club\"},\"image\":{\"@id\":\"https:\/\/evertonfc.cz\/#\/schema\/logo\/image\/\"},\"sameAs\":[\"https:\/\/www.facebook.com\/everton.fans.cz.sk\"]},{\"@type\":\"Person\",\"@id\":\"https:\/\/evertonfc.cz\/#\/schema\/person\/b30daf6a5852f4811f8207a17ec1bf78\",\"name\":\"Javor\",\"sameAs\":[\"https:\/\/x.com\/LoudinJan\"],\"url\":\"https:\/\/evertonfc.cz\/index.php\/author\/javor\/\"}]}<\/script>\n<!-- \/ Yoast SEO plugin. -->","yoast_head_json":{"title":"Preview: Everton - Tottenham Hotspur - Official Czech &amp; Slovak Everton Supporters&#039; Club","robots":{"index":"index","follow":"follow","max-snippet":"max-snippet:-1","max-image-preview":"max-image-preview:large","max-video-preview":"max-video-preview:-1"},"canonical":"https:\/\/evertonfc.cz\/index.php\/2016\/08\/12\/preview-everton-tottenham-hotspur-3\/","og_locale":"cs_CZ","og_type":"article","og_title":"Preview: Everton - Tottenham Hotspur - Official Czech &amp; Slovak Everton Supporters&#039; Club","og_description":"Prvn\u00ed kolo &#8211; a hned ostr\u00fd start. Na vylep\u0161en\u00e9m Goodison Parku p\u0159iv\u00edtaj\u00ed karamelky t\u0159et\u00ed t\u00fdm lo\u0148sk\u00e9 sezony. Z\u00e1pas kupodivu nen\u00ed&hellip;","og_url":"https:\/\/evertonfc.cz\/index.php\/2016\/08\/12\/preview-everton-tottenham-hotspur-3\/","og_site_name":"Official Czech &amp; Slovak Everton Supporters&#039; Club","article_publisher":"https:\/\/www.facebook.com\/everton.fans.cz.sk","article_published_time":"2016-08-12T18:33:19+00:00","article_modified_time":"2019-02-11T19:34:16+00:00","og_image":[{"width":720,"height":405,"url":"https:\/\/evertonfc.cz\/wp-content\/uploads\/2019\/01\/preview.jpg","type":"image\/jpeg"}],"author":"Javor","twitter_card":"summary_large_image","twitter_creator":"@LoudinJan","twitter_misc":{"Napsal(a)":"Javor","Odhadovan\u00e1 doba \u010dten\u00ed":"3 minuty"},"schema":{"@context":"https:\/\/schema.org","@graph":[{"@type":"Article","@id":"https:\/\/evertonfc.cz\/index.php\/2016\/08\/12\/preview-everton-tottenham-hotspur-3\/#article","isPartOf":{"@id":"https:\/\/evertonfc.cz\/index.php\/2016\/08\/12\/preview-everton-tottenham-hotspur-3\/"},"author":{"name":"Javor","@id":"https:\/\/evertonfc.cz\/#\/schema\/person\/b30daf6a5852f4811f8207a17ec1bf78"},"headline":"Preview: Everton &#8211; Tottenham Hotspur","datePublished":"2016-08-12T18:33:19+00:00","dateModified":"2019-02-11T19:34:16+00:00","mainEntityOfPage":{"@id":"https:\/\/evertonfc.cz\/index.php\/2016\/08\/12\/preview-everton-tottenham-hotspur-3\/"},"wordCount":561,"commentCount":0,"publisher":{"@id":"https:\/\/evertonfc.cz\/#organization"},"image":{"@id":"https:\/\/evertonfc.cz\/index.php\/2016\/08\/12\/preview-everton-tottenham-hotspur-3\/#primaryimage"},"thumbnailUrl":"https:\/\/evertonfc.cz\/wp-content\/uploads\/2019\/01\/preview.jpg","articleSection":["Z\u00e1pasy"],"inLanguage":"cs","potentialAction":[{"@type":"CommentAction","name":"Comment","target":["https:\/\/evertonfc.cz\/index.php\/2016\/08\/12\/preview-everton-tottenham-hotspur-3\/#respond"]}]},{"@type":"WebPage","@id":"https:\/\/evertonfc.cz\/index.php\/2016\/08\/12\/preview-everton-tottenham-hotspur-3\/","url":"https:\/\/evertonfc.cz\/index.php\/2016\/08\/12\/preview-everton-tottenham-hotspur-3\/","name":"Preview: Everton - Tottenham Hotspur - Official Czech &amp; Slovak Everton Supporters&#039; Club","isPartOf":{"@id":"https:\/\/evertonfc.cz\/#website"},"primaryImageOfPage":{"@id":"https:\/\/evertonfc.cz\/index.php\/2016\/08\/12\/preview-everton-tottenham-hotspur-3\/#primaryimage"},"image":{"@id":"https:\/\/evertonfc.cz\/index.php\/2016\/08\/12\/preview-everton-tottenham-hotspur-3\/#primaryimage"},"thumbnailUrl":"https:\/\/evertonfc.cz\/wp-content\/uploads\/2019\/01\/preview.jpg","datePublished":"2016-08-12T18:33:19+00:00","dateModified":"2019-02-11T19:34:16+00:00","breadcrumb":{"@id":"https:\/\/evertonfc.cz\/index.php\/2016\/08\/12\/preview-everton-tottenham-hotspur-3\/#breadcrumb"},"inLanguage":"cs","potentialAction":[{"@type":"ReadAction","target":["https:\/\/evertonfc.cz\/index.php\/2016\/08\/12\/preview-everton-tottenham-hotspur-3\/"]}]},{"@type":"ImageObject","inLanguage":"cs","@id":"https:\/\/evertonfc.cz\/index.php\/2016\/08\/12\/preview-everton-tottenham-hotspur-3\/#primaryimage","url":"https:\/\/evertonfc.cz\/wp-content\/uploads\/2019\/01\/preview.jpg","contentUrl":"https:\/\/evertonfc.cz\/wp-content\/uploads\/2019\/01\/preview.jpg","width":720,"height":405},{"@type":"BreadcrumbList","@id":"https:\/\/evertonfc.cz\/index.php\/2016\/08\/12\/preview-everton-tottenham-hotspur-3\/#breadcrumb","itemListElement":[{"@type":"ListItem","position":1,"name":"Home","item":"https:\/\/evertonfc.cz\/"},{"@type":"ListItem","position":2,"name":"Preview: Everton &#8211; Tottenham Hotspur"}]},{"@type":"WebSite","@id":"https:\/\/evertonfc.cz\/#website","url":"https:\/\/evertonfc.cz\/","name":"Official Czech &amp; Slovak Everton Supporters&#039; Club","description":"","publisher":{"@id":"https:\/\/evertonfc.cz\/#organization"},"potentialAction":[{"@type":"SearchAction","target":{"@type":"EntryPoint","urlTemplate":"https:\/\/evertonfc.cz\/?s={search_term_string}"},"query-input":{"@type":"PropertyValueSpecification","valueRequired":true,"valueName":"search_term_string"}}],"inLanguage":"cs"},{"@type":"Organization","@id":"https:\/\/evertonfc.cz\/#organization","name":"Official Czech & Slovak Everton Supporters' Club","url":"https:\/\/evertonfc.cz\/","logo":{"@type":"ImageObject","inLanguage":"cs","@id":"https:\/\/evertonfc.cz\/#\/schema\/logo\/image\/","url":"https:\/\/evertonfc.cz\/wp-content\/uploads\/2019\/05\/logo.png","contentUrl":"https:\/\/evertonfc.cz\/wp-content\/uploads\/2019\/05\/logo.png","width":112,"height":112,"caption":"Official Czech & Slovak Everton Supporters' Club"},"image":{"@id":"https:\/\/evertonfc.cz\/#\/schema\/logo\/image\/"},"sameAs":["https:\/\/www.facebook.com\/everton.fans.cz.sk"]},{"@type":"Person","@id":"https:\/\/evertonfc.cz\/#\/schema\/person\/b30daf6a5852f4811f8207a17ec1bf78","name":"Javor","sameAs":["https:\/\/x.com\/LoudinJan"],"url":"https:\/\/evertonfc.cz\/index.php\/author\/javor\/"}]}},"_links":{"self":[{"href":"https:\/\/evertonfc.cz\/index.php\/wp-json\/wp\/v2\/posts\/3566"}],"collection":[{"href":"https:\/\/evertonfc.cz\/index.php\/wp-json\/wp\/v2\/posts"}],"about":[{"href":"https:\/\/evertonfc.cz\/index.php\/wp-json\/wp\/v2\/types\/post"}],"author":[{"embeddable":true,"href":"https:\/\/evertonfc.cz\/index.php\/wp-json\/wp\/v2\/users\/12"}],"replies":[{"embeddable":true,"href":"https:\/\/evertonfc.cz\/index.php\/wp-json\/wp\/v2\/comments?post=3566"}],"version-history":[{"count":1,"href":"https:\/\/evertonfc.cz\/index.php\/wp-json\/wp\/v2\/posts\/3566\/revisions"}],"predecessor-version":[{"id":3567,"href":"https:\/\/evertonfc.cz\/index.php\/wp-json\/wp\/v2\/posts\/3566\/revisions\/3567"}],"wp:featuredmedia":[{"embeddable":true,"href":"https:\/\/evertonfc.cz\/index.php\/wp-json\/wp\/v2\/media\/1314"}],"wp:attachment":[{"href":"https:\/\/evertonfc.cz\/index.php\/wp-json\/wp\/v2\/media?parent=3566"}],"wp:term":[{"taxonomy":"category","embeddable":true,"href":"https:\/\/evertonfc.cz\/index.php\/wp-json\/wp\/v2\/categories?post=3566"},{"taxonomy":"post_tag","embeddable":true,"href":"https:\/\/evertonfc.cz\/index.php\/wp-json\/wp\/v2\/tags?post=3566"}],"curies":[{"name":"wp","href":"https:\/\/api.w.org\/{rel}","templated":true}]}}