{"id":3568,"date":"2016-08-10T20:34:33","date_gmt":"2016-08-10T18:34:33","guid":{"rendered":"http:\/\/evertonfc.cz\/?p=3568"},"modified":"2019-02-11T20:35:24","modified_gmt":"2019-02-11T19:35:24","slug":"everton-privedl-williamse","status":"publish","type":"post","link":"https:\/\/evertonfc.cz\/index.php\/2016\/08\/10\/everton-privedl-williamse\/","title":{"rendered":"Everton p\u0159ivedl Williamse"},"content":{"rendered":"<h4 id=\"NewsPostDetailSummary\">Toffees z\u00edskali do sv\u00fdch \u0159ad avizovanou posilu, ze Swansea p\u0159\u00edch\u00e1z\u00ed Ashley Williams za nezve\u0159ejn\u011bnou \u010d\u00e1stku, v kulo\u00e1rech odhadovanou na\u00a0\u00a312m.<\/h4>\n<div id=\"NewsPostDetailContent\">\n<p>V srpnu 32 let star\u00fd stoper podepsal na Goodison Parku smlouvu na t\u0159i roky. D\u016fvod jeho anga\u017eov\u00e1n\u00ed jasn\u011b vysv\u011btlil mana\u017eer Ronald Koeman: <em>\u201e<\/em><em>C\u00edlili jsme po siln\u00e9m hr\u00e1\u010di do st\u0159edu obrany, hr\u00e1\u010di, kter\u00fd je adaptovan\u00fd na Premier League. Ashley na\u0161e po\u017eadavky perfektn\u011b spl\u0148uje.<\/em><\/p>\n<p><em>Jedn\u00e1 se o zku\u0161en\u00e9ho fotbalistu, podobn\u00fd typ jsme pot\u0159ebovali do mu\u017estva. Nav\u00edc zastane pozici l\u00eddra, jak p\u0159edv\u00e1d\u011bl ve Swansea a rovn\u011b\u017e v n\u00e1rodn\u00edm t\u00fdmu.<\/em><em>\u201d<\/em><\/p>\n<p>Vel\u0161sk\u00fd reprezentant zanechal u Swans v\u00fdraznou stopu. V celku z Liberty Stadium nejprve zakotvil na kr\u00e1tkodob\u00e9 hostov\u00e1n\u00ed ze Stockport County, aby se o n\u011bkolik t\u00fddn\u016f pozd\u011bji a postupu z League One do Championship upekl trval\u00fd p\u0159estup. Williams nakonec obl\u00e9kal b\u00edl\u00fd dres po osm let, nastoupil k 319 z\u00e1pas\u016fm, slavil postup do Premier League a nosil kapit\u00e1nskou p\u00e1sku.<\/p>\n<p>A\u010d rod\u00e1k z anglick\u00e9ho Wolverhamptonu, kapit\u00e1nskou p\u00e1sku navl\u00e9k\u00e1 tak\u00e9 v\u00a0n\u00e1rodn\u00edm v\u00fdb\u011bru Walesu, jeho\u017e reprezentuje kv\u016fli d\u011bdovi. S Dragons na za\u010d\u00e1tku l\u00e9ta za\u017eil kr\u00e1sn\u00fd p\u0159\u00edb\u011bh, kdy\u017e zarputil\u00fd v\u00fdb\u011br dokr\u00e1\u010del a\u017e do semifin\u00e1le mistrovstv\u00ed Evropy ve Francii. Williams odehr\u00e1l v\u0161ech \u0161est st\u0159etnut\u00ed a pat\u0159il k opor\u00e1m.<\/p>\n<p>D\u016frazn\u00fd obr\u00e1nce, vysok\u00fd 183 centimetr\u016f, podal po \u00fasp\u011b\u0161n\u00e9m \u0161ampion\u00e1tu \u017e\u00e1dost o p\u0159estup, Swansea zprvu odm\u00edtala prodej. V minul\u00e9m t\u00fddnu smetla ze stolu nab\u00eddku Blues ve v\u00fd\u0161i 10 milion\u016f liber, v \u00fater\u00fd v\u0161ak p\u0159edseda Huw Jenkins se za\u0165at\u00fdmi zuby povolil a souhlasil s o dva miliony vylep\u0161en\u00fdm n\u00e1vrhem.<\/p>\n<p><em>\u201e<\/em><em>Everton je velk\u00fd klub s \u00fa\u017easn\u00fdm mana\u017eerem, sv\u011btovou legendou ve fotbale,\u201d<\/em> prohl\u00e1sil na \u00favod Williams. <em>\u201e<\/em><em>V\u011b\u0159\u00edm, \u017ee kroky klubu sm\u011b\u0159uj\u00ed spr\u00e1vn\u00fdm sm\u011brem, tou\u017e\u00edm b\u00fdt sou\u010d\u00e1st\u00ed cesty.<\/em><\/p>\n<p><em>T\u011b\u0161\u00edm se, a\u017e vyb\u011bhnu na h\u0159i\u0161t\u011b v Goodisonu. V\u017edy jsem si u\u017e\u00edval z\u00e1pasy na zdej\u0161\u00edm stadionu, r\u00e1d si vyslechnu hlu\u010dn\u00e9 ochozy z pozice dom\u00e1c\u00edho hr\u00e1\u010de.<\/em><\/p>\n<p><em>Fanou\u0161ci ode m\u011b mohou o\u010dek\u00e1vat \u010destn\u00e9 chov\u00e1n\u00ed, tvrdou pr\u00e1ci, budu za n\u011bj a Everton bojovat. Nejsem bez chyb, nicm\u00e9n\u011b se \u0159\u00edd\u00edm nejlep\u0161\u00edmi \u00famysly a na tr\u00e1vn\u00edku odevzd\u00e1m v\u0161e.<\/em><em>\u201d<\/em><\/p>\n<\/div>\n","protected":false},"excerpt":{"rendered":"<p>Toffees z\u00edskali do sv\u00fdch \u0159ad avizovanou posilu, ze Swansea p\u0159\u00edch\u00e1z\u00ed Ashley Williams za nezve\u0159ejn\u011bnou \u010d\u00e1stku, v kulo\u00e1rech odhadovanou na\u00a0\u00a312m. V&hellip;<\/p>\n","protected":false},"author":6,"featured_media":1316,"comment_status":"open","ping_status":"closed","sticky":false,"template":"","format":"standard","meta":{"_eb_attr":"","_monsterinsights_skip_tracking":false,"_monsterinsights_sitenote_active":false,"_monsterinsights_sitenote_note":"","_monsterinsights_sitenote_category":0,"footnotes":""},"categories":[41],"tags":[],"yoast_head":"<!-- This site is optimized with the Yoast SEO plugin v23.4 - https:\/\/yoast.com\/wordpress\/plugins\/seo\/ -->\n<title>Everton p\u0159ivedl Williamse - Official Czech &amp; Slovak Everton Supporters&#039; Club<\/title>\n<meta name=\"robots\" content=\"index, follow, max-snippet:-1, max-image-preview:large, max-video-preview:-1\" \/>\n<link rel=\"canonical\" href=\"https:\/\/evertonfc.cz\/index.php\/2016\/08\/10\/everton-privedl-williamse\/\" \/>\n<meta property=\"og:locale\" content=\"cs_CZ\" \/>\n<meta property=\"og:type\" content=\"article\" \/>\n<meta property=\"og:title\" content=\"Everton p\u0159ivedl Williamse - Official Czech &amp; Slovak Everton Supporters&#039; Club\" \/>\n<meta property=\"og:description\" content=\"Toffees z\u00edskali do sv\u00fdch \u0159ad avizovanou posilu, ze Swansea p\u0159\u00edch\u00e1z\u00ed Ashley Williams za nezve\u0159ejn\u011bnou \u010d\u00e1stku, v kulo\u00e1rech odhadovanou na\u00a0\u00a312m. V&hellip;\" \/>\n<meta property=\"og:url\" content=\"https:\/\/evertonfc.cz\/index.php\/2016\/08\/10\/everton-privedl-williamse\/\" \/>\n<meta property=\"og:site_name\" content=\"Official Czech &amp; Slovak Everton Supporters&#039; Club\" \/>\n<meta property=\"article:publisher\" content=\"https:\/\/www.facebook.com\/everton.fans.cz.sk\" \/>\n<meta property=\"article:published_time\" content=\"2016-08-10T18:34:33+00:00\" \/>\n<meta property=\"article:modified_time\" content=\"2019-02-11T19:35:24+00:00\" \/>\n<meta property=\"og:image\" content=\"https:\/\/evertonfc.cz\/wp-content\/uploads\/2019\/01\/transfer.jpg\" \/>\n\t<meta property=\"og:image:width\" content=\"720\" \/>\n\t<meta property=\"og:image:height\" content=\"405\" \/>\n\t<meta property=\"og:image:type\" content=\"image\/jpeg\" \/>\n<meta name=\"author\" content=\"Ri\u010di\" \/>\n<meta name=\"twitter:card\" content=\"summary_large_image\" \/>\n<meta name=\"twitter:creator\" content=\"@rbrejsa\" \/>\n<meta name=\"twitter:label1\" content=\"Napsal(a)\" \/>\n\t<meta name=\"twitter:data1\" content=\"Ri\u010di\" \/>\n\t<meta name=\"twitter:label2\" content=\"Odhadovan\u00e1 doba \u010dten\u00ed\" \/>\n\t<meta name=\"twitter:data2\" content=\"2 minuty\" \/>\n<script type=\"application\/ld+json\" class=\"yoast-schema-graph\">{\"@context\":\"https:\/\/schema.org\",\"@graph\":[{\"@type\":\"Article\",\"@id\":\"https:\/\/evertonfc.cz\/index.php\/2016\/08\/10\/everton-privedl-williamse\/#article\",\"isPartOf\":{\"@id\":\"https:\/\/evertonfc.cz\/index.php\/2016\/08\/10\/everton-privedl-williamse\/\"},\"author\":{\"name\":\"Ri\u010di\",\"@id\":\"https:\/\/evertonfc.cz\/#\/schema\/person\/f7a5daedb2ffee98480bc70e191aaef1\"},\"headline\":\"Everton p\u0159ivedl Williamse\",\"datePublished\":\"2016-08-10T18:34:33+00:00\",\"dateModified\":\"2019-02-11T19:35:24+00:00\",\"mainEntityOfPage\":{\"@id\":\"https:\/\/evertonfc.cz\/index.php\/2016\/08\/10\/everton-privedl-williamse\/\"},\"wordCount\":443,\"commentCount\":0,\"publisher\":{\"@id\":\"https:\/\/evertonfc.cz\/#organization\"},\"image\":{\"@id\":\"https:\/\/evertonfc.cz\/index.php\/2016\/08\/10\/everton-privedl-williamse\/#primaryimage\"},\"thumbnailUrl\":\"https:\/\/evertonfc.cz\/wp-content\/uploads\/2019\/01\/transfer.jpg\",\"articleSection\":[\"P\u0159estupy\"],\"inLanguage\":\"cs\",\"potentialAction\":[{\"@type\":\"CommentAction\",\"name\":\"Comment\",\"target\":[\"https:\/\/evertonfc.cz\/index.php\/2016\/08\/10\/everton-privedl-williamse\/#respond\"]}]},{\"@type\":\"WebPage\",\"@id\":\"https:\/\/evertonfc.cz\/index.php\/2016\/08\/10\/everton-privedl-williamse\/\",\"url\":\"https:\/\/evertonfc.cz\/index.php\/2016\/08\/10\/everton-privedl-williamse\/\",\"name\":\"Everton p\u0159ivedl Williamse - Official Czech &amp; Slovak Everton Supporters&#039; Club\",\"isPartOf\":{\"@id\":\"https:\/\/evertonfc.cz\/#website\"},\"primaryImageOfPage\":{\"@id\":\"https:\/\/evertonfc.cz\/index.php\/2016\/08\/10\/everton-privedl-williamse\/#primaryimage\"},\"image\":{\"@id\":\"https:\/\/evertonfc.cz\/index.php\/2016\/08\/10\/everton-privedl-williamse\/#primaryimage\"},\"thumbnailUrl\":\"https:\/\/evertonfc.cz\/wp-content\/uploads\/2019\/01\/transfer.jpg\",\"datePublished\":\"2016-08-10T18:34:33+00:00\",\"dateModified\":\"2019-02-11T19:35:24+00:00\",\"breadcrumb\":{\"@id\":\"https:\/\/evertonfc.cz\/index.php\/2016\/08\/10\/everton-privedl-williamse\/#breadcrumb\"},\"inLanguage\":\"cs\",\"potentialAction\":[{\"@type\":\"ReadAction\",\"target\":[\"https:\/\/evertonfc.cz\/index.php\/2016\/08\/10\/everton-privedl-williamse\/\"]}]},{\"@type\":\"ImageObject\",\"inLanguage\":\"cs\",\"@id\":\"https:\/\/evertonfc.cz\/index.php\/2016\/08\/10\/everton-privedl-williamse\/#primaryimage\",\"url\":\"https:\/\/evertonfc.cz\/wp-content\/uploads\/2019\/01\/transfer.jpg\",\"contentUrl\":\"https:\/\/evertonfc.cz\/wp-content\/uploads\/2019\/01\/transfer.jpg\",\"width\":720,\"height\":405},{\"@type\":\"BreadcrumbList\",\"@id\":\"https:\/\/evertonfc.cz\/index.php\/2016\/08\/10\/everton-privedl-williamse\/#breadcrumb\",\"itemListElement\":[{\"@type\":\"ListItem\",\"position\":1,\"name\":\"Home\",\"item\":\"https:\/\/evertonfc.cz\/\"},{\"@type\":\"ListItem\",\"position\":2,\"name\":\"Everton p\u0159ivedl Williamse\"}]},{\"@type\":\"WebSite\",\"@id\":\"https:\/\/evertonfc.cz\/#website\",\"url\":\"https:\/\/evertonfc.cz\/\",\"name\":\"Official Czech &amp; Slovak Everton Supporters&#039; Club\",\"description\":\"\",\"publisher\":{\"@id\":\"https:\/\/evertonfc.cz\/#organization\"},\"potentialAction\":[{\"@type\":\"SearchAction\",\"target\":{\"@type\":\"EntryPoint\",\"urlTemplate\":\"https:\/\/evertonfc.cz\/?s={search_term_string}\"},\"query-input\":{\"@type\":\"PropertyValueSpecification\",\"valueRequired\":true,\"valueName\":\"search_term_string\"}}],\"inLanguage\":\"cs\"},{\"@type\":\"Organization\",\"@id\":\"https:\/\/evertonfc.cz\/#organization\",\"name\":\"Official Czech & Slovak Everton Supporters' Club\",\"url\":\"https:\/\/evertonfc.cz\/\",\"logo\":{\"@type\":\"ImageObject\",\"inLanguage\":\"cs\",\"@id\":\"https:\/\/evertonfc.cz\/#\/schema\/logo\/image\/\",\"url\":\"https:\/\/evertonfc.cz\/wp-content\/uploads\/2019\/05\/logo.png\",\"contentUrl\":\"https:\/\/evertonfc.cz\/wp-content\/uploads\/2019\/05\/logo.png\",\"width\":112,\"height\":112,\"caption\":\"Official Czech & Slovak Everton Supporters' Club\"},\"image\":{\"@id\":\"https:\/\/evertonfc.cz\/#\/schema\/logo\/image\/\"},\"sameAs\":[\"https:\/\/www.facebook.com\/everton.fans.cz.sk\"]},{\"@type\":\"Person\",\"@id\":\"https:\/\/evertonfc.cz\/#\/schema\/person\/f7a5daedb2ffee98480bc70e191aaef1\",\"name\":\"Ri\u010di\",\"sameAs\":[\"https:\/\/x.com\/rbrejsa\"],\"url\":\"https:\/\/evertonfc.cz\/index.php\/author\/rici\/\"}]}<\/script>\n<!-- \/ Yoast SEO plugin. -->","yoast_head_json":{"title":"Everton p\u0159ivedl Williamse - Official Czech &amp; Slovak Everton Supporters&#039; Club","robots":{"index":"index","follow":"follow","max-snippet":"max-snippet:-1","max-image-preview":"max-image-preview:large","max-video-preview":"max-video-preview:-1"},"canonical":"https:\/\/evertonfc.cz\/index.php\/2016\/08\/10\/everton-privedl-williamse\/","og_locale":"cs_CZ","og_type":"article","og_title":"Everton p\u0159ivedl Williamse - Official Czech &amp; Slovak Everton Supporters&#039; Club","og_description":"Toffees z\u00edskali do sv\u00fdch \u0159ad avizovanou posilu, ze Swansea p\u0159\u00edch\u00e1z\u00ed Ashley Williams za nezve\u0159ejn\u011bnou \u010d\u00e1stku, v kulo\u00e1rech odhadovanou na\u00a0\u00a312m. V&hellip;","og_url":"https:\/\/evertonfc.cz\/index.php\/2016\/08\/10\/everton-privedl-williamse\/","og_site_name":"Official Czech &amp; Slovak Everton Supporters&#039; Club","article_publisher":"https:\/\/www.facebook.com\/everton.fans.cz.sk","article_published_time":"2016-08-10T18:34:33+00:00","article_modified_time":"2019-02-11T19:35:24+00:00","og_image":[{"width":720,"height":405,"url":"https:\/\/evertonfc.cz\/wp-content\/uploads\/2019\/01\/transfer.jpg","type":"image\/jpeg"}],"author":"Ri\u010di","twitter_card":"summary_large_image","twitter_creator":"@rbrejsa","twitter_misc":{"Napsal(a)":"Ri\u010di","Odhadovan\u00e1 doba \u010dten\u00ed":"2 minuty"},"schema":{"@context":"https:\/\/schema.org","@graph":[{"@type":"Article","@id":"https:\/\/evertonfc.cz\/index.php\/2016\/08\/10\/everton-privedl-williamse\/#article","isPartOf":{"@id":"https:\/\/evertonfc.cz\/index.php\/2016\/08\/10\/everton-privedl-williamse\/"},"author":{"name":"Ri\u010di","@id":"https:\/\/evertonfc.cz\/#\/schema\/person\/f7a5daedb2ffee98480bc70e191aaef1"},"headline":"Everton p\u0159ivedl Williamse","datePublished":"2016-08-10T18:34:33+00:00","dateModified":"2019-02-11T19:35:24+00:00","mainEntityOfPage":{"@id":"https:\/\/evertonfc.cz\/index.php\/2016\/08\/10\/everton-privedl-williamse\/"},"wordCount":443,"commentCount":0,"publisher":{"@id":"https:\/\/evertonfc.cz\/#organization"},"image":{"@id":"https:\/\/evertonfc.cz\/index.php\/2016\/08\/10\/everton-privedl-williamse\/#primaryimage"},"thumbnailUrl":"https:\/\/evertonfc.cz\/wp-content\/uploads\/2019\/01\/transfer.jpg","articleSection":["P\u0159estupy"],"inLanguage":"cs","potentialAction":[{"@type":"CommentAction","name":"Comment","target":["https:\/\/evertonfc.cz\/index.php\/2016\/08\/10\/everton-privedl-williamse\/#respond"]}]},{"@type":"WebPage","@id":"https:\/\/evertonfc.cz\/index.php\/2016\/08\/10\/everton-privedl-williamse\/","url":"https:\/\/evertonfc.cz\/index.php\/2016\/08\/10\/everton-privedl-williamse\/","name":"Everton p\u0159ivedl Williamse - Official Czech &amp; Slovak Everton Supporters&#039; Club","isPartOf":{"@id":"https:\/\/evertonfc.cz\/#website"},"primaryImageOfPage":{"@id":"https:\/\/evertonfc.cz\/index.php\/2016\/08\/10\/everton-privedl-williamse\/#primaryimage"},"image":{"@id":"https:\/\/evertonfc.cz\/index.php\/2016\/08\/10\/everton-privedl-williamse\/#primaryimage"},"thumbnailUrl":"https:\/\/evertonfc.cz\/wp-content\/uploads\/2019\/01\/transfer.jpg","datePublished":"2016-08-10T18:34:33+00:00","dateModified":"2019-02-11T19:35:24+00:00","breadcrumb":{"@id":"https:\/\/evertonfc.cz\/index.php\/2016\/08\/10\/everton-privedl-williamse\/#breadcrumb"},"inLanguage":"cs","potentialAction":[{"@type":"ReadAction","target":["https:\/\/evertonfc.cz\/index.php\/2016\/08\/10\/everton-privedl-williamse\/"]}]},{"@type":"ImageObject","inLanguage":"cs","@id":"https:\/\/evertonfc.cz\/index.php\/2016\/08\/10\/everton-privedl-williamse\/#primaryimage","url":"https:\/\/evertonfc.cz\/wp-content\/uploads\/2019\/01\/transfer.jpg","contentUrl":"https:\/\/evertonfc.cz\/wp-content\/uploads\/2019\/01\/transfer.jpg","width":720,"height":405},{"@type":"BreadcrumbList","@id":"https:\/\/evertonfc.cz\/index.php\/2016\/08\/10\/everton-privedl-williamse\/#breadcrumb","itemListElement":[{"@type":"ListItem","position":1,"name":"Home","item":"https:\/\/evertonfc.cz\/"},{"@type":"ListItem","position":2,"name":"Everton p\u0159ivedl Williamse"}]},{"@type":"WebSite","@id":"https:\/\/evertonfc.cz\/#website","url":"https:\/\/evertonfc.cz\/","name":"Official Czech &amp; Slovak Everton Supporters&#039; Club","description":"","publisher":{"@id":"https:\/\/evertonfc.cz\/#organization"},"potentialAction":[{"@type":"SearchAction","target":{"@type":"EntryPoint","urlTemplate":"https:\/\/evertonfc.cz\/?s={search_term_string}"},"query-input":{"@type":"PropertyValueSpecification","valueRequired":true,"valueName":"search_term_string"}}],"inLanguage":"cs"},{"@type":"Organization","@id":"https:\/\/evertonfc.cz\/#organization","name":"Official Czech & Slovak Everton Supporters' Club","url":"https:\/\/evertonfc.cz\/","logo":{"@type":"ImageObject","inLanguage":"cs","@id":"https:\/\/evertonfc.cz\/#\/schema\/logo\/image\/","url":"https:\/\/evertonfc.cz\/wp-content\/uploads\/2019\/05\/logo.png","contentUrl":"https:\/\/evertonfc.cz\/wp-content\/uploads\/2019\/05\/logo.png","width":112,"height":112,"caption":"Official Czech & Slovak Everton Supporters' Club"},"image":{"@id":"https:\/\/evertonfc.cz\/#\/schema\/logo\/image\/"},"sameAs":["https:\/\/www.facebook.com\/everton.fans.cz.sk"]},{"@type":"Person","@id":"https:\/\/evertonfc.cz\/#\/schema\/person\/f7a5daedb2ffee98480bc70e191aaef1","name":"Ri\u010di","sameAs":["https:\/\/x.com\/rbrejsa"],"url":"https:\/\/evertonfc.cz\/index.php\/author\/rici\/"}]}},"_links":{"self":[{"href":"https:\/\/evertonfc.cz\/index.php\/wp-json\/wp\/v2\/posts\/3568"}],"collection":[{"href":"https:\/\/evertonfc.cz\/index.php\/wp-json\/wp\/v2\/posts"}],"about":[{"href":"https:\/\/evertonfc.cz\/index.php\/wp-json\/wp\/v2\/types\/post"}],"author":[{"embeddable":true,"href":"https:\/\/evertonfc.cz\/index.php\/wp-json\/wp\/v2\/users\/6"}],"replies":[{"embeddable":true,"href":"https:\/\/evertonfc.cz\/index.php\/wp-json\/wp\/v2\/comments?post=3568"}],"version-history":[{"count":1,"href":"https:\/\/evertonfc.cz\/index.php\/wp-json\/wp\/v2\/posts\/3568\/revisions"}],"predecessor-version":[{"id":3569,"href":"https:\/\/evertonfc.cz\/index.php\/wp-json\/wp\/v2\/posts\/3568\/revisions\/3569"}],"wp:featuredmedia":[{"embeddable":true,"href":"https:\/\/evertonfc.cz\/index.php\/wp-json\/wp\/v2\/media\/1316"}],"wp:attachment":[{"href":"https:\/\/evertonfc.cz\/index.php\/wp-json\/wp\/v2\/media?parent=3568"}],"wp:term":[{"taxonomy":"category","embeddable":true,"href":"https:\/\/evertonfc.cz\/index.php\/wp-json\/wp\/v2\/categories?post=3568"},{"taxonomy":"post_tag","embeddable":true,"href":"https:\/\/evertonfc.cz\/index.php\/wp-json\/wp\/v2\/tags?post=3568"}],"curies":[{"name":"wp","href":"https:\/\/api.w.org\/{rel}","templated":true}]}}