{"id":3570,"date":"2016-08-09T20:35:33","date_gmt":"2016-08-09T18:35:33","guid":{"rendered":"http:\/\/evertonfc.cz\/?p=3570"},"modified":"2019-02-11T20:36:27","modified_gmt":"2019-02-11T19:36:27","slug":"stones-zamiril-do-mancity","status":"publish","type":"post","link":"https:\/\/evertonfc.cz\/index.php\/2016\/08\/09\/stones-zamiril-do-mancity\/","title":{"rendered":"Stones zam\u00ed\u0159il do ManCity"},"content":{"rendered":"<h4 id=\"NewsPostDetailSummary\">Manchester City koupil Johna Stonese za neuv\u011b\u0159iteln\u00fdch\u00a0\u00a347,5m, \u010d\u00edm\u017e z n\u011bho ud\u011blal druh\u00e9ho nejdra\u017e\u0161\u00edho obr\u00e1nce v historii. Jako n\u00e1hradu si Everton vyhl\u00e9dl Ashleyho Williamse ze Swansea.<\/h4>\n<div id=\"NewsPostDetailContent\">\n<p>22 let star\u00fd Angli\u010dan podepsal se City kontrakt na \u0161est let a stal se ji\u017e osmou posilou nov\u00e9ho mana\u017eera Pepa Guardioly. Pr\u00e1v\u011b mo\u017enost hr\u00e1t pod \u0161pan\u011blsk\u00fdm tren\u00e9rem a \u0161ance bojovat o trofeje Stonese hnaly za p\u0159estupem do Manchesteru.<\/p>\n<p>Ofici\u00e1ln\u00ed str\u00e1nky Everton zve\u0159ejnily pouze kr\u00e1tkou zpr\u00e1vu o zkompletov\u00e1n\u00ed p\u0159estupu v hodnot\u011b rekordn\u00ed sumy za hr\u00e1\u010de, jen\u017e b\u011bhem t\u0159\u00ed sez\u00f3n na Goodison Parku nastoupil k 95 utk\u00e1n\u00edm.<\/p>\n<p>Stonese p\u0159ivedl za \u00a33m z\u00a0Barnsley v lednu roku 2013 tehdej\u0161\u00ed boss David Moyes. Barnsley nyn\u00ed zinkasuje v r\u00e1mci pod\u00edlu z dal\u0161\u00edho prodeje sumu mezi \u00a37m a \u00a39m.<\/p>\n<p>Talentovan\u00fd obr\u00e1nce podal \u017e\u00e1dost o p\u0159estup lo\u0148sk\u00e9 l\u00e9to, kdy kolem n\u011bj krou\u017eila Chelsea. Ta se dokonce vytasila s nab\u00eddkou v hodnot\u011b \u00a340m, ze strany Toffees ale byla odm\u00edtnuta. Stones posl\u00e9ze odehr\u00e1l ro\u010dn\u00edk v modr\u00e9m dresu, a p\u0159esto\u017ee se nevyvaroval individu\u00e1ln\u00edch chyb, s p\u0159\u00edstupem z jeho strany probl\u00e9m nebyl. Nyn\u00ed se mu jen t\u011b\u017eko divit, \u017ee ho \u017eene touha hr\u00e1t pod Guardiolou, kter\u00fd z n\u011bho m\u016f\u017ee ud\u011blat stopera nejvy\u0161\u0161\u00edch kvalit.<\/p>\n<p>\u010c\u00e1stka \u00a347,5m se po aktivov\u00e1n\u00ed bonus\u016f potenci\u00e1ln\u011b vy\u0161plh\u00e1 a\u017e na \u00a350m. P\u0159esn\u011b tolik utratila Paris St-Germain za David Luize v roce 2014, nejdra\u017e\u0161\u00edho obr\u00e1nce sv\u011bta. Jen pro srovn\u00e1n\u00ed \u2013 nejdra\u017e\u0161\u00ed anglick\u00fd fotbalista je Raheem Sterling, Citizens za n\u011bj vyplatili Liverpoolu \u00a349m.<\/p>\n<p>M\u00e9dia v \u010dele s BBC potom informuj\u00ed o n\u00e1hrad\u011b za Stonese. Swansea City \u00fadajn\u011b p\u0159ijala nab\u00eddku \u00a312m za Ashleyho Williamse. Vel\u0161an pr\u00fd dnes podstoup\u00ed zdravotn\u00ed prohl\u00eddku na Finch Farm a pot\u00e9 se cel\u00fd obchod uzav\u0159e.<\/p>\n<\/div>\n","protected":false},"excerpt":{"rendered":"<p>Manchester City koupil Johna Stonese za neuv\u011b\u0159iteln\u00fdch\u00a0\u00a347,5m, \u010d\u00edm\u017e z n\u011bho ud\u011blal druh\u00e9ho nejdra\u017e\u0161\u00edho obr\u00e1nce v historii. Jako n\u00e1hradu si Everton&hellip;<\/p>\n","protected":false},"author":6,"featured_media":1316,"comment_status":"open","ping_status":"closed","sticky":false,"template":"","format":"standard","meta":{"_eb_attr":"","_monsterinsights_skip_tracking":false,"_monsterinsights_sitenote_active":false,"_monsterinsights_sitenote_note":"","_monsterinsights_sitenote_category":0,"footnotes":""},"categories":[41],"tags":[],"yoast_head":"<!-- This site is optimized with the Yoast SEO plugin v23.4 - https:\/\/yoast.com\/wordpress\/plugins\/seo\/ -->\n<title>Stones zam\u00ed\u0159il do ManCity - Official Czech &amp; Slovak Everton Supporters&#039; Club<\/title>\n<meta name=\"robots\" content=\"index, follow, max-snippet:-1, max-image-preview:large, max-video-preview:-1\" \/>\n<link rel=\"canonical\" href=\"https:\/\/evertonfc.cz\/index.php\/2016\/08\/09\/stones-zamiril-do-mancity\/\" \/>\n<meta property=\"og:locale\" content=\"cs_CZ\" \/>\n<meta property=\"og:type\" content=\"article\" \/>\n<meta property=\"og:title\" content=\"Stones zam\u00ed\u0159il do ManCity - Official Czech &amp; Slovak Everton Supporters&#039; Club\" \/>\n<meta property=\"og:description\" content=\"Manchester City koupil Johna Stonese za neuv\u011b\u0159iteln\u00fdch\u00a0\u00a347,5m, \u010d\u00edm\u017e z n\u011bho ud\u011blal druh\u00e9ho nejdra\u017e\u0161\u00edho obr\u00e1nce v historii. Jako n\u00e1hradu si Everton&hellip;\" \/>\n<meta property=\"og:url\" content=\"https:\/\/evertonfc.cz\/index.php\/2016\/08\/09\/stones-zamiril-do-mancity\/\" \/>\n<meta property=\"og:site_name\" content=\"Official Czech &amp; Slovak Everton Supporters&#039; Club\" \/>\n<meta property=\"article:publisher\" content=\"https:\/\/www.facebook.com\/everton.fans.cz.sk\" \/>\n<meta property=\"article:published_time\" content=\"2016-08-09T18:35:33+00:00\" \/>\n<meta property=\"article:modified_time\" content=\"2019-02-11T19:36:27+00:00\" \/>\n<meta property=\"og:image\" content=\"https:\/\/evertonfc.cz\/wp-content\/uploads\/2019\/01\/transfer.jpg\" \/>\n\t<meta property=\"og:image:width\" content=\"720\" \/>\n\t<meta property=\"og:image:height\" content=\"405\" \/>\n\t<meta property=\"og:image:type\" content=\"image\/jpeg\" \/>\n<meta name=\"author\" content=\"Ri\u010di\" \/>\n<meta name=\"twitter:card\" content=\"summary_large_image\" \/>\n<meta name=\"twitter:creator\" content=\"@rbrejsa\" \/>\n<meta name=\"twitter:label1\" content=\"Napsal(a)\" \/>\n\t<meta name=\"twitter:data1\" content=\"Ri\u010di\" \/>\n\t<meta name=\"twitter:label2\" content=\"Odhadovan\u00e1 doba \u010dten\u00ed\" \/>\n\t<meta name=\"twitter:data2\" content=\"2 minuty\" \/>\n<script type=\"application\/ld+json\" class=\"yoast-schema-graph\">{\"@context\":\"https:\/\/schema.org\",\"@graph\":[{\"@type\":\"Article\",\"@id\":\"https:\/\/evertonfc.cz\/index.php\/2016\/08\/09\/stones-zamiril-do-mancity\/#article\",\"isPartOf\":{\"@id\":\"https:\/\/evertonfc.cz\/index.php\/2016\/08\/09\/stones-zamiril-do-mancity\/\"},\"author\":{\"name\":\"Ri\u010di\",\"@id\":\"https:\/\/evertonfc.cz\/#\/schema\/person\/f7a5daedb2ffee98480bc70e191aaef1\"},\"headline\":\"Stones zam\u00ed\u0159il do ManCity\",\"datePublished\":\"2016-08-09T18:35:33+00:00\",\"dateModified\":\"2019-02-11T19:36:27+00:00\",\"mainEntityOfPage\":{\"@id\":\"https:\/\/evertonfc.cz\/index.php\/2016\/08\/09\/stones-zamiril-do-mancity\/\"},\"wordCount\":340,\"commentCount\":0,\"publisher\":{\"@id\":\"https:\/\/evertonfc.cz\/#organization\"},\"image\":{\"@id\":\"https:\/\/evertonfc.cz\/index.php\/2016\/08\/09\/stones-zamiril-do-mancity\/#primaryimage\"},\"thumbnailUrl\":\"https:\/\/evertonfc.cz\/wp-content\/uploads\/2019\/01\/transfer.jpg\",\"articleSection\":[\"P\u0159estupy\"],\"inLanguage\":\"cs\",\"potentialAction\":[{\"@type\":\"CommentAction\",\"name\":\"Comment\",\"target\":[\"https:\/\/evertonfc.cz\/index.php\/2016\/08\/09\/stones-zamiril-do-mancity\/#respond\"]}]},{\"@type\":\"WebPage\",\"@id\":\"https:\/\/evertonfc.cz\/index.php\/2016\/08\/09\/stones-zamiril-do-mancity\/\",\"url\":\"https:\/\/evertonfc.cz\/index.php\/2016\/08\/09\/stones-zamiril-do-mancity\/\",\"name\":\"Stones zam\u00ed\u0159il do ManCity - Official Czech &amp; Slovak Everton Supporters&#039; Club\",\"isPartOf\":{\"@id\":\"https:\/\/evertonfc.cz\/#website\"},\"primaryImageOfPage\":{\"@id\":\"https:\/\/evertonfc.cz\/index.php\/2016\/08\/09\/stones-zamiril-do-mancity\/#primaryimage\"},\"image\":{\"@id\":\"https:\/\/evertonfc.cz\/index.php\/2016\/08\/09\/stones-zamiril-do-mancity\/#primaryimage\"},\"thumbnailUrl\":\"https:\/\/evertonfc.cz\/wp-content\/uploads\/2019\/01\/transfer.jpg\",\"datePublished\":\"2016-08-09T18:35:33+00:00\",\"dateModified\":\"2019-02-11T19:36:27+00:00\",\"breadcrumb\":{\"@id\":\"https:\/\/evertonfc.cz\/index.php\/2016\/08\/09\/stones-zamiril-do-mancity\/#breadcrumb\"},\"inLanguage\":\"cs\",\"potentialAction\":[{\"@type\":\"ReadAction\",\"target\":[\"https:\/\/evertonfc.cz\/index.php\/2016\/08\/09\/stones-zamiril-do-mancity\/\"]}]},{\"@type\":\"ImageObject\",\"inLanguage\":\"cs\",\"@id\":\"https:\/\/evertonfc.cz\/index.php\/2016\/08\/09\/stones-zamiril-do-mancity\/#primaryimage\",\"url\":\"https:\/\/evertonfc.cz\/wp-content\/uploads\/2019\/01\/transfer.jpg\",\"contentUrl\":\"https:\/\/evertonfc.cz\/wp-content\/uploads\/2019\/01\/transfer.jpg\",\"width\":720,\"height\":405},{\"@type\":\"BreadcrumbList\",\"@id\":\"https:\/\/evertonfc.cz\/index.php\/2016\/08\/09\/stones-zamiril-do-mancity\/#breadcrumb\",\"itemListElement\":[{\"@type\":\"ListItem\",\"position\":1,\"name\":\"Home\",\"item\":\"https:\/\/evertonfc.cz\/\"},{\"@type\":\"ListItem\",\"position\":2,\"name\":\"Stones zam\u00ed\u0159il do ManCity\"}]},{\"@type\":\"WebSite\",\"@id\":\"https:\/\/evertonfc.cz\/#website\",\"url\":\"https:\/\/evertonfc.cz\/\",\"name\":\"Official Czech &amp; Slovak Everton Supporters&#039; Club\",\"description\":\"\",\"publisher\":{\"@id\":\"https:\/\/evertonfc.cz\/#organization\"},\"potentialAction\":[{\"@type\":\"SearchAction\",\"target\":{\"@type\":\"EntryPoint\",\"urlTemplate\":\"https:\/\/evertonfc.cz\/?s={search_term_string}\"},\"query-input\":{\"@type\":\"PropertyValueSpecification\",\"valueRequired\":true,\"valueName\":\"search_term_string\"}}],\"inLanguage\":\"cs\"},{\"@type\":\"Organization\",\"@id\":\"https:\/\/evertonfc.cz\/#organization\",\"name\":\"Official Czech & Slovak Everton Supporters' Club\",\"url\":\"https:\/\/evertonfc.cz\/\",\"logo\":{\"@type\":\"ImageObject\",\"inLanguage\":\"cs\",\"@id\":\"https:\/\/evertonfc.cz\/#\/schema\/logo\/image\/\",\"url\":\"https:\/\/evertonfc.cz\/wp-content\/uploads\/2019\/05\/logo.png\",\"contentUrl\":\"https:\/\/evertonfc.cz\/wp-content\/uploads\/2019\/05\/logo.png\",\"width\":112,\"height\":112,\"caption\":\"Official Czech & Slovak Everton Supporters' Club\"},\"image\":{\"@id\":\"https:\/\/evertonfc.cz\/#\/schema\/logo\/image\/\"},\"sameAs\":[\"https:\/\/www.facebook.com\/everton.fans.cz.sk\"]},{\"@type\":\"Person\",\"@id\":\"https:\/\/evertonfc.cz\/#\/schema\/person\/f7a5daedb2ffee98480bc70e191aaef1\",\"name\":\"Ri\u010di\",\"sameAs\":[\"https:\/\/x.com\/rbrejsa\"],\"url\":\"https:\/\/evertonfc.cz\/index.php\/author\/rici\/\"}]}<\/script>\n<!-- \/ Yoast SEO plugin. -->","yoast_head_json":{"title":"Stones zam\u00ed\u0159il do ManCity - Official Czech &amp; Slovak Everton Supporters&#039; Club","robots":{"index":"index","follow":"follow","max-snippet":"max-snippet:-1","max-image-preview":"max-image-preview:large","max-video-preview":"max-video-preview:-1"},"canonical":"https:\/\/evertonfc.cz\/index.php\/2016\/08\/09\/stones-zamiril-do-mancity\/","og_locale":"cs_CZ","og_type":"article","og_title":"Stones zam\u00ed\u0159il do ManCity - Official Czech &amp; Slovak Everton Supporters&#039; Club","og_description":"Manchester City koupil Johna Stonese za neuv\u011b\u0159iteln\u00fdch\u00a0\u00a347,5m, \u010d\u00edm\u017e z n\u011bho ud\u011blal druh\u00e9ho nejdra\u017e\u0161\u00edho obr\u00e1nce v historii. Jako n\u00e1hradu si Everton&hellip;","og_url":"https:\/\/evertonfc.cz\/index.php\/2016\/08\/09\/stones-zamiril-do-mancity\/","og_site_name":"Official Czech &amp; Slovak Everton Supporters&#039; Club","article_publisher":"https:\/\/www.facebook.com\/everton.fans.cz.sk","article_published_time":"2016-08-09T18:35:33+00:00","article_modified_time":"2019-02-11T19:36:27+00:00","og_image":[{"width":720,"height":405,"url":"https:\/\/evertonfc.cz\/wp-content\/uploads\/2019\/01\/transfer.jpg","type":"image\/jpeg"}],"author":"Ri\u010di","twitter_card":"summary_large_image","twitter_creator":"@rbrejsa","twitter_misc":{"Napsal(a)":"Ri\u010di","Odhadovan\u00e1 doba \u010dten\u00ed":"2 minuty"},"schema":{"@context":"https:\/\/schema.org","@graph":[{"@type":"Article","@id":"https:\/\/evertonfc.cz\/index.php\/2016\/08\/09\/stones-zamiril-do-mancity\/#article","isPartOf":{"@id":"https:\/\/evertonfc.cz\/index.php\/2016\/08\/09\/stones-zamiril-do-mancity\/"},"author":{"name":"Ri\u010di","@id":"https:\/\/evertonfc.cz\/#\/schema\/person\/f7a5daedb2ffee98480bc70e191aaef1"},"headline":"Stones zam\u00ed\u0159il do ManCity","datePublished":"2016-08-09T18:35:33+00:00","dateModified":"2019-02-11T19:36:27+00:00","mainEntityOfPage":{"@id":"https:\/\/evertonfc.cz\/index.php\/2016\/08\/09\/stones-zamiril-do-mancity\/"},"wordCount":340,"commentCount":0,"publisher":{"@id":"https:\/\/evertonfc.cz\/#organization"},"image":{"@id":"https:\/\/evertonfc.cz\/index.php\/2016\/08\/09\/stones-zamiril-do-mancity\/#primaryimage"},"thumbnailUrl":"https:\/\/evertonfc.cz\/wp-content\/uploads\/2019\/01\/transfer.jpg","articleSection":["P\u0159estupy"],"inLanguage":"cs","potentialAction":[{"@type":"CommentAction","name":"Comment","target":["https:\/\/evertonfc.cz\/index.php\/2016\/08\/09\/stones-zamiril-do-mancity\/#respond"]}]},{"@type":"WebPage","@id":"https:\/\/evertonfc.cz\/index.php\/2016\/08\/09\/stones-zamiril-do-mancity\/","url":"https:\/\/evertonfc.cz\/index.php\/2016\/08\/09\/stones-zamiril-do-mancity\/","name":"Stones zam\u00ed\u0159il do ManCity - Official Czech &amp; Slovak Everton Supporters&#039; Club","isPartOf":{"@id":"https:\/\/evertonfc.cz\/#website"},"primaryImageOfPage":{"@id":"https:\/\/evertonfc.cz\/index.php\/2016\/08\/09\/stones-zamiril-do-mancity\/#primaryimage"},"image":{"@id":"https:\/\/evertonfc.cz\/index.php\/2016\/08\/09\/stones-zamiril-do-mancity\/#primaryimage"},"thumbnailUrl":"https:\/\/evertonfc.cz\/wp-content\/uploads\/2019\/01\/transfer.jpg","datePublished":"2016-08-09T18:35:33+00:00","dateModified":"2019-02-11T19:36:27+00:00","breadcrumb":{"@id":"https:\/\/evertonfc.cz\/index.php\/2016\/08\/09\/stones-zamiril-do-mancity\/#breadcrumb"},"inLanguage":"cs","potentialAction":[{"@type":"ReadAction","target":["https:\/\/evertonfc.cz\/index.php\/2016\/08\/09\/stones-zamiril-do-mancity\/"]}]},{"@type":"ImageObject","inLanguage":"cs","@id":"https:\/\/evertonfc.cz\/index.php\/2016\/08\/09\/stones-zamiril-do-mancity\/#primaryimage","url":"https:\/\/evertonfc.cz\/wp-content\/uploads\/2019\/01\/transfer.jpg","contentUrl":"https:\/\/evertonfc.cz\/wp-content\/uploads\/2019\/01\/transfer.jpg","width":720,"height":405},{"@type":"BreadcrumbList","@id":"https:\/\/evertonfc.cz\/index.php\/2016\/08\/09\/stones-zamiril-do-mancity\/#breadcrumb","itemListElement":[{"@type":"ListItem","position":1,"name":"Home","item":"https:\/\/evertonfc.cz\/"},{"@type":"ListItem","position":2,"name":"Stones zam\u00ed\u0159il do ManCity"}]},{"@type":"WebSite","@id":"https:\/\/evertonfc.cz\/#website","url":"https:\/\/evertonfc.cz\/","name":"Official Czech &amp; Slovak Everton Supporters&#039; Club","description":"","publisher":{"@id":"https:\/\/evertonfc.cz\/#organization"},"potentialAction":[{"@type":"SearchAction","target":{"@type":"EntryPoint","urlTemplate":"https:\/\/evertonfc.cz\/?s={search_term_string}"},"query-input":{"@type":"PropertyValueSpecification","valueRequired":true,"valueName":"search_term_string"}}],"inLanguage":"cs"},{"@type":"Organization","@id":"https:\/\/evertonfc.cz\/#organization","name":"Official Czech & Slovak Everton Supporters' Club","url":"https:\/\/evertonfc.cz\/","logo":{"@type":"ImageObject","inLanguage":"cs","@id":"https:\/\/evertonfc.cz\/#\/schema\/logo\/image\/","url":"https:\/\/evertonfc.cz\/wp-content\/uploads\/2019\/05\/logo.png","contentUrl":"https:\/\/evertonfc.cz\/wp-content\/uploads\/2019\/05\/logo.png","width":112,"height":112,"caption":"Official Czech & Slovak Everton Supporters' Club"},"image":{"@id":"https:\/\/evertonfc.cz\/#\/schema\/logo\/image\/"},"sameAs":["https:\/\/www.facebook.com\/everton.fans.cz.sk"]},{"@type":"Person","@id":"https:\/\/evertonfc.cz\/#\/schema\/person\/f7a5daedb2ffee98480bc70e191aaef1","name":"Ri\u010di","sameAs":["https:\/\/x.com\/rbrejsa"],"url":"https:\/\/evertonfc.cz\/index.php\/author\/rici\/"}]}},"_links":{"self":[{"href":"https:\/\/evertonfc.cz\/index.php\/wp-json\/wp\/v2\/posts\/3570"}],"collection":[{"href":"https:\/\/evertonfc.cz\/index.php\/wp-json\/wp\/v2\/posts"}],"about":[{"href":"https:\/\/evertonfc.cz\/index.php\/wp-json\/wp\/v2\/types\/post"}],"author":[{"embeddable":true,"href":"https:\/\/evertonfc.cz\/index.php\/wp-json\/wp\/v2\/users\/6"}],"replies":[{"embeddable":true,"href":"https:\/\/evertonfc.cz\/index.php\/wp-json\/wp\/v2\/comments?post=3570"}],"version-history":[{"count":1,"href":"https:\/\/evertonfc.cz\/index.php\/wp-json\/wp\/v2\/posts\/3570\/revisions"}],"predecessor-version":[{"id":3571,"href":"https:\/\/evertonfc.cz\/index.php\/wp-json\/wp\/v2\/posts\/3570\/revisions\/3571"}],"wp:featuredmedia":[{"embeddable":true,"href":"https:\/\/evertonfc.cz\/index.php\/wp-json\/wp\/v2\/media\/1316"}],"wp:attachment":[{"href":"https:\/\/evertonfc.cz\/index.php\/wp-json\/wp\/v2\/media?parent=3570"}],"wp:term":[{"taxonomy":"category","embeddable":true,"href":"https:\/\/evertonfc.cz\/index.php\/wp-json\/wp\/v2\/categories?post=3570"},{"taxonomy":"post_tag","embeddable":true,"href":"https:\/\/evertonfc.cz\/index.php\/wp-json\/wp\/v2\/tags?post=3570"}],"curies":[{"name":"wp","href":"https:\/\/api.w.org\/{rel}","templated":true}]}}