{"id":3572,"date":"2016-08-07T20:37:09","date_gmt":"2016-08-07T18:37:09","guid":{"rendered":"http:\/\/evertonfc.cz\/?p=3572"},"modified":"2019-02-11T20:38:13","modified_gmt":"2019-02-11T19:38:13","slug":"everton-rcd-espanyol-01","status":"publish","type":"post","link":"https:\/\/evertonfc.cz\/index.php\/2016\/08\/07\/everton-rcd-espanyol-01\/","title":{"rendered":"Everton &#8211; RCD Espanyol 0:1"},"content":{"rendered":"<h4 id=\"NewsPostDetailSummary\">Posledn\u00ed p\u0159\u00edpravn\u00fd z\u00e1pas p\u0159ed za\u010d\u00e1tkem ligy p\u0159inesl prohru brankou z penalty a t\u0159i stehy na kotn\u00edku Lukaka.<\/h4>\n<div id=\"NewsPostDetailContent\">\n<p>K prvn\u00edmu sv\u00e9mu z\u00e1pasu vyb\u011bhl v z\u00e1kladn\u00ed sestav\u011b Gueye, druh\u00fd polo\u010das zvl\u00e1dl i kapit\u00e1n Jagielka, nab\u00edz\u00ed se tak, \u017ee v sobotu proti Spurs vyb\u011bhne v z\u00e1kladn\u00ed sestav\u011b. Uvid\u00edme. Gibson si lehl vedle Be\u0161i\u0107e a Penningtona na st\u016fl v pokoji l\u00e9ka\u0159\u016f. Pro n\u011bj standardn\u00ed situace.<\/p>\n<p>Host\u00e9 za\u010dali tlakem, po n\u011bkolika trestn\u00fdch kopech zfauloval novic Gueye jednoho z Duart\u016f a rozhod\u010d\u00ed Oliver uk\u00e1zal na punt\u00edk. Baptistao s prom\u011bn\u011bn\u00edm &#8222;p\u011btky&#8220; nem\u011bl probl\u00e9m &#8211; <strong>0:1.<\/strong><\/p>\n<p>Everton odpov\u011bd\u011bl hlavi\u010dkou Stonese nad po rohu, Gueye pak n\u00e1sledn\u011b m\u00e1lem zavinil druhou branku, kdy\u017e ztratil m\u00ed\u010d a jen skv\u011bl\u00fd z\u00e1krok Stekelenburga zabr\u00e1nil Baptistaovi ve druh\u00e9 brance. Za Everton odpov\u011bd\u011bli hlavi\u010dkou Mori a nohou Lukaku, po jeho st\u0159ele si musel Jimenez hodn\u011b m\u00e1knout, ale m\u00ed\u010d za jeho z\u00e1dy neskon\u010dil. Host\u00e9 se neb\u00e1li za\u00fato\u010dit, volej Gonzaleze po rohu skon\u010dil t\u011bsn\u011b vedle. Z dal\u0161\u00edho musel odkop\u00e1vat z \u010d\u00e1ry Mirallas, n\u00e1sledn\u011b tent\u00fd\u017e hr\u00e1\u010d se m\u00e1lem dostal k m\u00ed\u010di po mal\u00e9 dom\u016f, ale Jimenez byl p\u0159ece jen u kolat\u00e9ho nesmyslu d\u0159\u00edv.<\/p>\n<p>Everton se ale dostal do tlaku a v\u00fdsledkem byla penalta po faulu na Deulofeua. Jen\u017ee Barkleyho st\u0159elu Jimenez vyrazil, a tak se do \u0161aten \u0161lo za stavu p\u0159\u00edzniv\u011bj\u0161\u00edho pro hosty. Do konce polo\u010dasu stihl dostat \u017elutou kartu Mori za faul.<\/p>\n<p>Druh\u00e1 p\u016fle za\u010dala p\u0159\u00edle\u017eitost\u00ed Lukaka po skv\u011bl\u00e9 p\u0159ihr\u00e1vce Barkleyho, ale belgick\u00e9ho \u00fato\u010dn\u00edka zradilo zpracov\u00e1n\u00ed &#8211; a bylo. P\u0159i obran\u011b roh\u016f se museli zapojovat i Mirallas a Lukaku, mj. i proto, \u017ee Stones podcenil razanci sv\u00e9 p\u0159ihr\u00e1vky Stekelenburgovi. Za zm\u00ednku stoj\u00ed snad je\u0161t\u011b Mirallas\u016fv pokus, kter\u00fd m\u011bl b\u00fdt asi st\u0159elou, ale sp\u00ed\u0161 to byl centr na nikoho. \u0160pan\u011bl\u00e9 dob\u0159e br\u00e1nili a ke konci z\u00e1pasu si s Evertonem i pohr\u00e1vali. Jednu nebezpe\u010dnou situaci ale je\u0161t\u011b museli p\u0159e\u017e\u00edt, trestn\u00fd kop po faulu na Bainese kousek za v\u00e1pnem si vzal na starost Mirallas. Jeho p\u0159\u00edzemn\u00ed st\u0159elu te\u010doval jeden z dom\u00e1c\u00edch na kop od br\u00e1ny. To ji\u017e nebyl na h\u0159i\u0161ti Lukaku, kter\u00fd odkulhal, ale na\u0161t\u011bst\u00ed nejde o nic v\u00e1\u017en\u00e9ho.<\/p>\n<p>Celkov\u011b tedy rozhodn\u011b je na \u010dem pracovat, RCD Espanyol byl soupe\u0159em, kter\u00fd t\u00fdm z Goodison Parku dob\u0159e prov\u011b\u0159il. A na z\u00e1klad\u011b sobotn\u00edho v\u00fdkonu d\u016fvod\u016f k optimismu moc nen\u00ed, zvl\u00e1\u0161\u0165, kdy\u017e p\u0159ijede t\u0159et\u00ed t\u00fdm lo\u0148sk\u00e9 sezony.<\/p>\n<p><strong>Branka: <\/strong>5. Baptistao z penalty<\/p>\n<p><strong>\u017dlut\u00e1 karta: <\/strong>44. Mori<\/p>\n<p><strong>Everton FC: <\/strong>Stekelenburg, Coleman, Mori (46. Jagielka), Stones (65. Holgate), Baines, Barry (65. McCarthy), Gueye (70. Davies), Deulofeu (66. Lennon), Barkley, Mirallas, Lukaku (65.\u00a0Kon\u00e9).<\/p>\n<p>Nepou\u017eit\u00ed n\u00e1hradn\u00edci: Robles,\u00a0Oviedo, Galloway, Tarashaj<\/p>\n<p><strong>RCD Espanyol: <\/strong>Jimenez, Lopez, R. Duarte, Sanchez, O. Duarte, Gonzalez, Perez (59. Reyez), Piatti (73. Caricol), Baptistao (63. Caicedo), Diop (76. Roca), Moreno<\/p>\n<p><strong>Rozhod\u010d\u00ed: <\/strong>Michael Oliver<\/p>\n<\/div>\n","protected":false},"excerpt":{"rendered":"<p>Posledn\u00ed p\u0159\u00edpravn\u00fd z\u00e1pas p\u0159ed za\u010d\u00e1tkem ligy p\u0159inesl prohru brankou z penalty a t\u0159i stehy na kotn\u00edku Lukaka. K prvn\u00edmu sv\u00e9mu&hellip;<\/p>\n","protected":false},"author":12,"featured_media":1315,"comment_status":"open","ping_status":"closed","sticky":false,"template":"","format":"standard","meta":{"_eb_attr":"","_monsterinsights_skip_tracking":false,"_monsterinsights_sitenote_active":false,"_monsterinsights_sitenote_note":"","_monsterinsights_sitenote_category":0,"footnotes":""},"categories":[4],"tags":[],"yoast_head":"<!-- This site is optimized with the Yoast SEO plugin v23.4 - https:\/\/yoast.com\/wordpress\/plugins\/seo\/ -->\n<title>Everton - RCD Espanyol 0:1 - Official Czech &amp; Slovak Everton Supporters&#039; Club<\/title>\n<meta name=\"robots\" content=\"index, follow, max-snippet:-1, max-image-preview:large, max-video-preview:-1\" \/>\n<link rel=\"canonical\" href=\"https:\/\/evertonfc.cz\/index.php\/2016\/08\/07\/everton-rcd-espanyol-01\/\" \/>\n<meta property=\"og:locale\" content=\"cs_CZ\" \/>\n<meta property=\"og:type\" content=\"article\" \/>\n<meta property=\"og:title\" content=\"Everton - RCD Espanyol 0:1 - Official Czech &amp; Slovak Everton Supporters&#039; Club\" \/>\n<meta property=\"og:description\" content=\"Posledn\u00ed p\u0159\u00edpravn\u00fd z\u00e1pas p\u0159ed za\u010d\u00e1tkem ligy p\u0159inesl prohru brankou z penalty a t\u0159i stehy na kotn\u00edku Lukaka. K prvn\u00edmu sv\u00e9mu&hellip;\" \/>\n<meta property=\"og:url\" content=\"https:\/\/evertonfc.cz\/index.php\/2016\/08\/07\/everton-rcd-espanyol-01\/\" \/>\n<meta property=\"og:site_name\" content=\"Official Czech &amp; Slovak Everton Supporters&#039; Club\" \/>\n<meta property=\"article:publisher\" content=\"https:\/\/www.facebook.com\/everton.fans.cz.sk\" \/>\n<meta property=\"article:published_time\" content=\"2016-08-07T18:37:09+00:00\" \/>\n<meta property=\"article:modified_time\" content=\"2019-02-11T19:38:13+00:00\" \/>\n<meta property=\"og:image\" content=\"https:\/\/evertonfc.cz\/wp-content\/uploads\/2019\/01\/report.jpg\" \/>\n\t<meta property=\"og:image:width\" content=\"720\" \/>\n\t<meta property=\"og:image:height\" content=\"405\" \/>\n\t<meta property=\"og:image:type\" content=\"image\/jpeg\" \/>\n<meta name=\"author\" content=\"Javor\" \/>\n<meta name=\"twitter:card\" content=\"summary_large_image\" \/>\n<meta name=\"twitter:creator\" content=\"@LoudinJan\" \/>\n<meta name=\"twitter:label1\" content=\"Napsal(a)\" \/>\n\t<meta name=\"twitter:data1\" content=\"Javor\" \/>\n\t<meta name=\"twitter:label2\" content=\"Odhadovan\u00e1 doba \u010dten\u00ed\" \/>\n\t<meta name=\"twitter:data2\" content=\"3 minuty\" \/>\n<script type=\"application\/ld+json\" class=\"yoast-schema-graph\">{\"@context\":\"https:\/\/schema.org\",\"@graph\":[{\"@type\":\"Article\",\"@id\":\"https:\/\/evertonfc.cz\/index.php\/2016\/08\/07\/everton-rcd-espanyol-01\/#article\",\"isPartOf\":{\"@id\":\"https:\/\/evertonfc.cz\/index.php\/2016\/08\/07\/everton-rcd-espanyol-01\/\"},\"author\":{\"name\":\"Javor\",\"@id\":\"https:\/\/evertonfc.cz\/#\/schema\/person\/b30daf6a5852f4811f8207a17ec1bf78\"},\"headline\":\"Everton &#8211; RCD Espanyol 0:1\",\"datePublished\":\"2016-08-07T18:37:09+00:00\",\"dateModified\":\"2019-02-11T19:38:13+00:00\",\"mainEntityOfPage\":{\"@id\":\"https:\/\/evertonfc.cz\/index.php\/2016\/08\/07\/everton-rcd-espanyol-01\/\"},\"wordCount\":548,\"commentCount\":0,\"publisher\":{\"@id\":\"https:\/\/evertonfc.cz\/#organization\"},\"image\":{\"@id\":\"https:\/\/evertonfc.cz\/index.php\/2016\/08\/07\/everton-rcd-espanyol-01\/#primaryimage\"},\"thumbnailUrl\":\"https:\/\/evertonfc.cz\/wp-content\/uploads\/2019\/01\/report.jpg\",\"articleSection\":[\"Z\u00e1pasy\"],\"inLanguage\":\"cs\",\"potentialAction\":[{\"@type\":\"CommentAction\",\"name\":\"Comment\",\"target\":[\"https:\/\/evertonfc.cz\/index.php\/2016\/08\/07\/everton-rcd-espanyol-01\/#respond\"]}]},{\"@type\":\"WebPage\",\"@id\":\"https:\/\/evertonfc.cz\/index.php\/2016\/08\/07\/everton-rcd-espanyol-01\/\",\"url\":\"https:\/\/evertonfc.cz\/index.php\/2016\/08\/07\/everton-rcd-espanyol-01\/\",\"name\":\"Everton - RCD Espanyol 0:1 - Official Czech &amp; Slovak Everton Supporters&#039; Club\",\"isPartOf\":{\"@id\":\"https:\/\/evertonfc.cz\/#website\"},\"primaryImageOfPage\":{\"@id\":\"https:\/\/evertonfc.cz\/index.php\/2016\/08\/07\/everton-rcd-espanyol-01\/#primaryimage\"},\"image\":{\"@id\":\"https:\/\/evertonfc.cz\/index.php\/2016\/08\/07\/everton-rcd-espanyol-01\/#primaryimage\"},\"thumbnailUrl\":\"https:\/\/evertonfc.cz\/wp-content\/uploads\/2019\/01\/report.jpg\",\"datePublished\":\"2016-08-07T18:37:09+00:00\",\"dateModified\":\"2019-02-11T19:38:13+00:00\",\"breadcrumb\":{\"@id\":\"https:\/\/evertonfc.cz\/index.php\/2016\/08\/07\/everton-rcd-espanyol-01\/#breadcrumb\"},\"inLanguage\":\"cs\",\"potentialAction\":[{\"@type\":\"ReadAction\",\"target\":[\"https:\/\/evertonfc.cz\/index.php\/2016\/08\/07\/everton-rcd-espanyol-01\/\"]}]},{\"@type\":\"ImageObject\",\"inLanguage\":\"cs\",\"@id\":\"https:\/\/evertonfc.cz\/index.php\/2016\/08\/07\/everton-rcd-espanyol-01\/#primaryimage\",\"url\":\"https:\/\/evertonfc.cz\/wp-content\/uploads\/2019\/01\/report.jpg\",\"contentUrl\":\"https:\/\/evertonfc.cz\/wp-content\/uploads\/2019\/01\/report.jpg\",\"width\":720,\"height\":405},{\"@type\":\"BreadcrumbList\",\"@id\":\"https:\/\/evertonfc.cz\/index.php\/2016\/08\/07\/everton-rcd-espanyol-01\/#breadcrumb\",\"itemListElement\":[{\"@type\":\"ListItem\",\"position\":1,\"name\":\"Home\",\"item\":\"https:\/\/evertonfc.cz\/\"},{\"@type\":\"ListItem\",\"position\":2,\"name\":\"Everton &#8211; RCD Espanyol 0:1\"}]},{\"@type\":\"WebSite\",\"@id\":\"https:\/\/evertonfc.cz\/#website\",\"url\":\"https:\/\/evertonfc.cz\/\",\"name\":\"Official Czech &amp; Slovak Everton Supporters&#039; Club\",\"description\":\"\",\"publisher\":{\"@id\":\"https:\/\/evertonfc.cz\/#organization\"},\"potentialAction\":[{\"@type\":\"SearchAction\",\"target\":{\"@type\":\"EntryPoint\",\"urlTemplate\":\"https:\/\/evertonfc.cz\/?s={search_term_string}\"},\"query-input\":{\"@type\":\"PropertyValueSpecification\",\"valueRequired\":true,\"valueName\":\"search_term_string\"}}],\"inLanguage\":\"cs\"},{\"@type\":\"Organization\",\"@id\":\"https:\/\/evertonfc.cz\/#organization\",\"name\":\"Official Czech & Slovak Everton Supporters' Club\",\"url\":\"https:\/\/evertonfc.cz\/\",\"logo\":{\"@type\":\"ImageObject\",\"inLanguage\":\"cs\",\"@id\":\"https:\/\/evertonfc.cz\/#\/schema\/logo\/image\/\",\"url\":\"https:\/\/evertonfc.cz\/wp-content\/uploads\/2019\/05\/logo.png\",\"contentUrl\":\"https:\/\/evertonfc.cz\/wp-content\/uploads\/2019\/05\/logo.png\",\"width\":112,\"height\":112,\"caption\":\"Official Czech & Slovak Everton Supporters' Club\"},\"image\":{\"@id\":\"https:\/\/evertonfc.cz\/#\/schema\/logo\/image\/\"},\"sameAs\":[\"https:\/\/www.facebook.com\/everton.fans.cz.sk\"]},{\"@type\":\"Person\",\"@id\":\"https:\/\/evertonfc.cz\/#\/schema\/person\/b30daf6a5852f4811f8207a17ec1bf78\",\"name\":\"Javor\",\"sameAs\":[\"https:\/\/x.com\/LoudinJan\"],\"url\":\"https:\/\/evertonfc.cz\/index.php\/author\/javor\/\"}]}<\/script>\n<!-- \/ Yoast SEO plugin. -->","yoast_head_json":{"title":"Everton - RCD Espanyol 0:1 - Official Czech &amp; Slovak Everton Supporters&#039; Club","robots":{"index":"index","follow":"follow","max-snippet":"max-snippet:-1","max-image-preview":"max-image-preview:large","max-video-preview":"max-video-preview:-1"},"canonical":"https:\/\/evertonfc.cz\/index.php\/2016\/08\/07\/everton-rcd-espanyol-01\/","og_locale":"cs_CZ","og_type":"article","og_title":"Everton - RCD Espanyol 0:1 - Official Czech &amp; Slovak Everton Supporters&#039; Club","og_description":"Posledn\u00ed p\u0159\u00edpravn\u00fd z\u00e1pas p\u0159ed za\u010d\u00e1tkem ligy p\u0159inesl prohru brankou z penalty a t\u0159i stehy na kotn\u00edku Lukaka. K prvn\u00edmu sv\u00e9mu&hellip;","og_url":"https:\/\/evertonfc.cz\/index.php\/2016\/08\/07\/everton-rcd-espanyol-01\/","og_site_name":"Official Czech &amp; Slovak Everton Supporters&#039; Club","article_publisher":"https:\/\/www.facebook.com\/everton.fans.cz.sk","article_published_time":"2016-08-07T18:37:09+00:00","article_modified_time":"2019-02-11T19:38:13+00:00","og_image":[{"width":720,"height":405,"url":"https:\/\/evertonfc.cz\/wp-content\/uploads\/2019\/01\/report.jpg","type":"image\/jpeg"}],"author":"Javor","twitter_card":"summary_large_image","twitter_creator":"@LoudinJan","twitter_misc":{"Napsal(a)":"Javor","Odhadovan\u00e1 doba \u010dten\u00ed":"3 minuty"},"schema":{"@context":"https:\/\/schema.org","@graph":[{"@type":"Article","@id":"https:\/\/evertonfc.cz\/index.php\/2016\/08\/07\/everton-rcd-espanyol-01\/#article","isPartOf":{"@id":"https:\/\/evertonfc.cz\/index.php\/2016\/08\/07\/everton-rcd-espanyol-01\/"},"author":{"name":"Javor","@id":"https:\/\/evertonfc.cz\/#\/schema\/person\/b30daf6a5852f4811f8207a17ec1bf78"},"headline":"Everton &#8211; RCD Espanyol 0:1","datePublished":"2016-08-07T18:37:09+00:00","dateModified":"2019-02-11T19:38:13+00:00","mainEntityOfPage":{"@id":"https:\/\/evertonfc.cz\/index.php\/2016\/08\/07\/everton-rcd-espanyol-01\/"},"wordCount":548,"commentCount":0,"publisher":{"@id":"https:\/\/evertonfc.cz\/#organization"},"image":{"@id":"https:\/\/evertonfc.cz\/index.php\/2016\/08\/07\/everton-rcd-espanyol-01\/#primaryimage"},"thumbnailUrl":"https:\/\/evertonfc.cz\/wp-content\/uploads\/2019\/01\/report.jpg","articleSection":["Z\u00e1pasy"],"inLanguage":"cs","potentialAction":[{"@type":"CommentAction","name":"Comment","target":["https:\/\/evertonfc.cz\/index.php\/2016\/08\/07\/everton-rcd-espanyol-01\/#respond"]}]},{"@type":"WebPage","@id":"https:\/\/evertonfc.cz\/index.php\/2016\/08\/07\/everton-rcd-espanyol-01\/","url":"https:\/\/evertonfc.cz\/index.php\/2016\/08\/07\/everton-rcd-espanyol-01\/","name":"Everton - RCD Espanyol 0:1 - Official Czech &amp; Slovak Everton Supporters&#039; Club","isPartOf":{"@id":"https:\/\/evertonfc.cz\/#website"},"primaryImageOfPage":{"@id":"https:\/\/evertonfc.cz\/index.php\/2016\/08\/07\/everton-rcd-espanyol-01\/#primaryimage"},"image":{"@id":"https:\/\/evertonfc.cz\/index.php\/2016\/08\/07\/everton-rcd-espanyol-01\/#primaryimage"},"thumbnailUrl":"https:\/\/evertonfc.cz\/wp-content\/uploads\/2019\/01\/report.jpg","datePublished":"2016-08-07T18:37:09+00:00","dateModified":"2019-02-11T19:38:13+00:00","breadcrumb":{"@id":"https:\/\/evertonfc.cz\/index.php\/2016\/08\/07\/everton-rcd-espanyol-01\/#breadcrumb"},"inLanguage":"cs","potentialAction":[{"@type":"ReadAction","target":["https:\/\/evertonfc.cz\/index.php\/2016\/08\/07\/everton-rcd-espanyol-01\/"]}]},{"@type":"ImageObject","inLanguage":"cs","@id":"https:\/\/evertonfc.cz\/index.php\/2016\/08\/07\/everton-rcd-espanyol-01\/#primaryimage","url":"https:\/\/evertonfc.cz\/wp-content\/uploads\/2019\/01\/report.jpg","contentUrl":"https:\/\/evertonfc.cz\/wp-content\/uploads\/2019\/01\/report.jpg","width":720,"height":405},{"@type":"BreadcrumbList","@id":"https:\/\/evertonfc.cz\/index.php\/2016\/08\/07\/everton-rcd-espanyol-01\/#breadcrumb","itemListElement":[{"@type":"ListItem","position":1,"name":"Home","item":"https:\/\/evertonfc.cz\/"},{"@type":"ListItem","position":2,"name":"Everton &#8211; RCD Espanyol 0:1"}]},{"@type":"WebSite","@id":"https:\/\/evertonfc.cz\/#website","url":"https:\/\/evertonfc.cz\/","name":"Official Czech &amp; Slovak Everton Supporters&#039; Club","description":"","publisher":{"@id":"https:\/\/evertonfc.cz\/#organization"},"potentialAction":[{"@type":"SearchAction","target":{"@type":"EntryPoint","urlTemplate":"https:\/\/evertonfc.cz\/?s={search_term_string}"},"query-input":{"@type":"PropertyValueSpecification","valueRequired":true,"valueName":"search_term_string"}}],"inLanguage":"cs"},{"@type":"Organization","@id":"https:\/\/evertonfc.cz\/#organization","name":"Official Czech & Slovak Everton Supporters' Club","url":"https:\/\/evertonfc.cz\/","logo":{"@type":"ImageObject","inLanguage":"cs","@id":"https:\/\/evertonfc.cz\/#\/schema\/logo\/image\/","url":"https:\/\/evertonfc.cz\/wp-content\/uploads\/2019\/05\/logo.png","contentUrl":"https:\/\/evertonfc.cz\/wp-content\/uploads\/2019\/05\/logo.png","width":112,"height":112,"caption":"Official Czech & Slovak Everton Supporters' Club"},"image":{"@id":"https:\/\/evertonfc.cz\/#\/schema\/logo\/image\/"},"sameAs":["https:\/\/www.facebook.com\/everton.fans.cz.sk"]},{"@type":"Person","@id":"https:\/\/evertonfc.cz\/#\/schema\/person\/b30daf6a5852f4811f8207a17ec1bf78","name":"Javor","sameAs":["https:\/\/x.com\/LoudinJan"],"url":"https:\/\/evertonfc.cz\/index.php\/author\/javor\/"}]}},"_links":{"self":[{"href":"https:\/\/evertonfc.cz\/index.php\/wp-json\/wp\/v2\/posts\/3572"}],"collection":[{"href":"https:\/\/evertonfc.cz\/index.php\/wp-json\/wp\/v2\/posts"}],"about":[{"href":"https:\/\/evertonfc.cz\/index.php\/wp-json\/wp\/v2\/types\/post"}],"author":[{"embeddable":true,"href":"https:\/\/evertonfc.cz\/index.php\/wp-json\/wp\/v2\/users\/12"}],"replies":[{"embeddable":true,"href":"https:\/\/evertonfc.cz\/index.php\/wp-json\/wp\/v2\/comments?post=3572"}],"version-history":[{"count":1,"href":"https:\/\/evertonfc.cz\/index.php\/wp-json\/wp\/v2\/posts\/3572\/revisions"}],"predecessor-version":[{"id":3573,"href":"https:\/\/evertonfc.cz\/index.php\/wp-json\/wp\/v2\/posts\/3572\/revisions\/3573"}],"wp:featuredmedia":[{"embeddable":true,"href":"https:\/\/evertonfc.cz\/index.php\/wp-json\/wp\/v2\/media\/1315"}],"wp:attachment":[{"href":"https:\/\/evertonfc.cz\/index.php\/wp-json\/wp\/v2\/media?parent=3572"}],"wp:term":[{"taxonomy":"category","embeddable":true,"href":"https:\/\/evertonfc.cz\/index.php\/wp-json\/wp\/v2\/categories?post=3572"},{"taxonomy":"post_tag","embeddable":true,"href":"https:\/\/evertonfc.cz\/index.php\/wp-json\/wp\/v2\/tags?post=3572"}],"curies":[{"name":"wp","href":"https:\/\/api.w.org\/{rel}","templated":true}]}}