{"id":3576,"date":"2016-08-05T20:41:06","date_gmt":"2016-08-05T18:41:06","guid":{"rendered":"http:\/\/evertonfc.cz\/?p=3576"},"modified":"2019-02-11T20:42:11","modified_gmt":"2019-02-11T19:42:11","slug":"manchester-united-everton-00","status":"publish","type":"post","link":"https:\/\/evertonfc.cz\/index.php\/2016\/08\/05\/manchester-united-everton-00\/","title":{"rendered":"Manchester United &#8211; Everton 0:0"},"content":{"rendered":"<h4 id=\"NewsPostDetailSummary\">Z\u00e1pas na po\u010dest Rooneyho skon\u010dil sm\u00edrn\u011b, ale Be\u0161i\u0107 se zranil na p\u016fl roku&#8230;<\/h4>\n<div id=\"NewsPostDetailContent\">\n<p>Do prvn\u00ed \u0161ance se dostala letn\u00ed posila dom\u00e1c\u00edch Ibrahimovi\u0107 po chyb\u011b Barryho, ale nepotykal si s razanc\u00ed centru. Na druh\u00e9 stran\u011b se tot\u00e9\u017e m\u00e1lem stalo ve slo\u017een\u00ed Carrick-Deulofeu, ale m\u00ed\u010d se pro Toffees \u0161patn\u011b odrazil a De Gea p\u0159\u00edle\u017eitost zlikvidoval. Prvn\u00ed \u010dtvrthodina skon\u010dila ne\u0161kodnou st\u0159elou Lukaka, s n\u00ed samoz\u0159ejm\u011b dom\u00e1c\u00ed brank\u00e1\u0159 nem\u011bl probl\u00e9m. V obran\u011b se dob\u0159e jevil Holgate, po j\u00edm zbokovan\u00e9 st\u0159ele od Martiala se ke st\u0159ele z \u00fahlu dostal op\u011bt Ibrahimovi\u0107, Stekelenburg vyrazil.<\/p>\n<p>Nejv\u011bt\u0161\u00ed \u0161anci prvn\u00ed p\u016fle m\u011bl Barkley. Lukakova st\u0159ela byla zblokov\u00e1na k n\u011bmu, ale m\u00edrn\u011b z \u00fahlu se mu nepovedlo prost\u0159elit z prvn\u00ed De Geu. Dal\u0161\u00edmi zaj\u00edmav\u00fdmi momenty v t\u00e9\u017ee period\u011b byla st\u0159ela Shawa, kterou zblokoval t\u011bsn\u011b vedle Barry, Ibrahimovi\u0107ovo zakon\u010den\u00ed do Stekelenburga po podsko\u010den\u00ed Stonese a Lukakova hlavi\u010dka t\u011bsn\u011b vedle prav\u00e9 ty\u010de po centru Colemana z t\u00e9\u017ee strany.<\/p>\n<p>Prvn\u00ed \u0161anci druh\u00e9ho polo\u010dasu m\u011bl Mirallas. Centr op\u011bt Colemana byl Jonesem odhlavi\u010dkov\u00e1n k Belgi\u010danovi, ale ten trefil jen postrann\u00ed s\u00ed\u0165. To bylo t\u011bsn\u011b p\u0159edt\u00edm, ne\u017e byl Rooney vyst\u0159\u00edd\u00e1n za potlesku cel\u00e9ho stadionu. N\u00e1sledn\u011b tempo z\u00e1pasu opadlo, jak u\u017e to tak b\u00fdv\u00e1, kdy\u017e dojde k hromadn\u00fdm st\u0159\u00edd\u00e1n\u00edm. Za zm\u00ednku stoj\u00ed hlavi\u010dka Maty vedle. Pot\u00e9 do\u0161lo k nejsmutn\u011bj\u0161\u00edmu okam\u017eiku z\u00e1pasu, v\u00e1\u017en\u00e9mu zran\u011bn\u00ed Be\u0161i\u0107e. Koleno nane\u0161t\u011bst\u00ed b\u00fdv\u00e1 obvykle na dlouhou dobu&#8230; Utk\u00e1n\u00ed bylo zakon\u010deno tlakem United, ale bez vst\u0159elen\u00e9 branky.<\/p>\n<p>Perli\u010dka na z\u00e1v\u011br: Lukaku se po sv\u00e9m vyst\u0159\u00edd\u00e1n\u00ed na lavi\u010dce dov\u011bd\u011bl, \u017ee nov\u00fdm tren\u00e9rem belgick\u00e9 reprezentace se stal Mart\u00ednez. Jeho reakce? Obli\u010dej v dlan\u00edch.<\/p>\n<p>Bez karet.<\/p>\n<p><strong>Manchester United: <\/strong>De Gea (64. Romero) &#8211; Bailly (46. Jones), Ibrahimovi\u0107 (64. Depay), Rooney (53. Rashford), Martial (46. Mkhitarjan), Lingard (46. Young), Carrick (46. Schneiderlin), Blind (64. Mata), Herrera (46. Fellaini), Shaw (46. Rojo), Valencia (64. Darmian).<\/p>\n<p><strong>Everton FC: <\/strong>Stekelenburg (46. Robles), Coleman, Baines (65.\u00a0Oviedo), Mori, Stones, Holgate (65.\u00a0Lennon), McCarthy (65.\u00a0Be\u0161i\u0107 (76.\u00a0Davies)), Barry (65.\u00a0Gibson), Barkley (65.\u00a0Cleverley), Deulofeu (46. Mirallas), Lukaku (65.\u00a0Kon\u00e9).<\/p>\n<p>Nepou\u017eit\u00ed n\u00e1hradn\u00edci: Hewelt, Galloway<\/p>\n<p><strong>Rozhod\u010d\u00ed: <\/strong>Michael Oliver<\/p>\n<\/div>\n","protected":false},"excerpt":{"rendered":"<p>Z\u00e1pas na po\u010dest Rooneyho skon\u010dil sm\u00edrn\u011b, ale Be\u0161i\u0107 se zranil na p\u016fl roku&#8230; Do prvn\u00ed \u0161ance se dostala letn\u00ed posila&hellip;<\/p>\n","protected":false},"author":12,"featured_media":1315,"comment_status":"open","ping_status":"closed","sticky":false,"template":"","format":"standard","meta":{"_eb_attr":"","_monsterinsights_skip_tracking":false,"_monsterinsights_sitenote_active":false,"_monsterinsights_sitenote_note":"","_monsterinsights_sitenote_category":0,"footnotes":""},"categories":[4],"tags":[],"yoast_head":"<!-- This site is optimized with the Yoast SEO plugin v23.4 - https:\/\/yoast.com\/wordpress\/plugins\/seo\/ -->\n<title>Manchester United - Everton 0:0 - Official Czech &amp; Slovak Everton Supporters&#039; Club<\/title>\n<meta name=\"robots\" content=\"index, follow, max-snippet:-1, max-image-preview:large, max-video-preview:-1\" \/>\n<link rel=\"canonical\" href=\"https:\/\/evertonfc.cz\/index.php\/2016\/08\/05\/manchester-united-everton-00\/\" \/>\n<meta property=\"og:locale\" content=\"cs_CZ\" \/>\n<meta property=\"og:type\" content=\"article\" \/>\n<meta property=\"og:title\" content=\"Manchester United - Everton 0:0 - Official Czech &amp; Slovak Everton Supporters&#039; Club\" \/>\n<meta property=\"og:description\" content=\"Z\u00e1pas na po\u010dest Rooneyho skon\u010dil sm\u00edrn\u011b, ale Be\u0161i\u0107 se zranil na p\u016fl roku&#8230; Do prvn\u00ed \u0161ance se dostala letn\u00ed posila&hellip;\" \/>\n<meta property=\"og:url\" content=\"https:\/\/evertonfc.cz\/index.php\/2016\/08\/05\/manchester-united-everton-00\/\" \/>\n<meta property=\"og:site_name\" content=\"Official Czech &amp; Slovak Everton Supporters&#039; Club\" \/>\n<meta property=\"article:publisher\" content=\"https:\/\/www.facebook.com\/everton.fans.cz.sk\" \/>\n<meta property=\"article:published_time\" content=\"2016-08-05T18:41:06+00:00\" \/>\n<meta property=\"article:modified_time\" content=\"2019-02-11T19:42:11+00:00\" \/>\n<meta property=\"og:image\" content=\"https:\/\/evertonfc.cz\/wp-content\/uploads\/2019\/01\/report.jpg\" \/>\n\t<meta property=\"og:image:width\" content=\"720\" \/>\n\t<meta property=\"og:image:height\" content=\"405\" \/>\n\t<meta property=\"og:image:type\" content=\"image\/jpeg\" \/>\n<meta name=\"author\" content=\"Javor\" \/>\n<meta name=\"twitter:card\" content=\"summary_large_image\" \/>\n<meta name=\"twitter:creator\" content=\"@LoudinJan\" \/>\n<meta name=\"twitter:label1\" content=\"Napsal(a)\" \/>\n\t<meta name=\"twitter:data1\" content=\"Javor\" \/>\n\t<meta name=\"twitter:label2\" content=\"Odhadovan\u00e1 doba \u010dten\u00ed\" \/>\n\t<meta name=\"twitter:data2\" content=\"2 minuty\" \/>\n<script type=\"application\/ld+json\" class=\"yoast-schema-graph\">{\"@context\":\"https:\/\/schema.org\",\"@graph\":[{\"@type\":\"Article\",\"@id\":\"https:\/\/evertonfc.cz\/index.php\/2016\/08\/05\/manchester-united-everton-00\/#article\",\"isPartOf\":{\"@id\":\"https:\/\/evertonfc.cz\/index.php\/2016\/08\/05\/manchester-united-everton-00\/\"},\"author\":{\"name\":\"Javor\",\"@id\":\"https:\/\/evertonfc.cz\/#\/schema\/person\/b30daf6a5852f4811f8207a17ec1bf78\"},\"headline\":\"Manchester United &#8211; Everton 0:0\",\"datePublished\":\"2016-08-05T18:41:06+00:00\",\"dateModified\":\"2019-02-11T19:42:11+00:00\",\"mainEntityOfPage\":{\"@id\":\"https:\/\/evertonfc.cz\/index.php\/2016\/08\/05\/manchester-united-everton-00\/\"},\"wordCount\":409,\"commentCount\":0,\"publisher\":{\"@id\":\"https:\/\/evertonfc.cz\/#organization\"},\"image\":{\"@id\":\"https:\/\/evertonfc.cz\/index.php\/2016\/08\/05\/manchester-united-everton-00\/#primaryimage\"},\"thumbnailUrl\":\"https:\/\/evertonfc.cz\/wp-content\/uploads\/2019\/01\/report.jpg\",\"articleSection\":[\"Z\u00e1pasy\"],\"inLanguage\":\"cs\",\"potentialAction\":[{\"@type\":\"CommentAction\",\"name\":\"Comment\",\"target\":[\"https:\/\/evertonfc.cz\/index.php\/2016\/08\/05\/manchester-united-everton-00\/#respond\"]}]},{\"@type\":\"WebPage\",\"@id\":\"https:\/\/evertonfc.cz\/index.php\/2016\/08\/05\/manchester-united-everton-00\/\",\"url\":\"https:\/\/evertonfc.cz\/index.php\/2016\/08\/05\/manchester-united-everton-00\/\",\"name\":\"Manchester United - Everton 0:0 - Official Czech &amp; Slovak Everton Supporters&#039; Club\",\"isPartOf\":{\"@id\":\"https:\/\/evertonfc.cz\/#website\"},\"primaryImageOfPage\":{\"@id\":\"https:\/\/evertonfc.cz\/index.php\/2016\/08\/05\/manchester-united-everton-00\/#primaryimage\"},\"image\":{\"@id\":\"https:\/\/evertonfc.cz\/index.php\/2016\/08\/05\/manchester-united-everton-00\/#primaryimage\"},\"thumbnailUrl\":\"https:\/\/evertonfc.cz\/wp-content\/uploads\/2019\/01\/report.jpg\",\"datePublished\":\"2016-08-05T18:41:06+00:00\",\"dateModified\":\"2019-02-11T19:42:11+00:00\",\"breadcrumb\":{\"@id\":\"https:\/\/evertonfc.cz\/index.php\/2016\/08\/05\/manchester-united-everton-00\/#breadcrumb\"},\"inLanguage\":\"cs\",\"potentialAction\":[{\"@type\":\"ReadAction\",\"target\":[\"https:\/\/evertonfc.cz\/index.php\/2016\/08\/05\/manchester-united-everton-00\/\"]}]},{\"@type\":\"ImageObject\",\"inLanguage\":\"cs\",\"@id\":\"https:\/\/evertonfc.cz\/index.php\/2016\/08\/05\/manchester-united-everton-00\/#primaryimage\",\"url\":\"https:\/\/evertonfc.cz\/wp-content\/uploads\/2019\/01\/report.jpg\",\"contentUrl\":\"https:\/\/evertonfc.cz\/wp-content\/uploads\/2019\/01\/report.jpg\",\"width\":720,\"height\":405},{\"@type\":\"BreadcrumbList\",\"@id\":\"https:\/\/evertonfc.cz\/index.php\/2016\/08\/05\/manchester-united-everton-00\/#breadcrumb\",\"itemListElement\":[{\"@type\":\"ListItem\",\"position\":1,\"name\":\"Home\",\"item\":\"https:\/\/evertonfc.cz\/\"},{\"@type\":\"ListItem\",\"position\":2,\"name\":\"Manchester United &#8211; Everton 0:0\"}]},{\"@type\":\"WebSite\",\"@id\":\"https:\/\/evertonfc.cz\/#website\",\"url\":\"https:\/\/evertonfc.cz\/\",\"name\":\"Official Czech &amp; Slovak Everton Supporters&#039; Club\",\"description\":\"\",\"publisher\":{\"@id\":\"https:\/\/evertonfc.cz\/#organization\"},\"potentialAction\":[{\"@type\":\"SearchAction\",\"target\":{\"@type\":\"EntryPoint\",\"urlTemplate\":\"https:\/\/evertonfc.cz\/?s={search_term_string}\"},\"query-input\":{\"@type\":\"PropertyValueSpecification\",\"valueRequired\":true,\"valueName\":\"search_term_string\"}}],\"inLanguage\":\"cs\"},{\"@type\":\"Organization\",\"@id\":\"https:\/\/evertonfc.cz\/#organization\",\"name\":\"Official Czech & Slovak Everton Supporters' Club\",\"url\":\"https:\/\/evertonfc.cz\/\",\"logo\":{\"@type\":\"ImageObject\",\"inLanguage\":\"cs\",\"@id\":\"https:\/\/evertonfc.cz\/#\/schema\/logo\/image\/\",\"url\":\"https:\/\/evertonfc.cz\/wp-content\/uploads\/2019\/05\/logo.png\",\"contentUrl\":\"https:\/\/evertonfc.cz\/wp-content\/uploads\/2019\/05\/logo.png\",\"width\":112,\"height\":112,\"caption\":\"Official Czech & Slovak Everton Supporters' Club\"},\"image\":{\"@id\":\"https:\/\/evertonfc.cz\/#\/schema\/logo\/image\/\"},\"sameAs\":[\"https:\/\/www.facebook.com\/everton.fans.cz.sk\"]},{\"@type\":\"Person\",\"@id\":\"https:\/\/evertonfc.cz\/#\/schema\/person\/b30daf6a5852f4811f8207a17ec1bf78\",\"name\":\"Javor\",\"sameAs\":[\"https:\/\/x.com\/LoudinJan\"],\"url\":\"https:\/\/evertonfc.cz\/index.php\/author\/javor\/\"}]}<\/script>\n<!-- \/ Yoast SEO plugin. -->","yoast_head_json":{"title":"Manchester United - Everton 0:0 - Official Czech &amp; Slovak Everton Supporters&#039; Club","robots":{"index":"index","follow":"follow","max-snippet":"max-snippet:-1","max-image-preview":"max-image-preview:large","max-video-preview":"max-video-preview:-1"},"canonical":"https:\/\/evertonfc.cz\/index.php\/2016\/08\/05\/manchester-united-everton-00\/","og_locale":"cs_CZ","og_type":"article","og_title":"Manchester United - Everton 0:0 - Official Czech &amp; Slovak Everton Supporters&#039; Club","og_description":"Z\u00e1pas na po\u010dest Rooneyho skon\u010dil sm\u00edrn\u011b, ale Be\u0161i\u0107 se zranil na p\u016fl roku&#8230; Do prvn\u00ed \u0161ance se dostala letn\u00ed posila&hellip;","og_url":"https:\/\/evertonfc.cz\/index.php\/2016\/08\/05\/manchester-united-everton-00\/","og_site_name":"Official Czech &amp; Slovak Everton Supporters&#039; Club","article_publisher":"https:\/\/www.facebook.com\/everton.fans.cz.sk","article_published_time":"2016-08-05T18:41:06+00:00","article_modified_time":"2019-02-11T19:42:11+00:00","og_image":[{"width":720,"height":405,"url":"https:\/\/evertonfc.cz\/wp-content\/uploads\/2019\/01\/report.jpg","type":"image\/jpeg"}],"author":"Javor","twitter_card":"summary_large_image","twitter_creator":"@LoudinJan","twitter_misc":{"Napsal(a)":"Javor","Odhadovan\u00e1 doba \u010dten\u00ed":"2 minuty"},"schema":{"@context":"https:\/\/schema.org","@graph":[{"@type":"Article","@id":"https:\/\/evertonfc.cz\/index.php\/2016\/08\/05\/manchester-united-everton-00\/#article","isPartOf":{"@id":"https:\/\/evertonfc.cz\/index.php\/2016\/08\/05\/manchester-united-everton-00\/"},"author":{"name":"Javor","@id":"https:\/\/evertonfc.cz\/#\/schema\/person\/b30daf6a5852f4811f8207a17ec1bf78"},"headline":"Manchester United &#8211; Everton 0:0","datePublished":"2016-08-05T18:41:06+00:00","dateModified":"2019-02-11T19:42:11+00:00","mainEntityOfPage":{"@id":"https:\/\/evertonfc.cz\/index.php\/2016\/08\/05\/manchester-united-everton-00\/"},"wordCount":409,"commentCount":0,"publisher":{"@id":"https:\/\/evertonfc.cz\/#organization"},"image":{"@id":"https:\/\/evertonfc.cz\/index.php\/2016\/08\/05\/manchester-united-everton-00\/#primaryimage"},"thumbnailUrl":"https:\/\/evertonfc.cz\/wp-content\/uploads\/2019\/01\/report.jpg","articleSection":["Z\u00e1pasy"],"inLanguage":"cs","potentialAction":[{"@type":"CommentAction","name":"Comment","target":["https:\/\/evertonfc.cz\/index.php\/2016\/08\/05\/manchester-united-everton-00\/#respond"]}]},{"@type":"WebPage","@id":"https:\/\/evertonfc.cz\/index.php\/2016\/08\/05\/manchester-united-everton-00\/","url":"https:\/\/evertonfc.cz\/index.php\/2016\/08\/05\/manchester-united-everton-00\/","name":"Manchester United - Everton 0:0 - Official Czech &amp; Slovak Everton Supporters&#039; Club","isPartOf":{"@id":"https:\/\/evertonfc.cz\/#website"},"primaryImageOfPage":{"@id":"https:\/\/evertonfc.cz\/index.php\/2016\/08\/05\/manchester-united-everton-00\/#primaryimage"},"image":{"@id":"https:\/\/evertonfc.cz\/index.php\/2016\/08\/05\/manchester-united-everton-00\/#primaryimage"},"thumbnailUrl":"https:\/\/evertonfc.cz\/wp-content\/uploads\/2019\/01\/report.jpg","datePublished":"2016-08-05T18:41:06+00:00","dateModified":"2019-02-11T19:42:11+00:00","breadcrumb":{"@id":"https:\/\/evertonfc.cz\/index.php\/2016\/08\/05\/manchester-united-everton-00\/#breadcrumb"},"inLanguage":"cs","potentialAction":[{"@type":"ReadAction","target":["https:\/\/evertonfc.cz\/index.php\/2016\/08\/05\/manchester-united-everton-00\/"]}]},{"@type":"ImageObject","inLanguage":"cs","@id":"https:\/\/evertonfc.cz\/index.php\/2016\/08\/05\/manchester-united-everton-00\/#primaryimage","url":"https:\/\/evertonfc.cz\/wp-content\/uploads\/2019\/01\/report.jpg","contentUrl":"https:\/\/evertonfc.cz\/wp-content\/uploads\/2019\/01\/report.jpg","width":720,"height":405},{"@type":"BreadcrumbList","@id":"https:\/\/evertonfc.cz\/index.php\/2016\/08\/05\/manchester-united-everton-00\/#breadcrumb","itemListElement":[{"@type":"ListItem","position":1,"name":"Home","item":"https:\/\/evertonfc.cz\/"},{"@type":"ListItem","position":2,"name":"Manchester United &#8211; Everton 0:0"}]},{"@type":"WebSite","@id":"https:\/\/evertonfc.cz\/#website","url":"https:\/\/evertonfc.cz\/","name":"Official Czech &amp; Slovak Everton Supporters&#039; Club","description":"","publisher":{"@id":"https:\/\/evertonfc.cz\/#organization"},"potentialAction":[{"@type":"SearchAction","target":{"@type":"EntryPoint","urlTemplate":"https:\/\/evertonfc.cz\/?s={search_term_string}"},"query-input":{"@type":"PropertyValueSpecification","valueRequired":true,"valueName":"search_term_string"}}],"inLanguage":"cs"},{"@type":"Organization","@id":"https:\/\/evertonfc.cz\/#organization","name":"Official Czech & Slovak Everton Supporters' Club","url":"https:\/\/evertonfc.cz\/","logo":{"@type":"ImageObject","inLanguage":"cs","@id":"https:\/\/evertonfc.cz\/#\/schema\/logo\/image\/","url":"https:\/\/evertonfc.cz\/wp-content\/uploads\/2019\/05\/logo.png","contentUrl":"https:\/\/evertonfc.cz\/wp-content\/uploads\/2019\/05\/logo.png","width":112,"height":112,"caption":"Official Czech & Slovak Everton Supporters' Club"},"image":{"@id":"https:\/\/evertonfc.cz\/#\/schema\/logo\/image\/"},"sameAs":["https:\/\/www.facebook.com\/everton.fans.cz.sk"]},{"@type":"Person","@id":"https:\/\/evertonfc.cz\/#\/schema\/person\/b30daf6a5852f4811f8207a17ec1bf78","name":"Javor","sameAs":["https:\/\/x.com\/LoudinJan"],"url":"https:\/\/evertonfc.cz\/index.php\/author\/javor\/"}]}},"_links":{"self":[{"href":"https:\/\/evertonfc.cz\/index.php\/wp-json\/wp\/v2\/posts\/3576"}],"collection":[{"href":"https:\/\/evertonfc.cz\/index.php\/wp-json\/wp\/v2\/posts"}],"about":[{"href":"https:\/\/evertonfc.cz\/index.php\/wp-json\/wp\/v2\/types\/post"}],"author":[{"embeddable":true,"href":"https:\/\/evertonfc.cz\/index.php\/wp-json\/wp\/v2\/users\/12"}],"replies":[{"embeddable":true,"href":"https:\/\/evertonfc.cz\/index.php\/wp-json\/wp\/v2\/comments?post=3576"}],"version-history":[{"count":1,"href":"https:\/\/evertonfc.cz\/index.php\/wp-json\/wp\/v2\/posts\/3576\/revisions"}],"predecessor-version":[{"id":3577,"href":"https:\/\/evertonfc.cz\/index.php\/wp-json\/wp\/v2\/posts\/3576\/revisions\/3577"}],"wp:featuredmedia":[{"embeddable":true,"href":"https:\/\/evertonfc.cz\/index.php\/wp-json\/wp\/v2\/media\/1315"}],"wp:attachment":[{"href":"https:\/\/evertonfc.cz\/index.php\/wp-json\/wp\/v2\/media?parent=3576"}],"wp:term":[{"taxonomy":"category","embeddable":true,"href":"https:\/\/evertonfc.cz\/index.php\/wp-json\/wp\/v2\/categories?post=3576"},{"taxonomy":"post_tag","embeddable":true,"href":"https:\/\/evertonfc.cz\/index.php\/wp-json\/wp\/v2\/tags?post=3576"}],"curies":[{"name":"wp","href":"https:\/\/api.w.org\/{rel}","templated":true}]}}