{"id":3581,"date":"2010-12-10T20:46:29","date_gmt":"2010-12-10T19:46:29","guid":{"rendered":"http:\/\/evertonfc.cz\/?p=3581"},"modified":"2019-02-11T20:58:46","modified_gmt":"2019-02-11T19:58:46","slug":"preview-everton-wigan-athletic","status":"publish","type":"post","link":"https:\/\/evertonfc.cz\/index.php\/2010\/12\/10\/preview-everton-wigan-athletic\/","title":{"rendered":"Preview: Everton &#8211; Wigan Athletic"},"content":{"rendered":"<h4>Perfektn\u00ed p\u0159\u00edle\u017eitost ukon\u010dit bezm\u00e1la m\u011bs\u00edc a p\u016fl dlouh\u00fd p\u016fst bez v\u00edt\u011bzstv\u00ed se Evertonu naskytne v sobotu odpoledne. Na Goodison doraz\u00ed t\u00e1paj\u00edc\u00ed Wigan.<\/h4>\n<p>Kdo by to byl p\u0159ed sezonou \u0159ekl. Everton d\u011bl\u00ed od Wiganu pouhopouh\u00e9 dva body. Schyluje se tak ke kl\u00e1n\u00ed dvou celk\u016f, kter\u00e9 cht\u011bj\u00ed za ka\u017edou cenu naj\u00edt cestu z krize a posouvat se tabulkou. Jak letos z\u00e1pasy obou t\u00fdm\u016f prok\u00e1zaly, d\u00e1 se o\u010dek\u00e1vat snad \u00fapln\u011b cokoliv, ale jak\u00fdkoliv jin\u00fd zisk ne\u017e t\u0159\u00edbodov\u00fd, je jednozna\u010dn\u00e9 tabu.<\/p>\n<p>Pokud bychom vych\u00e1zeli z p\u0159edveden\u00e9ho v\u00fdkonu v posledn\u00edm z\u00e1pase, pak by Evertonu nemuselo d\u011blat v\u011bt\u0161\u00ed probl\u00e9m Latics p\u0159ehr\u00e1t. Na Stamford Bridge se po del\u0161\u00ed dob\u011b p\u0159edstavil star\u00fd dobr\u00fd, nikdy se nevzd\u00e1vaj\u00edc\u00ed t\u00fdm, a ve v\u00fdsledn\u00e9m sou\u010dtu to bylo zn\u00e1t. Z Lond\u00fdna si Toffees odvezli zaslou\u017een\u00fd bod. Tentokr\u00e1t v\u0161ak Everton \u010dek\u00e1 dom\u00e1c\u00ed prost\u0159ed\u00ed. Poprv\u00e9, po \u0161okuj\u00edc\u00ed n\u00e1lo\u017ei od West Bromwiche.<\/p>\n<p>A pr\u00e1v\u011b prost\u0159ed\u00ed Goodison Parku, jak se zd\u00e1, m\u00e1 na psychiku mu\u017estva tak trochu neblah\u00fd vliv. Ve v\u011bt\u0161in\u011b p\u0159\u00edpad\u016f se toti\u017e o\u010dek\u00e1v\u00e1 jist\u00e1 p\u0159edveden\u00e1 \u00farove\u0148, a t\u00edm p\u00e1dem i v\u00fdsledky. Jen\u017ee pr\u00e1v\u011b v posledn\u00edch dvou dom\u00e1c\u00edch utk\u00e1n\u00edch Everton n\u00e1tlak dom\u00e1c\u00edho publika nezvl\u00e1dl. Prohr\u00e1l s Arsenalem a o t\u00fdden pozd\u011bji pr\u00e1v\u011b s Baggies. V tuhle chv\u00edli ov\u0161em mu\u017estvo \u00fadajn\u011b poci\u0165uje pozitivn\u011b nabitou energii. Podle Phila Jagielky p\u0159edstavovala n\u00e1lo\u017e od WBA onen &#8222;turning point&#8220;, pov\u011bdom\u00fd pojem, v p\u0159edchoz\u00edch sezon\u00e1ch hojn\u011b vyu\u017e\u00edv\u00e1n pro obrat sezony k lep\u0161\u00edmu.<\/p>\n<p><em>\u201eN\u011bco muselo b\u00fdt \u0159e\u010deno, proto\u017ee sk\u00f3re i p\u0159edveden\u00fd v\u00fdkon byl hr\u016fzostra\u0161n\u00fd. V\u0161ichni jsme si pot\u0159ebovali promluvit, probrat plusy i m\u00ednusy a v\u00fdkon proti Chelsea uk\u00e1zal, \u017ee to byla spr\u00e1vn\u00e1 v\u011bc,\u201c\u00a0<\/em>informuje stoper, jen\u017e z\u00e1rove\u0148 upozor\u0148uje, \u017ee proti slab\u0161\u00edm soupe\u0159\u016fm, se letos Blues tr\u00e1p\u00ed nej\u010dast\u011bji. V leto\u0161n\u00edm ro\u010dn\u00edku Everton dokonce neporazil ani jeden z man\u010daft\u016f, kter\u00fd skon\u010dil loni na jeden\u00e1ct\u00e9 p\u0159\u00ed\u010dce a n\u00ed\u017ee.<em>\u00a0\u201eTo je\u00a0 p\u0159\u00edb\u011bh na\u0161\u00ed sezony. Porazili jsme Liverpool, remizovali s Manchesterem United, remizovali s Chelsea. Proti velk\u00fdm t\u00fdm\u016fm hrajeme dob\u0159e, proto\u017ee v\u00edme, \u017ee nejsme favorit\u00e9. Ale v\u0161echno se zasekne, kdy\u017e hrajeme proti t\u00fdm\u016fm, kter\u00e9 bychom m\u011bli por\u00e1\u017eet,\u201c<\/em>\u00a0potvrzuje Jagielka z\u00e1sadn\u00ed roli psychiky.<em>\u201eV\u00edme, co d\u011bl\u00e1me \u0161patn\u011b, prost\u011b mus\u00edme v\u0161em past\u00edm uniknout a v sobotu hr\u00e1t s takovou v\u00e1\u0161n\u00ed, jako na Stamford Bridge.\u201c<\/em><\/p>\n<p>Wigan\u0161t\u00ed Latics se v Premier League dr\u017e\u00ed ji\u017e n\u011bjak\u00fd ten p\u00e1tek. Ve\u0161ker\u00e9 indicie ov\u0161em nazna\u010duj\u00ed, \u017ee v leto\u0161n\u00ed sezon\u011b, budou m\u00edt ve Wiganu z\u00e1chran\u00e1\u0159k\u00fdch prac\u00ed a\u017e nad hlavu. Loni modrob\u00edl\u00ed utekli hrobn\u00edkovi z lopaty s komfortn\u00edm \u0161estibodov\u00fdm n\u00e1skokem, jenom\u017ee rok se s rokem se\u0161el, a prakticky v polovin\u011b leto\u0161n\u00ed sezony Latics zab\u0159edli na sestupov\u00e9 osmn\u00e1ct\u00e9 p\u0159\u00ed\u010dce. A bohu\u017eel pro wigansk\u00e9, d\u016fvod\u016f, pro\u010d by Latics r\u00e1zem m\u011bli odbo\u010dit na cestu, vedouc\u00ed k poklidn\u011bj\u0161\u00edm vod\u00e1m, zat\u00edm moc nen\u00ed.<\/p>\n<p>V\u017edy\u0165 Wigan pat\u0159\u00ed ve dvou, pon\u011bkud z\u00e1sadn\u00edch ohledech, a to v po\u010dtu nast\u0159\u00edlen\u00fdch i inkasovan\u00fdch branek, v\u016fbec k t\u011bm nejhor\u0161\u00edm mu\u017estv\u016fm cel\u00e9 soute\u017ee. St\u0159elci Latics zat\u00edm vs\u00edtili pouh\u00fdch t\u0159in\u00e1ct branek, co\u017e sta\u010d\u00ed na pr\u016fb\u011b\u017en\u00e9 posledn\u00ed m\u00edsto, zat\u00edmco g\u00f3l\u016f musel ze sv\u00e9 s\u00edt\u011b v\u00edcekr\u00e1t Wigan lovit osmadvacetkr\u00e1t; h\u016f\u0159e u\u017e je na tom jenom Blackpool. Tak trochu je tedy nasnad\u011b, \u017ee forma Latics je b\u00eddn\u00e1. Naposled sv\u011b\u0159enci Roberta Martineze vyhr\u00e1li nad West Bromwichem, a to v polovin\u011b listopadu. N\u00e1sledovaly t\u0159i prohry a posledn\u011b Wigan doma remizoval 2-2 se Stoke City. \u0160pan\u011blsk\u00fd kormideln\u00edk ve slu\u017eb\u00e1ch Wiganu nicm\u00e9n\u011b sv\u00e9mu t\u00fdmu bezmezn\u011b v\u011b\u0159\u00ed. V jeho sil\u00e1ch pr\u00fd je se z\u00e1chran\u00e1\u0159sk\u00e9mu boji vyhnout.<\/p>\n<p><em>\u201eNehled\u00e1m v\u011bt\u0161\u00ed n\u00e1vratnost bod\u016f, hled\u00e1m zp\u016fsob jak v\u00edce reflektovat na\u0161e dobr\u00e9 v\u00fdkony na sk\u00f3re,\u201c<\/em>\u00a0tvrd\u00ed Martinez.\u00a0<em>\u201eNa\u0161\u00ed obrovskou v\u00fdhodou je to, \u017ee m\u00e1me mlad\u00e9 a talentovan\u00e9 mu\u017estvo a nev\u011b\u0159\u00edme tomu, co moment\u00e1ln\u011b \u0159\u00edk\u00e1 tabulka. V\u011b\u0159\u00edme v na\u0161e schopnosti. Je d\u016fle\u017eit\u00e9, aby n\u00e1s nepohltil pesimismus, proto\u017ee rozd\u00edly na spodku tabulky jsou minim\u00e1ln\u00ed. Z\u00e1rove\u0148 n\u00e1s ale nesm\u00ed p\u0159epadnout moc optimismu, pokud se vyhoupneme na p\u00e1tou p\u0159\u00ed\u010dku od spodu. Hr\u00e1\u010di jsou zodpov\u011bdn\u00ed a dost vysp\u011bl\u00ed na to aby v\u011bd\u011bli, co je zapot\u0159eb\u00ed.\u201c<\/em><\/p>\n<p>V lo\u0148sk\u00e9 sezon\u011b Everton proti Wiganu v obou p\u0159\u00edpadech usp\u011bl t\u0159\u00edbodov\u011b. V posledn\u00edm vz\u00e1jemn\u00e9m z\u00e1pase v lednu, obstaral v\u00edt\u011bzstv\u00ed na DW Stadium Tim Cahill, a ve t\u0159et\u00edm kole Latics odjeli z Goodisonu s pr\u00e1zdnou, a\u010dkoliv sahali po bodu. \u00dasp\u011b\u0161nou penaltou v nastaven\u00ed jim ho v\u0161ak up\u0159el Leighton Baines, b\u00fdval\u00fd hr\u00e1\u010d Wiganu.<\/p>\n<h4><strong>Historie soupe\u0159e<\/strong><\/h4>\n<p>Wigan Athletic poch\u00e1z\u00ed ze stejnojmenn\u00e9ho m\u011bsta, kter\u00e9 je zn\u00e1m\u00e9 d\u00edky pr\u016fmyslu a velmi rozmanit\u00e9 kultu\u0159e. Nejobl\u00edb\u011bn\u011bj\u0161\u00edm sportem\u00a0v m\u011bst\u011b, le\u017e\u00edc\u00edm v hrabstv\u00ed Lancashire, je rugby. I proto, \u017ee je rugby ve Wiganu nejpopul\u00e1rn\u011bj\u0161\u00edm sportem, tak to fotbal m\u011bl a m\u00e1 ve m\u011bst\u011b v\u017edy t\u011b\u017ek\u00e9, tud\u00ed\u017e v\u00e1s historie (a\u017e na posledn\u00edch deset let) asi moc nezaujme.<\/p>\n<p>Samotn\u00fd klub vznikl a\u017e v roce 1932. Zpo\u010d\u00e1tku Latics hr\u00e1li jen v ni\u017e\u0161\u00edch sout\u011b\u017e\u00edch, proto se \u017e\u00e1dn\u00e9 v\u00fdznamn\u00e9 \u00fasp\u011bchy nedostavovaly. Tud\u00ed\u017e lze jako z\u00e1pis do historie z t\u00e9to doby pova\u017eovat jen v\u00edt\u011bzstv\u00ed 6:1 nad Carlisle United v r\u00e1mci FA Cupu v roce 1935, \u010di dom\u00e1c\u00ed z\u00e1pas s Hereford United, na kter\u00fd se p\u0159i\u0161lo pod\u00edvat 27 000 lid\u00ed, co\u017e je doposud nejvy\u0161\u0161\u00ed n\u00e1v\u0161t\u011bva v utk\u00e1n\u00ed dvou neligov\u00fdch t\u00fdm\u016f.<\/p>\n<p>Dal\u0161\u00ed mezn\u00edk poch\u00e1z\u00ed a\u017e z roku 1978, tehdy se stal kone\u010dn\u011b Wigan profesion\u00e1ln\u00edm klubem. I tak to ale neznamenalo \u017e\u00e1dn\u00fd velk\u00fd fotbalov\u00fd \u00fasp\u011bch, proto\u017ee\u00a0Latics se pohybovali mezi t\u0159et\u00ed a \u010dtvrtou diviz\u00ed. Zlomov\u00fd byl pro Wigan rok 1995. Klub kupuje nov\u00fd vlastn\u00edk, David Whelan, majitel obchodn\u00edho \u0159et\u011bzce JJB Sport. A nov\u00fd vlastn\u00edk\u00a0si cht\u011bl splnit sv\u016fj sen &#8211; vyt\u00e1hnout Wigan do Premier League. Samoz\u0159ejm\u011b sklidil se sm\u011bl\u00fdm c\u00edlem posm\u011bch, ten ov\u0161em brzy vzal za sv\u00e9.<\/p>\n<p>V roce 1997 Wigan vyhr\u00e1v\u00e1 4. divizi a postupuje do League One. O dva roky pozd\u011bji se t\u00fdm st\u011bhuje na nyn\u011bj\u0161\u00ed st\u00e1nek &#8211; DW Stadium. V roce 2001 se st\u00e1v\u00e1 mana\u017eerem Paul Jewell a za\u010d\u00ednat \u010darovat. Hned prvn\u00ed rok postupuje s Wiganem do Championshipu. Zde je op\u011bt \u00fasp\u011b\u0161n\u00fd, prvn\u00ed sez\u00f3nu sice skon\u010d\u00ed &#8222;jen&#8220; dva bod\u00edky od kvalifikace do Play Off, ale rok na to u\u017e p\u0159\u00edmo postupuje do Premier League. V n\u00ed mana\u017eer Paul Jewell s\u00e1z\u00ed na hv\u011bzdy za zenitem a nad\u011bjn\u00e9 mlad\u00edky. Nakonec to sta\u010d\u00ed na velmi slu\u0161n\u00e9 des\u00e1t\u00e9 m\u00edsto, ale sez\u00f3na 2005\/06 u\u017e tak \u00fasp\u011b\u0161n\u00e1 nen\u00ed, Wigan se zachr\u00e1n\u00ed jen tak tak a kon\u010d\u00ed na sedmn\u00e1ct\u00e9 p\u0159\u00ed\u010dce. Po sez\u00f3n\u011b p\u0159ich\u00e1z\u00ed rozprodej hr\u00e1\u010d\u016f a Paul Jewell rezignuje. I tak se ale Wigan v dal\u0161\u00edm ro\u010dn\u00edku PL op\u011bt zachr\u00e1n\u00ed, skon\u010d\u00ed \u010dtrn\u00e1ct\u00fd. Prvoligov\u00fd status si Latics udr\u017eeli i rok pot\u00e9.<\/p>\n<p>Mal\u00e1 zaj\u00edmavost na z\u00e1v\u011br. P\u0159ezd\u00edvka klubu, Latics, je vlastn\u011b jen zkomolenina slova Athletic. Jen\u017ee n\u011bjak se uchytila a ji\u017e z\u016fstala.<\/p>\n<h4><strong>Z\u00e1pasov\u00e1 fakta<\/strong><\/h4>\n<p>Vz\u00e1jemn\u00e1 utk\u00e1n\u00ed obou klub\u016f by se t\u00e9m\u011b\u0159 dala spo\u010d\u00edtat na prstech obou rukou. V ligov\u00e9m z\u00e1pase se Wigan proti Evertonu prvn\u011b p\u0159edstavil v roce 2005. Celkov\u011b proti sob\u011b oba celky vyb\u011bhly jeden\u00e1ctkr\u00e1t, p\u0159i\u010dem\u017e Blues zv\u00edt\u011bzili sedmkr\u00e1t a Latics dvakr\u00e1t. Posledn\u00ed prohra s Wiganem se vztahuje k listopadu 2008, kdy Latics na sv\u00e9 p\u016fd\u011b vyhr\u00e1li 1-0. Na Goodison Parku pak wigan\u0161t\u00ed jedinkr\u00e1t a naposled triumfovali v srpnu 2005.<\/p>\n<p>Barvy obou klub\u016f obl\u00e9kala p\u011bkn\u00e1 \u0159\u00e1dka fotbalist\u016f. Pokud se budeme v\u011bnovat jen t\u011bm nejzn\u00e1m\u011bj\u0161\u00edm jm\u00e9n\u016fm, pak by obranu utvo\u0159il Matt Jackson, David Unsworth nebo Leighton Baines, za nimi\u017e by v br\u00e1n\u011b st\u00e1l Carlo Nash. \u010cty\u0159\u010dlennou z\u00e1lohu by poskl\u00e1dal Mark Ward, Joe Parkinson, Kevin Kilbane a Kevin Langley. \u00dato\u010dn\u011b lad\u011bnou sestavu by pak doplnila trojice \u00fato\u010dn\u00edk\u016f ve slo\u017een\u00ed Marcus Bent, Warren Aspinall a Stuart Barlow.<\/p>\n<h4><strong>Everton<\/strong><\/h4>\n<p>Pouh\u00e9 t\u0159i v\u00fdhry, to je dosavadn\u00ed vizitka Toffees. V\u0161echny t\u0159i se nav\u00edc vm\u011bstnaly do \u0159\u00edjna, jedin\u00e9ho m\u011bs\u00edce, kter\u00fd skute\u010dn\u011b za n\u011bco st\u00e1l. Podrobn\u011b nen\u00ed t\u0159eba rozeb\u00edrat ani \u0161patnou produktivitu, ale koneckonc\u016f pro zaj\u00edmavost &#8211; na dom\u00e1c\u00ed p\u016fd\u011b Everton zat\u00edm vst\u0159elil jen deset g\u00f3l\u016f. H\u016f\u0159 na tom na sv\u00fdch h\u0159i\u0161t\u00edch je u\u017e jen Manchester City, Birmingham a Wigan; v\u0161ichni s osmi trefami. V p\u0159\u00edpad\u011b nep\u0159\u00edpustn\u00e9 prohry p\u016fjde ji\u017e o stou dom\u00e1c\u00ed por\u00e1\u017eku v Premier League.<\/p>\n<h4><strong>Wigan<\/strong><\/h4>\n<p>\u0160patnou formu Latics podtrhuje pouh\u00e1 jedna v\u00fdhra z posledn\u00edch dev\u00edti z\u00e1pas\u016f. Jde o ji\u017e zm\u00edn\u011bn\u00e9 v\u00edt\u011bzstv\u00ed nad West Bromem. Venku letos Wigan usp\u011bl takt\u00e9\u017e jednou, a to v srpnu na White Hart Lane. Jde o jedinou venkovn\u00ed v\u00fdhru z patn\u00e1cti pokus\u016f.<\/p>\n<h4><strong>Vz\u00e1jemn\u00e1 bilance<\/strong><\/h4>\n<ul>\n<li>Celkov\u011b:\u00a0\u00a0\u00a0\u00a0\u00a0\u00a0\u00a0\u00a0\u00a0\u00a0\u00a0\u00a0\u00a0\u00a0\u00a0\u00a0\u00a0\u00a0 7-2-2<\/li>\n<li>Na Goodison Parku:\u00a0\u00a0 4-1-1<\/li>\n<li>V Premier League:\u00a0\u00a0\u00a0\u00a0 4-2-2<\/li>\n<\/ul>\n<h4><strong>Absence<\/strong><\/h4>\n<p>Zran\u011bn\u00ed kotn\u00edku ji\u017e p\u0159ekonal Leon Osman, nicm\u00e9n\u011b v z\u00e1pase by se je\u0161t\u011b objevit nem\u011bl, p\u0159ek\u00e1\u017ekou je kondice. Starosti v\u0161ak nov\u011b Davidu Moyesovi p\u0159idal Steven Pienaar, jeho\u017e start je ohro\u017een kv\u016fli probl\u00e9m\u016fm s kotn\u00edkem, kter\u00fd nad\u00e1le nedovoluje nominaci Tonymu Hibbertovi. Zcela fit nen\u00ed ani John Heitinga a jeho ztuhl\u00e9 koleno. Nejist\u00e1 je tak\u00e9 \u00fa\u010dast Louise Sahy, jen\u017e si v minul\u00e9m z\u00e1pase p\u0159ivodil leh\u010d\u00ed nespecifikovan\u00e9 zran\u011bn\u00ed. Druh\u00e9 utk\u00e1n\u00ed z t\u0159\u00edz\u00e1pasov\u00e9ho distancu si odpyk\u00e1v\u00e1 Mikel Arteta.<\/p>\n<p>Wiganu nepom\u016f\u017ee Franco Di Santo s Jamesem McCarthym, oba nehraj\u00ed kv\u016fli pot\u00ed\u017e\u00edm s kotn\u00edkem. Vyklouben\u00e9 rameno ze hry vy\u0159adilo Victora Mosese a otazn\u00edk se vzn\u00e1\u0161\u00ed nad starty Emmersona Boyce a Garyho Caldwella, kter\u00e9 tr\u00e1p\u00ed podkolenn\u00ed \u0161lacha respektive stehno.<\/p>\n<p><strong>Everton:<\/strong> Howard, Mucha, Neville, Jagielka, Distin, Heitinga, Baines, Pienaar, Fellaini, Cahill, Rodwell, Anichebe, Coleman, Bilyaletdinov, Baxter, Yakubu, Beckford, Saha<\/p>\n<p><strong>Wigan:<\/strong> Al Habsi, Pollitt, Gohouri, Alcaraz, S. Caldwell, Boyce, G. Caldwell, Figueroa, Stam, N\u00b4Zogbia, Watson, Diame, Thomas, Cleverley, Boselli, McArthur, McManaman, Mustoe<\/p>\n<ul>\n<li><strong>Kdy:<\/strong>\u00a011.12. 16:00 SE\u010c<\/li>\n<li><strong>Kde:<\/strong>\u00a0Goodison Park<\/li>\n<li><strong>Rozhod\u010d\u00ed:<\/strong>\u00a0Michael Oliver<\/li>\n<\/ul>\n","protected":false},"excerpt":{"rendered":"<p>Perfektn\u00ed p\u0159\u00edle\u017eitost ukon\u010dit bezm\u00e1la m\u011bs\u00edc a p\u016fl dlouh\u00fd p\u016fst bez v\u00edt\u011bzstv\u00ed se Evertonu naskytne v sobotu odpoledne. Na Goodison doraz\u00ed&hellip;<\/p>\n","protected":false},"author":7,"featured_media":1314,"comment_status":"open","ping_status":"closed","sticky":false,"template":"","format":"standard","meta":{"_eb_attr":"","_monsterinsights_skip_tracking":false,"_monsterinsights_sitenote_active":false,"_monsterinsights_sitenote_note":"","_monsterinsights_sitenote_category":0,"footnotes":""},"categories":[4],"tags":[],"yoast_head":"<!-- This site is optimized with the Yoast SEO plugin v23.4 - https:\/\/yoast.com\/wordpress\/plugins\/seo\/ -->\n<title>Preview: Everton - Wigan Athletic - Official Czech &amp; Slovak Everton Supporters&#039; Club<\/title>\n<meta name=\"robots\" content=\"index, follow, max-snippet:-1, max-image-preview:large, max-video-preview:-1\" \/>\n<link rel=\"canonical\" href=\"https:\/\/evertonfc.cz\/index.php\/2010\/12\/10\/preview-everton-wigan-athletic\/\" \/>\n<meta property=\"og:locale\" content=\"cs_CZ\" \/>\n<meta property=\"og:type\" content=\"article\" \/>\n<meta property=\"og:title\" content=\"Preview: Everton - Wigan Athletic - Official Czech &amp; Slovak Everton Supporters&#039; Club\" \/>\n<meta property=\"og:description\" content=\"Perfektn\u00ed p\u0159\u00edle\u017eitost ukon\u010dit bezm\u00e1la m\u011bs\u00edc a p\u016fl dlouh\u00fd p\u016fst bez v\u00edt\u011bzstv\u00ed se Evertonu naskytne v sobotu odpoledne. Na Goodison doraz\u00ed&hellip;\" \/>\n<meta property=\"og:url\" content=\"https:\/\/evertonfc.cz\/index.php\/2010\/12\/10\/preview-everton-wigan-athletic\/\" \/>\n<meta property=\"og:site_name\" content=\"Official Czech &amp; Slovak Everton Supporters&#039; Club\" \/>\n<meta property=\"article:publisher\" content=\"https:\/\/www.facebook.com\/everton.fans.cz.sk\" \/>\n<meta property=\"article:published_time\" content=\"2010-12-10T19:46:29+00:00\" \/>\n<meta property=\"article:modified_time\" content=\"2019-02-11T19:58:46+00:00\" \/>\n<meta property=\"og:image\" content=\"https:\/\/evertonfc.cz\/wp-content\/uploads\/2019\/01\/preview.jpg\" \/>\n\t<meta property=\"og:image:width\" content=\"720\" \/>\n\t<meta property=\"og:image:height\" content=\"405\" \/>\n\t<meta property=\"og:image:type\" content=\"image\/jpeg\" \/>\n<meta name=\"author\" content=\"Me\u0148a\" \/>\n<meta name=\"twitter:card\" content=\"summary_large_image\" \/>\n<meta name=\"twitter:label1\" content=\"Napsal(a)\" \/>\n\t<meta name=\"twitter:data1\" content=\"Me\u0148a\" \/>\n\t<meta name=\"twitter:label2\" content=\"Odhadovan\u00e1 doba \u010dten\u00ed\" \/>\n\t<meta name=\"twitter:data2\" content=\"10 minut\" \/>\n<script type=\"application\/ld+json\" class=\"yoast-schema-graph\">{\"@context\":\"https:\/\/schema.org\",\"@graph\":[{\"@type\":\"Article\",\"@id\":\"https:\/\/evertonfc.cz\/index.php\/2010\/12\/10\/preview-everton-wigan-athletic\/#article\",\"isPartOf\":{\"@id\":\"https:\/\/evertonfc.cz\/index.php\/2010\/12\/10\/preview-everton-wigan-athletic\/\"},\"author\":{\"name\":\"Me\u0148a\",\"@id\":\"https:\/\/evertonfc.cz\/#\/schema\/person\/cd6328a75577de2add7793fd4b0930c3\"},\"headline\":\"Preview: Everton &#8211; Wigan Athletic\",\"datePublished\":\"2010-12-10T19:46:29+00:00\",\"dateModified\":\"2019-02-11T19:58:46+00:00\",\"mainEntityOfPage\":{\"@id\":\"https:\/\/evertonfc.cz\/index.php\/2010\/12\/10\/preview-everton-wigan-athletic\/\"},\"wordCount\":1938,\"commentCount\":0,\"publisher\":{\"@id\":\"https:\/\/evertonfc.cz\/#organization\"},\"image\":{\"@id\":\"https:\/\/evertonfc.cz\/index.php\/2010\/12\/10\/preview-everton-wigan-athletic\/#primaryimage\"},\"thumbnailUrl\":\"https:\/\/evertonfc.cz\/wp-content\/uploads\/2019\/01\/preview.jpg\",\"articleSection\":[\"Z\u00e1pasy\"],\"inLanguage\":\"cs\",\"potentialAction\":[{\"@type\":\"CommentAction\",\"name\":\"Comment\",\"target\":[\"https:\/\/evertonfc.cz\/index.php\/2010\/12\/10\/preview-everton-wigan-athletic\/#respond\"]}]},{\"@type\":\"WebPage\",\"@id\":\"https:\/\/evertonfc.cz\/index.php\/2010\/12\/10\/preview-everton-wigan-athletic\/\",\"url\":\"https:\/\/evertonfc.cz\/index.php\/2010\/12\/10\/preview-everton-wigan-athletic\/\",\"name\":\"Preview: Everton - Wigan Athletic - Official Czech &amp; Slovak Everton Supporters&#039; Club\",\"isPartOf\":{\"@id\":\"https:\/\/evertonfc.cz\/#website\"},\"primaryImageOfPage\":{\"@id\":\"https:\/\/evertonfc.cz\/index.php\/2010\/12\/10\/preview-everton-wigan-athletic\/#primaryimage\"},\"image\":{\"@id\":\"https:\/\/evertonfc.cz\/index.php\/2010\/12\/10\/preview-everton-wigan-athletic\/#primaryimage\"},\"thumbnailUrl\":\"https:\/\/evertonfc.cz\/wp-content\/uploads\/2019\/01\/preview.jpg\",\"datePublished\":\"2010-12-10T19:46:29+00:00\",\"dateModified\":\"2019-02-11T19:58:46+00:00\",\"breadcrumb\":{\"@id\":\"https:\/\/evertonfc.cz\/index.php\/2010\/12\/10\/preview-everton-wigan-athletic\/#breadcrumb\"},\"inLanguage\":\"cs\",\"potentialAction\":[{\"@type\":\"ReadAction\",\"target\":[\"https:\/\/evertonfc.cz\/index.php\/2010\/12\/10\/preview-everton-wigan-athletic\/\"]}]},{\"@type\":\"ImageObject\",\"inLanguage\":\"cs\",\"@id\":\"https:\/\/evertonfc.cz\/index.php\/2010\/12\/10\/preview-everton-wigan-athletic\/#primaryimage\",\"url\":\"https:\/\/evertonfc.cz\/wp-content\/uploads\/2019\/01\/preview.jpg\",\"contentUrl\":\"https:\/\/evertonfc.cz\/wp-content\/uploads\/2019\/01\/preview.jpg\",\"width\":720,\"height\":405},{\"@type\":\"BreadcrumbList\",\"@id\":\"https:\/\/evertonfc.cz\/index.php\/2010\/12\/10\/preview-everton-wigan-athletic\/#breadcrumb\",\"itemListElement\":[{\"@type\":\"ListItem\",\"position\":1,\"name\":\"Home\",\"item\":\"https:\/\/evertonfc.cz\/\"},{\"@type\":\"ListItem\",\"position\":2,\"name\":\"Preview: Everton &#8211; Wigan Athletic\"}]},{\"@type\":\"WebSite\",\"@id\":\"https:\/\/evertonfc.cz\/#website\",\"url\":\"https:\/\/evertonfc.cz\/\",\"name\":\"Official Czech &amp; Slovak Everton Supporters&#039; Club\",\"description\":\"\",\"publisher\":{\"@id\":\"https:\/\/evertonfc.cz\/#organization\"},\"potentialAction\":[{\"@type\":\"SearchAction\",\"target\":{\"@type\":\"EntryPoint\",\"urlTemplate\":\"https:\/\/evertonfc.cz\/?s={search_term_string}\"},\"query-input\":{\"@type\":\"PropertyValueSpecification\",\"valueRequired\":true,\"valueName\":\"search_term_string\"}}],\"inLanguage\":\"cs\"},{\"@type\":\"Organization\",\"@id\":\"https:\/\/evertonfc.cz\/#organization\",\"name\":\"Official Czech & Slovak Everton Supporters' Club\",\"url\":\"https:\/\/evertonfc.cz\/\",\"logo\":{\"@type\":\"ImageObject\",\"inLanguage\":\"cs\",\"@id\":\"https:\/\/evertonfc.cz\/#\/schema\/logo\/image\/\",\"url\":\"https:\/\/evertonfc.cz\/wp-content\/uploads\/2019\/05\/logo.png\",\"contentUrl\":\"https:\/\/evertonfc.cz\/wp-content\/uploads\/2019\/05\/logo.png\",\"width\":112,\"height\":112,\"caption\":\"Official Czech & Slovak Everton Supporters' Club\"},\"image\":{\"@id\":\"https:\/\/evertonfc.cz\/#\/schema\/logo\/image\/\"},\"sameAs\":[\"https:\/\/www.facebook.com\/everton.fans.cz.sk\"]},{\"@type\":\"Person\",\"@id\":\"https:\/\/evertonfc.cz\/#\/schema\/person\/cd6328a75577de2add7793fd4b0930c3\",\"name\":\"Me\u0148a\",\"url\":\"https:\/\/evertonfc.cz\/index.php\/author\/mena\/\"}]}<\/script>\n<!-- \/ Yoast SEO plugin. -->","yoast_head_json":{"title":"Preview: Everton - Wigan Athletic - Official Czech &amp; Slovak Everton Supporters&#039; Club","robots":{"index":"index","follow":"follow","max-snippet":"max-snippet:-1","max-image-preview":"max-image-preview:large","max-video-preview":"max-video-preview:-1"},"canonical":"https:\/\/evertonfc.cz\/index.php\/2010\/12\/10\/preview-everton-wigan-athletic\/","og_locale":"cs_CZ","og_type":"article","og_title":"Preview: Everton - Wigan Athletic - Official Czech &amp; Slovak Everton Supporters&#039; Club","og_description":"Perfektn\u00ed p\u0159\u00edle\u017eitost ukon\u010dit bezm\u00e1la m\u011bs\u00edc a p\u016fl dlouh\u00fd p\u016fst bez v\u00edt\u011bzstv\u00ed se Evertonu naskytne v sobotu odpoledne. Na Goodison doraz\u00ed&hellip;","og_url":"https:\/\/evertonfc.cz\/index.php\/2010\/12\/10\/preview-everton-wigan-athletic\/","og_site_name":"Official Czech &amp; Slovak Everton Supporters&#039; Club","article_publisher":"https:\/\/www.facebook.com\/everton.fans.cz.sk","article_published_time":"2010-12-10T19:46:29+00:00","article_modified_time":"2019-02-11T19:58:46+00:00","og_image":[{"width":720,"height":405,"url":"https:\/\/evertonfc.cz\/wp-content\/uploads\/2019\/01\/preview.jpg","type":"image\/jpeg"}],"author":"Me\u0148a","twitter_card":"summary_large_image","twitter_misc":{"Napsal(a)":"Me\u0148a","Odhadovan\u00e1 doba \u010dten\u00ed":"10 minut"},"schema":{"@context":"https:\/\/schema.org","@graph":[{"@type":"Article","@id":"https:\/\/evertonfc.cz\/index.php\/2010\/12\/10\/preview-everton-wigan-athletic\/#article","isPartOf":{"@id":"https:\/\/evertonfc.cz\/index.php\/2010\/12\/10\/preview-everton-wigan-athletic\/"},"author":{"name":"Me\u0148a","@id":"https:\/\/evertonfc.cz\/#\/schema\/person\/cd6328a75577de2add7793fd4b0930c3"},"headline":"Preview: Everton &#8211; Wigan Athletic","datePublished":"2010-12-10T19:46:29+00:00","dateModified":"2019-02-11T19:58:46+00:00","mainEntityOfPage":{"@id":"https:\/\/evertonfc.cz\/index.php\/2010\/12\/10\/preview-everton-wigan-athletic\/"},"wordCount":1938,"commentCount":0,"publisher":{"@id":"https:\/\/evertonfc.cz\/#organization"},"image":{"@id":"https:\/\/evertonfc.cz\/index.php\/2010\/12\/10\/preview-everton-wigan-athletic\/#primaryimage"},"thumbnailUrl":"https:\/\/evertonfc.cz\/wp-content\/uploads\/2019\/01\/preview.jpg","articleSection":["Z\u00e1pasy"],"inLanguage":"cs","potentialAction":[{"@type":"CommentAction","name":"Comment","target":["https:\/\/evertonfc.cz\/index.php\/2010\/12\/10\/preview-everton-wigan-athletic\/#respond"]}]},{"@type":"WebPage","@id":"https:\/\/evertonfc.cz\/index.php\/2010\/12\/10\/preview-everton-wigan-athletic\/","url":"https:\/\/evertonfc.cz\/index.php\/2010\/12\/10\/preview-everton-wigan-athletic\/","name":"Preview: Everton - Wigan Athletic - Official Czech &amp; Slovak Everton Supporters&#039; Club","isPartOf":{"@id":"https:\/\/evertonfc.cz\/#website"},"primaryImageOfPage":{"@id":"https:\/\/evertonfc.cz\/index.php\/2010\/12\/10\/preview-everton-wigan-athletic\/#primaryimage"},"image":{"@id":"https:\/\/evertonfc.cz\/index.php\/2010\/12\/10\/preview-everton-wigan-athletic\/#primaryimage"},"thumbnailUrl":"https:\/\/evertonfc.cz\/wp-content\/uploads\/2019\/01\/preview.jpg","datePublished":"2010-12-10T19:46:29+00:00","dateModified":"2019-02-11T19:58:46+00:00","breadcrumb":{"@id":"https:\/\/evertonfc.cz\/index.php\/2010\/12\/10\/preview-everton-wigan-athletic\/#breadcrumb"},"inLanguage":"cs","potentialAction":[{"@type":"ReadAction","target":["https:\/\/evertonfc.cz\/index.php\/2010\/12\/10\/preview-everton-wigan-athletic\/"]}]},{"@type":"ImageObject","inLanguage":"cs","@id":"https:\/\/evertonfc.cz\/index.php\/2010\/12\/10\/preview-everton-wigan-athletic\/#primaryimage","url":"https:\/\/evertonfc.cz\/wp-content\/uploads\/2019\/01\/preview.jpg","contentUrl":"https:\/\/evertonfc.cz\/wp-content\/uploads\/2019\/01\/preview.jpg","width":720,"height":405},{"@type":"BreadcrumbList","@id":"https:\/\/evertonfc.cz\/index.php\/2010\/12\/10\/preview-everton-wigan-athletic\/#breadcrumb","itemListElement":[{"@type":"ListItem","position":1,"name":"Home","item":"https:\/\/evertonfc.cz\/"},{"@type":"ListItem","position":2,"name":"Preview: Everton &#8211; Wigan Athletic"}]},{"@type":"WebSite","@id":"https:\/\/evertonfc.cz\/#website","url":"https:\/\/evertonfc.cz\/","name":"Official Czech &amp; Slovak Everton Supporters&#039; Club","description":"","publisher":{"@id":"https:\/\/evertonfc.cz\/#organization"},"potentialAction":[{"@type":"SearchAction","target":{"@type":"EntryPoint","urlTemplate":"https:\/\/evertonfc.cz\/?s={search_term_string}"},"query-input":{"@type":"PropertyValueSpecification","valueRequired":true,"valueName":"search_term_string"}}],"inLanguage":"cs"},{"@type":"Organization","@id":"https:\/\/evertonfc.cz\/#organization","name":"Official Czech & Slovak Everton Supporters' Club","url":"https:\/\/evertonfc.cz\/","logo":{"@type":"ImageObject","inLanguage":"cs","@id":"https:\/\/evertonfc.cz\/#\/schema\/logo\/image\/","url":"https:\/\/evertonfc.cz\/wp-content\/uploads\/2019\/05\/logo.png","contentUrl":"https:\/\/evertonfc.cz\/wp-content\/uploads\/2019\/05\/logo.png","width":112,"height":112,"caption":"Official Czech & Slovak Everton Supporters' Club"},"image":{"@id":"https:\/\/evertonfc.cz\/#\/schema\/logo\/image\/"},"sameAs":["https:\/\/www.facebook.com\/everton.fans.cz.sk"]},{"@type":"Person","@id":"https:\/\/evertonfc.cz\/#\/schema\/person\/cd6328a75577de2add7793fd4b0930c3","name":"Me\u0148a","url":"https:\/\/evertonfc.cz\/index.php\/author\/mena\/"}]}},"_links":{"self":[{"href":"https:\/\/evertonfc.cz\/index.php\/wp-json\/wp\/v2\/posts\/3581"}],"collection":[{"href":"https:\/\/evertonfc.cz\/index.php\/wp-json\/wp\/v2\/posts"}],"about":[{"href":"https:\/\/evertonfc.cz\/index.php\/wp-json\/wp\/v2\/types\/post"}],"author":[{"embeddable":true,"href":"https:\/\/evertonfc.cz\/index.php\/wp-json\/wp\/v2\/users\/7"}],"replies":[{"embeddable":true,"href":"https:\/\/evertonfc.cz\/index.php\/wp-json\/wp\/v2\/comments?post=3581"}],"version-history":[{"count":1,"href":"https:\/\/evertonfc.cz\/index.php\/wp-json\/wp\/v2\/posts\/3581\/revisions"}],"predecessor-version":[{"id":3598,"href":"https:\/\/evertonfc.cz\/index.php\/wp-json\/wp\/v2\/posts\/3581\/revisions\/3598"}],"wp:featuredmedia":[{"embeddable":true,"href":"https:\/\/evertonfc.cz\/index.php\/wp-json\/wp\/v2\/media\/1314"}],"wp:attachment":[{"href":"https:\/\/evertonfc.cz\/index.php\/wp-json\/wp\/v2\/media?parent=3581"}],"wp:term":[{"taxonomy":"category","embeddable":true,"href":"https:\/\/evertonfc.cz\/index.php\/wp-json\/wp\/v2\/categories?post=3581"},{"taxonomy":"post_tag","embeddable":true,"href":"https:\/\/evertonfc.cz\/index.php\/wp-json\/wp\/v2\/tags?post=3581"}],"curies":[{"name":"wp","href":"https:\/\/api.w.org\/{rel}","templated":true}]}}