{"id":3592,"date":"2016-07-12T20:54:46","date_gmt":"2016-07-12T18:54:46","guid":{"rendered":"http:\/\/evertonfc.cz\/?p=3592"},"modified":"2019-02-11T20:55:45","modified_gmt":"2019-02-11T19:55:45","slug":"tribuny-se-jmeny-velikanu","status":"publish","type":"post","link":"https:\/\/evertonfc.cz\/index.php\/2016\/07\/12\/tribuny-se-jmeny-velikanu\/","title":{"rendered":"Tribuny se jm\u00e9ny velik\u00e1n\u016f"},"content":{"rendered":"<h4 id=\"NewsPostDetailSummary\">Everton vzd\u00e1v\u00e1 hold Howardu Kendallovi a Siru Philipu Carterovi, kdy\u017e po nich pojmenoval tribuny Goodison Parku.<\/h4>\n<div id=\"NewsPostDetailContent\">\n<p>Gwladys Street End, kter\u00e1 se v\u00fdznamn\u011b poj\u00ed s polo\u010dasov\u00fdm proslovem Kendalla n\u00e1sledovan\u00e9ho obratem semifin\u00e1lov\u00e9ho z\u00e1pasu proti Bayernu Mnichov, nyn\u00ed ponese jm\u00e9no Howard Kendall Gwladys Street End. Prot\u011bj\u0161\u00ed ochozy Park Stand se nov\u011b naz\u00fdvaj\u00ed Sir Philip Carter Park Stand, inspirovan\u00e9 \u010diny nej\u00fasp\u011b\u0161n\u011bj\u0161\u00edho klubov\u00e9ho p\u0159edsedy.<\/p>\n<p>Kendall, py\u0161n\u00edc\u00ed se pro zm\u011bnu p\u0159\u00edvlastkem nej\u00fasp\u011b\u0161n\u011bj\u0161\u00edho mana\u017eera Toffees, zem\u0159el 17. listopadu minul\u00e9ho roku. Evertonians byl a je milov\u00e1n a zbo\u017e\u0148ov\u00e1n, p\u0159i\u010dem\u017e b\u011bhem utk\u00e1n\u00ed se mu dost\u00e1valo nejv\u011bt\u0161\u00ed podpory pr\u00e1v\u011b z Gwladys.<\/p>\n<p>V klubu odehr\u00e1l p\u0159es 200 st\u0159etnut\u00ed a u\u017e jako hr\u00e1\u010d se zapsal mezi elitu nos\u00edc\u00ed modr\u00fd dres. S kopa\u010dkami na nohou se stal ligov\u00fdm mistrem a \u010dlenem slavn\u00e9 Holy Trinity se spoluhr\u00e1\u010di Colinem Harveym a Alanem Ballem. Z pozici mana\u017eera vedl klub p\u0159i t\u0159ech anga\u017em\u00e1, nejv\u00edce ho proslavilo to prvn\u00ed, b\u011bhem n\u011bho\u017e dovedl mu\u017estvo k\u00a0dvou titul\u016fm v First Division a poh\u00e1r\u016fm za FA Cup a European Cup Winners\u2019 Cup (Poh\u00e1r v\u00edt\u011bz\u016f poh\u00e1r\u016f).<\/p>\n<p>V\u00a0roce 1985 Everton prohr\u00e1val 0:1 ve zm\u00edn\u011bn\u00e9m <a href=\"https:\/\/www.youtube.com\/watch?v=UtZyEvdDhMU\" target=\"_blank\" rel=\"noopener\">semifin\u00e1le PVP proti Bayernu Mnichov.<\/a> O polo\u010dasov\u00e9 p\u0159est\u00e1vce Kendall vydal jasn\u00fd pokyn ke sv\u00fdm sv\u011b\u0159enc\u016fm: <em>\u201eDosta\u0148te m\u00ed\u010d do v\u00e1pna a Gwladys u\u017e ho dotla\u010d\u00ed do br\u00e1ny.\u201d <\/em>Zbytek je historie \u2013 tedy t\u0159i g\u00f3ly v s\u00edti Bavor\u016f a postup do fin\u00e1le.<\/p>\n<p>\u017divnou p\u016fdu pro Kendallovy vav\u0159\u00edny p\u0159ipravil tehdej\u0161\u00ed p\u0159edseda Sir Philip Carter. Nutno ale p\u0159ipomenout, \u017ee \u00fasp\u011bchy se nerodily rychle a snadno. Na podzim roku 1983 p\u0159edseda podr\u017eel sv\u00e9ho mana\u017eera ve funkci, a\u010dkoliv mnoh\u00e9 hlasy siln\u011b volaly po vyhazovu, d\u016fvodem byly 2 a p\u016fl let trvaj\u00edc\u00ed nep\u0159esv\u011bd\u010div\u00e9 v\u00fdkony t\u00fdmu. Nicm\u00e9n\u011b Carter zachoval chladnou hlavu, a jak se pozd\u011bji uk\u00e1zalo, rozhodnut\u00ed bylo vizion\u00e1\u0159sk\u00e9 a naprosto kl\u00ed\u010dov\u00e9. St\u00e1lo na prahu zenitu historie Blues.<\/p>\n<p>Sir Philip fandil Evertonu od d\u011btstv\u00ed. V Goodisonu se poprv\u00e9 objevil v 70. letech, nastoupil do p\u0159edstavenstva. Pozd\u011bji pov\u00fd\u0161il na vice-p\u0159edsedu a v roce 1978 na samotn\u00e9ho p\u0159edsedu. Pod jeho veden\u00edm se Toffees dotkli sl\u00e1vy v Anglii i v Evrop\u011b. Glasgowsk\u00fd rod\u00e1k se d\u00e1le v\u00fdznamn\u00fdm d\u00edlem pod\u00edlel na zm\u011bn\u00e1ch tv\u00e1\u0159e britsk\u00e9ho fotbalu a podepsal se pod vznikem Premier League. Vliv uplatnil tak\u00e9 v samotn\u00e9m Liverpoolu, zapojil do regenerace m\u011bsta a jeho vzestupu ze \u0161edi. Hluboko do kapsy nem\u011bl ani pro charitu. Zem\u0159el ve v\u011bku 87 let dne 23. dubna 2015.<\/p>\n<\/div>\n","protected":false},"excerpt":{"rendered":"<p>Everton vzd\u00e1v\u00e1 hold Howardu Kendallovi a Siru Philipu Carterovi, kdy\u017e po nich pojmenoval tribuny Goodison Parku. Gwladys Street End, kter\u00e1&hellip;<\/p>\n","protected":false},"author":6,"featured_media":1313,"comment_status":"open","ping_status":"closed","sticky":false,"template":"","format":"standard","meta":{"_eb_attr":"","_monsterinsights_skip_tracking":false,"_monsterinsights_sitenote_active":false,"_monsterinsights_sitenote_note":"","_monsterinsights_sitenote_category":0,"footnotes":""},"categories":[42],"tags":[],"yoast_head":"<!-- This site is optimized with the Yoast SEO plugin v23.4 - https:\/\/yoast.com\/wordpress\/plugins\/seo\/ -->\n<title>Tribuny se jm\u00e9ny velik\u00e1n\u016f - Official Czech &amp; Slovak Everton Supporters&#039; Club<\/title>\n<meta name=\"robots\" content=\"index, follow, max-snippet:-1, max-image-preview:large, max-video-preview:-1\" \/>\n<link rel=\"canonical\" href=\"https:\/\/evertonfc.cz\/index.php\/2016\/07\/12\/tribuny-se-jmeny-velikanu\/\" \/>\n<meta property=\"og:locale\" content=\"cs_CZ\" \/>\n<meta property=\"og:type\" content=\"article\" \/>\n<meta property=\"og:title\" content=\"Tribuny se jm\u00e9ny velik\u00e1n\u016f - Official Czech &amp; Slovak Everton Supporters&#039; Club\" \/>\n<meta property=\"og:description\" content=\"Everton vzd\u00e1v\u00e1 hold Howardu Kendallovi a Siru Philipu Carterovi, kdy\u017e po nich pojmenoval tribuny Goodison Parku. Gwladys Street End, kter\u00e1&hellip;\" \/>\n<meta property=\"og:url\" content=\"https:\/\/evertonfc.cz\/index.php\/2016\/07\/12\/tribuny-se-jmeny-velikanu\/\" \/>\n<meta property=\"og:site_name\" content=\"Official Czech &amp; Slovak Everton Supporters&#039; Club\" \/>\n<meta property=\"article:publisher\" content=\"https:\/\/www.facebook.com\/everton.fans.cz.sk\" \/>\n<meta property=\"article:published_time\" content=\"2016-07-12T18:54:46+00:00\" \/>\n<meta property=\"article:modified_time\" content=\"2019-02-11T19:55:45+00:00\" \/>\n<meta property=\"og:image\" content=\"https:\/\/evertonfc.cz\/wp-content\/uploads\/2019\/01\/news.jpg\" \/>\n\t<meta property=\"og:image:width\" content=\"720\" \/>\n\t<meta property=\"og:image:height\" content=\"405\" \/>\n\t<meta property=\"og:image:type\" content=\"image\/jpeg\" \/>\n<meta name=\"author\" content=\"Ri\u010di\" \/>\n<meta name=\"twitter:card\" content=\"summary_large_image\" \/>\n<meta name=\"twitter:creator\" content=\"@rbrejsa\" \/>\n<meta name=\"twitter:label1\" content=\"Napsal(a)\" \/>\n\t<meta name=\"twitter:data1\" content=\"Ri\u010di\" \/>\n\t<meta name=\"twitter:label2\" content=\"Odhadovan\u00e1 doba \u010dten\u00ed\" \/>\n\t<meta name=\"twitter:data2\" content=\"2 minuty\" \/>\n<script type=\"application\/ld+json\" class=\"yoast-schema-graph\">{\"@context\":\"https:\/\/schema.org\",\"@graph\":[{\"@type\":\"Article\",\"@id\":\"https:\/\/evertonfc.cz\/index.php\/2016\/07\/12\/tribuny-se-jmeny-velikanu\/#article\",\"isPartOf\":{\"@id\":\"https:\/\/evertonfc.cz\/index.php\/2016\/07\/12\/tribuny-se-jmeny-velikanu\/\"},\"author\":{\"name\":\"Ri\u010di\",\"@id\":\"https:\/\/evertonfc.cz\/#\/schema\/person\/f7a5daedb2ffee98480bc70e191aaef1\"},\"headline\":\"Tribuny se jm\u00e9ny velik\u00e1n\u016f\",\"datePublished\":\"2016-07-12T18:54:46+00:00\",\"dateModified\":\"2019-02-11T19:55:45+00:00\",\"mainEntityOfPage\":{\"@id\":\"https:\/\/evertonfc.cz\/index.php\/2016\/07\/12\/tribuny-se-jmeny-velikanu\/\"},\"wordCount\":494,\"commentCount\":0,\"publisher\":{\"@id\":\"https:\/\/evertonfc.cz\/#organization\"},\"image\":{\"@id\":\"https:\/\/evertonfc.cz\/index.php\/2016\/07\/12\/tribuny-se-jmeny-velikanu\/#primaryimage\"},\"thumbnailUrl\":\"https:\/\/evertonfc.cz\/wp-content\/uploads\/2019\/01\/news.jpg\",\"articleSection\":[\"Aktuality\"],\"inLanguage\":\"cs\",\"potentialAction\":[{\"@type\":\"CommentAction\",\"name\":\"Comment\",\"target\":[\"https:\/\/evertonfc.cz\/index.php\/2016\/07\/12\/tribuny-se-jmeny-velikanu\/#respond\"]}]},{\"@type\":\"WebPage\",\"@id\":\"https:\/\/evertonfc.cz\/index.php\/2016\/07\/12\/tribuny-se-jmeny-velikanu\/\",\"url\":\"https:\/\/evertonfc.cz\/index.php\/2016\/07\/12\/tribuny-se-jmeny-velikanu\/\",\"name\":\"Tribuny se jm\u00e9ny velik\u00e1n\u016f - Official Czech &amp; Slovak Everton Supporters&#039; Club\",\"isPartOf\":{\"@id\":\"https:\/\/evertonfc.cz\/#website\"},\"primaryImageOfPage\":{\"@id\":\"https:\/\/evertonfc.cz\/index.php\/2016\/07\/12\/tribuny-se-jmeny-velikanu\/#primaryimage\"},\"image\":{\"@id\":\"https:\/\/evertonfc.cz\/index.php\/2016\/07\/12\/tribuny-se-jmeny-velikanu\/#primaryimage\"},\"thumbnailUrl\":\"https:\/\/evertonfc.cz\/wp-content\/uploads\/2019\/01\/news.jpg\",\"datePublished\":\"2016-07-12T18:54:46+00:00\",\"dateModified\":\"2019-02-11T19:55:45+00:00\",\"breadcrumb\":{\"@id\":\"https:\/\/evertonfc.cz\/index.php\/2016\/07\/12\/tribuny-se-jmeny-velikanu\/#breadcrumb\"},\"inLanguage\":\"cs\",\"potentialAction\":[{\"@type\":\"ReadAction\",\"target\":[\"https:\/\/evertonfc.cz\/index.php\/2016\/07\/12\/tribuny-se-jmeny-velikanu\/\"]}]},{\"@type\":\"ImageObject\",\"inLanguage\":\"cs\",\"@id\":\"https:\/\/evertonfc.cz\/index.php\/2016\/07\/12\/tribuny-se-jmeny-velikanu\/#primaryimage\",\"url\":\"https:\/\/evertonfc.cz\/wp-content\/uploads\/2019\/01\/news.jpg\",\"contentUrl\":\"https:\/\/evertonfc.cz\/wp-content\/uploads\/2019\/01\/news.jpg\",\"width\":720,\"height\":405},{\"@type\":\"BreadcrumbList\",\"@id\":\"https:\/\/evertonfc.cz\/index.php\/2016\/07\/12\/tribuny-se-jmeny-velikanu\/#breadcrumb\",\"itemListElement\":[{\"@type\":\"ListItem\",\"position\":1,\"name\":\"Home\",\"item\":\"https:\/\/evertonfc.cz\/\"},{\"@type\":\"ListItem\",\"position\":2,\"name\":\"Tribuny se jm\u00e9ny velik\u00e1n\u016f\"}]},{\"@type\":\"WebSite\",\"@id\":\"https:\/\/evertonfc.cz\/#website\",\"url\":\"https:\/\/evertonfc.cz\/\",\"name\":\"Official Czech &amp; Slovak Everton Supporters&#039; Club\",\"description\":\"\",\"publisher\":{\"@id\":\"https:\/\/evertonfc.cz\/#organization\"},\"potentialAction\":[{\"@type\":\"SearchAction\",\"target\":{\"@type\":\"EntryPoint\",\"urlTemplate\":\"https:\/\/evertonfc.cz\/?s={search_term_string}\"},\"query-input\":{\"@type\":\"PropertyValueSpecification\",\"valueRequired\":true,\"valueName\":\"search_term_string\"}}],\"inLanguage\":\"cs\"},{\"@type\":\"Organization\",\"@id\":\"https:\/\/evertonfc.cz\/#organization\",\"name\":\"Official Czech & Slovak Everton Supporters' Club\",\"url\":\"https:\/\/evertonfc.cz\/\",\"logo\":{\"@type\":\"ImageObject\",\"inLanguage\":\"cs\",\"@id\":\"https:\/\/evertonfc.cz\/#\/schema\/logo\/image\/\",\"url\":\"https:\/\/evertonfc.cz\/wp-content\/uploads\/2019\/05\/logo.png\",\"contentUrl\":\"https:\/\/evertonfc.cz\/wp-content\/uploads\/2019\/05\/logo.png\",\"width\":112,\"height\":112,\"caption\":\"Official Czech & Slovak Everton Supporters' Club\"},\"image\":{\"@id\":\"https:\/\/evertonfc.cz\/#\/schema\/logo\/image\/\"},\"sameAs\":[\"https:\/\/www.facebook.com\/everton.fans.cz.sk\"]},{\"@type\":\"Person\",\"@id\":\"https:\/\/evertonfc.cz\/#\/schema\/person\/f7a5daedb2ffee98480bc70e191aaef1\",\"name\":\"Ri\u010di\",\"sameAs\":[\"https:\/\/x.com\/rbrejsa\"],\"url\":\"https:\/\/evertonfc.cz\/index.php\/author\/rici\/\"}]}<\/script>\n<!-- \/ Yoast SEO plugin. -->","yoast_head_json":{"title":"Tribuny se jm\u00e9ny velik\u00e1n\u016f - Official Czech &amp; Slovak Everton Supporters&#039; Club","robots":{"index":"index","follow":"follow","max-snippet":"max-snippet:-1","max-image-preview":"max-image-preview:large","max-video-preview":"max-video-preview:-1"},"canonical":"https:\/\/evertonfc.cz\/index.php\/2016\/07\/12\/tribuny-se-jmeny-velikanu\/","og_locale":"cs_CZ","og_type":"article","og_title":"Tribuny se jm\u00e9ny velik\u00e1n\u016f - Official Czech &amp; Slovak Everton Supporters&#039; Club","og_description":"Everton vzd\u00e1v\u00e1 hold Howardu Kendallovi a Siru Philipu Carterovi, kdy\u017e po nich pojmenoval tribuny Goodison Parku. Gwladys Street End, kter\u00e1&hellip;","og_url":"https:\/\/evertonfc.cz\/index.php\/2016\/07\/12\/tribuny-se-jmeny-velikanu\/","og_site_name":"Official Czech &amp; Slovak Everton Supporters&#039; Club","article_publisher":"https:\/\/www.facebook.com\/everton.fans.cz.sk","article_published_time":"2016-07-12T18:54:46+00:00","article_modified_time":"2019-02-11T19:55:45+00:00","og_image":[{"width":720,"height":405,"url":"https:\/\/evertonfc.cz\/wp-content\/uploads\/2019\/01\/news.jpg","type":"image\/jpeg"}],"author":"Ri\u010di","twitter_card":"summary_large_image","twitter_creator":"@rbrejsa","twitter_misc":{"Napsal(a)":"Ri\u010di","Odhadovan\u00e1 doba \u010dten\u00ed":"2 minuty"},"schema":{"@context":"https:\/\/schema.org","@graph":[{"@type":"Article","@id":"https:\/\/evertonfc.cz\/index.php\/2016\/07\/12\/tribuny-se-jmeny-velikanu\/#article","isPartOf":{"@id":"https:\/\/evertonfc.cz\/index.php\/2016\/07\/12\/tribuny-se-jmeny-velikanu\/"},"author":{"name":"Ri\u010di","@id":"https:\/\/evertonfc.cz\/#\/schema\/person\/f7a5daedb2ffee98480bc70e191aaef1"},"headline":"Tribuny se jm\u00e9ny velik\u00e1n\u016f","datePublished":"2016-07-12T18:54:46+00:00","dateModified":"2019-02-11T19:55:45+00:00","mainEntityOfPage":{"@id":"https:\/\/evertonfc.cz\/index.php\/2016\/07\/12\/tribuny-se-jmeny-velikanu\/"},"wordCount":494,"commentCount":0,"publisher":{"@id":"https:\/\/evertonfc.cz\/#organization"},"image":{"@id":"https:\/\/evertonfc.cz\/index.php\/2016\/07\/12\/tribuny-se-jmeny-velikanu\/#primaryimage"},"thumbnailUrl":"https:\/\/evertonfc.cz\/wp-content\/uploads\/2019\/01\/news.jpg","articleSection":["Aktuality"],"inLanguage":"cs","potentialAction":[{"@type":"CommentAction","name":"Comment","target":["https:\/\/evertonfc.cz\/index.php\/2016\/07\/12\/tribuny-se-jmeny-velikanu\/#respond"]}]},{"@type":"WebPage","@id":"https:\/\/evertonfc.cz\/index.php\/2016\/07\/12\/tribuny-se-jmeny-velikanu\/","url":"https:\/\/evertonfc.cz\/index.php\/2016\/07\/12\/tribuny-se-jmeny-velikanu\/","name":"Tribuny se jm\u00e9ny velik\u00e1n\u016f - Official Czech &amp; Slovak Everton Supporters&#039; Club","isPartOf":{"@id":"https:\/\/evertonfc.cz\/#website"},"primaryImageOfPage":{"@id":"https:\/\/evertonfc.cz\/index.php\/2016\/07\/12\/tribuny-se-jmeny-velikanu\/#primaryimage"},"image":{"@id":"https:\/\/evertonfc.cz\/index.php\/2016\/07\/12\/tribuny-se-jmeny-velikanu\/#primaryimage"},"thumbnailUrl":"https:\/\/evertonfc.cz\/wp-content\/uploads\/2019\/01\/news.jpg","datePublished":"2016-07-12T18:54:46+00:00","dateModified":"2019-02-11T19:55:45+00:00","breadcrumb":{"@id":"https:\/\/evertonfc.cz\/index.php\/2016\/07\/12\/tribuny-se-jmeny-velikanu\/#breadcrumb"},"inLanguage":"cs","potentialAction":[{"@type":"ReadAction","target":["https:\/\/evertonfc.cz\/index.php\/2016\/07\/12\/tribuny-se-jmeny-velikanu\/"]}]},{"@type":"ImageObject","inLanguage":"cs","@id":"https:\/\/evertonfc.cz\/index.php\/2016\/07\/12\/tribuny-se-jmeny-velikanu\/#primaryimage","url":"https:\/\/evertonfc.cz\/wp-content\/uploads\/2019\/01\/news.jpg","contentUrl":"https:\/\/evertonfc.cz\/wp-content\/uploads\/2019\/01\/news.jpg","width":720,"height":405},{"@type":"BreadcrumbList","@id":"https:\/\/evertonfc.cz\/index.php\/2016\/07\/12\/tribuny-se-jmeny-velikanu\/#breadcrumb","itemListElement":[{"@type":"ListItem","position":1,"name":"Home","item":"https:\/\/evertonfc.cz\/"},{"@type":"ListItem","position":2,"name":"Tribuny se jm\u00e9ny velik\u00e1n\u016f"}]},{"@type":"WebSite","@id":"https:\/\/evertonfc.cz\/#website","url":"https:\/\/evertonfc.cz\/","name":"Official Czech &amp; Slovak Everton Supporters&#039; Club","description":"","publisher":{"@id":"https:\/\/evertonfc.cz\/#organization"},"potentialAction":[{"@type":"SearchAction","target":{"@type":"EntryPoint","urlTemplate":"https:\/\/evertonfc.cz\/?s={search_term_string}"},"query-input":{"@type":"PropertyValueSpecification","valueRequired":true,"valueName":"search_term_string"}}],"inLanguage":"cs"},{"@type":"Organization","@id":"https:\/\/evertonfc.cz\/#organization","name":"Official Czech & Slovak Everton Supporters' Club","url":"https:\/\/evertonfc.cz\/","logo":{"@type":"ImageObject","inLanguage":"cs","@id":"https:\/\/evertonfc.cz\/#\/schema\/logo\/image\/","url":"https:\/\/evertonfc.cz\/wp-content\/uploads\/2019\/05\/logo.png","contentUrl":"https:\/\/evertonfc.cz\/wp-content\/uploads\/2019\/05\/logo.png","width":112,"height":112,"caption":"Official Czech & Slovak Everton Supporters' Club"},"image":{"@id":"https:\/\/evertonfc.cz\/#\/schema\/logo\/image\/"},"sameAs":["https:\/\/www.facebook.com\/everton.fans.cz.sk"]},{"@type":"Person","@id":"https:\/\/evertonfc.cz\/#\/schema\/person\/f7a5daedb2ffee98480bc70e191aaef1","name":"Ri\u010di","sameAs":["https:\/\/x.com\/rbrejsa"],"url":"https:\/\/evertonfc.cz\/index.php\/author\/rici\/"}]}},"_links":{"self":[{"href":"https:\/\/evertonfc.cz\/index.php\/wp-json\/wp\/v2\/posts\/3592"}],"collection":[{"href":"https:\/\/evertonfc.cz\/index.php\/wp-json\/wp\/v2\/posts"}],"about":[{"href":"https:\/\/evertonfc.cz\/index.php\/wp-json\/wp\/v2\/types\/post"}],"author":[{"embeddable":true,"href":"https:\/\/evertonfc.cz\/index.php\/wp-json\/wp\/v2\/users\/6"}],"replies":[{"embeddable":true,"href":"https:\/\/evertonfc.cz\/index.php\/wp-json\/wp\/v2\/comments?post=3592"}],"version-history":[{"count":1,"href":"https:\/\/evertonfc.cz\/index.php\/wp-json\/wp\/v2\/posts\/3592\/revisions"}],"predecessor-version":[{"id":3593,"href":"https:\/\/evertonfc.cz\/index.php\/wp-json\/wp\/v2\/posts\/3592\/revisions\/3593"}],"wp:featuredmedia":[{"embeddable":true,"href":"https:\/\/evertonfc.cz\/index.php\/wp-json\/wp\/v2\/media\/1313"}],"wp:attachment":[{"href":"https:\/\/evertonfc.cz\/index.php\/wp-json\/wp\/v2\/media?parent=3592"}],"wp:term":[{"taxonomy":"category","embeddable":true,"href":"https:\/\/evertonfc.cz\/index.php\/wp-json\/wp\/v2\/categories?post=3592"},{"taxonomy":"post_tag","embeddable":true,"href":"https:\/\/evertonfc.cz\/index.php\/wp-json\/wp\/v2\/tags?post=3592"}],"curies":[{"name":"wp","href":"https:\/\/api.w.org\/{rel}","templated":true}]}}