{"id":3596,"date":"2016-07-10T20:57:38","date_gmt":"2016-07-10T18:57:38","guid":{"rendered":"http:\/\/evertonfc.cz\/?p=3596"},"modified":"2019-02-11T23:08:46","modified_gmt":"2019-02-11T22:08:46","slug":"koeman-pocita-s-mladiky","status":"publish","type":"post","link":"https:\/\/evertonfc.cz\/index.php\/2016\/07\/10\/koeman-pocita-s-mladiky\/","title":{"rendered":"Koeman po\u010d\u00edt\u00e1 s mlad\u00edky"},"content":{"rendered":"<h4 id=\"NewsPostDetailSummary\">Ronald Koeman by r\u00e1d vytvo\u0159il konkurenceschopn\u00e9 mu\u017estvo, v n\u011bm\u017e budou hr\u00e1t roli posily, ale tak\u00e9 vlastn\u00ed talentovan\u00ed fotbalist\u00e9.<\/h4>\n<div id=\"NewsPostDetailContent\">\n<p>Nov\u00fd mana\u017eer Everton m\u00e1 za sebou prvn\u00ed t\u00fdden na Finch Farm. Na startu letn\u00ed p\u0159\u00edpravy d\u00e1v\u00e1 \u0161anci i n\u011bkolika mlad\u00edk\u016fm, kte\u0159\u00ed se mohou dostat a\u017e do k\u00e1dru pro ligu. <em>\u201eChci d\u00e1vat \u0161anci produkt\u016fm na\u0161\u00ed akademie, s touto filozofi\u00ed jsem p\u0159i\u0161el do klubu.<\/em><\/p>\n<p><em>Py\u0161n\u00edme se skv\u011blou akademi\u00ed. Ano, pochopiteln\u011b m\u016f\u017eeme nakupovat, ale nejlep\u0161\u00ed je s\u00e1zet na vlastn\u00ed nad\u011bjn\u00e9 hr\u00e1\u010de. Pokud kluci budou tvrd\u011b d\u0159\u00edt a budou opravdu talentov\u00e1n\u00ed, \u0161ance v prvn\u00edm mu\u017estvu je nemine. P\u0159\u00edle\u017eitost dostat se do \u00e1\u010dka bude pro v\u0161echny p\u0159edstavovat obrovskou motivaci do dal\u0161\u00edch pr\u00e1ce.\u00a0<\/em><em>V\u00edme, \u017ee se po\u010d\u00edtaj\u00ed pouze v\u00fdhry, ale jestli\u017ee jich dos\u00e1hneme s vlastn\u00edmi chlapci z akademie, budou je\u0161t\u011b slad\u0161\u00ed,\u201d<\/em> prozradil Koeman.<\/p>\n<p>Blues nyn\u00ed odcestuj\u00ed na t\u00fddenn\u00ed tr\u00e9ninkov\u00fd kemp do Rakouska. Krom\u011b intenzivn\u011bj\u0161\u00edch fyzick\u00fdch jednotek, jak avizoval kondi\u010dn\u00ed kou\u010d Jan Kluitenberg, je rovn\u011b\u017e napl\u00e1nov\u00e1n duel za zav\u0159en\u00fdmi dve\u0159mi a Koeman hlavn\u011b v\u00edt\u00e1 dal\u0161\u00ed spole\u010dn\u00fd \u010das p\u0159i seznamov\u00e1n\u00ed. <em>\u201eJe stra\u0161n\u011b d\u016fle\u017eit\u00e9, abychom se navz\u00e1jem dob\u0159e o\u0165ukali. Hr\u00e1\u010di mus\u00ed poznat metody realiza\u010dn\u00edho t\u00fdmu a my, tren\u00e9\u0159i, zase mus\u00edme nakouknout do jejich charakter\u016f.\u201d<\/em><\/p>\n<p>Soust\u0159ed\u011bn\u00ed v Alp\u00e1ch se nez\u00fa\u010dastn\u00ed reprezentanti z Mistrovstv\u00ed Evropy &#8211; John Stones, Seamus Coleman, James McCarthy, Aiden McGeady, Ross Barkley, Shani Tarashaj a Romelu Lukaku.<\/p>\n<h4><strong>Program p\u0159\u00edpravn\u00fdch z\u00e1pas\u016f<\/strong><\/h4>\n<p>23.7. 16:00 Barnsley (v)<br \/>\n26.7. 20:45 MK Dons (v)<br \/>\n<em>Dresden Cup<\/em> &#8211; 29.7. 20:30 Dynamo Dresden, 30.7. 13:30 Real Betis\/Werder Br\u00e9my<br \/>\n3.8. 21:00 Manchester United (v)<br \/>\n6.8. 16:00 Espanyol (d)<\/p>\n<p>1. kolo Premier League &#8211; 13.8. 16:00 Tottenham Hotspur (d)<\/p>\n<\/div>\n","protected":false},"excerpt":{"rendered":"<p>Ronald Koeman by r\u00e1d vytvo\u0159il konkurenceschopn\u00e9 mu\u017estvo, v n\u011bm\u017e budou hr\u00e1t roli posily, ale tak\u00e9 vlastn\u00ed talentovan\u00ed fotbalist\u00e9. Nov\u00fd mana\u017eer&hellip;<\/p>\n","protected":false},"author":6,"featured_media":1313,"comment_status":"open","ping_status":"closed","sticky":false,"template":"","format":"standard","meta":{"_eb_attr":"","_monsterinsights_skip_tracking":false,"_monsterinsights_sitenote_active":false,"_monsterinsights_sitenote_note":"","_monsterinsights_sitenote_category":0,"footnotes":""},"categories":[42],"tags":[],"yoast_head":"<!-- This site is optimized with the Yoast SEO plugin v23.4 - https:\/\/yoast.com\/wordpress\/plugins\/seo\/ -->\n<title>Koeman po\u010d\u00edt\u00e1 s mlad\u00edky - Official Czech &amp; Slovak Everton Supporters&#039; Club<\/title>\n<meta name=\"robots\" content=\"index, follow, max-snippet:-1, max-image-preview:large, max-video-preview:-1\" \/>\n<link rel=\"canonical\" href=\"https:\/\/evertonfc.cz\/index.php\/2016\/07\/10\/koeman-pocita-s-mladiky\/\" \/>\n<meta property=\"og:locale\" content=\"cs_CZ\" \/>\n<meta property=\"og:type\" content=\"article\" \/>\n<meta property=\"og:title\" content=\"Koeman po\u010d\u00edt\u00e1 s mlad\u00edky - Official Czech &amp; Slovak Everton Supporters&#039; Club\" \/>\n<meta property=\"og:description\" content=\"Ronald Koeman by r\u00e1d vytvo\u0159il konkurenceschopn\u00e9 mu\u017estvo, v n\u011bm\u017e budou hr\u00e1t roli posily, ale tak\u00e9 vlastn\u00ed talentovan\u00ed fotbalist\u00e9. Nov\u00fd mana\u017eer&hellip;\" \/>\n<meta property=\"og:url\" content=\"https:\/\/evertonfc.cz\/index.php\/2016\/07\/10\/koeman-pocita-s-mladiky\/\" \/>\n<meta property=\"og:site_name\" content=\"Official Czech &amp; Slovak Everton Supporters&#039; Club\" \/>\n<meta property=\"article:publisher\" content=\"https:\/\/www.facebook.com\/everton.fans.cz.sk\" \/>\n<meta property=\"article:published_time\" content=\"2016-07-10T18:57:38+00:00\" \/>\n<meta property=\"article:modified_time\" content=\"2019-02-11T22:08:46+00:00\" \/>\n<meta property=\"og:image\" content=\"https:\/\/evertonfc.cz\/wp-content\/uploads\/2019\/01\/news.jpg\" \/>\n\t<meta property=\"og:image:width\" content=\"720\" \/>\n\t<meta property=\"og:image:height\" content=\"405\" \/>\n\t<meta property=\"og:image:type\" content=\"image\/jpeg\" \/>\n<meta name=\"author\" content=\"Ri\u010di\" \/>\n<meta name=\"twitter:card\" content=\"summary_large_image\" \/>\n<meta name=\"twitter:creator\" content=\"@rbrejsa\" \/>\n<meta name=\"twitter:label1\" content=\"Napsal(a)\" \/>\n\t<meta name=\"twitter:data1\" content=\"Ri\u010di\" \/>\n\t<meta name=\"twitter:label2\" content=\"Odhadovan\u00e1 doba \u010dten\u00ed\" \/>\n\t<meta name=\"twitter:data2\" content=\"2 minuty\" \/>\n<script type=\"application\/ld+json\" class=\"yoast-schema-graph\">{\"@context\":\"https:\/\/schema.org\",\"@graph\":[{\"@type\":\"Article\",\"@id\":\"https:\/\/evertonfc.cz\/index.php\/2016\/07\/10\/koeman-pocita-s-mladiky\/#article\",\"isPartOf\":{\"@id\":\"https:\/\/evertonfc.cz\/index.php\/2016\/07\/10\/koeman-pocita-s-mladiky\/\"},\"author\":{\"name\":\"Ri\u010di\",\"@id\":\"https:\/\/evertonfc.cz\/#\/schema\/person\/f7a5daedb2ffee98480bc70e191aaef1\"},\"headline\":\"Koeman po\u010d\u00edt\u00e1 s mlad\u00edky\",\"datePublished\":\"2016-07-10T18:57:38+00:00\",\"dateModified\":\"2019-02-11T22:08:46+00:00\",\"mainEntityOfPage\":{\"@id\":\"https:\/\/evertonfc.cz\/index.php\/2016\/07\/10\/koeman-pocita-s-mladiky\/\"},\"wordCount\":319,\"commentCount\":0,\"publisher\":{\"@id\":\"https:\/\/evertonfc.cz\/#organization\"},\"image\":{\"@id\":\"https:\/\/evertonfc.cz\/index.php\/2016\/07\/10\/koeman-pocita-s-mladiky\/#primaryimage\"},\"thumbnailUrl\":\"https:\/\/evertonfc.cz\/wp-content\/uploads\/2019\/01\/news.jpg\",\"articleSection\":[\"Aktuality\"],\"inLanguage\":\"cs\",\"potentialAction\":[{\"@type\":\"CommentAction\",\"name\":\"Comment\",\"target\":[\"https:\/\/evertonfc.cz\/index.php\/2016\/07\/10\/koeman-pocita-s-mladiky\/#respond\"]}]},{\"@type\":\"WebPage\",\"@id\":\"https:\/\/evertonfc.cz\/index.php\/2016\/07\/10\/koeman-pocita-s-mladiky\/\",\"url\":\"https:\/\/evertonfc.cz\/index.php\/2016\/07\/10\/koeman-pocita-s-mladiky\/\",\"name\":\"Koeman po\u010d\u00edt\u00e1 s mlad\u00edky - Official Czech &amp; Slovak Everton Supporters&#039; Club\",\"isPartOf\":{\"@id\":\"https:\/\/evertonfc.cz\/#website\"},\"primaryImageOfPage\":{\"@id\":\"https:\/\/evertonfc.cz\/index.php\/2016\/07\/10\/koeman-pocita-s-mladiky\/#primaryimage\"},\"image\":{\"@id\":\"https:\/\/evertonfc.cz\/index.php\/2016\/07\/10\/koeman-pocita-s-mladiky\/#primaryimage\"},\"thumbnailUrl\":\"https:\/\/evertonfc.cz\/wp-content\/uploads\/2019\/01\/news.jpg\",\"datePublished\":\"2016-07-10T18:57:38+00:00\",\"dateModified\":\"2019-02-11T22:08:46+00:00\",\"breadcrumb\":{\"@id\":\"https:\/\/evertonfc.cz\/index.php\/2016\/07\/10\/koeman-pocita-s-mladiky\/#breadcrumb\"},\"inLanguage\":\"cs\",\"potentialAction\":[{\"@type\":\"ReadAction\",\"target\":[\"https:\/\/evertonfc.cz\/index.php\/2016\/07\/10\/koeman-pocita-s-mladiky\/\"]}]},{\"@type\":\"ImageObject\",\"inLanguage\":\"cs\",\"@id\":\"https:\/\/evertonfc.cz\/index.php\/2016\/07\/10\/koeman-pocita-s-mladiky\/#primaryimage\",\"url\":\"https:\/\/evertonfc.cz\/wp-content\/uploads\/2019\/01\/news.jpg\",\"contentUrl\":\"https:\/\/evertonfc.cz\/wp-content\/uploads\/2019\/01\/news.jpg\",\"width\":720,\"height\":405},{\"@type\":\"BreadcrumbList\",\"@id\":\"https:\/\/evertonfc.cz\/index.php\/2016\/07\/10\/koeman-pocita-s-mladiky\/#breadcrumb\",\"itemListElement\":[{\"@type\":\"ListItem\",\"position\":1,\"name\":\"Home\",\"item\":\"https:\/\/evertonfc.cz\/\"},{\"@type\":\"ListItem\",\"position\":2,\"name\":\"Koeman po\u010d\u00edt\u00e1 s mlad\u00edky\"}]},{\"@type\":\"WebSite\",\"@id\":\"https:\/\/evertonfc.cz\/#website\",\"url\":\"https:\/\/evertonfc.cz\/\",\"name\":\"Official Czech &amp; Slovak Everton Supporters&#039; Club\",\"description\":\"\",\"publisher\":{\"@id\":\"https:\/\/evertonfc.cz\/#organization\"},\"potentialAction\":[{\"@type\":\"SearchAction\",\"target\":{\"@type\":\"EntryPoint\",\"urlTemplate\":\"https:\/\/evertonfc.cz\/?s={search_term_string}\"},\"query-input\":{\"@type\":\"PropertyValueSpecification\",\"valueRequired\":true,\"valueName\":\"search_term_string\"}}],\"inLanguage\":\"cs\"},{\"@type\":\"Organization\",\"@id\":\"https:\/\/evertonfc.cz\/#organization\",\"name\":\"Official Czech & Slovak Everton Supporters' Club\",\"url\":\"https:\/\/evertonfc.cz\/\",\"logo\":{\"@type\":\"ImageObject\",\"inLanguage\":\"cs\",\"@id\":\"https:\/\/evertonfc.cz\/#\/schema\/logo\/image\/\",\"url\":\"https:\/\/evertonfc.cz\/wp-content\/uploads\/2019\/05\/logo.png\",\"contentUrl\":\"https:\/\/evertonfc.cz\/wp-content\/uploads\/2019\/05\/logo.png\",\"width\":112,\"height\":112,\"caption\":\"Official Czech & Slovak Everton Supporters' Club\"},\"image\":{\"@id\":\"https:\/\/evertonfc.cz\/#\/schema\/logo\/image\/\"},\"sameAs\":[\"https:\/\/www.facebook.com\/everton.fans.cz.sk\"]},{\"@type\":\"Person\",\"@id\":\"https:\/\/evertonfc.cz\/#\/schema\/person\/f7a5daedb2ffee98480bc70e191aaef1\",\"name\":\"Ri\u010di\",\"sameAs\":[\"https:\/\/x.com\/rbrejsa\"],\"url\":\"https:\/\/evertonfc.cz\/index.php\/author\/rici\/\"}]}<\/script>\n<!-- \/ Yoast SEO plugin. -->","yoast_head_json":{"title":"Koeman po\u010d\u00edt\u00e1 s mlad\u00edky - Official Czech &amp; Slovak Everton Supporters&#039; Club","robots":{"index":"index","follow":"follow","max-snippet":"max-snippet:-1","max-image-preview":"max-image-preview:large","max-video-preview":"max-video-preview:-1"},"canonical":"https:\/\/evertonfc.cz\/index.php\/2016\/07\/10\/koeman-pocita-s-mladiky\/","og_locale":"cs_CZ","og_type":"article","og_title":"Koeman po\u010d\u00edt\u00e1 s mlad\u00edky - Official Czech &amp; Slovak Everton Supporters&#039; Club","og_description":"Ronald Koeman by r\u00e1d vytvo\u0159il konkurenceschopn\u00e9 mu\u017estvo, v n\u011bm\u017e budou hr\u00e1t roli posily, ale tak\u00e9 vlastn\u00ed talentovan\u00ed fotbalist\u00e9. Nov\u00fd mana\u017eer&hellip;","og_url":"https:\/\/evertonfc.cz\/index.php\/2016\/07\/10\/koeman-pocita-s-mladiky\/","og_site_name":"Official Czech &amp; Slovak Everton Supporters&#039; Club","article_publisher":"https:\/\/www.facebook.com\/everton.fans.cz.sk","article_published_time":"2016-07-10T18:57:38+00:00","article_modified_time":"2019-02-11T22:08:46+00:00","og_image":[{"width":720,"height":405,"url":"https:\/\/evertonfc.cz\/wp-content\/uploads\/2019\/01\/news.jpg","type":"image\/jpeg"}],"author":"Ri\u010di","twitter_card":"summary_large_image","twitter_creator":"@rbrejsa","twitter_misc":{"Napsal(a)":"Ri\u010di","Odhadovan\u00e1 doba \u010dten\u00ed":"2 minuty"},"schema":{"@context":"https:\/\/schema.org","@graph":[{"@type":"Article","@id":"https:\/\/evertonfc.cz\/index.php\/2016\/07\/10\/koeman-pocita-s-mladiky\/#article","isPartOf":{"@id":"https:\/\/evertonfc.cz\/index.php\/2016\/07\/10\/koeman-pocita-s-mladiky\/"},"author":{"name":"Ri\u010di","@id":"https:\/\/evertonfc.cz\/#\/schema\/person\/f7a5daedb2ffee98480bc70e191aaef1"},"headline":"Koeman po\u010d\u00edt\u00e1 s mlad\u00edky","datePublished":"2016-07-10T18:57:38+00:00","dateModified":"2019-02-11T22:08:46+00:00","mainEntityOfPage":{"@id":"https:\/\/evertonfc.cz\/index.php\/2016\/07\/10\/koeman-pocita-s-mladiky\/"},"wordCount":319,"commentCount":0,"publisher":{"@id":"https:\/\/evertonfc.cz\/#organization"},"image":{"@id":"https:\/\/evertonfc.cz\/index.php\/2016\/07\/10\/koeman-pocita-s-mladiky\/#primaryimage"},"thumbnailUrl":"https:\/\/evertonfc.cz\/wp-content\/uploads\/2019\/01\/news.jpg","articleSection":["Aktuality"],"inLanguage":"cs","potentialAction":[{"@type":"CommentAction","name":"Comment","target":["https:\/\/evertonfc.cz\/index.php\/2016\/07\/10\/koeman-pocita-s-mladiky\/#respond"]}]},{"@type":"WebPage","@id":"https:\/\/evertonfc.cz\/index.php\/2016\/07\/10\/koeman-pocita-s-mladiky\/","url":"https:\/\/evertonfc.cz\/index.php\/2016\/07\/10\/koeman-pocita-s-mladiky\/","name":"Koeman po\u010d\u00edt\u00e1 s mlad\u00edky - Official Czech &amp; Slovak Everton Supporters&#039; Club","isPartOf":{"@id":"https:\/\/evertonfc.cz\/#website"},"primaryImageOfPage":{"@id":"https:\/\/evertonfc.cz\/index.php\/2016\/07\/10\/koeman-pocita-s-mladiky\/#primaryimage"},"image":{"@id":"https:\/\/evertonfc.cz\/index.php\/2016\/07\/10\/koeman-pocita-s-mladiky\/#primaryimage"},"thumbnailUrl":"https:\/\/evertonfc.cz\/wp-content\/uploads\/2019\/01\/news.jpg","datePublished":"2016-07-10T18:57:38+00:00","dateModified":"2019-02-11T22:08:46+00:00","breadcrumb":{"@id":"https:\/\/evertonfc.cz\/index.php\/2016\/07\/10\/koeman-pocita-s-mladiky\/#breadcrumb"},"inLanguage":"cs","potentialAction":[{"@type":"ReadAction","target":["https:\/\/evertonfc.cz\/index.php\/2016\/07\/10\/koeman-pocita-s-mladiky\/"]}]},{"@type":"ImageObject","inLanguage":"cs","@id":"https:\/\/evertonfc.cz\/index.php\/2016\/07\/10\/koeman-pocita-s-mladiky\/#primaryimage","url":"https:\/\/evertonfc.cz\/wp-content\/uploads\/2019\/01\/news.jpg","contentUrl":"https:\/\/evertonfc.cz\/wp-content\/uploads\/2019\/01\/news.jpg","width":720,"height":405},{"@type":"BreadcrumbList","@id":"https:\/\/evertonfc.cz\/index.php\/2016\/07\/10\/koeman-pocita-s-mladiky\/#breadcrumb","itemListElement":[{"@type":"ListItem","position":1,"name":"Home","item":"https:\/\/evertonfc.cz\/"},{"@type":"ListItem","position":2,"name":"Koeman po\u010d\u00edt\u00e1 s mlad\u00edky"}]},{"@type":"WebSite","@id":"https:\/\/evertonfc.cz\/#website","url":"https:\/\/evertonfc.cz\/","name":"Official Czech &amp; Slovak Everton Supporters&#039; Club","description":"","publisher":{"@id":"https:\/\/evertonfc.cz\/#organization"},"potentialAction":[{"@type":"SearchAction","target":{"@type":"EntryPoint","urlTemplate":"https:\/\/evertonfc.cz\/?s={search_term_string}"},"query-input":{"@type":"PropertyValueSpecification","valueRequired":true,"valueName":"search_term_string"}}],"inLanguage":"cs"},{"@type":"Organization","@id":"https:\/\/evertonfc.cz\/#organization","name":"Official Czech & Slovak Everton Supporters' Club","url":"https:\/\/evertonfc.cz\/","logo":{"@type":"ImageObject","inLanguage":"cs","@id":"https:\/\/evertonfc.cz\/#\/schema\/logo\/image\/","url":"https:\/\/evertonfc.cz\/wp-content\/uploads\/2019\/05\/logo.png","contentUrl":"https:\/\/evertonfc.cz\/wp-content\/uploads\/2019\/05\/logo.png","width":112,"height":112,"caption":"Official Czech & Slovak Everton Supporters' Club"},"image":{"@id":"https:\/\/evertonfc.cz\/#\/schema\/logo\/image\/"},"sameAs":["https:\/\/www.facebook.com\/everton.fans.cz.sk"]},{"@type":"Person","@id":"https:\/\/evertonfc.cz\/#\/schema\/person\/f7a5daedb2ffee98480bc70e191aaef1","name":"Ri\u010di","sameAs":["https:\/\/x.com\/rbrejsa"],"url":"https:\/\/evertonfc.cz\/index.php\/author\/rici\/"}]}},"_links":{"self":[{"href":"https:\/\/evertonfc.cz\/index.php\/wp-json\/wp\/v2\/posts\/3596"}],"collection":[{"href":"https:\/\/evertonfc.cz\/index.php\/wp-json\/wp\/v2\/posts"}],"about":[{"href":"https:\/\/evertonfc.cz\/index.php\/wp-json\/wp\/v2\/types\/post"}],"author":[{"embeddable":true,"href":"https:\/\/evertonfc.cz\/index.php\/wp-json\/wp\/v2\/users\/6"}],"replies":[{"embeddable":true,"href":"https:\/\/evertonfc.cz\/index.php\/wp-json\/wp\/v2\/comments?post=3596"}],"version-history":[{"count":3,"href":"https:\/\/evertonfc.cz\/index.php\/wp-json\/wp\/v2\/posts\/3596\/revisions"}],"predecessor-version":[{"id":3710,"href":"https:\/\/evertonfc.cz\/index.php\/wp-json\/wp\/v2\/posts\/3596\/revisions\/3710"}],"wp:featuredmedia":[{"embeddable":true,"href":"https:\/\/evertonfc.cz\/index.php\/wp-json\/wp\/v2\/media\/1313"}],"wp:attachment":[{"href":"https:\/\/evertonfc.cz\/index.php\/wp-json\/wp\/v2\/media?parent=3596"}],"wp:term":[{"taxonomy":"category","embeddable":true,"href":"https:\/\/evertonfc.cz\/index.php\/wp-json\/wp\/v2\/categories?post=3596"},{"taxonomy":"post_tag","embeddable":true,"href":"https:\/\/evertonfc.cz\/index.php\/wp-json\/wp\/v2\/tags?post=3596"}],"curies":[{"name":"wp","href":"https:\/\/api.w.org\/{rel}","templated":true}]}}