{"id":3599,"date":"2010-12-11T20:58:56","date_gmt":"2010-12-11T19:58:56","guid":{"rendered":"http:\/\/evertonfc.cz\/?p=3599"},"modified":"2019-02-11T21:00:14","modified_gmt":"2019-02-11T20:00:14","slug":"everton-wigan-00","status":"publish","type":"post","link":"https:\/\/evertonfc.cz\/index.php\/2010\/12\/11\/everton-wigan-00\/","title":{"rendered":"Everton &#8211; Wigan 0:0"},"content":{"rendered":"<h4>Na Goodison Park p\u0159ijel v sedmn\u00e1ct\u00e9m kole t\u00fdm, kter\u00e9mu m\u011bl Everton d\u00e1t p\u011bt branek. M\u00edsto toho bylo k vid\u011bn\u00ed tr\u00e1pen\u00ed obohacen\u00e9 festivalem sp\u00e1len\u00fdch \u0161anc\u00ed a v\u00fdsledek 0:0.<\/h4>\n<p>Steven Pienaar i Louis Saha se stihli d\u00e1t zdravotn\u011b do po\u0159\u00e1dku, a tak David Moyes poslal do z\u00e1pasu stejnou \u00favodn\u00ed jeden\u00e1ctku jako v posledn\u00edm kole proti Chelsea.<\/p>\n<p>Hned v prvn\u00ed minut\u011b se Everton dostal do \u0161ance, Jagielka dlouh\u00fdm n\u00e1kopem na\u0161el Cahilla, jemu\u017e zabr\u00e1nili v d\u016frazn\u011bj\u0161\u00edm zakon\u010den\u00ed na posledn\u00ed chv\u00edli zad\u00e1ci Wiganu.<\/p>\n<p>Po po\u010d\u00e1te\u010dn\u00edm tlaku Toffees se pustili do \u00fatoku i host\u00e9, Rodallega hlavi\u010dkoval dva metry mimo br\u00e1nu. V daleko lep\u0161\u00ed pozici byl na druh\u00e9 stran\u011b Fellaini, kter\u00fd zbl\u00edzka hlavou po Bainesov\u011b centru br\u00e1nu p\u0159est\u0159elil.<\/p>\n<p>Dal\u0161\u00ed g\u00f3lov\u00e1 p\u0159\u00edle\u017eitost p\u0159i\u0161la a\u017e ve 31. minut\u011b, Rodwellov\u011b hlavi\u010dce do br\u00e1ny se sta\u010dil postavit Watson. P\u011bt minut p\u0159ed p\u0159est\u00e1vkou Fellaini poslal do v\u00e1pna nebezpe\u010dnou p\u0159ihr\u00e1vku, Cahillovi k n\u00ed ale chyb\u011bl dobr\u00fd metr.<\/p>\n<p>Do druh\u00e9 p\u016fle vstoupil EFC n\u00e1porem, ve 48. minut\u011b skv\u011ble vyst\u0159elil Pienaar, ov\u0161em je\u0161t\u011b lep\u0161\u00ed z\u00e1krok p\u0159edvedl Al Habsi. O chv\u00edli pozd\u011bji po centru Bainese akrobaticky zakon\u010doval Jagielka, branka\u0159 Wiganu byl ale op\u011bt p\u0159ipraven.<\/p>\n<p>V 53. minut\u011b zakon\u010dil Cahill p\u011bknou akci st\u0159elou vedle. Ne\u017e se dostal m\u00ed\u010d k Australanovi, pot\u00e1hl ho Coleman a pati\u010dkou p\u0159ihr\u00e1val Saha.<\/p>\n<p>V rozmez\u00ed 58. a\u017e 60. minuty zahodil Everton \u010dty\u0159i tutov\u00e9 \u0161ance na branku, nejprve Saha p\u0159i samostatn\u00e9m \u00faniku trefil jen Al Habsiho, n\u00e1sledn\u011b Cahill hlavi\u010dkoval do ty\u010de, neprosadil se ani Coleman st\u0159elou z \u00fahlu a korunu v\u0161emu nasadil Pienaar, kter\u00fd z deseti metr\u016f p\u0159est\u0159elil br\u00e1nu.<\/p>\n<p>V 69. minut\u011b poslal do v\u00e1pna dal\u0161\u00ed z \u0159ady centr\u016f Baines, av\u0161ak ani tentokr\u00e1t si dne\u0161n\u00ed oslavenec nep\u0159ipsal asistenci, Fellaini si na Al Habsi nep\u0159i\u0161el.<\/p>\n<p>Poprv\u00e9 ve druh\u00e9m polo\u010dase zahrozil i Wigan, jmenovit\u011b Rodallega, jeho\u017e pravd\u011bpodobn\u011b g\u00f3lov\u00fd pokus zastavil Jagielka. Kolumbijsk\u00fd \u00fato\u010dn\u00edk vz\u00e1p\u011bt\u00ed vyst\u0159elil zpoza v\u00e1pna, Howarda ale nep\u0159ekvapil.<\/p>\n<p>Moyes p\u0159eskupil formaci na 4-4-2, ale ani tento tah \u010di st\u0159ela Rodwella branku ne a ne p\u0159in\u00e9st. Naopak v sam\u00e9m z\u00e1v\u011bru mohl Wigan utrhnout v\u0161echny t\u0159i body na svou stranu, po brejku st\u0159\u00edlel st\u0159\u00eddaj\u00edc\u00ed Stam a jen skv\u011bl\u00fd z\u00e1krok Howarda zachr\u00e1nil Everton.<\/p>\n<p><strong>Everton:<\/strong>\u00a0Howard, Neville, Jagielka, Distin, Baines, Coleman, Fellaini, Rodwell, Pienaar (66. Anichebe), Cahill, Saha (60. Beckford)<\/p>\n<p><strong>Wigan:<\/strong>\u00a0Al Habsi, Gohouri, Alcaraz, S. Caldwell, Figueroa, Thomas, Watson, N\u00b4Zogbia, Cleverley, Diame, Rodallega<\/p>\n<p><strong>\u017dlut\u00e9 karty:<\/strong>\u00a0Neville, Pienaar &#8211; Gohouri, Figueroa, Thomas, N\u00b4Zogbia<\/p>\n<p><strong>Dr\u017een\u00ed m\u00ed\u010de:<\/strong>\u00a053% &#8211; 47%<\/p>\n<p><strong>St\u0159ely na br\u00e1nu:<\/strong>\u00a08 &#8211; 4<\/p>\n<p><strong>St\u0159ely mimo br\u00e1nu:<\/strong>\u00a08 &#8211; 1<\/p>\n<p><strong>Rohov\u00e9 kopy:<\/strong>\u00a09 &#8211; 4<\/p>\n<p><strong>Fauly:\u00a0<\/strong>13 &#8211; 18<\/p>\n","protected":false},"excerpt":{"rendered":"<p>Na Goodison Park p\u0159ijel v sedmn\u00e1ct\u00e9m kole t\u00fdm, kter\u00e9mu m\u011bl Everton d\u00e1t p\u011bt branek. M\u00edsto toho bylo k vid\u011bn\u00ed tr\u00e1pen\u00ed&hellip;<\/p>\n","protected":false},"author":6,"featured_media":1315,"comment_status":"open","ping_status":"closed","sticky":false,"template":"","format":"standard","meta":{"_eb_attr":"","_monsterinsights_skip_tracking":false,"_monsterinsights_sitenote_active":false,"_monsterinsights_sitenote_note":"","_monsterinsights_sitenote_category":0,"footnotes":""},"categories":[4],"tags":[],"yoast_head":"<!-- This site is optimized with the Yoast SEO plugin v23.4 - https:\/\/yoast.com\/wordpress\/plugins\/seo\/ -->\n<title>Everton - Wigan 0:0 - Official Czech &amp; Slovak Everton Supporters&#039; Club<\/title>\n<meta name=\"robots\" content=\"index, follow, max-snippet:-1, max-image-preview:large, max-video-preview:-1\" \/>\n<link rel=\"canonical\" href=\"https:\/\/evertonfc.cz\/index.php\/2010\/12\/11\/everton-wigan-00\/\" \/>\n<meta property=\"og:locale\" content=\"cs_CZ\" \/>\n<meta property=\"og:type\" content=\"article\" \/>\n<meta property=\"og:title\" content=\"Everton - Wigan 0:0 - Official Czech &amp; Slovak Everton Supporters&#039; Club\" \/>\n<meta property=\"og:description\" content=\"Na Goodison Park p\u0159ijel v sedmn\u00e1ct\u00e9m kole t\u00fdm, kter\u00e9mu m\u011bl Everton d\u00e1t p\u011bt branek. M\u00edsto toho bylo k vid\u011bn\u00ed tr\u00e1pen\u00ed&hellip;\" \/>\n<meta property=\"og:url\" content=\"https:\/\/evertonfc.cz\/index.php\/2010\/12\/11\/everton-wigan-00\/\" \/>\n<meta property=\"og:site_name\" content=\"Official Czech &amp; Slovak Everton Supporters&#039; Club\" \/>\n<meta property=\"article:publisher\" content=\"https:\/\/www.facebook.com\/everton.fans.cz.sk\" \/>\n<meta property=\"article:published_time\" content=\"2010-12-11T19:58:56+00:00\" \/>\n<meta property=\"article:modified_time\" content=\"2019-02-11T20:00:14+00:00\" \/>\n<meta property=\"og:image\" content=\"https:\/\/evertonfc.cz\/wp-content\/uploads\/2019\/01\/report.jpg\" \/>\n\t<meta property=\"og:image:width\" content=\"720\" \/>\n\t<meta property=\"og:image:height\" content=\"405\" \/>\n\t<meta property=\"og:image:type\" content=\"image\/jpeg\" \/>\n<meta name=\"author\" content=\"Ri\u010di\" \/>\n<meta name=\"twitter:card\" content=\"summary_large_image\" \/>\n<meta name=\"twitter:creator\" content=\"@rbrejsa\" \/>\n<meta name=\"twitter:label1\" content=\"Napsal(a)\" \/>\n\t<meta name=\"twitter:data1\" content=\"Ri\u010di\" \/>\n\t<meta name=\"twitter:label2\" content=\"Odhadovan\u00e1 doba \u010dten\u00ed\" \/>\n\t<meta name=\"twitter:data2\" content=\"3 minuty\" \/>\n<script type=\"application\/ld+json\" class=\"yoast-schema-graph\">{\"@context\":\"https:\/\/schema.org\",\"@graph\":[{\"@type\":\"Article\",\"@id\":\"https:\/\/evertonfc.cz\/index.php\/2010\/12\/11\/everton-wigan-00\/#article\",\"isPartOf\":{\"@id\":\"https:\/\/evertonfc.cz\/index.php\/2010\/12\/11\/everton-wigan-00\/\"},\"author\":{\"name\":\"Ri\u010di\",\"@id\":\"https:\/\/evertonfc.cz\/#\/schema\/person\/f7a5daedb2ffee98480bc70e191aaef1\"},\"headline\":\"Everton &#8211; Wigan 0:0\",\"datePublished\":\"2010-12-11T19:58:56+00:00\",\"dateModified\":\"2019-02-11T20:00:14+00:00\",\"mainEntityOfPage\":{\"@id\":\"https:\/\/evertonfc.cz\/index.php\/2010\/12\/11\/everton-wigan-00\/\"},\"wordCount\":513,\"commentCount\":0,\"publisher\":{\"@id\":\"https:\/\/evertonfc.cz\/#organization\"},\"image\":{\"@id\":\"https:\/\/evertonfc.cz\/index.php\/2010\/12\/11\/everton-wigan-00\/#primaryimage\"},\"thumbnailUrl\":\"https:\/\/evertonfc.cz\/wp-content\/uploads\/2019\/01\/report.jpg\",\"articleSection\":[\"Z\u00e1pasy\"],\"inLanguage\":\"cs\",\"potentialAction\":[{\"@type\":\"CommentAction\",\"name\":\"Comment\",\"target\":[\"https:\/\/evertonfc.cz\/index.php\/2010\/12\/11\/everton-wigan-00\/#respond\"]}]},{\"@type\":\"WebPage\",\"@id\":\"https:\/\/evertonfc.cz\/index.php\/2010\/12\/11\/everton-wigan-00\/\",\"url\":\"https:\/\/evertonfc.cz\/index.php\/2010\/12\/11\/everton-wigan-00\/\",\"name\":\"Everton - Wigan 0:0 - Official Czech &amp; Slovak Everton Supporters&#039; Club\",\"isPartOf\":{\"@id\":\"https:\/\/evertonfc.cz\/#website\"},\"primaryImageOfPage\":{\"@id\":\"https:\/\/evertonfc.cz\/index.php\/2010\/12\/11\/everton-wigan-00\/#primaryimage\"},\"image\":{\"@id\":\"https:\/\/evertonfc.cz\/index.php\/2010\/12\/11\/everton-wigan-00\/#primaryimage\"},\"thumbnailUrl\":\"https:\/\/evertonfc.cz\/wp-content\/uploads\/2019\/01\/report.jpg\",\"datePublished\":\"2010-12-11T19:58:56+00:00\",\"dateModified\":\"2019-02-11T20:00:14+00:00\",\"breadcrumb\":{\"@id\":\"https:\/\/evertonfc.cz\/index.php\/2010\/12\/11\/everton-wigan-00\/#breadcrumb\"},\"inLanguage\":\"cs\",\"potentialAction\":[{\"@type\":\"ReadAction\",\"target\":[\"https:\/\/evertonfc.cz\/index.php\/2010\/12\/11\/everton-wigan-00\/\"]}]},{\"@type\":\"ImageObject\",\"inLanguage\":\"cs\",\"@id\":\"https:\/\/evertonfc.cz\/index.php\/2010\/12\/11\/everton-wigan-00\/#primaryimage\",\"url\":\"https:\/\/evertonfc.cz\/wp-content\/uploads\/2019\/01\/report.jpg\",\"contentUrl\":\"https:\/\/evertonfc.cz\/wp-content\/uploads\/2019\/01\/report.jpg\",\"width\":720,\"height\":405},{\"@type\":\"BreadcrumbList\",\"@id\":\"https:\/\/evertonfc.cz\/index.php\/2010\/12\/11\/everton-wigan-00\/#breadcrumb\",\"itemListElement\":[{\"@type\":\"ListItem\",\"position\":1,\"name\":\"Home\",\"item\":\"https:\/\/evertonfc.cz\/\"},{\"@type\":\"ListItem\",\"position\":2,\"name\":\"Everton &#8211; Wigan 0:0\"}]},{\"@type\":\"WebSite\",\"@id\":\"https:\/\/evertonfc.cz\/#website\",\"url\":\"https:\/\/evertonfc.cz\/\",\"name\":\"Official Czech &amp; Slovak Everton Supporters&#039; Club\",\"description\":\"\",\"publisher\":{\"@id\":\"https:\/\/evertonfc.cz\/#organization\"},\"potentialAction\":[{\"@type\":\"SearchAction\",\"target\":{\"@type\":\"EntryPoint\",\"urlTemplate\":\"https:\/\/evertonfc.cz\/?s={search_term_string}\"},\"query-input\":{\"@type\":\"PropertyValueSpecification\",\"valueRequired\":true,\"valueName\":\"search_term_string\"}}],\"inLanguage\":\"cs\"},{\"@type\":\"Organization\",\"@id\":\"https:\/\/evertonfc.cz\/#organization\",\"name\":\"Official Czech & Slovak Everton Supporters' Club\",\"url\":\"https:\/\/evertonfc.cz\/\",\"logo\":{\"@type\":\"ImageObject\",\"inLanguage\":\"cs\",\"@id\":\"https:\/\/evertonfc.cz\/#\/schema\/logo\/image\/\",\"url\":\"https:\/\/evertonfc.cz\/wp-content\/uploads\/2019\/05\/logo.png\",\"contentUrl\":\"https:\/\/evertonfc.cz\/wp-content\/uploads\/2019\/05\/logo.png\",\"width\":112,\"height\":112,\"caption\":\"Official Czech & Slovak Everton Supporters' Club\"},\"image\":{\"@id\":\"https:\/\/evertonfc.cz\/#\/schema\/logo\/image\/\"},\"sameAs\":[\"https:\/\/www.facebook.com\/everton.fans.cz.sk\"]},{\"@type\":\"Person\",\"@id\":\"https:\/\/evertonfc.cz\/#\/schema\/person\/f7a5daedb2ffee98480bc70e191aaef1\",\"name\":\"Ri\u010di\",\"sameAs\":[\"https:\/\/x.com\/rbrejsa\"],\"url\":\"https:\/\/evertonfc.cz\/index.php\/author\/rici\/\"}]}<\/script>\n<!-- \/ Yoast SEO plugin. -->","yoast_head_json":{"title":"Everton - Wigan 0:0 - Official Czech &amp; Slovak Everton Supporters&#039; Club","robots":{"index":"index","follow":"follow","max-snippet":"max-snippet:-1","max-image-preview":"max-image-preview:large","max-video-preview":"max-video-preview:-1"},"canonical":"https:\/\/evertonfc.cz\/index.php\/2010\/12\/11\/everton-wigan-00\/","og_locale":"cs_CZ","og_type":"article","og_title":"Everton - Wigan 0:0 - Official Czech &amp; Slovak Everton Supporters&#039; Club","og_description":"Na Goodison Park p\u0159ijel v sedmn\u00e1ct\u00e9m kole t\u00fdm, kter\u00e9mu m\u011bl Everton d\u00e1t p\u011bt branek. M\u00edsto toho bylo k vid\u011bn\u00ed tr\u00e1pen\u00ed&hellip;","og_url":"https:\/\/evertonfc.cz\/index.php\/2010\/12\/11\/everton-wigan-00\/","og_site_name":"Official Czech &amp; Slovak Everton Supporters&#039; Club","article_publisher":"https:\/\/www.facebook.com\/everton.fans.cz.sk","article_published_time":"2010-12-11T19:58:56+00:00","article_modified_time":"2019-02-11T20:00:14+00:00","og_image":[{"width":720,"height":405,"url":"https:\/\/evertonfc.cz\/wp-content\/uploads\/2019\/01\/report.jpg","type":"image\/jpeg"}],"author":"Ri\u010di","twitter_card":"summary_large_image","twitter_creator":"@rbrejsa","twitter_misc":{"Napsal(a)":"Ri\u010di","Odhadovan\u00e1 doba \u010dten\u00ed":"3 minuty"},"schema":{"@context":"https:\/\/schema.org","@graph":[{"@type":"Article","@id":"https:\/\/evertonfc.cz\/index.php\/2010\/12\/11\/everton-wigan-00\/#article","isPartOf":{"@id":"https:\/\/evertonfc.cz\/index.php\/2010\/12\/11\/everton-wigan-00\/"},"author":{"name":"Ri\u010di","@id":"https:\/\/evertonfc.cz\/#\/schema\/person\/f7a5daedb2ffee98480bc70e191aaef1"},"headline":"Everton &#8211; Wigan 0:0","datePublished":"2010-12-11T19:58:56+00:00","dateModified":"2019-02-11T20:00:14+00:00","mainEntityOfPage":{"@id":"https:\/\/evertonfc.cz\/index.php\/2010\/12\/11\/everton-wigan-00\/"},"wordCount":513,"commentCount":0,"publisher":{"@id":"https:\/\/evertonfc.cz\/#organization"},"image":{"@id":"https:\/\/evertonfc.cz\/index.php\/2010\/12\/11\/everton-wigan-00\/#primaryimage"},"thumbnailUrl":"https:\/\/evertonfc.cz\/wp-content\/uploads\/2019\/01\/report.jpg","articleSection":["Z\u00e1pasy"],"inLanguage":"cs","potentialAction":[{"@type":"CommentAction","name":"Comment","target":["https:\/\/evertonfc.cz\/index.php\/2010\/12\/11\/everton-wigan-00\/#respond"]}]},{"@type":"WebPage","@id":"https:\/\/evertonfc.cz\/index.php\/2010\/12\/11\/everton-wigan-00\/","url":"https:\/\/evertonfc.cz\/index.php\/2010\/12\/11\/everton-wigan-00\/","name":"Everton - Wigan 0:0 - Official Czech &amp; Slovak Everton Supporters&#039; Club","isPartOf":{"@id":"https:\/\/evertonfc.cz\/#website"},"primaryImageOfPage":{"@id":"https:\/\/evertonfc.cz\/index.php\/2010\/12\/11\/everton-wigan-00\/#primaryimage"},"image":{"@id":"https:\/\/evertonfc.cz\/index.php\/2010\/12\/11\/everton-wigan-00\/#primaryimage"},"thumbnailUrl":"https:\/\/evertonfc.cz\/wp-content\/uploads\/2019\/01\/report.jpg","datePublished":"2010-12-11T19:58:56+00:00","dateModified":"2019-02-11T20:00:14+00:00","breadcrumb":{"@id":"https:\/\/evertonfc.cz\/index.php\/2010\/12\/11\/everton-wigan-00\/#breadcrumb"},"inLanguage":"cs","potentialAction":[{"@type":"ReadAction","target":["https:\/\/evertonfc.cz\/index.php\/2010\/12\/11\/everton-wigan-00\/"]}]},{"@type":"ImageObject","inLanguage":"cs","@id":"https:\/\/evertonfc.cz\/index.php\/2010\/12\/11\/everton-wigan-00\/#primaryimage","url":"https:\/\/evertonfc.cz\/wp-content\/uploads\/2019\/01\/report.jpg","contentUrl":"https:\/\/evertonfc.cz\/wp-content\/uploads\/2019\/01\/report.jpg","width":720,"height":405},{"@type":"BreadcrumbList","@id":"https:\/\/evertonfc.cz\/index.php\/2010\/12\/11\/everton-wigan-00\/#breadcrumb","itemListElement":[{"@type":"ListItem","position":1,"name":"Home","item":"https:\/\/evertonfc.cz\/"},{"@type":"ListItem","position":2,"name":"Everton &#8211; Wigan 0:0"}]},{"@type":"WebSite","@id":"https:\/\/evertonfc.cz\/#website","url":"https:\/\/evertonfc.cz\/","name":"Official Czech &amp; Slovak Everton Supporters&#039; Club","description":"","publisher":{"@id":"https:\/\/evertonfc.cz\/#organization"},"potentialAction":[{"@type":"SearchAction","target":{"@type":"EntryPoint","urlTemplate":"https:\/\/evertonfc.cz\/?s={search_term_string}"},"query-input":{"@type":"PropertyValueSpecification","valueRequired":true,"valueName":"search_term_string"}}],"inLanguage":"cs"},{"@type":"Organization","@id":"https:\/\/evertonfc.cz\/#organization","name":"Official Czech & Slovak Everton Supporters' Club","url":"https:\/\/evertonfc.cz\/","logo":{"@type":"ImageObject","inLanguage":"cs","@id":"https:\/\/evertonfc.cz\/#\/schema\/logo\/image\/","url":"https:\/\/evertonfc.cz\/wp-content\/uploads\/2019\/05\/logo.png","contentUrl":"https:\/\/evertonfc.cz\/wp-content\/uploads\/2019\/05\/logo.png","width":112,"height":112,"caption":"Official Czech & Slovak Everton Supporters' Club"},"image":{"@id":"https:\/\/evertonfc.cz\/#\/schema\/logo\/image\/"},"sameAs":["https:\/\/www.facebook.com\/everton.fans.cz.sk"]},{"@type":"Person","@id":"https:\/\/evertonfc.cz\/#\/schema\/person\/f7a5daedb2ffee98480bc70e191aaef1","name":"Ri\u010di","sameAs":["https:\/\/x.com\/rbrejsa"],"url":"https:\/\/evertonfc.cz\/index.php\/author\/rici\/"}]}},"_links":{"self":[{"href":"https:\/\/evertonfc.cz\/index.php\/wp-json\/wp\/v2\/posts\/3599"}],"collection":[{"href":"https:\/\/evertonfc.cz\/index.php\/wp-json\/wp\/v2\/posts"}],"about":[{"href":"https:\/\/evertonfc.cz\/index.php\/wp-json\/wp\/v2\/types\/post"}],"author":[{"embeddable":true,"href":"https:\/\/evertonfc.cz\/index.php\/wp-json\/wp\/v2\/users\/6"}],"replies":[{"embeddable":true,"href":"https:\/\/evertonfc.cz\/index.php\/wp-json\/wp\/v2\/comments?post=3599"}],"version-history":[{"count":1,"href":"https:\/\/evertonfc.cz\/index.php\/wp-json\/wp\/v2\/posts\/3599\/revisions"}],"predecessor-version":[{"id":3602,"href":"https:\/\/evertonfc.cz\/index.php\/wp-json\/wp\/v2\/posts\/3599\/revisions\/3602"}],"wp:featuredmedia":[{"embeddable":true,"href":"https:\/\/evertonfc.cz\/index.php\/wp-json\/wp\/v2\/media\/1315"}],"wp:attachment":[{"href":"https:\/\/evertonfc.cz\/index.php\/wp-json\/wp\/v2\/media?parent=3599"}],"wp:term":[{"taxonomy":"category","embeddable":true,"href":"https:\/\/evertonfc.cz\/index.php\/wp-json\/wp\/v2\/categories?post=3599"},{"taxonomy":"post_tag","embeddable":true,"href":"https:\/\/evertonfc.cz\/index.php\/wp-json\/wp\/v2\/tags?post=3599"}],"curies":[{"name":"wp","href":"https:\/\/api.w.org\/{rel}","templated":true}]}}