{"id":3603,"date":"2010-12-11T21:00:25","date_gmt":"2010-12-11T20:00:25","guid":{"rendered":"http:\/\/evertonfc.cz\/?p=3603"},"modified":"2019-02-11T21:02:10","modified_gmt":"2019-02-11T20:02:10","slug":"budicek-panove","status":"publish","type":"post","link":"https:\/\/evertonfc.cz\/index.php\/2010\/12\/11\/budicek-panove\/","title":{"rendered":"Bud\u00ed\u010dek, p\u00e1nov\u00e9!"},"content":{"rendered":"<h4>Poh\u00e1r trp\u011blivosti p\u0159et\u00e9k\u00e1. \u010cas b\u011b\u017e\u00ed a nekoukateln\u00fd Everton daruje body jako na b\u011b\u017e\u00edc\u00edm p\u00e1se. Co se to za zdmi Goodison Parku proboha d\u011bje?<\/h4>\n<p>Kdy\u017e kon\u010dil \u0159\u00edjen, fandov\u00e9 p\u016fvodn\u00edho liverpolsk\u00e9ho klubu si mocn\u011b oddechli. Jejich klub b\u011bhem onoho m\u011bs\u00edce t\u0159ikr\u00e1t vyhr\u00e1l, z toho po del\u0161\u00ed dob\u011b ochutnal v\u00edt\u011bzstv\u00ed v Merseyside derby, a dok\u00e1zal odjet s bodem z hork\u00e9 p\u016fdy White Hart Lane. Zd\u00e1lo se, \u017ee nerozlu\u010dn\u00fd kamar\u00e1d Toffees, pomal\u00fd start do sezony, byl zd\u00e1rn\u011b za\u017eehn\u00e1n. Kdyby tak tu\u0161ili, co je m\u011blo o n\u011bkolik t\u00fddn\u016f pozd\u011bji \u010dekat.<\/p>\n<p>Listopad byl toti\u017e skute\u010dn\u011b pochmurn\u00fd. Rem\u00edza na Bloomfield Road proti\u00a0 energi\u00ed nabit\u00e9mu nov\u00e1\u010dkovi?\u00a0 Ok, nic se ned\u011bje, dalo by se \u0159\u00edct. Dom\u00e1c\u00ed rem\u00edza proti Boltonu, hraj\u00edc\u00edmu pod Owenem Coylem fantastick\u00fd fotbal? To se je\u0161t\u011b d\u00e1 p\u0159ekousnout. Dom\u00e1c\u00ed prohra s Arsenalem, maj\u00edc\u00edm nejlep\u0161\u00ed v\u00fdsledky na venkovn\u00edch h\u0159i\u0161t\u00edch z cel\u00e9 sout\u011b\u017ee? \u0160koda, ale co se d\u00e1 d\u011blat. Grandi\u00f3zn\u00ed vyvrcholen\u00ed proti West Bromu a posledn\u00ed divadlo proti Wiganu u\u017e ale pomysln\u00e1 z\u00e1tka, ucp\u00e1vaj\u00edc\u00ed lahev plnou frustrace a rozho\u0159\u010den\u00ed, pod nahromad\u011bn\u00fdm tlakem nemohla vydr\u017eet. Co se to ksakru d\u011bje?<\/p>\n<p>Nejsmutn\u011bj\u0161\u00ed je na cel\u00e9m dosavadn\u00edm pr\u016fb\u011bhu sezony to, \u017ee v\u0161echno je to po\u0159\u00e1d o tom sam\u00e9m. Pomal\u00e1, \u010diteln\u00e1 hra, \u017e\u00e1dn\u00fd moment p\u0159ekvapen\u00ed, o g\u00f3lov\u00e9 produkci ani nemluv\u011b, a kdy\u017e do mixu p\u0159id\u00e1me je\u0161t\u011b slabou formu p\u016flky z\u00e1kladn\u00ed sestavy, je o pr\u016f\u0161vih postar\u00e1no. \u017de je sm\u016fla, kdy\u017e si b\u011bhem minuty vypracujete \u010dty\u0159i g\u00f3lov\u00e9 \u0161ance a branku stejn\u011b ned\u00e1te jako dnes proti Latics? Ale kde\u017ee. Tady se bav\u00edme o hol\u00e9 neschopnosti. Podobn\u00e1 sv\u00edzel jde toti\u017e ruku v ruce s t\u00fdmem od samotn\u00e9ho \u00favodn\u00edho kola a jen st\u011b\u017e\u00ed se dopo\u010d\u00edtat, kolik bod\u016f Everton u\u017e st\u00e1la.<\/p>\n<p>Ale je\u0161t\u011b v\u00edce znepokojuj\u00edc\u00ed je to, \u017ee se tr\u00e1p\u00ed mu\u017estvo jako celek, nejen \u00fato\u010dn\u00e1 lajna. Hr\u00e1\u010di, kte\u0159\u00ed letos pod\u00e1vaj\u00ed v\u00fdkony takov\u00e9 \u00farovn\u011b, jak se od nich o\u010dek\u00e1v\u00e1, se daj\u00ed spo\u010d\u00edtat na prstech jedn\u00e9 ruky. Tradi\u010dn\u011b skv\u011bl\u00fd Leighton Baines, dost mo\u017en\u00e1 o nov\u00e9 anga\u017em\u00e1 hraj\u00edc\u00ed Steven Pienaar, ne\u010dekan\u011b spolehliv\u00fd Sylvain Distin a g\u00f3ly st\u0159\u00edlej\u00edc\u00ed Tim Cahill. To\u0165 v\u0161e. O to citeln\u011bj\u0161\u00ed r\u00e1nou je, \u017ee \u0161patnou sezonu pro\u017e\u00edvaj\u00ed ostatn\u00ed hr\u00e1\u010di na pozic\u00edch, kde se to sou\u010dasn\u00fd Everton pot\u0159ebuje ze v\u0161eho nejm\u00e9n\u011b.<\/p>\n<p>Kde za\u010d\u00edt? O Mikelovi Artetovi u\u017e net\u0159eba s\u00e1hodlouze hovo\u0159it. U\u017e jenom to, \u017ee Baska, moment\u00e1ln\u011b si odpyk\u00e1vaj\u00edc\u00edho t\u0159\u00edz\u00e1pasov\u00fd trest, dok\u00e1\u017ee l\u00e9pe zastoupit devaten\u00e1ctilet\u00fd Jack Rodwell, \u010derstv\u011b uzdraven\u00fd z dlouhodob\u00e9ho zran\u011bn\u00ed, mluv\u00ed za to, jak se Arteta letos tr\u00e1p\u00ed. Naprosto ztracen\u00fdm dojmem pak p\u016fsob\u00ed t\u0159eba takov\u00fd John Heitinga. Holan\u010fan sice hraje v z\u00e1loze, mimo svoji nejlep\u0161\u00ed pozici ve st\u0159edu obrany, ale to jeho nepopsateln\u011b tragick\u00e9 v\u00fdkony neomlouv\u00e1. Heitinga si kolem sebe dok\u00e1\u017ee uspo\u0159\u00e1dat pr\u016fcho\u010f\u00e1k, \u017ee rozum z\u016fst\u00e1v\u00e1 st\u00e1t. A kdy\u017e se k n\u011bmu m\u00ed\u010d n\u011bj\u00e1k\u00fdm nedopat\u0159en\u00edm p\u0159ece jen zatoul\u00e1, pan &#8222;Finalista Mistrovstv\u00ed sv\u011bta, anebo kdo je v\u00edc,&#8220; jej neomyln\u011b po\u0161le na kopa\u010dku nejbli\u017e\u0161\u00edho soupe\u0159e. A\u0165 m\u00e1 kolem sebe m\u00edsta t\u0159eba i pro p\u0159ist\u00e1n\u00ed vrtuln\u00edku. P\u0159esto bych ale trag\u00e9da sezony hledal n\u011bkde jinde.<\/p>\n<p>Je j\u00edm Louis Saha. Ano ten Saha, jen\u017e loni nast\u0159\u00edlel t\u0159in\u00e1ct g\u00f3l\u016f. Ten Saha, kter\u00fd pro\u017e\u00edval svoji fotbalovou renesanci. Ale rozd\u00edl mezi lo\u0148sk\u00fdm a leto\u0161n\u00edm Francouzem je jako noc a den. Saha nedal v lize g\u00f3l od \u00fanora (!), mu\u017estvu neposkytuje v\u016fbec \u017e\u00e1dn\u00fd p\u0159\u00ednos, pov\u011bt\u0161inou po h\u0159i\u0161ti pob\u00edh\u00e1 bez v\u011bt\u0161\u00edho z\u00e1jmu. A p\u0159esto je u Davida Moyese \u00fato\u010dn\u00edkem \u010d\u00edslo jedna. Racion\u00e1ln\u011b sm\u00fd\u0161lej\u00edc\u00ed \u010dlov\u011bk jen t\u011b\u017eko hled\u00e1 d\u016fvody, pro\u010d se tenhle st\u00edn kdysi fantastick\u00e9ho \u00fato\u010dn\u00edka v\u011b\u010dn\u011b objevuje v z\u00e1kladn\u00ed sestav\u011b.<\/p>\n<p>Moyes asi svoje d\u016fvody m\u00e1, ale p\u0159ekvapuj\u00edc\u00ed by v \u017e\u00e1dn\u00e9m p\u0159\u00edpad\u011b nebylo to, \u017ee Skot jej zkr\u00e1tka up\u0159ednost\u0148uje, proto\u017ee jde o jeho obl\u00edbence. Nebyl by to toti\u017e zdaleka jedin\u00fd p\u0159\u00edpad. Evertonians u\u017e toti\u017e dlouho v\u011bd\u00ed, \u017ee Moyes a jeho favorit\u00e9 jsou prakticky nedotknuteln\u00ed, nehled\u011b na aktu\u00e1ln\u00ed formu. Jinak si toti\u017e nejde vysv\u011btlit pro\u010d Moyes zni\u010dehonic p\u0159estane d\u00e1vat p\u0159ednost kone\u010dn\u011b se rozehr\u00e1vaj\u00edc\u00edmu Yakubuovi. Koneckonc\u016f i Jermaine Beckford by m\u011bl m\u00edt v po\u0159ad\u00ed \u00fato\u010dn\u00edk\u016f p\u0159ednost. Jako jedin\u00fd forvard v t\u00fdmu se dok\u00e1\u017ee pravideln\u011b dost\u00e1vat do \u0161anc\u00ed, zdob\u00ed ho skv\u011bl\u00fd pohyb a vlastn\u011b je i nejproduktivn\u011bj\u0161\u00edm \u00fato\u010dn\u00edkem v klubu. Se t\u0159emi g\u00f3ly&#8230;<\/p>\n<p>\u010cist\u00e9 sv\u011bdom\u00ed ale rozhodn\u011b nem\u016f\u017ee m\u00edt ani takov\u00fd Tim Howard, nebo Phil Jagielka. Ameri\u010dan vyrobil ji\u017e n\u011bkolik hrubek, co\u017e u n\u011bj nen\u00ed zrovna zvykem a snad poprv\u00e9 m\u00e1m z jinak jist\u00e9ho Howarda pocit, \u017ee v\u0161echno asi OK nebude.\u00a0 Jeale t\u0159eba \u0159\u00edct, \u017ee dnes mu Blues vd\u011b\u010d\u00ed alespo\u0148 za bod. To sam\u00e9 plat\u00ed i Jagielkovi. Posledn\u00ed dva z\u00e1pasy se mu povedly, ale celkov\u011b jej ve stopersk\u00e9 dvojici Sylvain Distin zat\u00edm jednozna\u010dn\u011b zasti\u0148uje. A k tomu je\u0161t\u011b ty \u0161okuj\u00edc\u00ed rozehr\u00e1vky&#8230;<\/p>\n<p>David Moyes bude m\u00edt je\u0161t\u011b hodn\u011b co napravovat. A p\u0159i zji\u0161\u0165ov\u00e1n\u00ed p\u016fvod\u016f krize by se krom\u011b neperformuj\u00edc\u00edch hr\u00e1\u010d\u016f m\u011bl pod\u00edvat ob\u010das i do zrcadla. Kritizov\u00e1n\u00ed jeho chyb by ale bylo no\u0161en\u00edm d\u0159\u00edv\u00ed do lesa. On a jeho t\u00fdm se ka\u017edop\u00e1dn\u011b budou m\u00edt je\u0161t\u011b co ot\u00e1\u010det. Plnit potenci\u00e1l mu\u017estva se toti\u017e neda\u0159\u00ed. A\u010dkoliv vlastn\u011b vyvst\u00e1vaj\u00ed ot\u00e1zky, zda ono mu\u017estvo je v\u016fbec tak dobr\u00e9, jak jsme si mysleli.<\/p>\n","protected":false},"excerpt":{"rendered":"<p>Poh\u00e1r trp\u011blivosti p\u0159et\u00e9k\u00e1. \u010cas b\u011b\u017e\u00ed a nekoukateln\u00fd Everton daruje body jako na b\u011b\u017e\u00edc\u00edm p\u00e1se. Co se to za zdmi Goodison&hellip;<\/p>\n","protected":false},"author":7,"featured_media":1310,"comment_status":"open","ping_status":"closed","sticky":false,"template":"","format":"standard","meta":{"_eb_attr":"","_monsterinsights_skip_tracking":false,"_monsterinsights_sitenote_active":false,"_monsterinsights_sitenote_note":"","_monsterinsights_sitenote_category":0,"footnotes":""},"categories":[39],"tags":[],"yoast_head":"<!-- This site is optimized with the Yoast SEO plugin v23.4 - https:\/\/yoast.com\/wordpress\/plugins\/seo\/ -->\n<title>Bud\u00ed\u010dek, p\u00e1nov\u00e9! - Official Czech &amp; Slovak Everton Supporters&#039; Club<\/title>\n<meta name=\"robots\" content=\"index, follow, max-snippet:-1, max-image-preview:large, max-video-preview:-1\" \/>\n<link rel=\"canonical\" href=\"https:\/\/evertonfc.cz\/index.php\/2010\/12\/11\/budicek-panove\/\" \/>\n<meta property=\"og:locale\" content=\"cs_CZ\" \/>\n<meta property=\"og:type\" content=\"article\" \/>\n<meta property=\"og:title\" content=\"Bud\u00ed\u010dek, p\u00e1nov\u00e9! - Official Czech &amp; Slovak Everton Supporters&#039; Club\" \/>\n<meta property=\"og:description\" content=\"Poh\u00e1r trp\u011blivosti p\u0159et\u00e9k\u00e1. \u010cas b\u011b\u017e\u00ed a nekoukateln\u00fd Everton daruje body jako na b\u011b\u017e\u00edc\u00edm p\u00e1se. Co se to za zdmi Goodison&hellip;\" \/>\n<meta property=\"og:url\" content=\"https:\/\/evertonfc.cz\/index.php\/2010\/12\/11\/budicek-panove\/\" \/>\n<meta property=\"og:site_name\" content=\"Official Czech &amp; Slovak Everton Supporters&#039; Club\" \/>\n<meta property=\"article:publisher\" content=\"https:\/\/www.facebook.com\/everton.fans.cz.sk\" \/>\n<meta property=\"article:published_time\" content=\"2010-12-11T20:00:25+00:00\" \/>\n<meta property=\"article:modified_time\" content=\"2019-02-11T20:02:10+00:00\" \/>\n<meta property=\"og:image\" content=\"https:\/\/evertonfc.cz\/wp-content\/uploads\/2019\/01\/blog.jpg\" \/>\n\t<meta property=\"og:image:width\" content=\"720\" \/>\n\t<meta property=\"og:image:height\" content=\"405\" \/>\n\t<meta property=\"og:image:type\" content=\"image\/jpeg\" \/>\n<meta name=\"author\" content=\"Me\u0148a\" \/>\n<meta name=\"twitter:card\" content=\"summary_large_image\" \/>\n<meta name=\"twitter:label1\" content=\"Napsal(a)\" \/>\n\t<meta name=\"twitter:data1\" content=\"Me\u0148a\" \/>\n\t<meta name=\"twitter:label2\" content=\"Odhadovan\u00e1 doba \u010dten\u00ed\" \/>\n\t<meta name=\"twitter:data2\" content=\"5 minut\" \/>\n<script type=\"application\/ld+json\" class=\"yoast-schema-graph\">{\"@context\":\"https:\/\/schema.org\",\"@graph\":[{\"@type\":\"Article\",\"@id\":\"https:\/\/evertonfc.cz\/index.php\/2010\/12\/11\/budicek-panove\/#article\",\"isPartOf\":{\"@id\":\"https:\/\/evertonfc.cz\/index.php\/2010\/12\/11\/budicek-panove\/\"},\"author\":{\"name\":\"Me\u0148a\",\"@id\":\"https:\/\/evertonfc.cz\/#\/schema\/person\/cd6328a75577de2add7793fd4b0930c3\"},\"headline\":\"Bud\u00ed\u010dek, p\u00e1nov\u00e9!\",\"datePublished\":\"2010-12-11T20:00:25+00:00\",\"dateModified\":\"2019-02-11T20:02:10+00:00\",\"mainEntityOfPage\":{\"@id\":\"https:\/\/evertonfc.cz\/index.php\/2010\/12\/11\/budicek-panove\/\"},\"wordCount\":1083,\"commentCount\":0,\"publisher\":{\"@id\":\"https:\/\/evertonfc.cz\/#organization\"},\"image\":{\"@id\":\"https:\/\/evertonfc.cz\/index.php\/2010\/12\/11\/budicek-panove\/#primaryimage\"},\"thumbnailUrl\":\"https:\/\/evertonfc.cz\/wp-content\/uploads\/2019\/01\/blog.jpg\",\"articleSection\":[\"Blog\"],\"inLanguage\":\"cs\",\"potentialAction\":[{\"@type\":\"CommentAction\",\"name\":\"Comment\",\"target\":[\"https:\/\/evertonfc.cz\/index.php\/2010\/12\/11\/budicek-panove\/#respond\"]}]},{\"@type\":\"WebPage\",\"@id\":\"https:\/\/evertonfc.cz\/index.php\/2010\/12\/11\/budicek-panove\/\",\"url\":\"https:\/\/evertonfc.cz\/index.php\/2010\/12\/11\/budicek-panove\/\",\"name\":\"Bud\u00ed\u010dek, p\u00e1nov\u00e9! - Official Czech &amp; Slovak Everton Supporters&#039; Club\",\"isPartOf\":{\"@id\":\"https:\/\/evertonfc.cz\/#website\"},\"primaryImageOfPage\":{\"@id\":\"https:\/\/evertonfc.cz\/index.php\/2010\/12\/11\/budicek-panove\/#primaryimage\"},\"image\":{\"@id\":\"https:\/\/evertonfc.cz\/index.php\/2010\/12\/11\/budicek-panove\/#primaryimage\"},\"thumbnailUrl\":\"https:\/\/evertonfc.cz\/wp-content\/uploads\/2019\/01\/blog.jpg\",\"datePublished\":\"2010-12-11T20:00:25+00:00\",\"dateModified\":\"2019-02-11T20:02:10+00:00\",\"breadcrumb\":{\"@id\":\"https:\/\/evertonfc.cz\/index.php\/2010\/12\/11\/budicek-panove\/#breadcrumb\"},\"inLanguage\":\"cs\",\"potentialAction\":[{\"@type\":\"ReadAction\",\"target\":[\"https:\/\/evertonfc.cz\/index.php\/2010\/12\/11\/budicek-panove\/\"]}]},{\"@type\":\"ImageObject\",\"inLanguage\":\"cs\",\"@id\":\"https:\/\/evertonfc.cz\/index.php\/2010\/12\/11\/budicek-panove\/#primaryimage\",\"url\":\"https:\/\/evertonfc.cz\/wp-content\/uploads\/2019\/01\/blog.jpg\",\"contentUrl\":\"https:\/\/evertonfc.cz\/wp-content\/uploads\/2019\/01\/blog.jpg\",\"width\":720,\"height\":405},{\"@type\":\"BreadcrumbList\",\"@id\":\"https:\/\/evertonfc.cz\/index.php\/2010\/12\/11\/budicek-panove\/#breadcrumb\",\"itemListElement\":[{\"@type\":\"ListItem\",\"position\":1,\"name\":\"Home\",\"item\":\"https:\/\/evertonfc.cz\/\"},{\"@type\":\"ListItem\",\"position\":2,\"name\":\"Bud\u00ed\u010dek, p\u00e1nov\u00e9!\"}]},{\"@type\":\"WebSite\",\"@id\":\"https:\/\/evertonfc.cz\/#website\",\"url\":\"https:\/\/evertonfc.cz\/\",\"name\":\"Official Czech &amp; Slovak Everton Supporters&#039; Club\",\"description\":\"\",\"publisher\":{\"@id\":\"https:\/\/evertonfc.cz\/#organization\"},\"potentialAction\":[{\"@type\":\"SearchAction\",\"target\":{\"@type\":\"EntryPoint\",\"urlTemplate\":\"https:\/\/evertonfc.cz\/?s={search_term_string}\"},\"query-input\":{\"@type\":\"PropertyValueSpecification\",\"valueRequired\":true,\"valueName\":\"search_term_string\"}}],\"inLanguage\":\"cs\"},{\"@type\":\"Organization\",\"@id\":\"https:\/\/evertonfc.cz\/#organization\",\"name\":\"Official Czech & Slovak Everton Supporters' Club\",\"url\":\"https:\/\/evertonfc.cz\/\",\"logo\":{\"@type\":\"ImageObject\",\"inLanguage\":\"cs\",\"@id\":\"https:\/\/evertonfc.cz\/#\/schema\/logo\/image\/\",\"url\":\"https:\/\/evertonfc.cz\/wp-content\/uploads\/2019\/05\/logo.png\",\"contentUrl\":\"https:\/\/evertonfc.cz\/wp-content\/uploads\/2019\/05\/logo.png\",\"width\":112,\"height\":112,\"caption\":\"Official Czech & Slovak Everton Supporters' Club\"},\"image\":{\"@id\":\"https:\/\/evertonfc.cz\/#\/schema\/logo\/image\/\"},\"sameAs\":[\"https:\/\/www.facebook.com\/everton.fans.cz.sk\"]},{\"@type\":\"Person\",\"@id\":\"https:\/\/evertonfc.cz\/#\/schema\/person\/cd6328a75577de2add7793fd4b0930c3\",\"name\":\"Me\u0148a\",\"url\":\"https:\/\/evertonfc.cz\/index.php\/author\/mena\/\"}]}<\/script>\n<!-- \/ Yoast SEO plugin. -->","yoast_head_json":{"title":"Bud\u00ed\u010dek, p\u00e1nov\u00e9! - Official Czech &amp; Slovak Everton Supporters&#039; Club","robots":{"index":"index","follow":"follow","max-snippet":"max-snippet:-1","max-image-preview":"max-image-preview:large","max-video-preview":"max-video-preview:-1"},"canonical":"https:\/\/evertonfc.cz\/index.php\/2010\/12\/11\/budicek-panove\/","og_locale":"cs_CZ","og_type":"article","og_title":"Bud\u00ed\u010dek, p\u00e1nov\u00e9! - Official Czech &amp; Slovak Everton Supporters&#039; Club","og_description":"Poh\u00e1r trp\u011blivosti p\u0159et\u00e9k\u00e1. \u010cas b\u011b\u017e\u00ed a nekoukateln\u00fd Everton daruje body jako na b\u011b\u017e\u00edc\u00edm p\u00e1se. Co se to za zdmi Goodison&hellip;","og_url":"https:\/\/evertonfc.cz\/index.php\/2010\/12\/11\/budicek-panove\/","og_site_name":"Official Czech &amp; Slovak Everton Supporters&#039; Club","article_publisher":"https:\/\/www.facebook.com\/everton.fans.cz.sk","article_published_time":"2010-12-11T20:00:25+00:00","article_modified_time":"2019-02-11T20:02:10+00:00","og_image":[{"width":720,"height":405,"url":"https:\/\/evertonfc.cz\/wp-content\/uploads\/2019\/01\/blog.jpg","type":"image\/jpeg"}],"author":"Me\u0148a","twitter_card":"summary_large_image","twitter_misc":{"Napsal(a)":"Me\u0148a","Odhadovan\u00e1 doba \u010dten\u00ed":"5 minut"},"schema":{"@context":"https:\/\/schema.org","@graph":[{"@type":"Article","@id":"https:\/\/evertonfc.cz\/index.php\/2010\/12\/11\/budicek-panove\/#article","isPartOf":{"@id":"https:\/\/evertonfc.cz\/index.php\/2010\/12\/11\/budicek-panove\/"},"author":{"name":"Me\u0148a","@id":"https:\/\/evertonfc.cz\/#\/schema\/person\/cd6328a75577de2add7793fd4b0930c3"},"headline":"Bud\u00ed\u010dek, p\u00e1nov\u00e9!","datePublished":"2010-12-11T20:00:25+00:00","dateModified":"2019-02-11T20:02:10+00:00","mainEntityOfPage":{"@id":"https:\/\/evertonfc.cz\/index.php\/2010\/12\/11\/budicek-panove\/"},"wordCount":1083,"commentCount":0,"publisher":{"@id":"https:\/\/evertonfc.cz\/#organization"},"image":{"@id":"https:\/\/evertonfc.cz\/index.php\/2010\/12\/11\/budicek-panove\/#primaryimage"},"thumbnailUrl":"https:\/\/evertonfc.cz\/wp-content\/uploads\/2019\/01\/blog.jpg","articleSection":["Blog"],"inLanguage":"cs","potentialAction":[{"@type":"CommentAction","name":"Comment","target":["https:\/\/evertonfc.cz\/index.php\/2010\/12\/11\/budicek-panove\/#respond"]}]},{"@type":"WebPage","@id":"https:\/\/evertonfc.cz\/index.php\/2010\/12\/11\/budicek-panove\/","url":"https:\/\/evertonfc.cz\/index.php\/2010\/12\/11\/budicek-panove\/","name":"Bud\u00ed\u010dek, p\u00e1nov\u00e9! - Official Czech &amp; Slovak Everton Supporters&#039; Club","isPartOf":{"@id":"https:\/\/evertonfc.cz\/#website"},"primaryImageOfPage":{"@id":"https:\/\/evertonfc.cz\/index.php\/2010\/12\/11\/budicek-panove\/#primaryimage"},"image":{"@id":"https:\/\/evertonfc.cz\/index.php\/2010\/12\/11\/budicek-panove\/#primaryimage"},"thumbnailUrl":"https:\/\/evertonfc.cz\/wp-content\/uploads\/2019\/01\/blog.jpg","datePublished":"2010-12-11T20:00:25+00:00","dateModified":"2019-02-11T20:02:10+00:00","breadcrumb":{"@id":"https:\/\/evertonfc.cz\/index.php\/2010\/12\/11\/budicek-panove\/#breadcrumb"},"inLanguage":"cs","potentialAction":[{"@type":"ReadAction","target":["https:\/\/evertonfc.cz\/index.php\/2010\/12\/11\/budicek-panove\/"]}]},{"@type":"ImageObject","inLanguage":"cs","@id":"https:\/\/evertonfc.cz\/index.php\/2010\/12\/11\/budicek-panove\/#primaryimage","url":"https:\/\/evertonfc.cz\/wp-content\/uploads\/2019\/01\/blog.jpg","contentUrl":"https:\/\/evertonfc.cz\/wp-content\/uploads\/2019\/01\/blog.jpg","width":720,"height":405},{"@type":"BreadcrumbList","@id":"https:\/\/evertonfc.cz\/index.php\/2010\/12\/11\/budicek-panove\/#breadcrumb","itemListElement":[{"@type":"ListItem","position":1,"name":"Home","item":"https:\/\/evertonfc.cz\/"},{"@type":"ListItem","position":2,"name":"Bud\u00ed\u010dek, p\u00e1nov\u00e9!"}]},{"@type":"WebSite","@id":"https:\/\/evertonfc.cz\/#website","url":"https:\/\/evertonfc.cz\/","name":"Official Czech &amp; Slovak Everton Supporters&#039; Club","description":"","publisher":{"@id":"https:\/\/evertonfc.cz\/#organization"},"potentialAction":[{"@type":"SearchAction","target":{"@type":"EntryPoint","urlTemplate":"https:\/\/evertonfc.cz\/?s={search_term_string}"},"query-input":{"@type":"PropertyValueSpecification","valueRequired":true,"valueName":"search_term_string"}}],"inLanguage":"cs"},{"@type":"Organization","@id":"https:\/\/evertonfc.cz\/#organization","name":"Official Czech & Slovak Everton Supporters' Club","url":"https:\/\/evertonfc.cz\/","logo":{"@type":"ImageObject","inLanguage":"cs","@id":"https:\/\/evertonfc.cz\/#\/schema\/logo\/image\/","url":"https:\/\/evertonfc.cz\/wp-content\/uploads\/2019\/05\/logo.png","contentUrl":"https:\/\/evertonfc.cz\/wp-content\/uploads\/2019\/05\/logo.png","width":112,"height":112,"caption":"Official Czech & Slovak Everton Supporters' Club"},"image":{"@id":"https:\/\/evertonfc.cz\/#\/schema\/logo\/image\/"},"sameAs":["https:\/\/www.facebook.com\/everton.fans.cz.sk"]},{"@type":"Person","@id":"https:\/\/evertonfc.cz\/#\/schema\/person\/cd6328a75577de2add7793fd4b0930c3","name":"Me\u0148a","url":"https:\/\/evertonfc.cz\/index.php\/author\/mena\/"}]}},"_links":{"self":[{"href":"https:\/\/evertonfc.cz\/index.php\/wp-json\/wp\/v2\/posts\/3603"}],"collection":[{"href":"https:\/\/evertonfc.cz\/index.php\/wp-json\/wp\/v2\/posts"}],"about":[{"href":"https:\/\/evertonfc.cz\/index.php\/wp-json\/wp\/v2\/types\/post"}],"author":[{"embeddable":true,"href":"https:\/\/evertonfc.cz\/index.php\/wp-json\/wp\/v2\/users\/7"}],"replies":[{"embeddable":true,"href":"https:\/\/evertonfc.cz\/index.php\/wp-json\/wp\/v2\/comments?post=3603"}],"version-history":[{"count":1,"href":"https:\/\/evertonfc.cz\/index.php\/wp-json\/wp\/v2\/posts\/3603\/revisions"}],"predecessor-version":[{"id":3605,"href":"https:\/\/evertonfc.cz\/index.php\/wp-json\/wp\/v2\/posts\/3603\/revisions\/3605"}],"wp:featuredmedia":[{"embeddable":true,"href":"https:\/\/evertonfc.cz\/index.php\/wp-json\/wp\/v2\/media\/1310"}],"wp:attachment":[{"href":"https:\/\/evertonfc.cz\/index.php\/wp-json\/wp\/v2\/media?parent=3603"}],"wp:term":[{"taxonomy":"category","embeddable":true,"href":"https:\/\/evertonfc.cz\/index.php\/wp-json\/wp\/v2\/categories?post=3603"},{"taxonomy":"post_tag","embeddable":true,"href":"https:\/\/evertonfc.cz\/index.php\/wp-json\/wp\/v2\/tags?post=3603"}],"curies":[{"name":"wp","href":"https:\/\/api.w.org\/{rel}","templated":true}]}}