{"id":3604,"date":"2016-07-02T21:01:02","date_gmt":"2016-07-02T19:01:02","guid":{"rendered":"http:\/\/evertonfc.cz\/?p=3604"},"modified":"2019-02-11T23:08:15","modified_gmt":"2019-02-11T22:08:15","slug":"toffees-ve-francii","status":"publish","type":"post","link":"https:\/\/evertonfc.cz\/index.php\/2016\/07\/02\/toffees-ve-francii\/","title":{"rendered":"Toffees ve Francii"},"content":{"rendered":"<h4 id=\"NewsPostDetailSummary\">Vrcholu leto\u0161n\u00edho fotbalov\u00e9ho roku se \u00fa\u010dastn\u00ed i sedm hr\u00e1\u010d\u016f Evertonu. Na mistrovstv\u00ed Evropy odcestovali Shani Tarashaj, John Stones, Ross Barkley, Seamus Coleman, James McCarthy, Aiden McGeady a Romelu Lukaku.<\/h4>\n<div id=\"NewsPostDetailContent\">\n<table border=\"1\" align=\"center\">\n<tbody>\n<tr>\n<td><strong>Shani Tarashaj<\/strong><br \/>\n\u0160v\u00fdcarsko<\/td>\n<td><strong>John Stones, Ross Barkley<\/strong><br \/>\nAnglie<\/td>\n<td><strong>Seamus Coleman, James McCarthy, Aiden McGeady<\/strong><br \/>\nIrsko<\/td>\n<td><strong>Romelu Lukaku<\/strong><br \/>\nBelgie<\/td>\n<\/tr>\n<tr>\n<td><strong>Skupina A<\/strong><br \/>\n11.6. vs. Alb\u00e1nie 1:0<br \/>\n15.6. vs. Rumunsko 1:1<br \/>\n19.6. vs. Francie 0:0<\/td>\n<td><strong>Skupina B<\/strong><br \/>\n11.6. vs. Rusko 1:1<br \/>\n16.6. vs. Wales 2:1<br \/>\n20.6. vs. Slovensko 0:0<\/td>\n<td><strong>Skupina E<\/strong><br \/>\n13.6. vs. \u0160v\u00e9dsko 1:1<br \/>\n18.6. vs. Belgie 0:3<br \/>\n22.6. 21:00 vs. It\u00e1lie<\/td>\n<td><strong>Skupina E<\/strong><br \/>\n13.6. vs. It\u00e1lie 0:2<br \/>\n18.6. vs. Irsko 3:0<br \/>\n22.6. 21:00 vs. \u0160v\u00e9dsko<\/td>\n<\/tr>\n<tr>\n<td>\n<table align=\"center\">\n<tbody>\n<tr>\n<td>1.<\/td>\n<td>Francie<\/td>\n<td>4:1<\/td>\n<td>7<\/td>\n<\/tr>\n<tr>\n<td>2.<\/td>\n<td>\u0160v\u00fdcarsko<\/td>\n<td>2:1<\/td>\n<td>5<\/td>\n<\/tr>\n<tr>\n<td>3.<\/td>\n<td>Alb\u00e1nie<\/td>\n<td>1:3<\/td>\n<td>3<\/td>\n<\/tr>\n<tr>\n<td>4.<\/td>\n<td>Rumunsko<\/td>\n<td>2:4<\/td>\n<td>1<\/td>\n<\/tr>\n<\/tbody>\n<\/table>\n<\/td>\n<td>\n<table border=\"0\" align=\"center\">\n<tbody>\n<tr>\n<td>1.<\/td>\n<td>Wales<\/td>\n<td>6:3<\/td>\n<td>6<\/td>\n<\/tr>\n<tr>\n<td>2.<\/td>\n<td>Anglie<\/td>\n<td>3:2<\/td>\n<td>5<\/td>\n<\/tr>\n<tr>\n<td>3.<\/td>\n<td>Slovensko<\/td>\n<td>3:3<\/td>\n<td>4<\/td>\n<\/tr>\n<tr>\n<td>4.<\/td>\n<td>Rusko<\/td>\n<td>2:6<\/td>\n<td>1<\/td>\n<\/tr>\n<\/tbody>\n<\/table>\n<\/td>\n<td>\n<table border=\"0\" align=\"center\">\n<tbody>\n<tr>\n<td>1.<\/td>\n<td>It\u00e1lie<\/td>\n<td>3:0<\/td>\n<td>6<\/td>\n<\/tr>\n<tr>\n<td>2.<\/td>\n<td>Belgie<\/td>\n<td>4:2<\/td>\n<td>6<\/td>\n<\/tr>\n<tr>\n<td>3.<\/td>\n<td>Irsko<\/td>\n<td>2:4<\/td>\n<td>4<\/td>\n<\/tr>\n<tr>\n<td>4.<\/td>\n<td>\u0160v\u00e9dsko<\/td>\n<td>1:3<\/td>\n<td>1<\/td>\n<\/tr>\n<\/tbody>\n<\/table>\n<\/td>\n<\/tr>\n<tr>\n<td><strong>Osmifin\u00e1le<\/strong><br \/>\n25.6. vs. Polsko 1:2p<\/td>\n<td><strong>Osmifin\u00e1le<\/strong><br \/>\n27.6. vs. Island 1:2<\/td>\n<td><strong>Osmifin\u00e1le<\/strong><br \/>\n26.6. vs. Francie 1:2<\/td>\n<td><strong>Osmifin\u00e1le<\/strong><br \/>\n26.6. vs. Ma\u010farsko 4:0<\/td>\n<\/tr>\n<tr>\n<td><\/td>\n<td><\/td>\n<td><\/td>\n<td><strong>\u010ctvrfin\u00e1le<\/strong><br \/>\n1.7. vs. Wales 1:3<\/td>\n<\/tr>\n<\/tbody>\n<\/table>\n<h4><strong>\u010ctvrtfin\u00e1le<\/strong><\/h4>\n<p><em>1.7.<\/em> &#8211; Belgie zaslou\u017een\u011b podlehla Walesu, a tak se lou\u010d\u00ed s turnajem jako t\u00fdm, kter\u00fd nenaplnil sv\u016fj potenci\u00e1l. Zklaman\u00fd mus\u00ed b\u00fdt i Lukaku, jemu\u017e se krom\u011b jednoho z\u00e1pasu p\u0159\u00edli\u0161 neda\u0159ilo a \u0161ampion\u00e1tem se rozhodn\u011b nep\u0159ibl\u00ed\u017eil k vysn\u011bn\u00e9mu anga\u017em\u00e1 ve velkoklubu.<\/p>\n<p><strong>Wales &#8211; Belgie 3:1 (1:1)<\/strong><br \/>\n<strong>Branky: <\/strong>31. Ashley Williams, 55. Hal Robson-Kanu, 86. Sam Vokes &#8211; 13. Radja Nainggolan<br \/>\n<strong>Wales: <\/strong>Wayne Hennessey, James Chester, Ashley Williams, Ben Davies, Chris Gunter, Neil Taylor, Joe Allen, Joe Ledley (78. Andy King), Aaron Ramsey (90. James Collins), Gareth Bale, Hal Robson-Kanu (80. Sam Vokes)<br \/>\n<strong>Belgie:<\/strong> Thibaut Courtois, Thomas Meunier, Toby Alderweireld, Jason Denayer, Jordan Lukaku (75. Dries Mertens), Radja Nainggolan, Axel Witsel, Kevin De Bruyne, Eden Hazard, Yannick Ferreira-Carrasco (46. Marouane Fellaini), Romelu Lukaku (83. Michy Batshuayi)<\/p>\n<h4><strong>Osmifin\u00e1le<\/strong><\/h4>\n<p><em>27.6<\/em>. &#8211; Albion (ne)p\u0159ekvapiv\u011b vylet\u011bl v prvn\u00edm vy\u0159azovac\u00edm kole. Proti organizovan\u00e9mu Islandu se protr\u00e1pil bez n\u00e1padu \u010di n\u00e1zn\u00e1ku n\u011bjak\u00e9ho hern\u00edho syst\u00e9mu k ho\u0159k\u00e9mu konci. Stones ani Barkley si Euro neokusili ani na minutu.<\/p>\n<p><strong>Anglie &#8211; Island 1:2 (1:2)<\/strong><br \/>\n<strong>Branky:<\/strong> 4. Wayne Rooney (pen.) &#8211; 6. Ragnar Sigurdsson, 18. Kolbeinn Sigth\u00f3rsson<br \/>\n<strong>Anglie:<\/strong> Joe Hart, Kyle Walker, Gary Cahill, Chris Smalling, Danny Rose, Eric Dier (46. Jack Wilshere), Dele Alli, Raheem Sterling (60. Jamie Vardy), Wayne Rooney (87. Marcus Rashford), Daniel Sturridge, Harry Kane<br \/>\n<strong>Island: <\/strong>Hannes Halld\u00f3rsson, Birkir S\u00e6varsson, K\u00e1ri \u00c1rnason, Ragnar Sigurdsson, Ari Sk\u00falason, J\u00f3hann Gudmundsson, Gylfi Sigurdsson, Aron Gunnarsson, Birkir Bjarnason, Kolbeinn Sigth\u00f3rsson (77. Elmar Bjarnason), J\u00f3n B\u00f6dvarsson (89. Arn\u00f3r Traustason)<\/p>\n<p><em>26.6.<\/em> &#8211; Belgie sice debaklem vyprovadila hou\u017eevnat\u00e9 Ma\u010farsko, jen\u017ee prozat\u00edm t\u011b\u017e\u00ed hlavn\u011b z individu\u00e1ln\u00edch p\u0159edstaven\u00ed, nikoliv t\u00fdmov\u00e9 soudr\u017enosti, ot\u00e1zkou, zda na to nedoplat\u00ed v dal\u0161\u00edch kolech. Lukaku sice n\u011bkolikr\u00e1t dob\u0159e podr\u017eel m\u00ed\u010d, na druhou stranu nedok\u00e1zal sk\u00f3rovat ve sv\u00e9 jedin\u00e9 \u0161anci v n\u00e1jezdu na branka\u0159e.<\/p>\n<p><strong>Ma\u010farsko &#8211; Belgie 0:4 (0:1)<\/strong><br \/>\n<strong>Branky:<\/strong> 10. Toby Alderweireld, 78. Michy Batshuayi, 80. Eden Hazard, 90+1. Yannick Ferreira-Carrasco<br \/>\n<strong>Ma\u010farsko:<\/strong> G\u00e1bor Kir\u00e1ly, \u00c1d\u00e1m Lang, Roland Juh\u00e1sz (79. D\u00e1niel B\u00f6de), Richard Guzmics, Tam\u00e1s K\u00e1d\u00e1r, \u00c1d\u00e1m Pint\u00e9r (75. Nemanja Nikoli\u0107), Zolt\u00e1n Gera (46. \u00c1kos Elek), \u00c1d\u00e1m Nagy, Bal\u00e1zs Dzsudzs\u00e1k, Gerg\u0151 Lovrencsics, \u00c1d\u00e1m Szalai<br \/>\n<strong>Belgie: <\/strong>Thibaut Courtois, Jan Vertonghen, Thomas Vermaelen, Toby Alderweireld, Thomas Meunier, Axel Witsel, Radja Nainggolan, Kevin De Bruyne, Eden Hazard (81. Marouane Fellaini), Romelu Lukaku (76. Michy Batshuayi), Dries Mertens (70. Yannick Ferreira-Carrasco)<\/p>\n<p><em>26.6.<\/em> &#8211; Irov\u00e9 si brzy dostali do veden\u00ed v souboji s dom\u00e1c\u00edm favoritem, nicm\u00e9n\u011b nad\u011bjn\u00fd za\u010d\u00e1tek nedot\u00e1hli do \u00fasp\u011b\u0161n\u00e9ho konce. Obrat dirigival skv\u011bl\u00fd Griezmann (m\u00edt takov\u00e9 hr\u00e1\u010de v Evertonu!), na n\u011bm\u017e se mimochodem nechal vylou\u010dit Duffy, b\u00fdval\u00fd hr\u00e1\u010d Toffees. Coleman op\u011bt vyb\u011bhl s kapit\u00e1nskou p\u00e1skou a nav\u00e1zal stabiln\u00ed v\u00fdkony, naopak McCarthy, tak\u00e9 \u010dlen z\u00e1kladn\u00ed sestavy, zase pro jednou uv\u00edzl v pr\u016fm\u011bru, na \u0161ampion\u00e1tu se od n\u011bj \u010dekalo v\u00edce.<\/p>\n<p><strong>Francie &#8211; Irsko 2:1 (0:1)<\/strong><br \/>\n<strong>Branky: <\/strong>58. a 61. Antoine Griezmann &#8211; 2. Robbie Brady (pen.)<br \/>\n<strong>\u010cK:<\/strong> 66. Shane Duffy<br \/>\n<strong>Francie: <\/strong>Hugo Lloris, Bacary Sagna, Adil Rami, Laurent Koscielny, Patrice Evra, N&#8217;Golo Kant\u00e9 (46. Kingsley Coman, 90+3. Moussa Sissoko), Blaise Matuidi, Paul Pogba, Dimitri Payet, Antoine Griezmann, Olivier Giroud (73. Andr\u00e9-Pierre Gignac)<br \/>\n<strong>Irsko: <\/strong>Darren Randolph, S\u00e9amus Coleman, Shane Duffy, Richard Keogh, Stephen Ward, James McClean (68. John O&#8217;Shea), Jeffrey Hendrick, James McCarthy (71. Wes Hoolahan), Robbie Brady, Daryl Murphy (65. Jonathan Walters), Shane Long<\/p>\n<p><em>25.6.<\/em> &#8211; \u0160v\u00fdcarsko sv\u016fj v\u00fdkon gradovalo s p\u0159ib\u00fdvaj\u00edc\u00edm \u010dasem, po vyrovn\u00e1n\u00ed sahalo po postupu hlavn\u011b v prodlou\u017een\u00ed, nakonec v\u0161ak neprom\u011bnilo jednu penaltu v rozst\u0159elo a s Franci\u00ed se lou\u010d\u00ed. P\u0159i derni\u00e9\u0159e se Tarashaj nep\u0159edstavil.<\/p>\n<p><strong>\u0160v\u00fdcarsko &#8211; Polsko\u00a01:1, 4:5 pen. (0:1, 1:1)<\/strong><br \/>\n<strong>Branky: <\/strong>82. Xherdan Shaqiri &#8211; 39. Jakub B\u0142aszczykowski<br \/>\n<strong>\u0160v\u00fdcarsko: <\/strong>Yann Sommer, Stephan Lichtsteiner, Johan Djourou, Fabian Sch\u00e4r, Ricardo Rodr\u00edguez, Valon Behrami (77. Gelson Fernandes), Blerim D\u017eemaili (58. Breel Embolo), Xherdan Shaqiri, Granit Xhaka, Admir Mehmedi (70. Eren Derdiyok), Haris Seferovi\u0107<br \/>\n<strong>Polsko:<\/strong> \u0141ukasz Fabia\u0144ski, \u0141ukasz Piszczek, Kamil Glik, Micha\u0142 Pazdan, Artur J\u0119drzejczyk, Jakub B\u0142aszczykowski, Krzysztof M\u0105czy\u0144ski (101. Tomasz Jod\u0142owiec), Grzegorz Krychowiak, Kamil Grosicki (104. S\u0142awomir Peszko), Robert Lewandowski, Arkadiusz Milik<\/p>\n<h4><strong>Z\u00e1kladn\u00ed skupiny<\/strong><\/h4>\n<p><em>22.6.<\/em> &#8211; Belgie nenav\u00e1zala na druh\u00e9 st\u0159etnut\u00ed a proti \u0161patn\u00e9mu \u0160v\u00e9dsku sice bere t\u0159i body, ov\u0161em jej\u00ed fanou\u0161ci od t\u00fdmu asi st\u00e1le o\u010dek\u00e1vaj\u00ed v\u00edce. Romelu Lukaku zahodil jednu vylo\u017eenou \u0161anci, kdy\u017e neprom\u011bnil \u00faprk na branka\u0159e. Ve zbytku ve\u010dera (stejn\u011b jako jeho spoluhr\u00e1\u010di) zaostal za o\u010dek\u00e1v\u00e1n\u00edmi.<\/p>\n<p><strong>\u0160v\u00e9dsko &#8211; Belgie 0:1 (0:0)<\/strong><br \/>\n<strong>Branka:<\/strong> 84. Radja Nainggolan<br \/>\n<strong>\u0160v\u00e9dsko:<\/strong> Andreas Isaksson, Viktor Lindel\u00f6f, Erik Johansson, Andreas Granqvist, Martin Olsson, Sebastian Larsson (70. Jimmy Durmaz), Albin Ekdal, Kim K\u00e4llstr\u00f6m, Emil Forsberg (82. Erkan Zengin), Marcus Berg (63. John Guidetti), Zlatan Ibrahimovi\u0107<br \/>\n<strong>Belgie:<\/strong> Thibaut Courtois, Thomas Meunier, Toby Alderweireld, Thomas Vermaelen, Jan Vertonghen, Radja Nainggolan, Axel Witsel, Kevin De Bruyne, Eden Hazard (90+3. Divock Origi), Yannick Ferreira-Carrasco (71. Dries Mertens), Romelu Lukaku (87. Christian Benteke)<\/p>\n<p><em>22.6.<\/em> &#8211; Hou\u017eevnat\u00ed Irov\u00e9 si zajistili postup do vy\u0159azovac\u00ed f\u00e1ze a\u017e v posledn\u00edm skupinov\u00e9m kole a p\u011bt minut p\u0159ed z\u00e1v\u011bre\u010dn\u00fdm hvizdem. P\u0159i v\u00fdh\u0159e nad It\u00e1li\u00ed se op\u011bt mohli op\u0159\u00edt o jist\u00e9ho kapit\u00e1na Seamuse Colemana a i James McCarthy kone\u010dn\u011b p\u0159edvedl p\u011bkn\u00fd v\u00fdkon. V z\u00e1v\u011bru Aiden McGeady tradi\u010dn\u011b p\u0159i\u0161el rozh\u00fdbat unaven\u00e9 soupe\u0159ovi obr\u00e1nce.<\/p>\n<p><strong>It\u00e1lie &#8211; Irsko 0:1 (0:0)<\/strong><br \/>\n<strong>Branka:<\/strong> 85. Robbie Brady<br \/>\n<strong>It\u00e1lie:<\/strong> Salvatore Sirigu, Andrea Barzagli, Leonardo Bonucci, Angelo Ogbonna, Mattia De Sciglio (81. Stephan El Shaarawy), Stefano Sturaro, Thiago Motta, Alessandro Florenzi, Federico Bernardeschi (60. Matteo Darmian), Simone Zaza, Ciro Immobile (74. Lorenzo Insigne)<br \/>\n<strong>Irsko:<\/strong> Darren Randolph, S\u00e9amus Coleman, Shane Duffy, Richard Keogh, Stephen Ward, Jeffrey Hendrick, James McClean, James McCarthy (77. Wes Hoolahan), Robbie Brady, Daryl Murphy (70. Aiden McGeady), Shane Long (90. Stephen Quinn)<\/p>\n<p><em>20.6.<\/em> &#8211; John Stones, Ross Barkley a dva n\u00e1hradn\u00ed branka\u0159i jsou jedin\u00ed \u010dlenov\u00e9 k\u00e1dru Albionu, kte\u0159\u00ed si nezahr\u00e1li ve t\u0159ech skupinov\u00fdch utk\u00e1n\u00edch. Toffees nedostali prostor ani v obm\u011bn\u011bn\u00e9 sestav\u011b proti Slovensku. \u0160koda Barkley, hlavn\u011b v pr\u016fb\u011bhu druh\u00e9ho polo\u010dasu, kdy Slov\u00e1ci kompaktn\u011b br\u00e1nili, po n\u011bm tren\u00e9r Hodgson mohl s\u00e1hnout. Ka\u017edop\u00e1dn\u011b bezbrankov\u00e1 rem\u00edza zajistila Ostrovan\u016fm postup do osmifin\u00e1le.<\/p>\n<p><strong>Slovensko &#8211; Anglie 0:0 (0:0)<\/strong><br \/>\n<strong>Slovensko:<\/strong> Mat\u00fa\u0161 Koz\u00e1\u010dik, Peter Pekar\u00edk, Martin \u0160krtel, J\u00e1n \u010eurica, Tom\u00e1\u0161 Hubo\u010dan, R\u00f3bert Mak, Juraj Kucka, Viktor Pe\u010dovsk\u00fd (67. Norbert Gy\u00f6mb\u00e9r), Marek Ham\u0161\u00edk, Vladim\u00edr Weiss (78. Milan \u0160kriniar), Ondrej Duda (57. Du\u0161an \u0160vento)<br \/>\n<strong>Anglie:<\/strong> Joe Hart, Nathaniel Clyne, Gary Cahill, Chris Smalling, Ryan Bertrand, Eric Dier, Jordan Henderson, Jack Wilshere (56. Wayne Rooney), Adam Lallana (60. Dele Alli), Jamie Vardy, Daniel Sturridge (76. Harry Kane)<\/p>\n<p><em>19.6.<\/em> &#8211; \u0160v\u00fdcarsko se probojovalo do osmifin\u00e1le z druh\u00e9ho m\u00edsta skupiny A. Shani Tarashaj sledoval o\u010dek\u00e1vanou rem\u00edzou s hostitelem turnaje jenom z lavi\u010dky.<\/p>\n<p><strong>\u0160v\u00fdcarsko &#8211; Francie 0:0 (0:0)<\/strong><br \/>\n<strong>\u0160v\u00fdcarsko: <\/strong>Yann Sommer, Stephan Lichtsteiner, Fabian Sch\u00e4r, Johan Djourou, Ricardo Rodr\u00edguez, Valon Behrami, Granit Xhaka, Xherdan Shaqiri (79. Gelson Fernandes), Blerim D\u017eemaili, Admir Mehmedi (86. Michael Lang), Breel Embolo (74. Haris Seferovi\u0107)<br \/>\n<strong>Francie: <\/strong>Hugo Lloris, Bacary Sagna, Adil Rami, Laurent Koscielny, Patrice Evra, Moussa Sissoko, Yohan Cabaye, Paul Pogba, Antoine Griezmann (77. Blaise Matuidi), Andr\u00e9-Pierre Gignac, Kingsley Coman (63. Dimitri Payet)<\/p>\n<p><em>18.6.<\/em> &#8211; Belgi\u010dan\u00e9 napravili \u00favodn\u00ed zav\u00e1h\u00e1n\u00ed a d\u00edky zm\u011bn\u00e1m v sestav\u011b a taktice p\u0159ejeli Iry rozd\u00edlem t\u0159\u00eddy. Na debaklu se pod\u00edlel dvoubrankov\u00fd Lukaku, kter\u00fd rozesmutn\u011bl soupe\u0159ovu trojici klubov\u00fdch spoluhr\u00e1\u010d\u016f, z nich\u017e nejv\u00edce (op\u011bt) zklamal\u00a0McCarthy.<\/p>\n<p><strong>Belgie &#8211; Irsko 3:0 (0:0)<\/strong><br \/>\n<strong>Branky: <\/strong>48. a 70. Romelu Lukaku, 61. Axel Witsel<br \/>\n<strong>Belgie:<\/strong> Thibaut Courtois, Thomas Meunier, Toby Alderweireld, Thomas Vermaelen, Jan Vertonghen, Axel Witsel, Mousa Demb\u00e9l\u00e9 (57. Radja Nainggolan), Kevin De Bruyne, Eden Hazard, Yannick Ferreira-Carrasco (64. Dries Mertens), Romelu Lukaku (83. Christian Benteke)<br \/>\n<strong>Irsko:<\/strong> Darren Randolph, S\u00e9amus Coleman, John O&#8217;Shea, Ciaran Clark, Stephen Ward, Jeffrey Hendrick, Glenn Whelan, James McCarthy (62. James McClean), Robbie Brady, Wes Hoolahan (71. Aiden McGeady), Shane Long (79. Robbie Keane)<\/p>\n<p><em>16.6.<\/em> &#8211; Albion s vyp\u011bt\u00edm v\u0161ech sil oto\u010dil ostrovn\u00ed derby s Walesem a nakro\u010dil do osmifin\u00e1le. Bohu\u017eel Stones ani Barkley op\u011bt nedostali \u017e\u00e1dn\u00fd prostor.<\/p>\n<p><strong>Anglie &#8211; Wales 2:1 (0:1)<\/strong><br \/>\n<strong>Branky: <\/strong>56. Jamie Vardy, 90+2. Daniel Sturridge &#8211; 42. Gareth Bale<br \/>\n<strong>Anglie:<\/strong> Joe Hart, Kyle Walker, Gary Cahill, Chris Smalling, Danny Rose, Eric Dier, Dele Alli, Adam Lallana (73. Marcus Rashford), Raheem Sterling (46. Daniel Sturridge), Wayne Rooney, Harry Kane (46. Jamie Vardy)<br \/>\n<strong>Wales: <\/strong>Wayne Hennessey, Chris Gunter, James Chester, Ashley Williams, Ben Davies, Neil Taylor, Joe Allen, Joe Ledley (67. David Edwards), Aaron Ramsey, Gareth Bale, Hal Robson-Kanu (72. Jonathan Williams)<\/p>\n<p><em>15.6.<\/em> &#8211; Po spravedliv\u00e9 rem\u00edze s Rumunskem si \u0160v\u00fdca\u0159i patrn\u011b zajistili postup do osmifin\u00e1le. Tarashaj, letn\u00ed posila Evertonu, si odbyl debut na \u0161ampion\u00e1tu v posledn\u00edch vte\u0159in\u00e1ch st\u0159etnut\u00ed.<\/p>\n<p><strong>Rumusko &#8211; \u0160v\u00fdcarsko 1:1 (1:0)<\/strong><br \/>\n<strong>Branky:<\/strong> 18. Bogdan Stancu (pen.) &#8211; 57. Admir Mehmedi<br \/>\n<strong>Rumunsko: <\/strong>Ciprian T\u0103t\u0103ru\u015fanu, Cristian S\u0103punaru, Vlad Chiriche\u015f, Drago\u015f Grigore, R\u0103zvan Ra\u0163 (62. Steliano Filip), Andrei Prepeli\u0163\u0103, Mihai Pintilii (46. Ovidiu Hoban), Gabriel Torje, Bogdan Stancu (84. Florin Andone), Alexandru Chipciu, Claudiu Keser\u00fc<br \/>\n<strong>\u0160v\u00fdcarsko:<\/strong> Yann Sommer, Stephan Lichtsteiner, Fabian Sch\u00e4r, Johan Djourou, Ricardo Rodr\u00edguez, Valon Behrami, Granit Xhaka, Xherdan Shaqiri (90+1. Shani Tarashaj), Blerim D\u017eemaili (83. Michael Lang), Admir Mehmedi, Haris Seferovi\u0107 (63. Breel Embolo)<\/p>\n<p><em>13.6.<\/em> &#8211; Na \u00favod se potvrdilo, \u017ee nejv\u011bt\u0161\u00ed slabinou nadupan\u00e9ho v\u00fdb\u011bru Belgie m\u016f\u017ee b\u00fdt jej\u00ed tren\u00e9r. Wilmotse takticky absolutn\u011b p\u0159ed\u010dil jeho prot\u011bj\u0161ek Conte a It\u00e1lov\u00e9 zaslou\u017een\u011b triumfovali. Nev\u00fdrazn\u00fd Lukaku byl vyst\u0159\u00edd\u00e1n ve druh\u00e9m polo\u010dasu.<\/p>\n<p><strong>Belgie &#8211; It\u00e1lie 0:2 (0:1)<\/strong><br \/>\n<strong>Branky:<\/strong> 32. Emanuele Giaccherini, 90+3. Graziano Pell\u00e8<br \/>\n<strong>Belgie: <\/strong>Thibaut Courtois, Laurent Ciman (76. Yannick Ferreira-Carrasco), Toby Alderweireld, Thomas Vermaelen, Jan Vertonghen, Radja Nainggolan (62. Dries Mertens), Axel Witsel, Kevin De Bruyne, Marouane Fellaini, Eden Hazard, Romelu Lukaku (73. Divock Origi)<br \/>\n<strong>It\u00e1lie:<\/strong> Gianluigi Buffon, Andrea Barzagli, Leonardo Bonucci, Giorgio Chiellini, Matteo Darmian (58. Mattia De Sciglio), Antonio Candreva, Marco Parolo, Daniele De Rossi (78. Thiago Motta), Emanuele Giaccherini, Graziano Pell\u00e8, \u00c9der (75. Ciro Immobile)<\/p>\n<p><em>13.6<\/em>. &#8211; Kr\u00e1sn\u00e9\u00a0Saint-Denis si okusili Seamus Coleman a James McCarthy, proti \u0160v\u00e9dsku nominovan\u00ed do z\u00e1kladn\u00ed sestavy. Lep\u0161\u00ed v\u00fdkon podal prvn\u011b jmenovan\u00fd, dokonce asistoval u otev\u00edrac\u00ed g\u00f3lu. Nicm\u00e9n\u011b radost mu zkazil smola\u0159 Clark s vlastn\u00ed brankou, a tak se body d\u011blily. Na z\u00e1v\u011bre\u010dn\u00e9 minuty McGeady vyst\u0159\u00eddal McCarthyho.<\/p>\n<p><strong>Irsko &#8211; \u0160v\u00e9dsko 1:1 (0:0)<\/strong><br \/>\n<strong>Branky:<\/strong> 48. Wes Hoolahan &#8211; 71. Ciaran Clark (vl.)<br \/>\n<strong>Irsko:<\/strong> Darren Randolph, S\u00e9amus Coleman, John O&#8217;Shea, Ciaran Clark, Robbie Brady, James McCarthy (85. Aiden McGeady), Glenn Whelan, Jeffrey Hendrick, Wes Hoolahan (78. Robbie Keane), Jonathan Walters (64. James McClean), Shane Long<br \/>\n<strong>\u0160v\u00e9dsko: <\/strong>Andreas Isaksson, Mikael Lustig (45. Erik Johansson), Viktor Lindel\u00f6f, Andreas Granqvist, Martin Olsson, Sebastian Larsson, Oscar Lewicki (86. Albin Ekdal), Kim K\u00e4llstr\u00f6m, Emil Forsberg, Marcus Berg (59. John Guidetti), Zlatan Ibrahimovi\u0107<\/p>\n<p><em>11.6.<\/em> &#8211; Velk\u00e9 zklam\u00e1n\u00ed musel na \u00favod polknout Albion. Dobr\u00fd projev nepodtrhl v\u00edce ne\u017e jednou vst\u0159elenou brankou, co\u017e se mu vymstilo v z\u00e1v\u011bru, kdy soupe\u0159 vyrovnal z rohov\u00e9ho kopu. Stones a Barkley \u0161ampion\u00e1t za\u010d\u00ednaj\u00ed mezi nahr\u00e1dn\u00edky, p\u0159i premi\u00e9\u0159e si nekopli.<\/p>\n<p><strong>Anglie &#8211; Rusko 1:1 (0:0)<\/strong><br \/>\n<strong>Branky:<\/strong> 73. Eric Dier &#8211; 90+2. Vasilij Berezuckij<br \/>\n<strong>Anglie: <\/strong>Joe Hart, Kyle Walker, Gary Cahill, Chris Smalling, Danny Rose, Eric Dier, Dele Alli, Adam Lallana, Raheem Sterling (87. James Milner), Wayne Rooney (78. Jack Wilshere), Harry Kane<br \/>\n<strong>Rusko: <\/strong>Igor Akinfejev, Igor Smolnikov, Sergej Igna\u0161evi\u010d, Vasilij Berezuckij, Georgij \u0160\u010dennikov, Roman Neust\u00e4dter (80. Denis Glu\u0161akov), Aleksandr Golovin (77. Roman \u0160irokov), Oleg \u0160atov, Fedor Smolov (85. Pavel Mamajev), Aleksandr Kokorin, Artjom Dzjuba<\/p>\n<p><em>11.6.<\/em> &#8211; \u0160v\u00fdca\u0159i vstoupili do turnaje \u00fasp\u011b\u0161n\u011b, hern\u011b sice neoslnili, ale po\u010d\u00edtaj\u00ed se t\u0159i body. Shani Tarashaj bude, pokud se nestane n\u011bco z\u00e1sadn\u00edho, plnit roli n\u00e1hradn\u00edka. V \u00favodn\u00edm utk\u00e1n\u00ed se n\u011bj nedostalo.<\/p>\n<p><strong>Alb\u00e1nie &#8211; \u0160v\u00fdcarsko 0:1 (0:1)<\/strong><br \/>\n<strong>Branka: <\/strong>5. Fabian Sch\u00e4r<br \/>\n<strong>Alb\u00e1nie:<\/strong> Etrit Berisha, Elseid Hysaj, Lorik Cana, Mergim Mavraj, Ansi Agolli, Burim Kukeli, Taulant Xhaka (62. Ergys Ka\u00e7e), Odise Roshi (74. Sokol \u00c7ikalleshi), Amir Abrashi, Ermir Lenjani, Armando Sadiku (82. Shk\u00eblzen Gashi)<br \/>\n<strong>\u0160v\u00fdcarsko:<\/strong> Yann Sommer, Stephan Lichtsteiner, Fabian Sch\u00e4r, Johan Djourou, Ricardo Rodr\u00edguez, Valon Behrami, Blerim D\u017eemaili (76. Fabian Frei), Granit Xhaka, Xherdan Shaqiri (88. Gelson Fernandes), Haris Seferovi\u0107, Admir Mehmedi (62. Breel Embolo)<\/p>\n<\/div>\n","protected":false},"excerpt":{"rendered":"<p>Vrcholu leto\u0161n\u00edho fotbalov\u00e9ho roku se \u00fa\u010dastn\u00ed i sedm hr\u00e1\u010d\u016f Evertonu. Na mistrovstv\u00ed Evropy odcestovali Shani Tarashaj, John Stones, Ross Barkley,&hellip;<\/p>\n","protected":false},"author":6,"featured_media":1313,"comment_status":"open","ping_status":"closed","sticky":false,"template":"","format":"standard","meta":{"_eb_attr":"","_monsterinsights_skip_tracking":false,"_monsterinsights_sitenote_active":false,"_monsterinsights_sitenote_note":"","_monsterinsights_sitenote_category":0,"footnotes":""},"categories":[42],"tags":[],"yoast_head":"<!-- This site is optimized with the Yoast SEO plugin v23.4 - https:\/\/yoast.com\/wordpress\/plugins\/seo\/ -->\n<title>Toffees ve Francii - Official Czech &amp; Slovak Everton Supporters&#039; Club<\/title>\n<meta name=\"robots\" content=\"index, follow, max-snippet:-1, max-image-preview:large, max-video-preview:-1\" \/>\n<link rel=\"canonical\" href=\"https:\/\/evertonfc.cz\/index.php\/2016\/07\/02\/toffees-ve-francii\/\" \/>\n<meta property=\"og:locale\" content=\"cs_CZ\" \/>\n<meta property=\"og:type\" content=\"article\" \/>\n<meta property=\"og:title\" content=\"Toffees ve Francii - Official Czech &amp; Slovak Everton Supporters&#039; Club\" \/>\n<meta property=\"og:description\" content=\"Vrcholu leto\u0161n\u00edho fotbalov\u00e9ho roku se \u00fa\u010dastn\u00ed i sedm hr\u00e1\u010d\u016f Evertonu. Na mistrovstv\u00ed Evropy odcestovali Shani Tarashaj, John Stones, Ross Barkley,&hellip;\" \/>\n<meta property=\"og:url\" content=\"https:\/\/evertonfc.cz\/index.php\/2016\/07\/02\/toffees-ve-francii\/\" \/>\n<meta property=\"og:site_name\" content=\"Official Czech &amp; Slovak Everton Supporters&#039; Club\" \/>\n<meta property=\"article:publisher\" content=\"https:\/\/www.facebook.com\/everton.fans.cz.sk\" \/>\n<meta property=\"article:published_time\" content=\"2016-07-02T19:01:02+00:00\" \/>\n<meta property=\"article:modified_time\" content=\"2019-02-11T22:08:15+00:00\" \/>\n<meta property=\"og:image\" content=\"https:\/\/evertonfc.cz\/wp-content\/uploads\/2019\/01\/news.jpg\" \/>\n\t<meta property=\"og:image:width\" content=\"720\" \/>\n\t<meta property=\"og:image:height\" content=\"405\" \/>\n\t<meta property=\"og:image:type\" content=\"image\/jpeg\" \/>\n<meta name=\"author\" content=\"Ri\u010di\" \/>\n<meta name=\"twitter:card\" content=\"summary_large_image\" \/>\n<meta name=\"twitter:creator\" content=\"@rbrejsa\" \/>\n<meta name=\"twitter:label1\" content=\"Napsal(a)\" \/>\n\t<meta name=\"twitter:data1\" content=\"Ri\u010di\" \/>\n\t<meta name=\"twitter:label2\" content=\"Odhadovan\u00e1 doba \u010dten\u00ed\" \/>\n\t<meta name=\"twitter:data2\" content=\"11 minut\" \/>\n<script type=\"application\/ld+json\" class=\"yoast-schema-graph\">{\"@context\":\"https:\/\/schema.org\",\"@graph\":[{\"@type\":\"Article\",\"@id\":\"https:\/\/evertonfc.cz\/index.php\/2016\/07\/02\/toffees-ve-francii\/#article\",\"isPartOf\":{\"@id\":\"https:\/\/evertonfc.cz\/index.php\/2016\/07\/02\/toffees-ve-francii\/\"},\"author\":{\"name\":\"Ri\u010di\",\"@id\":\"https:\/\/evertonfc.cz\/#\/schema\/person\/f7a5daedb2ffee98480bc70e191aaef1\"},\"headline\":\"Toffees ve Francii\",\"datePublished\":\"2016-07-02T19:01:02+00:00\",\"dateModified\":\"2019-02-11T22:08:15+00:00\",\"mainEntityOfPage\":{\"@id\":\"https:\/\/evertonfc.cz\/index.php\/2016\/07\/02\/toffees-ve-francii\/\"},\"wordCount\":2187,\"commentCount\":0,\"publisher\":{\"@id\":\"https:\/\/evertonfc.cz\/#organization\"},\"image\":{\"@id\":\"https:\/\/evertonfc.cz\/index.php\/2016\/07\/02\/toffees-ve-francii\/#primaryimage\"},\"thumbnailUrl\":\"https:\/\/evertonfc.cz\/wp-content\/uploads\/2019\/01\/news.jpg\",\"articleSection\":[\"Aktuality\"],\"inLanguage\":\"cs\",\"potentialAction\":[{\"@type\":\"CommentAction\",\"name\":\"Comment\",\"target\":[\"https:\/\/evertonfc.cz\/index.php\/2016\/07\/02\/toffees-ve-francii\/#respond\"]}]},{\"@type\":\"WebPage\",\"@id\":\"https:\/\/evertonfc.cz\/index.php\/2016\/07\/02\/toffees-ve-francii\/\",\"url\":\"https:\/\/evertonfc.cz\/index.php\/2016\/07\/02\/toffees-ve-francii\/\",\"name\":\"Toffees ve Francii - Official Czech &amp; Slovak Everton Supporters&#039; Club\",\"isPartOf\":{\"@id\":\"https:\/\/evertonfc.cz\/#website\"},\"primaryImageOfPage\":{\"@id\":\"https:\/\/evertonfc.cz\/index.php\/2016\/07\/02\/toffees-ve-francii\/#primaryimage\"},\"image\":{\"@id\":\"https:\/\/evertonfc.cz\/index.php\/2016\/07\/02\/toffees-ve-francii\/#primaryimage\"},\"thumbnailUrl\":\"https:\/\/evertonfc.cz\/wp-content\/uploads\/2019\/01\/news.jpg\",\"datePublished\":\"2016-07-02T19:01:02+00:00\",\"dateModified\":\"2019-02-11T22:08:15+00:00\",\"breadcrumb\":{\"@id\":\"https:\/\/evertonfc.cz\/index.php\/2016\/07\/02\/toffees-ve-francii\/#breadcrumb\"},\"inLanguage\":\"cs\",\"potentialAction\":[{\"@type\":\"ReadAction\",\"target\":[\"https:\/\/evertonfc.cz\/index.php\/2016\/07\/02\/toffees-ve-francii\/\"]}]},{\"@type\":\"ImageObject\",\"inLanguage\":\"cs\",\"@id\":\"https:\/\/evertonfc.cz\/index.php\/2016\/07\/02\/toffees-ve-francii\/#primaryimage\",\"url\":\"https:\/\/evertonfc.cz\/wp-content\/uploads\/2019\/01\/news.jpg\",\"contentUrl\":\"https:\/\/evertonfc.cz\/wp-content\/uploads\/2019\/01\/news.jpg\",\"width\":720,\"height\":405},{\"@type\":\"BreadcrumbList\",\"@id\":\"https:\/\/evertonfc.cz\/index.php\/2016\/07\/02\/toffees-ve-francii\/#breadcrumb\",\"itemListElement\":[{\"@type\":\"ListItem\",\"position\":1,\"name\":\"Home\",\"item\":\"https:\/\/evertonfc.cz\/\"},{\"@type\":\"ListItem\",\"position\":2,\"name\":\"Toffees ve Francii\"}]},{\"@type\":\"WebSite\",\"@id\":\"https:\/\/evertonfc.cz\/#website\",\"url\":\"https:\/\/evertonfc.cz\/\",\"name\":\"Official Czech &amp; Slovak Everton Supporters&#039; Club\",\"description\":\"\",\"publisher\":{\"@id\":\"https:\/\/evertonfc.cz\/#organization\"},\"potentialAction\":[{\"@type\":\"SearchAction\",\"target\":{\"@type\":\"EntryPoint\",\"urlTemplate\":\"https:\/\/evertonfc.cz\/?s={search_term_string}\"},\"query-input\":{\"@type\":\"PropertyValueSpecification\",\"valueRequired\":true,\"valueName\":\"search_term_string\"}}],\"inLanguage\":\"cs\"},{\"@type\":\"Organization\",\"@id\":\"https:\/\/evertonfc.cz\/#organization\",\"name\":\"Official Czech & Slovak Everton Supporters' Club\",\"url\":\"https:\/\/evertonfc.cz\/\",\"logo\":{\"@type\":\"ImageObject\",\"inLanguage\":\"cs\",\"@id\":\"https:\/\/evertonfc.cz\/#\/schema\/logo\/image\/\",\"url\":\"https:\/\/evertonfc.cz\/wp-content\/uploads\/2019\/05\/logo.png\",\"contentUrl\":\"https:\/\/evertonfc.cz\/wp-content\/uploads\/2019\/05\/logo.png\",\"width\":112,\"height\":112,\"caption\":\"Official Czech & Slovak Everton Supporters' Club\"},\"image\":{\"@id\":\"https:\/\/evertonfc.cz\/#\/schema\/logo\/image\/\"},\"sameAs\":[\"https:\/\/www.facebook.com\/everton.fans.cz.sk\"]},{\"@type\":\"Person\",\"@id\":\"https:\/\/evertonfc.cz\/#\/schema\/person\/f7a5daedb2ffee98480bc70e191aaef1\",\"name\":\"Ri\u010di\",\"sameAs\":[\"https:\/\/x.com\/rbrejsa\"],\"url\":\"https:\/\/evertonfc.cz\/index.php\/author\/rici\/\"}]}<\/script>\n<!-- \/ Yoast SEO plugin. -->","yoast_head_json":{"title":"Toffees ve Francii - Official Czech &amp; Slovak Everton Supporters&#039; Club","robots":{"index":"index","follow":"follow","max-snippet":"max-snippet:-1","max-image-preview":"max-image-preview:large","max-video-preview":"max-video-preview:-1"},"canonical":"https:\/\/evertonfc.cz\/index.php\/2016\/07\/02\/toffees-ve-francii\/","og_locale":"cs_CZ","og_type":"article","og_title":"Toffees ve Francii - Official Czech &amp; Slovak Everton Supporters&#039; Club","og_description":"Vrcholu leto\u0161n\u00edho fotbalov\u00e9ho roku se \u00fa\u010dastn\u00ed i sedm hr\u00e1\u010d\u016f Evertonu. Na mistrovstv\u00ed Evropy odcestovali Shani Tarashaj, John Stones, Ross Barkley,&hellip;","og_url":"https:\/\/evertonfc.cz\/index.php\/2016\/07\/02\/toffees-ve-francii\/","og_site_name":"Official Czech &amp; Slovak Everton Supporters&#039; Club","article_publisher":"https:\/\/www.facebook.com\/everton.fans.cz.sk","article_published_time":"2016-07-02T19:01:02+00:00","article_modified_time":"2019-02-11T22:08:15+00:00","og_image":[{"width":720,"height":405,"url":"https:\/\/evertonfc.cz\/wp-content\/uploads\/2019\/01\/news.jpg","type":"image\/jpeg"}],"author":"Ri\u010di","twitter_card":"summary_large_image","twitter_creator":"@rbrejsa","twitter_misc":{"Napsal(a)":"Ri\u010di","Odhadovan\u00e1 doba \u010dten\u00ed":"11 minut"},"schema":{"@context":"https:\/\/schema.org","@graph":[{"@type":"Article","@id":"https:\/\/evertonfc.cz\/index.php\/2016\/07\/02\/toffees-ve-francii\/#article","isPartOf":{"@id":"https:\/\/evertonfc.cz\/index.php\/2016\/07\/02\/toffees-ve-francii\/"},"author":{"name":"Ri\u010di","@id":"https:\/\/evertonfc.cz\/#\/schema\/person\/f7a5daedb2ffee98480bc70e191aaef1"},"headline":"Toffees ve Francii","datePublished":"2016-07-02T19:01:02+00:00","dateModified":"2019-02-11T22:08:15+00:00","mainEntityOfPage":{"@id":"https:\/\/evertonfc.cz\/index.php\/2016\/07\/02\/toffees-ve-francii\/"},"wordCount":2187,"commentCount":0,"publisher":{"@id":"https:\/\/evertonfc.cz\/#organization"},"image":{"@id":"https:\/\/evertonfc.cz\/index.php\/2016\/07\/02\/toffees-ve-francii\/#primaryimage"},"thumbnailUrl":"https:\/\/evertonfc.cz\/wp-content\/uploads\/2019\/01\/news.jpg","articleSection":["Aktuality"],"inLanguage":"cs","potentialAction":[{"@type":"CommentAction","name":"Comment","target":["https:\/\/evertonfc.cz\/index.php\/2016\/07\/02\/toffees-ve-francii\/#respond"]}]},{"@type":"WebPage","@id":"https:\/\/evertonfc.cz\/index.php\/2016\/07\/02\/toffees-ve-francii\/","url":"https:\/\/evertonfc.cz\/index.php\/2016\/07\/02\/toffees-ve-francii\/","name":"Toffees ve Francii - Official Czech &amp; Slovak Everton Supporters&#039; Club","isPartOf":{"@id":"https:\/\/evertonfc.cz\/#website"},"primaryImageOfPage":{"@id":"https:\/\/evertonfc.cz\/index.php\/2016\/07\/02\/toffees-ve-francii\/#primaryimage"},"image":{"@id":"https:\/\/evertonfc.cz\/index.php\/2016\/07\/02\/toffees-ve-francii\/#primaryimage"},"thumbnailUrl":"https:\/\/evertonfc.cz\/wp-content\/uploads\/2019\/01\/news.jpg","datePublished":"2016-07-02T19:01:02+00:00","dateModified":"2019-02-11T22:08:15+00:00","breadcrumb":{"@id":"https:\/\/evertonfc.cz\/index.php\/2016\/07\/02\/toffees-ve-francii\/#breadcrumb"},"inLanguage":"cs","potentialAction":[{"@type":"ReadAction","target":["https:\/\/evertonfc.cz\/index.php\/2016\/07\/02\/toffees-ve-francii\/"]}]},{"@type":"ImageObject","inLanguage":"cs","@id":"https:\/\/evertonfc.cz\/index.php\/2016\/07\/02\/toffees-ve-francii\/#primaryimage","url":"https:\/\/evertonfc.cz\/wp-content\/uploads\/2019\/01\/news.jpg","contentUrl":"https:\/\/evertonfc.cz\/wp-content\/uploads\/2019\/01\/news.jpg","width":720,"height":405},{"@type":"BreadcrumbList","@id":"https:\/\/evertonfc.cz\/index.php\/2016\/07\/02\/toffees-ve-francii\/#breadcrumb","itemListElement":[{"@type":"ListItem","position":1,"name":"Home","item":"https:\/\/evertonfc.cz\/"},{"@type":"ListItem","position":2,"name":"Toffees ve Francii"}]},{"@type":"WebSite","@id":"https:\/\/evertonfc.cz\/#website","url":"https:\/\/evertonfc.cz\/","name":"Official Czech &amp; Slovak Everton Supporters&#039; Club","description":"","publisher":{"@id":"https:\/\/evertonfc.cz\/#organization"},"potentialAction":[{"@type":"SearchAction","target":{"@type":"EntryPoint","urlTemplate":"https:\/\/evertonfc.cz\/?s={search_term_string}"},"query-input":{"@type":"PropertyValueSpecification","valueRequired":true,"valueName":"search_term_string"}}],"inLanguage":"cs"},{"@type":"Organization","@id":"https:\/\/evertonfc.cz\/#organization","name":"Official Czech & Slovak Everton Supporters' Club","url":"https:\/\/evertonfc.cz\/","logo":{"@type":"ImageObject","inLanguage":"cs","@id":"https:\/\/evertonfc.cz\/#\/schema\/logo\/image\/","url":"https:\/\/evertonfc.cz\/wp-content\/uploads\/2019\/05\/logo.png","contentUrl":"https:\/\/evertonfc.cz\/wp-content\/uploads\/2019\/05\/logo.png","width":112,"height":112,"caption":"Official Czech & Slovak Everton Supporters' Club"},"image":{"@id":"https:\/\/evertonfc.cz\/#\/schema\/logo\/image\/"},"sameAs":["https:\/\/www.facebook.com\/everton.fans.cz.sk"]},{"@type":"Person","@id":"https:\/\/evertonfc.cz\/#\/schema\/person\/f7a5daedb2ffee98480bc70e191aaef1","name":"Ri\u010di","sameAs":["https:\/\/x.com\/rbrejsa"],"url":"https:\/\/evertonfc.cz\/index.php\/author\/rici\/"}]}},"_links":{"self":[{"href":"https:\/\/evertonfc.cz\/index.php\/wp-json\/wp\/v2\/posts\/3604"}],"collection":[{"href":"https:\/\/evertonfc.cz\/index.php\/wp-json\/wp\/v2\/posts"}],"about":[{"href":"https:\/\/evertonfc.cz\/index.php\/wp-json\/wp\/v2\/types\/post"}],"author":[{"embeddable":true,"href":"https:\/\/evertonfc.cz\/index.php\/wp-json\/wp\/v2\/users\/6"}],"replies":[{"embeddable":true,"href":"https:\/\/evertonfc.cz\/index.php\/wp-json\/wp\/v2\/comments?post=3604"}],"version-history":[{"count":5,"href":"https:\/\/evertonfc.cz\/index.php\/wp-json\/wp\/v2\/posts\/3604\/revisions"}],"predecessor-version":[{"id":3708,"href":"https:\/\/evertonfc.cz\/index.php\/wp-json\/wp\/v2\/posts\/3604\/revisions\/3708"}],"wp:featuredmedia":[{"embeddable":true,"href":"https:\/\/evertonfc.cz\/index.php\/wp-json\/wp\/v2\/media\/1313"}],"wp:attachment":[{"href":"https:\/\/evertonfc.cz\/index.php\/wp-json\/wp\/v2\/media?parent=3604"}],"wp:term":[{"taxonomy":"category","embeddable":true,"href":"https:\/\/evertonfc.cz\/index.php\/wp-json\/wp\/v2\/categories?post=3604"},{"taxonomy":"post_tag","embeddable":true,"href":"https:\/\/evertonfc.cz\/index.php\/wp-json\/wp\/v2\/tags?post=3604"}],"curies":[{"name":"wp","href":"https:\/\/api.w.org\/{rel}","templated":true}]}}