{"id":3607,"date":"2010-12-13T21:02:20","date_gmt":"2010-12-13T20:02:20","guid":{"rendered":"http:\/\/evertonfc.cz\/?p=3607"},"modified":"2019-02-11T21:04:33","modified_gmt":"2019-02-11T20:04:33","slug":"saha-bude-dal-nastupovat-hlasi-moyes","status":"publish","type":"post","link":"https:\/\/evertonfc.cz\/index.php\/2010\/12\/13\/saha-bude-dal-nastupovat-hlasi-moyes\/","title":{"rendered":"Saha bude d\u00e1l nastupovat, hl\u00e1s\u00ed Moyes"},"content":{"rendered":"<h4>Nep\u0159ehl\u00e9dnuteln\u011b \u00fato\u010dn\u00edk s nejhor\u0161\u00ed formou v t\u00fdmu se bude d\u00e1le objevovat v z\u00e1kladn\u00ed sestav\u011b. David Moyes o\u010dek\u00e1v\u00e1, \u017ee jeho g\u00f3lov\u00fd p\u016fst brzy skon\u010d\u00ed.<\/h4>\n<p>Moyesovy z\u00e1kladn\u00ed sestavy p\u0159iv\u00e1d\u011bj\u00ed Evertonians pomalu do \u0161\u00edlenstv\u00ed. I p\u0159esto, \u017ee Saha \u010dek\u00e1 na dal\u0161\u00ed ligov\u00fd g\u00f3l od 10. \u00fanora, kdy dv\u011bma trefami poko\u0159il Chelsea, st\u00e1le se mu ze strany mana\u017eera dost\u00e1v\u00e1 d\u016fv\u011bry. Moyesovy kroky ale zat\u00edm \u00fasp\u011bch neslavily, Saha sv\u00fdm tr\u00e1pen\u00edm podtrhuje g\u00f3lovou bezmocnost cel\u00e9ho mu\u017estva.<\/p>\n<p>Dal\u0161\u00ed p\u0159\u00edle\u017eitost k prolomen\u00ed sv\u00e9 nemohoucnosti obdr\u017eel Francouz i v sobotu proti Wiganu, ale naprosto o\u010dek\u00e1van\u011b vyho\u0159el a \u010d\u00edslo z\u00e1pas\u016f, ve kter\u00fdch se g\u00f3lov\u011b neprosadil se ji\u017e vy\u0161plhalo na d\u011bsiv\u00fdch 22. Utr\u00e1pen\u00fd \u00fato\u010dn\u00edk ale bude v\u00e9st \u00fato\u010dnou linii i v dal\u0161\u00edch z\u00e1pasech. Zaru\u010duje mu to pr\u00fd velk\u00e9 \u00fasil\u00ed v tr\u00e9ninku.<\/p>\n<p><em>\u201eMysl\u00edm, \u017ee Louis opravdu tvrd\u011b mak\u00e1, aby se dostal na \u00farove\u0148, na kter\u00e9 byl. Vid\u00edm to ka\u017ed\u00fd den v tr\u00e9ninku,\u201c\u00a0<\/em>vysv\u011btluje Moyes sv\u016fj postoj.\u00a0<em>\u201eLid\u00e9 se mo\u017en\u00e1 div\u00ed, pro\u010d mu po\u0159\u00e1d v\u011b\u0159\u00edm, ale j\u00e1 vid\u00edm, \u017ee se sna\u017e\u00ed a v\u00edm, \u017ee t\u00fdmu m\u016f\u017ee p\u00e1r v\u011bc\u00ed poskytnout. Ne\u017e jsme ho v sobotu vyst\u0159\u00eddali, m\u011bl velkou \u0161anci. M\u011bla to b\u00fdt p\u0159\u00edle\u017eitost, d\u00edky kter\u00e9 se mohl chytit, ale bohu\u017eel. V\u0161ichni v\u00ed, \u017ee pot\u0159ebuje g\u00f3l.<\/em><\/p>\n<p>Nen\u00ed ov\u0161em s\u00e1m, kdo nutn\u011b pot\u0159ebuje zajet do spr\u00e1vn\u00fdch kolej\u00ed. Krom Sahy pro div\u00e1ky dal\u0161\u00ed frustruj\u00edc\u00ed p\u0159edstaven\u00ed p\u0159ipravili i jeho spoluhr\u00e1\u010di. Op\u011bt nedok\u00e1zali zakon\u010dit vypracovan\u00e9 \u0161ance.\u00a0<em>\u201e\u0158ekl jsem hr\u00e1\u010d\u016fm, \u017ee to mus\u00edme b\u00fdt my, kdo d\u00e1 fanou\u0161k\u016fm d\u016fvod k zatlesk\u00e1n\u00ed, proto\u017ee potlesk od nich v tuhle chv\u00edli po na\u0161ich v\u00fdsledc\u00edch nem\u016f\u017eeme \u010dekat. Ale mysl\u00edm, \u017ee hr\u00e1\u010di se skute\u010dn\u011b sna\u017eili. Na h\u0159i\u0161t\u011b vyb\u011bhli s v\u016fl\u00ed, co\u017e bylo zejm\u00e9na v prvn\u00edch minut\u00e1ch vid\u011bt.<\/em><\/p>\n<p><em>Po posledn\u00ed dom\u00e1c\u00ed proh\u0159e s West Bromwichem jsem jejich p\u0159\u00edstup zpochyb\u0148oval, ale proti Wiganu tohle nebyl probl\u00e9m. Vid\u011bl jsem snahu, ale chyb\u011bla po\u017eadovan\u00e1 kvalita. Vlastn\u011b ani nev\u00edm, jestli to bylo kvalitou, prost\u011b jsme neprom\u011bnili \u010dist\u00e9 \u0161ance. M\u011bli jsme t\u0159i nebo \u010dty\u0159i p\u0159\u00edle\u017eitosti, ale \u010d\u00edm d\u00e9le je nedok\u00e1\u017eeme m\u011bnit v g\u00f3ly, t\u00edm v\u00edce poroste frustrace, kter\u00e1 se roz\u0161i\u0159uje do na\u0161\u00ed hry i mezi fanou\u0161ky.<\/em><\/p>\n<p><em>Publikum dob\u0159e v\u00ed, \u017ee podobnou situaci jsme za\u017eili u\u017e n\u011bkolikr\u00e1t. Znepokojuj\u00edc\u00ed je to, \u017ee na\u00a0 Goodisonu nepor\u00e1\u017e\u00edme t\u00fdmy, kter\u00e9 jsme v pr\u016fb\u011bhu let por\u00e1\u017eeli. To je velk\u00e1 starost. S\u00e1m se sebe pt\u00e1m &#8222;Je za t\u00edm n\u011bco v\u00edc, ne\u017e nest\u0159\u00edlen\u00ed g\u00f3l\u016f?&#8220; a mysl\u00edm, \u017ee krom toho lze st\u011b\u017e\u00ed p\u0159ij\u00edt na jin\u00fd d\u016fvod. T\u0159eba v sobotu to ale nebylo jenom o \u00fato\u010dn\u00edc\u00edch. Velkou \u0161anci m\u011bl Seamus Coleman, Steven Pienaar, Louis i Tim Cahill. Hodlali jsme nav\u00e1zat na z\u00e1pas proti Chelsea solidn\u00edm v\u00fdkonem, ale chyb\u011bly zkr\u00e1tka g\u00f3ly.\u201c<\/em><\/p>\n<p>P\u0159esto ale Moyes ve\u0161kerou vinu neh\u00e1z\u00ed jen na svoje hr\u00e1\u010de. Zp\u011btn\u011b p\u0159izn\u00e1v\u00e1, \u017ee chyboval ve st\u0159\u00edd\u00e1n\u00ed hr\u00e1\u010d\u016f.\u00a0<em>\u201ePot\u00e9, co Steven Pienaar ode\u0161el ze h\u0159i\u0161t\u011b, jsme se u\u017e nedostali na \u00farove\u0148, kterou jsme p\u0159edv\u00e1d\u011bli p\u0159edt\u00edm. Zm\u011bnu jsem u\u010dinil dvacet minut p\u0159ed koncem a po zbytek z\u00e1pasu jsme byli podstatn\u011b hor\u0161\u00ed. M\u00e1 st\u0159\u00edd\u00e1n\u00ed byla \u0161patn\u00e1. Vybral jsem \u0161patn\u00e9 mo\u017enosti, pop\u0159em\u00fd\u0161l\u00edm o tom a p\u0159\u00ed\u0161t\u011b se budu sna\u017eit b\u00fdt lep\u0161\u00ed.\u201c<\/em><\/p>\n<p>\u0158e\u0161en\u00ed st\u0159eleck\u00e9 krize se nab\u00edz\u00ed v p\u0159estupn\u00edm term\u00ednu, otev\u00edraj\u00edc\u00edm svoje dve\u0159e ji\u017e za t\u0159i t\u00fddny. Moyes v\u00ed, \u017ee za\u017eehn\u00e1n\u00ed probl\u00e9m\u016f by mohl vy\u0159e\u0161it nov\u00fd \u00fato\u010dn\u00edk. Bez pen\u011bz ale na trh nelez, dalo by se \u0159\u00edct. Pro nav\u00fd\u0161en\u00ed nulov\u00e9ho rozpo\u010dtu je Moyes dokonce ochoten ob\u011btovat Stevena Pienaara, jemu\u017e do vypr\u0161en\u00ed smlouvy zb\u00fdv\u00e1 p\u016fl roku.<\/p>\n<p><em>\u201eKlidn\u011b m\u016f\u017ee p\u0159ij\u00edt to, \u017ee v lednu budeme zva\u017eovat Pienaar\u016fv prodej, abychom z\u00edskali pen\u00edze, proto\u017ee v l\u00e9t\u011b mu kon\u010d\u00ed smlouva. Ale pot\u0159ebujeme \u00fato\u010dn\u00edka a realisticky, jak\u00e9ho hr\u00e1\u010de v lednu za takov\u00e9 pen\u00edze se\u017eeneme? Suma, o kter\u00e9 se bav\u00edme, by n\u00e1m nesehnala hr\u00e1\u010de, kter\u00e9ho pot\u0159ebujeme. Typ, kter\u00fd by n\u00e1m poskytnul g\u00f3ly. Realitou nejsp\u00ed\u0161 bude hostov\u00e1n\u00ed,\u201c\u00a0<\/em>\u0159\u00edk\u00e1 skepticky Moyes.<\/p>\n","protected":false},"excerpt":{"rendered":"<p>Nep\u0159ehl\u00e9dnuteln\u011b \u00fato\u010dn\u00edk s nejhor\u0161\u00ed formou v t\u00fdmu se bude d\u00e1le objevovat v z\u00e1kladn\u00ed sestav\u011b. David Moyes o\u010dek\u00e1v\u00e1, \u017ee jeho g\u00f3lov\u00fd&hellip;<\/p>\n","protected":false},"author":7,"featured_media":1312,"comment_status":"open","ping_status":"closed","sticky":false,"template":"","format":"standard","meta":{"_eb_attr":"","_monsterinsights_skip_tracking":false,"_monsterinsights_sitenote_active":false,"_monsterinsights_sitenote_note":"","_monsterinsights_sitenote_category":0,"footnotes":""},"categories":[1],"tags":[],"yoast_head":"<!-- This site is optimized with the Yoast SEO plugin v23.4 - https:\/\/yoast.com\/wordpress\/plugins\/seo\/ -->\n<title>Saha bude d\u00e1l nastupovat, hl\u00e1s\u00ed Moyes - Official Czech &amp; Slovak Everton Supporters&#039; Club<\/title>\n<meta name=\"robots\" content=\"index, follow, max-snippet:-1, max-image-preview:large, max-video-preview:-1\" \/>\n<link rel=\"canonical\" href=\"https:\/\/evertonfc.cz\/index.php\/2010\/12\/13\/saha-bude-dal-nastupovat-hlasi-moyes\/\" \/>\n<meta property=\"og:locale\" content=\"cs_CZ\" \/>\n<meta property=\"og:type\" content=\"article\" \/>\n<meta property=\"og:title\" content=\"Saha bude d\u00e1l nastupovat, hl\u00e1s\u00ed Moyes - Official Czech &amp; Slovak Everton Supporters&#039; Club\" \/>\n<meta property=\"og:description\" content=\"Nep\u0159ehl\u00e9dnuteln\u011b \u00fato\u010dn\u00edk s nejhor\u0161\u00ed formou v t\u00fdmu se bude d\u00e1le objevovat v z\u00e1kladn\u00ed sestav\u011b. David Moyes o\u010dek\u00e1v\u00e1, \u017ee jeho g\u00f3lov\u00fd&hellip;\" \/>\n<meta property=\"og:url\" content=\"https:\/\/evertonfc.cz\/index.php\/2010\/12\/13\/saha-bude-dal-nastupovat-hlasi-moyes\/\" \/>\n<meta property=\"og:site_name\" content=\"Official Czech &amp; Slovak Everton Supporters&#039; Club\" \/>\n<meta property=\"article:publisher\" content=\"https:\/\/www.facebook.com\/everton.fans.cz.sk\" \/>\n<meta property=\"article:published_time\" content=\"2010-12-13T20:02:20+00:00\" \/>\n<meta property=\"article:modified_time\" content=\"2019-02-11T20:04:33+00:00\" \/>\n<meta property=\"og:image\" content=\"https:\/\/evertonfc.cz\/wp-content\/uploads\/2019\/01\/interview.jpg\" \/>\n\t<meta property=\"og:image:width\" content=\"720\" \/>\n\t<meta property=\"og:image:height\" content=\"405\" \/>\n\t<meta property=\"og:image:type\" content=\"image\/jpeg\" \/>\n<meta name=\"author\" content=\"Me\u0148a\" \/>\n<meta name=\"twitter:card\" content=\"summary_large_image\" \/>\n<meta name=\"twitter:label1\" content=\"Napsal(a)\" \/>\n\t<meta name=\"twitter:data1\" content=\"Me\u0148a\" \/>\n\t<meta name=\"twitter:label2\" content=\"Odhadovan\u00e1 doba \u010dten\u00ed\" \/>\n\t<meta name=\"twitter:data2\" content=\"4 minuty\" \/>\n<script type=\"application\/ld+json\" class=\"yoast-schema-graph\">{\"@context\":\"https:\/\/schema.org\",\"@graph\":[{\"@type\":\"Article\",\"@id\":\"https:\/\/evertonfc.cz\/index.php\/2010\/12\/13\/saha-bude-dal-nastupovat-hlasi-moyes\/#article\",\"isPartOf\":{\"@id\":\"https:\/\/evertonfc.cz\/index.php\/2010\/12\/13\/saha-bude-dal-nastupovat-hlasi-moyes\/\"},\"author\":{\"name\":\"Me\u0148a\",\"@id\":\"https:\/\/evertonfc.cz\/#\/schema\/person\/cd6328a75577de2add7793fd4b0930c3\"},\"headline\":\"Saha bude d\u00e1l nastupovat, hl\u00e1s\u00ed Moyes\",\"datePublished\":\"2010-12-13T20:02:20+00:00\",\"dateModified\":\"2019-02-11T20:04:33+00:00\",\"mainEntityOfPage\":{\"@id\":\"https:\/\/evertonfc.cz\/index.php\/2010\/12\/13\/saha-bude-dal-nastupovat-hlasi-moyes\/\"},\"wordCount\":847,\"commentCount\":0,\"publisher\":{\"@id\":\"https:\/\/evertonfc.cz\/#organization\"},\"image\":{\"@id\":\"https:\/\/evertonfc.cz\/index.php\/2010\/12\/13\/saha-bude-dal-nastupovat-hlasi-moyes\/#primaryimage\"},\"thumbnailUrl\":\"https:\/\/evertonfc.cz\/wp-content\/uploads\/2019\/01\/interview.jpg\",\"articleSection\":[\"Rozhovory\"],\"inLanguage\":\"cs\",\"potentialAction\":[{\"@type\":\"CommentAction\",\"name\":\"Comment\",\"target\":[\"https:\/\/evertonfc.cz\/index.php\/2010\/12\/13\/saha-bude-dal-nastupovat-hlasi-moyes\/#respond\"]}]},{\"@type\":\"WebPage\",\"@id\":\"https:\/\/evertonfc.cz\/index.php\/2010\/12\/13\/saha-bude-dal-nastupovat-hlasi-moyes\/\",\"url\":\"https:\/\/evertonfc.cz\/index.php\/2010\/12\/13\/saha-bude-dal-nastupovat-hlasi-moyes\/\",\"name\":\"Saha bude d\u00e1l nastupovat, hl\u00e1s\u00ed Moyes - Official Czech &amp; Slovak Everton Supporters&#039; Club\",\"isPartOf\":{\"@id\":\"https:\/\/evertonfc.cz\/#website\"},\"primaryImageOfPage\":{\"@id\":\"https:\/\/evertonfc.cz\/index.php\/2010\/12\/13\/saha-bude-dal-nastupovat-hlasi-moyes\/#primaryimage\"},\"image\":{\"@id\":\"https:\/\/evertonfc.cz\/index.php\/2010\/12\/13\/saha-bude-dal-nastupovat-hlasi-moyes\/#primaryimage\"},\"thumbnailUrl\":\"https:\/\/evertonfc.cz\/wp-content\/uploads\/2019\/01\/interview.jpg\",\"datePublished\":\"2010-12-13T20:02:20+00:00\",\"dateModified\":\"2019-02-11T20:04:33+00:00\",\"breadcrumb\":{\"@id\":\"https:\/\/evertonfc.cz\/index.php\/2010\/12\/13\/saha-bude-dal-nastupovat-hlasi-moyes\/#breadcrumb\"},\"inLanguage\":\"cs\",\"potentialAction\":[{\"@type\":\"ReadAction\",\"target\":[\"https:\/\/evertonfc.cz\/index.php\/2010\/12\/13\/saha-bude-dal-nastupovat-hlasi-moyes\/\"]}]},{\"@type\":\"ImageObject\",\"inLanguage\":\"cs\",\"@id\":\"https:\/\/evertonfc.cz\/index.php\/2010\/12\/13\/saha-bude-dal-nastupovat-hlasi-moyes\/#primaryimage\",\"url\":\"https:\/\/evertonfc.cz\/wp-content\/uploads\/2019\/01\/interview.jpg\",\"contentUrl\":\"https:\/\/evertonfc.cz\/wp-content\/uploads\/2019\/01\/interview.jpg\",\"width\":720,\"height\":405},{\"@type\":\"BreadcrumbList\",\"@id\":\"https:\/\/evertonfc.cz\/index.php\/2010\/12\/13\/saha-bude-dal-nastupovat-hlasi-moyes\/#breadcrumb\",\"itemListElement\":[{\"@type\":\"ListItem\",\"position\":1,\"name\":\"Home\",\"item\":\"https:\/\/evertonfc.cz\/\"},{\"@type\":\"ListItem\",\"position\":2,\"name\":\"Saha bude d\u00e1l nastupovat, hl\u00e1s\u00ed Moyes\"}]},{\"@type\":\"WebSite\",\"@id\":\"https:\/\/evertonfc.cz\/#website\",\"url\":\"https:\/\/evertonfc.cz\/\",\"name\":\"Official Czech &amp; Slovak Everton Supporters&#039; Club\",\"description\":\"\",\"publisher\":{\"@id\":\"https:\/\/evertonfc.cz\/#organization\"},\"potentialAction\":[{\"@type\":\"SearchAction\",\"target\":{\"@type\":\"EntryPoint\",\"urlTemplate\":\"https:\/\/evertonfc.cz\/?s={search_term_string}\"},\"query-input\":{\"@type\":\"PropertyValueSpecification\",\"valueRequired\":true,\"valueName\":\"search_term_string\"}}],\"inLanguage\":\"cs\"},{\"@type\":\"Organization\",\"@id\":\"https:\/\/evertonfc.cz\/#organization\",\"name\":\"Official Czech & Slovak Everton Supporters' Club\",\"url\":\"https:\/\/evertonfc.cz\/\",\"logo\":{\"@type\":\"ImageObject\",\"inLanguage\":\"cs\",\"@id\":\"https:\/\/evertonfc.cz\/#\/schema\/logo\/image\/\",\"url\":\"https:\/\/evertonfc.cz\/wp-content\/uploads\/2019\/05\/logo.png\",\"contentUrl\":\"https:\/\/evertonfc.cz\/wp-content\/uploads\/2019\/05\/logo.png\",\"width\":112,\"height\":112,\"caption\":\"Official Czech & Slovak Everton Supporters' Club\"},\"image\":{\"@id\":\"https:\/\/evertonfc.cz\/#\/schema\/logo\/image\/\"},\"sameAs\":[\"https:\/\/www.facebook.com\/everton.fans.cz.sk\"]},{\"@type\":\"Person\",\"@id\":\"https:\/\/evertonfc.cz\/#\/schema\/person\/cd6328a75577de2add7793fd4b0930c3\",\"name\":\"Me\u0148a\",\"url\":\"https:\/\/evertonfc.cz\/index.php\/author\/mena\/\"}]}<\/script>\n<!-- \/ Yoast SEO plugin. -->","yoast_head_json":{"title":"Saha bude d\u00e1l nastupovat, hl\u00e1s\u00ed Moyes - Official Czech &amp; Slovak Everton Supporters&#039; Club","robots":{"index":"index","follow":"follow","max-snippet":"max-snippet:-1","max-image-preview":"max-image-preview:large","max-video-preview":"max-video-preview:-1"},"canonical":"https:\/\/evertonfc.cz\/index.php\/2010\/12\/13\/saha-bude-dal-nastupovat-hlasi-moyes\/","og_locale":"cs_CZ","og_type":"article","og_title":"Saha bude d\u00e1l nastupovat, hl\u00e1s\u00ed Moyes - Official Czech &amp; Slovak Everton Supporters&#039; Club","og_description":"Nep\u0159ehl\u00e9dnuteln\u011b \u00fato\u010dn\u00edk s nejhor\u0161\u00ed formou v t\u00fdmu se bude d\u00e1le objevovat v z\u00e1kladn\u00ed sestav\u011b. David Moyes o\u010dek\u00e1v\u00e1, \u017ee jeho g\u00f3lov\u00fd&hellip;","og_url":"https:\/\/evertonfc.cz\/index.php\/2010\/12\/13\/saha-bude-dal-nastupovat-hlasi-moyes\/","og_site_name":"Official Czech &amp; Slovak Everton Supporters&#039; Club","article_publisher":"https:\/\/www.facebook.com\/everton.fans.cz.sk","article_published_time":"2010-12-13T20:02:20+00:00","article_modified_time":"2019-02-11T20:04:33+00:00","og_image":[{"width":720,"height":405,"url":"https:\/\/evertonfc.cz\/wp-content\/uploads\/2019\/01\/interview.jpg","type":"image\/jpeg"}],"author":"Me\u0148a","twitter_card":"summary_large_image","twitter_misc":{"Napsal(a)":"Me\u0148a","Odhadovan\u00e1 doba \u010dten\u00ed":"4 minuty"},"schema":{"@context":"https:\/\/schema.org","@graph":[{"@type":"Article","@id":"https:\/\/evertonfc.cz\/index.php\/2010\/12\/13\/saha-bude-dal-nastupovat-hlasi-moyes\/#article","isPartOf":{"@id":"https:\/\/evertonfc.cz\/index.php\/2010\/12\/13\/saha-bude-dal-nastupovat-hlasi-moyes\/"},"author":{"name":"Me\u0148a","@id":"https:\/\/evertonfc.cz\/#\/schema\/person\/cd6328a75577de2add7793fd4b0930c3"},"headline":"Saha bude d\u00e1l nastupovat, hl\u00e1s\u00ed Moyes","datePublished":"2010-12-13T20:02:20+00:00","dateModified":"2019-02-11T20:04:33+00:00","mainEntityOfPage":{"@id":"https:\/\/evertonfc.cz\/index.php\/2010\/12\/13\/saha-bude-dal-nastupovat-hlasi-moyes\/"},"wordCount":847,"commentCount":0,"publisher":{"@id":"https:\/\/evertonfc.cz\/#organization"},"image":{"@id":"https:\/\/evertonfc.cz\/index.php\/2010\/12\/13\/saha-bude-dal-nastupovat-hlasi-moyes\/#primaryimage"},"thumbnailUrl":"https:\/\/evertonfc.cz\/wp-content\/uploads\/2019\/01\/interview.jpg","articleSection":["Rozhovory"],"inLanguage":"cs","potentialAction":[{"@type":"CommentAction","name":"Comment","target":["https:\/\/evertonfc.cz\/index.php\/2010\/12\/13\/saha-bude-dal-nastupovat-hlasi-moyes\/#respond"]}]},{"@type":"WebPage","@id":"https:\/\/evertonfc.cz\/index.php\/2010\/12\/13\/saha-bude-dal-nastupovat-hlasi-moyes\/","url":"https:\/\/evertonfc.cz\/index.php\/2010\/12\/13\/saha-bude-dal-nastupovat-hlasi-moyes\/","name":"Saha bude d\u00e1l nastupovat, hl\u00e1s\u00ed Moyes - Official Czech &amp; Slovak Everton Supporters&#039; Club","isPartOf":{"@id":"https:\/\/evertonfc.cz\/#website"},"primaryImageOfPage":{"@id":"https:\/\/evertonfc.cz\/index.php\/2010\/12\/13\/saha-bude-dal-nastupovat-hlasi-moyes\/#primaryimage"},"image":{"@id":"https:\/\/evertonfc.cz\/index.php\/2010\/12\/13\/saha-bude-dal-nastupovat-hlasi-moyes\/#primaryimage"},"thumbnailUrl":"https:\/\/evertonfc.cz\/wp-content\/uploads\/2019\/01\/interview.jpg","datePublished":"2010-12-13T20:02:20+00:00","dateModified":"2019-02-11T20:04:33+00:00","breadcrumb":{"@id":"https:\/\/evertonfc.cz\/index.php\/2010\/12\/13\/saha-bude-dal-nastupovat-hlasi-moyes\/#breadcrumb"},"inLanguage":"cs","potentialAction":[{"@type":"ReadAction","target":["https:\/\/evertonfc.cz\/index.php\/2010\/12\/13\/saha-bude-dal-nastupovat-hlasi-moyes\/"]}]},{"@type":"ImageObject","inLanguage":"cs","@id":"https:\/\/evertonfc.cz\/index.php\/2010\/12\/13\/saha-bude-dal-nastupovat-hlasi-moyes\/#primaryimage","url":"https:\/\/evertonfc.cz\/wp-content\/uploads\/2019\/01\/interview.jpg","contentUrl":"https:\/\/evertonfc.cz\/wp-content\/uploads\/2019\/01\/interview.jpg","width":720,"height":405},{"@type":"BreadcrumbList","@id":"https:\/\/evertonfc.cz\/index.php\/2010\/12\/13\/saha-bude-dal-nastupovat-hlasi-moyes\/#breadcrumb","itemListElement":[{"@type":"ListItem","position":1,"name":"Home","item":"https:\/\/evertonfc.cz\/"},{"@type":"ListItem","position":2,"name":"Saha bude d\u00e1l nastupovat, hl\u00e1s\u00ed Moyes"}]},{"@type":"WebSite","@id":"https:\/\/evertonfc.cz\/#website","url":"https:\/\/evertonfc.cz\/","name":"Official Czech &amp; Slovak Everton Supporters&#039; Club","description":"","publisher":{"@id":"https:\/\/evertonfc.cz\/#organization"},"potentialAction":[{"@type":"SearchAction","target":{"@type":"EntryPoint","urlTemplate":"https:\/\/evertonfc.cz\/?s={search_term_string}"},"query-input":{"@type":"PropertyValueSpecification","valueRequired":true,"valueName":"search_term_string"}}],"inLanguage":"cs"},{"@type":"Organization","@id":"https:\/\/evertonfc.cz\/#organization","name":"Official Czech & Slovak Everton Supporters' Club","url":"https:\/\/evertonfc.cz\/","logo":{"@type":"ImageObject","inLanguage":"cs","@id":"https:\/\/evertonfc.cz\/#\/schema\/logo\/image\/","url":"https:\/\/evertonfc.cz\/wp-content\/uploads\/2019\/05\/logo.png","contentUrl":"https:\/\/evertonfc.cz\/wp-content\/uploads\/2019\/05\/logo.png","width":112,"height":112,"caption":"Official Czech & Slovak Everton Supporters' Club"},"image":{"@id":"https:\/\/evertonfc.cz\/#\/schema\/logo\/image\/"},"sameAs":["https:\/\/www.facebook.com\/everton.fans.cz.sk"]},{"@type":"Person","@id":"https:\/\/evertonfc.cz\/#\/schema\/person\/cd6328a75577de2add7793fd4b0930c3","name":"Me\u0148a","url":"https:\/\/evertonfc.cz\/index.php\/author\/mena\/"}]}},"_links":{"self":[{"href":"https:\/\/evertonfc.cz\/index.php\/wp-json\/wp\/v2\/posts\/3607"}],"collection":[{"href":"https:\/\/evertonfc.cz\/index.php\/wp-json\/wp\/v2\/posts"}],"about":[{"href":"https:\/\/evertonfc.cz\/index.php\/wp-json\/wp\/v2\/types\/post"}],"author":[{"embeddable":true,"href":"https:\/\/evertonfc.cz\/index.php\/wp-json\/wp\/v2\/users\/7"}],"replies":[{"embeddable":true,"href":"https:\/\/evertonfc.cz\/index.php\/wp-json\/wp\/v2\/comments?post=3607"}],"version-history":[{"count":1,"href":"https:\/\/evertonfc.cz\/index.php\/wp-json\/wp\/v2\/posts\/3607\/revisions"}],"predecessor-version":[{"id":3609,"href":"https:\/\/evertonfc.cz\/index.php\/wp-json\/wp\/v2\/posts\/3607\/revisions\/3609"}],"wp:featuredmedia":[{"embeddable":true,"href":"https:\/\/evertonfc.cz\/index.php\/wp-json\/wp\/v2\/media\/1312"}],"wp:attachment":[{"href":"https:\/\/evertonfc.cz\/index.php\/wp-json\/wp\/v2\/media?parent=3607"}],"wp:term":[{"taxonomy":"category","embeddable":true,"href":"https:\/\/evertonfc.cz\/index.php\/wp-json\/wp\/v2\/categories?post=3607"},{"taxonomy":"post_tag","embeddable":true,"href":"https:\/\/evertonfc.cz\/index.php\/wp-json\/wp\/v2\/tags?post=3607"}],"curies":[{"name":"wp","href":"https:\/\/api.w.org\/{rel}","templated":true}]}}