{"id":3610,"date":"2010-12-14T21:04:45","date_gmt":"2010-12-14T20:04:45","guid":{"rendered":"http:\/\/evertonfc.cz\/?p=3610"},"modified":"2019-02-11T21:07:05","modified_gmt":"2019-02-11T20:07:05","slug":"elstone-v-obsahlem-interview","status":"publish","type":"post","link":"https:\/\/evertonfc.cz\/index.php\/2010\/12\/14\/elstone-v-obsahlem-interview\/","title":{"rendered":"Elstone v obs\u00e1hl\u00e9m interview"},"content":{"rendered":"<h4>\u0158adu ot\u00e1zek od finan\u010dn\u00ed situace klubu a\u017e ke stadionu, polo\u017eil fanz\u00edn bluekiper.com. Odpov\u00eddal na n\u011b gener\u00e1ln\u00ed \u0159editel klubu, Robert Elstone.<\/h4>\n<p><strong>Za\u010dneme z\u00e1pasem Everton versus Everton p\u0159ed startem sezony. Jak se zp\u00e1tky na celou zku\u0161enost d\u00edv\u00e1te?<\/strong><\/p>\n<p>Prob\u011bhlo to fantasticky. Mus\u00edm p\u0159iznat, \u017ee dokonce enormn\u011b p\u0159erostla na\u0161e o\u010dek\u00e1v\u00e1n\u00ed. The Ruleteros Society n\u00e1m tuhle mo\u017enost n\u011bkolikr\u00e1t nab\u00edzela a p\u0159izn\u00e1v\u00e1m, \u017ee jsme k n\u00ed byli skepti\u010dt\u00ed, ale na\u0161t\u011bst\u00ed, a za to jim pat\u0159\u00ed velk\u00fd d\u00edk, pro n\u011b &#8222;ne&#8220; nebyla odpov\u011b\u010f. \u0158\u00edkali n\u00e1m, \u017ee to podce\u0148ujeme a c\u00edtili, \u017ee cel\u00e1 z\u00e1le\u017eitost bude v\u011bt\u0161\u00ed, ne\u017e si mysl\u00edme. Jsem r\u00e1d, \u017ee se nenechali odradit, proto\u017ee m\u011bli pravdu, v mnoha ohledech to byla skv\u011bl\u00e1 p\u0159\u00edle\u017eitost. Klubu z\u00edskala v\u00edce PR, dovolila p\u0159edstavit \u010d\u00e1st na\u0161\u00ed historie nov\u00e9mu publiku a samoz\u0159ejm\u011b n\u00e1m dala \u0161anci vytvo\u0159it skv\u011bl\u00fd vztah s CD Everton.<\/p>\n<p>Klub i m\u011bsto z\u00edskalo n\u011bkolik nov\u00fdch p\u0159\u00e1tel a s Chile jsme v kontaktu hned na n\u011bkolika front\u00e1ch, abychom mohli spojen\u00ed vylep\u0161ovat. Z\u00e1pas nav\u00edc nal\u00e1kal nejpo\u010detn\u011bj\u0161\u00ed publikum, kter\u00e9 v p\u0159edsezonn\u00edm p\u0159\u00e1telsk\u00e9m z\u00e1pase pamatuji. Uzn\u00e1n\u00ed pat\u0159\u00ed na\u0161emu po\u0159adatelsk\u00e9mu t\u00fdmu zde v Evertonu, ale nejv\u011bt\u0161\u00ed d\u00edk m\u00ed\u0159\u00ed k Ruleteros Society, kte\u0159\u00ed se svoj\u00ed my\u0161lenky nikdy nevzdali.<\/p>\n<p><strong>Je tu mo\u017enost, \u017ee se Everton n\u011bkdy na opl\u00e1tku pod\u00edv\u00e1 do Chile?<\/strong><\/p>\n<p>Pro m\u011b by te\u010f bylo jednoduch\u00e9 \u0159\u00edct, \u017ee bychom to nikdy nevylou\u010dili, a \u017ee poka\u017ed\u00e9 budeme v\u0161echny mo\u017enosti zohled\u0148ovat. Prakticky je nulov\u00e1 \u0161ance, \u017ee bychom do Chile cestovali b\u011bhem sezony a realitou je i to, \u017ee i p\u0159ed sezonou k tomu budeme m\u00edt velmi m\u00e1lo p\u0159\u00edle\u017eitost\u00ed. Napl\u00e1nov\u00e1n\u00ed p\u0159edsezonn\u00edho turn\u00e9 spojen\u00e9ho s p\u0159\u00edpravou na sezonu, spole\u010dn\u011b s ohledy na chilskou sezonu, by nebylo jednoduch\u00e9. A samoz\u0159ejm\u011b mus\u00edme pamatovat i na finan\u010dn\u00ed situaci. Mus\u00ed to b\u00fdt v\u00fdhodn\u00e9, t\u0159eba jako leto\u0161n\u00ed turn\u00e9 po Austr\u00e1lii. Cesta do Chile by n\u00e1m musela n\u011bco p\u0159in\u00e9st, a to jak v pen\u011b\u017en\u00edm ohledu, ale i v tr\u00e9ninkov\u00fdch podm\u00ednk\u00e1ch, klimatu a cestov\u00e1n\u00ed. Za sou\u010dasn\u00e9 situace je spln\u011bn\u00ed v\u0161ech krit\u00e9ri\u00ed v bl\u00edzk\u00e9 budoucnosti extr\u00e9mn\u011b nepravd\u011bpodobn\u00e9. P\u0159em\u00fd\u0161l\u00edme ov\u0161em o eventueln\u00ed mo\u017enosti n\u00e1v\u0161t\u011bv ml\u00e1de\u017enick\u00fdch t\u00fdm\u016f a jejich tren\u00e9r\u016f na Finch Farm.<\/p>\n<p><strong>A co n\u00e1v\u0161t\u011bva Chile spojen\u00e1 s turn\u00e9 po Ji\u017en\u00ed Americe? To by mohlo p\u0159ekonat finan\u010dn\u00ed p\u0159ek\u00e1\u017eku? Neshodovalo by se to se slovy Davida Moyese, podle kter\u00e9ho by se kv\u016fli na\u0161im \u0161patn\u00fdm start\u016fm do sezon, m\u011blo uva\u017eovat o siln\u011bj\u0161\u00edch soupe\u0159\u00edch v p\u0159\u00edprav\u011b?<\/strong><\/p>\n<p>No, David je jedinou osobou, kter\u00e1 by na tuhle ot\u00e1zku mohla odpov\u011bd\u011bt. Na ka\u017ed\u00fd z\u00e1pas se \u00fazkostliv\u011b p\u0159ipravuje, a\u0165 u\u017e jde o soust\u0159ed\u011bn\u00ed, nebo sezonu. Slova, kter\u00e1 zmi\u0148ujete pouze demonstruj\u00ed, jak vytrvale hled\u00e1 zlep\u0161en\u00ed. Nev\u00edm, jak posoudil leto\u0161n\u00ed p\u0159\u00edpravu.<\/p>\n<p><strong>Setk\u00e1v\u00e1n\u00ed s fanou\u0161kovsk\u00fdmi skupinami. Jak funguj\u00ed? Dost\u00e1v\u00e1te hodn\u011b dotaz\u016f k setk\u00e1n\u00edm?<\/strong><\/p>\n<p>P\u0159ed p\u00e1r t\u00fddny jsem j\u00e1, n\u00e1\u0161 reklamn\u00ed \u0159editel Dave Biggar, Graeme Sharp, n\u00e1\u0161 komunika\u010dn\u00ed t\u00fdm a Leon Osman, nav\u0161t\u00edvili ned\u00e1vno zalo\u017een\u00fd Chorley Supporter&#8217;s Club. Jako v\u017edy, skupina byla Blues hluboce oddan\u00e1 a p\u0159ijala n\u00e1s opravdu srde\u010dn\u011b. Byla radost potkat se s tak b\u00e1je\u010dnou skupinou Evertonians. Po v\u00fdletu do Chorley n\u00e1sledovala n\u00e1v\u0161t\u011bva Wrexhamu, kde jsem bohu\u017eel chyb\u011bl. Podobn\u00e9 akce po\u0159\u00e1d\u00e1me pravideln\u011b a moc si toho cen\u00edme. Hodn\u011b jsme se z toho nau\u010dili a rozhodn\u011b v tom hodl\u00e1me pokra\u010dovat.<\/p>\n<p>Zrovna ned\u00e1vno jsme m\u011bli sch\u016fzi managementu a jedn\u00edm z bod\u016f bylo i zes\u00edlen\u00ed na\u0161eho \u00fasil\u00ed u fanou\u0161k\u016f. Tak\u00e9 existuje t\u00fdm, kter\u00fd pohl\u00ed\u017e\u00ed na v\u0161echny na\u0161e prodejn\u00ed kan\u00e1ly, tak aby fanou\u0161ci mohli snadn\u011bji kupovat klubov\u00e9 zbo\u017e\u00ed. Hled\u00e1me zp\u016fsob, jak vylep\u0161it hrac\u00ed dny a na\u0161e poznatky o fanou\u0161c\u00edch. Pokud jde o n\u00e1v\u0161t\u011bvy, sta\u010d\u00ed se n\u00e1s jenom zeptat a my ud\u011bl\u00e1me v\u0161e pro to, abychom vyhov\u011bli v\u0161em skupin\u00e1m. Samoz\u0159ejm\u011b je snadn\u011bj\u0161\u00ed st\u0159etnout se se samostatn\u011b organizovan\u00fdmi skupinami, ale nechceme ztratit kontakt ani s neform\u00e1ln\u00edmi nebo nijak nezastoupen\u00fdmi fandy, jako dr\u017eitel\u00e9 sezonn\u00edch permanentek a ostatn\u00ed. Chceme zabr\u00e1nit tendenci pracovat pouze se supporter&#8217;s clubs, jen proto\u017ee je to jednodu\u0161\u0161\u00ed.<\/p>\n<p><strong>Pl\u00e1nuje klub zav\u00e9st otev\u0159en\u00e9 tr\u00e9ninky, tak jak tomu je u n\u011bkter\u00fdch klub\u016f?<\/strong><\/p>\n<p>Jednou z v\u011bc\u00ed, kterou si d\u00edky kontakt\u016fm z fanou\u0161ky odn\u00e1\u0161\u00edme je i to, jak d\u016fle\u017eit\u00e9 je dovolit fanou\u0161k\u016fm &#8222;nahl\u00e9dnout do v\u0161ech oblast\u00ed&#8220;, a\u010dkoliv v tomhle ohledu mus\u00edme b\u00fdt p\u0159irozen\u011b opatrn\u00ed. Pl\u00e1nujeme nicm\u00e9n\u011b povolit p\u0159\u00edstup na tr\u00e9ninkov\u00e1 h\u0159i\u0161t\u011b na z\u00e1klad\u011b selektivn\u00edch opat\u0159en\u00ed v jist\u00fdch \u010d\u00e1stech roku, a to fanou\u0161kovsk\u00fdm skupin\u00e1m. V tuhle chv\u00edli nem\u00e1me v \u00famyslu zav\u00e1d\u011bt otev\u0159en\u00e9 tr\u00e9ninky, ale celou tuto ot\u00e1zku budeme \u0159e\u0161it v pozd\u011bj\u0161\u00edch f\u00e1z\u00edch prob\u00edhaj\u00edc\u00ed sezony.<\/p>\n<p><strong>M\u016f\u017eeme se p\u0159esunout k ned\u00e1vn\u00e9 novele pod n\u00e1zvem\u00a0<em>&#8222;UEFA Club Licensing and Financial Fair Play Regulations?&#8220;\u00a0<\/em>\u010cetl jsem cel\u00fd dokument t\u0159ikr\u00e1t a poka\u017ed\u00e9 ve m\u011b rostla nespokojenost.<\/strong><em>\u00a0<\/em><b>V\u011b\u0159\u00edm, \u017ee je to start a prvn\u00ed krok spr\u00e1vn\u00fdm sm\u011brem, ale je to pouze relativn\u00ed pojem<\/b><em style=\"font-weight: bold;\">.\u00a0<\/em><b>Pokud se s regulemi nalo\u017e\u00ed \u0161patn\u011b, mohou m\u00edt opa\u010dn\u00fd efekt, ne\u017e bylo zam\u00fd\u0161leno a mohou situaci\u00a0je\u0161t\u011b zhor\u0161it. Mysl\u00edm, \u017ee selh\u00e1v\u00e1 zejm\u00e9na v pom\u011bru 5:1 mezi Champions League a Europa League a chaos vid\u00edm i v televizn\u00edch pr\u00e1vech. Ob\u011b \u010d\u00e1sti co jsem zm\u00ednil, jsou nevyv\u00e1\u017een\u00e9 a ne\u00fa\u010deln\u00e9, pokud je c\u00edlem skute\u010dn\u011b dos\u00e1hnout finan\u010dn\u00ed fair play. Zd\u00e1 se mi, \u017ee pokud m\u00e1 nastat progres, pak ten pom\u011br 5:1 by m\u011bl b\u00fdt pozm\u011bn\u011bn, stejn\u011b jako by se m\u011blo je\u0161t\u011b zapracovat na televizn\u00edch pr\u00e1vech. Celkov\u011b, nev\u00edm, pro\u010d se nem\u016f\u017eeme posunout bl\u00ed\u017ee t\u0159eba americk\u00e9mu modelu, kde se ur\u010dit\u00e9 pen\u011b\u017en\u00ed elementy odv\u00e1d\u00ed do spole\u010dn\u00e9 kasy a pot\u00e9 jsou rovnom\u011brn\u011b mezi kluby rozd\u011bleny. Nedos\u00e1hl by takov\u00fd syst\u00e9m daleko lep\u0161\u00ed rovnov\u00e1hy? Jak\u00e9 ve v\u00e1s p\u0159evl\u00e1daj\u00ed pocity?<\/b><\/p>\n<p>Podle m\u00e9ho m\u00e1 na tohle ka\u017ed\u00fd fanou\u0161ek sv\u016fj individu\u00e1ln\u00ed n\u00e1zor, ka\u017ed\u00fd m\u00e1 svoji vizi, jak by m\u011bl b\u00fdt fotbal \u0159\u00edzen. M\u00fdm siln\u00fdm dojmem je, \u017ee klub\u016fm by m\u011blo b\u00fdt povoleno \u0159\u00eddit sv\u016fj byznys tak, jak cht\u011bj\u00ed. Absolutn\u011b souhlas\u00edm s t\u00edm, \u017ee c\u00edle UEFA jsou chv\u00e1lyhodn\u00e9, ale je tu n\u011bkolik otazn\u00edk\u016f, kter\u00e9 mi p\u0159ijdou slo\u017eit\u00e9. S t\u00edm ale nem\u016f\u017eeme nic d\u011blat, nem\u00e1me na v\u00fdb\u011br.<\/p>\n<p>U\u017e d\u0159\u00edve jsem \u0159\u00edkal, \u017ee Evertonu by to mohlo pomoci v\u00edce, ne\u017e n\u011bkter\u00fdm jin\u00fdm klub\u016fm. Regulace UEFA upevn\u00ed zaveden\u00e9 po\u0159ad\u00ed klub\u016f s velk\u00fdmi fanou\u0161kovsk\u00fdmi z\u00e1kladnami a velk\u00fdmi stadiony. Mohlo by se \u0159\u00edct, \u017ee tak by to p\u0159ece m\u011blo b\u00fdt, ale tyto kluby maj\u00ed finan\u010dn\u011b zdatn\u00e9 hospoda\u0159en\u00ed. Je to ale komplikovan\u011bj\u0161\u00ed. St\u00e1le v\u011b\u0159\u00edm, \u017ee tu m\u016f\u017ee b\u00fdt m\u00edsto pro bohat\u00e9ho mecen\u00e1\u0161e, cht\u011bj\u00edc\u00edho investovat do fotbalov\u00e9ho klubu a n\u011bkam jej dov\u00e9st, ale regule UEFA tohle budou vylu\u010dovat. Jako opat\u0159en\u00ed k zaveden\u00ed v\u011bt\u0161\u00ed finan\u010dn\u00ed opatrnosti to m\u016f\u017ee fungovat, ale pouze za cenu arm\u00e1dy \u00fa\u010detn\u00edch a advok\u00e1t\u016f, s\u00eddl\u00edc\u00edch po ka\u017ed\u00e9m kroku, kter\u00fd ud\u011bl\u00e1me.<\/p>\n<p><strong>To je ale n\u00e1sledek jak\u00e9koliv legislativy, kter\u00e1 vy\u017eaduje kontrolu a rovnov\u00e1hu. N\u011bkdo mus\u00ed ru\u010dit za to, \u017ee se toho kluby dr\u017e\u00ed, jinak by zavl\u00e1dla anarchie a oportunismus.<\/strong><\/p>\n<p>To je spr\u00e1vn\u011b. Mus\u00edme si na to zvyknout. Ale jak jsem \u0159ekl, za n\u011bjakou dobu to nejsp\u00ed\u0161 bude Evertonu vyhovovat, stejn\u011b jako vlastn\u011b v\u011bt\u0161in\u011b anglick\u00fdch klub\u016f. Jsou to anglick\u00e9 kluby, kter\u00e9 maj\u00ed velk\u00e9 stadiony, vysokou n\u00e1v\u0161t\u011bvnost umo\u017e\u0148uj\u00edc\u00ed jim zvednout ceny vstupenek. A kdy\u017e p\u0159id\u00e1te vysok\u00fd televizn\u00ed p\u0159\u00edjem a sponzory, Premier League by m\u011bla dominovat.<\/p>\n<p><strong>Obdivuji n\u011bmeck\u00fd model, kde lok\u00e1ln\u00ed komunita vlastn\u00ed a kontroluje 51% klubov\u00fdch akci\u00ed. Lid\u00e9 m\u016f\u017eou p\u0159ij\u00edt a z\u00edskat zbyl\u00fdch 49%, ale nemohou si diktovat podm\u00ednky. Objevily se pokusy k oto\u010den\u00ed toho pom\u011bru, ale fanou\u0161ci nap\u0159\u00ed\u010d Bundesligou se spojili a tohle \u00fasil\u00ed zablokovali. V Anglii je n\u011bco takov\u00e9ho moment\u00e1ln\u011b nemysliteln\u00e9. N\u011bmeck\u00fd fotbal nav\u00edc jejich modelem nijak neutrp\u011bl. Postavili lep\u0161\u00ed stadiony ne\u017e m\u00e1me my, n\u00e1v\u0161t\u011bvnost je st\u00e1le vysok\u00e1, ceny vstupenek jsou relativn\u011b ni\u017e\u0161\u00ed, n\u00e1rodn\u00ed t\u00fdm je ohromn\u011b siln\u00fd&#8230;<\/strong><\/p>\n<p>Vid\u00edte, \u017ee usm\u00edv\u00e1m. M\u00e9dia miluj\u00ed, kdy\u017e mohou kritizovat Premier League a miluj\u00ed, kdy\u017e p\u0159ed n\u00e1s mohou jako vzor toho, jak by v\u0161echno m\u011blo fungovat, postavit n\u011bmeck\u00fd fotbal. Nejsem expert na tamn\u00ed fotbal, ale minul\u00fd t\u00fdden se \u0161\u00ed\u0159ila jist\u00e1 dvojstr\u00e1nka porovn\u00e1vaj\u00edc\u00ed Bayern Mnichov a Manchester United, ze kter\u00e9 vypl\u00fdvalo, \u017ee United m\u00ed\u0159\u00ed za zk\u00e1zou, a tak d\u00e1le, z \u010deho\u017e jsem byl pon\u011bkud znechucen\u00fd.<\/p>\n<p>Podle m\u00e9ho n\u00e1zoru m\u00e1 Premier League dost chyb, a jsou tu kluby, jejich\u017e dluhy jsou nebezpe\u010dn\u011b hlubok\u00e9, ale na druhou stranu jsou na\u0161e stadiony t\u00e9m\u011b\u0159 pln\u00e9, kluby maj\u00ed solidn\u00ed \u00farove\u0148 ceny l\u00edstk\u016f, na\u0159izujeme sv\u011btov\u00e9 vys\u00edlac\u00ed poplatky. A pokud tohle spoj\u00edte, je slo\u017eit\u00e9 vid\u011bt, co je s anglick\u00fdm fotbalem \u0161patn\u011b. Anglick\u00e9 kluby dominuj\u00ed v hern\u00edch \u017eeb\u0159\u00ed\u010dc\u00edch UEFA, na m\u00edle daleko od sv\u00fdch n\u011bmeck\u00fdch koleg\u016f. Sport se mus\u00ed rozhodnout, zda si chce zachovat schopnost dominovat &#8222;Evropsk\u00e9 sc\u00e9n\u011b&#8220;, co\u017e samoz\u0159ejm\u011b poh\u00e1n\u00ed hodnotu na\u0161ich vys\u00edlac\u00edch smluv.<\/p>\n<p>Nakonec v\u0161e z\u00e1le\u017e\u00ed na tom, jak chceme aby n\u00e1\u0161 fotbal vypadal, na jak\u00e9 byl pozici a jak\u00fd \u00fasp\u011bch chceme. V\u0161ichni na to m\u00e1me jin\u00fd pohled. Nap\u0159\u00edklad vlastnictv\u00ed klub\u016f fanou\u0161ky je nesm\u00edrn\u011b d\u016fle\u017eit\u00e9, ale nemysl\u00edm si, \u017ee nezbytn\u011b mus\u00ed j\u00edt o vlastnictv\u00ed v p\u0159\u00edsn\u011b z\u00e1konn\u00e9m smyslu. Fanou\u0161ci mohou \u0159\u00edzen\u00ed klubu ovlivnit t\u0159eba pouze svoji \u00fa\u010dast\u00ed. To m\u016f\u017ee poskytnout jist\u00fd smysl vlastnictv\u00ed tak\u00e9, samoz\u0159ejm\u011b v p\u0159\u00edpad\u011b, \u017ee kluby fanou\u0161k\u016fm naslouchaj\u00ed.<\/p>\n<p><strong>Ale nemohou d\u011bn\u00ed v klubu ovlivnit pokud nemaj\u00ed n\u00e1hled do kostry vlastnictv\u00ed.<br \/>\n<\/strong><\/p>\n<p>Ale pokud k tomu p\u0159istoup\u00edme \u0161patn\u011b, pokud nebudeme naslouchat, tak se n\u00e1m to tvrd\u011b vr\u00e1t\u00ed. Douf\u00e1m, \u017ee Everton demonstruje to, \u017ee naslouch\u00e1me, to, \u017ee jsme si v\u011bdomi rozd\u00edln\u00fdch aspekt\u016f, kter\u00e9 rozd\u011bluj\u00ed fanou\u0161ky a \u017ee se pokou\u0161\u00edme je napravit. P\u0159esto si mysl\u00edm, \u017ee je vysoce nepravd\u011bpodobn\u00e9, \u017ee se Premier League vyd\u00e1 cestou majoritn\u00edch pod\u00edl\u016f v rukou fanou\u0161k\u016f. Jen slo\u017eit\u011b bych na\u0161el p\u0159\u00edklad, kde z\u00e1jmy vlastn\u00edk\u016f a fanou\u0161k\u016f jsou perfektn\u011b toto\u017en\u00e9. Majitel\u00e9 jak\u00e9hokoliv klubu se sna\u017e\u00ed o n\u00e1vrat sv\u00fdch investic v podob\u011b v\u00fdsledk\u016f na h\u0159i\u0161ti. Zeptejte se kter\u00e9hokoliv fanou\u0161ka co cht\u011bj\u00ed, \u0159eknou v\u00e1m, \u017ee cht\u011bj\u00ed trofeje a j\u00e1 v\u011b\u0159\u00edm, \u017ee akcion\u00e1\u0159 v klubu tou\u017e\u00ed po tom sam\u00e9m.<\/p>\n<p><strong>Nechte m\u011b \u0159\u00edct nejhor\u0161\u00ed p\u0159\u00edklad, kter\u00fd jsem posledn\u00ed dobou sly\u0161el. Harry Redknapp se ned\u00e1vno nechal sly\u0161et, \u017ee fanou\u0161k\u016fm je naprosto jedno, jestli by jejich klub vlastnil t\u0159eba Sadd\u00e1m Husajn, pokud by to znamenalo, \u017ee klub je \u00fasp\u011b\u0161n\u00fd. Nen\u00ed to logick\u00fd \u00fasudek toho, co jste pr\u00e1v\u011b \u0159ekl?<\/strong><\/p>\n<p>Redknapp byl samoz\u0159ejm\u011b &#8222;proaktivn\u00ed.&#8220; Ale pokud odlo\u017e\u00edme extr\u00e9m stranou, tvrd\u00edm, \u017ee t\u00e9m\u011b\u0159 v\u0161ichni fanou\u0161ci by uv\u00edtali &#8222;zv\u00fd\u0161enou kupn\u00ed s\u00edlu.&#8220; Povaha vlastn\u00edka a zp\u016fsob, jak \u0159\u00edd\u00ed klub je velmi d\u016fle\u017eit\u00fd. Obzvl\u00e1\u0161t\u011b je z\u00e1sadn\u00ed, \u017ee rozum\u00ed klubu, fanou\u0161k\u016fm a v\u0161emu, co klub vyzn\u00e1v\u00e1. Tak\u00e9 je d\u016fle\u017eit\u00e9, \u017ee um\u00ed komunikovat a komunikuje pravideln\u011b s d\u016fv\u011bryhodnost\u00ed a v\u00e1\u0161n\u00ed. \u017d\u00e1dn\u00fd fanda nechce, aby jeho klub vlastnil n\u011bkdo, kdo tomu nerozum\u00ed.<\/p>\n<p>S\u00e1m m\u00e1m tu sm\u016flu, \u017ee \u017eiji v srdci oblasti, kde je hlavn\u00edm klubem Manchester City. V\u0161ichni v\u00edme, co se tam v posledn\u00edch letech ud\u00e1lo a mus\u00edm \u0159\u00edct, \u017ee fandy City absolutn\u011b nezaj\u00edm\u00e1, \u017ee ten chl\u00e1pek, kter\u00fd plat\u00ed \u0161eky je, nebyl, nebo nen\u00ed fanda City, nebo jestli v klubu bude p\u0159\u00ed\u0161t\u00edch 20 let. Harry poukazuje na pohrd\u00e1n\u00ed extr\u00e9mem a podtrhuje, \u017ee kr\u00e1tkodob\u00fd byznys, kde v\u0161ichni po\u017eaduj\u00ed okam\u017eit\u00fd \u00fasp\u011bch, nen\u00ed \u0159e\u0161en\u00edm. Ale a\u0165 se v\u00e1m to l\u00edb\u00ed nebo ne, miliard\u00e1\u0159i jsou nejsp\u00ed\u0161 nejjednodu\u0161\u0161\u00edm \u0159e\u0161en\u00edm.<\/p>\n<p><strong>P\u0159esu\u0148me se na chv\u00edli k p\u0159estup\u016fm. Je dohoda, kter\u00e1 n\u00e1m zaru\u010duje ur\u010dit\u00e9 procento z potenci\u00e1ln\u00edho prodeje Wayna Rooneyho st\u00e1le v platnosti?<\/strong><\/p>\n<p>Ujedn\u00e1n\u00ed st\u00e1le plat\u00ed a nebylo \u017e\u00e1dn\u00fdm zp\u016fsobem zm\u011bn\u011bno.<\/p>\n<p><strong>N\u00e1\u0161 pom\u011br mezd. Naposled p\u0159ekonal hranici 60%. Nastalo zlep\u0161en\u00ed?<\/strong><\/p>\n<p>Pokra\u010dujeme v investov\u00e1n\u00ed do na\u0161eho mu\u017estva. N\u011bkolik hr\u00e1\u010d\u016f prodlou\u017eilo v l\u00e9t\u011b svoje kontrakty a to na na\u0161i mzdovou strukturu polo\u017eilo v\u011bt\u0161\u00ed tlak. Samoz\u0159ejm\u011b to reflektuje na\u0161e ambice, na\u0161i v\u00edru v mana\u017eera a touhu posunout se na \u0161pici Premier League.<\/p>\n<p><strong>Jak pracuj\u00ed nov\u00e9 obchody s klubov\u00fdm zbo\u017e\u00edm? Projevily se ji\u017e v\u00fdrazn\u00fdm zp\u016fsobem v p\u0159\u00edjmech?<\/strong><\/p>\n<p>Kitbag si nemohu vynachv\u00e1lit, jejich z\u00e1vazek je fenomen\u00e1ln\u00ed. V\u011bd\u011bli jsme, \u017ee se m\u016f\u017eeme pln\u011b spolehnout na jejich produkty online, ale nebyli jsme si jisti jejich zku\u0161enostmi s kamenn\u00fdm obchodem. Jejich investice v na\u0161ich dvou obchodech jsou fantastick\u00e9. Ukazuj\u00ed to koneckonc\u016f i \u010d\u00edsla prodej\u016f, se kter\u00fdmi jsme extr\u00e9mn\u011b spokojeni. Doposud jsou ob\u011b strany maxim\u00e1ln\u011b spokojeny. M\u00e1m tak\u00e9 radost, \u017ee Kitbag je hlavn\u00edm p\u0159isp\u011bvatelem na\u0161\u00ed pl\u00e1novan\u00e9 nov\u00e9 v\u00fdstavby u Goodison Parku. To oni ten pl\u00e1n p\u0159ivedli daleko bl\u00ed\u017ee realit\u011b.<\/p>\n<p><strong>P\u0159esu\u0148me \u0159e\u010d ke stadionu. Nastal n\u011bj\u00e1k\u00fd kontakt s m\u011bstskou radou?<\/strong><\/p>\n<p>Ano, docela hodn\u011b a pozitivn\u00edch. Moment\u00e1ln\u011b se na\u0161e diskuze to\u010d\u00ed kolem identifikov\u00e1n\u00ed nov\u00fdch p\u0159\u00edle\u017eitost\u00ed. Jsme na po\u010d\u00e1tku cesty, ale stejn\u00fd, centr\u00e1ln\u00ed probl\u00e9m z\u016fst\u00e1v\u00e1, a to financov\u00e1n\u00ed v\u00fdstavby nov\u00e9ho stadionu. Ur\u010dit\u011b jsme ale zaznamenali zm\u011bnu v pojet\u00ed na\u0161ich jedn\u00e1n\u00ed s radou, a to v pozitivn\u00edm sm\u011bru. Nyn\u00ed c\u00edt\u00edme, \u017ee \u0161\u00e1lek je polopln\u00fd, nikoliv polopr\u00e1zdn\u00fd. Nov\u00fd projekt stadionu je v\u00fdzvou pro v\u0161echny. Zkoum\u00e1me dostupn\u00e9 lokality, zahrnuj\u00edc\u00ed i ty, kter\u00e9 jsme v minulosti vylou\u010dili. P\u0159es v\u0161echny plusy ale mus\u00edm zd\u016fraznit, \u017ee cel\u00e1 z\u00e1le\u017eitost je velmi slo\u017eit\u00e1, a \u017ee jsme teprve v po\u010d\u00e1tc\u00edch.<\/p>\n<p><strong>Spole\u010dn\u00fd stadion. Jedn\u00e1 se o n\u011bm?<\/strong><\/p>\n<p>Jedn\u00e1 se o n\u011bm denn\u011b! Ne ov\u0161em v \u017e\u00e1dn\u00e9m smyslupln\u00e9m duchu, a\u0165 u\u017e od na\u0161ich p\u0159\u00e1tel z druh\u00e9 strany parku nebo m\u011bstsk\u00e9 rady.<\/p>\n<p><strong>V\u00fdstavba nov\u00e9 administrativn\u00ed budovy. Kdy by m\u011bla b\u00fdt hotova?<\/strong><\/p>\n<p>Pl\u00e1nem je, \u017ee v provozu bude na konci l\u00e9ta 2011, co\u017e je extr\u00e9mn\u011b napnut\u00fd term\u00edn.<\/p>\n<p><strong>Nebyl by podzim nebo zima v\u00edce realisti\u010dt\u011bj\u0161\u00ed?<\/strong><\/p>\n<p>Znamen\u00e1 to, \u017ee pr\u00e1ce za\u010dnou je\u0161t\u011b p\u0159ed leto\u0161n\u00edmi V\u00e1noci. Ji\u017e m\u00e1me ve\u0161ker\u00e1 povolen\u00ed. C\u00edlem je l\u00e9to, ale m\u00e1te pravdu, bude to obt\u00ed\u017en\u00e9.<\/p>\n<p><strong>Jsou v\u0161echny \u00fa\u010dely budovy do\u0159e\u0161eny? V\u00ed se ji\u017e, co bude v jednotliv\u00fdch podla\u017e\u00edch?<\/strong><\/p>\n<p>P\u0159\u00edzem\u00ed bude pat\u0159it nov\u00e9mu obchodu Kitbagu. V prvn\u00edm pat\u0159e bude muzeum plus kav\u00e1rna. Druh\u00e9 patro je vyhrazeno pro nov\u00e9 klubov\u00e9 kancel\u00e1\u0159e. Posledn\u00ed patro bude vyu\u017e\u00edv\u00e1no pro pohostinn\u00e1 za\u0159\u00edzen\u00ed b\u011bhem hrac\u00edch dn\u016f a konferen\u010dn\u00ed prostor mimo hrac\u00ed dny. Jsme nad\u0161eni, \u017ee ve\u0161ker\u00fd n\u00e1\u0161 provoz bude pod jednou st\u0159echou, v\u010detn\u011b prodejny l\u00edstk\u016f.<\/p>\n<p><strong>Bellefield. V jak\u00e9 se nach\u00e1z\u00ed pozici?<\/strong><\/p>\n<p>Po dlouh\u00e9m procesu jsme dos\u00e1hli \u0159e\u0161en\u00ed. Obdr\u017eeli jsme pl\u00e1novac\u00ed schv\u00e1len\u00ed a m\u016f\u017eeme z\u00edskat zna\u010dn\u00fd fianan\u010dn\u00ed obnos z prodeje a n\u00e1sledn\u00e9 v\u00fdstavby obytn\u00fdch domk\u016f v lokalit\u011b. \u010casov\u00fd r\u00e1mec z\u00e1stavby ale je\u0161t\u011b nen\u00ed dokon\u010den.<\/p>\n<p><strong>Goodison Park. V\u00fdstavba budovy, o kter\u00e9 jsme se bavili, jeho plochu je\u0161t\u011b v\u00edce omezuje &#8211; pokud to je je\u0161t\u011b v\u00edce mo\u017en\u00e9! Je to posledn\u00ed h\u0159eb\u00ed\u010dek do rakve?<\/strong><\/p>\n<p>Roz\u0161\u00ed\u0159en\u00ed Goodisonu z\u016fst\u00e1v\u00e1 slo\u017eitou ot\u00e1zkou a st\u00e1le jsme nevid\u011bli nic v\u00fdznamn\u00e9ho, co by bylo ekonomicky i komer\u010dn\u011b racion\u00e1ln\u00ed. Rukama n\u00e1m pro\u0161lo ji\u017e n\u011bkolik mo\u017enost\u00ed, ale ani jedna z nich by nefungovala. Tak\u017ee v\u00fdstavba administrativn\u00ed budovy byla prioritou. Zkr\u00e1tka mus\u00edme vyu\u017e\u00edt v\u0161e, co m\u00e1me. Budeme ale samoz\u0159ejm\u011b pokra\u010dovat v kosmetick\u00fdch zlep\u0161en\u00edch vzhledu stadionu. S m\u011bstskou radou tak\u00e9 m\u00e1me pozitivn\u00ed diskuze o vylep\u0161ov\u00e1n\u00ed lok\u00e1ln\u00edho prost\u0159ed\u00ed &#8211; chodn\u00edky, cesty okolo stadionu, a tak d\u00e1le. Zkvalitnit m\u016f\u017eeme pouze z\u00e1le\u017eitosti v na\u0161ich pravomoc\u00edch.<\/p>\n<p><strong>O\u010dek\u00e1v\u00e1te n\u011bj\u00e1k\u00e9 probl\u00e9my s obnovou certifik\u00e1tu, zaru\u010duj\u00edc\u00edho bezpe\u010dnost stadionu?<\/strong><\/p>\n<p>Ne, a\u010dkoliv nikdy nev\u00edte, co najdete ve star\u00e9 budov\u011b. M\u016f\u017eeme ale zaru\u010dit, \u017ee nedojde na \u017e\u00e1dn\u00e1 p\u0159ekvapen\u00ed.<\/p>\n<p><strong>Zvy\u0161uj\u00ed se ceny \u00fadr\u017eby?<\/strong><\/p>\n<p>Bav\u00edme-li se o struktu\u0159e stadionu, tak ne. Nebo p\u0159esn\u011bji \u0159e\u010deno, jsou v souladu s na\u0161imi o\u010dek\u00e1v\u00e1n\u00edmi. Samoz\u0159ejm\u011b se tyto v\u00fddaje budou v dal\u0161\u00edch letech nejsp\u00ed\u0161e zvy\u0161ovat, proto\u017ee stadion st\u00e1rne.<\/p>\n<p><strong>The Everton Collection. Jak\u00e9 je jej\u00ed sou\u010dasn\u00e9 postaven\u00ed a pl\u00e1ny pro jej\u00ed budouc\u00ed vyu\u017eit\u00ed?<\/strong><\/p>\n<p>St\u00e1le \u0159\u00edk\u00e1m, \u017ee Collection pat\u0159\u00ed fanou\u0161k\u016fm a ve\u0161ker\u00e9 \u00fasil\u00ed by m\u011blo sm\u011b\u0159ovat k zaji\u0161t\u011bn\u00ed p\u0159\u00edstupu k n\u00ed pro co nejv\u00edce fand\u016f. Collection Trust pot\u0159ebuje podporu, aby se tak mohlo st\u00e1t. Nov\u00e1 budova slibuje fantastickou p\u0159\u00edle\u017eitost k dosa\u017een\u00ed \u00fa\u010delu Everton Collection a jsem si jist\u00fd, \u017ee ob\u011b strany dojdou ke shodn\u00e9mu n\u00e1zoru.<\/p>\n<p><strong>Fotbalov\u00e1 muzea maj\u00ed \u0161patnou pov\u011bst v ohledu n\u00e1v\u0161t\u011bvnosti. The Scottish Football Museum zav\u0159elo svoje dve\u0159e st\u011b\u017e\u00ed po roce a nyn\u00ed se English National Museum st\u011bhuje z Prestonu do pr\u00e1zdn\u00e9 budovy v Manchesteru, co\u017e je podle m\u00e9ho n\u00e1zoru skand\u00e1ln\u00ed a ur\u00e1\u017eka Prestonu. Nen\u00ed mi jasn\u00e9, \u017ee zat\u00edmco fanou\u0161ci \u010dasto mluv\u00ed o odkazu a historii, z\u0159\u00eddka ji podporuj\u00ed v \u017eivotaschopn\u00e9 n\u00e1v\u0161t\u011bvnosti, pokud jde o exhibice, atd. Bude tohle zahrnuto v nov\u00e9 budov\u011b?<\/strong><\/p>\n<p>Z\u010d\u00e1sti ano, ale pro v\u0161echno nebude dost pater. Chceme m\u00edt museum a z\u00e1rove\u0148 i m\u00edsto, kam by mohly chodit rodiny vst\u0159eb\u00e1vat klubovou historii mimo hrac\u00ed dny. Je to skv\u011bl\u00fd zp\u016fsob, jak zako\u0159enit v\u011brnost obzvl\u00e1\u0161t\u011b u mlad\u00fdch fanou\u0161k\u016f. V tuhle chv\u00edli hled\u00e1me zku\u0161en\u00e9ho specialistu v tomhle poli. Jsme teprve na za\u010d\u00e1tku \u00fakolu.<\/p>\n<p><strong>D\u00edky za v\u00e1\u0161 \u010das, Roberte.<\/strong><\/p>\n<p>R\u00e1do se stalo.<\/p>\n","protected":false},"excerpt":{"rendered":"<p>\u0158adu ot\u00e1zek od finan\u010dn\u00ed situace klubu a\u017e ke stadionu, polo\u017eil fanz\u00edn bluekiper.com. Odpov\u00eddal na n\u011b gener\u00e1ln\u00ed \u0159editel klubu, Robert Elstone.&hellip;<\/p>\n","protected":false},"author":7,"featured_media":1312,"comment_status":"open","ping_status":"closed","sticky":false,"template":"","format":"standard","meta":{"_eb_attr":"","_monsterinsights_skip_tracking":false,"_monsterinsights_sitenote_active":false,"_monsterinsights_sitenote_note":"","_monsterinsights_sitenote_category":0,"footnotes":""},"categories":[1],"tags":[],"yoast_head":"<!-- This site is optimized with the Yoast SEO plugin v23.4 - https:\/\/yoast.com\/wordpress\/plugins\/seo\/ -->\n<title>Elstone v obs\u00e1hl\u00e9m interview - Official Czech &amp; Slovak Everton Supporters&#039; Club<\/title>\n<meta name=\"robots\" content=\"index, follow, max-snippet:-1, max-image-preview:large, max-video-preview:-1\" \/>\n<link rel=\"canonical\" href=\"https:\/\/evertonfc.cz\/index.php\/2010\/12\/14\/elstone-v-obsahlem-interview\/\" \/>\n<meta property=\"og:locale\" content=\"cs_CZ\" \/>\n<meta property=\"og:type\" content=\"article\" \/>\n<meta property=\"og:title\" content=\"Elstone v obs\u00e1hl\u00e9m interview - Official Czech &amp; Slovak Everton Supporters&#039; Club\" \/>\n<meta property=\"og:description\" content=\"\u0158adu ot\u00e1zek od finan\u010dn\u00ed situace klubu a\u017e ke stadionu, polo\u017eil fanz\u00edn bluekiper.com. Odpov\u00eddal na n\u011b gener\u00e1ln\u00ed \u0159editel klubu, Robert Elstone.&hellip;\" \/>\n<meta property=\"og:url\" content=\"https:\/\/evertonfc.cz\/index.php\/2010\/12\/14\/elstone-v-obsahlem-interview\/\" \/>\n<meta property=\"og:site_name\" content=\"Official Czech &amp; Slovak Everton Supporters&#039; Club\" \/>\n<meta property=\"article:publisher\" content=\"https:\/\/www.facebook.com\/everton.fans.cz.sk\" \/>\n<meta property=\"article:published_time\" content=\"2010-12-14T20:04:45+00:00\" \/>\n<meta property=\"article:modified_time\" content=\"2019-02-11T20:07:05+00:00\" \/>\n<meta property=\"og:image\" content=\"https:\/\/evertonfc.cz\/wp-content\/uploads\/2019\/01\/interview.jpg\" \/>\n\t<meta property=\"og:image:width\" content=\"720\" \/>\n\t<meta property=\"og:image:height\" content=\"405\" \/>\n\t<meta property=\"og:image:type\" content=\"image\/jpeg\" \/>\n<meta name=\"author\" content=\"Me\u0148a\" \/>\n<meta name=\"twitter:card\" content=\"summary_large_image\" \/>\n<meta name=\"twitter:label1\" content=\"Napsal(a)\" \/>\n\t<meta name=\"twitter:data1\" content=\"Me\u0148a\" \/>\n\t<meta name=\"twitter:label2\" content=\"Odhadovan\u00e1 doba \u010dten\u00ed\" \/>\n\t<meta name=\"twitter:data2\" content=\"17 minut\" \/>\n<script type=\"application\/ld+json\" class=\"yoast-schema-graph\">{\"@context\":\"https:\/\/schema.org\",\"@graph\":[{\"@type\":\"Article\",\"@id\":\"https:\/\/evertonfc.cz\/index.php\/2010\/12\/14\/elstone-v-obsahlem-interview\/#article\",\"isPartOf\":{\"@id\":\"https:\/\/evertonfc.cz\/index.php\/2010\/12\/14\/elstone-v-obsahlem-interview\/\"},\"author\":{\"name\":\"Me\u0148a\",\"@id\":\"https:\/\/evertonfc.cz\/#\/schema\/person\/cd6328a75577de2add7793fd4b0930c3\"},\"headline\":\"Elstone v obs\u00e1hl\u00e9m interview\",\"datePublished\":\"2010-12-14T20:04:45+00:00\",\"dateModified\":\"2019-02-11T20:07:05+00:00\",\"mainEntityOfPage\":{\"@id\":\"https:\/\/evertonfc.cz\/index.php\/2010\/12\/14\/elstone-v-obsahlem-interview\/\"},\"wordCount\":3453,\"commentCount\":0,\"publisher\":{\"@id\":\"https:\/\/evertonfc.cz\/#organization\"},\"image\":{\"@id\":\"https:\/\/evertonfc.cz\/index.php\/2010\/12\/14\/elstone-v-obsahlem-interview\/#primaryimage\"},\"thumbnailUrl\":\"https:\/\/evertonfc.cz\/wp-content\/uploads\/2019\/01\/interview.jpg\",\"articleSection\":[\"Rozhovory\"],\"inLanguage\":\"cs\",\"potentialAction\":[{\"@type\":\"CommentAction\",\"name\":\"Comment\",\"target\":[\"https:\/\/evertonfc.cz\/index.php\/2010\/12\/14\/elstone-v-obsahlem-interview\/#respond\"]}]},{\"@type\":\"WebPage\",\"@id\":\"https:\/\/evertonfc.cz\/index.php\/2010\/12\/14\/elstone-v-obsahlem-interview\/\",\"url\":\"https:\/\/evertonfc.cz\/index.php\/2010\/12\/14\/elstone-v-obsahlem-interview\/\",\"name\":\"Elstone v obs\u00e1hl\u00e9m interview - Official Czech &amp; Slovak Everton Supporters&#039; Club\",\"isPartOf\":{\"@id\":\"https:\/\/evertonfc.cz\/#website\"},\"primaryImageOfPage\":{\"@id\":\"https:\/\/evertonfc.cz\/index.php\/2010\/12\/14\/elstone-v-obsahlem-interview\/#primaryimage\"},\"image\":{\"@id\":\"https:\/\/evertonfc.cz\/index.php\/2010\/12\/14\/elstone-v-obsahlem-interview\/#primaryimage\"},\"thumbnailUrl\":\"https:\/\/evertonfc.cz\/wp-content\/uploads\/2019\/01\/interview.jpg\",\"datePublished\":\"2010-12-14T20:04:45+00:00\",\"dateModified\":\"2019-02-11T20:07:05+00:00\",\"breadcrumb\":{\"@id\":\"https:\/\/evertonfc.cz\/index.php\/2010\/12\/14\/elstone-v-obsahlem-interview\/#breadcrumb\"},\"inLanguage\":\"cs\",\"potentialAction\":[{\"@type\":\"ReadAction\",\"target\":[\"https:\/\/evertonfc.cz\/index.php\/2010\/12\/14\/elstone-v-obsahlem-interview\/\"]}]},{\"@type\":\"ImageObject\",\"inLanguage\":\"cs\",\"@id\":\"https:\/\/evertonfc.cz\/index.php\/2010\/12\/14\/elstone-v-obsahlem-interview\/#primaryimage\",\"url\":\"https:\/\/evertonfc.cz\/wp-content\/uploads\/2019\/01\/interview.jpg\",\"contentUrl\":\"https:\/\/evertonfc.cz\/wp-content\/uploads\/2019\/01\/interview.jpg\",\"width\":720,\"height\":405},{\"@type\":\"BreadcrumbList\",\"@id\":\"https:\/\/evertonfc.cz\/index.php\/2010\/12\/14\/elstone-v-obsahlem-interview\/#breadcrumb\",\"itemListElement\":[{\"@type\":\"ListItem\",\"position\":1,\"name\":\"Home\",\"item\":\"https:\/\/evertonfc.cz\/\"},{\"@type\":\"ListItem\",\"position\":2,\"name\":\"Elstone v obs\u00e1hl\u00e9m interview\"}]},{\"@type\":\"WebSite\",\"@id\":\"https:\/\/evertonfc.cz\/#website\",\"url\":\"https:\/\/evertonfc.cz\/\",\"name\":\"Official Czech &amp; Slovak Everton Supporters&#039; Club\",\"description\":\"\",\"publisher\":{\"@id\":\"https:\/\/evertonfc.cz\/#organization\"},\"potentialAction\":[{\"@type\":\"SearchAction\",\"target\":{\"@type\":\"EntryPoint\",\"urlTemplate\":\"https:\/\/evertonfc.cz\/?s={search_term_string}\"},\"query-input\":{\"@type\":\"PropertyValueSpecification\",\"valueRequired\":true,\"valueName\":\"search_term_string\"}}],\"inLanguage\":\"cs\"},{\"@type\":\"Organization\",\"@id\":\"https:\/\/evertonfc.cz\/#organization\",\"name\":\"Official Czech & Slovak Everton Supporters' Club\",\"url\":\"https:\/\/evertonfc.cz\/\",\"logo\":{\"@type\":\"ImageObject\",\"inLanguage\":\"cs\",\"@id\":\"https:\/\/evertonfc.cz\/#\/schema\/logo\/image\/\",\"url\":\"https:\/\/evertonfc.cz\/wp-content\/uploads\/2019\/05\/logo.png\",\"contentUrl\":\"https:\/\/evertonfc.cz\/wp-content\/uploads\/2019\/05\/logo.png\",\"width\":112,\"height\":112,\"caption\":\"Official Czech & Slovak Everton Supporters' Club\"},\"image\":{\"@id\":\"https:\/\/evertonfc.cz\/#\/schema\/logo\/image\/\"},\"sameAs\":[\"https:\/\/www.facebook.com\/everton.fans.cz.sk\"]},{\"@type\":\"Person\",\"@id\":\"https:\/\/evertonfc.cz\/#\/schema\/person\/cd6328a75577de2add7793fd4b0930c3\",\"name\":\"Me\u0148a\",\"url\":\"https:\/\/evertonfc.cz\/index.php\/author\/mena\/\"}]}<\/script>\n<!-- \/ Yoast SEO plugin. -->","yoast_head_json":{"title":"Elstone v obs\u00e1hl\u00e9m interview - Official Czech &amp; Slovak Everton Supporters&#039; Club","robots":{"index":"index","follow":"follow","max-snippet":"max-snippet:-1","max-image-preview":"max-image-preview:large","max-video-preview":"max-video-preview:-1"},"canonical":"https:\/\/evertonfc.cz\/index.php\/2010\/12\/14\/elstone-v-obsahlem-interview\/","og_locale":"cs_CZ","og_type":"article","og_title":"Elstone v obs\u00e1hl\u00e9m interview - Official Czech &amp; Slovak Everton Supporters&#039; Club","og_description":"\u0158adu ot\u00e1zek od finan\u010dn\u00ed situace klubu a\u017e ke stadionu, polo\u017eil fanz\u00edn bluekiper.com. Odpov\u00eddal na n\u011b gener\u00e1ln\u00ed \u0159editel klubu, Robert Elstone.&hellip;","og_url":"https:\/\/evertonfc.cz\/index.php\/2010\/12\/14\/elstone-v-obsahlem-interview\/","og_site_name":"Official Czech &amp; Slovak Everton Supporters&#039; Club","article_publisher":"https:\/\/www.facebook.com\/everton.fans.cz.sk","article_published_time":"2010-12-14T20:04:45+00:00","article_modified_time":"2019-02-11T20:07:05+00:00","og_image":[{"width":720,"height":405,"url":"https:\/\/evertonfc.cz\/wp-content\/uploads\/2019\/01\/interview.jpg","type":"image\/jpeg"}],"author":"Me\u0148a","twitter_card":"summary_large_image","twitter_misc":{"Napsal(a)":"Me\u0148a","Odhadovan\u00e1 doba \u010dten\u00ed":"17 minut"},"schema":{"@context":"https:\/\/schema.org","@graph":[{"@type":"Article","@id":"https:\/\/evertonfc.cz\/index.php\/2010\/12\/14\/elstone-v-obsahlem-interview\/#article","isPartOf":{"@id":"https:\/\/evertonfc.cz\/index.php\/2010\/12\/14\/elstone-v-obsahlem-interview\/"},"author":{"name":"Me\u0148a","@id":"https:\/\/evertonfc.cz\/#\/schema\/person\/cd6328a75577de2add7793fd4b0930c3"},"headline":"Elstone v obs\u00e1hl\u00e9m interview","datePublished":"2010-12-14T20:04:45+00:00","dateModified":"2019-02-11T20:07:05+00:00","mainEntityOfPage":{"@id":"https:\/\/evertonfc.cz\/index.php\/2010\/12\/14\/elstone-v-obsahlem-interview\/"},"wordCount":3453,"commentCount":0,"publisher":{"@id":"https:\/\/evertonfc.cz\/#organization"},"image":{"@id":"https:\/\/evertonfc.cz\/index.php\/2010\/12\/14\/elstone-v-obsahlem-interview\/#primaryimage"},"thumbnailUrl":"https:\/\/evertonfc.cz\/wp-content\/uploads\/2019\/01\/interview.jpg","articleSection":["Rozhovory"],"inLanguage":"cs","potentialAction":[{"@type":"CommentAction","name":"Comment","target":["https:\/\/evertonfc.cz\/index.php\/2010\/12\/14\/elstone-v-obsahlem-interview\/#respond"]}]},{"@type":"WebPage","@id":"https:\/\/evertonfc.cz\/index.php\/2010\/12\/14\/elstone-v-obsahlem-interview\/","url":"https:\/\/evertonfc.cz\/index.php\/2010\/12\/14\/elstone-v-obsahlem-interview\/","name":"Elstone v obs\u00e1hl\u00e9m interview - Official Czech &amp; Slovak Everton Supporters&#039; Club","isPartOf":{"@id":"https:\/\/evertonfc.cz\/#website"},"primaryImageOfPage":{"@id":"https:\/\/evertonfc.cz\/index.php\/2010\/12\/14\/elstone-v-obsahlem-interview\/#primaryimage"},"image":{"@id":"https:\/\/evertonfc.cz\/index.php\/2010\/12\/14\/elstone-v-obsahlem-interview\/#primaryimage"},"thumbnailUrl":"https:\/\/evertonfc.cz\/wp-content\/uploads\/2019\/01\/interview.jpg","datePublished":"2010-12-14T20:04:45+00:00","dateModified":"2019-02-11T20:07:05+00:00","breadcrumb":{"@id":"https:\/\/evertonfc.cz\/index.php\/2010\/12\/14\/elstone-v-obsahlem-interview\/#breadcrumb"},"inLanguage":"cs","potentialAction":[{"@type":"ReadAction","target":["https:\/\/evertonfc.cz\/index.php\/2010\/12\/14\/elstone-v-obsahlem-interview\/"]}]},{"@type":"ImageObject","inLanguage":"cs","@id":"https:\/\/evertonfc.cz\/index.php\/2010\/12\/14\/elstone-v-obsahlem-interview\/#primaryimage","url":"https:\/\/evertonfc.cz\/wp-content\/uploads\/2019\/01\/interview.jpg","contentUrl":"https:\/\/evertonfc.cz\/wp-content\/uploads\/2019\/01\/interview.jpg","width":720,"height":405},{"@type":"BreadcrumbList","@id":"https:\/\/evertonfc.cz\/index.php\/2010\/12\/14\/elstone-v-obsahlem-interview\/#breadcrumb","itemListElement":[{"@type":"ListItem","position":1,"name":"Home","item":"https:\/\/evertonfc.cz\/"},{"@type":"ListItem","position":2,"name":"Elstone v obs\u00e1hl\u00e9m interview"}]},{"@type":"WebSite","@id":"https:\/\/evertonfc.cz\/#website","url":"https:\/\/evertonfc.cz\/","name":"Official Czech &amp; Slovak Everton Supporters&#039; Club","description":"","publisher":{"@id":"https:\/\/evertonfc.cz\/#organization"},"potentialAction":[{"@type":"SearchAction","target":{"@type":"EntryPoint","urlTemplate":"https:\/\/evertonfc.cz\/?s={search_term_string}"},"query-input":{"@type":"PropertyValueSpecification","valueRequired":true,"valueName":"search_term_string"}}],"inLanguage":"cs"},{"@type":"Organization","@id":"https:\/\/evertonfc.cz\/#organization","name":"Official Czech & Slovak Everton Supporters' Club","url":"https:\/\/evertonfc.cz\/","logo":{"@type":"ImageObject","inLanguage":"cs","@id":"https:\/\/evertonfc.cz\/#\/schema\/logo\/image\/","url":"https:\/\/evertonfc.cz\/wp-content\/uploads\/2019\/05\/logo.png","contentUrl":"https:\/\/evertonfc.cz\/wp-content\/uploads\/2019\/05\/logo.png","width":112,"height":112,"caption":"Official Czech & Slovak Everton Supporters' Club"},"image":{"@id":"https:\/\/evertonfc.cz\/#\/schema\/logo\/image\/"},"sameAs":["https:\/\/www.facebook.com\/everton.fans.cz.sk"]},{"@type":"Person","@id":"https:\/\/evertonfc.cz\/#\/schema\/person\/cd6328a75577de2add7793fd4b0930c3","name":"Me\u0148a","url":"https:\/\/evertonfc.cz\/index.php\/author\/mena\/"}]}},"_links":{"self":[{"href":"https:\/\/evertonfc.cz\/index.php\/wp-json\/wp\/v2\/posts\/3610"}],"collection":[{"href":"https:\/\/evertonfc.cz\/index.php\/wp-json\/wp\/v2\/posts"}],"about":[{"href":"https:\/\/evertonfc.cz\/index.php\/wp-json\/wp\/v2\/types\/post"}],"author":[{"embeddable":true,"href":"https:\/\/evertonfc.cz\/index.php\/wp-json\/wp\/v2\/users\/7"}],"replies":[{"embeddable":true,"href":"https:\/\/evertonfc.cz\/index.php\/wp-json\/wp\/v2\/comments?post=3610"}],"version-history":[{"count":1,"href":"https:\/\/evertonfc.cz\/index.php\/wp-json\/wp\/v2\/posts\/3610\/revisions"}],"predecessor-version":[{"id":3613,"href":"https:\/\/evertonfc.cz\/index.php\/wp-json\/wp\/v2\/posts\/3610\/revisions\/3613"}],"wp:featuredmedia":[{"embeddable":true,"href":"https:\/\/evertonfc.cz\/index.php\/wp-json\/wp\/v2\/media\/1312"}],"wp:attachment":[{"href":"https:\/\/evertonfc.cz\/index.php\/wp-json\/wp\/v2\/media?parent=3610"}],"wp:term":[{"taxonomy":"category","embeddable":true,"href":"https:\/\/evertonfc.cz\/index.php\/wp-json\/wp\/v2\/categories?post=3610"},{"taxonomy":"post_tag","embeddable":true,"href":"https:\/\/evertonfc.cz\/index.php\/wp-json\/wp\/v2\/tags?post=3610"}],"curies":[{"name":"wp","href":"https:\/\/api.w.org\/{rel}","templated":true}]}}