{"id":3614,"date":"2010-12-15T21:07:14","date_gmt":"2010-12-15T20:07:14","guid":{"rendered":"http:\/\/evertonfc.cz\/?p=3614"},"modified":"2019-02-11T21:08:53","modified_gmt":"2019-02-11T20:08:53","slug":"anichebe-nehodla-odejit","status":"publish","type":"post","link":"https:\/\/evertonfc.cz\/index.php\/2010\/12\/15\/anichebe-nehodla-odejit\/","title":{"rendered":"Anichebe nehodl\u00e1 odej\u00edt"},"content":{"rendered":"<h4>Victor Anichebe je podle vlastn\u00edch nad\u00e1le odd\u00e1n Evertonu a v nejbli\u017e\u0161\u00edm mo\u017en\u00e9m term\u00ednu by cht\u011bl prodlou\u017eit sv\u016fj st\u00e1v\u00e1j\u00edc\u00ed kontrakt.<\/h4>\n<p>Nigerijcovi kon\u010d\u00ed v l\u00e9t\u011b na Goodison Parku smlouva, pokud by ji neprodlou\u017eil, stal by se k 1. \u010dervenci voln\u00fdm hr\u00e1\u010dem a mohl by odej\u00edt zadarmo. Vzhledem k t\u00e9to skute\u010dnosti o v\u00edkendu britsk\u00e1 m\u00e9dia uvedla zpr\u00e1vu, \u017ee Anichebe odm\u00edtl od Moyese nov\u00fd kontrakt se z\u00e1kladn\u00edm platem \u00a320 000 t\u00fddn\u011b, p\u0159i\u010dem\u017e d\u00edky odehran\u00fdm z\u00e1pas\u016fm by se mohla \u010d\u00e1stka vy\u0161plhat a\u017e na \u00a330 000. V sou\u010dasnosti Big Vic pob\u00edr\u00e1 plat \u00a313 000 t\u00fddn\u011b.<\/p>\n<p>Zv\u011bsti o odm\u00edtnut\u00ed smlouvy vyvolaly u fanou\u0161k\u016f vlnu nevole, jeliko\u017e Anichebe toho za posledn\u00ed rok a p\u016fl kv\u016fli zran\u011bn\u00edm p\u0159\u00edli\u0161 nenahr\u00e1l, a i tak se mu dostalo od veden\u00ed d\u016fv\u011bry.<\/p>\n<p>S\u00e1m fotbalista ale v\u0161echny verze o odm\u00edtnut\u00ed smlouvy pop\u00edr\u00e1 a rozhodn\u011b nehodl\u00e1 opou\u0161t\u011bt Blues:\u00a0<em>\u201eSamoz\u0159ejm\u011b chci z\u016fstat v Evertonu. Jsem sou\u010d\u00e1st\u00ed klubu u\u017e od doby, co jsem byl mal\u00fd kluk.<\/em><\/p>\n<p><em>Cel\u00e1 ta situace ohledn\u011b m\u00e9 smlouvy, kter\u00e1 se \u0159e\u0161ila o v\u00edkendu, mi p\u0159i\u0161la trochu bl\u00e1zniv\u00e1, kdy\u017e m\u00e1m b\u00fdt up\u0159\u00edmn\u00fd. Nev\u00edm, odkud se vzaly informace o odm\u00edtnut\u00ed smlouvy na \u00a330 000 liber t\u00fddn\u011b. Sumy, je\u017e se objevovaly v tisku, mi rozhodn\u011b nikdo nenab\u00eddl.<\/em><\/p>\n<p><em>Chci, aby fanou\u0161ci v\u011bd\u011bli, \u017ee jsem ur\u010dit\u011b neztratil respekt ke klubu stejn\u011b tak jako k nim. Jsem v Evertonu spokojen, nem\u00e1m probl\u00e9my se spoluhr\u00e1\u010di ani s mana\u017eerem, prost\u011b s nik\u00fdm.\u201c<\/em><\/p>\n<p>V sobotn\u00edm dom\u00e1c\u00edm z\u00e1pase proti Wiganu na dvaadvacetilet\u00e9ho ofenzivn\u00edho hr\u00e1\u010de p\u0159\u00edznivci Evertonu dokonce bu\u010deli, co\u017e Anichebeho velmi \u0161okovalo:\u00a0<em>\u201eDen po utk\u00e1n\u00ed jsem mluvil s mana\u017eerem a on nev\u011bd\u011bl, kde se vzaly \u0159e\u010di o m\u00e9m odm\u00edtnut\u00ed smlouvy. Byl i p\u0159ekvapen reakc\u00ed fanou\u0161k\u016f na mou osobu. M\u011b chov\u00e1n\u00ed lid\u00ed docela \u0161okovalo a dost m\u011b to zneklidnilo, jeliko\u017e jsem si svou pozici v t\u00fdmu dlouho budoval a fanou\u0161ci m\u011b v\u017edy podporovali.<\/em><\/p>\n<p><em>Z fotbalov\u00e9 hledisko \u0161lo o m\u016fj nejhor\u0161\u00ed den v \u017eivot\u011b. Ch\u00e1pu, \u017ee n\u011bkdo v\u011b\u0159\u00ed slov\u016fm, co se nap\u00ed\u0161e v novin\u00e1ch. J\u00e1 jen prost\u011b chci, aby v\u0161ichni v\u011bd\u011bli o m\u00e9 \u00fact\u011b ke klubu.<\/em><\/p>\n<p><em>Fanou\u0161ky m\u00e1m ale stejn\u011b r\u00e1d, uv\u011bdomuji si, co pro n\u011b Everton znamen\u00e1. Po jejich reakci na m\u011b mi v\u0161ak nebylo dob\u0159e, na\u0161t\u011bst\u00ed m\u00e1m jako spoluhr\u00e1\u010de skv\u011bl\u00e9 kam\u00e1rady. Tim Cahill, Phil Neville a Phil Jagielka mi hodn\u011b pomohli.<\/em><\/p>\n<p><em>Hlavn\u00edm \u00fakolem pro m\u011b v sou\u010dasnosti je tvrd\u00fd tr\u00e9nink a \u00fa\u010dast v z\u00e1pasech, za posledn\u00edch 18 m\u011bs\u00edc\u016f jsem m\u011bl dv\u011b t\u011b\u017ek\u00e1 zran\u011bn\u00ed, proto jsem toho moc nenahr\u00e1l. A v\u0161echna jedn\u00e1n\u00ed o nov\u00e9 smlouv\u011b chci p\u0159enechat m\u00fdm poradc\u016fm.\u201c<\/em><\/p>\n","protected":false},"excerpt":{"rendered":"<p>Victor Anichebe je podle vlastn\u00edch nad\u00e1le odd\u00e1n Evertonu a v nejbli\u017e\u0161\u00edm mo\u017en\u00e9m term\u00ednu by cht\u011bl prodlou\u017eit sv\u016fj st\u00e1v\u00e1j\u00edc\u00ed kontrakt. Nigerijcovi&hellip;<\/p>\n","protected":false},"author":6,"featured_media":1312,"comment_status":"open","ping_status":"closed","sticky":false,"template":"","format":"standard","meta":{"_eb_attr":"","_monsterinsights_skip_tracking":false,"_monsterinsights_sitenote_active":false,"_monsterinsights_sitenote_note":"","_monsterinsights_sitenote_category":0,"footnotes":""},"categories":[42,1],"tags":[],"yoast_head":"<!-- This site is optimized with the Yoast SEO plugin v23.4 - https:\/\/yoast.com\/wordpress\/plugins\/seo\/ -->\n<title>Anichebe nehodl\u00e1 odej\u00edt - Official Czech &amp; Slovak Everton Supporters&#039; Club<\/title>\n<meta name=\"robots\" content=\"index, follow, max-snippet:-1, max-image-preview:large, max-video-preview:-1\" \/>\n<link rel=\"canonical\" href=\"https:\/\/evertonfc.cz\/index.php\/2010\/12\/15\/anichebe-nehodla-odejit\/\" \/>\n<meta property=\"og:locale\" content=\"cs_CZ\" \/>\n<meta property=\"og:type\" content=\"article\" \/>\n<meta property=\"og:title\" content=\"Anichebe nehodl\u00e1 odej\u00edt - Official Czech &amp; Slovak Everton Supporters&#039; Club\" \/>\n<meta property=\"og:description\" content=\"Victor Anichebe je podle vlastn\u00edch nad\u00e1le odd\u00e1n Evertonu a v nejbli\u017e\u0161\u00edm mo\u017en\u00e9m term\u00ednu by cht\u011bl prodlou\u017eit sv\u016fj st\u00e1v\u00e1j\u00edc\u00ed kontrakt. Nigerijcovi&hellip;\" \/>\n<meta property=\"og:url\" content=\"https:\/\/evertonfc.cz\/index.php\/2010\/12\/15\/anichebe-nehodla-odejit\/\" \/>\n<meta property=\"og:site_name\" content=\"Official Czech &amp; Slovak Everton Supporters&#039; Club\" \/>\n<meta property=\"article:publisher\" content=\"https:\/\/www.facebook.com\/everton.fans.cz.sk\" \/>\n<meta property=\"article:published_time\" content=\"2010-12-15T20:07:14+00:00\" \/>\n<meta property=\"article:modified_time\" content=\"2019-02-11T20:08:53+00:00\" \/>\n<meta property=\"og:image\" content=\"https:\/\/evertonfc.cz\/wp-content\/uploads\/2019\/01\/interview.jpg\" \/>\n\t<meta property=\"og:image:width\" content=\"720\" \/>\n\t<meta property=\"og:image:height\" content=\"405\" \/>\n\t<meta property=\"og:image:type\" content=\"image\/jpeg\" \/>\n<meta name=\"author\" content=\"Ri\u010di\" \/>\n<meta name=\"twitter:card\" content=\"summary_large_image\" \/>\n<meta name=\"twitter:creator\" content=\"@rbrejsa\" \/>\n<meta name=\"twitter:label1\" content=\"Napsal(a)\" \/>\n\t<meta name=\"twitter:data1\" content=\"Ri\u010di\" \/>\n\t<meta name=\"twitter:label2\" content=\"Odhadovan\u00e1 doba \u010dten\u00ed\" \/>\n\t<meta name=\"twitter:data2\" content=\"3 minuty\" \/>\n<script type=\"application\/ld+json\" class=\"yoast-schema-graph\">{\"@context\":\"https:\/\/schema.org\",\"@graph\":[{\"@type\":\"Article\",\"@id\":\"https:\/\/evertonfc.cz\/index.php\/2010\/12\/15\/anichebe-nehodla-odejit\/#article\",\"isPartOf\":{\"@id\":\"https:\/\/evertonfc.cz\/index.php\/2010\/12\/15\/anichebe-nehodla-odejit\/\"},\"author\":{\"name\":\"Ri\u010di\",\"@id\":\"https:\/\/evertonfc.cz\/#\/schema\/person\/f7a5daedb2ffee98480bc70e191aaef1\"},\"headline\":\"Anichebe nehodl\u00e1 odej\u00edt\",\"datePublished\":\"2010-12-15T20:07:14+00:00\",\"dateModified\":\"2019-02-11T20:08:53+00:00\",\"mainEntityOfPage\":{\"@id\":\"https:\/\/evertonfc.cz\/index.php\/2010\/12\/15\/anichebe-nehodla-odejit\/\"},\"wordCount\":526,\"commentCount\":0,\"publisher\":{\"@id\":\"https:\/\/evertonfc.cz\/#organization\"},\"image\":{\"@id\":\"https:\/\/evertonfc.cz\/index.php\/2010\/12\/15\/anichebe-nehodla-odejit\/#primaryimage\"},\"thumbnailUrl\":\"https:\/\/evertonfc.cz\/wp-content\/uploads\/2019\/01\/interview.jpg\",\"articleSection\":[\"Aktuality\",\"Rozhovory\"],\"inLanguage\":\"cs\",\"potentialAction\":[{\"@type\":\"CommentAction\",\"name\":\"Comment\",\"target\":[\"https:\/\/evertonfc.cz\/index.php\/2010\/12\/15\/anichebe-nehodla-odejit\/#respond\"]}]},{\"@type\":\"WebPage\",\"@id\":\"https:\/\/evertonfc.cz\/index.php\/2010\/12\/15\/anichebe-nehodla-odejit\/\",\"url\":\"https:\/\/evertonfc.cz\/index.php\/2010\/12\/15\/anichebe-nehodla-odejit\/\",\"name\":\"Anichebe nehodl\u00e1 odej\u00edt - Official Czech &amp; Slovak Everton Supporters&#039; Club\",\"isPartOf\":{\"@id\":\"https:\/\/evertonfc.cz\/#website\"},\"primaryImageOfPage\":{\"@id\":\"https:\/\/evertonfc.cz\/index.php\/2010\/12\/15\/anichebe-nehodla-odejit\/#primaryimage\"},\"image\":{\"@id\":\"https:\/\/evertonfc.cz\/index.php\/2010\/12\/15\/anichebe-nehodla-odejit\/#primaryimage\"},\"thumbnailUrl\":\"https:\/\/evertonfc.cz\/wp-content\/uploads\/2019\/01\/interview.jpg\",\"datePublished\":\"2010-12-15T20:07:14+00:00\",\"dateModified\":\"2019-02-11T20:08:53+00:00\",\"breadcrumb\":{\"@id\":\"https:\/\/evertonfc.cz\/index.php\/2010\/12\/15\/anichebe-nehodla-odejit\/#breadcrumb\"},\"inLanguage\":\"cs\",\"potentialAction\":[{\"@type\":\"ReadAction\",\"target\":[\"https:\/\/evertonfc.cz\/index.php\/2010\/12\/15\/anichebe-nehodla-odejit\/\"]}]},{\"@type\":\"ImageObject\",\"inLanguage\":\"cs\",\"@id\":\"https:\/\/evertonfc.cz\/index.php\/2010\/12\/15\/anichebe-nehodla-odejit\/#primaryimage\",\"url\":\"https:\/\/evertonfc.cz\/wp-content\/uploads\/2019\/01\/interview.jpg\",\"contentUrl\":\"https:\/\/evertonfc.cz\/wp-content\/uploads\/2019\/01\/interview.jpg\",\"width\":720,\"height\":405},{\"@type\":\"BreadcrumbList\",\"@id\":\"https:\/\/evertonfc.cz\/index.php\/2010\/12\/15\/anichebe-nehodla-odejit\/#breadcrumb\",\"itemListElement\":[{\"@type\":\"ListItem\",\"position\":1,\"name\":\"Home\",\"item\":\"https:\/\/evertonfc.cz\/\"},{\"@type\":\"ListItem\",\"position\":2,\"name\":\"Anichebe nehodl\u00e1 odej\u00edt\"}]},{\"@type\":\"WebSite\",\"@id\":\"https:\/\/evertonfc.cz\/#website\",\"url\":\"https:\/\/evertonfc.cz\/\",\"name\":\"Official Czech &amp; Slovak Everton Supporters&#039; Club\",\"description\":\"\",\"publisher\":{\"@id\":\"https:\/\/evertonfc.cz\/#organization\"},\"potentialAction\":[{\"@type\":\"SearchAction\",\"target\":{\"@type\":\"EntryPoint\",\"urlTemplate\":\"https:\/\/evertonfc.cz\/?s={search_term_string}\"},\"query-input\":{\"@type\":\"PropertyValueSpecification\",\"valueRequired\":true,\"valueName\":\"search_term_string\"}}],\"inLanguage\":\"cs\"},{\"@type\":\"Organization\",\"@id\":\"https:\/\/evertonfc.cz\/#organization\",\"name\":\"Official Czech & Slovak Everton Supporters' Club\",\"url\":\"https:\/\/evertonfc.cz\/\",\"logo\":{\"@type\":\"ImageObject\",\"inLanguage\":\"cs\",\"@id\":\"https:\/\/evertonfc.cz\/#\/schema\/logo\/image\/\",\"url\":\"https:\/\/evertonfc.cz\/wp-content\/uploads\/2019\/05\/logo.png\",\"contentUrl\":\"https:\/\/evertonfc.cz\/wp-content\/uploads\/2019\/05\/logo.png\",\"width\":112,\"height\":112,\"caption\":\"Official Czech & Slovak Everton Supporters' Club\"},\"image\":{\"@id\":\"https:\/\/evertonfc.cz\/#\/schema\/logo\/image\/\"},\"sameAs\":[\"https:\/\/www.facebook.com\/everton.fans.cz.sk\"]},{\"@type\":\"Person\",\"@id\":\"https:\/\/evertonfc.cz\/#\/schema\/person\/f7a5daedb2ffee98480bc70e191aaef1\",\"name\":\"Ri\u010di\",\"sameAs\":[\"https:\/\/x.com\/rbrejsa\"],\"url\":\"https:\/\/evertonfc.cz\/index.php\/author\/rici\/\"}]}<\/script>\n<!-- \/ Yoast SEO plugin. -->","yoast_head_json":{"title":"Anichebe nehodl\u00e1 odej\u00edt - Official Czech &amp; Slovak Everton Supporters&#039; Club","robots":{"index":"index","follow":"follow","max-snippet":"max-snippet:-1","max-image-preview":"max-image-preview:large","max-video-preview":"max-video-preview:-1"},"canonical":"https:\/\/evertonfc.cz\/index.php\/2010\/12\/15\/anichebe-nehodla-odejit\/","og_locale":"cs_CZ","og_type":"article","og_title":"Anichebe nehodl\u00e1 odej\u00edt - Official Czech &amp; Slovak Everton Supporters&#039; Club","og_description":"Victor Anichebe je podle vlastn\u00edch nad\u00e1le odd\u00e1n Evertonu a v nejbli\u017e\u0161\u00edm mo\u017en\u00e9m term\u00ednu by cht\u011bl prodlou\u017eit sv\u016fj st\u00e1v\u00e1j\u00edc\u00ed kontrakt. Nigerijcovi&hellip;","og_url":"https:\/\/evertonfc.cz\/index.php\/2010\/12\/15\/anichebe-nehodla-odejit\/","og_site_name":"Official Czech &amp; Slovak Everton Supporters&#039; Club","article_publisher":"https:\/\/www.facebook.com\/everton.fans.cz.sk","article_published_time":"2010-12-15T20:07:14+00:00","article_modified_time":"2019-02-11T20:08:53+00:00","og_image":[{"width":720,"height":405,"url":"https:\/\/evertonfc.cz\/wp-content\/uploads\/2019\/01\/interview.jpg","type":"image\/jpeg"}],"author":"Ri\u010di","twitter_card":"summary_large_image","twitter_creator":"@rbrejsa","twitter_misc":{"Napsal(a)":"Ri\u010di","Odhadovan\u00e1 doba \u010dten\u00ed":"3 minuty"},"schema":{"@context":"https:\/\/schema.org","@graph":[{"@type":"Article","@id":"https:\/\/evertonfc.cz\/index.php\/2010\/12\/15\/anichebe-nehodla-odejit\/#article","isPartOf":{"@id":"https:\/\/evertonfc.cz\/index.php\/2010\/12\/15\/anichebe-nehodla-odejit\/"},"author":{"name":"Ri\u010di","@id":"https:\/\/evertonfc.cz\/#\/schema\/person\/f7a5daedb2ffee98480bc70e191aaef1"},"headline":"Anichebe nehodl\u00e1 odej\u00edt","datePublished":"2010-12-15T20:07:14+00:00","dateModified":"2019-02-11T20:08:53+00:00","mainEntityOfPage":{"@id":"https:\/\/evertonfc.cz\/index.php\/2010\/12\/15\/anichebe-nehodla-odejit\/"},"wordCount":526,"commentCount":0,"publisher":{"@id":"https:\/\/evertonfc.cz\/#organization"},"image":{"@id":"https:\/\/evertonfc.cz\/index.php\/2010\/12\/15\/anichebe-nehodla-odejit\/#primaryimage"},"thumbnailUrl":"https:\/\/evertonfc.cz\/wp-content\/uploads\/2019\/01\/interview.jpg","articleSection":["Aktuality","Rozhovory"],"inLanguage":"cs","potentialAction":[{"@type":"CommentAction","name":"Comment","target":["https:\/\/evertonfc.cz\/index.php\/2010\/12\/15\/anichebe-nehodla-odejit\/#respond"]}]},{"@type":"WebPage","@id":"https:\/\/evertonfc.cz\/index.php\/2010\/12\/15\/anichebe-nehodla-odejit\/","url":"https:\/\/evertonfc.cz\/index.php\/2010\/12\/15\/anichebe-nehodla-odejit\/","name":"Anichebe nehodl\u00e1 odej\u00edt - Official Czech &amp; Slovak Everton Supporters&#039; Club","isPartOf":{"@id":"https:\/\/evertonfc.cz\/#website"},"primaryImageOfPage":{"@id":"https:\/\/evertonfc.cz\/index.php\/2010\/12\/15\/anichebe-nehodla-odejit\/#primaryimage"},"image":{"@id":"https:\/\/evertonfc.cz\/index.php\/2010\/12\/15\/anichebe-nehodla-odejit\/#primaryimage"},"thumbnailUrl":"https:\/\/evertonfc.cz\/wp-content\/uploads\/2019\/01\/interview.jpg","datePublished":"2010-12-15T20:07:14+00:00","dateModified":"2019-02-11T20:08:53+00:00","breadcrumb":{"@id":"https:\/\/evertonfc.cz\/index.php\/2010\/12\/15\/anichebe-nehodla-odejit\/#breadcrumb"},"inLanguage":"cs","potentialAction":[{"@type":"ReadAction","target":["https:\/\/evertonfc.cz\/index.php\/2010\/12\/15\/anichebe-nehodla-odejit\/"]}]},{"@type":"ImageObject","inLanguage":"cs","@id":"https:\/\/evertonfc.cz\/index.php\/2010\/12\/15\/anichebe-nehodla-odejit\/#primaryimage","url":"https:\/\/evertonfc.cz\/wp-content\/uploads\/2019\/01\/interview.jpg","contentUrl":"https:\/\/evertonfc.cz\/wp-content\/uploads\/2019\/01\/interview.jpg","width":720,"height":405},{"@type":"BreadcrumbList","@id":"https:\/\/evertonfc.cz\/index.php\/2010\/12\/15\/anichebe-nehodla-odejit\/#breadcrumb","itemListElement":[{"@type":"ListItem","position":1,"name":"Home","item":"https:\/\/evertonfc.cz\/"},{"@type":"ListItem","position":2,"name":"Anichebe nehodl\u00e1 odej\u00edt"}]},{"@type":"WebSite","@id":"https:\/\/evertonfc.cz\/#website","url":"https:\/\/evertonfc.cz\/","name":"Official Czech &amp; Slovak Everton Supporters&#039; Club","description":"","publisher":{"@id":"https:\/\/evertonfc.cz\/#organization"},"potentialAction":[{"@type":"SearchAction","target":{"@type":"EntryPoint","urlTemplate":"https:\/\/evertonfc.cz\/?s={search_term_string}"},"query-input":{"@type":"PropertyValueSpecification","valueRequired":true,"valueName":"search_term_string"}}],"inLanguage":"cs"},{"@type":"Organization","@id":"https:\/\/evertonfc.cz\/#organization","name":"Official Czech & Slovak Everton Supporters' Club","url":"https:\/\/evertonfc.cz\/","logo":{"@type":"ImageObject","inLanguage":"cs","@id":"https:\/\/evertonfc.cz\/#\/schema\/logo\/image\/","url":"https:\/\/evertonfc.cz\/wp-content\/uploads\/2019\/05\/logo.png","contentUrl":"https:\/\/evertonfc.cz\/wp-content\/uploads\/2019\/05\/logo.png","width":112,"height":112,"caption":"Official Czech & Slovak Everton Supporters' Club"},"image":{"@id":"https:\/\/evertonfc.cz\/#\/schema\/logo\/image\/"},"sameAs":["https:\/\/www.facebook.com\/everton.fans.cz.sk"]},{"@type":"Person","@id":"https:\/\/evertonfc.cz\/#\/schema\/person\/f7a5daedb2ffee98480bc70e191aaef1","name":"Ri\u010di","sameAs":["https:\/\/x.com\/rbrejsa"],"url":"https:\/\/evertonfc.cz\/index.php\/author\/rici\/"}]}},"_links":{"self":[{"href":"https:\/\/evertonfc.cz\/index.php\/wp-json\/wp\/v2\/posts\/3614"}],"collection":[{"href":"https:\/\/evertonfc.cz\/index.php\/wp-json\/wp\/v2\/posts"}],"about":[{"href":"https:\/\/evertonfc.cz\/index.php\/wp-json\/wp\/v2\/types\/post"}],"author":[{"embeddable":true,"href":"https:\/\/evertonfc.cz\/index.php\/wp-json\/wp\/v2\/users\/6"}],"replies":[{"embeddable":true,"href":"https:\/\/evertonfc.cz\/index.php\/wp-json\/wp\/v2\/comments?post=3614"}],"version-history":[{"count":1,"href":"https:\/\/evertonfc.cz\/index.php\/wp-json\/wp\/v2\/posts\/3614\/revisions"}],"predecessor-version":[{"id":3616,"href":"https:\/\/evertonfc.cz\/index.php\/wp-json\/wp\/v2\/posts\/3614\/revisions\/3616"}],"wp:featuredmedia":[{"embeddable":true,"href":"https:\/\/evertonfc.cz\/index.php\/wp-json\/wp\/v2\/media\/1312"}],"wp:attachment":[{"href":"https:\/\/evertonfc.cz\/index.php\/wp-json\/wp\/v2\/media?parent=3614"}],"wp:term":[{"taxonomy":"category","embeddable":true,"href":"https:\/\/evertonfc.cz\/index.php\/wp-json\/wp\/v2\/categories?post=3614"},{"taxonomy":"post_tag","embeddable":true,"href":"https:\/\/evertonfc.cz\/index.php\/wp-json\/wp\/v2\/tags?post=3614"}],"curies":[{"name":"wp","href":"https:\/\/api.w.org\/{rel}","templated":true}]}}