{"id":3617,"date":"2010-12-18T21:09:05","date_gmt":"2010-12-18T20:09:05","guid":{"rendered":"http:\/\/evertonfc.cz\/?p=3617"},"modified":"2019-02-11T21:10:39","modified_gmt":"2019-02-11T20:10:39","slug":"fans-interview-manchester-city","status":"publish","type":"post","link":"https:\/\/evertonfc.cz\/index.php\/2010\/12\/18\/fans-interview-manchester-city\/","title":{"rendered":"Fans interview: Manchester City"},"content":{"rendered":"<h4>Mindas si jako jeden z m\u00e1la fanou\u0161k\u016f na\u0161el cestu k Manchesteru City je\u0161t\u011b v dob\u011b, kdy ho nevlastnil movit\u00fd arabsk\u00fd \u0161ejk. Jak tedy asi hodnot\u00ed sou\u010dasnou situaci Citizens?<\/h4>\n<p><strong>Jak si prvn\u011b reagoval na ozn\u00e1men\u00ed, \u017ee tv\u016fj obl\u00edben\u00fd klub koupil movit\u00fd arabsk\u00fd \u0161ejk a jak tento krok hodnot\u00ed\u0161 zp\u011btn\u011b?<\/strong><\/p>\n<p>Tehdy to byla dobr\u00e1 r\u00e1na. V t\u00e9 dob\u011b tu moc fanou\u0161k\u016f nebylo, vlastn\u011b co si vzpom\u00edn\u00e1m, tak jen j\u00e1 a Milan Mikulka(ManCity), kter\u00e9ho tento krok \u00fapln\u011b zlomil a dnes z\u016fst\u00e1v\u00e1 u\u017e jen pasivn\u00edm pozorovatelem tohoto klubu. J\u00e1 to m\u011bl tak\u00e9 hodn\u011b t\u011b\u017ek\u00e9 a vlastn\u011b dodnes je m\u016fj vztah ke klubu u\u017e takov\u00fd jin\u00fd, ne\u017e p\u0159edt\u00edm. P\u0159irovnal bych to ke vztahu k matce. Kdy\u017e jste d\u00edt\u011b, tak mus\u00edte b\u00fdt k mamince skoro p\u0159ipout\u00e1ni, co\u017e se s zvy\u0161uj\u00edc\u00edm v\u011bkem m\u011bn\u00ed a ten vztah i p\u0159es samoz\u0159ejmou l\u00e1sku je u\u017e o n\u011b\u010dem jin\u00e9m. J\u00e1 dost City kritizuji, ale v\u017edy m\u00e1m pocit, \u017ee opr\u00e1vn\u011bn\u011b. Pokud bych to m\u011bl tedy zhodnotit, tak je jist\u00e9, \u017ee ta zm\u011bna majitele posunula klub mnohem d\u00e1l, ne\u017e se nach\u00e1zel p\u0159edt\u00edm, ale pokud jde o m\u011b, tak se mi tento klub vzd\u00e1lil.<\/p>\n<p><strong>M\u011bl jsi rad\u011bji Manchester City p\u0159ed p\u0159\u00edchodem majitele Mansoura nebo jeho nyn\u011bj\u0161\u00ed podobu? Zd\u016fvodni sv\u00e9 rozhodnut\u00ed.<\/strong><\/p>\n<p>Na tuto ot\u00e1zku jsem vlastn\u011b u\u017e odpov\u011bd\u011bl. M\u011bl jsem rad\u011bji ten star\u0161\u00ed, tradi\u010dn\u00ed a rodinn\u00fd klub.<\/p>\n<p><strong>Jak jsi se d\u00edval na odchod mana\u017eera Marka Hughese a n\u00e1sledn\u00e9 jmenov\u00e1n\u00ed Roberta Manciniho?<\/strong><\/p>\n<p>Odchod popul\u00e1rn\u00edho Sparkyho byl pro m\u011b druh\u00fdm velik\u00fdm \u0161okem od p\u0159\u00edchodu majitele, ale nutno \u0159\u00edct, \u017ee po celou dobu jeho anga\u017ema to mohlo p\u0159ij\u00edt kdykoliv a byl jsem tedy na to i p\u0159ipraven. Hughes nem\u011bl nikdy pevnou pozici a zp\u016fsob, jak\u00fdm byl odvol\u00e1n tomu p\u0159idal je\u0161t\u011b na absurdit\u011b. Co se t\u00fd\u010de Manciniho, tak to je t\u011b\u017ek\u00e1 ot\u00e1zka. Jako \u010dlov\u011bk na m\u011b p\u016fsob\u00ed velice sympaticky, on to vlastn\u011b asi nebude \u0161patn\u00fd \u010dlov\u011bk. Pokud jde o n\u011bj, jako mana\u017eera, tak je to nejv\u011bt\u0161\u00ed slabina sou\u010dasn\u00e9ho City, tedy klubu, kter\u00fd m\u00e1 ambiciozn\u00ed c\u00edle.<\/p>\n<p><strong>Za posledn\u00ed dva roky byli Citizens na p\u0159estupov\u00e9m trhu aktivn\u00ed, zkus jmenovat p\u00e1r hr\u00e1\u010dsk\u00fdch p\u0159\u00edchod\u016f a odchod\u016f, kter\u00e9 se podle tebe povedly a naopak, i kter\u00e9 se nevyda\u0159ily?<\/strong><\/p>\n<p>Uff&#8230; Z toho mno\u017estv\u00ed hr\u00e1\u010d\u016f, co se proto\u010dilo, tak je t\u011b\u017ek\u00e9 se i vyznat, nato\u017e to n\u011bjak slu\u0161n\u011b zhodnotit. Pokud bych se m\u011bl o to p\u0159inejmen\u0161\u00edm pokusit, tak hodn\u011b se mi l\u00edbily p\u0159\u00edchody je\u0161t\u011b p\u0159ed &#8222;novou \u00e9rou&#8220;. Zabaleta a Kompany i nyn\u00ed dokazuj\u00ed, \u017ee tehdy to nebylo s\u00e1hnut\u00ed vedle, co\u017e je\u0161t\u011b umoc\u0148uj\u00ed \u010d\u00e1stky, za kter\u00e9 p\u0159i\u0161ly. Samoz\u0159ejm\u011b, \u017ee pokud jde o srovn\u00e1v\u00e1n\u00ed nyn\u011bj\u0161\u00edch hr\u00e1\u010d\u016f City a jejich cen. D\u00e1le Adam Johnson, de Jong, Bellamy, Given, Bridge nebo Milner jsou super hr\u00e1\u010di a par\u00e1dn\u00ed jm\u00e9na. Jist\u011b, nem\u016f\u017eeme zapomenout ani na hr\u00e1\u010de, jako T\u00e9vez, Adebayor nebo Robinho, kdy posledn\u00ed dva jmenovan\u00ed pat\u0159\u00ed pr\u00e1v\u011b do t\u00e9 kategorie nevyda\u0159en\u00fdch p\u0159estup\u016f. V\u00edc o nich ps\u00e1t ani net\u0159eba, proto\u017ee to nejsou \u00fapln\u011b hr\u00e1\u010di, kte\u0159\u00ed by m\u011b bavili.<\/p>\n<p><strong>Joleon Lescott si p\u0159ed rokem vydupal p\u0159estup z Evertonu do Manchesteru City, jak hodnot\u00ed\u0161 tento obchod?<\/strong><\/p>\n<p>Tenhle p\u0159estup byl cel\u00fd divn\u00fd. Dodnes vlastn\u011b nen\u00ed ani jasn\u00e9, \u017ee by ho Hughes n\u011bjak moc cht\u011bl. Hughes m\u011bl za kapit\u00e1na novodobou ikonu City Richarda Dunnea, a kdyby by bylo po n\u011bm, tak by z klubu i neode\u0161el. Bohu\u017eel pravomoce Hughese tu byly u\u017e jmenov\u00e1ny, a tak si Gary Cook dot\u00e1hl Lescotta a Dunne se musel pakovat. Bohu\u017eel nez\u016fstalo jen u tohoto hr\u00e1\u010de.<\/p>\n<p><strong>ManCity se ambicemi na titul netaj\u00ed. Co mu k n\u011bmu chyb\u00ed, pota\u017emo co je pot\u0159eba zm\u011bnit, aby byl klub schopn\u00fd v nejbli\u017e\u0161\u00edch letech bojovat o ligov\u00fd prim\u00e1t?<\/strong><\/p>\n<p>Tak\u00e9 to bylo u\u017e jmenovan\u00e9. Pokud cht\u011bj\u00ed opravdu City za\u00fato\u010dit na titul, tak pot\u0159ebuj\u00ed mana\u017eera, kter\u00fd naplno vyu\u017eije ten obrovsk\u00fd ofenzivn\u00ed potenci\u00e1l, kter\u00fd v k\u00e1dru je.<\/p>\n<p><strong>Aby mohli Citizens v n\u00e1sleduj\u00edc\u00edch letech hr\u00e1t o trofeje, pot\u0159ebuj\u00ed se co nejd\u0159\u00edve dostat do Ligy mistr\u016f, jsou schopni se do n\u00ed kvalifikovat u\u017e letos?<\/strong><\/p>\n<p>Aby se takto siln\u00fd k\u00e1dr nedostal letos do milion\u00e1\u0159sk\u00e9 sout\u011b\u017ee, tak to by bylo p\u0159inejmen\u0161\u00edm ostudou, a o to v\u00edce ukazatelem, \u017ee se nem\u00fdl\u00edm, pokud jde o slabinu sou\u010dasn\u00e9ho t\u00fdmu.<\/p>\n<p><strong>Carlos Tevez nen\u00ed v klubu spokojen\u00fd a cht\u011bl by ho opustit, jak se na celou situaci d\u00edv\u00e1\u0161?<\/strong><\/p>\n<p>Ani nev\u00edm. N\u011bjak m\u011b to nezaj\u00edm\u00e1. Jist\u011b, je to kapit\u00e1n, co\u017e je s jeho angli\u010dtinou velice komick\u00e9, ale je to hlavn\u011b i nejlep\u0161\u00ed fotbalista, co v klubu je. Jen\u017ee je to neskute\u010dn\u011b hloup\u00fd \u010dlov\u011bk, kter\u00fd \u017eije ve \u0161patn\u00e9m sv\u011bt\u011b, jak r\u00e1d s\u00e1m \u010dasto tvrd\u00ed, ale p\u0159itom chce vid\u011bt v\u0161e r\u016f\u017eov\u011b. Pokud tato situace v brzk\u00e9 dob\u011b vy\u0161um\u00ed, tak p\u0159\u00edjde dal\u0161\u00ed, kter\u00e1 se bude muset \u0159e\u0161it a d\u011blat tomuto hr\u00e1\u010di kompromisy. Klub je ambiciozn\u00ed a chce b\u00fdt \u00fasp\u011b\u0161n\u00fd, proto by \u017e\u00e1dn\u00e9 kompromisy d\u011blat nem\u011bl, a to ani u nejlep\u0161\u00edch hr\u00e1\u010d\u016f. Kdy\u017e si hr\u00e1\u010d nev\u00e1\u017e\u00ed chleba, kter\u00fd od klubu dost\u00e1v\u00e1, tak a\u0165 okus\u00ed n\u011bkde jin\u00fd. Mn\u011b osobn\u011b by to v\u016fbec nevadilo.<\/p>\n<p><strong>Zkus poskl\u00e1dat tvoj\u00ed ide\u00e1ln\u00ed sestavu z hr\u00e1\u010d\u016f, kter\u00e9 m\u00e1 Roberto Mancini aktu\u00e1ln\u011b v k\u00e1dru.<\/strong><\/p>\n<p>Hart<br \/>\nZabaleta &#8211; Kompany &#8211; Tour\u00e9 &#8211; Kolarov<br \/>\nde Jong &#8211; Barry<br \/>\nAdam Johnson &#8211; Silva &#8211; Milner<br \/>\nT\u00e9vez<\/p>\n<p><strong>Vid\u011bl bys r\u00e1d n\u011bjak\u00e9ho hr\u00e1\u010de z Evertonu na City of Manchester Stadium?<\/strong><\/p>\n<p>T\u011bch v Evertonu je. Kdo by necht\u011bl m\u00edt v k\u00e1dru Cahilla nebo Jagse? Asi ka\u017ed\u00fd, ale Everton je t\u00edm posledn\u00edm klubem, u kter\u00e9ho bych cht\u011bl, aby City nakupovalo a t\u00edm oslabovalo tento sympatick\u00fd klub.<\/p>\n<p><strong>Tip na v\u00fdsledek z\u00e1pasu?<\/strong><\/p>\n<p>T\u011b\u017eko \u0159\u00edct. Everton na City um\u00ed, i kdy\u017e v sou\u010dasn\u00e9 dob\u011b hraje sp\u00ed\u0161 o sestup a Citizens jsou z\u00e1rove\u0148 ve slu\u0161n\u00e9 form\u011b. V\u00edt\u011bzstv\u00ed by bylo asi p\u0159ekv\u00e1pen\u00ed, v\u00edc v\u011b\u0159\u00edm v d\u011blbu bod\u016f. 1:1<\/p>\n","protected":false},"excerpt":{"rendered":"<p>Mindas si jako jeden z m\u00e1la fanou\u0161k\u016f na\u0161el cestu k Manchesteru City je\u0161t\u011b v dob\u011b, kdy ho nevlastnil movit\u00fd arabsk\u00fd&hellip;<\/p>\n","protected":false},"author":6,"featured_media":1312,"comment_status":"open","ping_status":"closed","sticky":false,"template":"","format":"standard","meta":{"_eb_attr":"","_monsterinsights_skip_tracking":false,"_monsterinsights_sitenote_active":false,"_monsterinsights_sitenote_note":"","_monsterinsights_sitenote_category":0,"footnotes":""},"categories":[1],"tags":[],"yoast_head":"<!-- This site is optimized with the Yoast SEO plugin v23.4 - https:\/\/yoast.com\/wordpress\/plugins\/seo\/ -->\n<title>Fans interview: Manchester City - Official Czech &amp; Slovak Everton Supporters&#039; Club<\/title>\n<meta name=\"robots\" content=\"index, follow, max-snippet:-1, max-image-preview:large, max-video-preview:-1\" \/>\n<link rel=\"canonical\" href=\"https:\/\/evertonfc.cz\/index.php\/2010\/12\/18\/fans-interview-manchester-city\/\" \/>\n<meta property=\"og:locale\" content=\"cs_CZ\" \/>\n<meta property=\"og:type\" content=\"article\" \/>\n<meta property=\"og:title\" content=\"Fans interview: Manchester City - Official Czech &amp; Slovak Everton Supporters&#039; Club\" \/>\n<meta property=\"og:description\" content=\"Mindas si jako jeden z m\u00e1la fanou\u0161k\u016f na\u0161el cestu k Manchesteru City je\u0161t\u011b v dob\u011b, kdy ho nevlastnil movit\u00fd arabsk\u00fd&hellip;\" \/>\n<meta property=\"og:url\" content=\"https:\/\/evertonfc.cz\/index.php\/2010\/12\/18\/fans-interview-manchester-city\/\" \/>\n<meta property=\"og:site_name\" content=\"Official Czech &amp; Slovak Everton Supporters&#039; Club\" \/>\n<meta property=\"article:publisher\" content=\"https:\/\/www.facebook.com\/everton.fans.cz.sk\" \/>\n<meta property=\"article:published_time\" content=\"2010-12-18T20:09:05+00:00\" \/>\n<meta property=\"article:modified_time\" content=\"2019-02-11T20:10:39+00:00\" \/>\n<meta property=\"og:image\" content=\"https:\/\/evertonfc.cz\/wp-content\/uploads\/2019\/01\/interview.jpg\" \/>\n\t<meta property=\"og:image:width\" content=\"720\" \/>\n\t<meta property=\"og:image:height\" content=\"405\" \/>\n\t<meta property=\"og:image:type\" content=\"image\/jpeg\" \/>\n<meta name=\"author\" content=\"Ri\u010di\" \/>\n<meta name=\"twitter:card\" content=\"summary_large_image\" \/>\n<meta name=\"twitter:creator\" content=\"@rbrejsa\" \/>\n<meta name=\"twitter:label1\" content=\"Napsal(a)\" \/>\n\t<meta name=\"twitter:data1\" content=\"Ri\u010di\" \/>\n\t<meta name=\"twitter:label2\" content=\"Odhadovan\u00e1 doba \u010dten\u00ed\" \/>\n\t<meta name=\"twitter:data2\" content=\"6 minut\" \/>\n<script type=\"application\/ld+json\" class=\"yoast-schema-graph\">{\"@context\":\"https:\/\/schema.org\",\"@graph\":[{\"@type\":\"Article\",\"@id\":\"https:\/\/evertonfc.cz\/index.php\/2010\/12\/18\/fans-interview-manchester-city\/#article\",\"isPartOf\":{\"@id\":\"https:\/\/evertonfc.cz\/index.php\/2010\/12\/18\/fans-interview-manchester-city\/\"},\"author\":{\"name\":\"Ri\u010di\",\"@id\":\"https:\/\/evertonfc.cz\/#\/schema\/person\/f7a5daedb2ffee98480bc70e191aaef1\"},\"headline\":\"Fans interview: Manchester City\",\"datePublished\":\"2010-12-18T20:09:05+00:00\",\"dateModified\":\"2019-02-11T20:10:39+00:00\",\"mainEntityOfPage\":{\"@id\":\"https:\/\/evertonfc.cz\/index.php\/2010\/12\/18\/fans-interview-manchester-city\/\"},\"wordCount\":1145,\"commentCount\":0,\"publisher\":{\"@id\":\"https:\/\/evertonfc.cz\/#organization\"},\"image\":{\"@id\":\"https:\/\/evertonfc.cz\/index.php\/2010\/12\/18\/fans-interview-manchester-city\/#primaryimage\"},\"thumbnailUrl\":\"https:\/\/evertonfc.cz\/wp-content\/uploads\/2019\/01\/interview.jpg\",\"articleSection\":[\"Rozhovory\"],\"inLanguage\":\"cs\",\"potentialAction\":[{\"@type\":\"CommentAction\",\"name\":\"Comment\",\"target\":[\"https:\/\/evertonfc.cz\/index.php\/2010\/12\/18\/fans-interview-manchester-city\/#respond\"]}]},{\"@type\":\"WebPage\",\"@id\":\"https:\/\/evertonfc.cz\/index.php\/2010\/12\/18\/fans-interview-manchester-city\/\",\"url\":\"https:\/\/evertonfc.cz\/index.php\/2010\/12\/18\/fans-interview-manchester-city\/\",\"name\":\"Fans interview: Manchester City - Official Czech &amp; Slovak Everton Supporters&#039; Club\",\"isPartOf\":{\"@id\":\"https:\/\/evertonfc.cz\/#website\"},\"primaryImageOfPage\":{\"@id\":\"https:\/\/evertonfc.cz\/index.php\/2010\/12\/18\/fans-interview-manchester-city\/#primaryimage\"},\"image\":{\"@id\":\"https:\/\/evertonfc.cz\/index.php\/2010\/12\/18\/fans-interview-manchester-city\/#primaryimage\"},\"thumbnailUrl\":\"https:\/\/evertonfc.cz\/wp-content\/uploads\/2019\/01\/interview.jpg\",\"datePublished\":\"2010-12-18T20:09:05+00:00\",\"dateModified\":\"2019-02-11T20:10:39+00:00\",\"breadcrumb\":{\"@id\":\"https:\/\/evertonfc.cz\/index.php\/2010\/12\/18\/fans-interview-manchester-city\/#breadcrumb\"},\"inLanguage\":\"cs\",\"potentialAction\":[{\"@type\":\"ReadAction\",\"target\":[\"https:\/\/evertonfc.cz\/index.php\/2010\/12\/18\/fans-interview-manchester-city\/\"]}]},{\"@type\":\"ImageObject\",\"inLanguage\":\"cs\",\"@id\":\"https:\/\/evertonfc.cz\/index.php\/2010\/12\/18\/fans-interview-manchester-city\/#primaryimage\",\"url\":\"https:\/\/evertonfc.cz\/wp-content\/uploads\/2019\/01\/interview.jpg\",\"contentUrl\":\"https:\/\/evertonfc.cz\/wp-content\/uploads\/2019\/01\/interview.jpg\",\"width\":720,\"height\":405},{\"@type\":\"BreadcrumbList\",\"@id\":\"https:\/\/evertonfc.cz\/index.php\/2010\/12\/18\/fans-interview-manchester-city\/#breadcrumb\",\"itemListElement\":[{\"@type\":\"ListItem\",\"position\":1,\"name\":\"Home\",\"item\":\"https:\/\/evertonfc.cz\/\"},{\"@type\":\"ListItem\",\"position\":2,\"name\":\"Fans interview: Manchester City\"}]},{\"@type\":\"WebSite\",\"@id\":\"https:\/\/evertonfc.cz\/#website\",\"url\":\"https:\/\/evertonfc.cz\/\",\"name\":\"Official Czech &amp; Slovak Everton Supporters&#039; Club\",\"description\":\"\",\"publisher\":{\"@id\":\"https:\/\/evertonfc.cz\/#organization\"},\"potentialAction\":[{\"@type\":\"SearchAction\",\"target\":{\"@type\":\"EntryPoint\",\"urlTemplate\":\"https:\/\/evertonfc.cz\/?s={search_term_string}\"},\"query-input\":{\"@type\":\"PropertyValueSpecification\",\"valueRequired\":true,\"valueName\":\"search_term_string\"}}],\"inLanguage\":\"cs\"},{\"@type\":\"Organization\",\"@id\":\"https:\/\/evertonfc.cz\/#organization\",\"name\":\"Official Czech & Slovak Everton Supporters' Club\",\"url\":\"https:\/\/evertonfc.cz\/\",\"logo\":{\"@type\":\"ImageObject\",\"inLanguage\":\"cs\",\"@id\":\"https:\/\/evertonfc.cz\/#\/schema\/logo\/image\/\",\"url\":\"https:\/\/evertonfc.cz\/wp-content\/uploads\/2019\/05\/logo.png\",\"contentUrl\":\"https:\/\/evertonfc.cz\/wp-content\/uploads\/2019\/05\/logo.png\",\"width\":112,\"height\":112,\"caption\":\"Official Czech & Slovak Everton Supporters' Club\"},\"image\":{\"@id\":\"https:\/\/evertonfc.cz\/#\/schema\/logo\/image\/\"},\"sameAs\":[\"https:\/\/www.facebook.com\/everton.fans.cz.sk\"]},{\"@type\":\"Person\",\"@id\":\"https:\/\/evertonfc.cz\/#\/schema\/person\/f7a5daedb2ffee98480bc70e191aaef1\",\"name\":\"Ri\u010di\",\"sameAs\":[\"https:\/\/x.com\/rbrejsa\"],\"url\":\"https:\/\/evertonfc.cz\/index.php\/author\/rici\/\"}]}<\/script>\n<!-- \/ Yoast SEO plugin. -->","yoast_head_json":{"title":"Fans interview: Manchester City - Official Czech &amp; Slovak Everton Supporters&#039; Club","robots":{"index":"index","follow":"follow","max-snippet":"max-snippet:-1","max-image-preview":"max-image-preview:large","max-video-preview":"max-video-preview:-1"},"canonical":"https:\/\/evertonfc.cz\/index.php\/2010\/12\/18\/fans-interview-manchester-city\/","og_locale":"cs_CZ","og_type":"article","og_title":"Fans interview: Manchester City - Official Czech &amp; Slovak Everton Supporters&#039; Club","og_description":"Mindas si jako jeden z m\u00e1la fanou\u0161k\u016f na\u0161el cestu k Manchesteru City je\u0161t\u011b v dob\u011b, kdy ho nevlastnil movit\u00fd arabsk\u00fd&hellip;","og_url":"https:\/\/evertonfc.cz\/index.php\/2010\/12\/18\/fans-interview-manchester-city\/","og_site_name":"Official Czech &amp; Slovak Everton Supporters&#039; Club","article_publisher":"https:\/\/www.facebook.com\/everton.fans.cz.sk","article_published_time":"2010-12-18T20:09:05+00:00","article_modified_time":"2019-02-11T20:10:39+00:00","og_image":[{"width":720,"height":405,"url":"https:\/\/evertonfc.cz\/wp-content\/uploads\/2019\/01\/interview.jpg","type":"image\/jpeg"}],"author":"Ri\u010di","twitter_card":"summary_large_image","twitter_creator":"@rbrejsa","twitter_misc":{"Napsal(a)":"Ri\u010di","Odhadovan\u00e1 doba \u010dten\u00ed":"6 minut"},"schema":{"@context":"https:\/\/schema.org","@graph":[{"@type":"Article","@id":"https:\/\/evertonfc.cz\/index.php\/2010\/12\/18\/fans-interview-manchester-city\/#article","isPartOf":{"@id":"https:\/\/evertonfc.cz\/index.php\/2010\/12\/18\/fans-interview-manchester-city\/"},"author":{"name":"Ri\u010di","@id":"https:\/\/evertonfc.cz\/#\/schema\/person\/f7a5daedb2ffee98480bc70e191aaef1"},"headline":"Fans interview: Manchester City","datePublished":"2010-12-18T20:09:05+00:00","dateModified":"2019-02-11T20:10:39+00:00","mainEntityOfPage":{"@id":"https:\/\/evertonfc.cz\/index.php\/2010\/12\/18\/fans-interview-manchester-city\/"},"wordCount":1145,"commentCount":0,"publisher":{"@id":"https:\/\/evertonfc.cz\/#organization"},"image":{"@id":"https:\/\/evertonfc.cz\/index.php\/2010\/12\/18\/fans-interview-manchester-city\/#primaryimage"},"thumbnailUrl":"https:\/\/evertonfc.cz\/wp-content\/uploads\/2019\/01\/interview.jpg","articleSection":["Rozhovory"],"inLanguage":"cs","potentialAction":[{"@type":"CommentAction","name":"Comment","target":["https:\/\/evertonfc.cz\/index.php\/2010\/12\/18\/fans-interview-manchester-city\/#respond"]}]},{"@type":"WebPage","@id":"https:\/\/evertonfc.cz\/index.php\/2010\/12\/18\/fans-interview-manchester-city\/","url":"https:\/\/evertonfc.cz\/index.php\/2010\/12\/18\/fans-interview-manchester-city\/","name":"Fans interview: Manchester City - Official Czech &amp; Slovak Everton Supporters&#039; Club","isPartOf":{"@id":"https:\/\/evertonfc.cz\/#website"},"primaryImageOfPage":{"@id":"https:\/\/evertonfc.cz\/index.php\/2010\/12\/18\/fans-interview-manchester-city\/#primaryimage"},"image":{"@id":"https:\/\/evertonfc.cz\/index.php\/2010\/12\/18\/fans-interview-manchester-city\/#primaryimage"},"thumbnailUrl":"https:\/\/evertonfc.cz\/wp-content\/uploads\/2019\/01\/interview.jpg","datePublished":"2010-12-18T20:09:05+00:00","dateModified":"2019-02-11T20:10:39+00:00","breadcrumb":{"@id":"https:\/\/evertonfc.cz\/index.php\/2010\/12\/18\/fans-interview-manchester-city\/#breadcrumb"},"inLanguage":"cs","potentialAction":[{"@type":"ReadAction","target":["https:\/\/evertonfc.cz\/index.php\/2010\/12\/18\/fans-interview-manchester-city\/"]}]},{"@type":"ImageObject","inLanguage":"cs","@id":"https:\/\/evertonfc.cz\/index.php\/2010\/12\/18\/fans-interview-manchester-city\/#primaryimage","url":"https:\/\/evertonfc.cz\/wp-content\/uploads\/2019\/01\/interview.jpg","contentUrl":"https:\/\/evertonfc.cz\/wp-content\/uploads\/2019\/01\/interview.jpg","width":720,"height":405},{"@type":"BreadcrumbList","@id":"https:\/\/evertonfc.cz\/index.php\/2010\/12\/18\/fans-interview-manchester-city\/#breadcrumb","itemListElement":[{"@type":"ListItem","position":1,"name":"Home","item":"https:\/\/evertonfc.cz\/"},{"@type":"ListItem","position":2,"name":"Fans interview: Manchester City"}]},{"@type":"WebSite","@id":"https:\/\/evertonfc.cz\/#website","url":"https:\/\/evertonfc.cz\/","name":"Official Czech &amp; Slovak Everton Supporters&#039; Club","description":"","publisher":{"@id":"https:\/\/evertonfc.cz\/#organization"},"potentialAction":[{"@type":"SearchAction","target":{"@type":"EntryPoint","urlTemplate":"https:\/\/evertonfc.cz\/?s={search_term_string}"},"query-input":{"@type":"PropertyValueSpecification","valueRequired":true,"valueName":"search_term_string"}}],"inLanguage":"cs"},{"@type":"Organization","@id":"https:\/\/evertonfc.cz\/#organization","name":"Official Czech & Slovak Everton Supporters' Club","url":"https:\/\/evertonfc.cz\/","logo":{"@type":"ImageObject","inLanguage":"cs","@id":"https:\/\/evertonfc.cz\/#\/schema\/logo\/image\/","url":"https:\/\/evertonfc.cz\/wp-content\/uploads\/2019\/05\/logo.png","contentUrl":"https:\/\/evertonfc.cz\/wp-content\/uploads\/2019\/05\/logo.png","width":112,"height":112,"caption":"Official Czech & Slovak Everton Supporters' Club"},"image":{"@id":"https:\/\/evertonfc.cz\/#\/schema\/logo\/image\/"},"sameAs":["https:\/\/www.facebook.com\/everton.fans.cz.sk"]},{"@type":"Person","@id":"https:\/\/evertonfc.cz\/#\/schema\/person\/f7a5daedb2ffee98480bc70e191aaef1","name":"Ri\u010di","sameAs":["https:\/\/x.com\/rbrejsa"],"url":"https:\/\/evertonfc.cz\/index.php\/author\/rici\/"}]}},"_links":{"self":[{"href":"https:\/\/evertonfc.cz\/index.php\/wp-json\/wp\/v2\/posts\/3617"}],"collection":[{"href":"https:\/\/evertonfc.cz\/index.php\/wp-json\/wp\/v2\/posts"}],"about":[{"href":"https:\/\/evertonfc.cz\/index.php\/wp-json\/wp\/v2\/types\/post"}],"author":[{"embeddable":true,"href":"https:\/\/evertonfc.cz\/index.php\/wp-json\/wp\/v2\/users\/6"}],"replies":[{"embeddable":true,"href":"https:\/\/evertonfc.cz\/index.php\/wp-json\/wp\/v2\/comments?post=3617"}],"version-history":[{"count":1,"href":"https:\/\/evertonfc.cz\/index.php\/wp-json\/wp\/v2\/posts\/3617\/revisions"}],"predecessor-version":[{"id":3618,"href":"https:\/\/evertonfc.cz\/index.php\/wp-json\/wp\/v2\/posts\/3617\/revisions\/3618"}],"wp:featuredmedia":[{"embeddable":true,"href":"https:\/\/evertonfc.cz\/index.php\/wp-json\/wp\/v2\/media\/1312"}],"wp:attachment":[{"href":"https:\/\/evertonfc.cz\/index.php\/wp-json\/wp\/v2\/media?parent=3617"}],"wp:term":[{"taxonomy":"category","embeddable":true,"href":"https:\/\/evertonfc.cz\/index.php\/wp-json\/wp\/v2\/categories?post=3617"},{"taxonomy":"post_tag","embeddable":true,"href":"https:\/\/evertonfc.cz\/index.php\/wp-json\/wp\/v2\/tags?post=3617"}],"curies":[{"name":"wp","href":"https:\/\/api.w.org\/{rel}","templated":true}]}}