{"id":3619,"date":"2010-12-19T21:10:50","date_gmt":"2010-12-19T20:10:50","guid":{"rendered":"http:\/\/evertonfc.cz\/?p=3619"},"modified":"2021-02-17T16:03:06","modified_gmt":"2021-02-17T15:03:06","slug":"preview-manchester-city-everton-4","status":"publish","type":"post","link":"https:\/\/evertonfc.cz\/index.php\/2010\/12\/19\/preview-manchester-city-everton-4\/","title":{"rendered":"Preview: Manchester City &#8211; Everton"},"content":{"rendered":"<h4>Nabit\u00fd v\u00e1no\u010dn\u00ed program startuje skute\u010dn\u011b zostra. Tr\u00e1p\u00edc\u00ed se Everton \u010dek\u00e1 v\u00fdlet na h\u0159i\u0161t\u011b Citizens, kde se mu ov\u0161em v posledn\u00edch letech neb\u00fdvale da\u0159\u00ed.<\/h4>\n<p>Do v\u00fdchodn\u00edho Manchesteru vyr\u00e1\u017e\u00ed Everton tuze r\u00e1d. Nejen\u017ee se proti rival\u016fm dok\u00e1\u017ee vyhecovat na maxim\u00e1ln\u00ed ot\u00e1\u010dky, ned\u011bl\u00e1 mu pot\u00ed\u017ee odjet ze City of Manchester stadium s cen\u011bn\u00fdm pln\u00fdm bodov\u00fdm ziskem. Nen\u00ed tak slo\u017eit\u00e9 domyslet si, \u017ee Blues by p\u0159ed\u010dasn\u00fd v\u00e1no\u010dn\u00ed d\u00e1rek s radost\u00ed uv\u00edtali.<\/p>\n<p>P\u0159i pohledu na tabulku nicm\u00e9n\u011b \u010dlov\u011bka zamraz\u00ed. Citizens, slun\u00edc\u00ed se na pr\u016fb\u011b\u017en\u00e9 t\u0159et\u00ed p\u0159\u00ed\u010dce, maj\u00ed p\u0159ed Evertonem n\u00e1skok hroziv\u00fdch \u010dtrn\u00e1ct bod\u016f. Milion\u00e1\u0159sk\u00fd man\u010daft Roberta Manciniho tak zd\u00e1 vykro\u010dil za prvotn\u00edm c\u00edlem, a to probit\u00ed se mezi nejlep\u0161\u00ed \u010dty\u0159ku, pravou nohou. Moment\u00e1ln\u011b zdob\u00ed mu\u017estvo vyzn\u00e1vaj\u00edc\u00ed sv\u011btle modrou vskutku solidn\u00ed forma. Naposled Citizens padli v posledn\u00ed \u0159\u00edjnov\u00fd den, kdy je p\u0159ehr\u00e1l Wolverhampton. Od t\u00e9 doby uplynulo \u0161est z\u00e1pas\u016f, v nich\u017e si Manchester City body rozd\u011blil po t\u0159ech v\u00edt\u011bzstv\u00edch a t\u0159ech rem\u00edz\u00e1ch. Naposled Citizens nav\u0161t\u00edvili stadion zoufalc\u016f z West Hamu, a dom\u016f si odvezli v\u00fdhru 3-1.<\/p>\n<p>Dobrou zpr\u00e1vou pro Everton je ale to, \u017ee nen\u00ed v\u0161echno zlato, co se t\u0159pyt\u00ed. Zat\u00edmco loni se Manchester City py\u0161nil impozantn\u00ed dom\u00e1c\u00ed formou (jej\u00edm prvn\u00edm naru\u0161itelem po roce dom\u00e1c\u00ed neporazitelnosti se v b\u0159eznu stal pr\u00e1v\u011b Everton), letos to zas a\u017e takov\u00e1 sl\u00e1va nen\u00ed. Na sv\u00e9m pa\u017eitu sice Citizens v prob\u00edhaj\u00edc\u00edm ro\u010dn\u00edku padli zat\u00edm jen jednou (0-3 s Arsenalem), na druhou stranu posb\u00edrali i p\u00e1r nelichotiv\u00fdch nerozhodn\u00fdch v\u00fdsledk\u016f. Bod si ze City of Manchester Stadium odvezl t\u0159eba daleko slab\u0161\u00ed Birmingham, Blackburn nebo vicemistr s m\u011bstsk\u00fd soused z Old Trafford. Koneckonc\u016f, dom\u00e1c\u00ed rem\u00edzou skon\u010dila dv\u011b utk\u00e1n\u00ed z posledn\u00edch t\u0159\u00ed. Tak trochu s t\u00edm souvis\u00ed i b\u00eddn\u00e1 dom\u00e1c\u00ed st\u0159eleck\u00e1 potence. P\u0159ed sv\u00fdmi div\u00e1ky zat\u00edm Citizens zaznamenali pouhopouh\u00fdch osm g\u00f3l\u016f.<\/p>\n<p>Co je\u0161t\u011b lze \u0159\u00edct k Evertonu? Prakticky nic objevn\u00e9ho. V\u0161echny probl\u00e9my se toti\u017e to\u010d\u00ed dokola jako odrhova\u010dka ve fla\u0161inetu. \u0158\u00edk\u00e1 se, \u017ee g\u00f3ly nejsou v\u0161echno, ale v p\u0159\u00edpad\u011b Toffees, lze oponovat. Branky jsou toti\u017e p\u0159esn\u011b to, co by Everton vyt\u00e1hlo z krize. Jen\u017ee g\u00f3ly se nedostavuj\u00ed, a tak nem\u016f\u017eeme \u010dekat ani progres. Patn\u00e1ct\u00e1 p\u0159\u00ed\u010dka, kterou Blues okupuj\u00ed snad u\u017e t\u0159et\u00edm t\u00fddnem, je jasnou vizitkou. A ke skute\u010dnosti, \u017ee sou\u010dasn\u00fd Everton nen\u00ed schopen porazit doma ani Wigan, se nikomu vracet nechce.<\/p>\n<p>Kdy\u017e u\u017e nic jin\u00e9ho, tak nad\u011bji tak p\u0159ed z\u00e1pasem v Manchesteru a vypuknut\u00edm &#8222;sv\u00e1tk\u016f klidu a m\u00edru&#8220;, dod\u00e1vaj\u00ed pr\u00e1v\u011b posledn\u00ed n\u00e1v\u0161t\u011bvy v\u00fdchodn\u00ed \u010d\u00e1sti m\u011bsta textilu. Toffees City of Manchester Stadium dobyli t\u0159ikr\u00e1t v \u0159ad\u011b a jednou z hlavn\u00edch p\u0159\u00ed\u010din je kdo jin\u00fd, ne\u017e Tim Cahill. Australan za\u0159\u00eddil v\u00edt\u011bzstv\u00ed v z\u00e1v\u011bre\u010dn\u00fdch minut\u00e1ch p\u0159ed dv\u011bma lety, zat\u00edmco loni otev\u00edral sk\u00f3re. Tim tak usuzuje, \u017ee Everton nelze p\u0159ed z\u00e1pasem odepisovat.<\/p>\n<p><em>\u201eMan City maj\u00ed velk\u00fd t\u00fdm. Mluv\u00ed se o nich po cel\u00e9m sv\u011bt\u011b. Pro jejich fandy je hezk\u00e9, \u017ee soupe\u0159\u00ed o nejvy\u0161\u0161\u00ed p\u0159\u00ed\u010dky, proto\u017ee si pamatuji, \u017ee je\u0161t\u011b ne tak dlouho se pot\u00e1celi u spodku\u00a0tabulky. Takhle velk\u00e9 z\u00e1pasy n\u00e1s v\u017edy um\u011bly namotivovat. Maj\u00ed velk\u00e1 jm\u00e9na, ale my jsme schopni zahr\u00e1t vyrovnanou partii s k\u00fdmkoliv,\u201c<\/em>\u00a0v\u011b\u0159\u00ed Australan, jen\u017e by podle sv\u00fdch slov Everton za klub jako Manchester nikdy nevym\u011bnil.\u00a0<em>\u201eJe to pro n\u011b spln\u011bn\u00fd sen, ale z\u00e1rove\u0148 je t\u011b\u017ek\u00e9 spojit v\u0161echny ingredience dohromady tak, aby skute\u010dn\u011b vytvo\u0159ili t\u00fdm. V Evertonu m\u00e1me bl\u00edzkou skupinu, skv\u011blou partu, kte\u0159\u00ed klub skute\u010dn\u011b miluj\u00ed, mlad\u00edky, kte\u0159\u00ed vy\u0161li z akademie &#8211; a jinak bych to nikdy necht\u011bl.\u201c<\/em><\/p>\n<p>Loni Everton nad neobl\u00edben\u00fdm soupe\u0159em zkompletoval double. Nejprve jsme si po fantastick\u00e9m v\u00fdkonu vychutn\u00e1vali dom\u00e1c\u00ed v\u00fdhru 2-0, o kterou se za\u0159\u00eddil Steven Pienaar a Louis Saha a na konci b\u0159ezna Toffees opu\u0161t\u011bli Manchester po nem\u00e9n\u011b kvalitn\u00edm v\u00fdkonu s toto\u017en\u00fdm v\u00fdsledkem v kapse. G\u00f3ly d\u00e1val Tim Cahill a Mikel Arteta.<\/p>\n<h4><strong>Historie soupe\u0159e<\/strong><\/h4>\n<p>Klub byl zalo\u017een roku 1880 pod n\u00e1zvem St. Marks, nicm\u00e9n\u011b po p\u00e1r letech p\u0159e\u0161el k n\u00e1zvu Ardwick AFC a z\u00e1rove\u0148 se p\u0159est\u011bhoval na p\u016fvodn\u00ed st\u00e1nek Hyde Road. Citizens nem\u011bli zrovna poveden\u00e9 za\u010d\u00e1tky, sp\u00ed\u0161e naopak. Na po\u010d\u00e1tku 90. let 19. stolet\u00ed \u010delili finan\u010dn\u00edm probl\u00e9m\u016fm a i v d\u016fsledku toho do\u0161lo v klubu k reorganizaci a tak se za\u010dala ps\u00e1t klubov\u00e1 historie u\u017e pod jm\u00e9nem Manchester City FC.<\/p>\n<p>Citizens nakoukli do prvn\u00ed ligy poprv\u00e9 v roce 1899, kde se brzy usadili a roku 1904 mohli oslavovat prvn\u00ed cennou trofej, kdy\u017e ve fin\u00e1le FA Cupu zdolali Bolton. N\u00e1sledn\u00e1 l\u00e9ta ale klub pro\u017eil v obvin\u011bn\u00ed z finan\u010dn\u00edch podvod\u016f, co\u017e roku 1906 vyvrcholilo suspenzac\u00ed sedmn\u00e1cti hr\u00e1\u010d\u016f, v\u010detn\u011b kapit\u00e1na Billyho Mereditha. Aby toho nem\u00e1lo, do chodu po\u0161pin\u011bn\u00e9ho celku zas\u00e1hl po\u017e\u00e1r hlavn\u00ed tribuny na Hyde Road. Od roku 1923 si tak Citizens na\u0161li sv\u016fj nov\u00fd domov na zbrusu nov\u00e9m Maine Road.<\/p>\n<p>V\u00a030. letech dos\u00e1hll Manchester City hned na dvou fin\u00e1lov\u00fdch \u00fa\u010dast\u00ed v Anglick\u00e9m poh\u00e1ru. V tom prvn\u00edm, roku 1933 se utkali s Evertonem, kter\u00fd v z\u00e1pase zv\u00edt\u011bzil 3-0. Ov\u0161em o rok pozd\u011bji u\u017e si trofej nenechali uniknout a porazili Portsmouth. T\u0159ic\u00e1t\u00e1 l\u00e9ta byla pro Citizens v\u016fbec zvl\u00e1\u0161tn\u00ed dek\u00e1dou. Roku 1937 se jim poda\u0159ilo poprv\u00e9 vyhr\u00e1t First Division, jen\u017ee dal\u0161\u00ed sezonu se museli s prvoligovou p\u0159\u00edslu\u0161nost\u00ed rozlou\u010dit, a to i p\u0159esto, \u017ee dok\u00e1zali vst\u0159elit v\u00edce branek ne\u017e kter\u00fdkoliv jin\u00fd t\u00fdm.<\/p>\n<p>Po nicne\u0159\u00edkaj\u00edc\u00edch dvaceti letech ve druh\u00e9m ligov\u00e9m pat\u0159e se Citizens do\u010dkali \u00fasp\u011bch\u016f v 50. letech. T\u00fdm vybojoval op\u011bt dv\u011b fin\u00e1lov\u00e9 \u00fa\u010dasti v FA Cupu po sob\u011b; v roce 1955 a 1956 a stejn\u011b jako ve 30. letech to prvn\u00ed tentokr\u00e1t proti Newcastlu nezvl\u00e1dli a za rok u\u017e se ve vitr\u00edn\u011b na Maine Road bl\u00fdskal poh\u00e1r vybojovan\u00fd ve fin\u00e1le s Birminghamem.\u00a0V roce 1965 se Citizens znovu pod\u00edvali do First Division, kterou o dva roky pozd\u011bji podruh\u00e9 a naposledy vyhr\u00e1li. Rok 1969 byl pro City mimo\u0159\u00e1dn\u011b \u00fasp\u011b\u0161n\u00fd. Klub slavil \u00fasp\u011bch nejd\u0159\u00edve v FA Cupu a posl\u00e9ze i v Evropsk\u00e9m poh\u00e1ru. Manchester City se tak stal druh\u00fdm anglick\u00fdm klubem, jen\u017e vyhr\u00e1l dom\u00e1c\u00ed i evropskou trofej v jednom roce.<\/p>\n<p>V 70. letech klub pokra\u010doval ve sb\u00edr\u00e1n\u00ed \u00fasp\u011bch\u016f. V roce 1970 skon\u010dili Citizens druz\u00ed jen o bod za v\u00edt\u011bzem a za \u010dty\u0159i roky slavili zisk Ligov\u00e9ho poh\u00e1ru. Stejn\u00fd \u00fasp\u011bch zopakovali i roku 1976. Ov\u0161em v 80. letech u\u017e to se Citizens tak slavn\u011b nevypadalo. V klubu se b\u011bhem deseti let vyst\u0159\u00eddalo hned sedm mana\u017eer\u016f, z nich\u017e \u017e\u00e1dn\u00fd nic nedok\u00e1zal. Naopak. Dvakr\u00e1t se porou\u010deli do druh\u00e9 ligy. Pod veden\u00edm legendy Toffees, Petera Reida, ale klub jednu sezonu skon\u010dil v Division First na p\u00e1t\u00e9m m\u00edst\u011b.<\/p>\n<p>N\u00e1znak lep\u0161\u00edch \u010das\u016f se do klubu nicm\u00e9n\u011b nedok\u00e1zal p\u0159en\u00e9st natrvalo a tak se Manchester City propadl dokonce a\u017e do t\u0159et\u00ed ligy. Do nejvy\u0161\u0161\u00ed sout\u011b\u017ee se natrvalo vr\u00e1til a\u017e v roce 2001, u\u017e pod veden\u00edm \u00fasp\u011b\u0161n\u00e9ho Kevina Keegana. Sezona 2002\/03 byla tou posledn\u00ed, kdy Manchester City hr\u00e1l sv\u00e1 utk\u00e1n\u00ed na Maine Road. Nov\u00fdm st\u00e1nkem se stal multifunk\u010dn\u00ed City of Manchester Stadium s kapacitou bezm\u00e1la 48 000 div\u00e1k\u016f.<\/p>\n<p>V l\u00e9t\u011b 2007 se vl\u00e1dy nad klubem ujal kontroverzn\u00ed thajsk\u00fd tunel\u00e1\u0159 Thaksin Shinawatra, kter\u00fd si z klubu ud\u011blal pra\u010dku pro sv\u00e9 \u0161pinav\u00e9 pen\u00edze, a tak \u010dasto nar\u00e1\u017eel i na protesty fanou\u0161k\u016f. Shinawatra si p\u0159ivedl i b\u00fdval\u00e9ho mana\u017eera anglick\u00e9 reprezentace Svena Gorana Erikssona, ten byl ale i p\u0159es nevoli\u00a0fans po roce anga\u017em\u00e1 propu\u0161t\u011bn. Funkce se tak ujal b\u00fdval\u00fd mana\u017eer Blackburnu Mark Hughes. To nejhor\u0161\u00ed na sebe nenechalo dlouho \u010dekat. Na konci srpna 2008 vyst\u0159\u00eddala Shinawatru u klubov\u00e9ho kormidla dubajsk\u00e1 spole\u010dnost Abu Dhabi. V ni\u010den\u00ed v\u0161eho p\u011bkn\u00e9ho, co na anglick\u00e9m fotbale je\u0161t\u011b zbylo, tedy po Chelsea zdatn\u011b navazuje i Manchester City.<\/p>\n<h4><strong>Z\u00e1pasov\u00e1 fakta<\/strong><\/h4>\n<p>Vz\u00e1jemn\u00e1 m\u011b\u0159en\u00ed sil byla v posledn\u00edch t\u0159ech sezon\u00e1ch jednostrannou z\u00e1le\u017eitost\u00ed. O venkovn\u00edch v\u00edt\u011bzstv\u00edch ji\u017e \u0159e\u010d byla, v celkov\u00e9m m\u011b\u0159\u00edtku pak Toffees zv\u00edt\u011bzili v p\u011bti z \u0161esti z\u00e1pas\u016f. Jedinou v\u00fdjimku tvo\u0159\u00ed prohra 1-2 na Goodison Parku z dubna lo\u0148sk\u00e9ho roku. V\u00edt\u011bzstv\u00ed nav\u00edc srovnala vz\u00e1jemnou historickou bilanci &#8211; oba kluby maj\u00ed po 62 v\u00fdhr\u00e1ch, zat\u00edmco 42kr\u00e1t se body rozd\u011blovaly.<\/p>\n<p>I tentokr\u00e1t lze bez pot\u00ed\u017e\u00ed sestavit jeden\u00e1ctka z hr\u00e1\u010d\u016f, obl\u00e9kaj\u00edc\u00edch b\u011bhem sv\u00fdch hrac\u00edch dn\u016f kr\u00e1lovsky i nebesky modrou. Rukavice by nabl\u00e9knul Bobby Mimms, p\u0159ed n\u00edm\u017e operuje hned p\u011bti\u010dlenn\u00e1 obrana ve slo\u017een\u00ed Richard Dunne, Sylvain Distin, Joleon Lescott, Paul Power a Earl Barrett. Ve st\u0159edu pole by si pr\u00e1ci rozd\u011blil Peter Reid, Alan Harper a Gary Megson, branky pak obstar\u00e1vaj\u00ed Adrian Heath a Andrei Kanchelskis.<\/p>\n<h4><strong>Manchester City<\/strong><\/h4>\n<p>Leto\u0161n\u00ed g\u00f3lov\u00e1 produkce Citizens siln\u011b kontrastuje mezi dom\u00e1c\u00edm a venkovn\u00edm prost\u0159ed\u00edm. Zat\u00edmco doma vst\u0159elili osm g\u00f3l\u016f, venku jsou st\u0159elci s 16 g\u00f3ly podstatn\u011b produktivn\u011bj\u0161\u00ed. V ka\u017ed\u00e9m p\u0159\u00edpad\u011b zdob\u00ed Manciniho celek dobr\u00e1 forma; pond\u011bln\u00ed v\u00edt\u011bzstv\u00ed by bylo ji\u017e t\u0159et\u00ed v \u0159ad\u011b, neprohr\u00e1li nav\u00edc ji\u017e sedmkr\u00e1t za sebou. I tentokr\u00e1t se bude Manchester City spol\u00e9hat na rebeluj\u00edc\u00edho Carlose Teveze. Argentinec m\u00e1 na sv\u011bdom\u00ed rovn\u00fdch 10 z celkov\u00fdch 24 g\u00f3l\u016f. City nav\u00edc neprohr\u00e1li \u017e\u00e1dn\u00fd ligov\u00fd z\u00e1pas, ve kter\u00e9m se Tevez trefil.<\/p>\n<h4><strong>Everton<\/strong><\/h4>\n<p>Osm z\u00e1pas\u016f &#8211; takhle obludn\u00fdch rozm\u011br\u016f m\u016f\u017ee dos\u00e1hnout nev\u00fdhern\u00ed s\u00e9rie, pokud Blues v pond\u011bl\u00ed nevyhraj\u00ed. Dokonce by \u0161lo o nejdel\u0161\u00ed \u0161\u0148\u016fru bez v\u00edt\u011bzstv\u00ed od roku 1999, kdy v\u00fdhra p\u0159i\u0161la a\u017e v dev\u00e1t\u00e9m utk\u00e1n\u00ed. Nutno ov\u0161em \u0159\u00edct, \u017ee venkovn\u00ed forma nen\u00ed o nic hor\u0161\u00ed ne\u017e ta dom\u00e1c\u00ed; jin\u00fdmi slovy, nijak\u00e1. Prvn\u00ed dva z\u00e1pasy v sezon\u011b na ciz\u00edch h\u0159i\u0161t\u00edch Everton prohr\u00e1l, od t\u00e9 doby v\u0161ak nepadl. Jedinou venkovn\u00ed v\u00fdhrou je triumf 2-0 v Birminghamu, posledn\u00ed \u010dty\u0159i v\u00fdjezdy skon\u010dily rem\u00edzou (Tottenham, Blackpool, Sunderland, Chelsea).<\/p>\n<h4><strong>Vz\u00e1jemn\u00e1 bilance<\/strong><\/h4>\n<ul>\n<li>Celkov\u011b:\u00a0\u00a0\u00a0\u00a0\u00a0\u00a0\u00a0\u00a0\u00a0\u00a0\u00a0\u00a0\u00a0\u00a0\u00a0\u00a0\u00a0\u00a0\u00a0\u00a0\u00a0\u00a0\u00a0\u00a0\u00a0\u00a0\u00a0 62-42-62<\/li>\n<li>Na h\u0159i\u0161ti Manchesteru City:\u00a0 45-18-18<\/li>\n<li>V Premier League:\u00a0\u00a0\u00a0\u00a0\u00a0\u00a0\u00a0\u00a0\u00a0\u00a0\u00a0\u00a0\u00a0\u00a0 9-4-13<\/li>\n<\/ul>\n<h4><strong>Absence<\/strong><\/h4>\n<p>Roberto Mancini mus\u00ed \u0159e\u0161it minimum absenc\u00ed. Disciplin\u00e1rn\u00ed trest si bude odpyk\u00e1vat Nigel de Jong a v\u011b\u010dn\u00fdm marodem z\u016fst\u00e1v\u00e1 Michael Johnson.<\/p>\n<p>Ani Everton nemus\u00ed \u0159e\u0161it zapln\u011bnou marodku, ov\u0161em p\u0159ed z\u00e1pasem se mno\u017e\u00ed hned n\u011bkolik otazn\u00edk\u016f. Nejist\u00fd je start Stevena Pienaara, maj\u00edc\u00edho leh\u010d\u00ed probl\u00e9my s t\u0159\u00edsly. Stejn\u011b tak se v z\u00e1pase nejsp\u00ed\u0161 neobjev\u00ed ani John Heitinga a Tony Hibbert. Z\u00e1v\u011bre\u010dnou \u010d\u00e1st z t\u0159\u00edz\u00e1pasov\u00e9ho trestu si ukroj\u00ed Mikel Arteta.<\/p>\n<p><strong>Manchester City:<\/strong> Hart, Given, Boateng, Richards, Toure, Kompany, Lescott, Zabaleta, De Jong, Barry, Jo, Vieira, Yaya Toure, Silva, A. Johnson, Milner, Tevez, Balotelli, Santa Cruz<\/p>\n<p><strong>Everton:<\/strong> Howard, Mucha, Neville, Jagielka, Distin, Heitinga, Baines, Pienaar, Fellaini, Cahill, Rodwell, Anichebe, Coleman, Bilyaletdinov, Baxter, Yakubu, Beckford, Saha<\/p>\n<ul>\n<li><strong>Kdy:\u00a0<\/strong>20.12. 21:00 SE\u010c<strong><br \/>\n<\/strong><\/li>\n<li><strong>Kde:\u00a0<\/strong>City of Manchester Stadium<strong><br \/>\n<\/strong><\/li>\n<li><strong>Rozhod\u010d\u00ed:<\/strong>\u00a0Peter Walton<\/li>\n<\/ul>\n","protected":false},"excerpt":{"rendered":"<p>Nabit\u00fd v\u00e1no\u010dn\u00ed program startuje skute\u010dn\u011b zostra. Tr\u00e1p\u00edc\u00ed se Everton \u010dek\u00e1 v\u00fdlet na h\u0159i\u0161t\u011b Citizens, kde se mu ov\u0161em v posledn\u00edch letech neb\u00fdvale da\u0159\u00ed.<\/p>\n","protected":false},"author":7,"featured_media":14182,"comment_status":"open","ping_status":"closed","sticky":false,"template":"","format":"standard","meta":{"_eb_attr":"","_monsterinsights_skip_tracking":false,"_monsterinsights_sitenote_active":false,"_monsterinsights_sitenote_note":"","_monsterinsights_sitenote_category":0,"footnotes":""},"categories":[4],"tags":[],"yoast_head":"<!-- This site is optimized with the Yoast SEO plugin v23.4 - https:\/\/yoast.com\/wordpress\/plugins\/seo\/ -->\n<title>Preview: Manchester City - Everton - Official Czech &amp; Slovak Everton Supporters&#039; Club<\/title>\n<meta name=\"robots\" content=\"index, follow, max-snippet:-1, max-image-preview:large, max-video-preview:-1\" \/>\n<link rel=\"canonical\" href=\"https:\/\/evertonfc.cz\/index.php\/2010\/12\/19\/preview-manchester-city-everton-4\/\" \/>\n<meta property=\"og:locale\" content=\"cs_CZ\" \/>\n<meta property=\"og:type\" content=\"article\" \/>\n<meta property=\"og:title\" content=\"Preview: Manchester City - Everton - Official Czech &amp; Slovak Everton Supporters&#039; Club\" \/>\n<meta property=\"og:description\" content=\"Nabit\u00fd v\u00e1no\u010dn\u00ed program startuje skute\u010dn\u011b zostra. Tr\u00e1p\u00edc\u00ed se Everton \u010dek\u00e1 v\u00fdlet na h\u0159i\u0161t\u011b Citizens, kde se mu ov\u0161em v posledn\u00edch letech neb\u00fdvale da\u0159\u00ed.\" \/>\n<meta property=\"og:url\" content=\"https:\/\/evertonfc.cz\/index.php\/2010\/12\/19\/preview-manchester-city-everton-4\/\" \/>\n<meta property=\"og:site_name\" content=\"Official Czech &amp; Slovak Everton Supporters&#039; Club\" \/>\n<meta property=\"article:publisher\" content=\"https:\/\/www.facebook.com\/everton.fans.cz.sk\" \/>\n<meta property=\"article:published_time\" content=\"2010-12-19T20:10:50+00:00\" \/>\n<meta property=\"article:modified_time\" content=\"2021-02-17T15:03:06+00:00\" \/>\n<meta property=\"og:image\" content=\"https:\/\/evertonfc.cz\/wp-content\/uploads\/2021\/02\/Manchester-City-VS-Everton.jpg\" \/>\n\t<meta property=\"og:image:width\" content=\"720\" \/>\n\t<meta property=\"og:image:height\" content=\"405\" \/>\n\t<meta property=\"og:image:type\" content=\"image\/jpeg\" \/>\n<meta name=\"author\" content=\"Me\u0148a\" \/>\n<meta name=\"twitter:card\" content=\"summary_large_image\" \/>\n<meta name=\"twitter:label1\" content=\"Napsal(a)\" \/>\n\t<meta name=\"twitter:data1\" content=\"Me\u0148a\" \/>\n\t<meta name=\"twitter:label2\" content=\"Odhadovan\u00e1 doba \u010dten\u00ed\" \/>\n\t<meta name=\"twitter:data2\" content=\"10 minut\" \/>\n<script type=\"application\/ld+json\" class=\"yoast-schema-graph\">{\"@context\":\"https:\/\/schema.org\",\"@graph\":[{\"@type\":\"Article\",\"@id\":\"https:\/\/evertonfc.cz\/index.php\/2010\/12\/19\/preview-manchester-city-everton-4\/#article\",\"isPartOf\":{\"@id\":\"https:\/\/evertonfc.cz\/index.php\/2010\/12\/19\/preview-manchester-city-everton-4\/\"},\"author\":{\"name\":\"Me\u0148a\",\"@id\":\"https:\/\/evertonfc.cz\/#\/schema\/person\/cd6328a75577de2add7793fd4b0930c3\"},\"headline\":\"Preview: Manchester City &#8211; Everton\",\"datePublished\":\"2010-12-19T20:10:50+00:00\",\"dateModified\":\"2021-02-17T15:03:06+00:00\",\"mainEntityOfPage\":{\"@id\":\"https:\/\/evertonfc.cz\/index.php\/2010\/12\/19\/preview-manchester-city-everton-4\/\"},\"wordCount\":2100,\"commentCount\":0,\"publisher\":{\"@id\":\"https:\/\/evertonfc.cz\/#organization\"},\"image\":{\"@id\":\"https:\/\/evertonfc.cz\/index.php\/2010\/12\/19\/preview-manchester-city-everton-4\/#primaryimage\"},\"thumbnailUrl\":\"https:\/\/evertonfc.cz\/wp-content\/uploads\/2021\/02\/Manchester-City-VS-Everton.jpg\",\"articleSection\":[\"Z\u00e1pasy\"],\"inLanguage\":\"cs\",\"potentialAction\":[{\"@type\":\"CommentAction\",\"name\":\"Comment\",\"target\":[\"https:\/\/evertonfc.cz\/index.php\/2010\/12\/19\/preview-manchester-city-everton-4\/#respond\"]}]},{\"@type\":\"WebPage\",\"@id\":\"https:\/\/evertonfc.cz\/index.php\/2010\/12\/19\/preview-manchester-city-everton-4\/\",\"url\":\"https:\/\/evertonfc.cz\/index.php\/2010\/12\/19\/preview-manchester-city-everton-4\/\",\"name\":\"Preview: Manchester City - Everton - Official Czech &amp; Slovak Everton Supporters&#039; Club\",\"isPartOf\":{\"@id\":\"https:\/\/evertonfc.cz\/#website\"},\"primaryImageOfPage\":{\"@id\":\"https:\/\/evertonfc.cz\/index.php\/2010\/12\/19\/preview-manchester-city-everton-4\/#primaryimage\"},\"image\":{\"@id\":\"https:\/\/evertonfc.cz\/index.php\/2010\/12\/19\/preview-manchester-city-everton-4\/#primaryimage\"},\"thumbnailUrl\":\"https:\/\/evertonfc.cz\/wp-content\/uploads\/2021\/02\/Manchester-City-VS-Everton.jpg\",\"datePublished\":\"2010-12-19T20:10:50+00:00\",\"dateModified\":\"2021-02-17T15:03:06+00:00\",\"breadcrumb\":{\"@id\":\"https:\/\/evertonfc.cz\/index.php\/2010\/12\/19\/preview-manchester-city-everton-4\/#breadcrumb\"},\"inLanguage\":\"cs\",\"potentialAction\":[{\"@type\":\"ReadAction\",\"target\":[\"https:\/\/evertonfc.cz\/index.php\/2010\/12\/19\/preview-manchester-city-everton-4\/\"]}]},{\"@type\":\"ImageObject\",\"inLanguage\":\"cs\",\"@id\":\"https:\/\/evertonfc.cz\/index.php\/2010\/12\/19\/preview-manchester-city-everton-4\/#primaryimage\",\"url\":\"https:\/\/evertonfc.cz\/wp-content\/uploads\/2021\/02\/Manchester-City-VS-Everton.jpg\",\"contentUrl\":\"https:\/\/evertonfc.cz\/wp-content\/uploads\/2021\/02\/Manchester-City-VS-Everton.jpg\",\"width\":720,\"height\":405},{\"@type\":\"BreadcrumbList\",\"@id\":\"https:\/\/evertonfc.cz\/index.php\/2010\/12\/19\/preview-manchester-city-everton-4\/#breadcrumb\",\"itemListElement\":[{\"@type\":\"ListItem\",\"position\":1,\"name\":\"Home\",\"item\":\"https:\/\/evertonfc.cz\/\"},{\"@type\":\"ListItem\",\"position\":2,\"name\":\"Preview: Manchester City &#8211; Everton\"}]},{\"@type\":\"WebSite\",\"@id\":\"https:\/\/evertonfc.cz\/#website\",\"url\":\"https:\/\/evertonfc.cz\/\",\"name\":\"Official Czech &amp; Slovak Everton Supporters&#039; Club\",\"description\":\"\",\"publisher\":{\"@id\":\"https:\/\/evertonfc.cz\/#organization\"},\"potentialAction\":[{\"@type\":\"SearchAction\",\"target\":{\"@type\":\"EntryPoint\",\"urlTemplate\":\"https:\/\/evertonfc.cz\/?s={search_term_string}\"},\"query-input\":{\"@type\":\"PropertyValueSpecification\",\"valueRequired\":true,\"valueName\":\"search_term_string\"}}],\"inLanguage\":\"cs\"},{\"@type\":\"Organization\",\"@id\":\"https:\/\/evertonfc.cz\/#organization\",\"name\":\"Official Czech & Slovak Everton Supporters' Club\",\"url\":\"https:\/\/evertonfc.cz\/\",\"logo\":{\"@type\":\"ImageObject\",\"inLanguage\":\"cs\",\"@id\":\"https:\/\/evertonfc.cz\/#\/schema\/logo\/image\/\",\"url\":\"https:\/\/evertonfc.cz\/wp-content\/uploads\/2019\/05\/logo.png\",\"contentUrl\":\"https:\/\/evertonfc.cz\/wp-content\/uploads\/2019\/05\/logo.png\",\"width\":112,\"height\":112,\"caption\":\"Official Czech & Slovak Everton Supporters' Club\"},\"image\":{\"@id\":\"https:\/\/evertonfc.cz\/#\/schema\/logo\/image\/\"},\"sameAs\":[\"https:\/\/www.facebook.com\/everton.fans.cz.sk\"]},{\"@type\":\"Person\",\"@id\":\"https:\/\/evertonfc.cz\/#\/schema\/person\/cd6328a75577de2add7793fd4b0930c3\",\"name\":\"Me\u0148a\",\"url\":\"https:\/\/evertonfc.cz\/index.php\/author\/mena\/\"}]}<\/script>\n<!-- \/ Yoast SEO plugin. -->","yoast_head_json":{"title":"Preview: Manchester City - Everton - Official Czech &amp; Slovak Everton Supporters&#039; Club","robots":{"index":"index","follow":"follow","max-snippet":"max-snippet:-1","max-image-preview":"max-image-preview:large","max-video-preview":"max-video-preview:-1"},"canonical":"https:\/\/evertonfc.cz\/index.php\/2010\/12\/19\/preview-manchester-city-everton-4\/","og_locale":"cs_CZ","og_type":"article","og_title":"Preview: Manchester City - Everton - Official Czech &amp; Slovak Everton Supporters&#039; Club","og_description":"Nabit\u00fd v\u00e1no\u010dn\u00ed program startuje skute\u010dn\u011b zostra. Tr\u00e1p\u00edc\u00ed se Everton \u010dek\u00e1 v\u00fdlet na h\u0159i\u0161t\u011b Citizens, kde se mu ov\u0161em v posledn\u00edch letech neb\u00fdvale da\u0159\u00ed.","og_url":"https:\/\/evertonfc.cz\/index.php\/2010\/12\/19\/preview-manchester-city-everton-4\/","og_site_name":"Official Czech &amp; Slovak Everton Supporters&#039; Club","article_publisher":"https:\/\/www.facebook.com\/everton.fans.cz.sk","article_published_time":"2010-12-19T20:10:50+00:00","article_modified_time":"2021-02-17T15:03:06+00:00","og_image":[{"width":720,"height":405,"url":"https:\/\/evertonfc.cz\/wp-content\/uploads\/2021\/02\/Manchester-City-VS-Everton.jpg","type":"image\/jpeg"}],"author":"Me\u0148a","twitter_card":"summary_large_image","twitter_misc":{"Napsal(a)":"Me\u0148a","Odhadovan\u00e1 doba \u010dten\u00ed":"10 minut"},"schema":{"@context":"https:\/\/schema.org","@graph":[{"@type":"Article","@id":"https:\/\/evertonfc.cz\/index.php\/2010\/12\/19\/preview-manchester-city-everton-4\/#article","isPartOf":{"@id":"https:\/\/evertonfc.cz\/index.php\/2010\/12\/19\/preview-manchester-city-everton-4\/"},"author":{"name":"Me\u0148a","@id":"https:\/\/evertonfc.cz\/#\/schema\/person\/cd6328a75577de2add7793fd4b0930c3"},"headline":"Preview: Manchester City &#8211; Everton","datePublished":"2010-12-19T20:10:50+00:00","dateModified":"2021-02-17T15:03:06+00:00","mainEntityOfPage":{"@id":"https:\/\/evertonfc.cz\/index.php\/2010\/12\/19\/preview-manchester-city-everton-4\/"},"wordCount":2100,"commentCount":0,"publisher":{"@id":"https:\/\/evertonfc.cz\/#organization"},"image":{"@id":"https:\/\/evertonfc.cz\/index.php\/2010\/12\/19\/preview-manchester-city-everton-4\/#primaryimage"},"thumbnailUrl":"https:\/\/evertonfc.cz\/wp-content\/uploads\/2021\/02\/Manchester-City-VS-Everton.jpg","articleSection":["Z\u00e1pasy"],"inLanguage":"cs","potentialAction":[{"@type":"CommentAction","name":"Comment","target":["https:\/\/evertonfc.cz\/index.php\/2010\/12\/19\/preview-manchester-city-everton-4\/#respond"]}]},{"@type":"WebPage","@id":"https:\/\/evertonfc.cz\/index.php\/2010\/12\/19\/preview-manchester-city-everton-4\/","url":"https:\/\/evertonfc.cz\/index.php\/2010\/12\/19\/preview-manchester-city-everton-4\/","name":"Preview: Manchester City - Everton - Official Czech &amp; Slovak Everton Supporters&#039; Club","isPartOf":{"@id":"https:\/\/evertonfc.cz\/#website"},"primaryImageOfPage":{"@id":"https:\/\/evertonfc.cz\/index.php\/2010\/12\/19\/preview-manchester-city-everton-4\/#primaryimage"},"image":{"@id":"https:\/\/evertonfc.cz\/index.php\/2010\/12\/19\/preview-manchester-city-everton-4\/#primaryimage"},"thumbnailUrl":"https:\/\/evertonfc.cz\/wp-content\/uploads\/2021\/02\/Manchester-City-VS-Everton.jpg","datePublished":"2010-12-19T20:10:50+00:00","dateModified":"2021-02-17T15:03:06+00:00","breadcrumb":{"@id":"https:\/\/evertonfc.cz\/index.php\/2010\/12\/19\/preview-manchester-city-everton-4\/#breadcrumb"},"inLanguage":"cs","potentialAction":[{"@type":"ReadAction","target":["https:\/\/evertonfc.cz\/index.php\/2010\/12\/19\/preview-manchester-city-everton-4\/"]}]},{"@type":"ImageObject","inLanguage":"cs","@id":"https:\/\/evertonfc.cz\/index.php\/2010\/12\/19\/preview-manchester-city-everton-4\/#primaryimage","url":"https:\/\/evertonfc.cz\/wp-content\/uploads\/2021\/02\/Manchester-City-VS-Everton.jpg","contentUrl":"https:\/\/evertonfc.cz\/wp-content\/uploads\/2021\/02\/Manchester-City-VS-Everton.jpg","width":720,"height":405},{"@type":"BreadcrumbList","@id":"https:\/\/evertonfc.cz\/index.php\/2010\/12\/19\/preview-manchester-city-everton-4\/#breadcrumb","itemListElement":[{"@type":"ListItem","position":1,"name":"Home","item":"https:\/\/evertonfc.cz\/"},{"@type":"ListItem","position":2,"name":"Preview: Manchester City &#8211; Everton"}]},{"@type":"WebSite","@id":"https:\/\/evertonfc.cz\/#website","url":"https:\/\/evertonfc.cz\/","name":"Official Czech &amp; Slovak Everton Supporters&#039; Club","description":"","publisher":{"@id":"https:\/\/evertonfc.cz\/#organization"},"potentialAction":[{"@type":"SearchAction","target":{"@type":"EntryPoint","urlTemplate":"https:\/\/evertonfc.cz\/?s={search_term_string}"},"query-input":{"@type":"PropertyValueSpecification","valueRequired":true,"valueName":"search_term_string"}}],"inLanguage":"cs"},{"@type":"Organization","@id":"https:\/\/evertonfc.cz\/#organization","name":"Official Czech & Slovak Everton Supporters' Club","url":"https:\/\/evertonfc.cz\/","logo":{"@type":"ImageObject","inLanguage":"cs","@id":"https:\/\/evertonfc.cz\/#\/schema\/logo\/image\/","url":"https:\/\/evertonfc.cz\/wp-content\/uploads\/2019\/05\/logo.png","contentUrl":"https:\/\/evertonfc.cz\/wp-content\/uploads\/2019\/05\/logo.png","width":112,"height":112,"caption":"Official Czech & Slovak Everton Supporters' Club"},"image":{"@id":"https:\/\/evertonfc.cz\/#\/schema\/logo\/image\/"},"sameAs":["https:\/\/www.facebook.com\/everton.fans.cz.sk"]},{"@type":"Person","@id":"https:\/\/evertonfc.cz\/#\/schema\/person\/cd6328a75577de2add7793fd4b0930c3","name":"Me\u0148a","url":"https:\/\/evertonfc.cz\/index.php\/author\/mena\/"}]}},"_links":{"self":[{"href":"https:\/\/evertonfc.cz\/index.php\/wp-json\/wp\/v2\/posts\/3619"}],"collection":[{"href":"https:\/\/evertonfc.cz\/index.php\/wp-json\/wp\/v2\/posts"}],"about":[{"href":"https:\/\/evertonfc.cz\/index.php\/wp-json\/wp\/v2\/types\/post"}],"author":[{"embeddable":true,"href":"https:\/\/evertonfc.cz\/index.php\/wp-json\/wp\/v2\/users\/7"}],"replies":[{"embeddable":true,"href":"https:\/\/evertonfc.cz\/index.php\/wp-json\/wp\/v2\/comments?post=3619"}],"version-history":[{"count":2,"href":"https:\/\/evertonfc.cz\/index.php\/wp-json\/wp\/v2\/posts\/3619\/revisions"}],"predecessor-version":[{"id":14203,"href":"https:\/\/evertonfc.cz\/index.php\/wp-json\/wp\/v2\/posts\/3619\/revisions\/14203"}],"wp:featuredmedia":[{"embeddable":true,"href":"https:\/\/evertonfc.cz\/index.php\/wp-json\/wp\/v2\/media\/14182"}],"wp:attachment":[{"href":"https:\/\/evertonfc.cz\/index.php\/wp-json\/wp\/v2\/media?parent=3619"}],"wp:term":[{"taxonomy":"category","embeddable":true,"href":"https:\/\/evertonfc.cz\/index.php\/wp-json\/wp\/v2\/categories?post=3619"},{"taxonomy":"post_tag","embeddable":true,"href":"https:\/\/evertonfc.cz\/index.php\/wp-json\/wp\/v2\/tags?post=3619"}],"curies":[{"name":"wp","href":"https:\/\/api.w.org\/{rel}","templated":true}]}}