{"id":3621,"date":"2010-12-20T21:15:10","date_gmt":"2010-12-20T20:15:10","guid":{"rendered":"http:\/\/evertonfc.cz\/?p=3621"},"modified":"2019-02-11T21:16:19","modified_gmt":"2019-02-11T20:16:19","slug":"manchester-city-everton-12","status":"publish","type":"post","link":"https:\/\/evertonfc.cz\/index.php\/2010\/12\/20\/manchester-city-everton-12\/","title":{"rendered":"Manchester City &#8211; Everton 1:2"},"content":{"rendered":"<h4>Everton na Manchester City posledn\u00ed dobou prost\u011b um\u00ed. O velmi cennou v\u00fdhru se symbolicky postaraly dv\u011b leto\u0161n\u00ed opory &#8211; branky vst\u0159elili Tim Cahill a Leighton Baines.<\/h4>\n<p>Oproti posledn\u00edm z\u00e1pas\u016fm David Moyes provedl v z\u00e1kladn\u00ed sestav\u011b dv\u011b zm\u011bny, Sahu nahradil na hrotu \u00fatoku trochu p\u0159ekvapiv\u011b Anichebe a zran\u011bn\u00e9ho Pienaara zastoupil na lev\u00e9 stran\u011b z\u00e1lohy, z marodky vracej\u00edc\u00ed se, Osman.<\/p>\n<p>Prvn\u00ed \u0161ance a prvn\u00ed branka. To je tak, kdy\u017e nech\u00e1te osamocen\u00e9ho Cahilla na mal\u00e9m v\u00e1pn\u011b. Australan se prosadil hlavou po centru Colemana ve 4. minut\u011b &#8211;\u00a0<strong>0:1<\/strong>.<\/p>\n<p>V 11. minut\u011b m\u011bl ManCity velkou p\u0159\u00edle\u017eitost na vyrovn\u00e1n\u00ed, Yaya Tour\u00e9 na\u0161el oblou\u010dkem za obranou nik\u00fdm nehl\u00eddan\u00e9ho Silvu, kter\u00fd nasm\u011broval svoji tvrdou st\u0159elu do bo\u010dn\u00ed s\u00edt\u011b. O chv\u00edli pozd\u011bji hlavi\u010dkoval z rohu jen do Howardov\u00fdch rukavic Balotelli.<\/p>\n<p>V 19. minut\u011b p\u0159edvedli Toffees kr\u00e1snou akci zakon\u010denou g\u00f3lem. Anichebe na\u0161el ve v\u00e1pn\u011b Cahilla, kter\u00fd p\u0159i\u0165uknul m\u00ed\u010d Bainesovi. A lev\u00fd zad\u00e1k z voleje prava\u010dkou n\u00e1dhern\u011b zakroutil balon ke vzd\u00e1len\u011bj\u0161\u00ed ty\u010di &#8211;\u00a0<strong>0:2<\/strong>.<\/p>\n<p>Citizens za\u010dali zvy\u0161ovat tlak, ve 28. minut\u011b se op\u011bt prosadil z rohu Balotelli, ov\u0161em i tentokr\u00e1t v\u00fdrazn\u011bji Howarda nevystra\u0161il, pohotov\u00fdm volejem p\u0159est\u0159elil. Na druh\u00e9 stran\u011b vyu\u017eil chyby v rozehr\u00e1vce Osman a postupoval 1 na 1 proti Kompanymu, belgick\u00fd zad\u00e1k nakonec v defenziv\u011b usp\u011bl, Osmanovu st\u0159elu zblokoval a Hart u\u017e ji nem\u011bl probl\u00e9m zne\u0161kodnit.<\/p>\n<p>Dom\u00e1c\u00ed hrozili hlavn\u011b z rohov\u00fdch kop\u016f, po jednom z nich hr\u00e1\u010di Evertonu zablokovali minim\u00e1ln\u011b \u0161est st\u0159el, j\u00edm\u017e nechyb\u011blo p\u0159\u00edli\u0161 k ozna\u010den\u00ed g\u00f3lov\u00e9.<\/p>\n<p>Ve 37. minut\u011b Howard sta\u010dil na posledn\u00ed chv\u00edli vyt\u011bsnit \u0161pi\u010dkami prst\u016f dobrou r\u00e1nu Kolarova z trestn\u00e9ho kopu. Z n\u00e1sledn\u00e9ho rohu st\u0159\u00edlel Yaya Tour\u00e9 nad branku. Do konce prvn\u00edho polo\u010dasu EFC dvoubrankov\u00fd n\u00e1skok uh\u00e1jil.<\/p>\n<p>Druh\u00fd polo\u010das za\u010dal d\u011blovkou Zabaleta, Howard si v\u0161ak poradil. Pot\u00e9 sice nedos\u00e1hl na pokus Kolarova, vadit to ov\u0161em p\u0159\u00edli\u0161 nemuselo, r\u00e1na po zemi t\u011bsn\u011b minula prostor mezi t\u0159emi ty\u010demi.\u00a8<\/p>\n<p>Komplikace nastaly po hodin\u011b hry, Anichebe obdr\u017eel b\u011bhem p\u011bti minut dv\u011b zbyte\u010dn\u00e9 \u017elut\u00e9 karty a musel p\u0159ed\u010dasn\u011b opustit h\u0159i\u0161t\u011b.<\/p>\n<p>Postupem \u010dasu Manchester City za\u010d\u00ednal se z\u00e1v\u011bre\u010dn\u00fdm tlakem, jako jeho p\u0159edzv\u011bst lze br\u00e1t st\u0159elu Barryho nad br\u00e1nu \u010di dal\u0161\u00edch x zblokovan\u00fdch ran.<\/p>\n<p>V 72. minut\u011b se p\u0159iklonilo \u0161t\u011bst\u00ed i na stranu Citizens, po kombinaci ve v\u00e1pn\u011b EFC trefil Yaya Tour\u00e9 Jagielku, od n\u011bho\u017e se odrazil m\u00ed\u010d do br\u00e1ny &#8211;\u00a0<strong>1:2<\/strong>.<\/p>\n<p>V 76. minut\u011b to technicky z d\u00e1lky zkou\u0161el A. Johnson, na\u0161t\u011bst\u00ed t\u011bsn\u011b p\u0159est\u0159elil. O minutu pozd\u011bji se hnal Balotelli s\u00e1m na Howarda, Ital u\u017e p\u0159ekonal branka\u0159e Toffees, jeho lob ale skon\u010dil na ty\u010di. Dor\u00e1\u017eku Tev\u00e9ze Howard v\u00fdborn\u011b vyt\u011bsnil.<\/p>\n<p>V 85. minut\u011b Kolar\u016fv tvrd\u00fd centr m\u00e1lem skon\u010dil v s\u00edti. O minutu pozd\u011bji to zkou\u0161el z d\u00e1lky Yaya Tour\u00e9, Howard sta\u010dil st\u0159elu vyrazit. Po na kr\u00e1tko rozehran\u00e9m rohu neusp\u011bl se sv\u00fdm p\u0159\u00edsp\u011bvkem ani Silva.<\/p>\n<p>Ve druh\u00e9 minut\u011b nastaven\u00ed se op\u011bt vyznamenal, dnes neuv\u011b\u0159iteln\u00fd, Howard, tentokr\u00e1t bravurn\u011b z\u00e1sahl proti Tev\u00e9zovi. Na sam\u00e9m konci duelu korunoval beznad\u011bj City vylou\u010den\u00edm Kolo Tour\u00e9.<\/p>\n<p><strong>Branky:<\/strong>\u00a072. Phil Jagielka (vl.) &#8211; 4. Tim Cahill, 19. Leighton Baines<br \/>\n<strong>\u017dK:<\/strong>\u00a023. Vincent Kompany, 90. Gareth Barry, 90. Kolo Tour\u00e9 &#8211; 34. Marouane Fellaini, 55. Victor Anichebe<br \/>\n<strong>\u010cK:<\/strong>\u00a090. Kolo Tour\u00e9 &#8211; 60. Victor Anichebe<br \/>\n<strong>Manchester City:<\/strong>\u00a0Joe Hart, Kolo Tour\u00e9, Vincent Kompany, Pablo Zabaleta, Aleksandar Kolarov, Gareth Barry, James Milner (46. Adam Johnson), David Silva, Yaya Tour\u00e9, Carlos T\u00e9vez, Mario Balotelli (83. J\u00f4 Alves)<br \/>\n<strong>Everton FC:<\/strong>\u00a0Tim Howard, Phil Jagielka (79. Tony Hibbert), Leighton Baines, Sylvain Distin, S\u00e9amus Coleman (76. Louis Saha), Tim Cahill, Phil Neville, Leon Osman (75. Diniyar Bilyaletdinov), Marouane Fellaini, Jack Rodwell, Victor Anichebe<br \/>\n<strong>Dr\u017een\u00ed m\u00ed\u010de:<\/strong>\u00a060% &#8211; 40%<br \/>\n<strong>St\u0159ely na branku:<\/strong>\u00a015 &#8211; 3<br \/>\n<strong>St\u0159ely mimo branu:<\/strong>\u00a010 &#8211; 1<strong><br \/>\nRohy:\u00a0<\/strong>10 &#8211; 0<strong><br \/>\nFauly:\u00a0<\/strong>8 &#8211; 13<strong><br \/>\nRozhod\u010d\u00ed:<\/strong>\u00a0Peter Walton<br \/>\n<strong>Div\u00e1ci:<\/strong>\u00a045 028<\/p>\n","protected":false},"excerpt":{"rendered":"<p>Everton na Manchester City posledn\u00ed dobou prost\u011b um\u00ed. O velmi cennou v\u00fdhru se symbolicky postaraly dv\u011b leto\u0161n\u00ed opory &#8211; branky&hellip;<\/p>\n","protected":false},"author":6,"featured_media":1315,"comment_status":"open","ping_status":"closed","sticky":false,"template":"","format":"standard","meta":{"_eb_attr":"","_monsterinsights_skip_tracking":false,"_monsterinsights_sitenote_active":false,"_monsterinsights_sitenote_note":"","_monsterinsights_sitenote_category":0,"footnotes":""},"categories":[4],"tags":[],"yoast_head":"<!-- This site is optimized with the Yoast SEO plugin v23.4 - https:\/\/yoast.com\/wordpress\/plugins\/seo\/ -->\n<title>Manchester City - Everton 1:2 - Official Czech &amp; Slovak Everton Supporters&#039; Club<\/title>\n<meta name=\"robots\" content=\"index, follow, max-snippet:-1, max-image-preview:large, max-video-preview:-1\" \/>\n<link rel=\"canonical\" href=\"https:\/\/evertonfc.cz\/index.php\/2010\/12\/20\/manchester-city-everton-12\/\" \/>\n<meta property=\"og:locale\" content=\"cs_CZ\" \/>\n<meta property=\"og:type\" content=\"article\" \/>\n<meta property=\"og:title\" content=\"Manchester City - Everton 1:2 - Official Czech &amp; Slovak Everton Supporters&#039; Club\" \/>\n<meta property=\"og:description\" content=\"Everton na Manchester City posledn\u00ed dobou prost\u011b um\u00ed. O velmi cennou v\u00fdhru se symbolicky postaraly dv\u011b leto\u0161n\u00ed opory &#8211; branky&hellip;\" \/>\n<meta property=\"og:url\" content=\"https:\/\/evertonfc.cz\/index.php\/2010\/12\/20\/manchester-city-everton-12\/\" \/>\n<meta property=\"og:site_name\" content=\"Official Czech &amp; Slovak Everton Supporters&#039; Club\" \/>\n<meta property=\"article:publisher\" content=\"https:\/\/www.facebook.com\/everton.fans.cz.sk\" \/>\n<meta property=\"article:published_time\" content=\"2010-12-20T20:15:10+00:00\" \/>\n<meta property=\"article:modified_time\" content=\"2019-02-11T20:16:19+00:00\" \/>\n<meta property=\"og:image\" content=\"https:\/\/evertonfc.cz\/wp-content\/uploads\/2019\/01\/report.jpg\" \/>\n\t<meta property=\"og:image:width\" content=\"720\" \/>\n\t<meta property=\"og:image:height\" content=\"405\" \/>\n\t<meta property=\"og:image:type\" content=\"image\/jpeg\" \/>\n<meta name=\"author\" content=\"Ri\u010di\" \/>\n<meta name=\"twitter:card\" content=\"summary_large_image\" \/>\n<meta name=\"twitter:creator\" content=\"@rbrejsa\" \/>\n<meta name=\"twitter:label1\" content=\"Napsal(a)\" \/>\n\t<meta name=\"twitter:data1\" content=\"Ri\u010di\" \/>\n\t<meta name=\"twitter:label2\" content=\"Odhadovan\u00e1 doba \u010dten\u00ed\" \/>\n\t<meta name=\"twitter:data2\" content=\"4 minuty\" \/>\n<script type=\"application\/ld+json\" class=\"yoast-schema-graph\">{\"@context\":\"https:\/\/schema.org\",\"@graph\":[{\"@type\":\"Article\",\"@id\":\"https:\/\/evertonfc.cz\/index.php\/2010\/12\/20\/manchester-city-everton-12\/#article\",\"isPartOf\":{\"@id\":\"https:\/\/evertonfc.cz\/index.php\/2010\/12\/20\/manchester-city-everton-12\/\"},\"author\":{\"name\":\"Ri\u010di\",\"@id\":\"https:\/\/evertonfc.cz\/#\/schema\/person\/f7a5daedb2ffee98480bc70e191aaef1\"},\"headline\":\"Manchester City &#8211; Everton 1:2\",\"datePublished\":\"2010-12-20T20:15:10+00:00\",\"dateModified\":\"2019-02-11T20:16:19+00:00\",\"mainEntityOfPage\":{\"@id\":\"https:\/\/evertonfc.cz\/index.php\/2010\/12\/20\/manchester-city-everton-12\/\"},\"wordCount\":726,\"commentCount\":0,\"publisher\":{\"@id\":\"https:\/\/evertonfc.cz\/#organization\"},\"image\":{\"@id\":\"https:\/\/evertonfc.cz\/index.php\/2010\/12\/20\/manchester-city-everton-12\/#primaryimage\"},\"thumbnailUrl\":\"https:\/\/evertonfc.cz\/wp-content\/uploads\/2019\/01\/report.jpg\",\"articleSection\":[\"Z\u00e1pasy\"],\"inLanguage\":\"cs\",\"potentialAction\":[{\"@type\":\"CommentAction\",\"name\":\"Comment\",\"target\":[\"https:\/\/evertonfc.cz\/index.php\/2010\/12\/20\/manchester-city-everton-12\/#respond\"]}]},{\"@type\":\"WebPage\",\"@id\":\"https:\/\/evertonfc.cz\/index.php\/2010\/12\/20\/manchester-city-everton-12\/\",\"url\":\"https:\/\/evertonfc.cz\/index.php\/2010\/12\/20\/manchester-city-everton-12\/\",\"name\":\"Manchester City - Everton 1:2 - Official Czech &amp; Slovak Everton Supporters&#039; Club\",\"isPartOf\":{\"@id\":\"https:\/\/evertonfc.cz\/#website\"},\"primaryImageOfPage\":{\"@id\":\"https:\/\/evertonfc.cz\/index.php\/2010\/12\/20\/manchester-city-everton-12\/#primaryimage\"},\"image\":{\"@id\":\"https:\/\/evertonfc.cz\/index.php\/2010\/12\/20\/manchester-city-everton-12\/#primaryimage\"},\"thumbnailUrl\":\"https:\/\/evertonfc.cz\/wp-content\/uploads\/2019\/01\/report.jpg\",\"datePublished\":\"2010-12-20T20:15:10+00:00\",\"dateModified\":\"2019-02-11T20:16:19+00:00\",\"breadcrumb\":{\"@id\":\"https:\/\/evertonfc.cz\/index.php\/2010\/12\/20\/manchester-city-everton-12\/#breadcrumb\"},\"inLanguage\":\"cs\",\"potentialAction\":[{\"@type\":\"ReadAction\",\"target\":[\"https:\/\/evertonfc.cz\/index.php\/2010\/12\/20\/manchester-city-everton-12\/\"]}]},{\"@type\":\"ImageObject\",\"inLanguage\":\"cs\",\"@id\":\"https:\/\/evertonfc.cz\/index.php\/2010\/12\/20\/manchester-city-everton-12\/#primaryimage\",\"url\":\"https:\/\/evertonfc.cz\/wp-content\/uploads\/2019\/01\/report.jpg\",\"contentUrl\":\"https:\/\/evertonfc.cz\/wp-content\/uploads\/2019\/01\/report.jpg\",\"width\":720,\"height\":405},{\"@type\":\"BreadcrumbList\",\"@id\":\"https:\/\/evertonfc.cz\/index.php\/2010\/12\/20\/manchester-city-everton-12\/#breadcrumb\",\"itemListElement\":[{\"@type\":\"ListItem\",\"position\":1,\"name\":\"Home\",\"item\":\"https:\/\/evertonfc.cz\/\"},{\"@type\":\"ListItem\",\"position\":2,\"name\":\"Manchester City &#8211; Everton 1:2\"}]},{\"@type\":\"WebSite\",\"@id\":\"https:\/\/evertonfc.cz\/#website\",\"url\":\"https:\/\/evertonfc.cz\/\",\"name\":\"Official Czech &amp; Slovak Everton Supporters&#039; Club\",\"description\":\"\",\"publisher\":{\"@id\":\"https:\/\/evertonfc.cz\/#organization\"},\"potentialAction\":[{\"@type\":\"SearchAction\",\"target\":{\"@type\":\"EntryPoint\",\"urlTemplate\":\"https:\/\/evertonfc.cz\/?s={search_term_string}\"},\"query-input\":{\"@type\":\"PropertyValueSpecification\",\"valueRequired\":true,\"valueName\":\"search_term_string\"}}],\"inLanguage\":\"cs\"},{\"@type\":\"Organization\",\"@id\":\"https:\/\/evertonfc.cz\/#organization\",\"name\":\"Official Czech & Slovak Everton Supporters' Club\",\"url\":\"https:\/\/evertonfc.cz\/\",\"logo\":{\"@type\":\"ImageObject\",\"inLanguage\":\"cs\",\"@id\":\"https:\/\/evertonfc.cz\/#\/schema\/logo\/image\/\",\"url\":\"https:\/\/evertonfc.cz\/wp-content\/uploads\/2019\/05\/logo.png\",\"contentUrl\":\"https:\/\/evertonfc.cz\/wp-content\/uploads\/2019\/05\/logo.png\",\"width\":112,\"height\":112,\"caption\":\"Official Czech & Slovak Everton Supporters' Club\"},\"image\":{\"@id\":\"https:\/\/evertonfc.cz\/#\/schema\/logo\/image\/\"},\"sameAs\":[\"https:\/\/www.facebook.com\/everton.fans.cz.sk\"]},{\"@type\":\"Person\",\"@id\":\"https:\/\/evertonfc.cz\/#\/schema\/person\/f7a5daedb2ffee98480bc70e191aaef1\",\"name\":\"Ri\u010di\",\"sameAs\":[\"https:\/\/x.com\/rbrejsa\"],\"url\":\"https:\/\/evertonfc.cz\/index.php\/author\/rici\/\"}]}<\/script>\n<!-- \/ Yoast SEO plugin. -->","yoast_head_json":{"title":"Manchester City - Everton 1:2 - Official Czech &amp; Slovak Everton Supporters&#039; Club","robots":{"index":"index","follow":"follow","max-snippet":"max-snippet:-1","max-image-preview":"max-image-preview:large","max-video-preview":"max-video-preview:-1"},"canonical":"https:\/\/evertonfc.cz\/index.php\/2010\/12\/20\/manchester-city-everton-12\/","og_locale":"cs_CZ","og_type":"article","og_title":"Manchester City - Everton 1:2 - Official Czech &amp; Slovak Everton Supporters&#039; Club","og_description":"Everton na Manchester City posledn\u00ed dobou prost\u011b um\u00ed. O velmi cennou v\u00fdhru se symbolicky postaraly dv\u011b leto\u0161n\u00ed opory &#8211; branky&hellip;","og_url":"https:\/\/evertonfc.cz\/index.php\/2010\/12\/20\/manchester-city-everton-12\/","og_site_name":"Official Czech &amp; Slovak Everton Supporters&#039; Club","article_publisher":"https:\/\/www.facebook.com\/everton.fans.cz.sk","article_published_time":"2010-12-20T20:15:10+00:00","article_modified_time":"2019-02-11T20:16:19+00:00","og_image":[{"width":720,"height":405,"url":"https:\/\/evertonfc.cz\/wp-content\/uploads\/2019\/01\/report.jpg","type":"image\/jpeg"}],"author":"Ri\u010di","twitter_card":"summary_large_image","twitter_creator":"@rbrejsa","twitter_misc":{"Napsal(a)":"Ri\u010di","Odhadovan\u00e1 doba \u010dten\u00ed":"4 minuty"},"schema":{"@context":"https:\/\/schema.org","@graph":[{"@type":"Article","@id":"https:\/\/evertonfc.cz\/index.php\/2010\/12\/20\/manchester-city-everton-12\/#article","isPartOf":{"@id":"https:\/\/evertonfc.cz\/index.php\/2010\/12\/20\/manchester-city-everton-12\/"},"author":{"name":"Ri\u010di","@id":"https:\/\/evertonfc.cz\/#\/schema\/person\/f7a5daedb2ffee98480bc70e191aaef1"},"headline":"Manchester City &#8211; Everton 1:2","datePublished":"2010-12-20T20:15:10+00:00","dateModified":"2019-02-11T20:16:19+00:00","mainEntityOfPage":{"@id":"https:\/\/evertonfc.cz\/index.php\/2010\/12\/20\/manchester-city-everton-12\/"},"wordCount":726,"commentCount":0,"publisher":{"@id":"https:\/\/evertonfc.cz\/#organization"},"image":{"@id":"https:\/\/evertonfc.cz\/index.php\/2010\/12\/20\/manchester-city-everton-12\/#primaryimage"},"thumbnailUrl":"https:\/\/evertonfc.cz\/wp-content\/uploads\/2019\/01\/report.jpg","articleSection":["Z\u00e1pasy"],"inLanguage":"cs","potentialAction":[{"@type":"CommentAction","name":"Comment","target":["https:\/\/evertonfc.cz\/index.php\/2010\/12\/20\/manchester-city-everton-12\/#respond"]}]},{"@type":"WebPage","@id":"https:\/\/evertonfc.cz\/index.php\/2010\/12\/20\/manchester-city-everton-12\/","url":"https:\/\/evertonfc.cz\/index.php\/2010\/12\/20\/manchester-city-everton-12\/","name":"Manchester City - Everton 1:2 - Official Czech &amp; Slovak Everton Supporters&#039; Club","isPartOf":{"@id":"https:\/\/evertonfc.cz\/#website"},"primaryImageOfPage":{"@id":"https:\/\/evertonfc.cz\/index.php\/2010\/12\/20\/manchester-city-everton-12\/#primaryimage"},"image":{"@id":"https:\/\/evertonfc.cz\/index.php\/2010\/12\/20\/manchester-city-everton-12\/#primaryimage"},"thumbnailUrl":"https:\/\/evertonfc.cz\/wp-content\/uploads\/2019\/01\/report.jpg","datePublished":"2010-12-20T20:15:10+00:00","dateModified":"2019-02-11T20:16:19+00:00","breadcrumb":{"@id":"https:\/\/evertonfc.cz\/index.php\/2010\/12\/20\/manchester-city-everton-12\/#breadcrumb"},"inLanguage":"cs","potentialAction":[{"@type":"ReadAction","target":["https:\/\/evertonfc.cz\/index.php\/2010\/12\/20\/manchester-city-everton-12\/"]}]},{"@type":"ImageObject","inLanguage":"cs","@id":"https:\/\/evertonfc.cz\/index.php\/2010\/12\/20\/manchester-city-everton-12\/#primaryimage","url":"https:\/\/evertonfc.cz\/wp-content\/uploads\/2019\/01\/report.jpg","contentUrl":"https:\/\/evertonfc.cz\/wp-content\/uploads\/2019\/01\/report.jpg","width":720,"height":405},{"@type":"BreadcrumbList","@id":"https:\/\/evertonfc.cz\/index.php\/2010\/12\/20\/manchester-city-everton-12\/#breadcrumb","itemListElement":[{"@type":"ListItem","position":1,"name":"Home","item":"https:\/\/evertonfc.cz\/"},{"@type":"ListItem","position":2,"name":"Manchester City &#8211; Everton 1:2"}]},{"@type":"WebSite","@id":"https:\/\/evertonfc.cz\/#website","url":"https:\/\/evertonfc.cz\/","name":"Official Czech &amp; Slovak Everton Supporters&#039; Club","description":"","publisher":{"@id":"https:\/\/evertonfc.cz\/#organization"},"potentialAction":[{"@type":"SearchAction","target":{"@type":"EntryPoint","urlTemplate":"https:\/\/evertonfc.cz\/?s={search_term_string}"},"query-input":{"@type":"PropertyValueSpecification","valueRequired":true,"valueName":"search_term_string"}}],"inLanguage":"cs"},{"@type":"Organization","@id":"https:\/\/evertonfc.cz\/#organization","name":"Official Czech & Slovak Everton Supporters' Club","url":"https:\/\/evertonfc.cz\/","logo":{"@type":"ImageObject","inLanguage":"cs","@id":"https:\/\/evertonfc.cz\/#\/schema\/logo\/image\/","url":"https:\/\/evertonfc.cz\/wp-content\/uploads\/2019\/05\/logo.png","contentUrl":"https:\/\/evertonfc.cz\/wp-content\/uploads\/2019\/05\/logo.png","width":112,"height":112,"caption":"Official Czech & Slovak Everton Supporters' Club"},"image":{"@id":"https:\/\/evertonfc.cz\/#\/schema\/logo\/image\/"},"sameAs":["https:\/\/www.facebook.com\/everton.fans.cz.sk"]},{"@type":"Person","@id":"https:\/\/evertonfc.cz\/#\/schema\/person\/f7a5daedb2ffee98480bc70e191aaef1","name":"Ri\u010di","sameAs":["https:\/\/x.com\/rbrejsa"],"url":"https:\/\/evertonfc.cz\/index.php\/author\/rici\/"}]}},"_links":{"self":[{"href":"https:\/\/evertonfc.cz\/index.php\/wp-json\/wp\/v2\/posts\/3621"}],"collection":[{"href":"https:\/\/evertonfc.cz\/index.php\/wp-json\/wp\/v2\/posts"}],"about":[{"href":"https:\/\/evertonfc.cz\/index.php\/wp-json\/wp\/v2\/types\/post"}],"author":[{"embeddable":true,"href":"https:\/\/evertonfc.cz\/index.php\/wp-json\/wp\/v2\/users\/6"}],"replies":[{"embeddable":true,"href":"https:\/\/evertonfc.cz\/index.php\/wp-json\/wp\/v2\/comments?post=3621"}],"version-history":[{"count":1,"href":"https:\/\/evertonfc.cz\/index.php\/wp-json\/wp\/v2\/posts\/3621\/revisions"}],"predecessor-version":[{"id":3622,"href":"https:\/\/evertonfc.cz\/index.php\/wp-json\/wp\/v2\/posts\/3621\/revisions\/3622"}],"wp:featuredmedia":[{"embeddable":true,"href":"https:\/\/evertonfc.cz\/index.php\/wp-json\/wp\/v2\/media\/1315"}],"wp:attachment":[{"href":"https:\/\/evertonfc.cz\/index.php\/wp-json\/wp\/v2\/media?parent=3621"}],"wp:term":[{"taxonomy":"category","embeddable":true,"href":"https:\/\/evertonfc.cz\/index.php\/wp-json\/wp\/v2\/categories?post=3621"},{"taxonomy":"post_tag","embeddable":true,"href":"https:\/\/evertonfc.cz\/index.php\/wp-json\/wp\/v2\/tags?post=3621"}],"curies":[{"name":"wp","href":"https:\/\/api.w.org\/{rel}","templated":true}]}}