{"id":3623,"date":"2010-12-21T21:16:36","date_gmt":"2010-12-21T20:16:36","guid":{"rendered":"http:\/\/evertonfc.cz\/?p=3623"},"modified":"2019-02-11T21:18:37","modified_gmt":"2019-02-11T20:18:37","slug":"howard-vyhru-jsme-si-vybojovali","status":"publish","type":"post","link":"https:\/\/evertonfc.cz\/index.php\/2010\/12\/21\/howard-vyhru-jsme-si-vybojovali\/","title":{"rendered":"Howard: V\u00fdhru jsme si vybojovali"},"content":{"rendered":"<h4>Osmiz\u00e1pasov\u00e1 nev\u00fdhern\u00ed s\u00e9rie se nekon\u00e1. Na City of Manchester Stadium Everton vyhr\u00e1l u\u017e po\u010dtvrt\u00e9 v \u0159ad\u011b a za t\u0159i body m\u016f\u017ee vd\u011b\u010dit zejm\u00e9na obran\u011b v \u010dele s Timem Howardem.<\/h4>\n<p>P\u0159ed z\u00e1pasem bylo u mnoh\u00fdch jasno. Everton byl p\u0159edem odepisov\u00e1n, zat\u00edmco Manchester City u\u017e se vid\u011bl na samotn\u00e9m \u010dele tabulky. Jenom\u017ee do Manchesteru se dostavil odhodlan\u00fd a namotivovan\u00fd t\u00fdm. Blues vyu\u017eili svoje prakticky jedin\u00e9 dv\u011b \u0161ance, zat\u00edmco Citizens ve zbytku utk\u00e1n\u00ed jen bezmocn\u011b a ne\u00fasp\u011b\u0161n\u011b dol\u00e9hali na elastickou evertonskou ze\u010f.<\/p>\n<p>Toffees p\u0159itom museli dobrou p\u016flhodinu ust\u00e1t hru v deseti lidech, a to vinou dvou \u017elut\u00fdch karet Victora Anichebeho. Ani to ale Manchesteru City nepomohlo, Everton tak fand\u016fm nad\u011blil nejlep\u0161\u00edho p\u0159ed\u010dasn\u00e9ho Je\u017e\u00ed\u0161ka. Pod v\u00fdhrou a posunem na \u010dtrn\u00e1ctou p\u0159\u00ed\u010dku se krom cel\u00e9 defenzivn\u00ed \u010dinnosti mu\u017estva podepsal hlavn\u011b Tim Howard, jen\u017e pochytal v\u0161e, co bylo v jeho sil\u00e1ch. Za z\u00e1da pustil jen ne\u0161\u0165astn\u011b te\u010dovan\u00fd vlastn\u00ed g\u00f3l Phila Jagielky.<\/p>\n<p><em>\u201eB\u011bhem let jsme porazili hodn\u011b top t\u00fdm\u016f, ale tohle v\u00edt\u011bzstv\u00ed chutn\u00e1 skv\u011ble,\u201c\u00a0<\/em>\u0159\u00edk\u00e1 hrdina z\u00e1pasu.\u00a0<em>\u201ePo skon\u010den\u00ed jste mohli vid\u011bt, co to pro n\u00e1s znamen\u00e1. Byla to syrov\u00e1 reakce. Vych\u00e1zely z n\u00e1s \u010dist\u00e9 emoce, i potom v \u0161atn\u011b jsme si \u0159\u00edkali, \u017ee bylo a\u017e divn\u00e9, jak skv\u011bl\u00fd pocit to byl. Mo\u017en\u00e1 to bylo zimou, mo\u017en\u00e1 t\u00edm, \u017ee mohli j\u00edt na prvn\u00ed m\u00edsto, ale vid\u011bli jste, jak moc to pro n\u00e1s znamen\u00e1. U\u017e p\u0159edem ale mezi n\u00e1mi panovala dobr\u00e1 atmosf\u00e9ra. V\u011b\u0159ili jsme, proto\u017ee v posledn\u00edch letech jsme si odsud odvezli n\u011bkolik v\u00fdher.<\/em><\/p>\n<p><em>Zd\u00e1lo se, \u017ee p\u0159ede mnou pob\u00edh\u00e1 snad dvacet sv\u011btle modr\u00fdch dres\u016f. Pak jsme museli hr\u00e1t v deseti lidech a tlak se je\u0161t\u011b v\u00edce stup\u0148oval. Bylo to neuv\u011b\u0159iteln\u011b t\u011b\u017ek\u00e9. U\u017e tak maj\u00ed skv\u011bl\u00fd \u00fatok, tak\u017ee vylou\u010den\u00ed n\u00e1m to je\u0161t\u011b znep\u0159\u00edjemnilo. Pr\u00e1v\u011b to ale na konci z\u00e1pasu p\u0159idalo ten skv\u011bl\u00fd pocit. Byl to odhodlan\u00fd v\u00fdkon.\u201c<\/em><\/p>\n<p>Po nabit\u00e9ho v\u00e1no\u010dn\u00edho programu tak Everton vkro\u010dil nejl\u00e9pe, jak mohl. Z dal\u0161\u00edch t\u0159\u00ed z\u00e1pas\u016f proto bude zapot\u0159eb\u00ed vyt\u0159\u00edskat maximum. Hraje se v\u0161ak proti t\u00fdm\u016fm z druh\u00e9 poloviny tabulky, proti kter\u00fdm se Blues letos tr\u00e1p\u00ed. Na Boxing Day p\u0159ijede na Goodison Park Birmingham, o dva dny pozd\u011bji se jede na h\u0159i\u0161t\u011b posledn\u00edho West Hamu a na Nov\u00fd rok na Britannia Stadium.<\/p>\n<p><em>\u201ePokud se v\u00e1m p\u0159es V\u00e1noce da\u0159\u00ed, je to skv\u011bl\u00e1 \u0161ance jak z\u00edskat dost bod\u016f v kr\u00e1tk\u00e9m \u010dasov\u00e9m sledu. Netr\u00e9nuje se tolik, a m\u016f\u017eete se soust\u0159edit jen na devades\u00e1t minut a do dal\u0161\u00edho z\u00e1pasu j\u00edt \u010derstv\u00ed. Nechyb\u00ed n\u00e1m kvalita, co\u017e je d\u016fvod, pro\u010d jsou na\u0161e v\u00fdsledky tak nep\u0159\u00edjemn\u00e9. Dok\u00e1\u017eeme zabojovat, ale to si mus\u00edme p\u0159en\u00e9st do ka\u017ed\u00e9ho z\u00e1pasu.\u201c<\/em><\/p>\n<p>Spokojenost\u00ed po z\u00e1pase z\u00e1\u0159il i David Moyes. Znovu prok\u00e1zal, \u017ee proti Manchesteru City um\u00ed svoje mu\u017estvo dokonale p\u0159ipravit.<em> \u201eHr\u00e1\u010di uk\u00e1zali obrovskou v\u016fli a klub na n\u011b m\u016f\u017ee b\u00fdt hrd\u00fd. Vyhr\u00e1t zde bez Stevena Pienaara a Mikela Artety, dvou kl\u00ed\u010dov\u00fdch hr\u00e1\u010d\u016f, je fantastick\u00e9. Kluci vybojovali skv\u011bl\u00fd v\u00fdsledek. \u010cerven\u00e1 karta? Mysl\u00edm, \u017ee prvn\u00ed \u017elut\u00e1 byla trochu p\u0159\u00edsn\u00e1. Byli jsme pod tlakem, dokonce i v jeden\u00e1cti lidech, proto\u017ee hr\u00e1li l\u00e9pe, ne\u017e minulou sezonu. Byl to t\u011b\u017ek\u00fd z\u00e1pas a jsem nad\u0161en, \u017ee m\u00e1me t\u0159i body. Nen\u00ed to jen v\u00edt\u011bzstv\u00ed, porazili jsme t\u00fdm, kter\u00fd o\u010dek\u00e1v\u00e1, \u017ee se stane \u0161ampionem.\u201c<\/em><\/p>\n<p>P\u0159ed nadch\u00e1zej\u00edc\u00edm z\u00e1pasem bude nicm\u00e9n\u011b Moyes muset \u0159e\u0161it jednu nep\u0159\u00edjemnost. Kv\u016fli zran\u011bn\u00ed musel st\u0159\u00eddat Phil Jagielka a nen\u00ed jasn\u00e9, zda se pro duel s Birminghamem stihne uzdravit. N\u011bkolik t\u00fddn\u016f si nav\u00edc do m\u00ed\u010de kv\u016fli zran\u011bn\u00ed kolena nekopl ani zbyl\u00fd stoper John Heitinga.<\/p>\n<p><em>\u201eJags m\u00e1 trochu nata\u017een\u00fd stehenn\u00ed sval. Cel\u00fd t\u00fdden netr\u00e9noval a nebylo jasn\u00e9, zda v\u016fbec bude hr\u00e1t. Zvl\u00e1dl v\u011bt\u0161inu z\u00e1pasu, ale krom Johna Heitingy u\u017e jin\u00e9ho st\u0159edn\u00edho obr\u00e1nce nem\u00e1m, tak\u017ee mus\u00edm doufat, \u017ee do Boxing Day budou fit,\u201c\u00a0<\/em>dodal Moyes.<\/p>\n","protected":false},"excerpt":{"rendered":"<p>Osmiz\u00e1pasov\u00e1 nev\u00fdhern\u00ed s\u00e9rie se nekon\u00e1. Na City of Manchester Stadium Everton vyhr\u00e1l u\u017e po\u010dtvrt\u00e9 v \u0159ad\u011b a za t\u0159i body&hellip;<\/p>\n","protected":false},"author":7,"featured_media":1312,"comment_status":"open","ping_status":"closed","sticky":false,"template":"","format":"standard","meta":{"_eb_attr":"","_monsterinsights_skip_tracking":false,"_monsterinsights_sitenote_active":false,"_monsterinsights_sitenote_note":"","_monsterinsights_sitenote_category":0,"footnotes":""},"categories":[1],"tags":[],"yoast_head":"<!-- This site is optimized with the Yoast SEO plugin v23.4 - https:\/\/yoast.com\/wordpress\/plugins\/seo\/ -->\n<title>Howard: V\u00fdhru jsme si vybojovali - Official Czech &amp; Slovak Everton Supporters&#039; Club<\/title>\n<meta name=\"robots\" content=\"index, follow, max-snippet:-1, max-image-preview:large, max-video-preview:-1\" \/>\n<link rel=\"canonical\" href=\"https:\/\/evertonfc.cz\/index.php\/2010\/12\/21\/howard-vyhru-jsme-si-vybojovali\/\" \/>\n<meta property=\"og:locale\" content=\"cs_CZ\" \/>\n<meta property=\"og:type\" content=\"article\" \/>\n<meta property=\"og:title\" content=\"Howard: V\u00fdhru jsme si vybojovali - Official Czech &amp; Slovak Everton Supporters&#039; Club\" \/>\n<meta property=\"og:description\" content=\"Osmiz\u00e1pasov\u00e1 nev\u00fdhern\u00ed s\u00e9rie se nekon\u00e1. Na City of Manchester Stadium Everton vyhr\u00e1l u\u017e po\u010dtvrt\u00e9 v \u0159ad\u011b a za t\u0159i body&hellip;\" \/>\n<meta property=\"og:url\" content=\"https:\/\/evertonfc.cz\/index.php\/2010\/12\/21\/howard-vyhru-jsme-si-vybojovali\/\" \/>\n<meta property=\"og:site_name\" content=\"Official Czech &amp; Slovak Everton Supporters&#039; Club\" \/>\n<meta property=\"article:publisher\" content=\"https:\/\/www.facebook.com\/everton.fans.cz.sk\" \/>\n<meta property=\"article:published_time\" content=\"2010-12-21T20:16:36+00:00\" \/>\n<meta property=\"article:modified_time\" content=\"2019-02-11T20:18:37+00:00\" \/>\n<meta property=\"og:image\" content=\"https:\/\/evertonfc.cz\/wp-content\/uploads\/2019\/01\/interview.jpg\" \/>\n\t<meta property=\"og:image:width\" content=\"720\" \/>\n\t<meta property=\"og:image:height\" content=\"405\" \/>\n\t<meta property=\"og:image:type\" content=\"image\/jpeg\" \/>\n<meta name=\"author\" content=\"Me\u0148a\" \/>\n<meta name=\"twitter:card\" content=\"summary_large_image\" \/>\n<meta name=\"twitter:label1\" content=\"Napsal(a)\" \/>\n\t<meta name=\"twitter:data1\" content=\"Me\u0148a\" \/>\n\t<meta name=\"twitter:label2\" content=\"Odhadovan\u00e1 doba \u010dten\u00ed\" \/>\n\t<meta name=\"twitter:data2\" content=\"4 minuty\" \/>\n<script type=\"application\/ld+json\" class=\"yoast-schema-graph\">{\"@context\":\"https:\/\/schema.org\",\"@graph\":[{\"@type\":\"Article\",\"@id\":\"https:\/\/evertonfc.cz\/index.php\/2010\/12\/21\/howard-vyhru-jsme-si-vybojovali\/#article\",\"isPartOf\":{\"@id\":\"https:\/\/evertonfc.cz\/index.php\/2010\/12\/21\/howard-vyhru-jsme-si-vybojovali\/\"},\"author\":{\"name\":\"Me\u0148a\",\"@id\":\"https:\/\/evertonfc.cz\/#\/schema\/person\/cd6328a75577de2add7793fd4b0930c3\"},\"headline\":\"Howard: V\u00fdhru jsme si vybojovali\",\"datePublished\":\"2010-12-21T20:16:36+00:00\",\"dateModified\":\"2019-02-11T20:18:37+00:00\",\"mainEntityOfPage\":{\"@id\":\"https:\/\/evertonfc.cz\/index.php\/2010\/12\/21\/howard-vyhru-jsme-si-vybojovali\/\"},\"wordCount\":793,\"commentCount\":0,\"publisher\":{\"@id\":\"https:\/\/evertonfc.cz\/#organization\"},\"image\":{\"@id\":\"https:\/\/evertonfc.cz\/index.php\/2010\/12\/21\/howard-vyhru-jsme-si-vybojovali\/#primaryimage\"},\"thumbnailUrl\":\"https:\/\/evertonfc.cz\/wp-content\/uploads\/2019\/01\/interview.jpg\",\"articleSection\":[\"Rozhovory\"],\"inLanguage\":\"cs\",\"potentialAction\":[{\"@type\":\"CommentAction\",\"name\":\"Comment\",\"target\":[\"https:\/\/evertonfc.cz\/index.php\/2010\/12\/21\/howard-vyhru-jsme-si-vybojovali\/#respond\"]}]},{\"@type\":\"WebPage\",\"@id\":\"https:\/\/evertonfc.cz\/index.php\/2010\/12\/21\/howard-vyhru-jsme-si-vybojovali\/\",\"url\":\"https:\/\/evertonfc.cz\/index.php\/2010\/12\/21\/howard-vyhru-jsme-si-vybojovali\/\",\"name\":\"Howard: V\u00fdhru jsme si vybojovali - Official Czech &amp; Slovak Everton Supporters&#039; Club\",\"isPartOf\":{\"@id\":\"https:\/\/evertonfc.cz\/#website\"},\"primaryImageOfPage\":{\"@id\":\"https:\/\/evertonfc.cz\/index.php\/2010\/12\/21\/howard-vyhru-jsme-si-vybojovali\/#primaryimage\"},\"image\":{\"@id\":\"https:\/\/evertonfc.cz\/index.php\/2010\/12\/21\/howard-vyhru-jsme-si-vybojovali\/#primaryimage\"},\"thumbnailUrl\":\"https:\/\/evertonfc.cz\/wp-content\/uploads\/2019\/01\/interview.jpg\",\"datePublished\":\"2010-12-21T20:16:36+00:00\",\"dateModified\":\"2019-02-11T20:18:37+00:00\",\"breadcrumb\":{\"@id\":\"https:\/\/evertonfc.cz\/index.php\/2010\/12\/21\/howard-vyhru-jsme-si-vybojovali\/#breadcrumb\"},\"inLanguage\":\"cs\",\"potentialAction\":[{\"@type\":\"ReadAction\",\"target\":[\"https:\/\/evertonfc.cz\/index.php\/2010\/12\/21\/howard-vyhru-jsme-si-vybojovali\/\"]}]},{\"@type\":\"ImageObject\",\"inLanguage\":\"cs\",\"@id\":\"https:\/\/evertonfc.cz\/index.php\/2010\/12\/21\/howard-vyhru-jsme-si-vybojovali\/#primaryimage\",\"url\":\"https:\/\/evertonfc.cz\/wp-content\/uploads\/2019\/01\/interview.jpg\",\"contentUrl\":\"https:\/\/evertonfc.cz\/wp-content\/uploads\/2019\/01\/interview.jpg\",\"width\":720,\"height\":405},{\"@type\":\"BreadcrumbList\",\"@id\":\"https:\/\/evertonfc.cz\/index.php\/2010\/12\/21\/howard-vyhru-jsme-si-vybojovali\/#breadcrumb\",\"itemListElement\":[{\"@type\":\"ListItem\",\"position\":1,\"name\":\"Home\",\"item\":\"https:\/\/evertonfc.cz\/\"},{\"@type\":\"ListItem\",\"position\":2,\"name\":\"Howard: V\u00fdhru jsme si vybojovali\"}]},{\"@type\":\"WebSite\",\"@id\":\"https:\/\/evertonfc.cz\/#website\",\"url\":\"https:\/\/evertonfc.cz\/\",\"name\":\"Official Czech &amp; Slovak Everton Supporters&#039; Club\",\"description\":\"\",\"publisher\":{\"@id\":\"https:\/\/evertonfc.cz\/#organization\"},\"potentialAction\":[{\"@type\":\"SearchAction\",\"target\":{\"@type\":\"EntryPoint\",\"urlTemplate\":\"https:\/\/evertonfc.cz\/?s={search_term_string}\"},\"query-input\":{\"@type\":\"PropertyValueSpecification\",\"valueRequired\":true,\"valueName\":\"search_term_string\"}}],\"inLanguage\":\"cs\"},{\"@type\":\"Organization\",\"@id\":\"https:\/\/evertonfc.cz\/#organization\",\"name\":\"Official Czech & Slovak Everton Supporters' Club\",\"url\":\"https:\/\/evertonfc.cz\/\",\"logo\":{\"@type\":\"ImageObject\",\"inLanguage\":\"cs\",\"@id\":\"https:\/\/evertonfc.cz\/#\/schema\/logo\/image\/\",\"url\":\"https:\/\/evertonfc.cz\/wp-content\/uploads\/2019\/05\/logo.png\",\"contentUrl\":\"https:\/\/evertonfc.cz\/wp-content\/uploads\/2019\/05\/logo.png\",\"width\":112,\"height\":112,\"caption\":\"Official Czech & Slovak Everton Supporters' Club\"},\"image\":{\"@id\":\"https:\/\/evertonfc.cz\/#\/schema\/logo\/image\/\"},\"sameAs\":[\"https:\/\/www.facebook.com\/everton.fans.cz.sk\"]},{\"@type\":\"Person\",\"@id\":\"https:\/\/evertonfc.cz\/#\/schema\/person\/cd6328a75577de2add7793fd4b0930c3\",\"name\":\"Me\u0148a\",\"url\":\"https:\/\/evertonfc.cz\/index.php\/author\/mena\/\"}]}<\/script>\n<!-- \/ Yoast SEO plugin. -->","yoast_head_json":{"title":"Howard: V\u00fdhru jsme si vybojovali - Official Czech &amp; Slovak Everton Supporters&#039; Club","robots":{"index":"index","follow":"follow","max-snippet":"max-snippet:-1","max-image-preview":"max-image-preview:large","max-video-preview":"max-video-preview:-1"},"canonical":"https:\/\/evertonfc.cz\/index.php\/2010\/12\/21\/howard-vyhru-jsme-si-vybojovali\/","og_locale":"cs_CZ","og_type":"article","og_title":"Howard: V\u00fdhru jsme si vybojovali - Official Czech &amp; Slovak Everton Supporters&#039; Club","og_description":"Osmiz\u00e1pasov\u00e1 nev\u00fdhern\u00ed s\u00e9rie se nekon\u00e1. Na City of Manchester Stadium Everton vyhr\u00e1l u\u017e po\u010dtvrt\u00e9 v \u0159ad\u011b a za t\u0159i body&hellip;","og_url":"https:\/\/evertonfc.cz\/index.php\/2010\/12\/21\/howard-vyhru-jsme-si-vybojovali\/","og_site_name":"Official Czech &amp; Slovak Everton Supporters&#039; Club","article_publisher":"https:\/\/www.facebook.com\/everton.fans.cz.sk","article_published_time":"2010-12-21T20:16:36+00:00","article_modified_time":"2019-02-11T20:18:37+00:00","og_image":[{"width":720,"height":405,"url":"https:\/\/evertonfc.cz\/wp-content\/uploads\/2019\/01\/interview.jpg","type":"image\/jpeg"}],"author":"Me\u0148a","twitter_card":"summary_large_image","twitter_misc":{"Napsal(a)":"Me\u0148a","Odhadovan\u00e1 doba \u010dten\u00ed":"4 minuty"},"schema":{"@context":"https:\/\/schema.org","@graph":[{"@type":"Article","@id":"https:\/\/evertonfc.cz\/index.php\/2010\/12\/21\/howard-vyhru-jsme-si-vybojovali\/#article","isPartOf":{"@id":"https:\/\/evertonfc.cz\/index.php\/2010\/12\/21\/howard-vyhru-jsme-si-vybojovali\/"},"author":{"name":"Me\u0148a","@id":"https:\/\/evertonfc.cz\/#\/schema\/person\/cd6328a75577de2add7793fd4b0930c3"},"headline":"Howard: V\u00fdhru jsme si vybojovali","datePublished":"2010-12-21T20:16:36+00:00","dateModified":"2019-02-11T20:18:37+00:00","mainEntityOfPage":{"@id":"https:\/\/evertonfc.cz\/index.php\/2010\/12\/21\/howard-vyhru-jsme-si-vybojovali\/"},"wordCount":793,"commentCount":0,"publisher":{"@id":"https:\/\/evertonfc.cz\/#organization"},"image":{"@id":"https:\/\/evertonfc.cz\/index.php\/2010\/12\/21\/howard-vyhru-jsme-si-vybojovali\/#primaryimage"},"thumbnailUrl":"https:\/\/evertonfc.cz\/wp-content\/uploads\/2019\/01\/interview.jpg","articleSection":["Rozhovory"],"inLanguage":"cs","potentialAction":[{"@type":"CommentAction","name":"Comment","target":["https:\/\/evertonfc.cz\/index.php\/2010\/12\/21\/howard-vyhru-jsme-si-vybojovali\/#respond"]}]},{"@type":"WebPage","@id":"https:\/\/evertonfc.cz\/index.php\/2010\/12\/21\/howard-vyhru-jsme-si-vybojovali\/","url":"https:\/\/evertonfc.cz\/index.php\/2010\/12\/21\/howard-vyhru-jsme-si-vybojovali\/","name":"Howard: V\u00fdhru jsme si vybojovali - Official Czech &amp; Slovak Everton Supporters&#039; Club","isPartOf":{"@id":"https:\/\/evertonfc.cz\/#website"},"primaryImageOfPage":{"@id":"https:\/\/evertonfc.cz\/index.php\/2010\/12\/21\/howard-vyhru-jsme-si-vybojovali\/#primaryimage"},"image":{"@id":"https:\/\/evertonfc.cz\/index.php\/2010\/12\/21\/howard-vyhru-jsme-si-vybojovali\/#primaryimage"},"thumbnailUrl":"https:\/\/evertonfc.cz\/wp-content\/uploads\/2019\/01\/interview.jpg","datePublished":"2010-12-21T20:16:36+00:00","dateModified":"2019-02-11T20:18:37+00:00","breadcrumb":{"@id":"https:\/\/evertonfc.cz\/index.php\/2010\/12\/21\/howard-vyhru-jsme-si-vybojovali\/#breadcrumb"},"inLanguage":"cs","potentialAction":[{"@type":"ReadAction","target":["https:\/\/evertonfc.cz\/index.php\/2010\/12\/21\/howard-vyhru-jsme-si-vybojovali\/"]}]},{"@type":"ImageObject","inLanguage":"cs","@id":"https:\/\/evertonfc.cz\/index.php\/2010\/12\/21\/howard-vyhru-jsme-si-vybojovali\/#primaryimage","url":"https:\/\/evertonfc.cz\/wp-content\/uploads\/2019\/01\/interview.jpg","contentUrl":"https:\/\/evertonfc.cz\/wp-content\/uploads\/2019\/01\/interview.jpg","width":720,"height":405},{"@type":"BreadcrumbList","@id":"https:\/\/evertonfc.cz\/index.php\/2010\/12\/21\/howard-vyhru-jsme-si-vybojovali\/#breadcrumb","itemListElement":[{"@type":"ListItem","position":1,"name":"Home","item":"https:\/\/evertonfc.cz\/"},{"@type":"ListItem","position":2,"name":"Howard: V\u00fdhru jsme si vybojovali"}]},{"@type":"WebSite","@id":"https:\/\/evertonfc.cz\/#website","url":"https:\/\/evertonfc.cz\/","name":"Official Czech &amp; Slovak Everton Supporters&#039; Club","description":"","publisher":{"@id":"https:\/\/evertonfc.cz\/#organization"},"potentialAction":[{"@type":"SearchAction","target":{"@type":"EntryPoint","urlTemplate":"https:\/\/evertonfc.cz\/?s={search_term_string}"},"query-input":{"@type":"PropertyValueSpecification","valueRequired":true,"valueName":"search_term_string"}}],"inLanguage":"cs"},{"@type":"Organization","@id":"https:\/\/evertonfc.cz\/#organization","name":"Official Czech & Slovak Everton Supporters' Club","url":"https:\/\/evertonfc.cz\/","logo":{"@type":"ImageObject","inLanguage":"cs","@id":"https:\/\/evertonfc.cz\/#\/schema\/logo\/image\/","url":"https:\/\/evertonfc.cz\/wp-content\/uploads\/2019\/05\/logo.png","contentUrl":"https:\/\/evertonfc.cz\/wp-content\/uploads\/2019\/05\/logo.png","width":112,"height":112,"caption":"Official Czech & Slovak Everton Supporters' Club"},"image":{"@id":"https:\/\/evertonfc.cz\/#\/schema\/logo\/image\/"},"sameAs":["https:\/\/www.facebook.com\/everton.fans.cz.sk"]},{"@type":"Person","@id":"https:\/\/evertonfc.cz\/#\/schema\/person\/cd6328a75577de2add7793fd4b0930c3","name":"Me\u0148a","url":"https:\/\/evertonfc.cz\/index.php\/author\/mena\/"}]}},"_links":{"self":[{"href":"https:\/\/evertonfc.cz\/index.php\/wp-json\/wp\/v2\/posts\/3623"}],"collection":[{"href":"https:\/\/evertonfc.cz\/index.php\/wp-json\/wp\/v2\/posts"}],"about":[{"href":"https:\/\/evertonfc.cz\/index.php\/wp-json\/wp\/v2\/types\/post"}],"author":[{"embeddable":true,"href":"https:\/\/evertonfc.cz\/index.php\/wp-json\/wp\/v2\/users\/7"}],"replies":[{"embeddable":true,"href":"https:\/\/evertonfc.cz\/index.php\/wp-json\/wp\/v2\/comments?post=3623"}],"version-history":[{"count":1,"href":"https:\/\/evertonfc.cz\/index.php\/wp-json\/wp\/v2\/posts\/3623\/revisions"}],"predecessor-version":[{"id":3624,"href":"https:\/\/evertonfc.cz\/index.php\/wp-json\/wp\/v2\/posts\/3623\/revisions\/3624"}],"wp:featuredmedia":[{"embeddable":true,"href":"https:\/\/evertonfc.cz\/index.php\/wp-json\/wp\/v2\/media\/1312"}],"wp:attachment":[{"href":"https:\/\/evertonfc.cz\/index.php\/wp-json\/wp\/v2\/media?parent=3623"}],"wp:term":[{"taxonomy":"category","embeddable":true,"href":"https:\/\/evertonfc.cz\/index.php\/wp-json\/wp\/v2\/categories?post=3623"},{"taxonomy":"post_tag","embeddable":true,"href":"https:\/\/evertonfc.cz\/index.php\/wp-json\/wp\/v2\/tags?post=3623"}],"curies":[{"name":"wp","href":"https:\/\/api.w.org\/{rel}","templated":true}]}}