{"id":3627,"date":"2010-12-24T21:22:00","date_gmt":"2010-12-24T20:22:00","guid":{"rendered":"http:\/\/evertonfc.cz\/?p=3627"},"modified":"2019-02-11T21:25:45","modified_gmt":"2019-02-11T20:25:45","slug":"preview-everton-birmingham-city","status":"publish","type":"post","link":"https:\/\/evertonfc.cz\/index.php\/2010\/12\/24\/preview-everton-birmingham-city\/","title":{"rendered":"Preview: Everton &#8211; Birmingham City"},"content":{"rendered":"<h4>Druh\u00fd sv\u00e1tek v\u00e1no\u010dn\u00ed pat\u0159\u00ed krom veselen\u00ed tradi\u010dn\u011b i fotbalu. Po del\u0161\u00ed dob\u011b bude Everton na Boxing Day hr\u00e1t doma a vyzve birminghamsk\u00e9 Blues.<\/h4>\n<p>Co v\u016fbec m\u016f\u017ee sv\u00e1te\u010dn\u011b nalad\u011bn\u00fd Goodison Park v ned\u011bli o\u010dek\u00e1vat? P\u0159irozen\u00fdm c\u00edlem je doufejme po del\u0161\u00ed dob\u011b pohodln\u00e9, bez v\u011bt\u0161\u00ed n\u00e1mahy a nerv\u016f dosa\u017een\u00e9 v\u00edt\u011bzstv\u00ed. Birmingham\u0161t\u00ed ale v\u017edy um\u011bli sv\u00fdm soupe\u0159\u016fm z\u00e1pas na maxim\u00e1ln\u00ed m\u00edru znep\u0159\u00edjemnit. Najde tak Everton na nekompromisn\u00ed defenzivu Birminghamu recept?<\/p>\n<p>S ohledem na p\u0159edchoz\u00ed utk\u00e1n\u00ed lze s jistotou \u0159\u00edct, \u017ee v sil\u00e1ch Toffees to rozhodn\u011b je. P\u0159esto\u017ee z modr\u00e9 poloviny Manchesteru si Everton pravideln\u011b odv\u00e1\u017e\u00ed pln\u00fd bodov\u00fd zisk, v\u00fdhra v sou\u010dasn\u00e9 hern\u00ed situaci se rovnala mal\u00e9mu z\u00e1zraku. Ale zapla\u0165p\u00e1nb\u016fh, stalo se. Na City of Manchester Stadium p\u0159ijel Everton s pl\u00e1nem, a ten do punt\u00edku vy\u0161el. Blues v g\u00f3ly p\u0159etavili svoje jedin\u00e9 dv\u011b \u0161ance, co\u017e ost\u0159e kontrstuje s kvantem p\u0159edchoz\u00edch utk\u00e1n\u00ed a ve zb\u00fdvaj\u00edc\u00edm \u010dase doslova a do p\u00edsmene vyd\u0159eli nesm\u00edrn\u011b cennou a povzbuzuj\u00edc\u00ed v\u00fdhru. Nejdel\u0161\u00ed nev\u00fdhern\u00ed s\u00e9rie Evertonu pod hlavi\u010dkou Premier League, tak byla za\u017eehn\u00e1na za p\u011bt minut dvan\u00e1ct.<\/p>\n<p>Pokud ov\u0161em proti Citizens hr\u00e1la \u00fast\u0159edn\u00ed roli pevn\u00e1 obrana, kter\u00e1 a\u017e na drobn\u00e9 v\u00fdjimky letos Evertonu pot\u00ed\u017ee ne\u010din\u00ed, proti celku z druh\u00e9ho nejv\u011bt\u0161\u00edho m\u011bsta Spojen\u00e9ho kr\u00e1lovstv\u00ed, bude le\u017eet zodpov\u011bdnost hlavn\u011b na f\u00e1zi ofenzivn\u00ed. A v\u0161ichni v\u00edme, \u017ee k\u00e1men \u00farazu v\u011bz\u00ed pr\u00e1v\u011b zde. Nen\u00ed tak slo\u017eit\u00e9 si odvodit, \u017ee proti koncentrovan\u00e9 obran\u011b Birminghamu budou muset Toffees nahodit nejvy\u0161\u0161\u00ed ot\u00e1\u010dky. Druh\u00e1 v\u00fdhra za sebou a dal\u0161\u00ed st\u00e1hnut\u00ed bodov\u00e9ho manka v\u011bru nen\u00ed v\u016fbec \u0161patnou vyhl\u00eddkou.<\/p>\n<p>V honb\u011b za t\u0159emi body bude u\u017e bude Blues vypom\u00e1hat Mikel Arteta. Z\u00e1lo\u017en\u00edk m\u00e1 za sebou m\u011bs\u00ed\u010dn\u00ed &#8222;dovolenou&#8220;, zp\u016fsobenou \u010dervenou kartou v z\u00e1pase proti West Bromu.\u00a0<em>\u201eJe skv\u011bl\u00e9 b\u00fdt zp\u00e1tky, nem\u016f\u017eu se do\u010dkat, a\u017e budu hr\u00e1t,\u201c<\/em>\u00a0\u0159\u00edk\u00e1 netrp\u011bliv\u011b.\u00a0<em>\u201eProti City jsme m\u011bli \u0161t\u011bst\u00ed, kter\u00e9 n\u00e1m chyb\u011blo v jin\u00fdch z\u00e1pasech a nakonec jsme vyhr\u00e1li. N\u011bkte\u0159\u00ed o\u010dek\u00e1vali, \u017ee Everton prohraje, ale oni na\u0161t\u011bst\u00ed neprom\u011bnili svoje \u0161ance. My jsme naopak m\u011bli dv\u011b a byly z toho g\u00f3ly, co\u017e je oproti\u00a0 minul\u00fdm z\u00e1pas\u016fm velk\u00fd rozd\u00edl. Birmingham moc branek nedost\u00e1v\u00e1, jsou v obran\u011b dob\u0159e organizovan\u00ed. Na jejich h\u0159i\u0161ti jsme vyhr\u00e1li, ale v\u00edme, \u017ee to bude t\u011b\u017ek\u00e9 a pokud neprom\u011bn\u00edme \u0161ance, m\u016f\u017ee to b\u00fdt dlouh\u00e9 odpoledne,\u201c<\/em>\u00a0analyzuje Arteta.<em>\u00a0\u201eBr\u00e1n\u00ed t\u011bsn\u011b a ned\u00e1vaj\u00ed nikomu moc prostoru. Doufejme, \u017ee se dok\u00e1\u017eeme po\u0159\u00e1dn\u011b p\u0159ipravit.\u201c<\/em><\/p>\n<p>Birmingham se od posledn\u00edho vz\u00e1jemn\u00e9ho st\u0159etnut\u00ed neposunul prakticky \u017e\u00e1dn\u00fdm sm\u011brem. P\u0159\u00ed\u010dky, ze kter\u00fdch lze p\u0159i nep\u0159\u00edzniv\u00e9 konstelaci hv\u011bzd snadno spadnout o sout\u011b\u017e n\u00ed\u017e, koneckonc\u016f Blues okupuj\u00ed po cel\u00fd dosavadn\u00ed pr\u016fb\u011bh sezony. Na St. Andrews tak musej\u00ed jenom s nostalgi\u00ed vzpom\u00ednat, kde \u017ee to lo\u0148sk\u00e9 sn\u011bhy jsou. Touto dobou se mu\u017estvo Alexe McLeishe pohybovalo na dost\u0159el poh\u00e1r\u016f. Se syndromem druh\u00e9 sezony si tak, jak se zd\u00e1, zat\u00edm v Black Country nev\u011bd\u00ed rady.<\/p>\n<p>Naposled se mohli Brums nakopnout proti rivalovi z Wolverhamptonu, jen\u017e je na tom je\u0161t\u011b o n\u011bco h\u016f\u0159. Nemohoucnost ale Birmingham podtrhl prohrou 0-1. B\u00eddn\u00e1 forma birminghamsk\u00fdch tak nab\u00edr\u00e1 nep\u0159\u00edjemn\u00fdch proporc\u00ed, v\u017edy\u0165 z posledn\u00edch osmi utk\u00e1n\u00ed Blues vyhr\u00e1li jedinkr\u00e1t, to si ale do\u0161l\u00e1pli dokonce na Chelsea. Venkovn\u00ed forma celku z Midlands je pak kapitolou samu pro sebe. V leto\u0161n\u00ed sezon\u011b v\u00fdhru na ciz\u00edm tr\u00e1vn\u00edku je\u0161t\u011b Brums neochutnali; posledn\u011b odj\u00ed\u017ed\u011bli se t\u0159emi body v b\u0159eznu z beznad\u011bjn\u00e9ho Portsmouthu.<\/p>\n<p>Modrou polovinu Birminghamu nav\u00edc v nelehk\u00e9m obdob\u00ed \u010dek\u00e1 extr\u00e9mn\u011b nabit\u00fd kalend\u00e1\u0159. Krom v\u00e1no\u010dn\u00edho programu\u00a0 vstoup\u00ed Blues samoz\u0159ejm\u011b i do FA Cupu, ale pak p\u0159ich\u00e1z\u00ed na \u0159adu je\u0161t\u011b semifin\u00e1le Ligov\u00e9ho poh\u00e1ru, hran\u00e9 na dva z\u00e1pasy.\u00a0<em>\u201eJe to intenzivn\u00ed obdob\u00ed a hodn\u011b utk\u00e1n\u00ed v kr\u00e1tk\u00e9m \u010dase. Od sv\u00fdch hr\u00e1\u010d\u016f budu po\u017eadovat hodn\u011b,\u201c<\/em>\u00a0tvrd\u00ed Alex McLeish.<em>\u00a0\u201eM\u00e1me dost hr\u00e1\u010d\u016f, ale jestli je mu\u017estvo dost siln\u00e9 se teprve uvid\u00ed. Nen\u00ed pochyb o tom, \u017ee mus\u00edme za\u010d\u00edt sb\u00edrat body, zvl\u00e1\u0161t\u011b v tomhle \u010dase. Te\u010f mus\u00edme jet na Goodison Park a sna\u017eit se o to stejn\u00e9, co se povedlo jim proti Manchesteru City. Pro n\u00e1s o\u010dek\u00e1v\u00e1n\u00ed nejsou tak velk\u00e1, jako pro Everton,\u201c<\/em>\u00a0odhaluje Skot.<\/p>\n<p>Posledn\u011b se oba t\u00fdmy potkaly za\u010d\u00e1tkem \u0159\u00edjna. Everton jako jedin\u00fd ligov\u00fd t\u00fdm bez v\u00fdhry poprv\u00e9 zabral pr\u00e1v\u011b na St. Andrews a odvezl si v\u00fdhru 2-0. Na posledn\u00ed n\u00e1v\u0161t\u011bvu Goodisonu v\u0161ak r\u00e1di vzpom\u00ednaj\u00ed fandov\u00e9 Birminghamu. V lednov\u00e9m \u010dtvrt\u00e9m kole FA Cupu zv\u00edt\u011bzili 2-1. Rem\u00edza 1-1 se pak zrodila o m\u011bs\u00edc d\u0159\u00edve v lize. Stejn\u00fdm v\u00fdsledkem potom dopadl i lo\u0148sk\u00fd Boxing Day, tehdy Everton remizoval na Stadium of Light.<\/p>\n<h4><strong>Historie soupe\u0159e<\/strong><\/h4>\n<p>Klub zalo\u017eila pod p\u016fvodn\u00edm n\u00e1zvem Small Heath Alliance v roce 1875\u00a0parti\u010dka hr\u00e1\u010d\u016f kriketu. Profesion\u00e1ln\u00ed\u00a0status Blues z\u00edskali o deset let pozd\u011bji. Roku 1892\u00a0se p\u0159idali k zakl\u00e1daj\u00edc\u00edm \u010dlen\u016fm Football League\u00a0Second Divison, a \u010derstv\u011b vyhl\u00e1\u0161enou sout\u011b\u017e ve stejn\u00e9m roce tak\u00e9 vyhr\u00e1li.\u00a0Rokem 1905 p\u0159i\u0161la nov\u00e1 \u00e9ra klubu, je\u017e svoje jm\u00e9no p\u0159ejmenoval na Birmingham FC, a p\u0159est\u011bhoval se na sv\u016fj sou\u010dasn\u00fd domov &#8211; St. Andrews Stadium, je\u017e se dnes chlub\u00ed kapacitou lehce p\u0159es 30,000 div\u00e1k\u016f.<\/p>\n<p>Nen\u00ed\u00a0p\u0159ekvapuj\u00edc\u00ed, \u017ee Birmingham str\u00e1vil drtivou v\u011bt\u0161inu sv\u00e9 existence pravideln\u00fdm st\u0159\u00edd\u00e1n\u00edm nejvy\u0161\u0161\u00ed a druh\u00e9 nejvy\u0161\u0161\u00ed sout\u011b\u017ee. V Second Division klub tak\u00e9 z\u00edskal sv\u00e9 jedin\u00e9 mistrovsk\u00e9 tituly &#8211; druhou ligu ovl\u00e1dnul v letech 1893, 1921, 1948 a 1955. Nejv\u011bt\u0161\u00ed poh\u00e1rov\u00fd \u00fasp\u011bch naproti tomu p\u0159i\u0161el v roce 1963, kdy Blues z\u00edskali Ligov\u00fd poh\u00e1r. V\u00edt\u011bzstv\u00ed bylo pro Brums o to slad\u0161\u00ed, \u017ee ve fin\u00e1le se p\u0159ed\u00a0nimi musela sklonit Aston Villa, nen\u00e1vid\u011bn\u00fd\u00a0m\u011bstsk\u00fd rival.<\/p>\n<p>Chu\u0165 Premier League Birmingham prvn\u011b ochutnal rokem 2002. V p\u0159edchoz\u00edch t\u0159ech sez\u00f3n\u00e1ch se poka\u017ed\u00e9 probojoval do play-off,\u00a0ve v\u0161ech p\u0159\u00edpadech\u00a0v\u0161ak ztroskotal p\u0159ed vytou\u017eenou br\u00e1nou. Napo\u010dtvrt\u00e9 to klubu, ji\u017e veden\u00e9mu Stevem Brucem vy\u0161lo, a pam\u011btihodnou se stala i\u00a0n\u00e1sleduj\u00edc\u00ed prvoligov\u00e1 sezona. Brums se um\u00edstili na 13. pozici, a za sebou nechali i Aston Villu. Po dal\u0161\u00ed poklidn\u00e9 sezon\u011b 2004\/05 se ov\u0161em\u00a0 znovu museli sm\u00ed\u0159it se sestupem.<\/p>\n<p>Zp\u011bt se klub vy\u0161kr\u00e1bal v roce 2007, kdy si p\u0159\u00edm\u00fd postup zajistil druhou p\u0159\u00ed\u010dkou v Championship. Mezi elitou v\u0161ak Brums pobyli jen rok, to u\u017e v\u0161ak byl u\u00a0klubov\u00e9ho kormidla zdatn\u00fd kapit\u00e1n Alex McLeish, je\u017e Birmingham dovedl k dal\u0161\u00edmu pohodln\u00e9mu postupu, a kter\u00fd se sv\u00fdmi sv\u011b\u0159enci\u00a0vodami Premiership proplul nadm\u00edru \u00fasp\u011b\u0161n\u011b &#8211; na St. Andrews se slavila ne\u010dekan\u00e1 9. p\u0159\u00ed\u010dka.<\/p>\n<h4><strong>Z\u00e1pasov\u00e1 fakta<\/strong><\/h4>\n<p>V historii spole\u010dn\u00fdch z\u00e1pas\u016f obou klub\u016f kter\u00e9 v\u00ed, \u017ee modr\u00e1 je prost\u011b dobr\u00e1, vedou liverpool\u0161t\u00ed Blues. Ze 122 utk\u00e1n\u00ed jich vyhr\u00e1li 61. Na Goodison Parku se pak Birminghamu obzvl\u00e1\u0161\u0165 neda\u0159\u00ed. Krom zm\u00edn\u011bn\u00e9ho poh\u00e1rov\u00e9 v\u00edt\u011bzstv\u00ed v minul\u00e9 sezon\u011b, si z Grand Old Lady odvezl jen p\u011bt ligov\u00fdch v\u00fdher. To posledn\u00ed se vztahuje k listopadu 1957.<\/p>\n<p>Od zalo\u017een\u00ed Premier League v\u0161ak Toffees zv\u00edt\u011bzili pouze ve dvou dom\u00e1c\u00edch z\u00e1pasech proti Birminghamu. Hned \u010dty\u0159i duely potom skon\u010dily nerozhodn\u011b. Jedin\u00fd triumf Brums ve t\u0159in\u00e1cti dosavadn\u00edch utk\u00e1n\u00edch Premier League p\u0159i\u0161el v \u00fanoru 2004. Tehdy na sv\u00e9 p\u016fd\u011b Everton p\u0159ejeli 3-0.<\/p>\n<h4><strong>Everton<\/strong><\/h4>\n<p>Dom\u00e1c\u00ed form\u011b Toffees sch\u00e1z\u00ed do ide\u00e1ln\u00edch rozm\u011br\u016f daleko. Z posledn\u00edch dev\u00edti z\u00e1pas\u016f dok\u00e1zali Blues pln\u011b bodovat pouze dvakr\u00e1t, p\u0159i\u010dem\u017e jde o jedin\u00e9 dv\u011b dom\u00e1c\u00ed v\u00fdhry v sezon\u011b a o rovnou polovinu v\u0161ech leto\u0161n\u00edch v\u00fdher. Krom toho se Everton zmohl na \u010dty\u0159i rem\u00edzy a t\u0159i prohry. Je tak nab\u00edledni, \u017ee ani g\u00f3lov\u00e9 radosti si Goodison moc neu\u017eil; p\u0159ed dom\u00e1c\u00edm publikem padlo zat\u00edm jen 10 g\u00f3l\u016f &#8211; v pr\u016fm\u011bru jeden g\u00f3l na z\u00e1pas. Co se samotn\u00e9ho Boxing Day t\u00fd\u010de, v posledn\u00edch \u010dty\u0159ech letech v n\u011bm Everton nem\u00e1 \u0161patnou bilanci. B\u011bhem sv\u00e1te\u010dn\u00edho kola inkasoval jedin\u00fd g\u00f3l, dvakr\u00e1t zv\u00edt\u011bzil a dvakr\u00e1t remizoval.<\/p>\n<h4><strong>Birmingham City<\/strong><\/h4>\n<p>Doposud \u017e\u00e1dn\u00e1 venkovn\u00ed v\u00edt\u011bzstv\u00ed, to\u0165 vizitka Blues. Jejich dev\u011bt leto\u0161n\u00edch v\u00fdjezd\u016f skon\u010dilo \u010dty\u0159mi prohrami a p\u011bti rem\u00edzami, p\u0159i\u010dem\u017e a\u017e na jedinou v\u00fdjimku \u0161lo poka\u017ed\u00e9 o prohry s rozd\u00edlem jednoho g\u00f3lu. Z kontextu patn\u00e1cti posledn\u00edch v\u00fdjezd\u016f pak dojdeme pouze ke dv\u011bma v\u00fdhr\u00e1m. Na Boxing Day ov\u0161em Brums um\u00ed. V \u0161esti prvoligov\u00fdch z\u00e1pasech prohr\u00e1li 26. prosince pouze jednou.<\/p>\n<h4><strong>Vz\u00e1jemn\u00e1 bilance<\/strong><\/h4>\n<ul>\n<li>Celkov\u011b:\u00a0\u00a0\u00a0\u00a0\u00a0\u00a0\u00a0\u00a0\u00a0\u00a0\u00a0\u00a0\u00a0\u00a0\u00a0\u00a0\u00a0 61-35-26<\/li>\n<li>Na Goodison Parku:\u00a0 38-16-7<\/li>\n<li>V Premier League:\u00a0\u00a0\u00a0\u00a0 5-7-1<\/li>\n<\/ul>\n<h4><strong>Absence<\/strong><\/h4>\n<p>St\u0159ed obrany. P\u0159esn\u011b tam Evertonu sch\u00e1z\u00ed ruce a nohy. Chyb\u011bt bude s nejv\u011bt\u0161\u00ed pravd\u011bpodobnost\u00ed Phil Jagielka, jen\u017e m\u00e1 nata\u017een\u00fd stehenn\u00ed sval, a p\u0159\u00edli\u0161 brzy je i pro Johna Heitingu, marod\u00edc\u00edho s kolenem. Nejisto je pak okolo Stevena Pienaara a jeho t\u0159\u00edsel. Jednoz\u00e1pasov\u00fd trest si bude odpyk\u00e1vat Victor Anichebe, distanc naopak vypr\u0161el Mikelu Artetovi.<\/p>\n<p>Birmingham mo\u017en\u00e1 p\u0159iv\u00edt\u00e1 zp\u011bt Alexandra Hleba, jen\u017e vynechal n\u011bkolik z\u00e1pas\u016f kv\u016fli zran\u011bn\u00e9mu podkolenn\u00edmu svalu. Ch\u0159ipku dol\u00e9\u010dil Liam Ridgewell a b\u00fdval\u00fd Evertonian James McFadden marod\u00ed s kolenem.<\/p>\n<p><strong>Everton:<\/strong> Howard, Hibbert, Neville, Jagielka (?), Distin, Heitinga (?), Baines, Coleman, Fellaini, Rodwell, Cahill, Arteta, Osman, Pienaar, Bilyaletdinov, Saha, Beckford, Yakubu, Gueye<\/p>\n<p><strong>Everton:\u00a0<\/strong>Foster, Taylor, Carr, Johnson, Dann, Ridgewell, Gardner, Ferguson, Beausejour, Murphy, Bowyer, Larsson, Michel, Jir\u00e1nek, Fahey, Zigi\u0107, Jerome, Derbyshire<\/p>\n<ul>\n<li style=\"list-style-type: none\">\n<ul>\n<li><strong>Kdy:\u00a0<\/strong>26.12. 16:00 SE\u010c<strong><br \/>\n<\/strong><\/li>\n<li><strong>Kde:\u00a0<\/strong>Goodison Park<strong><br \/>\n<\/strong><\/li>\n<li><strong>Rozhod\u010d\u00ed:<\/strong>\u00a0Anthony Taylor<\/li>\n<\/ul>\n<\/li>\n<\/ul>\n<p>&lt;\/ul<\/p>\n","protected":false},"excerpt":{"rendered":"<p>Druh\u00fd sv\u00e1tek v\u00e1no\u010dn\u00ed pat\u0159\u00ed krom veselen\u00ed tradi\u010dn\u011b i fotbalu. Po del\u0161\u00ed dob\u011b bude Everton na Boxing Day hr\u00e1t doma a&hellip;<\/p>\n","protected":false},"author":7,"featured_media":1314,"comment_status":"open","ping_status":"closed","sticky":false,"template":"","format":"standard","meta":{"_eb_attr":"","_monsterinsights_skip_tracking":false,"_monsterinsights_sitenote_active":false,"_monsterinsights_sitenote_note":"","_monsterinsights_sitenote_category":0,"footnotes":""},"categories":[4],"tags":[],"yoast_head":"<!-- This site is optimized with the Yoast SEO plugin v23.4 - https:\/\/yoast.com\/wordpress\/plugins\/seo\/ -->\n<title>Preview: Everton - Birmingham City - Official Czech &amp; Slovak Everton Supporters&#039; Club<\/title>\n<meta name=\"robots\" content=\"index, follow, max-snippet:-1, max-image-preview:large, max-video-preview:-1\" \/>\n<link rel=\"canonical\" href=\"https:\/\/evertonfc.cz\/index.php\/2010\/12\/24\/preview-everton-birmingham-city\/\" \/>\n<meta property=\"og:locale\" content=\"cs_CZ\" \/>\n<meta property=\"og:type\" content=\"article\" \/>\n<meta property=\"og:title\" content=\"Preview: Everton - Birmingham City - Official Czech &amp; Slovak Everton Supporters&#039; Club\" \/>\n<meta property=\"og:description\" content=\"Druh\u00fd sv\u00e1tek v\u00e1no\u010dn\u00ed pat\u0159\u00ed krom veselen\u00ed tradi\u010dn\u011b i fotbalu. Po del\u0161\u00ed dob\u011b bude Everton na Boxing Day hr\u00e1t doma a&hellip;\" \/>\n<meta property=\"og:url\" content=\"https:\/\/evertonfc.cz\/index.php\/2010\/12\/24\/preview-everton-birmingham-city\/\" \/>\n<meta property=\"og:site_name\" content=\"Official Czech &amp; Slovak Everton Supporters&#039; Club\" \/>\n<meta property=\"article:publisher\" content=\"https:\/\/www.facebook.com\/everton.fans.cz.sk\" \/>\n<meta property=\"article:published_time\" content=\"2010-12-24T20:22:00+00:00\" \/>\n<meta property=\"article:modified_time\" content=\"2019-02-11T20:25:45+00:00\" \/>\n<meta property=\"og:image\" content=\"https:\/\/evertonfc.cz\/wp-content\/uploads\/2019\/01\/preview.jpg\" \/>\n\t<meta property=\"og:image:width\" content=\"720\" \/>\n\t<meta property=\"og:image:height\" content=\"405\" \/>\n\t<meta property=\"og:image:type\" content=\"image\/jpeg\" \/>\n<meta name=\"author\" content=\"Me\u0148a\" \/>\n<meta name=\"twitter:card\" content=\"summary_large_image\" \/>\n<meta name=\"twitter:label1\" content=\"Napsal(a)\" \/>\n\t<meta name=\"twitter:data1\" content=\"Me\u0148a\" \/>\n\t<meta name=\"twitter:label2\" content=\"Odhadovan\u00e1 doba \u010dten\u00ed\" \/>\n\t<meta name=\"twitter:data2\" content=\"9 minut\" \/>\n<script type=\"application\/ld+json\" class=\"yoast-schema-graph\">{\"@context\":\"https:\/\/schema.org\",\"@graph\":[{\"@type\":\"Article\",\"@id\":\"https:\/\/evertonfc.cz\/index.php\/2010\/12\/24\/preview-everton-birmingham-city\/#article\",\"isPartOf\":{\"@id\":\"https:\/\/evertonfc.cz\/index.php\/2010\/12\/24\/preview-everton-birmingham-city\/\"},\"author\":{\"name\":\"Me\u0148a\",\"@id\":\"https:\/\/evertonfc.cz\/#\/schema\/person\/cd6328a75577de2add7793fd4b0930c3\"},\"headline\":\"Preview: Everton &#8211; Birmingham City\",\"datePublished\":\"2010-12-24T20:22:00+00:00\",\"dateModified\":\"2019-02-11T20:25:45+00:00\",\"mainEntityOfPage\":{\"@id\":\"https:\/\/evertonfc.cz\/index.php\/2010\/12\/24\/preview-everton-birmingham-city\/\"},\"wordCount\":1816,\"commentCount\":0,\"publisher\":{\"@id\":\"https:\/\/evertonfc.cz\/#organization\"},\"image\":{\"@id\":\"https:\/\/evertonfc.cz\/index.php\/2010\/12\/24\/preview-everton-birmingham-city\/#primaryimage\"},\"thumbnailUrl\":\"https:\/\/evertonfc.cz\/wp-content\/uploads\/2019\/01\/preview.jpg\",\"articleSection\":[\"Z\u00e1pasy\"],\"inLanguage\":\"cs\",\"potentialAction\":[{\"@type\":\"CommentAction\",\"name\":\"Comment\",\"target\":[\"https:\/\/evertonfc.cz\/index.php\/2010\/12\/24\/preview-everton-birmingham-city\/#respond\"]}]},{\"@type\":\"WebPage\",\"@id\":\"https:\/\/evertonfc.cz\/index.php\/2010\/12\/24\/preview-everton-birmingham-city\/\",\"url\":\"https:\/\/evertonfc.cz\/index.php\/2010\/12\/24\/preview-everton-birmingham-city\/\",\"name\":\"Preview: Everton - Birmingham City - Official Czech &amp; Slovak Everton Supporters&#039; Club\",\"isPartOf\":{\"@id\":\"https:\/\/evertonfc.cz\/#website\"},\"primaryImageOfPage\":{\"@id\":\"https:\/\/evertonfc.cz\/index.php\/2010\/12\/24\/preview-everton-birmingham-city\/#primaryimage\"},\"image\":{\"@id\":\"https:\/\/evertonfc.cz\/index.php\/2010\/12\/24\/preview-everton-birmingham-city\/#primaryimage\"},\"thumbnailUrl\":\"https:\/\/evertonfc.cz\/wp-content\/uploads\/2019\/01\/preview.jpg\",\"datePublished\":\"2010-12-24T20:22:00+00:00\",\"dateModified\":\"2019-02-11T20:25:45+00:00\",\"breadcrumb\":{\"@id\":\"https:\/\/evertonfc.cz\/index.php\/2010\/12\/24\/preview-everton-birmingham-city\/#breadcrumb\"},\"inLanguage\":\"cs\",\"potentialAction\":[{\"@type\":\"ReadAction\",\"target\":[\"https:\/\/evertonfc.cz\/index.php\/2010\/12\/24\/preview-everton-birmingham-city\/\"]}]},{\"@type\":\"ImageObject\",\"inLanguage\":\"cs\",\"@id\":\"https:\/\/evertonfc.cz\/index.php\/2010\/12\/24\/preview-everton-birmingham-city\/#primaryimage\",\"url\":\"https:\/\/evertonfc.cz\/wp-content\/uploads\/2019\/01\/preview.jpg\",\"contentUrl\":\"https:\/\/evertonfc.cz\/wp-content\/uploads\/2019\/01\/preview.jpg\",\"width\":720,\"height\":405},{\"@type\":\"BreadcrumbList\",\"@id\":\"https:\/\/evertonfc.cz\/index.php\/2010\/12\/24\/preview-everton-birmingham-city\/#breadcrumb\",\"itemListElement\":[{\"@type\":\"ListItem\",\"position\":1,\"name\":\"Home\",\"item\":\"https:\/\/evertonfc.cz\/\"},{\"@type\":\"ListItem\",\"position\":2,\"name\":\"Preview: Everton &#8211; Birmingham City\"}]},{\"@type\":\"WebSite\",\"@id\":\"https:\/\/evertonfc.cz\/#website\",\"url\":\"https:\/\/evertonfc.cz\/\",\"name\":\"Official Czech &amp; Slovak Everton Supporters&#039; Club\",\"description\":\"\",\"publisher\":{\"@id\":\"https:\/\/evertonfc.cz\/#organization\"},\"potentialAction\":[{\"@type\":\"SearchAction\",\"target\":{\"@type\":\"EntryPoint\",\"urlTemplate\":\"https:\/\/evertonfc.cz\/?s={search_term_string}\"},\"query-input\":{\"@type\":\"PropertyValueSpecification\",\"valueRequired\":true,\"valueName\":\"search_term_string\"}}],\"inLanguage\":\"cs\"},{\"@type\":\"Organization\",\"@id\":\"https:\/\/evertonfc.cz\/#organization\",\"name\":\"Official Czech & Slovak Everton Supporters' Club\",\"url\":\"https:\/\/evertonfc.cz\/\",\"logo\":{\"@type\":\"ImageObject\",\"inLanguage\":\"cs\",\"@id\":\"https:\/\/evertonfc.cz\/#\/schema\/logo\/image\/\",\"url\":\"https:\/\/evertonfc.cz\/wp-content\/uploads\/2019\/05\/logo.png\",\"contentUrl\":\"https:\/\/evertonfc.cz\/wp-content\/uploads\/2019\/05\/logo.png\",\"width\":112,\"height\":112,\"caption\":\"Official Czech & Slovak Everton Supporters' Club\"},\"image\":{\"@id\":\"https:\/\/evertonfc.cz\/#\/schema\/logo\/image\/\"},\"sameAs\":[\"https:\/\/www.facebook.com\/everton.fans.cz.sk\"]},{\"@type\":\"Person\",\"@id\":\"https:\/\/evertonfc.cz\/#\/schema\/person\/cd6328a75577de2add7793fd4b0930c3\",\"name\":\"Me\u0148a\",\"url\":\"https:\/\/evertonfc.cz\/index.php\/author\/mena\/\"}]}<\/script>\n<!-- \/ Yoast SEO plugin. -->","yoast_head_json":{"title":"Preview: Everton - Birmingham City - Official Czech &amp; Slovak Everton Supporters&#039; Club","robots":{"index":"index","follow":"follow","max-snippet":"max-snippet:-1","max-image-preview":"max-image-preview:large","max-video-preview":"max-video-preview:-1"},"canonical":"https:\/\/evertonfc.cz\/index.php\/2010\/12\/24\/preview-everton-birmingham-city\/","og_locale":"cs_CZ","og_type":"article","og_title":"Preview: Everton - Birmingham City - Official Czech &amp; Slovak Everton Supporters&#039; Club","og_description":"Druh\u00fd sv\u00e1tek v\u00e1no\u010dn\u00ed pat\u0159\u00ed krom veselen\u00ed tradi\u010dn\u011b i fotbalu. Po del\u0161\u00ed dob\u011b bude Everton na Boxing Day hr\u00e1t doma a&hellip;","og_url":"https:\/\/evertonfc.cz\/index.php\/2010\/12\/24\/preview-everton-birmingham-city\/","og_site_name":"Official Czech &amp; Slovak Everton Supporters&#039; Club","article_publisher":"https:\/\/www.facebook.com\/everton.fans.cz.sk","article_published_time":"2010-12-24T20:22:00+00:00","article_modified_time":"2019-02-11T20:25:45+00:00","og_image":[{"width":720,"height":405,"url":"https:\/\/evertonfc.cz\/wp-content\/uploads\/2019\/01\/preview.jpg","type":"image\/jpeg"}],"author":"Me\u0148a","twitter_card":"summary_large_image","twitter_misc":{"Napsal(a)":"Me\u0148a","Odhadovan\u00e1 doba \u010dten\u00ed":"9 minut"},"schema":{"@context":"https:\/\/schema.org","@graph":[{"@type":"Article","@id":"https:\/\/evertonfc.cz\/index.php\/2010\/12\/24\/preview-everton-birmingham-city\/#article","isPartOf":{"@id":"https:\/\/evertonfc.cz\/index.php\/2010\/12\/24\/preview-everton-birmingham-city\/"},"author":{"name":"Me\u0148a","@id":"https:\/\/evertonfc.cz\/#\/schema\/person\/cd6328a75577de2add7793fd4b0930c3"},"headline":"Preview: Everton &#8211; Birmingham City","datePublished":"2010-12-24T20:22:00+00:00","dateModified":"2019-02-11T20:25:45+00:00","mainEntityOfPage":{"@id":"https:\/\/evertonfc.cz\/index.php\/2010\/12\/24\/preview-everton-birmingham-city\/"},"wordCount":1816,"commentCount":0,"publisher":{"@id":"https:\/\/evertonfc.cz\/#organization"},"image":{"@id":"https:\/\/evertonfc.cz\/index.php\/2010\/12\/24\/preview-everton-birmingham-city\/#primaryimage"},"thumbnailUrl":"https:\/\/evertonfc.cz\/wp-content\/uploads\/2019\/01\/preview.jpg","articleSection":["Z\u00e1pasy"],"inLanguage":"cs","potentialAction":[{"@type":"CommentAction","name":"Comment","target":["https:\/\/evertonfc.cz\/index.php\/2010\/12\/24\/preview-everton-birmingham-city\/#respond"]}]},{"@type":"WebPage","@id":"https:\/\/evertonfc.cz\/index.php\/2010\/12\/24\/preview-everton-birmingham-city\/","url":"https:\/\/evertonfc.cz\/index.php\/2010\/12\/24\/preview-everton-birmingham-city\/","name":"Preview: Everton - Birmingham City - Official Czech &amp; Slovak Everton Supporters&#039; Club","isPartOf":{"@id":"https:\/\/evertonfc.cz\/#website"},"primaryImageOfPage":{"@id":"https:\/\/evertonfc.cz\/index.php\/2010\/12\/24\/preview-everton-birmingham-city\/#primaryimage"},"image":{"@id":"https:\/\/evertonfc.cz\/index.php\/2010\/12\/24\/preview-everton-birmingham-city\/#primaryimage"},"thumbnailUrl":"https:\/\/evertonfc.cz\/wp-content\/uploads\/2019\/01\/preview.jpg","datePublished":"2010-12-24T20:22:00+00:00","dateModified":"2019-02-11T20:25:45+00:00","breadcrumb":{"@id":"https:\/\/evertonfc.cz\/index.php\/2010\/12\/24\/preview-everton-birmingham-city\/#breadcrumb"},"inLanguage":"cs","potentialAction":[{"@type":"ReadAction","target":["https:\/\/evertonfc.cz\/index.php\/2010\/12\/24\/preview-everton-birmingham-city\/"]}]},{"@type":"ImageObject","inLanguage":"cs","@id":"https:\/\/evertonfc.cz\/index.php\/2010\/12\/24\/preview-everton-birmingham-city\/#primaryimage","url":"https:\/\/evertonfc.cz\/wp-content\/uploads\/2019\/01\/preview.jpg","contentUrl":"https:\/\/evertonfc.cz\/wp-content\/uploads\/2019\/01\/preview.jpg","width":720,"height":405},{"@type":"BreadcrumbList","@id":"https:\/\/evertonfc.cz\/index.php\/2010\/12\/24\/preview-everton-birmingham-city\/#breadcrumb","itemListElement":[{"@type":"ListItem","position":1,"name":"Home","item":"https:\/\/evertonfc.cz\/"},{"@type":"ListItem","position":2,"name":"Preview: Everton &#8211; Birmingham City"}]},{"@type":"WebSite","@id":"https:\/\/evertonfc.cz\/#website","url":"https:\/\/evertonfc.cz\/","name":"Official Czech &amp; Slovak Everton Supporters&#039; Club","description":"","publisher":{"@id":"https:\/\/evertonfc.cz\/#organization"},"potentialAction":[{"@type":"SearchAction","target":{"@type":"EntryPoint","urlTemplate":"https:\/\/evertonfc.cz\/?s={search_term_string}"},"query-input":{"@type":"PropertyValueSpecification","valueRequired":true,"valueName":"search_term_string"}}],"inLanguage":"cs"},{"@type":"Organization","@id":"https:\/\/evertonfc.cz\/#organization","name":"Official Czech & Slovak Everton Supporters' Club","url":"https:\/\/evertonfc.cz\/","logo":{"@type":"ImageObject","inLanguage":"cs","@id":"https:\/\/evertonfc.cz\/#\/schema\/logo\/image\/","url":"https:\/\/evertonfc.cz\/wp-content\/uploads\/2019\/05\/logo.png","contentUrl":"https:\/\/evertonfc.cz\/wp-content\/uploads\/2019\/05\/logo.png","width":112,"height":112,"caption":"Official Czech & Slovak Everton Supporters' Club"},"image":{"@id":"https:\/\/evertonfc.cz\/#\/schema\/logo\/image\/"},"sameAs":["https:\/\/www.facebook.com\/everton.fans.cz.sk"]},{"@type":"Person","@id":"https:\/\/evertonfc.cz\/#\/schema\/person\/cd6328a75577de2add7793fd4b0930c3","name":"Me\u0148a","url":"https:\/\/evertonfc.cz\/index.php\/author\/mena\/"}]}},"_links":{"self":[{"href":"https:\/\/evertonfc.cz\/index.php\/wp-json\/wp\/v2\/posts\/3627"}],"collection":[{"href":"https:\/\/evertonfc.cz\/index.php\/wp-json\/wp\/v2\/posts"}],"about":[{"href":"https:\/\/evertonfc.cz\/index.php\/wp-json\/wp\/v2\/types\/post"}],"author":[{"embeddable":true,"href":"https:\/\/evertonfc.cz\/index.php\/wp-json\/wp\/v2\/users\/7"}],"replies":[{"embeddable":true,"href":"https:\/\/evertonfc.cz\/index.php\/wp-json\/wp\/v2\/comments?post=3627"}],"version-history":[{"count":1,"href":"https:\/\/evertonfc.cz\/index.php\/wp-json\/wp\/v2\/posts\/3627\/revisions"}],"predecessor-version":[{"id":3628,"href":"https:\/\/evertonfc.cz\/index.php\/wp-json\/wp\/v2\/posts\/3627\/revisions\/3628"}],"wp:featuredmedia":[{"embeddable":true,"href":"https:\/\/evertonfc.cz\/index.php\/wp-json\/wp\/v2\/media\/1314"}],"wp:attachment":[{"href":"https:\/\/evertonfc.cz\/index.php\/wp-json\/wp\/v2\/media?parent=3627"}],"wp:term":[{"taxonomy":"category","embeddable":true,"href":"https:\/\/evertonfc.cz\/index.php\/wp-json\/wp\/v2\/categories?post=3627"},{"taxonomy":"post_tag","embeddable":true,"href":"https:\/\/evertonfc.cz\/index.php\/wp-json\/wp\/v2\/tags?post=3627"}],"curies":[{"name":"wp","href":"https:\/\/api.w.org\/{rel}","templated":true}]}}