{"id":3629,"date":"2010-12-26T21:25:53","date_gmt":"2010-12-26T20:25:53","guid":{"rendered":"http:\/\/evertonfc.cz\/?p=3629"},"modified":"2019-02-11T21:29:30","modified_gmt":"2019-02-11T20:29:30","slug":"moyes-jedna-vyhra-jeste-nic-neznamena","status":"publish","type":"post","link":"https:\/\/evertonfc.cz\/index.php\/2010\/12\/26\/moyes-jedna-vyhra-jeste-nic-neznamena\/","title":{"rendered":"Moyes: Jedna v\u00fdhra je\u0161t\u011b nic neznamen\u00e1"},"content":{"rendered":"<h4>D\u016fle\u017eit\u00e1 pond\u011bln\u00ed v\u00fdhra v Manchesteru je sice nad\u011bjn\u00fdm p\u0159\u00edslibem do nadch\u00e1zej\u00edc\u00edch t\u00fddn\u016f, mana\u017eer v\u0161ak p\u0159ed optimismem varuje. Probl\u00e9my pr\u00fd je\u0161t\u011b zcela za\u017eehn\u00e1ny nejsou.<\/h4>\n<p>Poh\u00e1dka, kterak bojovnost a v\u016fle porazila arabsk\u00e9 petrodolary m\u011bla ji\u017e n\u011bkolik\u00e1t\u00e9 pokra\u010dov\u00e1n\u00ed. Teprve \u010dtvrt\u00e1 v\u00fdhra v leto\u0161n\u00ed sezon\u011b sice Everton tabulkou v\u00fdrazn\u011b neposunula, ale zato p\u0159inesla fand\u016fm pocity, o kter\u00e9 byla v posledn\u00edch m\u011bs\u00edc\u00edch akutn\u00ed nouze.<em>\u00a0\u201eV\u0161ichni jsme v\u011bd\u011bli, jak d\u016fle\u017eit\u00e9 v\u00edt\u011bzstv\u00ed to bylo. Letos jsme mockr\u00e1t nevyhr\u00e1li, tak\u017ee ka\u017ed\u00e1 v\u00fdhra je velk\u00e1. Na konci z\u00e1pasu koneckonc\u016f \u0161lo vid\u011bt, jak moc to pro n\u00e1s znamen\u00e1, zvl\u00e1\u0161t\u011b, kdy\u017e jsme na konci museli p\u0159est\u00e1t tlak v deseti mu\u017e\u00edch,\u201c\u00a0<\/em>\u0159\u00edk\u00e1 boss.<\/p>\n<p><em>\u201eSamoz\u0159ejm\u011b si z takov\u00e9 v\u00fdhry m\u016f\u017eeme odn\u00e9st hrdost, dos\u00e1hli jsme j\u00ed bez Mikela Artety a Stevena Pienaara, ale nebudu \u00fapln\u011b spokojen\u00fd, pokud na n\u011bj nedok\u00e1\u017eeme nav\u00e1zat dal\u0161\u00edmi v\u00fdhrami. St\u00e1le jsme na m\u016fj vkus moc bl\u00edzko konci tabulky a p\u00e1r dobr\u00fdch v\u00fdsledk\u016f by se na na\u0161\u00ed pozici p\u011bkn\u011b projevilo. Chceme z\u016fstat mimo pot\u00ed\u017ee.\u201c<\/em><\/p>\n<p>Do palby ot\u00e1zek a kritiky se posledn\u00ed dobou dost\u00e1val zejm\u00e9na p\u0159\u00edstup mu\u017estva. V n\u011bkter\u00fdch z\u00e1pasech toti\u017e pov\u011bstn\u00e9mu t\u00fdmov\u00e9mu duchu Everton \u010dest neud\u011blal, ba naopak. Na mor\u00e1lce t\u00fdmu ale nep\u0159\u00edzniv\u00e9 v\u00fdsledky pr\u00fd \u017e\u00e1dn\u00e9 ne\u017e\u00e1douc\u00ed stopy nezanechaly.<\/p>\n<p><em>\u201eS na\u0161\u00edm t\u00fdmov\u00fdm duchem nikdy nebyl \u017e\u00e1dn\u00fd probl\u00e9m, ale st\u00e1le jsme v\u011bd\u011bli o na\u0161em \u0161patn\u00e9m startu a ligov\u00e9 pozici,\u201c\u00a0<\/em>\u0159\u00edk\u00e1 Moyes.<em>\u00a0\u201ePokud bych m\u011bl uk\u00e1zat na n\u011bco, co hr\u00e1lo proti City v n\u00e1\u0161 prosp\u011bch, \u0159ekl bych \u010das. Svoje hr\u00e1\u010de zn\u00e1m opravdu dob\u0159e, m\u00e1m s nimi jako\u017eo s individualitami vztahy a v\u00edm, \u010deho je ka\u017ed\u00fd schopen. Oni se na opl\u00e1tku dob\u0159e znaj\u00ed navz\u00e1jem, a to je pr\u00e1v\u011b ten druh porozum\u011bn\u00ed, kter\u00fd si nejde koupit, pokud st\u00e1le p\u0159iv\u00e1d\u00edte nov\u00e9 a nov\u00e9 hr\u00e1\u010de.\u201c<\/em><\/p>\n<p>Nejv\u011bt\u0161\u00ed radost Moyesovi krom vynikaj\u00edc\u00edho Leightona Bainese d\u011blaj\u00ed oba Timov\u00e9. Cahilla si nem\u016f\u017ee vynachv\u00e1lit pro nasazen\u00ed a samoz\u0159ejm\u011b st\u00e1le rostouc\u00ed g\u00f3lov\u00fd \u00fa\u010det a v\u0159el\u00e1 slova na\u0161el i pro Howarda, jen\u017e m\u011bl na pond\u011bln\u00ed v\u00fdh\u0159e lv\u00ed pod\u00edl.\u00a0 Krom leto\u0161n\u00edch opor se v\u0161ak Moyes vr\u00e1til i k Mikelu Artetovi. Ten si odpykal sv\u016fj disciplin\u00e1rn\u00ed trest a s nejv\u011bt\u0161\u00ed pravd\u011bpodobnost\u00ed jej m\u016f\u017eeme \u010dekat v z\u00e1kladn\u00ed sestav\u011b v \u00fatern\u00edm z\u00e1pase na Upton Parku. Mana\u017eer v\u011b\u0159\u00ed, \u017ee \u010d\u00edm v\u011bt\u0161\u00ed porci minut z\u00e1lo\u017en\u00edk nast\u0159\u00e1d\u00e1, t\u00edm v\u00edce jeho prozat\u00edm \u0161patn\u00e9 v\u00fdkony porostou.<\/p>\n<p><em>\u201eVypad\u00e1 to, \u017ee m\u00e1 prost\u011b v\u00fdpadek formy,\u201c\u00a0<\/em>zd\u016fvod\u0148uje Skot.<em> \u201eNev\u00edm, jestli jde o zpo\u017ed\u011bnou reakci na to, \u017ee byl tak dlouho bez fotbalu, ale ned\u011bl\u00e1 mi to velk\u00e9 starosti. Jeho kvality jsou trval\u00e9 a nem\u00e1m pochyb, \u017ee jeho \u010das p\u0159ijde. O Tima Cahilla jsem si p\u0159ed p\u00e1r t\u00fddny d\u011blal starosti. Pomyslel jsem si, \u017ee jsem na n\u011bm uvid\u011bl \u00fabytek energie. Samoz\u0159ejm\u011b, \u017ee jsem se m\u00fdlil, proto\u017ee v pond\u011bl\u00ed byl na sv\u00e9m maximu, stejn\u011b jako Tim Howard, kter\u00fd odchytal fantastick\u00fd z\u00e1pas.<\/em><\/p>\n<p><em>V\u0161ichni v\u00edme, \u017ee Tim je ohromn\u00fd brank\u00e1\u0159. Je n\u011bco na tomhle klubu, co mu prost\u011b vyhovuje. Po p\u0159estupu z Manchesteru United mo\u017en\u00e1 v\u011bd\u011bl, \u017ee je to krok zp\u00e1tky, ale nen\u00ed v tak \u010dast\u00e9m sv\u011btle pozornosti a d\u00edky tomu, \u017ee hraje pravideln\u011b, se vypracoval ve skv\u011bl\u00e9ho t\u00fdmov\u00e9ho hr\u00e1\u010de. Nav\u00edc je to i skv\u011bl\u00fd organiz\u00e1tor. Ned\u011bl\u00e1 mu pot\u00ed\u017e d\u00e1vat obran\u011b pozi\u010dn\u00ed pokyny, a pokud m\u00e1te g\u00f3lmana, kter\u00e9mu m\u016f\u017eete v\u011b\u0159it, pak to m\u016f\u017ee ud\u011blat velk\u00fd rozd\u00edl. Jeho v\u00fdkon proti City n\u00e1m vyslou\u017eil body, a jeho emoce po z\u00e1pase uk\u00e1zaly, co to pro n\u011bj znamenalo. Nezajdu tak daleko, abych \u0159ekl, \u017ee tahle v\u00fdhra n\u00e1s dostala zp\u011bt do star\u00fdch kolej\u00ed, ale alespo\u0148 to lidem pom\u016f\u017ee uv\u011bdomit si, \u017ee z Evertonu srdce nevymizelo.\u201c<\/em><\/p>\n<p>A jak v\u016fbec Moyes pohl\u00ed\u017e\u00ed na novou fotbalovou m\u00f3du takzvan\u00fdch &#8222;snoods&#8220;, laicky \u0159e\u010deno, jakousi vrchn\u00ed \u010d\u00e1st rol\u00e1ku, kter\u00e1 chr\u00e1n\u00ed krk p\u0159ed zimou? Sta\u010dil pouze pohled na vyslanou sestavu. Po h\u0159i\u0161ti pob\u00edhalo jeden\u00e1ct nezahalen\u00fdch hrdel.<\/p>\n<p><em>\u201eT\u00e9 zimy jsem si do konce ani nev\u0161iml. Ale to bylo d\u00edky tomu, \u017ee jsem m\u011bl teplou bundu a rukavice. Ani m\u011b nenapadlo, \u017ee v\u0161ichni moji hr\u00e1\u010di hr\u00e1li v kr\u00e1tk\u00e9m ruk\u00e1vu, ale tak trochu v\u00edm, \u017ee \u017e\u00e1dn\u00fd z hr\u00e1\u010d\u016f by nad snoodem ani nep\u0159em\u00fd\u0161lel. Pokud by hr\u00e1\u010di m\u011bli rukavice, lid\u00e9 by s t\u00edm nem\u011bli probl\u00e9m proto\u017ee to byla jedna z t\u011bch noc\u00ed, kdy se to d\u00e1 pochopit. Snood bych ale z m\u00e9ho osobn\u00edho pohledu nikdy nemohl nosit, proto\u017ee to mus\u00ed b\u00fdt nepohodln\u00e9. Pro ka\u017ed\u00fd p\u0159\u00edpad jsem ale v den z\u00e1pasu promluvil s kitmanem, proto\u017ee jsem zam\u00fd\u0161lel mu \u0159\u00edct, \u017ee pokud by zabalil by\u0165 jen jeden snood, vyhodil bych ho.<\/em><\/p>\n<p><em>Vypadal \u0161okovan\u011b a ura\u017een\u011b. V\u00edcem\u00e9n\u011b \u0159ekl, \u017ee kdybych ho n\u011bkdy p\u0159istihl balit snoods, s\u00e1m by si zaslou\u017eil vyhazov. \u201eNeud\u011blal bych to,\u201c \u0159ekl. \u201eKdyby m\u011b o to n\u011bkdo po\u017e\u00e1dal, prost\u011b bych to nepovolil,\u201c \u0159\u00edkal mi. Tak\u017ee takhle. Jsme klub, kde kitman s\u00e1m rozhoduje, \u017ee hr\u00e1\u010di nebudou nosit snoods, a p\u0159esn\u011b takhle to m\u00e1 b\u00fdt,\u201c\u00a0<\/em>dodal Moyes.<\/p>\n","protected":false},"excerpt":{"rendered":"<p>D\u016fle\u017eit\u00e1 pond\u011bln\u00ed v\u00fdhra v Manchesteru je sice nad\u011bjn\u00fdm p\u0159\u00edslibem do nadch\u00e1zej\u00edc\u00edch t\u00fddn\u016f, mana\u017eer v\u0161ak p\u0159ed optimismem varuje. Probl\u00e9my pr\u00fd je\u0161t\u011b&hellip;<\/p>\n","protected":false},"author":7,"featured_media":1312,"comment_status":"open","ping_status":"closed","sticky":false,"template":"","format":"standard","meta":{"_eb_attr":"","_monsterinsights_skip_tracking":false,"_monsterinsights_sitenote_active":false,"_monsterinsights_sitenote_note":"","_monsterinsights_sitenote_category":0,"footnotes":""},"categories":[1],"tags":[],"yoast_head":"<!-- This site is optimized with the Yoast SEO plugin v23.4 - https:\/\/yoast.com\/wordpress\/plugins\/seo\/ -->\n<title>Moyes: Jedna v\u00fdhra je\u0161t\u011b nic neznamen\u00e1 - Official Czech &amp; Slovak Everton Supporters&#039; Club<\/title>\n<meta name=\"robots\" content=\"index, follow, max-snippet:-1, max-image-preview:large, max-video-preview:-1\" \/>\n<link rel=\"canonical\" href=\"https:\/\/evertonfc.cz\/index.php\/2010\/12\/26\/moyes-jedna-vyhra-jeste-nic-neznamena\/\" \/>\n<meta property=\"og:locale\" content=\"cs_CZ\" \/>\n<meta property=\"og:type\" content=\"article\" \/>\n<meta property=\"og:title\" content=\"Moyes: Jedna v\u00fdhra je\u0161t\u011b nic neznamen\u00e1 - Official Czech &amp; Slovak Everton Supporters&#039; Club\" \/>\n<meta property=\"og:description\" content=\"D\u016fle\u017eit\u00e1 pond\u011bln\u00ed v\u00fdhra v Manchesteru je sice nad\u011bjn\u00fdm p\u0159\u00edslibem do nadch\u00e1zej\u00edc\u00edch t\u00fddn\u016f, mana\u017eer v\u0161ak p\u0159ed optimismem varuje. Probl\u00e9my pr\u00fd je\u0161t\u011b&hellip;\" \/>\n<meta property=\"og:url\" content=\"https:\/\/evertonfc.cz\/index.php\/2010\/12\/26\/moyes-jedna-vyhra-jeste-nic-neznamena\/\" \/>\n<meta property=\"og:site_name\" content=\"Official Czech &amp; Slovak Everton Supporters&#039; Club\" \/>\n<meta property=\"article:publisher\" content=\"https:\/\/www.facebook.com\/everton.fans.cz.sk\" \/>\n<meta property=\"article:published_time\" content=\"2010-12-26T20:25:53+00:00\" \/>\n<meta property=\"article:modified_time\" content=\"2019-02-11T20:29:30+00:00\" \/>\n<meta property=\"og:image\" content=\"https:\/\/evertonfc.cz\/wp-content\/uploads\/2019\/01\/interview.jpg\" \/>\n\t<meta property=\"og:image:width\" content=\"720\" \/>\n\t<meta property=\"og:image:height\" content=\"405\" \/>\n\t<meta property=\"og:image:type\" content=\"image\/jpeg\" \/>\n<meta name=\"author\" content=\"Me\u0148a\" \/>\n<meta name=\"twitter:card\" content=\"summary_large_image\" \/>\n<meta name=\"twitter:label1\" content=\"Napsal(a)\" \/>\n\t<meta name=\"twitter:data1\" content=\"Me\u0148a\" \/>\n\t<meta name=\"twitter:label2\" content=\"Odhadovan\u00e1 doba \u010dten\u00ed\" \/>\n\t<meta name=\"twitter:data2\" content=\"5 minut\" \/>\n<script type=\"application\/ld+json\" class=\"yoast-schema-graph\">{\"@context\":\"https:\/\/schema.org\",\"@graph\":[{\"@type\":\"Article\",\"@id\":\"https:\/\/evertonfc.cz\/index.php\/2010\/12\/26\/moyes-jedna-vyhra-jeste-nic-neznamena\/#article\",\"isPartOf\":{\"@id\":\"https:\/\/evertonfc.cz\/index.php\/2010\/12\/26\/moyes-jedna-vyhra-jeste-nic-neznamena\/\"},\"author\":{\"name\":\"Me\u0148a\",\"@id\":\"https:\/\/evertonfc.cz\/#\/schema\/person\/cd6328a75577de2add7793fd4b0930c3\"},\"headline\":\"Moyes: Jedna v\u00fdhra je\u0161t\u011b nic neznamen\u00e1\",\"datePublished\":\"2010-12-26T20:25:53+00:00\",\"dateModified\":\"2019-02-11T20:29:30+00:00\",\"mainEntityOfPage\":{\"@id\":\"https:\/\/evertonfc.cz\/index.php\/2010\/12\/26\/moyes-jedna-vyhra-jeste-nic-neznamena\/\"},\"wordCount\":1034,\"commentCount\":0,\"publisher\":{\"@id\":\"https:\/\/evertonfc.cz\/#organization\"},\"image\":{\"@id\":\"https:\/\/evertonfc.cz\/index.php\/2010\/12\/26\/moyes-jedna-vyhra-jeste-nic-neznamena\/#primaryimage\"},\"thumbnailUrl\":\"https:\/\/evertonfc.cz\/wp-content\/uploads\/2019\/01\/interview.jpg\",\"articleSection\":[\"Rozhovory\"],\"inLanguage\":\"cs\",\"potentialAction\":[{\"@type\":\"CommentAction\",\"name\":\"Comment\",\"target\":[\"https:\/\/evertonfc.cz\/index.php\/2010\/12\/26\/moyes-jedna-vyhra-jeste-nic-neznamena\/#respond\"]}]},{\"@type\":\"WebPage\",\"@id\":\"https:\/\/evertonfc.cz\/index.php\/2010\/12\/26\/moyes-jedna-vyhra-jeste-nic-neznamena\/\",\"url\":\"https:\/\/evertonfc.cz\/index.php\/2010\/12\/26\/moyes-jedna-vyhra-jeste-nic-neznamena\/\",\"name\":\"Moyes: Jedna v\u00fdhra je\u0161t\u011b nic neznamen\u00e1 - Official Czech &amp; Slovak Everton Supporters&#039; Club\",\"isPartOf\":{\"@id\":\"https:\/\/evertonfc.cz\/#website\"},\"primaryImageOfPage\":{\"@id\":\"https:\/\/evertonfc.cz\/index.php\/2010\/12\/26\/moyes-jedna-vyhra-jeste-nic-neznamena\/#primaryimage\"},\"image\":{\"@id\":\"https:\/\/evertonfc.cz\/index.php\/2010\/12\/26\/moyes-jedna-vyhra-jeste-nic-neznamena\/#primaryimage\"},\"thumbnailUrl\":\"https:\/\/evertonfc.cz\/wp-content\/uploads\/2019\/01\/interview.jpg\",\"datePublished\":\"2010-12-26T20:25:53+00:00\",\"dateModified\":\"2019-02-11T20:29:30+00:00\",\"breadcrumb\":{\"@id\":\"https:\/\/evertonfc.cz\/index.php\/2010\/12\/26\/moyes-jedna-vyhra-jeste-nic-neznamena\/#breadcrumb\"},\"inLanguage\":\"cs\",\"potentialAction\":[{\"@type\":\"ReadAction\",\"target\":[\"https:\/\/evertonfc.cz\/index.php\/2010\/12\/26\/moyes-jedna-vyhra-jeste-nic-neznamena\/\"]}]},{\"@type\":\"ImageObject\",\"inLanguage\":\"cs\",\"@id\":\"https:\/\/evertonfc.cz\/index.php\/2010\/12\/26\/moyes-jedna-vyhra-jeste-nic-neznamena\/#primaryimage\",\"url\":\"https:\/\/evertonfc.cz\/wp-content\/uploads\/2019\/01\/interview.jpg\",\"contentUrl\":\"https:\/\/evertonfc.cz\/wp-content\/uploads\/2019\/01\/interview.jpg\",\"width\":720,\"height\":405},{\"@type\":\"BreadcrumbList\",\"@id\":\"https:\/\/evertonfc.cz\/index.php\/2010\/12\/26\/moyes-jedna-vyhra-jeste-nic-neznamena\/#breadcrumb\",\"itemListElement\":[{\"@type\":\"ListItem\",\"position\":1,\"name\":\"Home\",\"item\":\"https:\/\/evertonfc.cz\/\"},{\"@type\":\"ListItem\",\"position\":2,\"name\":\"Moyes: Jedna v\u00fdhra je\u0161t\u011b nic neznamen\u00e1\"}]},{\"@type\":\"WebSite\",\"@id\":\"https:\/\/evertonfc.cz\/#website\",\"url\":\"https:\/\/evertonfc.cz\/\",\"name\":\"Official Czech &amp; Slovak Everton Supporters&#039; Club\",\"description\":\"\",\"publisher\":{\"@id\":\"https:\/\/evertonfc.cz\/#organization\"},\"potentialAction\":[{\"@type\":\"SearchAction\",\"target\":{\"@type\":\"EntryPoint\",\"urlTemplate\":\"https:\/\/evertonfc.cz\/?s={search_term_string}\"},\"query-input\":{\"@type\":\"PropertyValueSpecification\",\"valueRequired\":true,\"valueName\":\"search_term_string\"}}],\"inLanguage\":\"cs\"},{\"@type\":\"Organization\",\"@id\":\"https:\/\/evertonfc.cz\/#organization\",\"name\":\"Official Czech & Slovak Everton Supporters' Club\",\"url\":\"https:\/\/evertonfc.cz\/\",\"logo\":{\"@type\":\"ImageObject\",\"inLanguage\":\"cs\",\"@id\":\"https:\/\/evertonfc.cz\/#\/schema\/logo\/image\/\",\"url\":\"https:\/\/evertonfc.cz\/wp-content\/uploads\/2019\/05\/logo.png\",\"contentUrl\":\"https:\/\/evertonfc.cz\/wp-content\/uploads\/2019\/05\/logo.png\",\"width\":112,\"height\":112,\"caption\":\"Official Czech & Slovak Everton Supporters' Club\"},\"image\":{\"@id\":\"https:\/\/evertonfc.cz\/#\/schema\/logo\/image\/\"},\"sameAs\":[\"https:\/\/www.facebook.com\/everton.fans.cz.sk\"]},{\"@type\":\"Person\",\"@id\":\"https:\/\/evertonfc.cz\/#\/schema\/person\/cd6328a75577de2add7793fd4b0930c3\",\"name\":\"Me\u0148a\",\"url\":\"https:\/\/evertonfc.cz\/index.php\/author\/mena\/\"}]}<\/script>\n<!-- \/ Yoast SEO plugin. -->","yoast_head_json":{"title":"Moyes: Jedna v\u00fdhra je\u0161t\u011b nic neznamen\u00e1 - Official Czech &amp; Slovak Everton Supporters&#039; Club","robots":{"index":"index","follow":"follow","max-snippet":"max-snippet:-1","max-image-preview":"max-image-preview:large","max-video-preview":"max-video-preview:-1"},"canonical":"https:\/\/evertonfc.cz\/index.php\/2010\/12\/26\/moyes-jedna-vyhra-jeste-nic-neznamena\/","og_locale":"cs_CZ","og_type":"article","og_title":"Moyes: Jedna v\u00fdhra je\u0161t\u011b nic neznamen\u00e1 - Official Czech &amp; Slovak Everton Supporters&#039; Club","og_description":"D\u016fle\u017eit\u00e1 pond\u011bln\u00ed v\u00fdhra v Manchesteru je sice nad\u011bjn\u00fdm p\u0159\u00edslibem do nadch\u00e1zej\u00edc\u00edch t\u00fddn\u016f, mana\u017eer v\u0161ak p\u0159ed optimismem varuje. Probl\u00e9my pr\u00fd je\u0161t\u011b&hellip;","og_url":"https:\/\/evertonfc.cz\/index.php\/2010\/12\/26\/moyes-jedna-vyhra-jeste-nic-neznamena\/","og_site_name":"Official Czech &amp; Slovak Everton Supporters&#039; Club","article_publisher":"https:\/\/www.facebook.com\/everton.fans.cz.sk","article_published_time":"2010-12-26T20:25:53+00:00","article_modified_time":"2019-02-11T20:29:30+00:00","og_image":[{"width":720,"height":405,"url":"https:\/\/evertonfc.cz\/wp-content\/uploads\/2019\/01\/interview.jpg","type":"image\/jpeg"}],"author":"Me\u0148a","twitter_card":"summary_large_image","twitter_misc":{"Napsal(a)":"Me\u0148a","Odhadovan\u00e1 doba \u010dten\u00ed":"5 minut"},"schema":{"@context":"https:\/\/schema.org","@graph":[{"@type":"Article","@id":"https:\/\/evertonfc.cz\/index.php\/2010\/12\/26\/moyes-jedna-vyhra-jeste-nic-neznamena\/#article","isPartOf":{"@id":"https:\/\/evertonfc.cz\/index.php\/2010\/12\/26\/moyes-jedna-vyhra-jeste-nic-neznamena\/"},"author":{"name":"Me\u0148a","@id":"https:\/\/evertonfc.cz\/#\/schema\/person\/cd6328a75577de2add7793fd4b0930c3"},"headline":"Moyes: Jedna v\u00fdhra je\u0161t\u011b nic neznamen\u00e1","datePublished":"2010-12-26T20:25:53+00:00","dateModified":"2019-02-11T20:29:30+00:00","mainEntityOfPage":{"@id":"https:\/\/evertonfc.cz\/index.php\/2010\/12\/26\/moyes-jedna-vyhra-jeste-nic-neznamena\/"},"wordCount":1034,"commentCount":0,"publisher":{"@id":"https:\/\/evertonfc.cz\/#organization"},"image":{"@id":"https:\/\/evertonfc.cz\/index.php\/2010\/12\/26\/moyes-jedna-vyhra-jeste-nic-neznamena\/#primaryimage"},"thumbnailUrl":"https:\/\/evertonfc.cz\/wp-content\/uploads\/2019\/01\/interview.jpg","articleSection":["Rozhovory"],"inLanguage":"cs","potentialAction":[{"@type":"CommentAction","name":"Comment","target":["https:\/\/evertonfc.cz\/index.php\/2010\/12\/26\/moyes-jedna-vyhra-jeste-nic-neznamena\/#respond"]}]},{"@type":"WebPage","@id":"https:\/\/evertonfc.cz\/index.php\/2010\/12\/26\/moyes-jedna-vyhra-jeste-nic-neznamena\/","url":"https:\/\/evertonfc.cz\/index.php\/2010\/12\/26\/moyes-jedna-vyhra-jeste-nic-neznamena\/","name":"Moyes: Jedna v\u00fdhra je\u0161t\u011b nic neznamen\u00e1 - Official Czech &amp; Slovak Everton Supporters&#039; Club","isPartOf":{"@id":"https:\/\/evertonfc.cz\/#website"},"primaryImageOfPage":{"@id":"https:\/\/evertonfc.cz\/index.php\/2010\/12\/26\/moyes-jedna-vyhra-jeste-nic-neznamena\/#primaryimage"},"image":{"@id":"https:\/\/evertonfc.cz\/index.php\/2010\/12\/26\/moyes-jedna-vyhra-jeste-nic-neznamena\/#primaryimage"},"thumbnailUrl":"https:\/\/evertonfc.cz\/wp-content\/uploads\/2019\/01\/interview.jpg","datePublished":"2010-12-26T20:25:53+00:00","dateModified":"2019-02-11T20:29:30+00:00","breadcrumb":{"@id":"https:\/\/evertonfc.cz\/index.php\/2010\/12\/26\/moyes-jedna-vyhra-jeste-nic-neznamena\/#breadcrumb"},"inLanguage":"cs","potentialAction":[{"@type":"ReadAction","target":["https:\/\/evertonfc.cz\/index.php\/2010\/12\/26\/moyes-jedna-vyhra-jeste-nic-neznamena\/"]}]},{"@type":"ImageObject","inLanguage":"cs","@id":"https:\/\/evertonfc.cz\/index.php\/2010\/12\/26\/moyes-jedna-vyhra-jeste-nic-neznamena\/#primaryimage","url":"https:\/\/evertonfc.cz\/wp-content\/uploads\/2019\/01\/interview.jpg","contentUrl":"https:\/\/evertonfc.cz\/wp-content\/uploads\/2019\/01\/interview.jpg","width":720,"height":405},{"@type":"BreadcrumbList","@id":"https:\/\/evertonfc.cz\/index.php\/2010\/12\/26\/moyes-jedna-vyhra-jeste-nic-neznamena\/#breadcrumb","itemListElement":[{"@type":"ListItem","position":1,"name":"Home","item":"https:\/\/evertonfc.cz\/"},{"@type":"ListItem","position":2,"name":"Moyes: Jedna v\u00fdhra je\u0161t\u011b nic neznamen\u00e1"}]},{"@type":"WebSite","@id":"https:\/\/evertonfc.cz\/#website","url":"https:\/\/evertonfc.cz\/","name":"Official Czech &amp; Slovak Everton Supporters&#039; Club","description":"","publisher":{"@id":"https:\/\/evertonfc.cz\/#organization"},"potentialAction":[{"@type":"SearchAction","target":{"@type":"EntryPoint","urlTemplate":"https:\/\/evertonfc.cz\/?s={search_term_string}"},"query-input":{"@type":"PropertyValueSpecification","valueRequired":true,"valueName":"search_term_string"}}],"inLanguage":"cs"},{"@type":"Organization","@id":"https:\/\/evertonfc.cz\/#organization","name":"Official Czech & Slovak Everton Supporters' Club","url":"https:\/\/evertonfc.cz\/","logo":{"@type":"ImageObject","inLanguage":"cs","@id":"https:\/\/evertonfc.cz\/#\/schema\/logo\/image\/","url":"https:\/\/evertonfc.cz\/wp-content\/uploads\/2019\/05\/logo.png","contentUrl":"https:\/\/evertonfc.cz\/wp-content\/uploads\/2019\/05\/logo.png","width":112,"height":112,"caption":"Official Czech & Slovak Everton Supporters' Club"},"image":{"@id":"https:\/\/evertonfc.cz\/#\/schema\/logo\/image\/"},"sameAs":["https:\/\/www.facebook.com\/everton.fans.cz.sk"]},{"@type":"Person","@id":"https:\/\/evertonfc.cz\/#\/schema\/person\/cd6328a75577de2add7793fd4b0930c3","name":"Me\u0148a","url":"https:\/\/evertonfc.cz\/index.php\/author\/mena\/"}]}},"_links":{"self":[{"href":"https:\/\/evertonfc.cz\/index.php\/wp-json\/wp\/v2\/posts\/3629"}],"collection":[{"href":"https:\/\/evertonfc.cz\/index.php\/wp-json\/wp\/v2\/posts"}],"about":[{"href":"https:\/\/evertonfc.cz\/index.php\/wp-json\/wp\/v2\/types\/post"}],"author":[{"embeddable":true,"href":"https:\/\/evertonfc.cz\/index.php\/wp-json\/wp\/v2\/users\/7"}],"replies":[{"embeddable":true,"href":"https:\/\/evertonfc.cz\/index.php\/wp-json\/wp\/v2\/comments?post=3629"}],"version-history":[{"count":1,"href":"https:\/\/evertonfc.cz\/index.php\/wp-json\/wp\/v2\/posts\/3629\/revisions"}],"predecessor-version":[{"id":3630,"href":"https:\/\/evertonfc.cz\/index.php\/wp-json\/wp\/v2\/posts\/3629\/revisions\/3630"}],"wp:featuredmedia":[{"embeddable":true,"href":"https:\/\/evertonfc.cz\/index.php\/wp-json\/wp\/v2\/media\/1312"}],"wp:attachment":[{"href":"https:\/\/evertonfc.cz\/index.php\/wp-json\/wp\/v2\/media?parent=3629"}],"wp:term":[{"taxonomy":"category","embeddable":true,"href":"https:\/\/evertonfc.cz\/index.php\/wp-json\/wp\/v2\/categories?post=3629"},{"taxonomy":"post_tag","embeddable":true,"href":"https:\/\/evertonfc.cz\/index.php\/wp-json\/wp\/v2\/tags?post=3629"}],"curies":[{"name":"wp","href":"https:\/\/api.w.org\/{rel}","templated":true}]}}