{"id":3631,"date":"2010-12-31T21:30:16","date_gmt":"2010-12-31T20:30:16","guid":{"rendered":"http:\/\/evertonfc.cz\/?p=3631"},"modified":"2024-11-02T13:45:12","modified_gmt":"2024-11-02T12:45:12","slug":"preview-stoke-city-everton-4","status":"publish","type":"post","link":"https:\/\/evertonfc.cz\/index.php\/2010\/12\/31\/preview-stoke-city-everton-4\/","title":{"rendered":"Preview: Stoke City &#8211; Everton"},"content":{"rendered":"<h4>Prvn\u00ed den nov\u00e9ho roku si pro Everton p\u0159ipravil ji\u017e t\u0159et\u00ed v\u00fdjezd v \u0159ad\u011b. V pokra\u010dov\u00e1n\u00ed venkovn\u00ed neprohern\u00ed s\u00e9rie by bylo z\u00e1hodno pokra\u010dovat i ve Stoke.<\/h4>\n<p>\u0158\u00edk\u00e1 se, jak na Nov\u00fd rok, tak po cel\u00fd rok. Pokud m\u00e1 m\u00edt ono star\u00e9 r\u010den\u00ed skute\u010dn\u011b n\u011bco do sebe, m\u011bl by si Everton hled\u011bt toho, aby se proti Potters vytasil s co nejlep\u0161\u00edm v\u00fdkonem. Cesta za potenci\u00e1ln\u00edm \u00fasp\u011bchem nicm\u00e9n\u011b povede p\u0159es trnitou fyzickou bitvu.<\/p>\n<p>Stoke City pro\u017e\u00edv\u00e1 svoji t\u0159et\u00ed sezonu mezi elitou a ji\u017e del\u0161\u00ed dobu je v\u00edcem\u00e9n\u011b z\u0159ejm\u00e9, \u017ee Hrn\u010d\u00ed\u0159\u00ed se o svoji prvoligovou budoucnost strachovat nemusej\u00ed. Na poklidn\u00fd st\u0159ed tabulky to klub ze Staffordshire podle v\u0161eho dot\u00e1hne i letos. Ne \u017ee by ov\u0161em mezi v\u00e1\u0161niv\u00fdmi fandy \u010di mezi klubov\u00fdm p\u0159edstavenstvem zavl\u00e1dlo uspokojen\u00ed. Posledn\u00ed dobou toti\u017e Potters sv\u00fdm p\u0159\u00edznivc\u016fm d\u00e1vkuj\u00ed po\u0159\u00e1dnou porci nevypo\u010ditatelnosti, a tak vlastn\u011b st\u011b\u017e\u00ed p\u0159edpov\u011bd\u011bt, co n\u00e1s b\u011bhem Novoro\u010dn\u00edho odpoledne vlastn\u011b \u010dek\u00e1. Koneckonc\u016f, Everton si na nevyzpytatelnost letos tak\u00e9 potrp\u00ed.<\/p>\n<p>Britannia Stadium u\u017e nav\u00edc neb\u00fdv\u00e1 takov\u00fdm stra\u0161\u00e1kem, tedy mluv\u00ed za to alespo\u0148 ned\u00e1vn\u00e9 v\u00fdsledky. V dom\u00e1c\u00edm prost\u0159ed\u00ed sice Potters padli jen t\u0159ikr\u00e1t, ov\u0161em nula bod\u016f z\u00edskali pr\u00e1v\u011b z minul\u00fdch dvou dom\u00e1c\u00edch utk\u00e1n\u00ed. Nejprve ve Stoke triumfoval Blackpool a posledn\u011b Potters nesta\u010dili ani na Fulham, celek, je\u017e voz\u00ed v\u00edt\u011bzstv\u00ed z ciz\u00edch h\u0159i\u0161\u0165 jen raritn\u011b. Paradoxn\u011b pak p\u016fsob\u00ed srovn\u00e1n\u00ed s kontextem venkovn\u00ed formy. Zat\u00edmco b\u011bhem posledn\u00edch t\u0159\u00ed v\u00fdjezd\u016f Stoke nast\u0159\u00edlel sedm g\u00f3l\u016f a z\u00edskal toto\u017en\u00fd bodov\u00fd sou\u010det, ze t\u0159\u00ed p\u0159edchoz\u00edch utk\u00e1n\u00ed p\u0159ed dom\u00e1c\u00edm publikem vst\u0159elil jedinou branku, kter\u00e1 sta\u010dila pouze na rem\u00edzu s Manchesterem City.<\/p>\n<p>Nervozitou sv\u00e1zan\u00e9 nohy \u010dervenob\u00edl\u00fdch tak budou m\u00edt co napravovat. Tony Pulis p\u0159ipou\u0161t\u00ed, \u017ee dom\u00e1c\u00ed produktivita jeho ove\u010dek je zkr\u00e1tka nedostate\u010dn\u00e1.\u00a0<em>\u201eV\u00edme, \u017ee se st\u00e1v\u00e1, \u017ee hrajete dob\u0159e, ale odm\u011bny se za to nedo\u010dk\u00e1te. V posledn\u00edch t\u00fddnech se to ale st\u00e1v\u00e1 p\u0159\u00edli\u0161 \u010dasto. Nelze zpochybnit snahu hr\u00e1\u010d\u016f, proto\u017ee ve v\u0161ech t\u0159ech z\u00e1pasech jsme na soupe\u0159e vyvinuli dostate\u010dn\u00fd tlak. Objevilo se ale n\u011bkolik p\u0159\u00edklad\u016f, kdy jsme se rozhodovali \u0161patn\u011b, kdy\u017e jsme se ocitli\u00a0v dobr\u00e9 \u0161anci. Tyhle vytvo\u0159en\u00e9 situace\u00a0mus\u00edme prom\u011b\u0148ovat,\u201c<\/em>\u00a0nal\u00e9h\u00e1 Vel\u0161an, jeho\u017e t\u00fdm se st\u0159etne s mu\u017estvem, je\u017e tr\u00e1p\u00ed neduh podobn\u00e9ho r\u00e1zu.\u00a0<em>\u201eS Davidem jsem mluvil d\u0159\u00edve a \u0159\u00edkal, \u017ee z pohledu jejich fotbalu to byl fantastick\u00fd start. Prost\u011b ale nez\u00edsk\u00e1vali spr\u00e1vn\u00e9 v\u00fdsledky. Maj\u00ed velkou kvalitu a jsem si jist\u00fd, \u017ee jejich situace se brzy zm\u011bn\u00ed. Doufejme, \u017ee se to ale nestane v sobotu.\u201c<\/em><\/p>\n<p>Everton vinou odlo\u017een\u00e9ho z\u00e1pasu s Birminghamem \u010dek\u00e1 ji\u017e t\u0159et\u00ed venkovn\u00ed z\u00e1pas v \u0159ad\u011b. Pro sebev\u011bdom\u00ed ani psychiku nejsp\u00ed\u0161 nic jednoduch\u00e9ho, nicm\u00e9n\u011b jako \u00fat\u011bcha m\u016f\u017ee slou\u017eit fakt, \u017ee venku se Toffees da\u0159\u00ed. A\u010dkoliv da\u0159\u00ed je mo\u017en\u00e1 trochu siln\u00e9 slovo. Ob\u011b dosavadn\u00ed v\u00edt\u011bzstv\u00ed na ciz\u00edm h\u0159i\u0161ti se v podstat\u011b ne\u010dekaly, a v\u011bt\u0161ina zbytku v\u00fdjezd\u016f dovedli Blues k rem\u00edz\u00e1m.<\/p>\n<p>Snadno si tak lze odvodit jednoduchou rovnici. Pokud se od Evertonu nic ne\u010dek\u00e1 a tlak o\u010dek\u00e1v\u00e1n\u00ed le\u017e\u00ed na favoritovi, podaj\u00ed Blues zpravidla nejlep\u0161\u00ed v\u00fdkon. Potvrdila to v\u00fdhra na City of Manchester Stadium. Pakli\u017ee ale hr\u00e1\u010di v\u011bd\u00ed, \u017ee by m\u011bli vyhr\u00e1t, v\u00fdsledkem je utr\u00e1pen\u00fd nudn\u00fd v\u00fdkon bez \u0161\u0165\u00e1vy. To byl zase p\u0159\u00edpad posledn\u00edho z\u00e1pasu na Upton Parku. Everton jednobrankovou ztr\u00e1tu pouze srovnal, a tak si ze h\u0159i\u0161t\u011b nejslab\u0161\u00edho t\u00fdmu sout\u011b\u017ee odvezl bod.<\/p>\n<p>Utk\u00e1n\u00ed podobn\u00e9ho bojovn\u00e9ho charakteru \u010dek\u00e1 na Toffees i ve Stoke. Na silovou bitvu se u\u017e Sylvain Distin pe\u010dliv\u011b p\u0159ipravuje.\u00a0<em>\u201eJe to velk\u00fd fyzick\u00fd test. V\u0161ichni v\u00ed, jak\u00fd typ mu\u017estva Stoke je. V\u00edme co o\u010dek\u00e1vat a budeme p\u0159ipraveni,\u201c<\/em>\u00a0slibuje aktu\u00e1ln\u011b jeden z nejlep\u0161\u00edch stoper\u016f sout\u011b\u017ee.\u00a0<em>\u201eKdy\u017e jsme s nimi hr\u00e1li doma, \u00fato\u010dilo se proti nim hodn\u011b t\u011b\u017ece, to je ale v Premier League b\u011b\u017en\u00e9. Ka\u017ed\u00fd z\u00e1pas je obt\u00ed\u017en\u00fd. Venku u\u017e jsme dost z\u00e1pas\u016f nepora\u017eeni, ale podle m\u011b z nich bylo a\u017e p\u0159\u00edli\u0161 mnoho rem\u00edz. Kolikr\u00e1t jsme vyhr\u00e1li? Odpov\u011bd\u00ed\u00a0je, ne dostate\u010dn\u011b. Mus\u00edme j\u00edt po v\u00fdhr\u00e1ch a takov\u00fd p\u0159\u00edstup\u00a0od n\u00e1s uvid\u00edte ve Stoke a po cel\u00fd zbytek sezony,\u201c<\/em>\u00a0tvrd\u00ed Francouz. Hm, Kde jenom jsem tohle u\u017e sly\u0161el&#8230;<\/p>\n<p>O rem\u00edzy nebyla nouze ani ve vz\u00e1jemn\u00fdch souboj\u00edch lo\u0148sk\u00e9 sezony. Plichtilo se na Goodison Parku i p\u0159i posledn\u00ed n\u00e1v\u0161t\u011bv\u011b Britannia Stadium. T\u011bsnou v\u00fdhru pak Everton oslavil v \u0159\u00edjnu, kdy v\u00fdhru za\u0159\u00eddil sv\u00fdm jedin\u00fdm g\u00f3lem v sezon\u011b Yakubu.<\/p>\n<h4><strong>Historie soupe\u0159e<\/strong><\/h4>\n<p>Zalo\u017een\u00ed pod n\u00e1zvem Stoke Ramblers se vztahuje k roku 1863, co\u017e z n\u011bj d\u011bl\u00e1 druh\u00fd nejstar\u0161\u00ed anglick\u00fd profesion\u00e1ln\u00ed klub. Pod p\u016fvodn\u00edm n\u00e1zvem hr\u00e1l pom\u011brn\u011b dlouho, zm\u011bna do dne\u0161n\u00ed podoby nastala v roce 1878, kdy se z\u00e1rove\u0148 p\u0159est\u011bhoval na sv\u016fj p\u016fvodn\u00ed st\u00e1nek Victoria Ground. P\u0159esn\u011b o dest let pozd\u011bji se Potters stali zakladateli Football League. Prvn\u00ed sezony v nov\u011b zformovan\u00e9 sout\u011b\u017ei ov\u0161em nedopadly dob\u0159e; v obou \u00favodn\u00edch sezon\u00e1ch Stoke skon\u010dil na chvostu tabulky. Prvn\u00ed sv\u011btov\u00e1 v\u00e1lka sice znamenala p\u0159eru\u0161en\u00ed fotbalov\u00e9ho d\u011bn\u00ed, nicm\u00e9n\u011b Potters nezah\u00e1leli a po \u010dty\u0159i v\u00e1le\u010dn\u00e9 roky byli \u00fa\u010dastn\u00edky neligov\u00e9 Lancashire Primary and Secondary League.<\/p>\n<p>Rok 1930 si v\u0161ichni Stokies spojuj\u00ed s jedin\u00fdm &#8211; tohoto roku nastoupil v prvn\u00edm z\u00e1pase za Stoke nejv\u011bt\u0161\u00ed klubov\u00e1 legenda, a z\u00e1rove\u0148 jedna z nejv\u011bt\u0161\u00edch osobnost\u00ed anglick\u00e9 kopan\u00e9, Sir Stanley Matthews. Ani p\u0159esto v\u0161ak klub nedosahoval \u017e\u00e1dn\u00fdch \u00fasp\u011bch\u016f, a u toho z\u016fstalo a\u017e do vypuknut\u00ed sv\u011btov\u00e9ho v\u00e1le\u010dn\u00e9ho konfliktu \u010d\u00edslo 2. Po jeho skon\u010den\u00ed Stoke sahal po velk\u00e9m \u00fasp\u011bchu. V sezon\u011b 1946\/47 mu toti\u017e ligov\u00fd titul jen o vl\u00e1sek unikl, z\u00edskal jej Liverpool. Po skon\u010den\u00ed sezony ode\u0161el do Blackpoolu Matthews a v n\u00e1sleduj\u00edc\u00edm ro\u010dn\u00edku Potters neunikli sestupu.<\/p>\n<p>Jako vysvobozen\u00ed z \u010dern\u00fdch sezon dorazil na Britannia Stadium\u00a0mana\u017eer Tony Waddington, mu\u017e, kter\u00fd s klubem vyhr\u00e1l jedinou cennou trofej v historii klubu. Potters se pod jeho rukou postupn\u011b zvedali a nem\u00e1lokdy se jim poda\u0159ilo dos\u00e1hnout solidn\u00edho ligov\u00e9ho um\u00edst\u011bn\u00ed. Z\u00e1sadn\u00ed zlom p\u0159i\u0161el roku 1972, kdy Stoke porazil ve fin\u00e1le Ligov\u00e9ho poh\u00e1ru favorizovanou Chelsea 2:1, co\u017e je doposud nejv\u011bt\u0161\u00ed \u00fasp\u011bch klubov\u00e9 historie. Rokem 1976\u00a0 ale poveden\u00e9\u00a0sezony skon\u010dily.<\/p>\n<p>V lednu\u00a076\u00b4 \u0159\u00e1dila nad Stoke vich\u0159ice, kter\u00e1 byla natolik siln\u00e1, \u017ee odnesla st\u0159echu tribuny Butler Stand. Pro jak\u00fdkoliv jin\u00fd klub jist\u011b nep\u0159\u00edjemn\u00e1, av\u0161ak \u0159e\u0161iteln\u00e1 v\u011bc, ne tak pro Stoke. Klubov\u00e9 veden\u00ed toti\u017e jaksi &#8222;zapomn\u011blo&#8220; tribunu pojistit. V\u00fddaje spojen\u00e9 s n\u00e1hradami \u0161kod tak zp\u016fsobily znovu bou\u0159i, ale tentokr\u00e1t v klubov\u00e9 pokladn\u011b. Opravy klub st\u00e1ly 250,000 liber, co\u017e Stoke uvrhlo do zna\u010dn\u00fdch finan\u010dn\u00edch pot\u00ed\u017e\u00ed. Jedinou mo\u017enost\u00ed jak zvl\u00e1dnout nast\u00e1lou situaci, byl prodej nejlep\u0161\u00edch hr\u00e1\u010d\u016f. Z Victoria Ground tak ode\u0161li\u00a0osobnosti jako\u00a0Alan Hudson, Mike Pejic, \u010di Jimmy Greenhoff. Zna\u010dn\u011b oslaben\u00fd t\u00fdm rok po ne\u0161\u0165astn\u00e9 ud\u00e1losti, sestoupil\u00a0o sout\u011b\u017e n\u00ed\u017e.<\/p>\n<p>V ni\u017e\u0161\u00edch\u00a0lig\u00e1ch na\u0161el Stoke pro dlouh\u00e9 nadch\u00e1zej\u00edc\u00ed sezony sv\u016fj nov\u00fd domov. Na konci 80. let na tom Potters byli tak b\u00eddn\u011b, \u017ee sestoupili a\u017e do Third Division. Frustraci si klub i fanou\u0161ci trochu vynahradili ziskem Football League Trophy v roce 1992. V dal\u0161\u00ed sezon\u011b se Hrn\u010d\u00ed\u0159i probojovali zp\u011bt do druh\u00e9 nejvy\u0161\u0161\u00ed sout\u011b\u017ee, kde se dok\u00e1zali stabilizovat a ke konci tis\u00edcilet\u00ed byl klub p\u0159ipraven vstoupit do sv\u00e9 nov\u00e9 \u00e9ry. Po 120 letech toti\u017e Stoke opustil sta\u0159i\u010dk\u00fd Victoria Ground a nov\u00fd domov na\u0161el na nov\u00e9m Britannia Stadium s kapacitou 27,500 div\u00e1k\u016f.<\/p>\n<p>O dva roky pozd\u011bji p\u0159i\u0161lo do Staffordshire ps\u00e1t novou kapitolu klubov\u00fdch d\u011bjin jist\u00e9 islandsk\u00e9 konsorcium, kter\u00e9 se stalo nov\u00fdmi majiteli klubu. Sever\u0161t\u00ed investo\u0159i si do klubu p\u0159ivedli mimo jin\u00e9 sv\u00e9ho \u010dlov\u011bka &#8211; b\u00fdval\u00e9ho tren\u00e9ra islandsk\u00e9 reprezentace, Gudjona Thodarsona, kter\u00fd sice zpo\u010d\u00e1tku \u010delil u Stokies velk\u00e9 kritice, nakonec se ale v Potteries stal obl\u00edbencem. Poda\u0159ilo se mu toti\u017e znovu vyt\u00e1hnout Stoke ze t\u0159et\u00ed ligy, kam mezit\u00edm op\u011bt spadl. V Championship se Stoke ji\u017e pod veden\u00edm Tonyho Pulise dok\u00e1zal probojovat mezi lep\u0161\u00ed celky a pod Pulisov\u00fdm veden\u00edm si Stoke po bezm\u00e1la t\u0159iceti letech znovu vychutn\u00e1v\u00e1 \u00fa\u010dast mezi elitn\u00ed dvac\u00edtkou anglick\u00e9ho fotbalu.<\/p>\n<h4><strong>Z\u00e1pasov\u00e1 fakta<\/strong><\/h4>\n<p>Stoke na Everton nevyzr\u00e1l dlouh\u00fdch 28 let; naposled usp\u011bl v prosinci 1982. V prvn\u00ed sezon\u011b po n\u00e1vrat\u011b Potters mezi anglickou smet\u00e1nku vyhr\u00e1l Everton oba z\u00e1pasy, loni ov\u0161em, jak ji\u017e bylo zm\u00edn\u011bno, se dvakr\u00e1t remizovalo. Celkov\u011b p\u0159eva\u017euj\u00ed ve vz\u00e1jemn\u00e9 statistice v\u00fdhry Evertonu, t\u011bch je 58, oproti 30 v\u00edt\u011bzstv\u00edm Stoke a 30 rem\u00edz\u00e1m.<\/p>\n<p>Co se novoro\u010dn\u00edch z\u00e1pas\u016f t\u00fdk\u00e1, v t\u011bch se Evertonu b\u011bhem posledn\u00edch let neda\u0159\u00ed. Ze \u0161esti z\u00e1pas\u016f od po\u010d\u00e1tku nov\u00e9ho stolet\u00ed, je\u017e byly hr\u00e1ny 1. ledna, zv\u00edt\u011bzil pouze v jednom p\u0159\u00edpad\u011b ze \u0161esti. Stalo se tak na Nov\u00fd rok 2008, kdy Everton vyhr\u00e1l 2-0 v Middlesbrough. V n\u011bkolika p\u0159\u00edpadech si v\u0161ak mohli Evertonians silvestrovsk\u00e9 radov\u00e1nky p\u0159ece jen prodlou\u017eit. Star\u0161\u00ed fandov\u00e9 si mo\u017en\u00e1 vzpomenou na v\u00fdhru 3-2 na Selhurst Parku proti Wimbledonu 1. ledna 1996, kdy Duncan Ferguson vst\u0159elil svoje prvn\u00ed dv\u011b venkovn\u00ed branky za Everton. O p\u011bt let d\u0159\u00edve pak Blues triumfovali 2-1 na Stamford Bridge, kde ukon\u010dili dev\u00edtim\u011bs\u00ed\u010dn\u00ed \u010dek\u00e1n\u00ed na v\u00fdhru na ciz\u00edm h\u0159i\u0161ti.<\/p>\n<h4><strong>Stoke City<\/strong><\/h4>\n<p>Jedinou v\u00fdhru z posledn\u00edch p\u011bti z\u00e1pas\u016f p\u0159edstavuje v\u00edt\u011bzstv\u00ed 2-0 na Boxing Day v Blackburnu. Ani jednou v\u0161ak Potters neprohr\u00e1li v p\u0159\u00edpad\u011b, \u017ee v z\u00e1pase vst\u0159elili jako prvn\u00ed g\u00f3l; z\u00edskali tak 5 v\u00fdher a jednu rem\u00edzu. Na druhou stranu ov\u0161em m\u00edvaj\u00ed Hrn\u010d\u00ed\u0159i nejhor\u0161\u00ed prvn\u00ed polo\u010dasy z cel\u00e9 Premier League &#8211; v polo\u010dase vedli z devaten\u00e1cti z\u00e1pas\u016f pouze jednou a vs\u00edtili jen \u010dty\u0159i branky. Na h\u0159i\u0161ti by nem\u011bla b\u00fdt nouze ani o oslavence. Jonathan Walters m\u016f\u017ee nastoupit ke sv\u00e9mu 250. z\u00e1pase v kari\u00e9\u0159e a st\u00e9 utk\u00e1n\u00ed za Stoke si m\u016f\u017ee p\u0159ipsat Glenn Whelan.<\/p>\n<h4><strong>Everton<\/strong><\/h4>\n<p>Neprohern\u00ed s\u00e9rie na ciz\u00edch h\u0159i\u0161t\u00edch \u010din\u00ed ji\u017e osm z\u00e1pas\u016f. Naposled Everton prohr\u00e1l na Villa Parku, a to koncem srpna, b\u011b\u017e\u00ed tak nejdel\u0161\u00ed \u0161\u0148\u016fra bez venkovn\u00ed prohry od roku 1985. V cel\u00e9m kalend\u00e1\u0159n\u00edm roce se pak Blues vraceli dom\u016f s pr\u00e1zdnou pouze \u010dty\u0159ikr\u00e1t, \u010d\u00edm\u017e podruh\u00e9 vyrovnali absolutn\u00ed klubov\u00fd rekord stanoven\u00fd roku 1969 a poprv\u00e9 vyrovnan\u00fd v roce 1996. Zdaleka nej\u010dast\u011bj\u0161\u00edm v\u00fdsledkem na cest\u00e1ch nicm\u00e9n\u011b b\u00fdv\u00e1 rem\u00edza, kter\u00e9 Toffees dos\u00e1hli hned \u0161estkr\u00e1t ze v\u0161ech dev\u00edti z\u00e1pas\u016f. Posledn\u00ed utk\u00e1n\u00ed p\u0159ed odjezdem na Asijsk\u00fd poh\u00e1r odehraje Tim Cahill, pro kter\u00e9ho rovn\u011b\u017e p\u016fjde o 400. z\u00e1pas v anglick\u00e9m fotbale. V 399 z\u00e1pasech Cahill vst\u0159elil 106 g\u00f3l\u016f.<\/p>\n<h4><strong>Vz\u00e1jemn\u00e1 bilance<\/strong><\/h4>\n<ul>\n<li>Celkov\u011b:\u00a0\u00a0\u00a0\u00a0\u00a0\u00a0\u00a0\u00a0\u00a0\u00a0\u00a0\u00a0\u00a0\u00a0\u00a0 30-30-58<\/li>\n<li>Na h\u0159i\u0161ti Stoke:\u00a0\u00a0\u00a0\u00a0\u00a0 22-18-20<\/li>\n<li>V Premier League:\u00a0 \u00a00-2-3<\/li>\n<\/ul>\n<h4><strong>Absence<\/strong><\/h4>\n<p>Tony Pulis se nepot\u00fdk\u00e1 s rozs\u00e1hlou marodkou. Najisto bude chyb\u011bt pouze dlouhodob\u011b zran\u011bn\u00fd Sidibe. Otazn\u00edk se nicm\u00e9n\u011b vzn\u00e1\u0161\u00ed nad Mattem Etheringtonem, jeho\u017e tr\u00e1p\u00ed kotn\u00edk a rameno mo\u017en\u00e1 nedovol\u00ed nastoupit ani Waltersovi. Jednoz\u00e1pasov\u00fd trest si pak bude odpyk\u00e1vat kl\u00ed\u010dov\u00fd stoper Robert Huth.<\/p>\n<p>Do Evertonu \u017e\u00e1dn\u00e9 novinky nedorazily. Dvojice Phil Jagielka, John Heitinga se sice bl\u00ed\u017e\u00ed n\u00e1vratu, nicm\u00e9n\u011b jejich \u00fa\u010dast v z\u00e1pase je pochybn\u00e1. Malou \u0161anci na n\u00e1vrat \u017eiv\u00ed i Leon Osman.<\/p>\n<p><strong>Stoke City:<\/strong> Begovi\u0107, Sorensen, Wilkinson, Shawcross, Huth, Collins, Pennant, Whitehead, Delap, Wilson, Etherington, Walters, Jones, Fuller, Gudjohnsen, Tuncay<\/p>\n<p><strong>Everton:<\/strong> Howard, Mucha, Hibbert, Neville, Jagielka, Distin, Heitinga, Baines, Coleman, Fellaini, Rodwell, Cahill, Arteta, Osman, Pienaar, Bilyaletdinov, Saha, Beckford, Anichebe, Yakubu, Gueye<\/p>\n<ul>\n<li><strong>Kdy:\u00a0<\/strong>1. ledna, 16:00 SE\u010c<strong><br \/>\n<\/strong><\/li>\n<li><strong>Kde:\u00a0<\/strong>Britannia Stadium<strong><br \/>\n<\/strong><\/li>\n<li><strong>Rozhod\u010d\u00ed:\u00a0<\/strong>Andre Marriner<\/li>\n<\/ul>\n","protected":false},"excerpt":{"rendered":"<p>Prvn\u00ed den nov\u00e9ho roku si pro Everton p\u0159ipravil ji\u017e t\u0159et\u00ed v\u00fdjezd v \u0159ad\u011b. V pokra\u010dov\u00e1n\u00ed venkovn\u00ed neprohern\u00ed s\u00e9rie by bylo&hellip;<\/p>\n","protected":false},"author":7,"featured_media":25544,"comment_status":"open","ping_status":"closed","sticky":false,"template":"","format":"standard","meta":{"_eb_attr":"","_monsterinsights_skip_tracking":false,"_monsterinsights_sitenote_active":false,"_monsterinsights_sitenote_note":"","_monsterinsights_sitenote_category":0,"footnotes":""},"categories":[4],"tags":[],"yoast_head":"<!-- This site is optimized with the Yoast SEO plugin v23.4 - https:\/\/yoast.com\/wordpress\/plugins\/seo\/ -->\n<title>Preview: Stoke City - Everton - Official Czech &amp; Slovak Everton Supporters&#039; Club<\/title>\n<meta name=\"robots\" content=\"index, follow, max-snippet:-1, max-image-preview:large, max-video-preview:-1\" \/>\n<link rel=\"canonical\" href=\"https:\/\/evertonfc.cz\/index.php\/2010\/12\/31\/preview-stoke-city-everton-4\/\" \/>\n<meta property=\"og:locale\" content=\"cs_CZ\" \/>\n<meta property=\"og:type\" content=\"article\" \/>\n<meta property=\"og:title\" content=\"Preview: Stoke City - Everton - Official Czech &amp; Slovak Everton Supporters&#039; Club\" \/>\n<meta property=\"og:description\" content=\"Prvn\u00ed den nov\u00e9ho roku si pro Everton p\u0159ipravil ji\u017e t\u0159et\u00ed v\u00fdjezd v \u0159ad\u011b. V pokra\u010dov\u00e1n\u00ed venkovn\u00ed neprohern\u00ed s\u00e9rie by bylo&hellip;\" \/>\n<meta property=\"og:url\" content=\"https:\/\/evertonfc.cz\/index.php\/2010\/12\/31\/preview-stoke-city-everton-4\/\" \/>\n<meta property=\"og:site_name\" content=\"Official Czech &amp; Slovak Everton Supporters&#039; Club\" \/>\n<meta property=\"article:publisher\" content=\"https:\/\/www.facebook.com\/everton.fans.cz.sk\" \/>\n<meta property=\"article:published_time\" content=\"2010-12-31T20:30:16+00:00\" \/>\n<meta property=\"article:modified_time\" content=\"2024-11-02T12:45:12+00:00\" \/>\n<meta property=\"og:image\" content=\"https:\/\/evertonfc.cz\/wp-content\/uploads\/2024\/11\/Stoke-City-VS-Everton.png\" \/>\n\t<meta property=\"og:image:width\" content=\"720\" \/>\n\t<meta property=\"og:image:height\" content=\"405\" \/>\n\t<meta property=\"og:image:type\" content=\"image\/png\" \/>\n<meta name=\"author\" content=\"Me\u0148a\" \/>\n<meta name=\"twitter:card\" content=\"summary_large_image\" \/>\n<meta name=\"twitter:label1\" content=\"Napsal(a)\" \/>\n\t<meta name=\"twitter:data1\" content=\"Me\u0148a\" \/>\n\t<meta name=\"twitter:label2\" content=\"Odhadovan\u00e1 doba \u010dten\u00ed\" \/>\n\t<meta name=\"twitter:data2\" content=\"10 minut\" \/>\n<script type=\"application\/ld+json\" class=\"yoast-schema-graph\">{\"@context\":\"https:\/\/schema.org\",\"@graph\":[{\"@type\":\"Article\",\"@id\":\"https:\/\/evertonfc.cz\/index.php\/2010\/12\/31\/preview-stoke-city-everton-4\/#article\",\"isPartOf\":{\"@id\":\"https:\/\/evertonfc.cz\/index.php\/2010\/12\/31\/preview-stoke-city-everton-4\/\"},\"author\":{\"name\":\"Me\u0148a\",\"@id\":\"https:\/\/evertonfc.cz\/#\/schema\/person\/cd6328a75577de2add7793fd4b0930c3\"},\"headline\":\"Preview: Stoke City &#8211; Everton\",\"datePublished\":\"2010-12-31T20:30:16+00:00\",\"dateModified\":\"2024-11-02T12:45:12+00:00\",\"mainEntityOfPage\":{\"@id\":\"https:\/\/evertonfc.cz\/index.php\/2010\/12\/31\/preview-stoke-city-everton-4\/\"},\"wordCount\":2206,\"commentCount\":0,\"publisher\":{\"@id\":\"https:\/\/evertonfc.cz\/#organization\"},\"image\":{\"@id\":\"https:\/\/evertonfc.cz\/index.php\/2010\/12\/31\/preview-stoke-city-everton-4\/#primaryimage\"},\"thumbnailUrl\":\"https:\/\/evertonfc.cz\/wp-content\/uploads\/2024\/11\/Stoke-City-VS-Everton.png\",\"articleSection\":[\"Z\u00e1pasy\"],\"inLanguage\":\"cs\",\"potentialAction\":[{\"@type\":\"CommentAction\",\"name\":\"Comment\",\"target\":[\"https:\/\/evertonfc.cz\/index.php\/2010\/12\/31\/preview-stoke-city-everton-4\/#respond\"]}]},{\"@type\":\"WebPage\",\"@id\":\"https:\/\/evertonfc.cz\/index.php\/2010\/12\/31\/preview-stoke-city-everton-4\/\",\"url\":\"https:\/\/evertonfc.cz\/index.php\/2010\/12\/31\/preview-stoke-city-everton-4\/\",\"name\":\"Preview: Stoke City - Everton - Official Czech &amp; Slovak Everton Supporters&#039; Club\",\"isPartOf\":{\"@id\":\"https:\/\/evertonfc.cz\/#website\"},\"primaryImageOfPage\":{\"@id\":\"https:\/\/evertonfc.cz\/index.php\/2010\/12\/31\/preview-stoke-city-everton-4\/#primaryimage\"},\"image\":{\"@id\":\"https:\/\/evertonfc.cz\/index.php\/2010\/12\/31\/preview-stoke-city-everton-4\/#primaryimage\"},\"thumbnailUrl\":\"https:\/\/evertonfc.cz\/wp-content\/uploads\/2024\/11\/Stoke-City-VS-Everton.png\",\"datePublished\":\"2010-12-31T20:30:16+00:00\",\"dateModified\":\"2024-11-02T12:45:12+00:00\",\"breadcrumb\":{\"@id\":\"https:\/\/evertonfc.cz\/index.php\/2010\/12\/31\/preview-stoke-city-everton-4\/#breadcrumb\"},\"inLanguage\":\"cs\",\"potentialAction\":[{\"@type\":\"ReadAction\",\"target\":[\"https:\/\/evertonfc.cz\/index.php\/2010\/12\/31\/preview-stoke-city-everton-4\/\"]}]},{\"@type\":\"ImageObject\",\"inLanguage\":\"cs\",\"@id\":\"https:\/\/evertonfc.cz\/index.php\/2010\/12\/31\/preview-stoke-city-everton-4\/#primaryimage\",\"url\":\"https:\/\/evertonfc.cz\/wp-content\/uploads\/2024\/11\/Stoke-City-VS-Everton.png\",\"contentUrl\":\"https:\/\/evertonfc.cz\/wp-content\/uploads\/2024\/11\/Stoke-City-VS-Everton.png\",\"width\":720,\"height\":405},{\"@type\":\"BreadcrumbList\",\"@id\":\"https:\/\/evertonfc.cz\/index.php\/2010\/12\/31\/preview-stoke-city-everton-4\/#breadcrumb\",\"itemListElement\":[{\"@type\":\"ListItem\",\"position\":1,\"name\":\"Home\",\"item\":\"https:\/\/evertonfc.cz\/\"},{\"@type\":\"ListItem\",\"position\":2,\"name\":\"Preview: Stoke City &#8211; Everton\"}]},{\"@type\":\"WebSite\",\"@id\":\"https:\/\/evertonfc.cz\/#website\",\"url\":\"https:\/\/evertonfc.cz\/\",\"name\":\"Official Czech &amp; Slovak Everton Supporters&#039; Club\",\"description\":\"\",\"publisher\":{\"@id\":\"https:\/\/evertonfc.cz\/#organization\"},\"potentialAction\":[{\"@type\":\"SearchAction\",\"target\":{\"@type\":\"EntryPoint\",\"urlTemplate\":\"https:\/\/evertonfc.cz\/?s={search_term_string}\"},\"query-input\":{\"@type\":\"PropertyValueSpecification\",\"valueRequired\":true,\"valueName\":\"search_term_string\"}}],\"inLanguage\":\"cs\"},{\"@type\":\"Organization\",\"@id\":\"https:\/\/evertonfc.cz\/#organization\",\"name\":\"Official Czech & Slovak Everton Supporters' Club\",\"url\":\"https:\/\/evertonfc.cz\/\",\"logo\":{\"@type\":\"ImageObject\",\"inLanguage\":\"cs\",\"@id\":\"https:\/\/evertonfc.cz\/#\/schema\/logo\/image\/\",\"url\":\"https:\/\/evertonfc.cz\/wp-content\/uploads\/2019\/05\/logo.png\",\"contentUrl\":\"https:\/\/evertonfc.cz\/wp-content\/uploads\/2019\/05\/logo.png\",\"width\":112,\"height\":112,\"caption\":\"Official Czech & Slovak Everton Supporters' Club\"},\"image\":{\"@id\":\"https:\/\/evertonfc.cz\/#\/schema\/logo\/image\/\"},\"sameAs\":[\"https:\/\/www.facebook.com\/everton.fans.cz.sk\"]},{\"@type\":\"Person\",\"@id\":\"https:\/\/evertonfc.cz\/#\/schema\/person\/cd6328a75577de2add7793fd4b0930c3\",\"name\":\"Me\u0148a\",\"url\":\"https:\/\/evertonfc.cz\/index.php\/author\/mena\/\"}]}<\/script>\n<!-- \/ Yoast SEO plugin. -->","yoast_head_json":{"title":"Preview: Stoke City - Everton - Official Czech &amp; Slovak Everton Supporters&#039; Club","robots":{"index":"index","follow":"follow","max-snippet":"max-snippet:-1","max-image-preview":"max-image-preview:large","max-video-preview":"max-video-preview:-1"},"canonical":"https:\/\/evertonfc.cz\/index.php\/2010\/12\/31\/preview-stoke-city-everton-4\/","og_locale":"cs_CZ","og_type":"article","og_title":"Preview: Stoke City - Everton - Official Czech &amp; Slovak Everton Supporters&#039; Club","og_description":"Prvn\u00ed den nov\u00e9ho roku si pro Everton p\u0159ipravil ji\u017e t\u0159et\u00ed v\u00fdjezd v \u0159ad\u011b. V pokra\u010dov\u00e1n\u00ed venkovn\u00ed neprohern\u00ed s\u00e9rie by bylo&hellip;","og_url":"https:\/\/evertonfc.cz\/index.php\/2010\/12\/31\/preview-stoke-city-everton-4\/","og_site_name":"Official Czech &amp; Slovak Everton Supporters&#039; Club","article_publisher":"https:\/\/www.facebook.com\/everton.fans.cz.sk","article_published_time":"2010-12-31T20:30:16+00:00","article_modified_time":"2024-11-02T12:45:12+00:00","og_image":[{"width":720,"height":405,"url":"https:\/\/evertonfc.cz\/wp-content\/uploads\/2024\/11\/Stoke-City-VS-Everton.png","type":"image\/png"}],"author":"Me\u0148a","twitter_card":"summary_large_image","twitter_misc":{"Napsal(a)":"Me\u0148a","Odhadovan\u00e1 doba \u010dten\u00ed":"10 minut"},"schema":{"@context":"https:\/\/schema.org","@graph":[{"@type":"Article","@id":"https:\/\/evertonfc.cz\/index.php\/2010\/12\/31\/preview-stoke-city-everton-4\/#article","isPartOf":{"@id":"https:\/\/evertonfc.cz\/index.php\/2010\/12\/31\/preview-stoke-city-everton-4\/"},"author":{"name":"Me\u0148a","@id":"https:\/\/evertonfc.cz\/#\/schema\/person\/cd6328a75577de2add7793fd4b0930c3"},"headline":"Preview: Stoke City &#8211; Everton","datePublished":"2010-12-31T20:30:16+00:00","dateModified":"2024-11-02T12:45:12+00:00","mainEntityOfPage":{"@id":"https:\/\/evertonfc.cz\/index.php\/2010\/12\/31\/preview-stoke-city-everton-4\/"},"wordCount":2206,"commentCount":0,"publisher":{"@id":"https:\/\/evertonfc.cz\/#organization"},"image":{"@id":"https:\/\/evertonfc.cz\/index.php\/2010\/12\/31\/preview-stoke-city-everton-4\/#primaryimage"},"thumbnailUrl":"https:\/\/evertonfc.cz\/wp-content\/uploads\/2024\/11\/Stoke-City-VS-Everton.png","articleSection":["Z\u00e1pasy"],"inLanguage":"cs","potentialAction":[{"@type":"CommentAction","name":"Comment","target":["https:\/\/evertonfc.cz\/index.php\/2010\/12\/31\/preview-stoke-city-everton-4\/#respond"]}]},{"@type":"WebPage","@id":"https:\/\/evertonfc.cz\/index.php\/2010\/12\/31\/preview-stoke-city-everton-4\/","url":"https:\/\/evertonfc.cz\/index.php\/2010\/12\/31\/preview-stoke-city-everton-4\/","name":"Preview: Stoke City - Everton - Official Czech &amp; Slovak Everton Supporters&#039; Club","isPartOf":{"@id":"https:\/\/evertonfc.cz\/#website"},"primaryImageOfPage":{"@id":"https:\/\/evertonfc.cz\/index.php\/2010\/12\/31\/preview-stoke-city-everton-4\/#primaryimage"},"image":{"@id":"https:\/\/evertonfc.cz\/index.php\/2010\/12\/31\/preview-stoke-city-everton-4\/#primaryimage"},"thumbnailUrl":"https:\/\/evertonfc.cz\/wp-content\/uploads\/2024\/11\/Stoke-City-VS-Everton.png","datePublished":"2010-12-31T20:30:16+00:00","dateModified":"2024-11-02T12:45:12+00:00","breadcrumb":{"@id":"https:\/\/evertonfc.cz\/index.php\/2010\/12\/31\/preview-stoke-city-everton-4\/#breadcrumb"},"inLanguage":"cs","potentialAction":[{"@type":"ReadAction","target":["https:\/\/evertonfc.cz\/index.php\/2010\/12\/31\/preview-stoke-city-everton-4\/"]}]},{"@type":"ImageObject","inLanguage":"cs","@id":"https:\/\/evertonfc.cz\/index.php\/2010\/12\/31\/preview-stoke-city-everton-4\/#primaryimage","url":"https:\/\/evertonfc.cz\/wp-content\/uploads\/2024\/11\/Stoke-City-VS-Everton.png","contentUrl":"https:\/\/evertonfc.cz\/wp-content\/uploads\/2024\/11\/Stoke-City-VS-Everton.png","width":720,"height":405},{"@type":"BreadcrumbList","@id":"https:\/\/evertonfc.cz\/index.php\/2010\/12\/31\/preview-stoke-city-everton-4\/#breadcrumb","itemListElement":[{"@type":"ListItem","position":1,"name":"Home","item":"https:\/\/evertonfc.cz\/"},{"@type":"ListItem","position":2,"name":"Preview: Stoke City &#8211; Everton"}]},{"@type":"WebSite","@id":"https:\/\/evertonfc.cz\/#website","url":"https:\/\/evertonfc.cz\/","name":"Official Czech &amp; Slovak Everton Supporters&#039; Club","description":"","publisher":{"@id":"https:\/\/evertonfc.cz\/#organization"},"potentialAction":[{"@type":"SearchAction","target":{"@type":"EntryPoint","urlTemplate":"https:\/\/evertonfc.cz\/?s={search_term_string}"},"query-input":{"@type":"PropertyValueSpecification","valueRequired":true,"valueName":"search_term_string"}}],"inLanguage":"cs"},{"@type":"Organization","@id":"https:\/\/evertonfc.cz\/#organization","name":"Official Czech & Slovak Everton Supporters' Club","url":"https:\/\/evertonfc.cz\/","logo":{"@type":"ImageObject","inLanguage":"cs","@id":"https:\/\/evertonfc.cz\/#\/schema\/logo\/image\/","url":"https:\/\/evertonfc.cz\/wp-content\/uploads\/2019\/05\/logo.png","contentUrl":"https:\/\/evertonfc.cz\/wp-content\/uploads\/2019\/05\/logo.png","width":112,"height":112,"caption":"Official Czech & Slovak Everton Supporters' Club"},"image":{"@id":"https:\/\/evertonfc.cz\/#\/schema\/logo\/image\/"},"sameAs":["https:\/\/www.facebook.com\/everton.fans.cz.sk"]},{"@type":"Person","@id":"https:\/\/evertonfc.cz\/#\/schema\/person\/cd6328a75577de2add7793fd4b0930c3","name":"Me\u0148a","url":"https:\/\/evertonfc.cz\/index.php\/author\/mena\/"}]}},"_links":{"self":[{"href":"https:\/\/evertonfc.cz\/index.php\/wp-json\/wp\/v2\/posts\/3631"}],"collection":[{"href":"https:\/\/evertonfc.cz\/index.php\/wp-json\/wp\/v2\/posts"}],"about":[{"href":"https:\/\/evertonfc.cz\/index.php\/wp-json\/wp\/v2\/types\/post"}],"author":[{"embeddable":true,"href":"https:\/\/evertonfc.cz\/index.php\/wp-json\/wp\/v2\/users\/7"}],"replies":[{"embeddable":true,"href":"https:\/\/evertonfc.cz\/index.php\/wp-json\/wp\/v2\/comments?post=3631"}],"version-history":[{"count":1,"href":"https:\/\/evertonfc.cz\/index.php\/wp-json\/wp\/v2\/posts\/3631\/revisions"}],"predecessor-version":[{"id":3632,"href":"https:\/\/evertonfc.cz\/index.php\/wp-json\/wp\/v2\/posts\/3631\/revisions\/3632"}],"wp:featuredmedia":[{"embeddable":true,"href":"https:\/\/evertonfc.cz\/index.php\/wp-json\/wp\/v2\/media\/25544"}],"wp:attachment":[{"href":"https:\/\/evertonfc.cz\/index.php\/wp-json\/wp\/v2\/media?parent=3631"}],"wp:term":[{"taxonomy":"category","embeddable":true,"href":"https:\/\/evertonfc.cz\/index.php\/wp-json\/wp\/v2\/categories?post=3631"},{"taxonomy":"post_tag","embeddable":true,"href":"https:\/\/evertonfc.cz\/index.php\/wp-json\/wp\/v2\/tags?post=3631"}],"curies":[{"name":"wp","href":"https:\/\/api.w.org\/{rel}","templated":true}]}}