{"id":3633,"date":"2011-01-01T21:43:05","date_gmt":"2011-01-01T20:43:05","guid":{"rendered":"http:\/\/evertonfc.cz\/?p=3633"},"modified":"2019-02-11T21:44:13","modified_gmt":"2019-02-11T20:44:13","slug":"hmlista-buducnost","status":"publish","type":"post","link":"https:\/\/evertonfc.cz\/index.php\/2011\/01\/01\/hmlista-buducnost\/","title":{"rendered":"Hmlist\u00e1 bud\u00facnos\u0165"},"content":{"rendered":"<h4>Dovo\u013eujem si sem vlo\u017ei\u0165 svoj blog z premierleague.cz, v ktorom som sa pok\u00fa\u0161al pop\u00edsa\u0165 vlastn\u00fd poh\u013ead na s\u00fa\u010dasn\u00e9 dianie v Evertone, najm\u00e4 \u010do sa t\u00fdka moment\u00e1lneho hern\u00e9ho tr\u00e1penia sa.<\/h4>\n<p>V sez\u00f3ne 2001\/02 preberal David Moyes po Walterovi Smithovi klub bojuj\u00faci o z\u00e1chranu. Za obdobie jeho doteraj\u0161ieho p\u00f4sobenia sa na Merseyside vybudoval kult osobnosti tohto roden\u00e9ho Glasgow\u010dana. Prelomov\u00e1 bola najm\u00e4 sez\u00f3na 2004\/05, v ktorej senza\u010dne Toffees ako jeden z kandid\u00e1tov na zostup napokon skon\u010dili na 4. mieste zabezpe\u010duj\u00facom predkolo Ligy Majstrov. Mo\u017eno a\u017e prehnane ve\u013ekolep\u00e9 v\u00edzie fan\u00fa\u0161ikov do bud\u00facnosti boli s\u00edce zm\u00e4ten\u00e9 nasledovn\u00fdm ne\u00faspechom, av\u0161ak odvtedy bol v\u017edy Everton pova\u017eovan\u00fd za a\u0161piranta na miestenku v eur\u00f3pskych poh\u00e1roch. V Poh\u00e1ri UEFA s\u00edce \u017eiadne signifikantn\u00e9 \u00faspechy nepri\u0161li, v\u0161etci ale boli presved\u010den\u00ed, \u017ee pomal\u00fdmi krokmi sa klub pos\u00fava vpred.<\/p>\n<p>Aj v sez\u00f3ne 2008\/09 sa podarilo po nevydarenom \u0161tarte obsadi\u0165 piatu prie\u010dku. Minul\u00fa to po \u010fal\u0161om nevydarenom \u00favodnom scen\u00e1ri u\u017e nevydalo na Eur\u00f3psku Ligu, napriek tomu Evertonians sa sna\u017eili vidie\u0165 pozit\u00edvnu str\u00e1nku veci &#8211; mu\u017estvo m\u00f4\u017ee nadviaza\u0165 na uspokojuj\u00face v\u00fdkony v druhej polke sez\u00f3ny a absencia v EL znamen\u00e1 men\u0161ie z\u00e1pasov\u00e9 za\u0165a\u017eenie pre mu\u017estvo, t\u00fdm p\u00e1dom ho nebud\u00fa to\u013eko zu\u017eova\u0165 zranenia. O to v\u00e4\u010d\u0161ia je s\u00fa\u010dasn\u00e1 frustr\u00e1cia fan\u00fa\u0161ikov, ktor\u00ed boli e\u0161te pred prv\u00fdm ligov\u00fdm z\u00e1pasom s Blackburnom pln\u00ed o\u010dak\u00e1van\u00ed.<\/p>\n<p>Spo\u010diatku sa v\u00e4\u010d\u0161ina uspokojila s domnienkou, \u017ee ch\u00fdba hlavne kus \u0161\u0165astia a zakon\u010denie. Tradi\u010dn\u00e1 Moyesova form\u00e1cia s piatimi z\u00e1lo\u017en\u00edkmi s\u00edce prin\u00e1\u0161ala vysok\u00e9 percento dr\u017eania lopty v mnoh\u00fdch z\u00e1pasoch, no op\u00e4\u0165 sa za\u010dali oz\u00fdva\u0165 hlasy kritikov tohto rozostavenia, ktor\u00e9 asi k evertonsk\u00e9mu Bossovi nevyhnutne patr\u00ed. Len\u017ee objavuj\u00fa sa aj n\u00e1zory zast\u00e1vaj\u00face negat\u00edvny postoj aj k in\u00fdm str\u00e1nkam riadenia t\u00edmu z jeho strany.<\/p>\n<p>Na fan\u00fa\u0161ikovsk\u00fdch str\u00e1nkach ako bluekipper, toffeeweb ale aj na ofici\u00e1lnej klubovej webstr\u00e1nke sa dost\u00e1va pod pa\u013ebu kritiky nasadzovanie hr\u00e1\u010dov bez formy. Predmetom diskusi\u00ed s\u00fa hlavne \u00fato\u010dn\u00edci, ktor\u00ed zatia\u013e v Premier League zaznamenali mizern\u00e9 tri g\u00f3ly (2 Beckford, 1 Yakubu). Je hodn\u00e9 \u00fadivu, \u017ee DM sa st\u00e1le neob\u00e1val stava\u0165 Louisa Sahu, ktor\u00fd naposledy sk\u00f3roval 10. febru\u00e1ra proti Chelsea. Yakubu uk\u00e1zal p\u00e1r n\u00e1znakov mo\u017en\u00e9ho n\u00e1stupu formy, len\u017ee tento Nig\u00e9rij\u010dan sa vie podoba\u0165 na po\u010dasie a neraz je na \u0148om bada\u0165 kus nev\u00f4le k tvrdej pr\u00e1ci na ihrisku. Preva\u017ene ako striedaj\u00faci hr\u00e1\u010d si zahral Jermaine Beckford, no nemysl\u00edm si, \u017ee on je ten koho EFC potrebuje. Tento \u00fato\u010dn\u00edk s ve\u013ek\u00fdm egom sa s\u00edce postaral o dva d\u00f4le\u017eit\u00e9 vyrovn\u00e1vaj\u00face g\u00f3ly, ale ve\u013ek\u00e9 mno\u017estvo \u0161anc\u00ed premrhal zl\u00fdm zakon\u010den\u00edm alebo svojou pr\u00edli\u0161nou snahou o streleck\u00fd pokus v situ\u00e1ciach, ke\u010f mohol voli\u0165 lep\u0161ie rie\u0161enie, nehovoriac o jeho simulovan\u00ed v derby a in\u00fdch \u017ealostn\u00fdch pokusoch. Nie je treba hr\u00e1\u010da, ktor\u00fd vpredu \u010dak\u00e1 na loptu a ke\u010f ju dostane, vystrel\u00ed z 30 metrov na trib\u00fanu (a povie si &#8222;nevad\u00ed, nabud\u00face sa mo\u017eno podar\u00ed).<\/p>\n<p>Nie je mi jasn\u00e9, ak\u00fa bud\u00facnos\u0165 m\u00e1 Victor Anichebe. Ako \u00fato\u010dn\u00edk ma nepresved\u010dil a na kr\u00eddle ho vn\u00edmam sk\u00f4r ako n\u00fadzov\u00fa alternat\u00edvu (aj ke\u010f bohu\u017eia\u013e m\u00e1me tu \u010dasy ve\u013ekej n\u00fadze). Zauj\u00edmavej\u0161\u00ed pr\u00edpad je James Vaughan. Odchovanec klubu sa vr\u00e1til po hos\u0165ovan\u00ed v Crystal Palace, za ktor\u00fd vsietil 5 g\u00f3lov. Znepokojuj\u00fa ma spr\u00e1vy o tom, \u017ee by mal prest\u00fapi\u0165 do Cardiffu za 1 mili\u00f3n libier, preto\u017ee pr\u00e1ve v \u0148om vid\u00edm najv\u00e4\u010d\u0161\u00ed potenci\u00e1l zo v\u0161etk\u00fdch \u00fato\u010dn\u00edkov. Hoc jeho kari\u00e9ru dos\u0165 pozna\u010dili s\u00fastavn\u00e9 zranenia, st\u00e1le je relat\u00edvne mlad\u00fd a nepova\u017eujem ho za hr\u00e1\u010da n\u00e1chyln\u00e9ho na zranenia, sk\u00f4r v tom vid\u00edm obrovsk\u00fa smolu. Predov\u0161etk\u00fdm m\u00e1 pr\u00edstup a hern\u00fd \u0161t\u00fdl, ktor\u00fd Everton moment\u00e1lne potrebuje. Chodiaci polom\u0155tvi \u00fato\u010dn\u00edci s\u00fa dobr\u00ed len na to, aby pomohli Cahillovi sa presadi\u0165 t\u00fdm, \u017ee aspo\u0148 svojou pr\u00edtomnos\u0165ou zamestnaj\u00fa pozornos\u0165 s\u00faperovej obrany. Je treba niekoho, kto si to na ihrisku odmak\u00e1 a zvl\u00e1\u0161\u0165 ke\u010f nie je pr\u00e1ve \u010do strati\u0165, by som Vaughanovi dal \u0161ancu. Ak napokon od\u00edde za t\u00fa smie\u0161nu \u010diastku, mo\u017eno budeme potom bi\u0165 hlavou o stenu.<\/p>\n<p>Ve\u013ea sa hovor\u00ed o mo\u017en\u00fdch hos\u0165ovaniach. Ako u\u017e vieme, Landon Donovan nepr\u00edde. Moyes hovoril o trojici forwardov, ktor\u00ed vo svojich kluboch dost\u00e1vaj\u00fa m\u00e1lo pr\u00edle\u017eitost\u00ed. Menovite s\u00fa to Adebayor, Bendtner a Santa Cruz. Posledn\u00fd menovan\u00fd odmieta \u00eds\u0165 na hos\u0165ovanie, ale v podstate ani jeden z nich sa mi nepozd\u00e1va. Nedok\u00e1\u017eem si predstavi\u0165, ako by tieto osobit\u00e9 individu\u00e1 pozdvihli v\u00fdkony a v\u00fdsledky mu\u017estva. Zlou vo\u013ebou by nemusel by\u0165 Robbie Keane, ale ob\u00e1vam sa, \u017ee ani to nie je typ \u00fato\u010dn\u00edka, ktor\u00fd je treba. E\u0161te jednou mo\u017enos\u0165ou, o ktorej som po\u010dul, je trval\u00fd prestup Krisa Boyda. V Middlesbrough sa mu zatia\u013e strelecky nedar\u00ed, svoju kvalitu dok\u00e1zal zatia\u013e len v SPL a to sta\u010di\u0165 nemus\u00ed. Bral by som to ale st\u00e1le ako jednu z lep\u0161\u00edch mo\u017enost\u00ed. Ke\u010f u\u017e sme pri prestupoch a hos\u0165ovaniach, \u0161pekuluje sa o \u010fal\u0161om hr\u00e1\u010dovi Boro Davidovi Wheaterovi. Vzh\u013eadom k tomu, \u017ee v t\u00edme s\u00fa k dispoz\u00edcii iba traja naturalizovan\u00ed stop\u00e9ri, pr\u00edchod tohto 23-ro\u010dn\u00e9ho b\u00fdval\u00e9ho reprezentanta anglickej U21 by som len priv\u00edtal. Samozrejme to s\u00fa v\u0161etko len dohady o tom, \u010do sa skuto\u010dne bude dia\u0165.<\/p>\n<p>Len\u017ee probl\u00e9mom nie je len (ne)produktivita \u00fato\u010dn\u00edkov. Aj z\u00e1loha sa tr\u00e1pi. Ako som u\u017e spomenul, v niektor\u00fdch z\u00e1pasoch bola obrovsk\u00e1 prevaha v dr\u017ean\u00ed lopty. Na to, aby mu\u017estvo hralo s rozostaven\u00edm na jedn\u00e9ho \u00fato\u010dn\u00edka je potrebn\u00e1 o to v\u00e4\u010d\u0161ia d\u00e1vka kreativity a iniciat\u00edvy zo strany z\u00e1lo\u017en\u00edkov. A tu je pr\u00e1ve kame\u0148 \u00farazu. Mikel Arteta, od ktor\u00e9ho sa najviac o\u010dak\u00e1va obstar\u00e1vanie tvorivej str\u00e1nky hry, je bez formy. Alibisticky rozd\u00e1va lopty do str\u00e1n a jeho \u0161tandardky u\u017e neohrozuj\u00fa br\u00e1nu s\u00fapera. Pr\u00e1ve v jeho v\u00fdkonoch vid\u00edm najv\u00e4\u010d\u0161\u00ed deficit. Ostatn\u00ed \u010dlenovia z\u00e1lohy s v\u00fdnimkou Pienaara (za v\u00fddatnej v\u00fdpomoci Bainesa) to jednoducho nedok\u00e1\u017eu vynahradi\u0165. Kie\u017eby n\u00e1m bolo zn\u00e1me, \u010do sa odohr\u00e1va v hlave Juhoafri\u010dana. Doteraz nepodp\u00edsal lukrat\u00edvnu zmluvu, na ihrisku v\u0161ak d\u00e1va v\u0161etko a hovor\u00ed o tom, ako si v\u00e1\u017ei klub. Ktovie, \u010di nie je obe\u0165ou machin\u00e1cii a demag\u00f3gie svojho agenta. Jeho odchod by znamenal ve\u013ek\u00fa ranu pre hru z\u00e1lo\u017enej rady. \u010co sa t\u00fdka mlad\u00e9ho Colemana, dok\u00e1\u017ee narobi\u0165 oponentovi starosti a aj svojou sna\u017eivos\u0165ou si teraz zasl\u00fa\u017ei miesto v zostave, ale st\u00e1le je zbrkl\u00fd a nesk\u00fasen\u00fd. Ke\u010f nevie ako, \u010dasto str\u00e1ca lopty. Keby to situ\u00e1cia dovo\u013eovala, prospelo by mu pod\u013ea m\u0148a \u010fal\u0161ie hos\u0165ovanie.<\/p>\n<p>Obrane \u0165a\u017eko nie\u010do vy\u010d\u00edta\u0165. Spo\u010diatku nespo\u013eahliv\u00fd Distin teraz pod\u00e1va v\u00fdkony z inej dimenzie a\u017e je z neho v\u00e4\u010d\u0161ia istota ne\u017e Jagielka, ktor\u00fd ale tie\u017e permanentne pod\u00e1va uspokojiv\u00e9 v\u00fdkony. Na\u013eavo pod\u00e1va skvel\u00e9 v\u00fdkony Baines (ktor\u00fd je pri s\u00fa\u010dasnom zlo\u017een\u00ed mu\u017estva nenahradite\u013en\u00fd) a na pravej strane tie\u017e nevid\u00edm probl\u00e9m. Phil Neville nie je prototyp modern\u00e9ho krajn\u00e9ho beka, ale je to hr\u00e1\u010d, ktor\u00e9ho ka\u017ed\u00fd t\u00edm potrebuje. Tony Hibbert sa vzh\u013eadom k svojej lojalite nete\u0161\u00ed ve\u013ekej ob\u013eube fan\u00fa\u0161ikov, osobne ho ale vn\u00edmam ako pr\u00ednos svojim charakterom a na svojom poste vie by\u0165 spo\u013eahliv\u00fd.<\/p>\n<p>Probl\u00e9my je treba rie\u0161i\u0165. Nevhodn\u00e9 rie\u0161enia \u010di ignor\u00e1cia v\u0161ak predstavuj\u00fa sami o sebe azda ten najv\u00e4\u010d\u0161\u00ed probl\u00e9m. Tu nar\u00e1\u017eam na konven\u010dnos\u0165 Moyesa. U\u017e pri \u00fato\u010dn\u00edkoch a form\u00e1cii som pouk\u00e1zal na jeho tvrdohlavos\u0165 a zaslepenos\u0165. V poslednom z\u00e1pase proti WHU spravil jednu, no dos\u0165 nevydaren\u00fa zmenu. Cahilla dal hra\u0165 osamoten\u00e9ho na hrot a ten sa m\u00e1lokedy k nie\u010domu dostal, neust\u00e1le viedol s\u00faboje v obk\u013e\u00fa\u010den\u00ed hr\u00e1\u010dov Hammers. Tim rozhodne nie je \u00fato\u010dn\u00edk, ako si u\u017e len mohol poradi\u0165, ke\u010f na neho letel dlh\u00fd n\u00e1kop? So svojimi fyzick\u00fdmi parametrami a schopnos\u0165ami jednoducho nedok\u00e1zal vpredu t\u00fa loptu s\u00e1m vybojova\u0165 a podr\u017ea\u0165, jemu pr\u00e1ve\u017ee vyhovuje ak m\u00e1 pred sebou aspo\u0148 e\u0161te jedn\u00e9ho forwarda. T\u00fdm p\u00e1dom David Moyes pozmenil pr\u00e1ve t\u00fa str\u00e1nku hry, ktor\u00e1 fungovala a na tla\u010dovke sa nechal po\u010du\u0165, \u017ee podporova\u0165 ho mali Arteta (bez formy) a Rodwell. Nu\u017e ako si to presne v praxi predstavoval je pre m\u0148a z\u00e1hadou.<\/p>\n<p>V letnom prestupovom obdob\u00ed pri\u0161li do t\u00edmu mlad\u00e9 posily Magaye Gueye a Joa Silva. V k\u00e1dri s\u00fa \u010fal\u0161\u00ed mlad\u00edci ako Kieran Agard, Jose Baxter, Shane Duffy alebo spom\u00ednan\u00fd James Vaughan. Pre\u010do ale ani jeden z nich sa v\u00f4bec doteraz nedostal na ihrisko? Pre\u010do rad\u0161ej Moyes postav\u00ed do stredu obrany Hibberta, na ktorom je pozna\u0165, \u017ee nie je na ten post stavan\u00fd, ne\u017e Duffyho? Pre\u010do ide na ihrisko Anichebe a nie Baxter? Alebo chce DM v\u0161etk\u00fdch posla\u0165 na hos\u0165ovanie a potom za p\u00e1r babiek preda\u0165?<\/p>\n<p>\u010eal\u0161ou z\u00e1hadou je Diniyar Bilyaletdinov. Ma\u0165 na lavi\u010dke rusk\u00e9ho reprezentanta, ktor\u00fd pri\u0161iel do klubu za 10 mili\u00f3nov, sa mi vid\u00ed ako dos\u0165 ve\u013ek\u00fd luxus. Za svoje v\u00fdkony b\u00fdval kritizovan\u00fd, no je nutn\u00e9 zobra\u0165 na vedomie, \u017ee \u013eav\u00e9 kr\u00eddlo nie jeho prim\u00e1rny post. U\u017e \u010do nevidie\u0165 odch\u00e1dza Cahill na Asian Cup, \u010do je ide\u00e1lna pr\u00edle\u017eitos\u0165 da\u0165 Billymu priestor na vyniknutie na poste, ktor\u00fd mu sadne najviac. M\u00e1m len obavy z toho, \u017ee moje \u017eelanie nebude vysly\u0161an\u00e9 a tento hr\u00e1\u010d napokon od\u00edde za ni\u017e\u0161iu \u010diastku ne\u017e za ak\u00fa pri\u0161iel. Bohu\u017eia\u013e na ihrisko sa dost\u00e1va hlavne ako striedaj\u00faci hr\u00e1\u010d, \u010dasto u\u017e v takom \u010dase, \u017ee sotva mohol nie\u010do uk\u00e1za\u0165. Vrcholom bolo striedanie v poslednom avizovanom z\u00e1pase na Upton Parku, kde spolo\u010dne s Beckfordom sa dostali na p\u013eac v nadstavenom \u010dase. Skuto\u010dne si nemysl\u00edm, \u017ee na\u0165ahova\u0165 \u010das v z\u00e1pase, v ktorom s\u00fa potrebn\u00e9 3 body, je vhodn\u00e9 rie\u0161enie. E\u0161te k tomu miesto tr\u00e1piaceho sa Artetu \u0161iel dole Pienaar. Striedania b\u00fdvaj\u00fa neraz pre Evertonians nepr\u00edjemn\u00fdm \u201eprekvapen\u00edm\u201c. \u010casto m\u00e1 Moyes dojem, \u017ee striedanie jedin\u00e9ho \u00fato\u010dn\u00edka za \u010fal\u0161ieho \u00fato\u010dn\u00edka je sp\u00f4sob, ako nie\u010do spravi\u0165 s v\u00fdsledkom.<\/p>\n<p>Treba spomen\u00fa\u0165 aj ur\u010dit\u00fa nevyv\u00e1\u017eenos\u0165 v k\u00e1dri. V\u0161etci hr\u00e1\u010di, ktor\u00fdch Moyes stavia na post kr\u00eddla (Pienaar, Coleman, Bilyaletdinov, Osman, Anichebe, raz aj Rodwell) nie s\u00fa typick\u00ed kr\u00eddeln\u00edci. Evertonu ch\u00fdba hr\u00e1\u010d, ktor\u00fd by sa po\u010das bezmocn\u00e9ho obliehania br\u00e1ny rozbehol s loptou po lajne a poslal do v\u00e1pna center. O to sa pok\u00fa\u0161a akur\u00e1t tak Coleman, ale nedostatky v jeho hre som u\u017e stru\u010dne okomentoval. V k\u00e1dri s\u00fa teraz iba traja stredn\u00ed obrancovia, ch\u00fdba silov\u00fd vysok\u00fd typ \u00fato\u010dn\u00edka, \u010do by na tom hrote vyhr\u00e1val s\u00faboje.<\/p>\n<p>Bill Kenwright vklad\u00e1 do Moyesa obrovsk\u00fa d\u00f4veru a jeho poz\u00edcia v klube je napriek nepriazniv\u00fdm v\u00fdsledkom dos\u0165 pevn\u00e1. Sved\u010dia o tom aj jeho pr\u00e1vomoci. S\u00e1m prehl\u00e1sil, \u017ee v\u0161etky rozhodnutia id\u00fa cez neho a chce ma\u0165 v klube \u010do najv\u00e4\u010d\u0161iu mieru kontroly nad vecami. Prakticky si t\u00fdm pre svoje v\u00fdsledky sype popol na hlavu. Zlo\u017eenie mu\u017estva, prestupy, zostavy, striedania a (s\u00faperom dokonale prekuknut\u00e1) taktika, za to v\u0161etko mo\u017eno chv\u00e1li\u0165 i kritizova\u0165 mana\u017e\u00e9ra. Objavil sa aj jeden n\u00e1zor zva\u013euj\u00faci vinu na asistenta Stevea Rounda. Ten v\u0161ak s\u00e1m sotva za nie\u010do m\u00f4\u017ee. \u0160k\u00f3tsky \u201aman in charge\u2018 potrebuje pri sebe akur\u00e1t ma\u0165 nejak\u00e9ho \u201ayesmana\u2018, ktor\u00fd mu nebude do vec\u00ed pr\u00edli\u0161 keca\u0165 a bude sa hlavne venova\u0165 rozcvi\u010dke s hr\u00e1\u010dmi. Keby chcel ma\u0165 pri sebe taktick\u00e9ho poradcu (\u010do by sa naozaj zi\u0161lo), tak by ho zamestnal.<\/p>\n<p>Za hlavn\u00e9ho vinn\u00edka vzniknutej situ\u00e1cie teda pova\u017eujem Moyesovu dogmatick\u00fa tvrdohlavos\u0165. V \u00favode spomenut\u00fd kult osobnosti sa za\u010d\u00edna otriasa\u0165 v z\u00e1kladoch. N\u00e1zory fan\u00fa\u0161ikov sa r\u00f4znia. Jedni zd\u00f4raz\u0148uj\u00fa z ak\u00e9ho stavu vytiahol Everton nahor a zast\u00e1vaj\u00fa sa ho ako sa len d\u00e1. \u010eal\u0161\u00ed volia trpezliv\u00fd pr\u00edstup a veria, \u017ee prich\u00e1dzaj\u00faci janu\u00e1r a febru\u00e1r prines\u00fa tradi\u010dn\u00fa formu. Bez dynamick\u00e9ho typu hr\u00e1\u010da al\u00e1 Donovan a Cahilla sa tak\u00e9 \u010dosi predstavuje len s ve\u013ekou d\u00e1vkou fant\u00e1zie. In\u00fdm u\u017e trpezlivos\u0165 doch\u00e1dza a s\u00fa presved\u010den\u00ed, \u017ee napriek z\u00e1sluh\u00e1m u\u017e DM nem\u00e1 \u010do pon\u00faknu\u0165 a v tomto \u0161t\u00e1diu len brzd\u00ed posun klubu, resp. sa s n\u00edm \u017eenie nasp\u00e4\u0165 tam, odkia\u013e ho vytiahol. S\u00e1m neviem k \u010domu sa m\u00e1m ja prikloni\u0165, viac-menej sa e\u0161te udr\u017eiavam v naivnom presved\u010den\u00ed o zlep\u0161en\u00ed. Kto by ho u\u017e len nahradil? Ve\u013ea odv\u00e1\u017elivcov ochotn\u00fdch pracova\u0165 s tak obmedzen\u00fdm rozpo\u010dtom by sa nena\u0161lo. Kvalita v k\u00e1dri je ur\u010dite dosta\u010duj\u00faca na to, aby sa Everton umiestnil vy\u0161\u0161ie ne\u017e v strede tabu\u013eky. Teraz ale napriek 11. prie\u010dke je trojbodov\u00e1 vzdialenos\u0165 od zostupov\u00e9ho p\u00e1sma.<\/p>\n<p>N\u00e1zory sa rozch\u00e1dzaj\u00fa aj oh\u013eadne Billa Kenwrighta. Niekto hovor\u00ed o tom, ako je riadite\u013e a majoritn\u00fd vlastn\u00edk vern\u00fdm priaznivcom klubu u\u017e od detstva a chce len to najlep\u0161ie, preto ned\u00e1 svoje vlastn\u00edctvo do r\u00fak niekomu, kto by z EFC spravil k\u00f3piu Chelsea alebo Man City. Niektor\u00ed mu zase u\u017e neveria a domnievaj\u00fa sa, \u017ee v skuto\u010dnosti neh\u013ead\u00e1 \u017eiadneho majite\u013ea, ktor\u00fd by priniesol v\u00e4\u010d\u0161\u00ed finan\u010dn\u00fd kapit\u00e1l. Vo svojich prehl\u00e1seniach tvrd\u00ed, \u017ee neust\u00e1le h\u013ead\u00e1 seri\u00f3zneho z\u00e1ujemcu, ale doteraz sa neobjavil nik tak\u00fd, kto by mal skuto\u010dn\u00fd z\u00e1ujem pozdvihn\u00fa\u0165 Everton. Je ve\u013ea fan\u00fa\u0161ikov, ktor\u00ed si \u017eelaj\u00fa, aby trad\u00edcie a identita klubu boli zachovan\u00e9. Rovnako sa n\u00e1jdu aj tak\u00ed, ktor\u00ed uprednost\u0148uj\u00fa krok s dobou a hon po \u00faspechu oproti idealistick\u00fdm predstav\u00e1m.<\/p>\n<p>Nejasnosti sa t\u00fdkaj\u00fa aj \u0161tadi\u00f3nu. Projekt Kirkby (na moje pote\u0161enie) neuspel a tak h\u013eadanie nov\u00e9ho domova e\u0161te asi ve\u013emi dlho potrv\u00e1. Hovorilo sa u\u017e aj konkr\u00e9tne o mnoh\u00fdch lok\u00e1ciach, o intenz\u00edvnom jednan\u00ed s mestskou radou Liverpoolu (ktor\u00e1 u\u017e Everton raz podrazila), o spolo\u010dnom \u0161tadi\u00f3ne s LFC, ktor\u00fd by mohol by\u0165 rie\u0161en\u00edm kv\u00f4li finan\u010dnej situ\u00e1cii oboch klubov ale z\u00e1rove\u0148 je t\u00e1to my\u0161lienka nepopul\u00e1rna u priaznivcov na jednej i druhej strane, ba hovor\u00ed sa o mo\u017enej rekon\u0161trukci\u00ed Goodison Parku, v s\u00favislosti s ktorou sa v\u0161ak vyskytuj\u00fa viacer\u00e9 komplik\u00e1cie.<\/p>\n<p>Bud\u00facnos\u0165 Evertonu je pln\u00e1 ot\u00e1znikov. Nik nevie, \u010do prinesie zimn\u00e9 prestupov\u00e9 obdobie a zvy\u0161ok sez\u00f3ny, \u010do bude s klubom ako tak\u00fdm a \u010di David Moyes dok\u00e1\u017ee e\u0161te nie\u010do vy\u010darova\u0165. \u00datechu prin\u00e1\u0161a fakt, \u017ee klub je napriek dlhu relat\u00edvne ekonomicky stabiln\u00fd, \u010d\u00edm sa nie ka\u017ed\u00fd m\u00f4\u017ee pochv\u00e1li\u0165 a je tu slu\u0161n\u00e1 produkcia ml\u00e1de\u017en\u00edckej akad\u00e9mie. Navy\u0161e kto sleduje ofici\u00e1lne klubov\u00e9 str\u00e1nky vie, \u017ee Everton je dos\u0165 akt\u00edvny v charitat\u00edvnej \u010dinnosti, \u010do je dos\u0165 pekn\u00e9 a chv\u00e1lyhodn\u00e9. Klub sa nach\u00e1dza na takom rozcest\u00ed, z ktor\u00e9ho sotva vidno ur\u010dit\u00fa cestu. Ospravedl\u0148ujem sa \u010ditate\u013eom, \u017ee m\u00f4j \u010dl\u00e1nok neprin\u00e1\u0161a \u017eiadne prevratn\u00e9 fakty a inform\u00e1cie, \u0161lo mi len o p\u00edsomn\u00e9 kon\u0161tatovanie okolnost\u00ed. Na z\u00e1ver u\u017e len &#8211; God save the Blues&#8230;<\/p>\n","protected":false},"excerpt":{"rendered":"<p>Dovo\u013eujem si sem vlo\u017ei\u0165 svoj blog z premierleague.cz, v ktorom som sa pok\u00fa\u0161al pop\u00edsa\u0165 vlastn\u00fd poh\u013ead na s\u00fa\u010dasn\u00e9 dianie v&hellip;<\/p>\n","protected":false},"author":11,"featured_media":1310,"comment_status":"open","ping_status":"closed","sticky":false,"template":"","format":"standard","meta":{"_eb_attr":"","_monsterinsights_skip_tracking":false,"_monsterinsights_sitenote_active":false,"_monsterinsights_sitenote_note":"","_monsterinsights_sitenote_category":0,"footnotes":""},"categories":[39],"tags":[],"yoast_head":"<!-- This site is optimized with the Yoast SEO plugin v23.4 - https:\/\/yoast.com\/wordpress\/plugins\/seo\/ -->\n<title>Hmlist\u00e1 bud\u00facnos\u0165 - Official Czech &amp; Slovak Everton Supporters&#039; Club<\/title>\n<meta name=\"robots\" content=\"index, follow, max-snippet:-1, max-image-preview:large, max-video-preview:-1\" \/>\n<link rel=\"canonical\" href=\"https:\/\/evertonfc.cz\/index.php\/2011\/01\/01\/hmlista-buducnost\/\" \/>\n<meta property=\"og:locale\" content=\"cs_CZ\" \/>\n<meta property=\"og:type\" content=\"article\" \/>\n<meta property=\"og:title\" content=\"Hmlist\u00e1 bud\u00facnos\u0165 - Official Czech &amp; Slovak Everton Supporters&#039; Club\" \/>\n<meta property=\"og:description\" content=\"Dovo\u013eujem si sem vlo\u017ei\u0165 svoj blog z premierleague.cz, v ktorom som sa pok\u00fa\u0161al pop\u00edsa\u0165 vlastn\u00fd poh\u013ead na s\u00fa\u010dasn\u00e9 dianie v&hellip;\" \/>\n<meta property=\"og:url\" content=\"https:\/\/evertonfc.cz\/index.php\/2011\/01\/01\/hmlista-buducnost\/\" \/>\n<meta property=\"og:site_name\" content=\"Official Czech &amp; Slovak Everton Supporters&#039; Club\" \/>\n<meta property=\"article:publisher\" content=\"https:\/\/www.facebook.com\/everton.fans.cz.sk\" \/>\n<meta property=\"article:published_time\" content=\"2011-01-01T20:43:05+00:00\" \/>\n<meta property=\"article:modified_time\" content=\"2019-02-11T20:44:13+00:00\" \/>\n<meta property=\"og:image\" content=\"https:\/\/evertonfc.cz\/wp-content\/uploads\/2019\/01\/blog.jpg\" \/>\n\t<meta property=\"og:image:width\" content=\"720\" \/>\n\t<meta property=\"og:image:height\" content=\"405\" \/>\n\t<meta property=\"og:image:type\" content=\"image\/jpeg\" \/>\n<meta name=\"author\" content=\"TheRoyalBlue\" \/>\n<meta name=\"twitter:card\" content=\"summary_large_image\" \/>\n<meta name=\"twitter:label1\" content=\"Napsal(a)\" \/>\n\t<meta name=\"twitter:data1\" content=\"TheRoyalBlue\" \/>\n\t<meta name=\"twitter:label2\" content=\"Odhadovan\u00e1 doba \u010dten\u00ed\" \/>\n\t<meta name=\"twitter:data2\" content=\"14 minut\" \/>\n<script type=\"application\/ld+json\" class=\"yoast-schema-graph\">{\"@context\":\"https:\/\/schema.org\",\"@graph\":[{\"@type\":\"Article\",\"@id\":\"https:\/\/evertonfc.cz\/index.php\/2011\/01\/01\/hmlista-buducnost\/#article\",\"isPartOf\":{\"@id\":\"https:\/\/evertonfc.cz\/index.php\/2011\/01\/01\/hmlista-buducnost\/\"},\"author\":{\"name\":\"TheRoyalBlue\",\"@id\":\"https:\/\/evertonfc.cz\/#\/schema\/person\/dd301a73511f24bbb41d5b9fb3abb91d\"},\"headline\":\"Hmlist\u00e1 bud\u00facnos\u0165\",\"datePublished\":\"2011-01-01T20:43:05+00:00\",\"dateModified\":\"2019-02-11T20:44:13+00:00\",\"mainEntityOfPage\":{\"@id\":\"https:\/\/evertonfc.cz\/index.php\/2011\/01\/01\/hmlista-buducnost\/\"},\"wordCount\":2817,\"commentCount\":0,\"publisher\":{\"@id\":\"https:\/\/evertonfc.cz\/#organization\"},\"image\":{\"@id\":\"https:\/\/evertonfc.cz\/index.php\/2011\/01\/01\/hmlista-buducnost\/#primaryimage\"},\"thumbnailUrl\":\"https:\/\/evertonfc.cz\/wp-content\/uploads\/2019\/01\/blog.jpg\",\"articleSection\":[\"Blog\"],\"inLanguage\":\"cs\",\"potentialAction\":[{\"@type\":\"CommentAction\",\"name\":\"Comment\",\"target\":[\"https:\/\/evertonfc.cz\/index.php\/2011\/01\/01\/hmlista-buducnost\/#respond\"]}]},{\"@type\":\"WebPage\",\"@id\":\"https:\/\/evertonfc.cz\/index.php\/2011\/01\/01\/hmlista-buducnost\/\",\"url\":\"https:\/\/evertonfc.cz\/index.php\/2011\/01\/01\/hmlista-buducnost\/\",\"name\":\"Hmlist\u00e1 bud\u00facnos\u0165 - Official Czech &amp; Slovak Everton Supporters&#039; Club\",\"isPartOf\":{\"@id\":\"https:\/\/evertonfc.cz\/#website\"},\"primaryImageOfPage\":{\"@id\":\"https:\/\/evertonfc.cz\/index.php\/2011\/01\/01\/hmlista-buducnost\/#primaryimage\"},\"image\":{\"@id\":\"https:\/\/evertonfc.cz\/index.php\/2011\/01\/01\/hmlista-buducnost\/#primaryimage\"},\"thumbnailUrl\":\"https:\/\/evertonfc.cz\/wp-content\/uploads\/2019\/01\/blog.jpg\",\"datePublished\":\"2011-01-01T20:43:05+00:00\",\"dateModified\":\"2019-02-11T20:44:13+00:00\",\"breadcrumb\":{\"@id\":\"https:\/\/evertonfc.cz\/index.php\/2011\/01\/01\/hmlista-buducnost\/#breadcrumb\"},\"inLanguage\":\"cs\",\"potentialAction\":[{\"@type\":\"ReadAction\",\"target\":[\"https:\/\/evertonfc.cz\/index.php\/2011\/01\/01\/hmlista-buducnost\/\"]}]},{\"@type\":\"ImageObject\",\"inLanguage\":\"cs\",\"@id\":\"https:\/\/evertonfc.cz\/index.php\/2011\/01\/01\/hmlista-buducnost\/#primaryimage\",\"url\":\"https:\/\/evertonfc.cz\/wp-content\/uploads\/2019\/01\/blog.jpg\",\"contentUrl\":\"https:\/\/evertonfc.cz\/wp-content\/uploads\/2019\/01\/blog.jpg\",\"width\":720,\"height\":405},{\"@type\":\"BreadcrumbList\",\"@id\":\"https:\/\/evertonfc.cz\/index.php\/2011\/01\/01\/hmlista-buducnost\/#breadcrumb\",\"itemListElement\":[{\"@type\":\"ListItem\",\"position\":1,\"name\":\"Home\",\"item\":\"https:\/\/evertonfc.cz\/\"},{\"@type\":\"ListItem\",\"position\":2,\"name\":\"Hmlist\u00e1 bud\u00facnos\u0165\"}]},{\"@type\":\"WebSite\",\"@id\":\"https:\/\/evertonfc.cz\/#website\",\"url\":\"https:\/\/evertonfc.cz\/\",\"name\":\"Official Czech &amp; Slovak Everton Supporters&#039; Club\",\"description\":\"\",\"publisher\":{\"@id\":\"https:\/\/evertonfc.cz\/#organization\"},\"potentialAction\":[{\"@type\":\"SearchAction\",\"target\":{\"@type\":\"EntryPoint\",\"urlTemplate\":\"https:\/\/evertonfc.cz\/?s={search_term_string}\"},\"query-input\":{\"@type\":\"PropertyValueSpecification\",\"valueRequired\":true,\"valueName\":\"search_term_string\"}}],\"inLanguage\":\"cs\"},{\"@type\":\"Organization\",\"@id\":\"https:\/\/evertonfc.cz\/#organization\",\"name\":\"Official Czech & Slovak Everton Supporters' Club\",\"url\":\"https:\/\/evertonfc.cz\/\",\"logo\":{\"@type\":\"ImageObject\",\"inLanguage\":\"cs\",\"@id\":\"https:\/\/evertonfc.cz\/#\/schema\/logo\/image\/\",\"url\":\"https:\/\/evertonfc.cz\/wp-content\/uploads\/2019\/05\/logo.png\",\"contentUrl\":\"https:\/\/evertonfc.cz\/wp-content\/uploads\/2019\/05\/logo.png\",\"width\":112,\"height\":112,\"caption\":\"Official Czech & Slovak Everton Supporters' Club\"},\"image\":{\"@id\":\"https:\/\/evertonfc.cz\/#\/schema\/logo\/image\/\"},\"sameAs\":[\"https:\/\/www.facebook.com\/everton.fans.cz.sk\"]},{\"@type\":\"Person\",\"@id\":\"https:\/\/evertonfc.cz\/#\/schema\/person\/dd301a73511f24bbb41d5b9fb3abb91d\",\"name\":\"TheRoyalBlue\",\"url\":\"https:\/\/evertonfc.cz\/index.php\/author\/theroyalblue\/\"}]}<\/script>\n<!-- \/ Yoast SEO plugin. -->","yoast_head_json":{"title":"Hmlist\u00e1 bud\u00facnos\u0165 - Official Czech &amp; Slovak Everton Supporters&#039; Club","robots":{"index":"index","follow":"follow","max-snippet":"max-snippet:-1","max-image-preview":"max-image-preview:large","max-video-preview":"max-video-preview:-1"},"canonical":"https:\/\/evertonfc.cz\/index.php\/2011\/01\/01\/hmlista-buducnost\/","og_locale":"cs_CZ","og_type":"article","og_title":"Hmlist\u00e1 bud\u00facnos\u0165 - Official Czech &amp; Slovak Everton Supporters&#039; Club","og_description":"Dovo\u013eujem si sem vlo\u017ei\u0165 svoj blog z premierleague.cz, v ktorom som sa pok\u00fa\u0161al pop\u00edsa\u0165 vlastn\u00fd poh\u013ead na s\u00fa\u010dasn\u00e9 dianie v&hellip;","og_url":"https:\/\/evertonfc.cz\/index.php\/2011\/01\/01\/hmlista-buducnost\/","og_site_name":"Official Czech &amp; Slovak Everton Supporters&#039; Club","article_publisher":"https:\/\/www.facebook.com\/everton.fans.cz.sk","article_published_time":"2011-01-01T20:43:05+00:00","article_modified_time":"2019-02-11T20:44:13+00:00","og_image":[{"width":720,"height":405,"url":"https:\/\/evertonfc.cz\/wp-content\/uploads\/2019\/01\/blog.jpg","type":"image\/jpeg"}],"author":"TheRoyalBlue","twitter_card":"summary_large_image","twitter_misc":{"Napsal(a)":"TheRoyalBlue","Odhadovan\u00e1 doba \u010dten\u00ed":"14 minut"},"schema":{"@context":"https:\/\/schema.org","@graph":[{"@type":"Article","@id":"https:\/\/evertonfc.cz\/index.php\/2011\/01\/01\/hmlista-buducnost\/#article","isPartOf":{"@id":"https:\/\/evertonfc.cz\/index.php\/2011\/01\/01\/hmlista-buducnost\/"},"author":{"name":"TheRoyalBlue","@id":"https:\/\/evertonfc.cz\/#\/schema\/person\/dd301a73511f24bbb41d5b9fb3abb91d"},"headline":"Hmlist\u00e1 bud\u00facnos\u0165","datePublished":"2011-01-01T20:43:05+00:00","dateModified":"2019-02-11T20:44:13+00:00","mainEntityOfPage":{"@id":"https:\/\/evertonfc.cz\/index.php\/2011\/01\/01\/hmlista-buducnost\/"},"wordCount":2817,"commentCount":0,"publisher":{"@id":"https:\/\/evertonfc.cz\/#organization"},"image":{"@id":"https:\/\/evertonfc.cz\/index.php\/2011\/01\/01\/hmlista-buducnost\/#primaryimage"},"thumbnailUrl":"https:\/\/evertonfc.cz\/wp-content\/uploads\/2019\/01\/blog.jpg","articleSection":["Blog"],"inLanguage":"cs","potentialAction":[{"@type":"CommentAction","name":"Comment","target":["https:\/\/evertonfc.cz\/index.php\/2011\/01\/01\/hmlista-buducnost\/#respond"]}]},{"@type":"WebPage","@id":"https:\/\/evertonfc.cz\/index.php\/2011\/01\/01\/hmlista-buducnost\/","url":"https:\/\/evertonfc.cz\/index.php\/2011\/01\/01\/hmlista-buducnost\/","name":"Hmlist\u00e1 bud\u00facnos\u0165 - Official Czech &amp; Slovak Everton Supporters&#039; Club","isPartOf":{"@id":"https:\/\/evertonfc.cz\/#website"},"primaryImageOfPage":{"@id":"https:\/\/evertonfc.cz\/index.php\/2011\/01\/01\/hmlista-buducnost\/#primaryimage"},"image":{"@id":"https:\/\/evertonfc.cz\/index.php\/2011\/01\/01\/hmlista-buducnost\/#primaryimage"},"thumbnailUrl":"https:\/\/evertonfc.cz\/wp-content\/uploads\/2019\/01\/blog.jpg","datePublished":"2011-01-01T20:43:05+00:00","dateModified":"2019-02-11T20:44:13+00:00","breadcrumb":{"@id":"https:\/\/evertonfc.cz\/index.php\/2011\/01\/01\/hmlista-buducnost\/#breadcrumb"},"inLanguage":"cs","potentialAction":[{"@type":"ReadAction","target":["https:\/\/evertonfc.cz\/index.php\/2011\/01\/01\/hmlista-buducnost\/"]}]},{"@type":"ImageObject","inLanguage":"cs","@id":"https:\/\/evertonfc.cz\/index.php\/2011\/01\/01\/hmlista-buducnost\/#primaryimage","url":"https:\/\/evertonfc.cz\/wp-content\/uploads\/2019\/01\/blog.jpg","contentUrl":"https:\/\/evertonfc.cz\/wp-content\/uploads\/2019\/01\/blog.jpg","width":720,"height":405},{"@type":"BreadcrumbList","@id":"https:\/\/evertonfc.cz\/index.php\/2011\/01\/01\/hmlista-buducnost\/#breadcrumb","itemListElement":[{"@type":"ListItem","position":1,"name":"Home","item":"https:\/\/evertonfc.cz\/"},{"@type":"ListItem","position":2,"name":"Hmlist\u00e1 bud\u00facnos\u0165"}]},{"@type":"WebSite","@id":"https:\/\/evertonfc.cz\/#website","url":"https:\/\/evertonfc.cz\/","name":"Official Czech &amp; Slovak Everton Supporters&#039; Club","description":"","publisher":{"@id":"https:\/\/evertonfc.cz\/#organization"},"potentialAction":[{"@type":"SearchAction","target":{"@type":"EntryPoint","urlTemplate":"https:\/\/evertonfc.cz\/?s={search_term_string}"},"query-input":{"@type":"PropertyValueSpecification","valueRequired":true,"valueName":"search_term_string"}}],"inLanguage":"cs"},{"@type":"Organization","@id":"https:\/\/evertonfc.cz\/#organization","name":"Official Czech & Slovak Everton Supporters' Club","url":"https:\/\/evertonfc.cz\/","logo":{"@type":"ImageObject","inLanguage":"cs","@id":"https:\/\/evertonfc.cz\/#\/schema\/logo\/image\/","url":"https:\/\/evertonfc.cz\/wp-content\/uploads\/2019\/05\/logo.png","contentUrl":"https:\/\/evertonfc.cz\/wp-content\/uploads\/2019\/05\/logo.png","width":112,"height":112,"caption":"Official Czech & Slovak Everton Supporters' Club"},"image":{"@id":"https:\/\/evertonfc.cz\/#\/schema\/logo\/image\/"},"sameAs":["https:\/\/www.facebook.com\/everton.fans.cz.sk"]},{"@type":"Person","@id":"https:\/\/evertonfc.cz\/#\/schema\/person\/dd301a73511f24bbb41d5b9fb3abb91d","name":"TheRoyalBlue","url":"https:\/\/evertonfc.cz\/index.php\/author\/theroyalblue\/"}]}},"_links":{"self":[{"href":"https:\/\/evertonfc.cz\/index.php\/wp-json\/wp\/v2\/posts\/3633"}],"collection":[{"href":"https:\/\/evertonfc.cz\/index.php\/wp-json\/wp\/v2\/posts"}],"about":[{"href":"https:\/\/evertonfc.cz\/index.php\/wp-json\/wp\/v2\/types\/post"}],"author":[{"embeddable":true,"href":"https:\/\/evertonfc.cz\/index.php\/wp-json\/wp\/v2\/users\/11"}],"replies":[{"embeddable":true,"href":"https:\/\/evertonfc.cz\/index.php\/wp-json\/wp\/v2\/comments?post=3633"}],"version-history":[{"count":1,"href":"https:\/\/evertonfc.cz\/index.php\/wp-json\/wp\/v2\/posts\/3633\/revisions"}],"predecessor-version":[{"id":3634,"href":"https:\/\/evertonfc.cz\/index.php\/wp-json\/wp\/v2\/posts\/3633\/revisions\/3634"}],"wp:featuredmedia":[{"embeddable":true,"href":"https:\/\/evertonfc.cz\/index.php\/wp-json\/wp\/v2\/media\/1310"}],"wp:attachment":[{"href":"https:\/\/evertonfc.cz\/index.php\/wp-json\/wp\/v2\/media?parent=3633"}],"wp:term":[{"taxonomy":"category","embeddable":true,"href":"https:\/\/evertonfc.cz\/index.php\/wp-json\/wp\/v2\/categories?post=3633"},{"taxonomy":"post_tag","embeddable":true,"href":"https:\/\/evertonfc.cz\/index.php\/wp-json\/wp\/v2\/tags?post=3633"}],"curies":[{"name":"wp","href":"https:\/\/api.w.org\/{rel}","templated":true}]}}