{"id":3635,"date":"2011-01-04T21:44:26","date_gmt":"2011-01-04T20:44:26","guid":{"rendered":"http:\/\/evertonfc.cz\/?p=3635"},"modified":"2019-02-11T21:47:24","modified_gmt":"2019-02-11T20:47:24","slug":"donovan-chci-se-vratit","status":"publish","type":"post","link":"https:\/\/evertonfc.cz\/index.php\/2011\/01\/04\/donovan-chci-se-vratit\/","title":{"rendered":"Donovan: Chci se vr\u00e1tit"},"content":{"rendered":"<h4>Leto\u0161n\u00ed zimu n\u00e1m sice nezpest\u0159\u00ed, p\u0159esto m\u00e1 Landon Donovan do budoucna jasno. Modr\u00fd dres tou\u017e\u00ed znovu obl\u00e9knout a \u010d\u00edm d\u0159\u00edve, t\u00edm l\u00e9pe.<\/h4>\n<p>13 z\u00e1pas\u016f, 2 g\u00f3ly. I tak m\u00e1lo sta\u010dilo, aby se Landon Donovan stal b\u011bhem lo\u0148sk\u00e9ho dvou a p\u016flm\u011bs\u00ed\u010dn\u00edho hostov\u00e1n\u00ed velk\u00fdm obl\u00edbencem. Plat\u00ed to v\u0161ak oboustrann\u011b. Zklaman\u00e9 fandy Blues kte\u0159\u00ed v\u011b\u0159ili, \u017ee Ameri\u010dan na svou premi\u00e9rovou zku\u0161enost s anglick\u00fdm fotbalem nav\u00e1\u017ee druhou hostova\u010dkou v Merseyside, v\u0161ak Landon uklid\u0148uje. Vr\u00e1tit se chce, v leto\u0161n\u00edm roce ale zkr\u00e1tka dal p\u0159ednost regeneraci.<\/p>\n<p><em>\u201eNev\u00edm, jak vypad\u00e1 skute\u010dn\u00e1 omluva, ale pokud se pod\u00edv\u00e1te do Disneylandu, kdy\u017e je v\u00e1m p\u011bt let, v\u00edte, \u017ee se jednou chcete vr\u00e1tit. Nev\u00edm, v jak\u00e9 d\u00e9lce to bude, ale douf\u00e1m, skute\u010dn\u011b douf\u00e1m, \u017ee nab\u00eddka po\u0159\u00e1d plat\u00ed, co\u017e se koneckonc\u016f projevilo i v m\u00e9m leto\u0161n\u00edm rozhodnut\u00ed,\u201c<\/em>\u00a0\u0159\u00edk\u00e1 Donovan.<\/p>\n<p><em>\u201eHodn\u011b jsem nad t\u00edm p\u0159em\u00fd\u0161lel a \u0159\u00edkal jsem si, &#8222;Pokud \u0159ekne\u0161 ne, co se bude d\u00edt p\u0159\u00ed\u0161t\u00ed rok? Budou m\u011b je\u0161t\u011b cht\u00edt?&#8220; Bylo to t\u011b\u017ek\u00e9, proto\u017ee jsem si necht\u011bl zav\u0159\u00edt dve\u0159e, t\u00e9 p\u0159\u00edle\u017eitosti chci znovu vyu\u017e\u00edt. Pokud tu \u0161anci u\u017e nedostanu&#8230; M\u00e1m na mysli, \u017ee u\u017e te\u010f je ze m\u011b stejn\u011b Evertonian a\u017e do smrti.\u201c<\/em><\/p>\n<p>Rod\u00e1k z Kalifornie si v Evertonu zahr\u00e1l b\u011bhem nejvyda\u0159en\u011bj\u0161\u00edho obdob\u00ed sezony. Jen vte\u0159iny tehdy Toffees d\u011blilo od v\u00edt\u011bzstv\u00ed na Emirates Stadium, byl sv\u011bdkem v\u00fdher nad Manchesterem City, Chelsea i Manchesterem United. D\u00edky skv\u011bl\u00fdm vzpom\u00ednk\u00e1m tak osmadvacetilet\u00fd univerz\u00e1ln\u00ed forvard p\u0159izn\u00e1v\u00e1, \u017ee nab\u00eddku Davida Moyese odm\u00edtl jen neochotn\u011b. Unaven\u00e9 t\u011blo ale muselo dostat p\u0159ednost.<\/p>\n<p><em>\u201eNebylo to snadn\u00e9. Kdy\u017e n\u00e1m skon\u010dila sezona, m\u00fdm prvn\u00edm dojmem bylo, \u017ee nen\u00ed \u017e\u00e1dn\u00e1 \u0161ance, \u017ee bych byl na hran\u00ed v Evertonu p\u0159ipraven\u00fd. O tom, \u017ee by to p\u0159ece jen bylo mo\u017en\u00e9, jsem za\u010dal uva\u017eovat dokonce teprve p\u0159ed n\u011bkolika t\u00fddny. M\u011bl jsem \u0161anci mluvit s Davidem Moyesem a hostov\u00e1n\u00ed jsme prob\u00edrali.<\/em><\/p>\n<p><em>Dal jsem mu v\u011bd\u011bt, \u017ee v polovin\u011b prosince jsem odj\u00ed\u017ed\u011bl na Havaj, abych si ut\u0159\u00eddil my\u0161lenky a trochu vydechl. I po konci dovolen\u00e9 jsem ale c\u00edtil, \u017ee t\u011blo st\u00e1le nen\u00ed p\u0159ipraven\u00e9,\u201c<\/em>\u00a0\u0159\u00edk\u00e1 kapit\u00e1n americk\u00e9 reprezentace, jen\u017e m\u00e1 za sebou bezm\u00e1la dva roky t\u00e9m\u011b\u0159 nep\u0159etr\u017eit\u00e9ho hern\u00edho vyt\u00ed\u017een\u00ed.<\/p>\n<p><em>\u201eV\u011bd\u011bl jsem, \u017ee by neprosp\u011blo nikomu, kdybych odjel do Anglie a nebyl pln\u011b p\u0159ipraven\u00fd &#8211; nepomohlo by to m\u011b, nepomohlo by to t\u00fdmu. Ale st\u00e1le to bylo t\u011b\u017ek\u00e9, proto\u017ee loni to bylo fantastick\u00fdch n\u011bkolik m\u011bs\u00edc\u016f. V\u0161echno ve m\u011b mi napov\u00eddalo, \u017ee n\u011bjak by to fungovat mohlo, ale nakonec by to nebylo f\u00e9r v\u016f\u010di Galaxy, kte\u0159\u00ed m\u011b plat\u00ed a tak\u00e9 americk\u00e9mu n\u00e1rodn\u00edmu t\u00fdmu, kter\u00fd m\u00e1 p\u0159ed sebou d\u016fle\u017eit\u00fd a velk\u00fd rok. Tak\u017ee zelenou dostal rozumn\u011bj\u0161\u00ed d\u016fvod, a\u010dkoliv srdce mi st\u00e1le \u0159\u00edkalo, a\u0165 se rozhodnu pro Everton.\u201c<\/em><\/p>\n<p>Ve slo\u017eit\u00e9m rozhodov\u00e1n\u00ed pak v neposledn\u00ed \u0159ad\u011b hr\u00e1li roli i fanou\u0161ci, kte\u0159\u00ed se se sv\u00fdm nov\u00fdm obl\u00edbencem v b\u0159eznu minul\u00e9ho roku lou\u010dili jen neradi.<em>\u00a0\u201e\u017d\u00e1dnou podobnou zku\u0161enost jsem v \u017eivot\u011b neza\u017eil,\u201c\u00a0<\/em>p\u0159izn\u00e1v\u00e1<em>. \u201eBylo to neuv\u011b\u0159iteln\u00e9 a od prvn\u00edho dne jsem se d\u00edky tomu c\u00edtil jako doma.<\/em><\/p>\n<p><em>Pokud by m\u011b kontaktoval jin\u00fd klub, abych p\u0159i\u0161el na hostov\u00e1n\u00ed &#8211; a p\u00e1r jich skute\u010dn\u011b bylo &#8211; moj\u00ed odpov\u011bd\u00ed bylo, \u201cNe d\u00edky. V\u016fbec nem\u00e1m z\u00e1jem.\u201c P\u0159em\u00fd\u0161lel jsem nad lo\u0148sk\u00fdm rokem a bylo neuv\u011b\u0159iteln\u011b t\u011b\u017ek\u00e9 \u0159\u00edct ne, ale mus\u00edm b\u00fdt rozumn\u00fd a d\u011blat spr\u00e1vn\u00e1 rozhodnut\u00ed. Moje srdce ale z\u00e1sadn\u011b nesouhlasilo.\u201c <\/em>dod\u00e1v\u00e1.<\/p>\n","protected":false},"excerpt":{"rendered":"<p>Leto\u0161n\u00ed zimu n\u00e1m sice nezpest\u0159\u00ed, p\u0159esto m\u00e1 Landon Donovan do budoucna jasno. Modr\u00fd dres tou\u017e\u00ed znovu obl\u00e9knout a \u010d\u00edm d\u0159\u00edve,&hellip;<\/p>\n","protected":false},"author":7,"featured_media":1312,"comment_status":"open","ping_status":"closed","sticky":false,"template":"","format":"standard","meta":{"_eb_attr":"","_monsterinsights_skip_tracking":false,"_monsterinsights_sitenote_active":false,"_monsterinsights_sitenote_note":"","_monsterinsights_sitenote_category":0,"footnotes":""},"categories":[1],"tags":[],"yoast_head":"<!-- This site is optimized with the Yoast SEO plugin v23.4 - https:\/\/yoast.com\/wordpress\/plugins\/seo\/ -->\n<title>Donovan: Chci se vr\u00e1tit - Official Czech &amp; Slovak Everton Supporters&#039; Club<\/title>\n<meta name=\"robots\" content=\"index, follow, max-snippet:-1, max-image-preview:large, max-video-preview:-1\" \/>\n<link rel=\"canonical\" href=\"https:\/\/evertonfc.cz\/index.php\/2011\/01\/04\/donovan-chci-se-vratit\/\" \/>\n<meta property=\"og:locale\" content=\"cs_CZ\" \/>\n<meta property=\"og:type\" content=\"article\" \/>\n<meta property=\"og:title\" content=\"Donovan: Chci se vr\u00e1tit - Official Czech &amp; Slovak Everton Supporters&#039; Club\" \/>\n<meta property=\"og:description\" content=\"Leto\u0161n\u00ed zimu n\u00e1m sice nezpest\u0159\u00ed, p\u0159esto m\u00e1 Landon Donovan do budoucna jasno. Modr\u00fd dres tou\u017e\u00ed znovu obl\u00e9knout a \u010d\u00edm d\u0159\u00edve,&hellip;\" \/>\n<meta property=\"og:url\" content=\"https:\/\/evertonfc.cz\/index.php\/2011\/01\/04\/donovan-chci-se-vratit\/\" \/>\n<meta property=\"og:site_name\" content=\"Official Czech &amp; Slovak Everton Supporters&#039; Club\" \/>\n<meta property=\"article:publisher\" content=\"https:\/\/www.facebook.com\/everton.fans.cz.sk\" \/>\n<meta property=\"article:published_time\" content=\"2011-01-04T20:44:26+00:00\" \/>\n<meta property=\"article:modified_time\" content=\"2019-02-11T20:47:24+00:00\" \/>\n<meta property=\"og:image\" content=\"https:\/\/evertonfc.cz\/wp-content\/uploads\/2019\/01\/interview.jpg\" \/>\n\t<meta property=\"og:image:width\" content=\"720\" \/>\n\t<meta property=\"og:image:height\" content=\"405\" \/>\n\t<meta property=\"og:image:type\" content=\"image\/jpeg\" \/>\n<meta name=\"author\" content=\"Me\u0148a\" \/>\n<meta name=\"twitter:card\" content=\"summary_large_image\" \/>\n<meta name=\"twitter:label1\" content=\"Napsal(a)\" \/>\n\t<meta name=\"twitter:data1\" content=\"Me\u0148a\" \/>\n\t<meta name=\"twitter:label2\" content=\"Odhadovan\u00e1 doba \u010dten\u00ed\" \/>\n\t<meta name=\"twitter:data2\" content=\"4 minuty\" \/>\n<script type=\"application\/ld+json\" class=\"yoast-schema-graph\">{\"@context\":\"https:\/\/schema.org\",\"@graph\":[{\"@type\":\"Article\",\"@id\":\"https:\/\/evertonfc.cz\/index.php\/2011\/01\/04\/donovan-chci-se-vratit\/#article\",\"isPartOf\":{\"@id\":\"https:\/\/evertonfc.cz\/index.php\/2011\/01\/04\/donovan-chci-se-vratit\/\"},\"author\":{\"name\":\"Me\u0148a\",\"@id\":\"https:\/\/evertonfc.cz\/#\/schema\/person\/cd6328a75577de2add7793fd4b0930c3\"},\"headline\":\"Donovan: Chci se vr\u00e1tit\",\"datePublished\":\"2011-01-04T20:44:26+00:00\",\"dateModified\":\"2019-02-11T20:47:24+00:00\",\"mainEntityOfPage\":{\"@id\":\"https:\/\/evertonfc.cz\/index.php\/2011\/01\/04\/donovan-chci-se-vratit\/\"},\"wordCount\":712,\"commentCount\":0,\"publisher\":{\"@id\":\"https:\/\/evertonfc.cz\/#organization\"},\"image\":{\"@id\":\"https:\/\/evertonfc.cz\/index.php\/2011\/01\/04\/donovan-chci-se-vratit\/#primaryimage\"},\"thumbnailUrl\":\"https:\/\/evertonfc.cz\/wp-content\/uploads\/2019\/01\/interview.jpg\",\"articleSection\":[\"Rozhovory\"],\"inLanguage\":\"cs\",\"potentialAction\":[{\"@type\":\"CommentAction\",\"name\":\"Comment\",\"target\":[\"https:\/\/evertonfc.cz\/index.php\/2011\/01\/04\/donovan-chci-se-vratit\/#respond\"]}]},{\"@type\":\"WebPage\",\"@id\":\"https:\/\/evertonfc.cz\/index.php\/2011\/01\/04\/donovan-chci-se-vratit\/\",\"url\":\"https:\/\/evertonfc.cz\/index.php\/2011\/01\/04\/donovan-chci-se-vratit\/\",\"name\":\"Donovan: Chci se vr\u00e1tit - Official Czech &amp; Slovak Everton Supporters&#039; Club\",\"isPartOf\":{\"@id\":\"https:\/\/evertonfc.cz\/#website\"},\"primaryImageOfPage\":{\"@id\":\"https:\/\/evertonfc.cz\/index.php\/2011\/01\/04\/donovan-chci-se-vratit\/#primaryimage\"},\"image\":{\"@id\":\"https:\/\/evertonfc.cz\/index.php\/2011\/01\/04\/donovan-chci-se-vratit\/#primaryimage\"},\"thumbnailUrl\":\"https:\/\/evertonfc.cz\/wp-content\/uploads\/2019\/01\/interview.jpg\",\"datePublished\":\"2011-01-04T20:44:26+00:00\",\"dateModified\":\"2019-02-11T20:47:24+00:00\",\"breadcrumb\":{\"@id\":\"https:\/\/evertonfc.cz\/index.php\/2011\/01\/04\/donovan-chci-se-vratit\/#breadcrumb\"},\"inLanguage\":\"cs\",\"potentialAction\":[{\"@type\":\"ReadAction\",\"target\":[\"https:\/\/evertonfc.cz\/index.php\/2011\/01\/04\/donovan-chci-se-vratit\/\"]}]},{\"@type\":\"ImageObject\",\"inLanguage\":\"cs\",\"@id\":\"https:\/\/evertonfc.cz\/index.php\/2011\/01\/04\/donovan-chci-se-vratit\/#primaryimage\",\"url\":\"https:\/\/evertonfc.cz\/wp-content\/uploads\/2019\/01\/interview.jpg\",\"contentUrl\":\"https:\/\/evertonfc.cz\/wp-content\/uploads\/2019\/01\/interview.jpg\",\"width\":720,\"height\":405},{\"@type\":\"BreadcrumbList\",\"@id\":\"https:\/\/evertonfc.cz\/index.php\/2011\/01\/04\/donovan-chci-se-vratit\/#breadcrumb\",\"itemListElement\":[{\"@type\":\"ListItem\",\"position\":1,\"name\":\"Home\",\"item\":\"https:\/\/evertonfc.cz\/\"},{\"@type\":\"ListItem\",\"position\":2,\"name\":\"Donovan: Chci se vr\u00e1tit\"}]},{\"@type\":\"WebSite\",\"@id\":\"https:\/\/evertonfc.cz\/#website\",\"url\":\"https:\/\/evertonfc.cz\/\",\"name\":\"Official Czech &amp; Slovak Everton Supporters&#039; Club\",\"description\":\"\",\"publisher\":{\"@id\":\"https:\/\/evertonfc.cz\/#organization\"},\"potentialAction\":[{\"@type\":\"SearchAction\",\"target\":{\"@type\":\"EntryPoint\",\"urlTemplate\":\"https:\/\/evertonfc.cz\/?s={search_term_string}\"},\"query-input\":{\"@type\":\"PropertyValueSpecification\",\"valueRequired\":true,\"valueName\":\"search_term_string\"}}],\"inLanguage\":\"cs\"},{\"@type\":\"Organization\",\"@id\":\"https:\/\/evertonfc.cz\/#organization\",\"name\":\"Official Czech & Slovak Everton Supporters' Club\",\"url\":\"https:\/\/evertonfc.cz\/\",\"logo\":{\"@type\":\"ImageObject\",\"inLanguage\":\"cs\",\"@id\":\"https:\/\/evertonfc.cz\/#\/schema\/logo\/image\/\",\"url\":\"https:\/\/evertonfc.cz\/wp-content\/uploads\/2019\/05\/logo.png\",\"contentUrl\":\"https:\/\/evertonfc.cz\/wp-content\/uploads\/2019\/05\/logo.png\",\"width\":112,\"height\":112,\"caption\":\"Official Czech & Slovak Everton Supporters' Club\"},\"image\":{\"@id\":\"https:\/\/evertonfc.cz\/#\/schema\/logo\/image\/\"},\"sameAs\":[\"https:\/\/www.facebook.com\/everton.fans.cz.sk\"]},{\"@type\":\"Person\",\"@id\":\"https:\/\/evertonfc.cz\/#\/schema\/person\/cd6328a75577de2add7793fd4b0930c3\",\"name\":\"Me\u0148a\",\"url\":\"https:\/\/evertonfc.cz\/index.php\/author\/mena\/\"}]}<\/script>\n<!-- \/ Yoast SEO plugin. -->","yoast_head_json":{"title":"Donovan: Chci se vr\u00e1tit - Official Czech &amp; Slovak Everton Supporters&#039; Club","robots":{"index":"index","follow":"follow","max-snippet":"max-snippet:-1","max-image-preview":"max-image-preview:large","max-video-preview":"max-video-preview:-1"},"canonical":"https:\/\/evertonfc.cz\/index.php\/2011\/01\/04\/donovan-chci-se-vratit\/","og_locale":"cs_CZ","og_type":"article","og_title":"Donovan: Chci se vr\u00e1tit - Official Czech &amp; Slovak Everton Supporters&#039; Club","og_description":"Leto\u0161n\u00ed zimu n\u00e1m sice nezpest\u0159\u00ed, p\u0159esto m\u00e1 Landon Donovan do budoucna jasno. Modr\u00fd dres tou\u017e\u00ed znovu obl\u00e9knout a \u010d\u00edm d\u0159\u00edve,&hellip;","og_url":"https:\/\/evertonfc.cz\/index.php\/2011\/01\/04\/donovan-chci-se-vratit\/","og_site_name":"Official Czech &amp; Slovak Everton Supporters&#039; Club","article_publisher":"https:\/\/www.facebook.com\/everton.fans.cz.sk","article_published_time":"2011-01-04T20:44:26+00:00","article_modified_time":"2019-02-11T20:47:24+00:00","og_image":[{"width":720,"height":405,"url":"https:\/\/evertonfc.cz\/wp-content\/uploads\/2019\/01\/interview.jpg","type":"image\/jpeg"}],"author":"Me\u0148a","twitter_card":"summary_large_image","twitter_misc":{"Napsal(a)":"Me\u0148a","Odhadovan\u00e1 doba \u010dten\u00ed":"4 minuty"},"schema":{"@context":"https:\/\/schema.org","@graph":[{"@type":"Article","@id":"https:\/\/evertonfc.cz\/index.php\/2011\/01\/04\/donovan-chci-se-vratit\/#article","isPartOf":{"@id":"https:\/\/evertonfc.cz\/index.php\/2011\/01\/04\/donovan-chci-se-vratit\/"},"author":{"name":"Me\u0148a","@id":"https:\/\/evertonfc.cz\/#\/schema\/person\/cd6328a75577de2add7793fd4b0930c3"},"headline":"Donovan: Chci se vr\u00e1tit","datePublished":"2011-01-04T20:44:26+00:00","dateModified":"2019-02-11T20:47:24+00:00","mainEntityOfPage":{"@id":"https:\/\/evertonfc.cz\/index.php\/2011\/01\/04\/donovan-chci-se-vratit\/"},"wordCount":712,"commentCount":0,"publisher":{"@id":"https:\/\/evertonfc.cz\/#organization"},"image":{"@id":"https:\/\/evertonfc.cz\/index.php\/2011\/01\/04\/donovan-chci-se-vratit\/#primaryimage"},"thumbnailUrl":"https:\/\/evertonfc.cz\/wp-content\/uploads\/2019\/01\/interview.jpg","articleSection":["Rozhovory"],"inLanguage":"cs","potentialAction":[{"@type":"CommentAction","name":"Comment","target":["https:\/\/evertonfc.cz\/index.php\/2011\/01\/04\/donovan-chci-se-vratit\/#respond"]}]},{"@type":"WebPage","@id":"https:\/\/evertonfc.cz\/index.php\/2011\/01\/04\/donovan-chci-se-vratit\/","url":"https:\/\/evertonfc.cz\/index.php\/2011\/01\/04\/donovan-chci-se-vratit\/","name":"Donovan: Chci se vr\u00e1tit - Official Czech &amp; Slovak Everton Supporters&#039; Club","isPartOf":{"@id":"https:\/\/evertonfc.cz\/#website"},"primaryImageOfPage":{"@id":"https:\/\/evertonfc.cz\/index.php\/2011\/01\/04\/donovan-chci-se-vratit\/#primaryimage"},"image":{"@id":"https:\/\/evertonfc.cz\/index.php\/2011\/01\/04\/donovan-chci-se-vratit\/#primaryimage"},"thumbnailUrl":"https:\/\/evertonfc.cz\/wp-content\/uploads\/2019\/01\/interview.jpg","datePublished":"2011-01-04T20:44:26+00:00","dateModified":"2019-02-11T20:47:24+00:00","breadcrumb":{"@id":"https:\/\/evertonfc.cz\/index.php\/2011\/01\/04\/donovan-chci-se-vratit\/#breadcrumb"},"inLanguage":"cs","potentialAction":[{"@type":"ReadAction","target":["https:\/\/evertonfc.cz\/index.php\/2011\/01\/04\/donovan-chci-se-vratit\/"]}]},{"@type":"ImageObject","inLanguage":"cs","@id":"https:\/\/evertonfc.cz\/index.php\/2011\/01\/04\/donovan-chci-se-vratit\/#primaryimage","url":"https:\/\/evertonfc.cz\/wp-content\/uploads\/2019\/01\/interview.jpg","contentUrl":"https:\/\/evertonfc.cz\/wp-content\/uploads\/2019\/01\/interview.jpg","width":720,"height":405},{"@type":"BreadcrumbList","@id":"https:\/\/evertonfc.cz\/index.php\/2011\/01\/04\/donovan-chci-se-vratit\/#breadcrumb","itemListElement":[{"@type":"ListItem","position":1,"name":"Home","item":"https:\/\/evertonfc.cz\/"},{"@type":"ListItem","position":2,"name":"Donovan: Chci se vr\u00e1tit"}]},{"@type":"WebSite","@id":"https:\/\/evertonfc.cz\/#website","url":"https:\/\/evertonfc.cz\/","name":"Official Czech &amp; Slovak Everton Supporters&#039; Club","description":"","publisher":{"@id":"https:\/\/evertonfc.cz\/#organization"},"potentialAction":[{"@type":"SearchAction","target":{"@type":"EntryPoint","urlTemplate":"https:\/\/evertonfc.cz\/?s={search_term_string}"},"query-input":{"@type":"PropertyValueSpecification","valueRequired":true,"valueName":"search_term_string"}}],"inLanguage":"cs"},{"@type":"Organization","@id":"https:\/\/evertonfc.cz\/#organization","name":"Official Czech & Slovak Everton Supporters' Club","url":"https:\/\/evertonfc.cz\/","logo":{"@type":"ImageObject","inLanguage":"cs","@id":"https:\/\/evertonfc.cz\/#\/schema\/logo\/image\/","url":"https:\/\/evertonfc.cz\/wp-content\/uploads\/2019\/05\/logo.png","contentUrl":"https:\/\/evertonfc.cz\/wp-content\/uploads\/2019\/05\/logo.png","width":112,"height":112,"caption":"Official Czech & Slovak Everton Supporters' Club"},"image":{"@id":"https:\/\/evertonfc.cz\/#\/schema\/logo\/image\/"},"sameAs":["https:\/\/www.facebook.com\/everton.fans.cz.sk"]},{"@type":"Person","@id":"https:\/\/evertonfc.cz\/#\/schema\/person\/cd6328a75577de2add7793fd4b0930c3","name":"Me\u0148a","url":"https:\/\/evertonfc.cz\/index.php\/author\/mena\/"}]}},"_links":{"self":[{"href":"https:\/\/evertonfc.cz\/index.php\/wp-json\/wp\/v2\/posts\/3635"}],"collection":[{"href":"https:\/\/evertonfc.cz\/index.php\/wp-json\/wp\/v2\/posts"}],"about":[{"href":"https:\/\/evertonfc.cz\/index.php\/wp-json\/wp\/v2\/types\/post"}],"author":[{"embeddable":true,"href":"https:\/\/evertonfc.cz\/index.php\/wp-json\/wp\/v2\/users\/7"}],"replies":[{"embeddable":true,"href":"https:\/\/evertonfc.cz\/index.php\/wp-json\/wp\/v2\/comments?post=3635"}],"version-history":[{"count":1,"href":"https:\/\/evertonfc.cz\/index.php\/wp-json\/wp\/v2\/posts\/3635\/revisions"}],"predecessor-version":[{"id":3636,"href":"https:\/\/evertonfc.cz\/index.php\/wp-json\/wp\/v2\/posts\/3635\/revisions\/3636"}],"wp:featuredmedia":[{"embeddable":true,"href":"https:\/\/evertonfc.cz\/index.php\/wp-json\/wp\/v2\/media\/1312"}],"wp:attachment":[{"href":"https:\/\/evertonfc.cz\/index.php\/wp-json\/wp\/v2\/media?parent=3635"}],"wp:term":[{"taxonomy":"category","embeddable":true,"href":"https:\/\/evertonfc.cz\/index.php\/wp-json\/wp\/v2\/categories?post=3635"},{"taxonomy":"post_tag","embeddable":true,"href":"https:\/\/evertonfc.cz\/index.php\/wp-json\/wp\/v2\/tags?post=3635"}],"curies":[{"name":"wp","href":"https:\/\/api.w.org\/{rel}","templated":true}]}}