{"id":3639,"date":"2011-01-05T21:52:21","date_gmt":"2011-01-05T20:52:21","guid":{"rendered":"http:\/\/evertonfc.cz\/?p=3639"},"modified":"2019-02-12T17:39:07","modified_gmt":"2019-02-12T16:39:07","slug":"everton-tottenham-21","status":"publish","type":"post","link":"https:\/\/evertonfc.cz\/index.php\/2011\/01\/05\/everton-tottenham-21\/","title":{"rendered":"Everton &#8211; Tottenham Hotspur 2:1"},"content":{"rendered":"<h4>Everton v leto\u0161n\u00ed sez\u00f3n\u011b p\u0159\u00edli\u0161 \u010dasto nevyhr\u00e1v\u00e1, kdy\u017e u\u017e ale usp\u011bje, stoj\u00ed to za to. Tottenham p\u0159ij\u00ed\u017ed\u011bl na Goodison Parku bojovat o \u010delo tabulky, nakonec ale odj\u00ed\u017ed\u00ed dom\u016f zaslou\u017een\u011b s pr\u00e1zdnou.<\/h4>\n<div dir=\"ltr\">\n<p>Tim Cahill odjel na Asijsk\u00fd poh\u00e1r, a tak David Moyes musel \u0159e\u0161it, jak sv\u00e9ho letos nejlep\u0161\u00edho hr\u00e1\u010de nahrad\u00ed. Jeliko\u017e na Australanovi stoj\u00ed formace 4-5-1, rozhodl se mana\u017eer EFC pro rozestaven\u00ed, v n\u011bm\u017e budou operovat dva \u00fato\u010dn\u00edci &#8211; Beckford a Saha. Mimo to indisponovan\u00e9ho Jagielku nahradil ve stopersk\u00e9 dvojici, po zran\u011bn\u00ed vracej\u00edc\u00ed se, Heitinga.<\/p>\n<p>Everton vstoupil do z\u00e1pasu p\u0159\u00edmo skv\u011ble, sk\u00f3roval u\u017e ve t\u0159et\u00ed minut\u011b a branku vs\u00edtil, v\u011b\u0159te nebo ne, Louis Saha. Francouz se prosadil st\u0159elou slab\u0161\u00ed pravou nohou po zemi zpoza v\u00e1pna a v Premier League vst\u0159elil branku po 11 m\u011bs\u00edc\u00edch &#8211; 1:0.<\/p>\n<p>Odpov\u011bd\u011bt se sna\u017eil za Spurs van der Vaart, jeho dalekonosn\u00fd oblou\u010dek ze 7. minuty t\u011bsn\u011b minul branku. Stejn\u011b dopadl i Crouch se svoj\u00ed hlavi\u010dkou.<\/p>\n<p>Z veden\u00ed se nakonec Toffees p\u0159\u00edli\u0161 dlouho neradovali. Crouch, kter\u00e9ho trestuhodn\u011b br\u00e1nil p\u0159i centru Neville, snadno prodlou\u017eil hlavi\u010dkou m\u00ed\u010d na van der Vaarta, jen\u017e u\u017e nem\u011bl probl\u00e9m zbl\u00edzka p\u0159ekonat Howarda &#8211; 1:1.<\/p>\n<p>Po vyrovn\u00e1n\u00ed Tottenhamu div\u00e1ci na Goodison Parku sice n\u011bjakou dobu \u017e\u00e1dnou kloudn\u011bj\u0161\u00ed \u0161anci nevid\u011bli, i p\u0159esto se ale nenudil. Bavil je kapit\u00e1n Phil Neville, kter\u00fd nejprve uk\u00e1zal skv\u011bl\u00fd ofenzivn\u00ed pr\u016fnik obohacen\u00fd jesli\u010dkami Baleovi.<\/p>\n<\/div>\n<div dir=\"ltr\">\n<p>A pot\u00e9 p\u0159ihr\u00e1vku pati\u010dkou proti Crouchovi.<\/p>\n<p>Na konci poveden\u00e9 akce z 23. minuty st\u00e1l po vtipn\u00e9 Sahov\u011b nar\u00e1\u017ee\u010dce Beckford. B\u00fdval\u00fd \u00fato\u010dn\u00edk Leedsu po kli\u010dce Gallasovi ov\u0161em vysoko p\u0159est\u0159elil.<\/p>\n<p>Na za\u010d\u00e1tku 31. minuty zkou\u0161el sv\u00e9 \u0161t\u011bst\u00ed Arteta, Gomes v\u0161ak bez v\u011bt\u0161\u00edch probl\u00e9m\u016f jeho st\u0159eleck\u00fd pokus zlikvidoval. Proti r\u00e1n\u011b Modri\u010de pro zm\u011bnu Howard ani zasahovat nemusel, pom\u011brn\u011b o dost toti\u017e minula prostor mezi t\u0159emi ty\u010demi.<\/p>\n<p>Ve 35. minut\u011b po dobr\u00e9m centru Nevilla hlavi\u010dkoval Beckford ve slibn\u00e9 pozici op\u011bt nad br\u00e1nu. O odv\u00e1\u017en\u00e9 zakon\u010den\u00ed n\u016f\u017ekami ze 16 metr\u016f se pokou\u0161el dv\u011b minuty p\u0159ed koncem prvn\u00edho polo\u010dasu van der Vaart, z t\u011b\u017ek\u00e9 pozice av\u0161ak jen p\u0159est\u0159elil.<\/p>\n<p>T\u011bsn\u011b p\u0159ed p\u0159est\u00e1vkou neusp\u011bl se sv\u00fdm p\u0159\u00edm\u00fdm kopem aktivn\u00ed van der Vaarta, do kabin se tak \u0161lo za nerozhodn\u00e9ho stavu 1:1.<\/p>\n<p>Stejn\u011b jako v prvn\u00edm polo\u010dase i ve druh\u00e9m mohl j\u00edt Evertonu rychle do veden\u00ed, v 50. minut\u011b Saha skv\u011ble vysunul Colemana, jen\u017e uh\u00e1n\u011bl ze strany na Gomese. Mlad\u00fd Ir v zakon\u010den\u00ed bohu\u017eel selhal, jeliko\u017e se trefil pouze do n\u00e1ru\u010de Gomese.<\/p>\n<p>V 61. minut\u011b m\u011bl velkou mo\u017enost Tottenham, Crouch hlavou posunul m\u00ed\u010d na van der Vaarta, proti n\u011bmu\u017e se zaskv\u011bl perfektn\u00edm z\u00e1krokem Howard. Hned z proti\u00fatoku po centru Coleman a p\u00e1lil Saha, jeho d\u011blovce se ale sta\u010dil postavit do cesty Hutton. Louis Saha byl p\u0159i chuti, po Fellainiho zisku m\u00ed\u010de st\u0159\u00edlel nad br\u00e1nu.<\/p>\n<\/div>\n<p>Francouzsk\u00fd blon\u010f\u00e1k zkou\u0161el sv\u00e9 \u0161t\u011bst\u00ed i po sedmdes\u00e1ti minut\u00e1ch hry, op\u011bt v\u0161ak doplatil na hor\u0161\u00ed zakon\u010den\u00ed.I kdy\u017e Everton Tottenham celkem v\u00fdrazn\u011bji p\u0159ehr\u00e1val, st\u00e1le si musel d\u00e1vat pozor na zadn\u00ed vr\u00e1tka. V dresu Spurs toti\u017e neust\u00e1le ohro\u017eoval Howarda prvot\u0159\u00eddn\u00ed van der Vaart, proti n\u011bmu\u017e se musel americk\u00fd branka\u0159 op\u011bt vyt\u00e1hnout. Holan\u010fana ov\u0161em zdatn\u011b dopl\u0148oval Crouch, t\u0159eba jako v 73. minut\u011b, kdy\u017e po individu\u00e1ln\u00ed akci a st\u0159ele hodn\u011b prot\u00e1hl Howarda.V 75. minut\u011b se Blues do\u010dkali druh\u00e9 branky, Saha pot\u00e1hl z brejku m\u00ed\u010d a vyst\u0159elil. Jeho r\u00e1nu sta\u010dil je\u0161t\u011b Gomes vyrazit, ale jen k noh\u00e1m Colemana, kter\u00fd g\u00f3lovou dor\u00e1\u017ekou korunoval sv\u016fj v\u00fdborn\u00fd v\u00fdkon &#8211; 2:1.<\/p>\n<p>V 77. minut\u011b opustil h\u0159i\u0161t\u011b Beckford, m\u00edsto n\u011bj vyb\u011bhl na h\u0159i\u0161t\u011b Yakubu, bude to jeho posledn\u00ed z\u00e1pas za Everton?<\/p>\n<p>V z\u00e1v\u011bru \u017e\u00e1dn\u00fd o\u010dek\u00e1van\u00fd tlak Tottenhamu nep\u0159i\u0161el, naopak dobrou \u0161anci promarnil Yakubu a Osman st\u0159\u00edlel jen do prostoru, kde st\u00e1l Gomes. To ov\u0161em nikoho z EFC mrzet nemuselo, jeliko\u017e Toffees vyhr\u00e1li 2:1!<\/p>\n<p><strong>Branky:<\/strong>\u00a03. Louis Saha, 75. S\u00e9amus Coleman &#8211; 11. Rafael van der Vaart<br \/>\n<strong>\u017dK:<\/strong>\u00a057. Phil Neville<br \/>\n<strong>Everton:\u00a0<\/strong>Tim Howard, Sylvain Distin, John Heitinga, Leighton Baines, Phil Neville, Marouane Fellaini, Mikel Arteta, Steven Pienaar (87. Leon Osman), S\u00e9amus Coleman, Louis Saha (89. Jack Rodwell), Jermaine Beckford (78. Yakubu Ayegbeni)<\/p>\n<div dir=\"ltr\"><strong>Tottenham Hotspur:<\/strong>\u00a0Heurelho Gomes, William Gallas, Michael Dawson, Beno\u00eet Assou-Ekotto, Alan Hutton, Luka Modri\u0107, Jermaine Jenas, Gareth Bale (59. Niko Kranj\u010dar), Aaron Lennon (80. Robbie Keane), Peter Crouch, Rafael van der Vaart<\/div>\n","protected":false},"excerpt":{"rendered":"<p>Everton v leto\u0161n\u00ed sez\u00f3n\u011b p\u0159\u00edli\u0161 \u010dasto nevyhr\u00e1v\u00e1, kdy\u017e u\u017e ale usp\u011bje, stoj\u00ed to za to. Tottenham p\u0159ij\u00ed\u017ed\u011bl na Goodison Parku&hellip;<\/p>\n","protected":false},"author":6,"featured_media":1315,"comment_status":"open","ping_status":"closed","sticky":false,"template":"","format":"standard","meta":{"_eb_attr":"","_monsterinsights_skip_tracking":false,"_monsterinsights_sitenote_active":false,"_monsterinsights_sitenote_note":"","_monsterinsights_sitenote_category":0,"footnotes":""},"categories":[4],"tags":[],"yoast_head":"<!-- This site is optimized with the Yoast SEO plugin v23.4 - https:\/\/yoast.com\/wordpress\/plugins\/seo\/ -->\n<title>Everton - Tottenham Hotspur 2:1 - Official Czech &amp; Slovak Everton Supporters&#039; Club<\/title>\n<meta name=\"robots\" content=\"index, follow, max-snippet:-1, max-image-preview:large, max-video-preview:-1\" \/>\n<link rel=\"canonical\" href=\"https:\/\/evertonfc.cz\/index.php\/2011\/01\/05\/everton-tottenham-21\/\" \/>\n<meta property=\"og:locale\" content=\"cs_CZ\" \/>\n<meta property=\"og:type\" content=\"article\" \/>\n<meta property=\"og:title\" content=\"Everton - Tottenham Hotspur 2:1 - Official Czech &amp; Slovak Everton Supporters&#039; Club\" \/>\n<meta property=\"og:description\" content=\"Everton v leto\u0161n\u00ed sez\u00f3n\u011b p\u0159\u00edli\u0161 \u010dasto nevyhr\u00e1v\u00e1, kdy\u017e u\u017e ale usp\u011bje, stoj\u00ed to za to. Tottenham p\u0159ij\u00ed\u017ed\u011bl na Goodison Parku&hellip;\" \/>\n<meta property=\"og:url\" content=\"https:\/\/evertonfc.cz\/index.php\/2011\/01\/05\/everton-tottenham-21\/\" \/>\n<meta property=\"og:site_name\" content=\"Official Czech &amp; Slovak Everton Supporters&#039; Club\" \/>\n<meta property=\"article:publisher\" content=\"https:\/\/www.facebook.com\/everton.fans.cz.sk\" \/>\n<meta property=\"article:published_time\" content=\"2011-01-05T20:52:21+00:00\" \/>\n<meta property=\"article:modified_time\" content=\"2019-02-12T16:39:07+00:00\" \/>\n<meta property=\"og:image\" content=\"https:\/\/evertonfc.cz\/wp-content\/uploads\/2019\/01\/report.jpg\" \/>\n\t<meta property=\"og:image:width\" content=\"720\" \/>\n\t<meta property=\"og:image:height\" content=\"405\" \/>\n\t<meta property=\"og:image:type\" content=\"image\/jpeg\" \/>\n<meta name=\"author\" content=\"Ri\u010di\" \/>\n<meta name=\"twitter:card\" content=\"summary_large_image\" \/>\n<meta name=\"twitter:creator\" content=\"@rbrejsa\" \/>\n<meta name=\"twitter:label1\" content=\"Napsal(a)\" \/>\n\t<meta name=\"twitter:data1\" content=\"Ri\u010di\" \/>\n\t<meta name=\"twitter:label2\" content=\"Odhadovan\u00e1 doba \u010dten\u00ed\" \/>\n\t<meta name=\"twitter:data2\" content=\"4 minuty\" \/>\n<script type=\"application\/ld+json\" class=\"yoast-schema-graph\">{\"@context\":\"https:\/\/schema.org\",\"@graph\":[{\"@type\":\"Article\",\"@id\":\"https:\/\/evertonfc.cz\/index.php\/2011\/01\/05\/everton-tottenham-21\/#article\",\"isPartOf\":{\"@id\":\"https:\/\/evertonfc.cz\/index.php\/2011\/01\/05\/everton-tottenham-21\/\"},\"author\":{\"name\":\"Ri\u010di\",\"@id\":\"https:\/\/evertonfc.cz\/#\/schema\/person\/f7a5daedb2ffee98480bc70e191aaef1\"},\"headline\":\"Everton &#8211; Tottenham Hotspur 2:1\",\"datePublished\":\"2011-01-05T20:52:21+00:00\",\"dateModified\":\"2019-02-12T16:39:07+00:00\",\"mainEntityOfPage\":{\"@id\":\"https:\/\/evertonfc.cz\/index.php\/2011\/01\/05\/everton-tottenham-21\/\"},\"wordCount\":846,\"commentCount\":0,\"publisher\":{\"@id\":\"https:\/\/evertonfc.cz\/#organization\"},\"image\":{\"@id\":\"https:\/\/evertonfc.cz\/index.php\/2011\/01\/05\/everton-tottenham-21\/#primaryimage\"},\"thumbnailUrl\":\"https:\/\/evertonfc.cz\/wp-content\/uploads\/2019\/01\/report.jpg\",\"articleSection\":[\"Z\u00e1pasy\"],\"inLanguage\":\"cs\",\"potentialAction\":[{\"@type\":\"CommentAction\",\"name\":\"Comment\",\"target\":[\"https:\/\/evertonfc.cz\/index.php\/2011\/01\/05\/everton-tottenham-21\/#respond\"]}]},{\"@type\":\"WebPage\",\"@id\":\"https:\/\/evertonfc.cz\/index.php\/2011\/01\/05\/everton-tottenham-21\/\",\"url\":\"https:\/\/evertonfc.cz\/index.php\/2011\/01\/05\/everton-tottenham-21\/\",\"name\":\"Everton - Tottenham Hotspur 2:1 - Official Czech &amp; Slovak Everton Supporters&#039; Club\",\"isPartOf\":{\"@id\":\"https:\/\/evertonfc.cz\/#website\"},\"primaryImageOfPage\":{\"@id\":\"https:\/\/evertonfc.cz\/index.php\/2011\/01\/05\/everton-tottenham-21\/#primaryimage\"},\"image\":{\"@id\":\"https:\/\/evertonfc.cz\/index.php\/2011\/01\/05\/everton-tottenham-21\/#primaryimage\"},\"thumbnailUrl\":\"https:\/\/evertonfc.cz\/wp-content\/uploads\/2019\/01\/report.jpg\",\"datePublished\":\"2011-01-05T20:52:21+00:00\",\"dateModified\":\"2019-02-12T16:39:07+00:00\",\"breadcrumb\":{\"@id\":\"https:\/\/evertonfc.cz\/index.php\/2011\/01\/05\/everton-tottenham-21\/#breadcrumb\"},\"inLanguage\":\"cs\",\"potentialAction\":[{\"@type\":\"ReadAction\",\"target\":[\"https:\/\/evertonfc.cz\/index.php\/2011\/01\/05\/everton-tottenham-21\/\"]}]},{\"@type\":\"ImageObject\",\"inLanguage\":\"cs\",\"@id\":\"https:\/\/evertonfc.cz\/index.php\/2011\/01\/05\/everton-tottenham-21\/#primaryimage\",\"url\":\"https:\/\/evertonfc.cz\/wp-content\/uploads\/2019\/01\/report.jpg\",\"contentUrl\":\"https:\/\/evertonfc.cz\/wp-content\/uploads\/2019\/01\/report.jpg\",\"width\":720,\"height\":405},{\"@type\":\"BreadcrumbList\",\"@id\":\"https:\/\/evertonfc.cz\/index.php\/2011\/01\/05\/everton-tottenham-21\/#breadcrumb\",\"itemListElement\":[{\"@type\":\"ListItem\",\"position\":1,\"name\":\"Home\",\"item\":\"https:\/\/evertonfc.cz\/\"},{\"@type\":\"ListItem\",\"position\":2,\"name\":\"Everton &#8211; Tottenham Hotspur 2:1\"}]},{\"@type\":\"WebSite\",\"@id\":\"https:\/\/evertonfc.cz\/#website\",\"url\":\"https:\/\/evertonfc.cz\/\",\"name\":\"Official Czech &amp; Slovak Everton Supporters&#039; Club\",\"description\":\"\",\"publisher\":{\"@id\":\"https:\/\/evertonfc.cz\/#organization\"},\"potentialAction\":[{\"@type\":\"SearchAction\",\"target\":{\"@type\":\"EntryPoint\",\"urlTemplate\":\"https:\/\/evertonfc.cz\/?s={search_term_string}\"},\"query-input\":{\"@type\":\"PropertyValueSpecification\",\"valueRequired\":true,\"valueName\":\"search_term_string\"}}],\"inLanguage\":\"cs\"},{\"@type\":\"Organization\",\"@id\":\"https:\/\/evertonfc.cz\/#organization\",\"name\":\"Official Czech & Slovak Everton Supporters' Club\",\"url\":\"https:\/\/evertonfc.cz\/\",\"logo\":{\"@type\":\"ImageObject\",\"inLanguage\":\"cs\",\"@id\":\"https:\/\/evertonfc.cz\/#\/schema\/logo\/image\/\",\"url\":\"https:\/\/evertonfc.cz\/wp-content\/uploads\/2019\/05\/logo.png\",\"contentUrl\":\"https:\/\/evertonfc.cz\/wp-content\/uploads\/2019\/05\/logo.png\",\"width\":112,\"height\":112,\"caption\":\"Official Czech & Slovak Everton Supporters' Club\"},\"image\":{\"@id\":\"https:\/\/evertonfc.cz\/#\/schema\/logo\/image\/\"},\"sameAs\":[\"https:\/\/www.facebook.com\/everton.fans.cz.sk\"]},{\"@type\":\"Person\",\"@id\":\"https:\/\/evertonfc.cz\/#\/schema\/person\/f7a5daedb2ffee98480bc70e191aaef1\",\"name\":\"Ri\u010di\",\"sameAs\":[\"https:\/\/x.com\/rbrejsa\"],\"url\":\"https:\/\/evertonfc.cz\/index.php\/author\/rici\/\"}]}<\/script>\n<!-- \/ Yoast SEO plugin. -->","yoast_head_json":{"title":"Everton - Tottenham Hotspur 2:1 - Official Czech &amp; Slovak Everton Supporters&#039; Club","robots":{"index":"index","follow":"follow","max-snippet":"max-snippet:-1","max-image-preview":"max-image-preview:large","max-video-preview":"max-video-preview:-1"},"canonical":"https:\/\/evertonfc.cz\/index.php\/2011\/01\/05\/everton-tottenham-21\/","og_locale":"cs_CZ","og_type":"article","og_title":"Everton - Tottenham Hotspur 2:1 - Official Czech &amp; Slovak Everton Supporters&#039; Club","og_description":"Everton v leto\u0161n\u00ed sez\u00f3n\u011b p\u0159\u00edli\u0161 \u010dasto nevyhr\u00e1v\u00e1, kdy\u017e u\u017e ale usp\u011bje, stoj\u00ed to za to. Tottenham p\u0159ij\u00ed\u017ed\u011bl na Goodison Parku&hellip;","og_url":"https:\/\/evertonfc.cz\/index.php\/2011\/01\/05\/everton-tottenham-21\/","og_site_name":"Official Czech &amp; Slovak Everton Supporters&#039; Club","article_publisher":"https:\/\/www.facebook.com\/everton.fans.cz.sk","article_published_time":"2011-01-05T20:52:21+00:00","article_modified_time":"2019-02-12T16:39:07+00:00","og_image":[{"width":720,"height":405,"url":"https:\/\/evertonfc.cz\/wp-content\/uploads\/2019\/01\/report.jpg","type":"image\/jpeg"}],"author":"Ri\u010di","twitter_card":"summary_large_image","twitter_creator":"@rbrejsa","twitter_misc":{"Napsal(a)":"Ri\u010di","Odhadovan\u00e1 doba \u010dten\u00ed":"4 minuty"},"schema":{"@context":"https:\/\/schema.org","@graph":[{"@type":"Article","@id":"https:\/\/evertonfc.cz\/index.php\/2011\/01\/05\/everton-tottenham-21\/#article","isPartOf":{"@id":"https:\/\/evertonfc.cz\/index.php\/2011\/01\/05\/everton-tottenham-21\/"},"author":{"name":"Ri\u010di","@id":"https:\/\/evertonfc.cz\/#\/schema\/person\/f7a5daedb2ffee98480bc70e191aaef1"},"headline":"Everton &#8211; Tottenham Hotspur 2:1","datePublished":"2011-01-05T20:52:21+00:00","dateModified":"2019-02-12T16:39:07+00:00","mainEntityOfPage":{"@id":"https:\/\/evertonfc.cz\/index.php\/2011\/01\/05\/everton-tottenham-21\/"},"wordCount":846,"commentCount":0,"publisher":{"@id":"https:\/\/evertonfc.cz\/#organization"},"image":{"@id":"https:\/\/evertonfc.cz\/index.php\/2011\/01\/05\/everton-tottenham-21\/#primaryimage"},"thumbnailUrl":"https:\/\/evertonfc.cz\/wp-content\/uploads\/2019\/01\/report.jpg","articleSection":["Z\u00e1pasy"],"inLanguage":"cs","potentialAction":[{"@type":"CommentAction","name":"Comment","target":["https:\/\/evertonfc.cz\/index.php\/2011\/01\/05\/everton-tottenham-21\/#respond"]}]},{"@type":"WebPage","@id":"https:\/\/evertonfc.cz\/index.php\/2011\/01\/05\/everton-tottenham-21\/","url":"https:\/\/evertonfc.cz\/index.php\/2011\/01\/05\/everton-tottenham-21\/","name":"Everton - Tottenham Hotspur 2:1 - Official Czech &amp; Slovak Everton Supporters&#039; Club","isPartOf":{"@id":"https:\/\/evertonfc.cz\/#website"},"primaryImageOfPage":{"@id":"https:\/\/evertonfc.cz\/index.php\/2011\/01\/05\/everton-tottenham-21\/#primaryimage"},"image":{"@id":"https:\/\/evertonfc.cz\/index.php\/2011\/01\/05\/everton-tottenham-21\/#primaryimage"},"thumbnailUrl":"https:\/\/evertonfc.cz\/wp-content\/uploads\/2019\/01\/report.jpg","datePublished":"2011-01-05T20:52:21+00:00","dateModified":"2019-02-12T16:39:07+00:00","breadcrumb":{"@id":"https:\/\/evertonfc.cz\/index.php\/2011\/01\/05\/everton-tottenham-21\/#breadcrumb"},"inLanguage":"cs","potentialAction":[{"@type":"ReadAction","target":["https:\/\/evertonfc.cz\/index.php\/2011\/01\/05\/everton-tottenham-21\/"]}]},{"@type":"ImageObject","inLanguage":"cs","@id":"https:\/\/evertonfc.cz\/index.php\/2011\/01\/05\/everton-tottenham-21\/#primaryimage","url":"https:\/\/evertonfc.cz\/wp-content\/uploads\/2019\/01\/report.jpg","contentUrl":"https:\/\/evertonfc.cz\/wp-content\/uploads\/2019\/01\/report.jpg","width":720,"height":405},{"@type":"BreadcrumbList","@id":"https:\/\/evertonfc.cz\/index.php\/2011\/01\/05\/everton-tottenham-21\/#breadcrumb","itemListElement":[{"@type":"ListItem","position":1,"name":"Home","item":"https:\/\/evertonfc.cz\/"},{"@type":"ListItem","position":2,"name":"Everton &#8211; Tottenham Hotspur 2:1"}]},{"@type":"WebSite","@id":"https:\/\/evertonfc.cz\/#website","url":"https:\/\/evertonfc.cz\/","name":"Official Czech &amp; Slovak Everton Supporters&#039; Club","description":"","publisher":{"@id":"https:\/\/evertonfc.cz\/#organization"},"potentialAction":[{"@type":"SearchAction","target":{"@type":"EntryPoint","urlTemplate":"https:\/\/evertonfc.cz\/?s={search_term_string}"},"query-input":{"@type":"PropertyValueSpecification","valueRequired":true,"valueName":"search_term_string"}}],"inLanguage":"cs"},{"@type":"Organization","@id":"https:\/\/evertonfc.cz\/#organization","name":"Official Czech & Slovak Everton Supporters' Club","url":"https:\/\/evertonfc.cz\/","logo":{"@type":"ImageObject","inLanguage":"cs","@id":"https:\/\/evertonfc.cz\/#\/schema\/logo\/image\/","url":"https:\/\/evertonfc.cz\/wp-content\/uploads\/2019\/05\/logo.png","contentUrl":"https:\/\/evertonfc.cz\/wp-content\/uploads\/2019\/05\/logo.png","width":112,"height":112,"caption":"Official Czech & Slovak Everton Supporters' Club"},"image":{"@id":"https:\/\/evertonfc.cz\/#\/schema\/logo\/image\/"},"sameAs":["https:\/\/www.facebook.com\/everton.fans.cz.sk"]},{"@type":"Person","@id":"https:\/\/evertonfc.cz\/#\/schema\/person\/f7a5daedb2ffee98480bc70e191aaef1","name":"Ri\u010di","sameAs":["https:\/\/x.com\/rbrejsa"],"url":"https:\/\/evertonfc.cz\/index.php\/author\/rici\/"}]}},"_links":{"self":[{"href":"https:\/\/evertonfc.cz\/index.php\/wp-json\/wp\/v2\/posts\/3639"}],"collection":[{"href":"https:\/\/evertonfc.cz\/index.php\/wp-json\/wp\/v2\/posts"}],"about":[{"href":"https:\/\/evertonfc.cz\/index.php\/wp-json\/wp\/v2\/types\/post"}],"author":[{"embeddable":true,"href":"https:\/\/evertonfc.cz\/index.php\/wp-json\/wp\/v2\/users\/6"}],"replies":[{"embeddable":true,"href":"https:\/\/evertonfc.cz\/index.php\/wp-json\/wp\/v2\/comments?post=3639"}],"version-history":[{"count":4,"href":"https:\/\/evertonfc.cz\/index.php\/wp-json\/wp\/v2\/posts\/3639\/revisions"}],"predecessor-version":[{"id":3943,"href":"https:\/\/evertonfc.cz\/index.php\/wp-json\/wp\/v2\/posts\/3639\/revisions\/3943"}],"wp:featuredmedia":[{"embeddable":true,"href":"https:\/\/evertonfc.cz\/index.php\/wp-json\/wp\/v2\/media\/1315"}],"wp:attachment":[{"href":"https:\/\/evertonfc.cz\/index.php\/wp-json\/wp\/v2\/media?parent=3639"}],"wp:term":[{"taxonomy":"category","embeddable":true,"href":"https:\/\/evertonfc.cz\/index.php\/wp-json\/wp\/v2\/categories?post=3639"},{"taxonomy":"post_tag","embeddable":true,"href":"https:\/\/evertonfc.cz\/index.php\/wp-json\/wp\/v2\/tags?post=3639"}],"curies":[{"name":"wp","href":"https:\/\/api.w.org\/{rel}","templated":true}]}}