{"id":3649,"date":"2011-01-09T22:03:28","date_gmt":"2011-01-09T21:03:28","guid":{"rendered":"http:\/\/evertonfc.cz\/?p=3649"},"modified":"2019-02-11T22:06:09","modified_gmt":"2019-02-11T21:06:09","slug":"saha-vita-znovu-nalezenou-streleckou-pohodu","status":"publish","type":"post","link":"https:\/\/evertonfc.cz\/index.php\/2011\/01\/09\/saha-vita-znovu-nalezenou-streleckou-pohodu\/","title":{"rendered":"Saha v\u00edt\u00e1 znovu nalezenou st\u0159eleckou pohodu"},"content":{"rendered":"<h4><em>\u201eNeklidn\u00e1 je hlava, kter\u00e1 nese korunu\u201c<\/em>, napsal legend\u00e1rn\u00ed Shakespeare v sv\u00e9m d\u00edle o Jind\u0159ichu IV. A jakoby tato v\u011bta p\u0159esn\u011b platila i na Louise Sahu.<\/h4>\n<p>Francouzsk\u00fd \u00fato\u010dn\u00edk si ihned po p\u0159\u00edchodu do Evertonu v roce 2008 d\u00edky v\u00fdborn\u00e9mu st\u0159eleck\u00e9mu potenci\u00e1lu vyslou\u017eil od fanou\u0161k\u016f p\u0159ezd\u00edvku King. Ov\u0161em posledn\u00ed rok byl pro Sahu ve znamen\u00ed tr\u00e1pen\u00ed. Jeho branka z \u00fanora minul\u00e9ho roku v lize proti Chelsea byla toti\u017e na dlouh\u00fdch jeden\u00e1ct m\u011bs\u00edc\u016f (25 z\u00e1pas\u016f) jedin\u00e1 v Premier League. A\u017e ve st\u0159ede\u010dn\u00edm z\u00e1pase proti Tottenhamu b\u00fdval\u00fd kanon\u00fdr Manchesteru United ukon\u010dil p\u016fst. Nav\u00edc dal\u0161\u00ed trefa p\u0159i\u0161la hned o v\u00edkendu v FA Cupu, tak\u017ee to vypad\u00e1, \u017ee se Saha vrac\u00ed do star\u00e9 st\u0159eleck\u00e9 pohody.<\/p>\n<p><em>\u201eBylo to pro m\u011b opravdu t\u011b\u017ek\u00e9 obdob\u00ed. Nech\u00e1pal jsem, pro\u010d se mi neda\u0159\u00ed, kdy\u017e jsem pracoval naplno. Dokonce jsem i zkusil zm\u011bnit v\u011bci, kter\u00e9 jsem bral jako samoz\u0159ejmost.<\/em><\/p>\n<p><em>St\u00e1le jsem \u010dekal na moji starou formu, tvrd\u011b jsem makal, nem\u011bl jsem ale \u0161t\u011bst\u00ed. Neust\u00e1le jsem ov\u0161em v\u011b\u0159il ve sv\u00e9 schopnosti, jednou se to muselo prolomit. A stalo se tak proti Spurs, snad budu v nastolen\u00e9m trendu pokra\u010dovat.<\/em><\/p>\n<p><em>Dlouhou dobu jsem nem\u011bl pocit, \u017ee jsem pomohl t\u00fdmu k bodov\u00e9mu zisku, proto jsem te\u010f velmi \u0161\u0165astn\u00fd. D\u016fle\u017eit\u011bj\u0161\u00ed ne\u017e m\u016fj pocit je av\u0161ak zisk t\u0159\u00ed bodu ze souboje proti Tottenhamu,\u201c\u00a0<\/em>prozradil \u00fato\u010dn\u00edk s osmi\u010dkou na dresu. A ihned pod\u011bkoval za d\u016fv\u011brou, je\u017e se mu dost\u00e1vala od mana\u017eera a spoluhr\u00e1\u010d\u016f b\u011bhem neproduktivn\u00edho obdob\u00ed: <em>Mana\u017eer se ke m\u011b choval skv\u011ble, d\u016fv\u011b\u0159oval mi. Stejn\u011b jako moji spoluhr\u00e1\u010di. V sou\u010dasnosti pot\u0159ebuji b\u00fdt v\u00edce konzistentn\u00ed. M\u016f\u017eu hr\u00e1t je\u0161t\u011b l\u00e9pe, v\u00edm to.<\/em><\/p>\n<p><em>V\u00fdhra nad Spurs pro n\u00e1s znamenala v\u00edce, ne\u017e skalp Chelsea\u00a0<\/em>(p\u0159edposledn\u00ed Sah\u016fv z\u00e1sah v lize)<em>, jeliko\u017e tehdy jsme v\u00edt\u011bzili pravideln\u011b. T\u0159i body proti Tottenhamu jsou d\u016fle\u017eit\u00e9, Premier League je letos velmi vyrovnan\u00e1.\u201c<\/em><\/p>\n<p>Louis Saha nezapomn\u011bl pochv\u00e1lit i p\u0159\u00e1telstv\u00ed mezi n\u00edm, Beckfordem a Yakubuem. V\u0161ichni jsou si pr\u00fd jako \u00fato\u010dn\u00edci velmi bl\u00edzc\u00ed, a\u010dkoliv jsou konkurenti v boji o z\u00e1kladn\u00ed sestavu:<\/p>\n<p><em>\u201eV na\u0161\u00ed skupince \u00fato\u010dn\u00edk\u016f jsme se hodn\u011b sbl\u00ed\u017eili. Po\u0159\u00e1d mezi sebou ale chceme soupe\u0159it, nez\u00e1le\u017e\u00ed v\u0161ak na tom, zda d\u00e1 branku Becks nebo Yak. I tehdy budu \u0161\u0165astn\u00fd, proto\u017ee jde vid\u011bt v\u00fdsledek pr\u00e1ce.<\/em><\/p>\n<p><em>B\u00fdt \u00fato\u010dn\u00edkem nen\u00ed lehk\u00fd job, vlastn\u011b to beru jako nejt\u011b\u017e\u0161\u00ed pozici ve fotbale. Kdy\u017e se neda\u0159\u00ed mu\u017estvu, pro forvarda je slo\u017eit\u00e9 z\u00edskat d\u016fv\u011bru. A snadno tak\u00e9 c\u00edt\u00edte frustraci. Pokud hrajete proti tkz. slab\u0161\u00edm t\u00fdm\u016fm, spousta lid\u00ed si hned mysl\u00ed, \u017ee \u00fato\u010dn\u00edci budou m\u00edt z\u00e1konit\u011b v\u00edce \u0161anc\u00ed na sk\u00f3rov\u00e1n\u00ed. To u n\u00e1s ale rozhodn\u011b neplatilo.<\/em><\/p>\n<p><em>B\u011bhem cel\u00e9ho pr\u016fb\u011bhu sez\u00f3ny je na v\u00e1s v\u017edy vyv\u00edjen tlak. Nejd\u016fle\u017eit\u011bj\u0161\u00ed je z\u00edskat zp\u00e1tky ztracenou d\u016fv\u011bru, bez n\u00ed se hr\u00e1\u010di c\u00edt\u00ed daleko h\u016f\u0159e,&#8220;<\/em><\/p>\n<p>V posledn\u00ed \u010d\u00e1sti rozhovoru se Louis zam\u011b\u0159il na sv\u016fj nov\u00fd vzhled vlas\u016f:\u00a0<em>\u201e\u017d\u00e1dnou logiku ohledn\u011b m\u00fdch vlas\u016f nehledejte. J\u00e1 se prost\u011b c\u00edt\u00edm jako bl\u00e1zen. M\u00e1m r\u00e1d legraci a v\u017edy, kdy\u017e m\u011b te\u010f vid\u00ed n\u011bjak\u00e9 mal\u00e9 d\u00edt\u011b, rozz\u00e1\u0159\u00ed se mu \u00fasm\u011bv. Proto jsem to ud\u011blal.\u201c<\/em><\/p>\n","protected":false},"excerpt":{"rendered":"<p>\u201eNeklidn\u00e1 je hlava, kter\u00e1 nese korunu\u201c, napsal legend\u00e1rn\u00ed Shakespeare v sv\u00e9m d\u00edle o Jind\u0159ichu IV. A jakoby tato v\u011bta p\u0159esn\u011b&hellip;<\/p>\n","protected":false},"author":6,"featured_media":1312,"comment_status":"open","ping_status":"closed","sticky":false,"template":"","format":"standard","meta":{"_eb_attr":"","_monsterinsights_skip_tracking":false,"_monsterinsights_sitenote_active":false,"_monsterinsights_sitenote_note":"","_monsterinsights_sitenote_category":0,"footnotes":""},"categories":[1],"tags":[],"yoast_head":"<!-- This site is optimized with the Yoast SEO plugin v23.4 - https:\/\/yoast.com\/wordpress\/plugins\/seo\/ -->\n<title>Saha v\u00edt\u00e1 znovu nalezenou st\u0159eleckou pohodu - Official Czech &amp; Slovak Everton Supporters&#039; Club<\/title>\n<meta name=\"robots\" content=\"index, follow, max-snippet:-1, max-image-preview:large, max-video-preview:-1\" \/>\n<link rel=\"canonical\" href=\"https:\/\/evertonfc.cz\/index.php\/2011\/01\/09\/saha-vita-znovu-nalezenou-streleckou-pohodu\/\" \/>\n<meta property=\"og:locale\" content=\"cs_CZ\" \/>\n<meta property=\"og:type\" content=\"article\" \/>\n<meta property=\"og:title\" content=\"Saha v\u00edt\u00e1 znovu nalezenou st\u0159eleckou pohodu - Official Czech &amp; Slovak Everton Supporters&#039; Club\" \/>\n<meta property=\"og:description\" content=\"\u201eNeklidn\u00e1 je hlava, kter\u00e1 nese korunu\u201c, napsal legend\u00e1rn\u00ed Shakespeare v sv\u00e9m d\u00edle o Jind\u0159ichu IV. A jakoby tato v\u011bta p\u0159esn\u011b&hellip;\" \/>\n<meta property=\"og:url\" content=\"https:\/\/evertonfc.cz\/index.php\/2011\/01\/09\/saha-vita-znovu-nalezenou-streleckou-pohodu\/\" \/>\n<meta property=\"og:site_name\" content=\"Official Czech &amp; Slovak Everton Supporters&#039; Club\" \/>\n<meta property=\"article:publisher\" content=\"https:\/\/www.facebook.com\/everton.fans.cz.sk\" \/>\n<meta property=\"article:published_time\" content=\"2011-01-09T21:03:28+00:00\" \/>\n<meta property=\"article:modified_time\" content=\"2019-02-11T21:06:09+00:00\" \/>\n<meta property=\"og:image\" content=\"https:\/\/evertonfc.cz\/wp-content\/uploads\/2019\/01\/interview.jpg\" \/>\n\t<meta property=\"og:image:width\" content=\"720\" \/>\n\t<meta property=\"og:image:height\" content=\"405\" \/>\n\t<meta property=\"og:image:type\" content=\"image\/jpeg\" \/>\n<meta name=\"author\" content=\"Ri\u010di\" \/>\n<meta name=\"twitter:card\" content=\"summary_large_image\" \/>\n<meta name=\"twitter:creator\" content=\"@rbrejsa\" \/>\n<meta name=\"twitter:label1\" content=\"Napsal(a)\" \/>\n\t<meta name=\"twitter:data1\" content=\"Ri\u010di\" \/>\n\t<meta name=\"twitter:label2\" content=\"Odhadovan\u00e1 doba \u010dten\u00ed\" \/>\n\t<meta name=\"twitter:data2\" content=\"3 minuty\" \/>\n<script type=\"application\/ld+json\" class=\"yoast-schema-graph\">{\"@context\":\"https:\/\/schema.org\",\"@graph\":[{\"@type\":\"Article\",\"@id\":\"https:\/\/evertonfc.cz\/index.php\/2011\/01\/09\/saha-vita-znovu-nalezenou-streleckou-pohodu\/#article\",\"isPartOf\":{\"@id\":\"https:\/\/evertonfc.cz\/index.php\/2011\/01\/09\/saha-vita-znovu-nalezenou-streleckou-pohodu\/\"},\"author\":{\"name\":\"Ri\u010di\",\"@id\":\"https:\/\/evertonfc.cz\/#\/schema\/person\/f7a5daedb2ffee98480bc70e191aaef1\"},\"headline\":\"Saha v\u00edt\u00e1 znovu nalezenou st\u0159eleckou pohodu\",\"datePublished\":\"2011-01-09T21:03:28+00:00\",\"dateModified\":\"2019-02-11T21:06:09+00:00\",\"mainEntityOfPage\":{\"@id\":\"https:\/\/evertonfc.cz\/index.php\/2011\/01\/09\/saha-vita-znovu-nalezenou-streleckou-pohodu\/\"},\"wordCount\":640,\"commentCount\":0,\"publisher\":{\"@id\":\"https:\/\/evertonfc.cz\/#organization\"},\"image\":{\"@id\":\"https:\/\/evertonfc.cz\/index.php\/2011\/01\/09\/saha-vita-znovu-nalezenou-streleckou-pohodu\/#primaryimage\"},\"thumbnailUrl\":\"https:\/\/evertonfc.cz\/wp-content\/uploads\/2019\/01\/interview.jpg\",\"articleSection\":[\"Rozhovory\"],\"inLanguage\":\"cs\",\"potentialAction\":[{\"@type\":\"CommentAction\",\"name\":\"Comment\",\"target\":[\"https:\/\/evertonfc.cz\/index.php\/2011\/01\/09\/saha-vita-znovu-nalezenou-streleckou-pohodu\/#respond\"]}]},{\"@type\":\"WebPage\",\"@id\":\"https:\/\/evertonfc.cz\/index.php\/2011\/01\/09\/saha-vita-znovu-nalezenou-streleckou-pohodu\/\",\"url\":\"https:\/\/evertonfc.cz\/index.php\/2011\/01\/09\/saha-vita-znovu-nalezenou-streleckou-pohodu\/\",\"name\":\"Saha v\u00edt\u00e1 znovu nalezenou st\u0159eleckou pohodu - Official Czech &amp; Slovak Everton Supporters&#039; Club\",\"isPartOf\":{\"@id\":\"https:\/\/evertonfc.cz\/#website\"},\"primaryImageOfPage\":{\"@id\":\"https:\/\/evertonfc.cz\/index.php\/2011\/01\/09\/saha-vita-znovu-nalezenou-streleckou-pohodu\/#primaryimage\"},\"image\":{\"@id\":\"https:\/\/evertonfc.cz\/index.php\/2011\/01\/09\/saha-vita-znovu-nalezenou-streleckou-pohodu\/#primaryimage\"},\"thumbnailUrl\":\"https:\/\/evertonfc.cz\/wp-content\/uploads\/2019\/01\/interview.jpg\",\"datePublished\":\"2011-01-09T21:03:28+00:00\",\"dateModified\":\"2019-02-11T21:06:09+00:00\",\"breadcrumb\":{\"@id\":\"https:\/\/evertonfc.cz\/index.php\/2011\/01\/09\/saha-vita-znovu-nalezenou-streleckou-pohodu\/#breadcrumb\"},\"inLanguage\":\"cs\",\"potentialAction\":[{\"@type\":\"ReadAction\",\"target\":[\"https:\/\/evertonfc.cz\/index.php\/2011\/01\/09\/saha-vita-znovu-nalezenou-streleckou-pohodu\/\"]}]},{\"@type\":\"ImageObject\",\"inLanguage\":\"cs\",\"@id\":\"https:\/\/evertonfc.cz\/index.php\/2011\/01\/09\/saha-vita-znovu-nalezenou-streleckou-pohodu\/#primaryimage\",\"url\":\"https:\/\/evertonfc.cz\/wp-content\/uploads\/2019\/01\/interview.jpg\",\"contentUrl\":\"https:\/\/evertonfc.cz\/wp-content\/uploads\/2019\/01\/interview.jpg\",\"width\":720,\"height\":405},{\"@type\":\"BreadcrumbList\",\"@id\":\"https:\/\/evertonfc.cz\/index.php\/2011\/01\/09\/saha-vita-znovu-nalezenou-streleckou-pohodu\/#breadcrumb\",\"itemListElement\":[{\"@type\":\"ListItem\",\"position\":1,\"name\":\"Home\",\"item\":\"https:\/\/evertonfc.cz\/\"},{\"@type\":\"ListItem\",\"position\":2,\"name\":\"Saha v\u00edt\u00e1 znovu nalezenou st\u0159eleckou pohodu\"}]},{\"@type\":\"WebSite\",\"@id\":\"https:\/\/evertonfc.cz\/#website\",\"url\":\"https:\/\/evertonfc.cz\/\",\"name\":\"Official Czech &amp; Slovak Everton Supporters&#039; Club\",\"description\":\"\",\"publisher\":{\"@id\":\"https:\/\/evertonfc.cz\/#organization\"},\"potentialAction\":[{\"@type\":\"SearchAction\",\"target\":{\"@type\":\"EntryPoint\",\"urlTemplate\":\"https:\/\/evertonfc.cz\/?s={search_term_string}\"},\"query-input\":{\"@type\":\"PropertyValueSpecification\",\"valueRequired\":true,\"valueName\":\"search_term_string\"}}],\"inLanguage\":\"cs\"},{\"@type\":\"Organization\",\"@id\":\"https:\/\/evertonfc.cz\/#organization\",\"name\":\"Official Czech & Slovak Everton Supporters' Club\",\"url\":\"https:\/\/evertonfc.cz\/\",\"logo\":{\"@type\":\"ImageObject\",\"inLanguage\":\"cs\",\"@id\":\"https:\/\/evertonfc.cz\/#\/schema\/logo\/image\/\",\"url\":\"https:\/\/evertonfc.cz\/wp-content\/uploads\/2019\/05\/logo.png\",\"contentUrl\":\"https:\/\/evertonfc.cz\/wp-content\/uploads\/2019\/05\/logo.png\",\"width\":112,\"height\":112,\"caption\":\"Official Czech & Slovak Everton Supporters' Club\"},\"image\":{\"@id\":\"https:\/\/evertonfc.cz\/#\/schema\/logo\/image\/\"},\"sameAs\":[\"https:\/\/www.facebook.com\/everton.fans.cz.sk\"]},{\"@type\":\"Person\",\"@id\":\"https:\/\/evertonfc.cz\/#\/schema\/person\/f7a5daedb2ffee98480bc70e191aaef1\",\"name\":\"Ri\u010di\",\"sameAs\":[\"https:\/\/x.com\/rbrejsa\"],\"url\":\"https:\/\/evertonfc.cz\/index.php\/author\/rici\/\"}]}<\/script>\n<!-- \/ Yoast SEO plugin. -->","yoast_head_json":{"title":"Saha v\u00edt\u00e1 znovu nalezenou st\u0159eleckou pohodu - Official Czech &amp; Slovak Everton Supporters&#039; Club","robots":{"index":"index","follow":"follow","max-snippet":"max-snippet:-1","max-image-preview":"max-image-preview:large","max-video-preview":"max-video-preview:-1"},"canonical":"https:\/\/evertonfc.cz\/index.php\/2011\/01\/09\/saha-vita-znovu-nalezenou-streleckou-pohodu\/","og_locale":"cs_CZ","og_type":"article","og_title":"Saha v\u00edt\u00e1 znovu nalezenou st\u0159eleckou pohodu - Official Czech &amp; Slovak Everton Supporters&#039; Club","og_description":"\u201eNeklidn\u00e1 je hlava, kter\u00e1 nese korunu\u201c, napsal legend\u00e1rn\u00ed Shakespeare v sv\u00e9m d\u00edle o Jind\u0159ichu IV. A jakoby tato v\u011bta p\u0159esn\u011b&hellip;","og_url":"https:\/\/evertonfc.cz\/index.php\/2011\/01\/09\/saha-vita-znovu-nalezenou-streleckou-pohodu\/","og_site_name":"Official Czech &amp; Slovak Everton Supporters&#039; Club","article_publisher":"https:\/\/www.facebook.com\/everton.fans.cz.sk","article_published_time":"2011-01-09T21:03:28+00:00","article_modified_time":"2019-02-11T21:06:09+00:00","og_image":[{"width":720,"height":405,"url":"https:\/\/evertonfc.cz\/wp-content\/uploads\/2019\/01\/interview.jpg","type":"image\/jpeg"}],"author":"Ri\u010di","twitter_card":"summary_large_image","twitter_creator":"@rbrejsa","twitter_misc":{"Napsal(a)":"Ri\u010di","Odhadovan\u00e1 doba \u010dten\u00ed":"3 minuty"},"schema":{"@context":"https:\/\/schema.org","@graph":[{"@type":"Article","@id":"https:\/\/evertonfc.cz\/index.php\/2011\/01\/09\/saha-vita-znovu-nalezenou-streleckou-pohodu\/#article","isPartOf":{"@id":"https:\/\/evertonfc.cz\/index.php\/2011\/01\/09\/saha-vita-znovu-nalezenou-streleckou-pohodu\/"},"author":{"name":"Ri\u010di","@id":"https:\/\/evertonfc.cz\/#\/schema\/person\/f7a5daedb2ffee98480bc70e191aaef1"},"headline":"Saha v\u00edt\u00e1 znovu nalezenou st\u0159eleckou pohodu","datePublished":"2011-01-09T21:03:28+00:00","dateModified":"2019-02-11T21:06:09+00:00","mainEntityOfPage":{"@id":"https:\/\/evertonfc.cz\/index.php\/2011\/01\/09\/saha-vita-znovu-nalezenou-streleckou-pohodu\/"},"wordCount":640,"commentCount":0,"publisher":{"@id":"https:\/\/evertonfc.cz\/#organization"},"image":{"@id":"https:\/\/evertonfc.cz\/index.php\/2011\/01\/09\/saha-vita-znovu-nalezenou-streleckou-pohodu\/#primaryimage"},"thumbnailUrl":"https:\/\/evertonfc.cz\/wp-content\/uploads\/2019\/01\/interview.jpg","articleSection":["Rozhovory"],"inLanguage":"cs","potentialAction":[{"@type":"CommentAction","name":"Comment","target":["https:\/\/evertonfc.cz\/index.php\/2011\/01\/09\/saha-vita-znovu-nalezenou-streleckou-pohodu\/#respond"]}]},{"@type":"WebPage","@id":"https:\/\/evertonfc.cz\/index.php\/2011\/01\/09\/saha-vita-znovu-nalezenou-streleckou-pohodu\/","url":"https:\/\/evertonfc.cz\/index.php\/2011\/01\/09\/saha-vita-znovu-nalezenou-streleckou-pohodu\/","name":"Saha v\u00edt\u00e1 znovu nalezenou st\u0159eleckou pohodu - Official Czech &amp; Slovak Everton Supporters&#039; Club","isPartOf":{"@id":"https:\/\/evertonfc.cz\/#website"},"primaryImageOfPage":{"@id":"https:\/\/evertonfc.cz\/index.php\/2011\/01\/09\/saha-vita-znovu-nalezenou-streleckou-pohodu\/#primaryimage"},"image":{"@id":"https:\/\/evertonfc.cz\/index.php\/2011\/01\/09\/saha-vita-znovu-nalezenou-streleckou-pohodu\/#primaryimage"},"thumbnailUrl":"https:\/\/evertonfc.cz\/wp-content\/uploads\/2019\/01\/interview.jpg","datePublished":"2011-01-09T21:03:28+00:00","dateModified":"2019-02-11T21:06:09+00:00","breadcrumb":{"@id":"https:\/\/evertonfc.cz\/index.php\/2011\/01\/09\/saha-vita-znovu-nalezenou-streleckou-pohodu\/#breadcrumb"},"inLanguage":"cs","potentialAction":[{"@type":"ReadAction","target":["https:\/\/evertonfc.cz\/index.php\/2011\/01\/09\/saha-vita-znovu-nalezenou-streleckou-pohodu\/"]}]},{"@type":"ImageObject","inLanguage":"cs","@id":"https:\/\/evertonfc.cz\/index.php\/2011\/01\/09\/saha-vita-znovu-nalezenou-streleckou-pohodu\/#primaryimage","url":"https:\/\/evertonfc.cz\/wp-content\/uploads\/2019\/01\/interview.jpg","contentUrl":"https:\/\/evertonfc.cz\/wp-content\/uploads\/2019\/01\/interview.jpg","width":720,"height":405},{"@type":"BreadcrumbList","@id":"https:\/\/evertonfc.cz\/index.php\/2011\/01\/09\/saha-vita-znovu-nalezenou-streleckou-pohodu\/#breadcrumb","itemListElement":[{"@type":"ListItem","position":1,"name":"Home","item":"https:\/\/evertonfc.cz\/"},{"@type":"ListItem","position":2,"name":"Saha v\u00edt\u00e1 znovu nalezenou st\u0159eleckou pohodu"}]},{"@type":"WebSite","@id":"https:\/\/evertonfc.cz\/#website","url":"https:\/\/evertonfc.cz\/","name":"Official Czech &amp; Slovak Everton Supporters&#039; Club","description":"","publisher":{"@id":"https:\/\/evertonfc.cz\/#organization"},"potentialAction":[{"@type":"SearchAction","target":{"@type":"EntryPoint","urlTemplate":"https:\/\/evertonfc.cz\/?s={search_term_string}"},"query-input":{"@type":"PropertyValueSpecification","valueRequired":true,"valueName":"search_term_string"}}],"inLanguage":"cs"},{"@type":"Organization","@id":"https:\/\/evertonfc.cz\/#organization","name":"Official Czech & Slovak Everton Supporters' Club","url":"https:\/\/evertonfc.cz\/","logo":{"@type":"ImageObject","inLanguage":"cs","@id":"https:\/\/evertonfc.cz\/#\/schema\/logo\/image\/","url":"https:\/\/evertonfc.cz\/wp-content\/uploads\/2019\/05\/logo.png","contentUrl":"https:\/\/evertonfc.cz\/wp-content\/uploads\/2019\/05\/logo.png","width":112,"height":112,"caption":"Official Czech & Slovak Everton Supporters' Club"},"image":{"@id":"https:\/\/evertonfc.cz\/#\/schema\/logo\/image\/"},"sameAs":["https:\/\/www.facebook.com\/everton.fans.cz.sk"]},{"@type":"Person","@id":"https:\/\/evertonfc.cz\/#\/schema\/person\/f7a5daedb2ffee98480bc70e191aaef1","name":"Ri\u010di","sameAs":["https:\/\/x.com\/rbrejsa"],"url":"https:\/\/evertonfc.cz\/index.php\/author\/rici\/"}]}},"_links":{"self":[{"href":"https:\/\/evertonfc.cz\/index.php\/wp-json\/wp\/v2\/posts\/3649"}],"collection":[{"href":"https:\/\/evertonfc.cz\/index.php\/wp-json\/wp\/v2\/posts"}],"about":[{"href":"https:\/\/evertonfc.cz\/index.php\/wp-json\/wp\/v2\/types\/post"}],"author":[{"embeddable":true,"href":"https:\/\/evertonfc.cz\/index.php\/wp-json\/wp\/v2\/users\/6"}],"replies":[{"embeddable":true,"href":"https:\/\/evertonfc.cz\/index.php\/wp-json\/wp\/v2\/comments?post=3649"}],"version-history":[{"count":1,"href":"https:\/\/evertonfc.cz\/index.php\/wp-json\/wp\/v2\/posts\/3649\/revisions"}],"predecessor-version":[{"id":3650,"href":"https:\/\/evertonfc.cz\/index.php\/wp-json\/wp\/v2\/posts\/3649\/revisions\/3650"}],"wp:featuredmedia":[{"embeddable":true,"href":"https:\/\/evertonfc.cz\/index.php\/wp-json\/wp\/v2\/media\/1312"}],"wp:attachment":[{"href":"https:\/\/evertonfc.cz\/index.php\/wp-json\/wp\/v2\/media?parent=3649"}],"wp:term":[{"taxonomy":"category","embeddable":true,"href":"https:\/\/evertonfc.cz\/index.php\/wp-json\/wp\/v2\/categories?post=3649"},{"taxonomy":"post_tag","embeddable":true,"href":"https:\/\/evertonfc.cz\/index.php\/wp-json\/wp\/v2\/tags?post=3649"}],"curies":[{"name":"wp","href":"https:\/\/api.w.org\/{rel}","templated":true}]}}