{"id":3651,"date":"2011-01-09T22:06:20","date_gmt":"2011-01-09T21:06:20","guid":{"rendered":"http:\/\/evertonfc.cz\/?p=3651"},"modified":"2019-02-11T22:07:59","modified_gmt":"2019-02-11T21:07:59","slug":"v-fa-cupu-proti-chelsea","status":"publish","type":"post","link":"https:\/\/evertonfc.cz\/index.php\/2011\/01\/09\/v-fa-cupu-proti-chelsea\/","title":{"rendered":"V FA Cupu proti Chelsea"},"content":{"rendered":"<h4>Los FA Cupu si zase s Evertonem pohr\u00e1l. Ve \u010dtvrt\u00e9m kole p\u0159ijede na Goodison Park lond\u00fdnsk\u00e1 Chelsea, kter\u00e1 se py\u0161n\u00ed ozna\u010den\u00edm obh\u00e1jce trofeje.<\/h4>\n<p>Utk\u00e1n\u00ed 4. kola FA Cupu se bude hr\u00e1t posledn\u00ed lednov\u00fd v\u00edkend a pro Toffees bude zvl\u00e1\u0161\u0165 pikantn\u00ed. P\u016fjde toti\u017e o odvetu za fin\u00e1le ze sez\u00f3ny 2008\/09, v n\u011bm\u017e se Everton brzy ujal veden\u00ed d\u00edky brance Louise Sahy.<\/p>\n<p>\u00da\u0159aduj\u00edc\u00ed mistr v\u0161ak z\u00e1sluhou p\u0159esn\u00fdch tref Drogby a Lamparda utk\u00e1n\u00ed oto\u010dil a radoval se ze zisku trofeje z nejstar\u0161\u00ed fotbalov\u00e9 sout\u011b\u017ee.<\/p>\n<p>O rok pozd\u011bji Chelsea prvenstv\u00ed v FA Cup obh\u00e1jila, kdy\u017e porazila ve fin\u00e1le Portsmouth t\u011bsn\u011b 1:0.<\/p>\n<p>Letos se sv\u011b\u0159enci Carla Ancelottiho kvalifikovali do 4. kola vysokou v\u00fdhrou nad Ipswichem. Druholigov\u00fd celek na Stamford Bridge zostudili debaklem 7:0.<\/p>\n<h4><strong>Los 4. kola FA Cupu<\/strong><\/h4>\n<p>Torquay United &#8211; Crawley Town\/Derby County<br \/>\nWatford &#8211; Brighton &amp; Hove Albion<br \/>\nBolton Wanderers &#8211; Wigan Athletic<br \/>\nArsenal\/Leeds United &#8211; Huddersfield Town<br \/>\nFulham &#8211; Tottenham Hotspur<br \/>\nEverton &#8211; Chelsea<br \/>\nSouthampton &#8211; Manchester United<br \/>\nSwansea City &#8211; Leyton Orient<br \/>\nBurnley &#8211; Burton Albion<br \/>\nBirmingham City &#8211; Coventry City<br \/>\nDoncaster Rovers\/Wolverhampton Wanderers &#8211; Stoke City\/Cardiff City<br \/>\nNotts County &#8211; Leicester City\/Manchester City<br \/>\nStevenage &#8211; Reading<br \/>\nAston Villa &#8211; Blackburn Rovers<br \/>\nWest Ham United &#8211; Nottingham Forest<br \/>\nSheffield Wednesday &#8211; Wycombe Wanderers\/Hereford United<\/p>\n","protected":false},"excerpt":{"rendered":"<p>Los FA Cupu si zase s Evertonem pohr\u00e1l. Ve \u010dtvrt\u00e9m kole p\u0159ijede na Goodison Park lond\u00fdnsk\u00e1 Chelsea, kter\u00e1 se py\u0161n\u00ed&hellip;<\/p>\n","protected":false},"author":6,"featured_media":1313,"comment_status":"open","ping_status":"closed","sticky":false,"template":"","format":"standard","meta":{"_eb_attr":"","_monsterinsights_skip_tracking":false,"_monsterinsights_sitenote_active":false,"_monsterinsights_sitenote_note":"","_monsterinsights_sitenote_category":0,"footnotes":""},"categories":[42],"tags":[],"yoast_head":"<!-- This site is optimized with the Yoast SEO plugin v23.4 - https:\/\/yoast.com\/wordpress\/plugins\/seo\/ -->\n<title>V FA Cupu proti Chelsea - Official Czech &amp; Slovak Everton Supporters&#039; Club<\/title>\n<meta name=\"robots\" content=\"index, follow, max-snippet:-1, max-image-preview:large, max-video-preview:-1\" \/>\n<link rel=\"canonical\" href=\"https:\/\/evertonfc.cz\/index.php\/2011\/01\/09\/v-fa-cupu-proti-chelsea\/\" \/>\n<meta property=\"og:locale\" content=\"cs_CZ\" \/>\n<meta property=\"og:type\" content=\"article\" \/>\n<meta property=\"og:title\" content=\"V FA Cupu proti Chelsea - Official Czech &amp; Slovak Everton Supporters&#039; Club\" \/>\n<meta property=\"og:description\" content=\"Los FA Cupu si zase s Evertonem pohr\u00e1l. Ve \u010dtvrt\u00e9m kole p\u0159ijede na Goodison Park lond\u00fdnsk\u00e1 Chelsea, kter\u00e1 se py\u0161n\u00ed&hellip;\" \/>\n<meta property=\"og:url\" content=\"https:\/\/evertonfc.cz\/index.php\/2011\/01\/09\/v-fa-cupu-proti-chelsea\/\" \/>\n<meta property=\"og:site_name\" content=\"Official Czech &amp; Slovak Everton Supporters&#039; Club\" \/>\n<meta property=\"article:publisher\" content=\"https:\/\/www.facebook.com\/everton.fans.cz.sk\" \/>\n<meta property=\"article:published_time\" content=\"2011-01-09T21:06:20+00:00\" \/>\n<meta property=\"article:modified_time\" content=\"2019-02-11T21:07:59+00:00\" \/>\n<meta property=\"og:image\" content=\"https:\/\/evertonfc.cz\/wp-content\/uploads\/2019\/01\/news.jpg\" \/>\n\t<meta property=\"og:image:width\" content=\"720\" \/>\n\t<meta property=\"og:image:height\" content=\"405\" \/>\n\t<meta property=\"og:image:type\" content=\"image\/jpeg\" \/>\n<meta name=\"author\" content=\"Ri\u010di\" \/>\n<meta name=\"twitter:card\" content=\"summary_large_image\" \/>\n<meta name=\"twitter:creator\" content=\"@rbrejsa\" \/>\n<meta name=\"twitter:label1\" content=\"Napsal(a)\" \/>\n\t<meta name=\"twitter:data1\" content=\"Ri\u010di\" \/>\n\t<meta name=\"twitter:label2\" content=\"Odhadovan\u00e1 doba \u010dten\u00ed\" \/>\n\t<meta name=\"twitter:data2\" content=\"1 minuta\" \/>\n<script type=\"application\/ld+json\" class=\"yoast-schema-graph\">{\"@context\":\"https:\/\/schema.org\",\"@graph\":[{\"@type\":\"Article\",\"@id\":\"https:\/\/evertonfc.cz\/index.php\/2011\/01\/09\/v-fa-cupu-proti-chelsea\/#article\",\"isPartOf\":{\"@id\":\"https:\/\/evertonfc.cz\/index.php\/2011\/01\/09\/v-fa-cupu-proti-chelsea\/\"},\"author\":{\"name\":\"Ri\u010di\",\"@id\":\"https:\/\/evertonfc.cz\/#\/schema\/person\/f7a5daedb2ffee98480bc70e191aaef1\"},\"headline\":\"V FA Cupu proti Chelsea\",\"datePublished\":\"2011-01-09T21:06:20+00:00\",\"dateModified\":\"2019-02-11T21:07:59+00:00\",\"mainEntityOfPage\":{\"@id\":\"https:\/\/evertonfc.cz\/index.php\/2011\/01\/09\/v-fa-cupu-proti-chelsea\/\"},\"wordCount\":238,\"commentCount\":0,\"publisher\":{\"@id\":\"https:\/\/evertonfc.cz\/#organization\"},\"image\":{\"@id\":\"https:\/\/evertonfc.cz\/index.php\/2011\/01\/09\/v-fa-cupu-proti-chelsea\/#primaryimage\"},\"thumbnailUrl\":\"https:\/\/evertonfc.cz\/wp-content\/uploads\/2019\/01\/news.jpg\",\"articleSection\":[\"Aktuality\"],\"inLanguage\":\"cs\",\"potentialAction\":[{\"@type\":\"CommentAction\",\"name\":\"Comment\",\"target\":[\"https:\/\/evertonfc.cz\/index.php\/2011\/01\/09\/v-fa-cupu-proti-chelsea\/#respond\"]}]},{\"@type\":\"WebPage\",\"@id\":\"https:\/\/evertonfc.cz\/index.php\/2011\/01\/09\/v-fa-cupu-proti-chelsea\/\",\"url\":\"https:\/\/evertonfc.cz\/index.php\/2011\/01\/09\/v-fa-cupu-proti-chelsea\/\",\"name\":\"V FA Cupu proti Chelsea - Official Czech &amp; Slovak Everton Supporters&#039; Club\",\"isPartOf\":{\"@id\":\"https:\/\/evertonfc.cz\/#website\"},\"primaryImageOfPage\":{\"@id\":\"https:\/\/evertonfc.cz\/index.php\/2011\/01\/09\/v-fa-cupu-proti-chelsea\/#primaryimage\"},\"image\":{\"@id\":\"https:\/\/evertonfc.cz\/index.php\/2011\/01\/09\/v-fa-cupu-proti-chelsea\/#primaryimage\"},\"thumbnailUrl\":\"https:\/\/evertonfc.cz\/wp-content\/uploads\/2019\/01\/news.jpg\",\"datePublished\":\"2011-01-09T21:06:20+00:00\",\"dateModified\":\"2019-02-11T21:07:59+00:00\",\"breadcrumb\":{\"@id\":\"https:\/\/evertonfc.cz\/index.php\/2011\/01\/09\/v-fa-cupu-proti-chelsea\/#breadcrumb\"},\"inLanguage\":\"cs\",\"potentialAction\":[{\"@type\":\"ReadAction\",\"target\":[\"https:\/\/evertonfc.cz\/index.php\/2011\/01\/09\/v-fa-cupu-proti-chelsea\/\"]}]},{\"@type\":\"ImageObject\",\"inLanguage\":\"cs\",\"@id\":\"https:\/\/evertonfc.cz\/index.php\/2011\/01\/09\/v-fa-cupu-proti-chelsea\/#primaryimage\",\"url\":\"https:\/\/evertonfc.cz\/wp-content\/uploads\/2019\/01\/news.jpg\",\"contentUrl\":\"https:\/\/evertonfc.cz\/wp-content\/uploads\/2019\/01\/news.jpg\",\"width\":720,\"height\":405},{\"@type\":\"BreadcrumbList\",\"@id\":\"https:\/\/evertonfc.cz\/index.php\/2011\/01\/09\/v-fa-cupu-proti-chelsea\/#breadcrumb\",\"itemListElement\":[{\"@type\":\"ListItem\",\"position\":1,\"name\":\"Home\",\"item\":\"https:\/\/evertonfc.cz\/\"},{\"@type\":\"ListItem\",\"position\":2,\"name\":\"V FA Cupu proti Chelsea\"}]},{\"@type\":\"WebSite\",\"@id\":\"https:\/\/evertonfc.cz\/#website\",\"url\":\"https:\/\/evertonfc.cz\/\",\"name\":\"Official Czech &amp; Slovak Everton Supporters&#039; Club\",\"description\":\"\",\"publisher\":{\"@id\":\"https:\/\/evertonfc.cz\/#organization\"},\"potentialAction\":[{\"@type\":\"SearchAction\",\"target\":{\"@type\":\"EntryPoint\",\"urlTemplate\":\"https:\/\/evertonfc.cz\/?s={search_term_string}\"},\"query-input\":{\"@type\":\"PropertyValueSpecification\",\"valueRequired\":true,\"valueName\":\"search_term_string\"}}],\"inLanguage\":\"cs\"},{\"@type\":\"Organization\",\"@id\":\"https:\/\/evertonfc.cz\/#organization\",\"name\":\"Official Czech & Slovak Everton Supporters' Club\",\"url\":\"https:\/\/evertonfc.cz\/\",\"logo\":{\"@type\":\"ImageObject\",\"inLanguage\":\"cs\",\"@id\":\"https:\/\/evertonfc.cz\/#\/schema\/logo\/image\/\",\"url\":\"https:\/\/evertonfc.cz\/wp-content\/uploads\/2019\/05\/logo.png\",\"contentUrl\":\"https:\/\/evertonfc.cz\/wp-content\/uploads\/2019\/05\/logo.png\",\"width\":112,\"height\":112,\"caption\":\"Official Czech & Slovak Everton Supporters' Club\"},\"image\":{\"@id\":\"https:\/\/evertonfc.cz\/#\/schema\/logo\/image\/\"},\"sameAs\":[\"https:\/\/www.facebook.com\/everton.fans.cz.sk\"]},{\"@type\":\"Person\",\"@id\":\"https:\/\/evertonfc.cz\/#\/schema\/person\/f7a5daedb2ffee98480bc70e191aaef1\",\"name\":\"Ri\u010di\",\"sameAs\":[\"https:\/\/x.com\/rbrejsa\"],\"url\":\"https:\/\/evertonfc.cz\/index.php\/author\/rici\/\"}]}<\/script>\n<!-- \/ Yoast SEO plugin. -->","yoast_head_json":{"title":"V FA Cupu proti Chelsea - Official Czech &amp; Slovak Everton Supporters&#039; Club","robots":{"index":"index","follow":"follow","max-snippet":"max-snippet:-1","max-image-preview":"max-image-preview:large","max-video-preview":"max-video-preview:-1"},"canonical":"https:\/\/evertonfc.cz\/index.php\/2011\/01\/09\/v-fa-cupu-proti-chelsea\/","og_locale":"cs_CZ","og_type":"article","og_title":"V FA Cupu proti Chelsea - Official Czech &amp; Slovak Everton Supporters&#039; Club","og_description":"Los FA Cupu si zase s Evertonem pohr\u00e1l. Ve \u010dtvrt\u00e9m kole p\u0159ijede na Goodison Park lond\u00fdnsk\u00e1 Chelsea, kter\u00e1 se py\u0161n\u00ed&hellip;","og_url":"https:\/\/evertonfc.cz\/index.php\/2011\/01\/09\/v-fa-cupu-proti-chelsea\/","og_site_name":"Official Czech &amp; Slovak Everton Supporters&#039; Club","article_publisher":"https:\/\/www.facebook.com\/everton.fans.cz.sk","article_published_time":"2011-01-09T21:06:20+00:00","article_modified_time":"2019-02-11T21:07:59+00:00","og_image":[{"width":720,"height":405,"url":"https:\/\/evertonfc.cz\/wp-content\/uploads\/2019\/01\/news.jpg","type":"image\/jpeg"}],"author":"Ri\u010di","twitter_card":"summary_large_image","twitter_creator":"@rbrejsa","twitter_misc":{"Napsal(a)":"Ri\u010di","Odhadovan\u00e1 doba \u010dten\u00ed":"1 minuta"},"schema":{"@context":"https:\/\/schema.org","@graph":[{"@type":"Article","@id":"https:\/\/evertonfc.cz\/index.php\/2011\/01\/09\/v-fa-cupu-proti-chelsea\/#article","isPartOf":{"@id":"https:\/\/evertonfc.cz\/index.php\/2011\/01\/09\/v-fa-cupu-proti-chelsea\/"},"author":{"name":"Ri\u010di","@id":"https:\/\/evertonfc.cz\/#\/schema\/person\/f7a5daedb2ffee98480bc70e191aaef1"},"headline":"V FA Cupu proti Chelsea","datePublished":"2011-01-09T21:06:20+00:00","dateModified":"2019-02-11T21:07:59+00:00","mainEntityOfPage":{"@id":"https:\/\/evertonfc.cz\/index.php\/2011\/01\/09\/v-fa-cupu-proti-chelsea\/"},"wordCount":238,"commentCount":0,"publisher":{"@id":"https:\/\/evertonfc.cz\/#organization"},"image":{"@id":"https:\/\/evertonfc.cz\/index.php\/2011\/01\/09\/v-fa-cupu-proti-chelsea\/#primaryimage"},"thumbnailUrl":"https:\/\/evertonfc.cz\/wp-content\/uploads\/2019\/01\/news.jpg","articleSection":["Aktuality"],"inLanguage":"cs","potentialAction":[{"@type":"CommentAction","name":"Comment","target":["https:\/\/evertonfc.cz\/index.php\/2011\/01\/09\/v-fa-cupu-proti-chelsea\/#respond"]}]},{"@type":"WebPage","@id":"https:\/\/evertonfc.cz\/index.php\/2011\/01\/09\/v-fa-cupu-proti-chelsea\/","url":"https:\/\/evertonfc.cz\/index.php\/2011\/01\/09\/v-fa-cupu-proti-chelsea\/","name":"V FA Cupu proti Chelsea - Official Czech &amp; Slovak Everton Supporters&#039; Club","isPartOf":{"@id":"https:\/\/evertonfc.cz\/#website"},"primaryImageOfPage":{"@id":"https:\/\/evertonfc.cz\/index.php\/2011\/01\/09\/v-fa-cupu-proti-chelsea\/#primaryimage"},"image":{"@id":"https:\/\/evertonfc.cz\/index.php\/2011\/01\/09\/v-fa-cupu-proti-chelsea\/#primaryimage"},"thumbnailUrl":"https:\/\/evertonfc.cz\/wp-content\/uploads\/2019\/01\/news.jpg","datePublished":"2011-01-09T21:06:20+00:00","dateModified":"2019-02-11T21:07:59+00:00","breadcrumb":{"@id":"https:\/\/evertonfc.cz\/index.php\/2011\/01\/09\/v-fa-cupu-proti-chelsea\/#breadcrumb"},"inLanguage":"cs","potentialAction":[{"@type":"ReadAction","target":["https:\/\/evertonfc.cz\/index.php\/2011\/01\/09\/v-fa-cupu-proti-chelsea\/"]}]},{"@type":"ImageObject","inLanguage":"cs","@id":"https:\/\/evertonfc.cz\/index.php\/2011\/01\/09\/v-fa-cupu-proti-chelsea\/#primaryimage","url":"https:\/\/evertonfc.cz\/wp-content\/uploads\/2019\/01\/news.jpg","contentUrl":"https:\/\/evertonfc.cz\/wp-content\/uploads\/2019\/01\/news.jpg","width":720,"height":405},{"@type":"BreadcrumbList","@id":"https:\/\/evertonfc.cz\/index.php\/2011\/01\/09\/v-fa-cupu-proti-chelsea\/#breadcrumb","itemListElement":[{"@type":"ListItem","position":1,"name":"Home","item":"https:\/\/evertonfc.cz\/"},{"@type":"ListItem","position":2,"name":"V FA Cupu proti Chelsea"}]},{"@type":"WebSite","@id":"https:\/\/evertonfc.cz\/#website","url":"https:\/\/evertonfc.cz\/","name":"Official Czech &amp; Slovak Everton Supporters&#039; Club","description":"","publisher":{"@id":"https:\/\/evertonfc.cz\/#organization"},"potentialAction":[{"@type":"SearchAction","target":{"@type":"EntryPoint","urlTemplate":"https:\/\/evertonfc.cz\/?s={search_term_string}"},"query-input":{"@type":"PropertyValueSpecification","valueRequired":true,"valueName":"search_term_string"}}],"inLanguage":"cs"},{"@type":"Organization","@id":"https:\/\/evertonfc.cz\/#organization","name":"Official Czech & Slovak Everton Supporters' Club","url":"https:\/\/evertonfc.cz\/","logo":{"@type":"ImageObject","inLanguage":"cs","@id":"https:\/\/evertonfc.cz\/#\/schema\/logo\/image\/","url":"https:\/\/evertonfc.cz\/wp-content\/uploads\/2019\/05\/logo.png","contentUrl":"https:\/\/evertonfc.cz\/wp-content\/uploads\/2019\/05\/logo.png","width":112,"height":112,"caption":"Official Czech & Slovak Everton Supporters' Club"},"image":{"@id":"https:\/\/evertonfc.cz\/#\/schema\/logo\/image\/"},"sameAs":["https:\/\/www.facebook.com\/everton.fans.cz.sk"]},{"@type":"Person","@id":"https:\/\/evertonfc.cz\/#\/schema\/person\/f7a5daedb2ffee98480bc70e191aaef1","name":"Ri\u010di","sameAs":["https:\/\/x.com\/rbrejsa"],"url":"https:\/\/evertonfc.cz\/index.php\/author\/rici\/"}]}},"_links":{"self":[{"href":"https:\/\/evertonfc.cz\/index.php\/wp-json\/wp\/v2\/posts\/3651"}],"collection":[{"href":"https:\/\/evertonfc.cz\/index.php\/wp-json\/wp\/v2\/posts"}],"about":[{"href":"https:\/\/evertonfc.cz\/index.php\/wp-json\/wp\/v2\/types\/post"}],"author":[{"embeddable":true,"href":"https:\/\/evertonfc.cz\/index.php\/wp-json\/wp\/v2\/users\/6"}],"replies":[{"embeddable":true,"href":"https:\/\/evertonfc.cz\/index.php\/wp-json\/wp\/v2\/comments?post=3651"}],"version-history":[{"count":1,"href":"https:\/\/evertonfc.cz\/index.php\/wp-json\/wp\/v2\/posts\/3651\/revisions"}],"predecessor-version":[{"id":3652,"href":"https:\/\/evertonfc.cz\/index.php\/wp-json\/wp\/v2\/posts\/3651\/revisions\/3652"}],"wp:featuredmedia":[{"embeddable":true,"href":"https:\/\/evertonfc.cz\/index.php\/wp-json\/wp\/v2\/media\/1313"}],"wp:attachment":[{"href":"https:\/\/evertonfc.cz\/index.php\/wp-json\/wp\/v2\/media?parent=3651"}],"wp:term":[{"taxonomy":"category","embeddable":true,"href":"https:\/\/evertonfc.cz\/index.php\/wp-json\/wp\/v2\/categories?post=3651"},{"taxonomy":"post_tag","embeddable":true,"href":"https:\/\/evertonfc.cz\/index.php\/wp-json\/wp\/v2\/tags?post=3651"}],"curies":[{"name":"wp","href":"https:\/\/api.w.org\/{rel}","templated":true}]}}