{"id":3653,"date":"2011-01-10T22:10:49","date_gmt":"2011-01-10T21:10:49","guid":{"rendered":"http:\/\/evertonfc.cz\/?p=3653"},"modified":"2019-02-11T22:12:24","modified_gmt":"2019-02-11T21:12:24","slug":"20-otazek-pro-phila-nevilla","status":"publish","type":"post","link":"https:\/\/evertonfc.cz\/index.php\/2011\/01\/10\/20-otazek-pro-phila-nevilla\/","title":{"rendered":"20 ot\u00e1zek pro Phila Nevilla"},"content":{"rendered":"<h4>\u010c\u00edm by v ide\u00e1lu cht\u011bl b\u00fdt kapit\u00e1n Phil Neville, komu vlastn\u011b fand\u00ed, nebo co pova\u017euje za v\u016fbec nejtrapn\u011bj\u0161\u00ed moment sv\u00e9 fotbalov\u00e9 kari\u00e9ry?<\/h4>\n<p><strong>Kdo je nejz\u00e1bavn\u011bj\u0161\u00ed osobnost\u00ed, kterou jsi ve fotbale potkal?<\/strong><\/p>\n<p>Mus\u00edm \u0159\u00edct Paul Gascoigne. Splnil ve\u0161ker\u00e1 o\u010dek\u00e1v\u00e1n\u00ed, kter\u00e1 jsem o n\u011bm m\u011bl p\u0159edt\u00edm, ne\u017e jsem ho potkal. N\u011bkter\u00e9 jeho kousky a opi\u010d\u00e1rny, kter\u00e9 p\u0159edv\u00e1d\u011bl na srazech n\u00e1ro\u010f\u00e1ku, byly neuv\u011b\u0159iteln\u00e9 &#8211; v\u011bci, kter\u00e9 by v\u00e1s nikdy nenapadlo ud\u011blat. Museli jste se sm\u00e1t, ale z\u00e1rove\u0148 d\u00e1vat pozor, proto\u017ee jste si nikdy nemohli b\u00fdt jisti, co zase chyst\u00e1. Pamatuju si Euro 1996, j\u00e1 a bratr jsme na pokoji rychle usnuli. Za chv\u00edli byl Gazza uvnit\u0159 a obracel pokoj vzh\u016fru nohama. Dodnes nev\u00edm, jak se dostal dovnit\u0159, ale k smrti n\u00e1s to vystra\u0161ilo!<\/p>\n<p><strong>Idol tv\u00e9ho ml\u00e1d\u00ed?<\/strong><\/p>\n<p>Ian Botham. Miloval jsem kriket a on byl hr\u00e1\u010dem, ke kter\u00e9mu jsem vzhl\u00ed\u017eel v\u00edce, ne\u017e ke komukoliv jin\u00e9mu. Hr\u00e1l jsem kriket s jeho synem, kdy\u017e mi bylo kolem \u010dtrn\u00e1cti a samotn\u00e9ho jsem ho potom potkal. Byl to m\u016fj hrdina.<\/p>\n<p><strong>Nejlep\u0161\u00ed v\u00e1no\u010dn\u00ed d\u00e1rek?<\/strong><\/p>\n<p>To je t\u011b\u017ek\u00e9. \u017dena mi koupila hodinky ve t\u0159et\u00edm roce na\u0161eho man\u017eelstv\u00ed a po\u0159\u00e1d je m\u00e1m. Tak\u017ee mysl\u00edm, \u017ee tohle bude nejlep\u0161\u00ed v\u00e1no\u010dn\u00ed d\u00e1rek.<\/p>\n<p><strong>Jak\u00e9 to je, b\u00fdt fotbalistou o V\u00e1noc\u00edch?<\/strong><\/p>\n<p>Mysl\u00edm, \u017ee je to kouzeln\u00fd \u010das ke hran\u00ed fotbalu. Ka\u017ed\u00fd vypad\u00e1 \u0161\u0165astn\u011b, tr\u00e9nink je oby\u010dejn\u011b \u017eiv\u00fd a vesel\u00fd, proto\u017ee v\u0161ichni maj\u00ed dobrou n\u00e1ladu, fanou\u0161ci jsou skv\u011ble nalad\u011bni a atmosf\u00e9ra na stadionech je lep\u0161\u00ed, ne\u017e jindy. M\u00e1m r\u00e1d ty t\u0159i, \u010dty\u0159i z\u00e1pasy v kr\u00e1tk\u00e9m \u010dasov\u00e9m sledu. Je to \u010d\u00e1st na\u0161\u00ed kultury, historie a tradice a miluju to.<\/p>\n<p><strong>Kdy naposled jsi zaplatil, za sledov\u00e1n\u00ed fotbalov\u00e9ho z\u00e1pasu?<\/strong><\/p>\n<p>P\u0159ed deseti lety jsem sledoval Barcelonu proti Celt\u011b Vigo na Nou Camp, kdy\u017e jsem byl ve \u0160pan\u011blsku se \u017eenou na dovolen\u00e9. D\u0159\u00edv jsem tam hr\u00e1l s Manchesterem United, ale nav\u0161t\u00edvit tribuny a vid\u011bt z\u00e1pas z t\u00e9hle perspektivy byl fantastick\u00fd z\u00e1\u017eitek. Sed\u011bli jsme v posledn\u00ed \u0159ad\u011b a byli jsme tak vysoko, \u017ee jsme nemohli rozeznat hr\u00e1\u010de. Je to neuv\u011b\u0159iteln\u00fd stadion a rozhodn\u011b jeden z nejlep\u0161\u00edch, na kter\u00e9m jsem kdy hr\u00e1l.<\/p>\n<p><strong>N\u011bco, co bys jedl rad\u011bji, ne\u017e v\u00e1no\u010dn\u00ed ve\u010de\u0159i?<\/strong><\/p>\n<p>V\u00e1no\u010dn\u00ed ve\u010de\u0159i vlastn\u011b ani nej\u00edm! Je to v\u017edycky den p\u0159ed z\u00e1pasem, tak\u017ee m\u00e1m krocana bu\u010f s r\u00fd\u017e\u00ed nebo t\u011bstovinami. Je to trapn\u00e9, ale u\u017e jsem takov\u00fd.<\/p>\n<p><strong>Obl\u00edben\u00fd film a televizn\u00ed postava?<\/strong><\/p>\n<p>M\u016fj obl\u00edben\u00fd film je Pretty Woman, tak\u017ee z\u00e1rove\u0148 i postava Richarda Gera v tom filmu, Edward. Nejobl\u00edben\u011bj\u0161\u00ed seri\u00e1l je 24 hodin, tak\u017ee po\u010d\u00edtejte i s Jackem Bauerem. Ten chl\u00e1pek nikdy neum\u0159e. P\u0159e\u017eil v\u0161echno, a to nen\u00ed \u0161patn\u00e9 na n\u011bkoho, kdo byl na pokraji smrti u\u017e asi ve 2000 p\u0159\u00edpadech! Je to skute\u010dn\u00fd bojovn\u00edk. Potom m\u00e1m i n\u011bkolik box set\u016f &#8211; 24 hodin, \u00dat\u011bk z v\u011bzen\u00ed, West Wing &#8211; miluju je v\u0161echny.<\/p>\n<p><strong>Nejtrapn\u011bj\u0161\u00ed moment ve fotbale?<\/strong><\/p>\n<p>(Dlouh\u00e1 pauza) Hmmm&#8230; Fakt nev\u00edm. Oh, po\u010dkat&#8230; na YouTube je video, kde hraju tu hru na\u00a0<a href=\"https:\/\/www.youtube.com\/watch?v=ZnFIK2PdbVE\" target=\"_blank\" rel=\"noopener\">Ano\/Ne<\/a>. Bylo to pro televizi, je\u0161t\u011b kdy\u017e jsem byl u United a byl jsem tak stupidn\u00ed, \u017ee tomu nem\u016f\u017eu uv\u011b\u0159it. V\u0161ichni kluci mi to p\u0159ipom\u00ednaj\u00ed. Nikdy jsem se s t\u00edm nevyrovnal.<\/p>\n<p><strong>Kdo je v Evertonu nejlep\u0161\u00ed a nejhor\u0161\u00ed zp\u011bv\u00e1k?<\/strong><\/p>\n<p>Jack Rodwell zp\u00edv\u00e1 slu\u0161n\u011b, stejn\u011b jako Seamus Coleman. Tim Cahill si mysl\u00ed, \u017ee je Usher, ale nejsp\u00ed\u0161 je nejhor\u0161\u00ed.<\/p>\n<p><strong>Obl\u00edben\u00fd v\u00e1no\u010dn\u00ed song?<\/strong><\/p>\n<p>Mus\u00ed to b\u00fdt All I Want for Christmas Is You od Mariah Carey.<\/p>\n<p><strong>Jak\u00fd sport m\u00e1\u0161 krom fotbalu r\u00e1d? Fand\u00ed\u0161 n\u011bkomu?<\/strong><\/p>\n<p>Jsem velk\u00fd fanou\u0161ek kriketu, tak\u017ee ho hodn\u011b sleduju. M\u00e1m r\u00e1d i golf, tenis a jsem fandou Bury. Je to m\u016fj domovsk\u00fd klub a moje matka tam pracuje. Jsem ale v\u0161estrann\u00fd sportovec &#8211; miluju sport!<\/p>\n<p><strong>M\u00e1\u0161 sv\u016fj obl\u00edben\u00fd g\u00f3l?<\/strong><\/p>\n<p>M\u00e1m. Bylo to za Manchester United proti Chelsea. Pamatuju si, \u017ee mi p\u0159ihr\u00e1val Teddy Sheringham a j\u00e1 trefil spodn\u00ed r\u016f\u017eek.<\/p>\n<p><strong>Posledn\u00ed v\u011bc, kterou d\u011bl\u00e1\u0161 p\u0159ed v\u00fdkopem?<\/strong><\/p>\n<p>Modlen\u00ed!<\/p>\n<p><strong>Obl\u00edben\u00e1 hra\u010di\u010dka?<\/strong><\/p>\n<p>M\u016fj iPhone. M\u00e1m svoji vlastn\u00ed aplikaci, kter\u00e1 je o pom\u00e1h\u00e1n\u00ed a nav\u00e1d\u011bn\u00ed mlad\u00fdch fotbalist\u016f, o fanou\u0161c\u00edch a tren\u00e9rech a nab\u00edz\u00ed re\u00e1ln\u00fd pohled do toho, jak fotbalist\u00e9 \u017eij\u00ed svoje \u017eivoty jako profesion\u00e1ln\u00ed hr\u00e1\u010di. Kdy\u017e jsem vyr\u016fstal, v\u017edycky jsem cht\u011bl v\u011bd\u011bt, ja prof\u00edci tr\u00e9nuj\u00ed a p\u0159ipravuj\u00ed se k z\u00e1pas\u016fm. Bez mobilu nav\u00edc nevydr\u017e\u00edm, tak\u017ee jsem do\u0161el k tomu, \u017ee to je skv\u011bl\u00e1 cesta k poskytnut\u00ed informac\u00ed.<\/p>\n<p><strong>Obl\u00edben\u00fd televizn\u00ed po\u0159ad v d\u011btstv\u00ed?<\/strong><\/p>\n<p>Only Fools and Horses. Hodn\u011b jsem m\u011bl r\u00e1d i Dallas a Dynastii, proto\u017ee to sledovali i rodi\u010de, ale Only Fools je rozhodn\u011b m\u016fj favorit.<\/p>\n<p><strong>Kdo je tv\u00fdm obl\u00edbencem v leto\u0161n\u00edm X-Factoru?<\/strong><\/p>\n<p>(Sm\u00edch) Jak v\u00edte, \u017ee to sleduju? M\u00e1te ale pravdu, doma n\u00e1m to b\u011b\u017e\u00ed. Moj\u00ed favoritkou je Rebecca Ferguson. Merseyside na ni je hrd\u00e9 a douf\u00e1m, \u017ee bude \u00fasp\u011b\u0161n\u00e1, a\u0165 se stane cokoliv.<\/p>\n<p><strong>Pokud by jsi mohl b\u00fdt zv\u00ed\u0159etem, tak kter\u00fdm?<\/strong><\/p>\n<p>Gepardem, proto\u017ee bych byl rychlej\u0161\u00ed, ne\u017e jsem te\u010f!<\/p>\n<p><strong>Jak\u00fd talent, krom fotbalu, bys cht\u011bl m\u00edt?<\/strong><\/p>\n<p>Stra\u0161n\u011b r\u00e1d bych cht\u011bl um\u011bt tancovat! Bylo by super, kdybych m\u011bl sebed\u016fv\u011bru j\u00edt na parket, ani\u017e bych si p\u0159edt\u00edm musel d\u00e1t p\u011bt piv!<\/p>\n<p><strong>Obl\u00edben\u00fd v\u00e1no\u010dn\u00ed film?<\/strong><\/p>\n<p>S\u00e1m doma s Macaulayem Culkinem je skv\u011bl\u00fd. Tenhle film v\u00e1s dostane do v\u00e1no\u010dn\u00ed n\u00e1lady. N\u00e1 V\u00e1noce si vzpomenu i kdy\u017e vid\u00edm film Karl\u00edk a tov\u00e1rna na \u010dokol\u00e1du. Jeden z t\u011bchto o V\u00e1noc\u00edch mus\u00edm poka\u017ed\u00e9 vid\u011bt.<\/p>\n","protected":false},"excerpt":{"rendered":"<p>\u010c\u00edm by v ide\u00e1lu cht\u011bl b\u00fdt kapit\u00e1n Phil Neville, komu vlastn\u011b fand\u00ed, nebo co pova\u017euje za v\u016fbec nejtrapn\u011bj\u0161\u00ed moment sv\u00e9&hellip;<\/p>\n","protected":false},"author":7,"featured_media":1312,"comment_status":"open","ping_status":"closed","sticky":false,"template":"","format":"standard","meta":{"_eb_attr":"","_monsterinsights_skip_tracking":false,"_monsterinsights_sitenote_active":false,"_monsterinsights_sitenote_note":"","_monsterinsights_sitenote_category":0,"footnotes":""},"categories":[1],"tags":[],"yoast_head":"<!-- This site is optimized with the Yoast SEO plugin v23.4 - https:\/\/yoast.com\/wordpress\/plugins\/seo\/ -->\n<title>20 ot\u00e1zek pro Phila Nevilla - Official Czech &amp; Slovak Everton Supporters&#039; Club<\/title>\n<meta name=\"robots\" content=\"index, follow, max-snippet:-1, max-image-preview:large, max-video-preview:-1\" \/>\n<link rel=\"canonical\" href=\"https:\/\/evertonfc.cz\/index.php\/2011\/01\/10\/20-otazek-pro-phila-nevilla\/\" \/>\n<meta property=\"og:locale\" content=\"cs_CZ\" \/>\n<meta property=\"og:type\" content=\"article\" \/>\n<meta property=\"og:title\" content=\"20 ot\u00e1zek pro Phila Nevilla - Official Czech &amp; Slovak Everton Supporters&#039; Club\" \/>\n<meta property=\"og:description\" content=\"\u010c\u00edm by v ide\u00e1lu cht\u011bl b\u00fdt kapit\u00e1n Phil Neville, komu vlastn\u011b fand\u00ed, nebo co pova\u017euje za v\u016fbec nejtrapn\u011bj\u0161\u00ed moment sv\u00e9&hellip;\" \/>\n<meta property=\"og:url\" content=\"https:\/\/evertonfc.cz\/index.php\/2011\/01\/10\/20-otazek-pro-phila-nevilla\/\" \/>\n<meta property=\"og:site_name\" content=\"Official Czech &amp; Slovak Everton Supporters&#039; Club\" \/>\n<meta property=\"article:publisher\" content=\"https:\/\/www.facebook.com\/everton.fans.cz.sk\" \/>\n<meta property=\"article:published_time\" content=\"2011-01-10T21:10:49+00:00\" \/>\n<meta property=\"article:modified_time\" content=\"2019-02-11T21:12:24+00:00\" \/>\n<meta property=\"og:image\" content=\"https:\/\/evertonfc.cz\/wp-content\/uploads\/2019\/01\/interview.jpg\" \/>\n\t<meta property=\"og:image:width\" content=\"720\" \/>\n\t<meta property=\"og:image:height\" content=\"405\" \/>\n\t<meta property=\"og:image:type\" content=\"image\/jpeg\" \/>\n<meta name=\"author\" content=\"Me\u0148a\" \/>\n<meta name=\"twitter:card\" content=\"summary_large_image\" \/>\n<meta name=\"twitter:label1\" content=\"Napsal(a)\" \/>\n\t<meta name=\"twitter:data1\" content=\"Me\u0148a\" \/>\n\t<meta name=\"twitter:label2\" content=\"Odhadovan\u00e1 doba \u010dten\u00ed\" \/>\n\t<meta name=\"twitter:data2\" content=\"5 minut\" \/>\n<script type=\"application\/ld+json\" class=\"yoast-schema-graph\">{\"@context\":\"https:\/\/schema.org\",\"@graph\":[{\"@type\":\"Article\",\"@id\":\"https:\/\/evertonfc.cz\/index.php\/2011\/01\/10\/20-otazek-pro-phila-nevilla\/#article\",\"isPartOf\":{\"@id\":\"https:\/\/evertonfc.cz\/index.php\/2011\/01\/10\/20-otazek-pro-phila-nevilla\/\"},\"author\":{\"name\":\"Me\u0148a\",\"@id\":\"https:\/\/evertonfc.cz\/#\/schema\/person\/cd6328a75577de2add7793fd4b0930c3\"},\"headline\":\"20 ot\u00e1zek pro Phila Nevilla\",\"datePublished\":\"2011-01-10T21:10:49+00:00\",\"dateModified\":\"2019-02-11T21:12:24+00:00\",\"mainEntityOfPage\":{\"@id\":\"https:\/\/evertonfc.cz\/index.php\/2011\/01\/10\/20-otazek-pro-phila-nevilla\/\"},\"wordCount\":1099,\"commentCount\":0,\"publisher\":{\"@id\":\"https:\/\/evertonfc.cz\/#organization\"},\"image\":{\"@id\":\"https:\/\/evertonfc.cz\/index.php\/2011\/01\/10\/20-otazek-pro-phila-nevilla\/#primaryimage\"},\"thumbnailUrl\":\"https:\/\/evertonfc.cz\/wp-content\/uploads\/2019\/01\/interview.jpg\",\"articleSection\":[\"Rozhovory\"],\"inLanguage\":\"cs\",\"potentialAction\":[{\"@type\":\"CommentAction\",\"name\":\"Comment\",\"target\":[\"https:\/\/evertonfc.cz\/index.php\/2011\/01\/10\/20-otazek-pro-phila-nevilla\/#respond\"]}]},{\"@type\":\"WebPage\",\"@id\":\"https:\/\/evertonfc.cz\/index.php\/2011\/01\/10\/20-otazek-pro-phila-nevilla\/\",\"url\":\"https:\/\/evertonfc.cz\/index.php\/2011\/01\/10\/20-otazek-pro-phila-nevilla\/\",\"name\":\"20 ot\u00e1zek pro Phila Nevilla - Official Czech &amp; Slovak Everton Supporters&#039; Club\",\"isPartOf\":{\"@id\":\"https:\/\/evertonfc.cz\/#website\"},\"primaryImageOfPage\":{\"@id\":\"https:\/\/evertonfc.cz\/index.php\/2011\/01\/10\/20-otazek-pro-phila-nevilla\/#primaryimage\"},\"image\":{\"@id\":\"https:\/\/evertonfc.cz\/index.php\/2011\/01\/10\/20-otazek-pro-phila-nevilla\/#primaryimage\"},\"thumbnailUrl\":\"https:\/\/evertonfc.cz\/wp-content\/uploads\/2019\/01\/interview.jpg\",\"datePublished\":\"2011-01-10T21:10:49+00:00\",\"dateModified\":\"2019-02-11T21:12:24+00:00\",\"breadcrumb\":{\"@id\":\"https:\/\/evertonfc.cz\/index.php\/2011\/01\/10\/20-otazek-pro-phila-nevilla\/#breadcrumb\"},\"inLanguage\":\"cs\",\"potentialAction\":[{\"@type\":\"ReadAction\",\"target\":[\"https:\/\/evertonfc.cz\/index.php\/2011\/01\/10\/20-otazek-pro-phila-nevilla\/\"]}]},{\"@type\":\"ImageObject\",\"inLanguage\":\"cs\",\"@id\":\"https:\/\/evertonfc.cz\/index.php\/2011\/01\/10\/20-otazek-pro-phila-nevilla\/#primaryimage\",\"url\":\"https:\/\/evertonfc.cz\/wp-content\/uploads\/2019\/01\/interview.jpg\",\"contentUrl\":\"https:\/\/evertonfc.cz\/wp-content\/uploads\/2019\/01\/interview.jpg\",\"width\":720,\"height\":405},{\"@type\":\"BreadcrumbList\",\"@id\":\"https:\/\/evertonfc.cz\/index.php\/2011\/01\/10\/20-otazek-pro-phila-nevilla\/#breadcrumb\",\"itemListElement\":[{\"@type\":\"ListItem\",\"position\":1,\"name\":\"Home\",\"item\":\"https:\/\/evertonfc.cz\/\"},{\"@type\":\"ListItem\",\"position\":2,\"name\":\"20 ot\u00e1zek pro Phila Nevilla\"}]},{\"@type\":\"WebSite\",\"@id\":\"https:\/\/evertonfc.cz\/#website\",\"url\":\"https:\/\/evertonfc.cz\/\",\"name\":\"Official Czech &amp; Slovak Everton Supporters&#039; Club\",\"description\":\"\",\"publisher\":{\"@id\":\"https:\/\/evertonfc.cz\/#organization\"},\"potentialAction\":[{\"@type\":\"SearchAction\",\"target\":{\"@type\":\"EntryPoint\",\"urlTemplate\":\"https:\/\/evertonfc.cz\/?s={search_term_string}\"},\"query-input\":{\"@type\":\"PropertyValueSpecification\",\"valueRequired\":true,\"valueName\":\"search_term_string\"}}],\"inLanguage\":\"cs\"},{\"@type\":\"Organization\",\"@id\":\"https:\/\/evertonfc.cz\/#organization\",\"name\":\"Official Czech & Slovak Everton Supporters' Club\",\"url\":\"https:\/\/evertonfc.cz\/\",\"logo\":{\"@type\":\"ImageObject\",\"inLanguage\":\"cs\",\"@id\":\"https:\/\/evertonfc.cz\/#\/schema\/logo\/image\/\",\"url\":\"https:\/\/evertonfc.cz\/wp-content\/uploads\/2019\/05\/logo.png\",\"contentUrl\":\"https:\/\/evertonfc.cz\/wp-content\/uploads\/2019\/05\/logo.png\",\"width\":112,\"height\":112,\"caption\":\"Official Czech & Slovak Everton Supporters' Club\"},\"image\":{\"@id\":\"https:\/\/evertonfc.cz\/#\/schema\/logo\/image\/\"},\"sameAs\":[\"https:\/\/www.facebook.com\/everton.fans.cz.sk\"]},{\"@type\":\"Person\",\"@id\":\"https:\/\/evertonfc.cz\/#\/schema\/person\/cd6328a75577de2add7793fd4b0930c3\",\"name\":\"Me\u0148a\",\"url\":\"https:\/\/evertonfc.cz\/index.php\/author\/mena\/\"}]}<\/script>\n<!-- \/ Yoast SEO plugin. -->","yoast_head_json":{"title":"20 ot\u00e1zek pro Phila Nevilla - Official Czech &amp; Slovak Everton Supporters&#039; Club","robots":{"index":"index","follow":"follow","max-snippet":"max-snippet:-1","max-image-preview":"max-image-preview:large","max-video-preview":"max-video-preview:-1"},"canonical":"https:\/\/evertonfc.cz\/index.php\/2011\/01\/10\/20-otazek-pro-phila-nevilla\/","og_locale":"cs_CZ","og_type":"article","og_title":"20 ot\u00e1zek pro Phila Nevilla - Official Czech &amp; Slovak Everton Supporters&#039; Club","og_description":"\u010c\u00edm by v ide\u00e1lu cht\u011bl b\u00fdt kapit\u00e1n Phil Neville, komu vlastn\u011b fand\u00ed, nebo co pova\u017euje za v\u016fbec nejtrapn\u011bj\u0161\u00ed moment sv\u00e9&hellip;","og_url":"https:\/\/evertonfc.cz\/index.php\/2011\/01\/10\/20-otazek-pro-phila-nevilla\/","og_site_name":"Official Czech &amp; Slovak Everton Supporters&#039; Club","article_publisher":"https:\/\/www.facebook.com\/everton.fans.cz.sk","article_published_time":"2011-01-10T21:10:49+00:00","article_modified_time":"2019-02-11T21:12:24+00:00","og_image":[{"width":720,"height":405,"url":"https:\/\/evertonfc.cz\/wp-content\/uploads\/2019\/01\/interview.jpg","type":"image\/jpeg"}],"author":"Me\u0148a","twitter_card":"summary_large_image","twitter_misc":{"Napsal(a)":"Me\u0148a","Odhadovan\u00e1 doba \u010dten\u00ed":"5 minut"},"schema":{"@context":"https:\/\/schema.org","@graph":[{"@type":"Article","@id":"https:\/\/evertonfc.cz\/index.php\/2011\/01\/10\/20-otazek-pro-phila-nevilla\/#article","isPartOf":{"@id":"https:\/\/evertonfc.cz\/index.php\/2011\/01\/10\/20-otazek-pro-phila-nevilla\/"},"author":{"name":"Me\u0148a","@id":"https:\/\/evertonfc.cz\/#\/schema\/person\/cd6328a75577de2add7793fd4b0930c3"},"headline":"20 ot\u00e1zek pro Phila Nevilla","datePublished":"2011-01-10T21:10:49+00:00","dateModified":"2019-02-11T21:12:24+00:00","mainEntityOfPage":{"@id":"https:\/\/evertonfc.cz\/index.php\/2011\/01\/10\/20-otazek-pro-phila-nevilla\/"},"wordCount":1099,"commentCount":0,"publisher":{"@id":"https:\/\/evertonfc.cz\/#organization"},"image":{"@id":"https:\/\/evertonfc.cz\/index.php\/2011\/01\/10\/20-otazek-pro-phila-nevilla\/#primaryimage"},"thumbnailUrl":"https:\/\/evertonfc.cz\/wp-content\/uploads\/2019\/01\/interview.jpg","articleSection":["Rozhovory"],"inLanguage":"cs","potentialAction":[{"@type":"CommentAction","name":"Comment","target":["https:\/\/evertonfc.cz\/index.php\/2011\/01\/10\/20-otazek-pro-phila-nevilla\/#respond"]}]},{"@type":"WebPage","@id":"https:\/\/evertonfc.cz\/index.php\/2011\/01\/10\/20-otazek-pro-phila-nevilla\/","url":"https:\/\/evertonfc.cz\/index.php\/2011\/01\/10\/20-otazek-pro-phila-nevilla\/","name":"20 ot\u00e1zek pro Phila Nevilla - Official Czech &amp; Slovak Everton Supporters&#039; Club","isPartOf":{"@id":"https:\/\/evertonfc.cz\/#website"},"primaryImageOfPage":{"@id":"https:\/\/evertonfc.cz\/index.php\/2011\/01\/10\/20-otazek-pro-phila-nevilla\/#primaryimage"},"image":{"@id":"https:\/\/evertonfc.cz\/index.php\/2011\/01\/10\/20-otazek-pro-phila-nevilla\/#primaryimage"},"thumbnailUrl":"https:\/\/evertonfc.cz\/wp-content\/uploads\/2019\/01\/interview.jpg","datePublished":"2011-01-10T21:10:49+00:00","dateModified":"2019-02-11T21:12:24+00:00","breadcrumb":{"@id":"https:\/\/evertonfc.cz\/index.php\/2011\/01\/10\/20-otazek-pro-phila-nevilla\/#breadcrumb"},"inLanguage":"cs","potentialAction":[{"@type":"ReadAction","target":["https:\/\/evertonfc.cz\/index.php\/2011\/01\/10\/20-otazek-pro-phila-nevilla\/"]}]},{"@type":"ImageObject","inLanguage":"cs","@id":"https:\/\/evertonfc.cz\/index.php\/2011\/01\/10\/20-otazek-pro-phila-nevilla\/#primaryimage","url":"https:\/\/evertonfc.cz\/wp-content\/uploads\/2019\/01\/interview.jpg","contentUrl":"https:\/\/evertonfc.cz\/wp-content\/uploads\/2019\/01\/interview.jpg","width":720,"height":405},{"@type":"BreadcrumbList","@id":"https:\/\/evertonfc.cz\/index.php\/2011\/01\/10\/20-otazek-pro-phila-nevilla\/#breadcrumb","itemListElement":[{"@type":"ListItem","position":1,"name":"Home","item":"https:\/\/evertonfc.cz\/"},{"@type":"ListItem","position":2,"name":"20 ot\u00e1zek pro Phila Nevilla"}]},{"@type":"WebSite","@id":"https:\/\/evertonfc.cz\/#website","url":"https:\/\/evertonfc.cz\/","name":"Official Czech &amp; Slovak Everton Supporters&#039; Club","description":"","publisher":{"@id":"https:\/\/evertonfc.cz\/#organization"},"potentialAction":[{"@type":"SearchAction","target":{"@type":"EntryPoint","urlTemplate":"https:\/\/evertonfc.cz\/?s={search_term_string}"},"query-input":{"@type":"PropertyValueSpecification","valueRequired":true,"valueName":"search_term_string"}}],"inLanguage":"cs"},{"@type":"Organization","@id":"https:\/\/evertonfc.cz\/#organization","name":"Official Czech & Slovak Everton Supporters' Club","url":"https:\/\/evertonfc.cz\/","logo":{"@type":"ImageObject","inLanguage":"cs","@id":"https:\/\/evertonfc.cz\/#\/schema\/logo\/image\/","url":"https:\/\/evertonfc.cz\/wp-content\/uploads\/2019\/05\/logo.png","contentUrl":"https:\/\/evertonfc.cz\/wp-content\/uploads\/2019\/05\/logo.png","width":112,"height":112,"caption":"Official Czech & Slovak Everton Supporters' Club"},"image":{"@id":"https:\/\/evertonfc.cz\/#\/schema\/logo\/image\/"},"sameAs":["https:\/\/www.facebook.com\/everton.fans.cz.sk"]},{"@type":"Person","@id":"https:\/\/evertonfc.cz\/#\/schema\/person\/cd6328a75577de2add7793fd4b0930c3","name":"Me\u0148a","url":"https:\/\/evertonfc.cz\/index.php\/author\/mena\/"}]}},"_links":{"self":[{"href":"https:\/\/evertonfc.cz\/index.php\/wp-json\/wp\/v2\/posts\/3653"}],"collection":[{"href":"https:\/\/evertonfc.cz\/index.php\/wp-json\/wp\/v2\/posts"}],"about":[{"href":"https:\/\/evertonfc.cz\/index.php\/wp-json\/wp\/v2\/types\/post"}],"author":[{"embeddable":true,"href":"https:\/\/evertonfc.cz\/index.php\/wp-json\/wp\/v2\/users\/7"}],"replies":[{"embeddable":true,"href":"https:\/\/evertonfc.cz\/index.php\/wp-json\/wp\/v2\/comments?post=3653"}],"version-history":[{"count":2,"href":"https:\/\/evertonfc.cz\/index.php\/wp-json\/wp\/v2\/posts\/3653\/revisions"}],"predecessor-version":[{"id":3655,"href":"https:\/\/evertonfc.cz\/index.php\/wp-json\/wp\/v2\/posts\/3653\/revisions\/3655"}],"wp:featuredmedia":[{"embeddable":true,"href":"https:\/\/evertonfc.cz\/index.php\/wp-json\/wp\/v2\/media\/1312"}],"wp:attachment":[{"href":"https:\/\/evertonfc.cz\/index.php\/wp-json\/wp\/v2\/media?parent=3653"}],"wp:term":[{"taxonomy":"category","embeddable":true,"href":"https:\/\/evertonfc.cz\/index.php\/wp-json\/wp\/v2\/categories?post=3653"},{"taxonomy":"post_tag","embeddable":true,"href":"https:\/\/evertonfc.cz\/index.php\/wp-json\/wp\/v2\/tags?post=3653"}],"curies":[{"name":"wp","href":"https:\/\/api.w.org\/{rel}","templated":true}]}}