{"id":3656,"date":"2011-01-11T22:12:33","date_gmt":"2011-01-11T21:12:33","guid":{"rendered":"http:\/\/evertonfc.cz\/?p=3656"},"modified":"2019-02-11T22:17:39","modified_gmt":"2019-02-11T21:17:39","slug":"mladici-sklizi-uspech","status":"publish","type":"post","link":"https:\/\/evertonfc.cz\/index.php\/2011\/01\/11\/mladici-sklizi-uspech\/","title":{"rendered":"Mlad\u00edci skl\u00edz\u00ed \u00fasp\u011bch"},"content":{"rendered":"<h4>Rostouc\u00ed profil evertonsk\u00e9ho ml\u00e1de\u017enick\u00e9ho t\u00fdmu zaznamenal dal\u0161\u00ed kr\u016f\u010dek sm\u011brem vzh\u016fru. Mlad\u00edci maj\u00ed za sebou \u00fasp\u011b\u0161nou misi, za n\u00ed\u017e se vydali a\u017e do Braz\u00edlie.<\/h4>\n<p>O tom, \u017ee ml\u00e1de\u017enick\u00fd syst\u00e9m se v Evertonu nebere na lehkou v\u00e1hu, jsme se mohli p\u0159esv\u011bd\u010dit ji\u017e v n\u011bkolika konkr\u00e9tn\u00edch p\u0159\u00edpadech. Svoje v\u011bhlasn\u00e9 jm\u00e9no se nav\u00edc klubov\u00e1 akademie rozhodla roz\u0161\u00ed\u0159it a\u017e daleko za britsk\u00e9 ostrovy. Ned\u00e1vn\u00fd, po v\u0161ech str\u00e1nk\u00e1ch vyda\u0159en\u00fd v\u00fdlet, a to jak z hlediska zku\u0161enost\u00ed i v\u00fdsledk\u016f, si tak mlad\u00edci mohli jaksepat\u0159\u00ed u\u017e\u00edt.<\/p>\n<p>Nedlouho p\u0159ed V\u00e1noci nabraly mlad\u00e9 nad\u011bje sm\u011br Belo Horizonte, nejv\u011bt\u0161\u00ed m\u011bsto jihov\u00fdchodn\u00ed Braz\u00edlie. A c\u00edl v\u00fdletu? Z\u00fa\u010dastnit se tzv. Futures Tournament, kde se v\u00fdb\u011br Evertonu pom\u011b\u0159il s t\u011bmi nejv\u011bhlasn\u011bj\u0161\u00edmi jm\u00e9ny sv\u011btov\u00e9ho fotbalu. Everton, jen\u017e sestavil mu\u017estvo ze sv\u00fdch t\u00fdm\u016f do patn\u00e1cti, \u0161estn\u00e1cti a sedmn\u00e1cti let, ov\u0161em v Ji\u017en\u00ed Americe nebyl jen do po\u010dtu. Pat\u0159ila jim kone\u010dn\u00e1 \u010dtvrt\u00e1 p\u0159\u00ed\u010dka z deseti, o kter\u00e9m si v\u00fdb\u011bry Barcelony \u010di Paris St Germain mohly nechat jen zd\u00e1t.<\/p>\n<p><em>\u201eZahr\u00e1t si na turnaji takov\u00e9to \u00farovn\u011b bylo fantastick\u00e9,\u201c<\/em>\u00a0\u0159\u00edk\u00e1 nad\u0161en\u011b hlavn\u00ed tren\u00e9r akademie, Neil Dewsnip.<em>\u00a0\u201ePokud se zept\u00e1te, kdo je nejv\u011bt\u0161\u00ed fotbalov\u00e1 zem\u011b, v\u011bt\u0161ina \u0159ekne Braz\u00edlie. Tak\u017ee vz\u00edt skupinu na\u0161ich mlad\u00edk\u016f do Braz\u00edlie s t\u00edm, \u017ee jsme nejen p\u0159e\u017eili, ale dokonce se n\u00e1m da\u0159ilo, byla skv\u011bl\u00e1 zku\u0161enost.<\/em><\/p>\n<p><em>Mluv\u00edme tady p\u0159itom o cest\u011b dlouh\u00e9 6000 mil a zp\u016fsob, jak si s t\u00edm na\u0161i hr\u00e1\u010di poradili, je prvot\u0159\u00eddn\u00ed. Pokud nebo a\u017e se n\u011bkdo z nich probije do prvn\u00edho t\u00fdmu, rozhodn\u011b budou schopni bezprobl\u00e9mov\u011b zvl\u00e1dat t\u0159eba cestov\u00e1n\u00ed k p\u0159edsez\u00f3nn\u00edmu soust\u0159ed\u011bn\u00ed nebo, odva\u017euji se \u0159\u00edct, cestu na Mistrovstv\u00ed sv\u011bta v Braz\u00edlii.<\/em><\/p>\n<p><em>Hr\u00e1\u010d\u016fm radil n\u00e1\u0161 kondi\u010dn\u00ed tren\u00e9r John McKeown v ohledu toho, co maj\u00ed j\u00edst a p\u00edt a oni st\u00e1le pod\u00e1vali skv\u011bl\u00e9 v\u00fdkony, co\u017e je p\u016fsobiv\u00e9. Museli poslouchat a skute\u010dn\u011b \u017eili jako olympij\u0161t\u00ed atleti, pokud vynech\u00e1me fotbal. Jinak by prost\u011b nebylo v jejich sil\u00e1ch si v takov\u00e9m prost\u0159ed\u00ed poradit.\u201c<\/em><\/p>\n<p>Do turnaje Blues vstoupili senza\u010dn\u011b. Porazili dom\u00e1c\u00ed Corinthians, pova\u017eovan\u00fd za nejlep\u0161\u00ed brazilsk\u00fd celek. O v\u00fdhru 2-0 se postaral Anton Forrester a Hallam Hope.\u00a0<em>\u201eV\u016fbec jsme nev\u011bd\u011bli, \u017ee Corinthians jsou nejv\u011bt\u0161\u00edm t\u00fdmem v Braz\u00edlii,\u201c\u00a0<\/em>p\u0159izn\u00e1v\u00e1 Dewsnip. <em>\u201eZa\u010dali jsme dob\u0159e a do veden\u00ed jsme se dostali u\u017e po 10 minut\u00e1ch a tehdy n\u00e1s div\u00e1ci za\u010dali povzbuzovat. Nemohli jsme p\u0159ij\u00edt na to, pro\u010d, zat\u00edmco kdy\u017e vyst\u0159elilo Corinthians, v\u0161ichni za\u010dali p\u00edskat. Pak jsme si uv\u011bdomili, \u017ee tamn\u00ed fanou\u0161ci miluj\u00ed nen\u00e1vid\u011bt Corinthians, tak\u017ee poka\u017ed\u00e9, kdy\u017e se jim n\u011bco nepovedlo, v\u00edc je to polo\u017eilo a n\u00e1m naopak pomohlo.\u201c<\/em><\/p>\n<p>Dal\u0161\u00ed z\u00e1pas p\u0159inesl prvn\u00ed por\u00e1\u017eku, a to proti Vasco da Gama, dal\u0161\u00edmu dom\u00e1c\u00edmu t\u00fdmu. Za Everton se znovu trefil nadan\u00fd \u00fato\u010dn\u00edk Hope, nicm\u00e9n\u011b na celek, je\u017e byl podle Dewsnipa t\u00edm nejlep\u0161\u00edm, co na dan\u00e9 v\u011bkov\u00e9 \u00farovni kdy vid\u011bl, Toffees nesta\u010dili.<\/p>\n<p><em>\u201eNikdy p\u0159edt\u00edm jsem nevid\u011bl tak rychl\u00fd kombina\u010dn\u00ed fotbal, tak jako oni p\u0159edvedli v prvn\u00edm polo\u010dase. Doma ob\u010das v tr\u00e9ninku hrajeme proti prvn\u00edmu t\u00fdmu, kde n\u011bco takov\u00e9ho um\u00ed Mikel Arteta a ostatn\u00ed, ale m\u00ed\u010d se po h\u0159i\u0161ti pohyboval tak rychle, \u017ee jsme se k n\u011bmu zkr\u00e1tka nemohli dostat. Mus\u00edm \u0159\u00edct, \u017ee to byl nejlep\u0161\u00ed t\u00fdm turnaje a jsem p\u0159ekvapen\u00fd, \u017ee nakonec celkov\u011b nevyhr\u00e1li.\u201c<\/em><\/p>\n<p>Odpov\u011b\u010f Evertonu byla velkolep\u00e1 &#8211; vysok\u00e9 v\u00edt\u011bzstv\u00ed 4-0 nad mexick\u00fdm Club America. T\u00edm si Toffees zajistili \u00fa\u010dast v semifin\u00e1le, ve kter\u00e9m bohu\u017eel mlad\u00edk\u016fm vystavilo stopku m\u00edstn\u00ed Atletico Mineiro, kter\u00e9 o v\u00fdh\u0159e 1-0 rozhodlo v z\u00e1v\u011bre\u010dn\u00fdch minut\u00e1ch z\u00e1pasu. V bitv\u011b o t\u0159et\u00ed m\u00edsto pak Blues na\u0161li s\u00edly k rem\u00edze 1-1 s Vasco de Gama. N\u00e1sledn\u00e9 pokutov\u00e9 kopy v\u0161ak vyzn\u011bly v pom\u011bru 5-4 pro dom\u00e1c\u00ed klub.<\/p>\n<p><em>\u201e\u0158\u00eddili se na\u0161i taktikou, hr\u00e1li tak, jak bylo v pl\u00e1nu a remizovali 1-1, p\u0159itom jsme z\u00e1pas ke konci m\u011bli vyhr\u00e1t. Moc jsme se t\u011b\u0161ili, a\u017e zjist\u00edme, kde si na sv\u011btov\u00e9 \u00farovni stoj\u00edme a nyn\u00ed to v\u00edme. Pokud se pod\u00edv\u00e1te na ostatn\u00ed t\u00fdmy v turnaji &#8211; Barcelona, kter\u00e1 skon\u010dila osm\u00e1, Paris St Germain, kter\u00e9 skon\u010dilo \u0161est\u00e9 &#8211; my jsme p\u0159ed nimi, co\u017e o na\u0161ich hr\u00e1\u010d\u00edch mluv\u00ed jasn\u011b.<\/em><\/p>\n<p><em>Na\u0161\u00edm c\u00edlem jako akademie, je dod\u00e1vat hr\u00e1\u010de prvn\u00edm t\u00fdmu a turnaj m\u016f\u017ee b\u00fdt jedin\u011b pozitivn\u00ed zku\u0161enost\u00ed. Jestli v\u00e1m m\u016f\u017eu sl\u00edbit, \u017ee n\u011bkdo z nich bude jednou hr\u00e1t za Everton? Ne, to nikdy nejde. Ale jejich \u0161anc\u00edm to ur\u010dit\u011b pom\u016f\u017ee. Pro hr\u00e1\u010de to byla unik\u00e1tn\u00ed zku\u0161enost. Cel\u00fd turnaj &#8211; psychick\u00e1 str\u00e1nka, vypo\u0159\u00e1d\u00e1n\u00ed se s horkem, kultura a \u00farove\u0148 &#8211; to byla zku\u0161enost, kterou si nem\u016f\u017eete koupit.\u201c<\/em><\/p>\n<p>A kdo jin\u00fd by tato slova mohl potvrdit, ne\u017e n\u011bkter\u00fd ze samotn\u00fdch fotbalist\u016f. Obr\u00e1nce Tyias Browning c\u00edt\u00ed, \u017ee zlep\u0161en\u00ed nastalo jak na, tak mimo h\u0159i\u0161t\u011b.\u00a0<em>\u201eBylo to jin\u00e9, ne\u017e na co jsme byli zvykl\u00ed. \u0160lo hodn\u011b o fyzickou str\u00e1nku, ale ment\u00e1ln\u00ed \u010d\u00e1st byla t\u011b\u017e\u0161\u00ed. Pokud je tu jedna v\u011bc, kterou jsem se hodn\u011b nau\u010dil, pak je to pozi\u010dn\u00ed hra, proto\u017ee soupe\u0159 um\u00ed b\u00fdt nemilosrdn\u00fd, pokud jste t\u0159eba jen lehce mimo sv\u016fj post. Bylo tak\u00e9 obrovsk\u00e9 horko, nikdy jsem v takov\u00fdch podm\u00ednk\u00e1ch nehr\u00e1l. Spat\u0159en\u00ed tamn\u00ed kultury, kter\u00e1 je s fotbalem prov\u00e1zan\u00e1, bylo tak\u00e9 skv\u011blou zku\u0161enost\u00ed,\u201c<\/em>\u00a0dod\u00e1v\u00e1 spokojen\u011b mlad\u00edk.<\/p>\n","protected":false},"excerpt":{"rendered":"<p>Rostouc\u00ed profil evertonsk\u00e9ho ml\u00e1de\u017enick\u00e9ho t\u00fdmu zaznamenal dal\u0161\u00ed kr\u016f\u010dek sm\u011brem vzh\u016fru. Mlad\u00edci maj\u00ed za sebou \u00fasp\u011b\u0161nou misi, za n\u00ed\u017e se vydali&hellip;<\/p>\n","protected":false},"author":7,"featured_media":1313,"comment_status":"open","ping_status":"closed","sticky":false,"template":"","format":"standard","meta":{"_eb_attr":"","_monsterinsights_skip_tracking":false,"_monsterinsights_sitenote_active":false,"_monsterinsights_sitenote_note":"","_monsterinsights_sitenote_category":0,"footnotes":""},"categories":[42,1],"tags":[],"yoast_head":"<!-- This site is optimized with the Yoast SEO plugin v23.4 - https:\/\/yoast.com\/wordpress\/plugins\/seo\/ -->\n<title>Mlad\u00edci skl\u00edz\u00ed \u00fasp\u011bch - Official Czech &amp; Slovak Everton Supporters&#039; Club<\/title>\n<meta name=\"robots\" content=\"index, follow, max-snippet:-1, max-image-preview:large, max-video-preview:-1\" \/>\n<link rel=\"canonical\" href=\"https:\/\/evertonfc.cz\/index.php\/2011\/01\/11\/mladici-sklizi-uspech\/\" \/>\n<meta property=\"og:locale\" content=\"cs_CZ\" \/>\n<meta property=\"og:type\" content=\"article\" \/>\n<meta property=\"og:title\" content=\"Mlad\u00edci skl\u00edz\u00ed \u00fasp\u011bch - Official Czech &amp; Slovak Everton Supporters&#039; Club\" \/>\n<meta property=\"og:description\" content=\"Rostouc\u00ed profil evertonsk\u00e9ho ml\u00e1de\u017enick\u00e9ho t\u00fdmu zaznamenal dal\u0161\u00ed kr\u016f\u010dek sm\u011brem vzh\u016fru. Mlad\u00edci maj\u00ed za sebou \u00fasp\u011b\u0161nou misi, za n\u00ed\u017e se vydali&hellip;\" \/>\n<meta property=\"og:url\" content=\"https:\/\/evertonfc.cz\/index.php\/2011\/01\/11\/mladici-sklizi-uspech\/\" \/>\n<meta property=\"og:site_name\" content=\"Official Czech &amp; Slovak Everton Supporters&#039; Club\" \/>\n<meta property=\"article:publisher\" content=\"https:\/\/www.facebook.com\/everton.fans.cz.sk\" \/>\n<meta property=\"article:published_time\" content=\"2011-01-11T21:12:33+00:00\" \/>\n<meta property=\"article:modified_time\" content=\"2019-02-11T21:17:39+00:00\" \/>\n<meta property=\"og:image\" content=\"https:\/\/evertonfc.cz\/wp-content\/uploads\/2019\/01\/news.jpg\" \/>\n\t<meta property=\"og:image:width\" content=\"720\" \/>\n\t<meta property=\"og:image:height\" content=\"405\" \/>\n\t<meta property=\"og:image:type\" content=\"image\/jpeg\" \/>\n<meta name=\"author\" content=\"Me\u0148a\" \/>\n<meta name=\"twitter:card\" content=\"summary_large_image\" \/>\n<meta name=\"twitter:label1\" content=\"Napsal(a)\" \/>\n\t<meta name=\"twitter:data1\" content=\"Me\u0148a\" \/>\n\t<meta name=\"twitter:label2\" content=\"Odhadovan\u00e1 doba \u010dten\u00ed\" \/>\n\t<meta name=\"twitter:data2\" content=\"5 minut\" \/>\n<script type=\"application\/ld+json\" class=\"yoast-schema-graph\">{\"@context\":\"https:\/\/schema.org\",\"@graph\":[{\"@type\":\"Article\",\"@id\":\"https:\/\/evertonfc.cz\/index.php\/2011\/01\/11\/mladici-sklizi-uspech\/#article\",\"isPartOf\":{\"@id\":\"https:\/\/evertonfc.cz\/index.php\/2011\/01\/11\/mladici-sklizi-uspech\/\"},\"author\":{\"name\":\"Me\u0148a\",\"@id\":\"https:\/\/evertonfc.cz\/#\/schema\/person\/cd6328a75577de2add7793fd4b0930c3\"},\"headline\":\"Mlad\u00edci skl\u00edz\u00ed \u00fasp\u011bch\",\"datePublished\":\"2011-01-11T21:12:33+00:00\",\"dateModified\":\"2019-02-11T21:17:39+00:00\",\"mainEntityOfPage\":{\"@id\":\"https:\/\/evertonfc.cz\/index.php\/2011\/01\/11\/mladici-sklizi-uspech\/\"},\"wordCount\":1088,\"commentCount\":0,\"publisher\":{\"@id\":\"https:\/\/evertonfc.cz\/#organization\"},\"image\":{\"@id\":\"https:\/\/evertonfc.cz\/index.php\/2011\/01\/11\/mladici-sklizi-uspech\/#primaryimage\"},\"thumbnailUrl\":\"https:\/\/evertonfc.cz\/wp-content\/uploads\/2019\/01\/news.jpg\",\"articleSection\":[\"Aktuality\",\"Rozhovory\"],\"inLanguage\":\"cs\",\"potentialAction\":[{\"@type\":\"CommentAction\",\"name\":\"Comment\",\"target\":[\"https:\/\/evertonfc.cz\/index.php\/2011\/01\/11\/mladici-sklizi-uspech\/#respond\"]}]},{\"@type\":\"WebPage\",\"@id\":\"https:\/\/evertonfc.cz\/index.php\/2011\/01\/11\/mladici-sklizi-uspech\/\",\"url\":\"https:\/\/evertonfc.cz\/index.php\/2011\/01\/11\/mladici-sklizi-uspech\/\",\"name\":\"Mlad\u00edci skl\u00edz\u00ed \u00fasp\u011bch - Official Czech &amp; Slovak Everton Supporters&#039; Club\",\"isPartOf\":{\"@id\":\"https:\/\/evertonfc.cz\/#website\"},\"primaryImageOfPage\":{\"@id\":\"https:\/\/evertonfc.cz\/index.php\/2011\/01\/11\/mladici-sklizi-uspech\/#primaryimage\"},\"image\":{\"@id\":\"https:\/\/evertonfc.cz\/index.php\/2011\/01\/11\/mladici-sklizi-uspech\/#primaryimage\"},\"thumbnailUrl\":\"https:\/\/evertonfc.cz\/wp-content\/uploads\/2019\/01\/news.jpg\",\"datePublished\":\"2011-01-11T21:12:33+00:00\",\"dateModified\":\"2019-02-11T21:17:39+00:00\",\"breadcrumb\":{\"@id\":\"https:\/\/evertonfc.cz\/index.php\/2011\/01\/11\/mladici-sklizi-uspech\/#breadcrumb\"},\"inLanguage\":\"cs\",\"potentialAction\":[{\"@type\":\"ReadAction\",\"target\":[\"https:\/\/evertonfc.cz\/index.php\/2011\/01\/11\/mladici-sklizi-uspech\/\"]}]},{\"@type\":\"ImageObject\",\"inLanguage\":\"cs\",\"@id\":\"https:\/\/evertonfc.cz\/index.php\/2011\/01\/11\/mladici-sklizi-uspech\/#primaryimage\",\"url\":\"https:\/\/evertonfc.cz\/wp-content\/uploads\/2019\/01\/news.jpg\",\"contentUrl\":\"https:\/\/evertonfc.cz\/wp-content\/uploads\/2019\/01\/news.jpg\",\"width\":720,\"height\":405},{\"@type\":\"BreadcrumbList\",\"@id\":\"https:\/\/evertonfc.cz\/index.php\/2011\/01\/11\/mladici-sklizi-uspech\/#breadcrumb\",\"itemListElement\":[{\"@type\":\"ListItem\",\"position\":1,\"name\":\"Home\",\"item\":\"https:\/\/evertonfc.cz\/\"},{\"@type\":\"ListItem\",\"position\":2,\"name\":\"Mlad\u00edci skl\u00edz\u00ed \u00fasp\u011bch\"}]},{\"@type\":\"WebSite\",\"@id\":\"https:\/\/evertonfc.cz\/#website\",\"url\":\"https:\/\/evertonfc.cz\/\",\"name\":\"Official Czech &amp; Slovak Everton Supporters&#039; Club\",\"description\":\"\",\"publisher\":{\"@id\":\"https:\/\/evertonfc.cz\/#organization\"},\"potentialAction\":[{\"@type\":\"SearchAction\",\"target\":{\"@type\":\"EntryPoint\",\"urlTemplate\":\"https:\/\/evertonfc.cz\/?s={search_term_string}\"},\"query-input\":{\"@type\":\"PropertyValueSpecification\",\"valueRequired\":true,\"valueName\":\"search_term_string\"}}],\"inLanguage\":\"cs\"},{\"@type\":\"Organization\",\"@id\":\"https:\/\/evertonfc.cz\/#organization\",\"name\":\"Official Czech & Slovak Everton Supporters' Club\",\"url\":\"https:\/\/evertonfc.cz\/\",\"logo\":{\"@type\":\"ImageObject\",\"inLanguage\":\"cs\",\"@id\":\"https:\/\/evertonfc.cz\/#\/schema\/logo\/image\/\",\"url\":\"https:\/\/evertonfc.cz\/wp-content\/uploads\/2019\/05\/logo.png\",\"contentUrl\":\"https:\/\/evertonfc.cz\/wp-content\/uploads\/2019\/05\/logo.png\",\"width\":112,\"height\":112,\"caption\":\"Official Czech & Slovak Everton Supporters' Club\"},\"image\":{\"@id\":\"https:\/\/evertonfc.cz\/#\/schema\/logo\/image\/\"},\"sameAs\":[\"https:\/\/www.facebook.com\/everton.fans.cz.sk\"]},{\"@type\":\"Person\",\"@id\":\"https:\/\/evertonfc.cz\/#\/schema\/person\/cd6328a75577de2add7793fd4b0930c3\",\"name\":\"Me\u0148a\",\"url\":\"https:\/\/evertonfc.cz\/index.php\/author\/mena\/\"}]}<\/script>\n<!-- \/ Yoast SEO plugin. -->","yoast_head_json":{"title":"Mlad\u00edci skl\u00edz\u00ed \u00fasp\u011bch - Official Czech &amp; Slovak Everton Supporters&#039; Club","robots":{"index":"index","follow":"follow","max-snippet":"max-snippet:-1","max-image-preview":"max-image-preview:large","max-video-preview":"max-video-preview:-1"},"canonical":"https:\/\/evertonfc.cz\/index.php\/2011\/01\/11\/mladici-sklizi-uspech\/","og_locale":"cs_CZ","og_type":"article","og_title":"Mlad\u00edci skl\u00edz\u00ed \u00fasp\u011bch - Official Czech &amp; Slovak Everton Supporters&#039; Club","og_description":"Rostouc\u00ed profil evertonsk\u00e9ho ml\u00e1de\u017enick\u00e9ho t\u00fdmu zaznamenal dal\u0161\u00ed kr\u016f\u010dek sm\u011brem vzh\u016fru. Mlad\u00edci maj\u00ed za sebou \u00fasp\u011b\u0161nou misi, za n\u00ed\u017e se vydali&hellip;","og_url":"https:\/\/evertonfc.cz\/index.php\/2011\/01\/11\/mladici-sklizi-uspech\/","og_site_name":"Official Czech &amp; Slovak Everton Supporters&#039; Club","article_publisher":"https:\/\/www.facebook.com\/everton.fans.cz.sk","article_published_time":"2011-01-11T21:12:33+00:00","article_modified_time":"2019-02-11T21:17:39+00:00","og_image":[{"width":720,"height":405,"url":"https:\/\/evertonfc.cz\/wp-content\/uploads\/2019\/01\/news.jpg","type":"image\/jpeg"}],"author":"Me\u0148a","twitter_card":"summary_large_image","twitter_misc":{"Napsal(a)":"Me\u0148a","Odhadovan\u00e1 doba \u010dten\u00ed":"5 minut"},"schema":{"@context":"https:\/\/schema.org","@graph":[{"@type":"Article","@id":"https:\/\/evertonfc.cz\/index.php\/2011\/01\/11\/mladici-sklizi-uspech\/#article","isPartOf":{"@id":"https:\/\/evertonfc.cz\/index.php\/2011\/01\/11\/mladici-sklizi-uspech\/"},"author":{"name":"Me\u0148a","@id":"https:\/\/evertonfc.cz\/#\/schema\/person\/cd6328a75577de2add7793fd4b0930c3"},"headline":"Mlad\u00edci skl\u00edz\u00ed \u00fasp\u011bch","datePublished":"2011-01-11T21:12:33+00:00","dateModified":"2019-02-11T21:17:39+00:00","mainEntityOfPage":{"@id":"https:\/\/evertonfc.cz\/index.php\/2011\/01\/11\/mladici-sklizi-uspech\/"},"wordCount":1088,"commentCount":0,"publisher":{"@id":"https:\/\/evertonfc.cz\/#organization"},"image":{"@id":"https:\/\/evertonfc.cz\/index.php\/2011\/01\/11\/mladici-sklizi-uspech\/#primaryimage"},"thumbnailUrl":"https:\/\/evertonfc.cz\/wp-content\/uploads\/2019\/01\/news.jpg","articleSection":["Aktuality","Rozhovory"],"inLanguage":"cs","potentialAction":[{"@type":"CommentAction","name":"Comment","target":["https:\/\/evertonfc.cz\/index.php\/2011\/01\/11\/mladici-sklizi-uspech\/#respond"]}]},{"@type":"WebPage","@id":"https:\/\/evertonfc.cz\/index.php\/2011\/01\/11\/mladici-sklizi-uspech\/","url":"https:\/\/evertonfc.cz\/index.php\/2011\/01\/11\/mladici-sklizi-uspech\/","name":"Mlad\u00edci skl\u00edz\u00ed \u00fasp\u011bch - Official Czech &amp; Slovak Everton Supporters&#039; Club","isPartOf":{"@id":"https:\/\/evertonfc.cz\/#website"},"primaryImageOfPage":{"@id":"https:\/\/evertonfc.cz\/index.php\/2011\/01\/11\/mladici-sklizi-uspech\/#primaryimage"},"image":{"@id":"https:\/\/evertonfc.cz\/index.php\/2011\/01\/11\/mladici-sklizi-uspech\/#primaryimage"},"thumbnailUrl":"https:\/\/evertonfc.cz\/wp-content\/uploads\/2019\/01\/news.jpg","datePublished":"2011-01-11T21:12:33+00:00","dateModified":"2019-02-11T21:17:39+00:00","breadcrumb":{"@id":"https:\/\/evertonfc.cz\/index.php\/2011\/01\/11\/mladici-sklizi-uspech\/#breadcrumb"},"inLanguage":"cs","potentialAction":[{"@type":"ReadAction","target":["https:\/\/evertonfc.cz\/index.php\/2011\/01\/11\/mladici-sklizi-uspech\/"]}]},{"@type":"ImageObject","inLanguage":"cs","@id":"https:\/\/evertonfc.cz\/index.php\/2011\/01\/11\/mladici-sklizi-uspech\/#primaryimage","url":"https:\/\/evertonfc.cz\/wp-content\/uploads\/2019\/01\/news.jpg","contentUrl":"https:\/\/evertonfc.cz\/wp-content\/uploads\/2019\/01\/news.jpg","width":720,"height":405},{"@type":"BreadcrumbList","@id":"https:\/\/evertonfc.cz\/index.php\/2011\/01\/11\/mladici-sklizi-uspech\/#breadcrumb","itemListElement":[{"@type":"ListItem","position":1,"name":"Home","item":"https:\/\/evertonfc.cz\/"},{"@type":"ListItem","position":2,"name":"Mlad\u00edci skl\u00edz\u00ed \u00fasp\u011bch"}]},{"@type":"WebSite","@id":"https:\/\/evertonfc.cz\/#website","url":"https:\/\/evertonfc.cz\/","name":"Official Czech &amp; Slovak Everton Supporters&#039; Club","description":"","publisher":{"@id":"https:\/\/evertonfc.cz\/#organization"},"potentialAction":[{"@type":"SearchAction","target":{"@type":"EntryPoint","urlTemplate":"https:\/\/evertonfc.cz\/?s={search_term_string}"},"query-input":{"@type":"PropertyValueSpecification","valueRequired":true,"valueName":"search_term_string"}}],"inLanguage":"cs"},{"@type":"Organization","@id":"https:\/\/evertonfc.cz\/#organization","name":"Official Czech & Slovak Everton Supporters' Club","url":"https:\/\/evertonfc.cz\/","logo":{"@type":"ImageObject","inLanguage":"cs","@id":"https:\/\/evertonfc.cz\/#\/schema\/logo\/image\/","url":"https:\/\/evertonfc.cz\/wp-content\/uploads\/2019\/05\/logo.png","contentUrl":"https:\/\/evertonfc.cz\/wp-content\/uploads\/2019\/05\/logo.png","width":112,"height":112,"caption":"Official Czech & Slovak Everton Supporters' Club"},"image":{"@id":"https:\/\/evertonfc.cz\/#\/schema\/logo\/image\/"},"sameAs":["https:\/\/www.facebook.com\/everton.fans.cz.sk"]},{"@type":"Person","@id":"https:\/\/evertonfc.cz\/#\/schema\/person\/cd6328a75577de2add7793fd4b0930c3","name":"Me\u0148a","url":"https:\/\/evertonfc.cz\/index.php\/author\/mena\/"}]}},"_links":{"self":[{"href":"https:\/\/evertonfc.cz\/index.php\/wp-json\/wp\/v2\/posts\/3656"}],"collection":[{"href":"https:\/\/evertonfc.cz\/index.php\/wp-json\/wp\/v2\/posts"}],"about":[{"href":"https:\/\/evertonfc.cz\/index.php\/wp-json\/wp\/v2\/types\/post"}],"author":[{"embeddable":true,"href":"https:\/\/evertonfc.cz\/index.php\/wp-json\/wp\/v2\/users\/7"}],"replies":[{"embeddable":true,"href":"https:\/\/evertonfc.cz\/index.php\/wp-json\/wp\/v2\/comments?post=3656"}],"version-history":[{"count":1,"href":"https:\/\/evertonfc.cz\/index.php\/wp-json\/wp\/v2\/posts\/3656\/revisions"}],"predecessor-version":[{"id":3657,"href":"https:\/\/evertonfc.cz\/index.php\/wp-json\/wp\/v2\/posts\/3656\/revisions\/3657"}],"wp:featuredmedia":[{"embeddable":true,"href":"https:\/\/evertonfc.cz\/index.php\/wp-json\/wp\/v2\/media\/1313"}],"wp:attachment":[{"href":"https:\/\/evertonfc.cz\/index.php\/wp-json\/wp\/v2\/media?parent=3656"}],"wp:term":[{"taxonomy":"category","embeddable":true,"href":"https:\/\/evertonfc.cz\/index.php\/wp-json\/wp\/v2\/categories?post=3656"},{"taxonomy":"post_tag","embeddable":true,"href":"https:\/\/evertonfc.cz\/index.php\/wp-json\/wp\/v2\/tags?post=3656"}],"curies":[{"name":"wp","href":"https:\/\/api.w.org\/{rel}","templated":true}]}}