{"id":3660,"date":"2010-12-28T22:25:53","date_gmt":"2010-12-28T21:25:53","guid":{"rendered":"http:\/\/evertonfc.cz\/?p=3660"},"modified":"2019-02-11T22:27:39","modified_gmt":"2019-02-11T21:27:39","slug":"west-ham-everton-11","status":"publish","type":"post","link":"https:\/\/evertonfc.cz\/index.php\/2010\/12\/28\/west-ham-everton-11\/","title":{"rendered":"West Ham &#8211; Everton 1:1"},"content":{"rendered":"<h4>Nejsp\u00ed\u0161 zaslou\u017een\u00e1 rem\u00edza byla k vid\u011bn\u00ed na Upton Parku. Z\u00e1pas mizern\u00e9 \u00farovn\u011b moc fotbalov\u00e9ho vzruchu nenab\u00eddl, a tak kdo nevid\u011bl, ten rozhodn\u011b neprohloupil.<\/h4>\n<p>Na o\u010dek\u00e1van\u00fd posun tabulkou tak m\u016f\u017ee Everton minim\u00e1ln\u011b do soboty zapomenout. Ani o z\u00e1chranu bojuj\u00edc\u00ed West Ham si ale moc nepomohl, obzvl\u00e1\u0161t\u011b kdy\u017e ztratil veden\u00ed. V ka\u017ed\u00e9m p\u0159\u00edpad\u011b se o d\u016fle\u017eit\u00e9 t\u0159i body nemohla pr\u00e1t v\u00edt\u011bzn\u00e1 sestava, je\u017e udolala Manchester City. V\u010das se nestihl vykur\u00fdrovat Phil Jagielka, kter\u00e9ho na stoperovi zasko\u010dil Tony Hibbert a s t\u00fdmem do Lond\u00fdna neodjel ani Leon Osman. P\u0159ekvapuj\u00edc\u00edm, a jak se pozd\u011bji uk\u00e1zalo tak\u00e9 nefunguj\u00edc\u00edm tahem, bylo vynech\u00e1n\u00ed \u00fato\u010dn\u00edk\u016f. Na hrot David Moyes postavil Tima Cahilla. Upacht\u011bn\u00fd z\u00e1pas se svoj\u00ed prvn\u00ed \u0161ance do\u010dkal v osm\u00e9 minut\u011b. Chytr\u00e1 p\u0159ihr\u00e1vka Marouane Fellainiho do\u0161la k Sylvainu Distinovi, a ten z pom\u011brn\u011b ostr\u00e9ho \u00fahlu m\u00ed\u0159il vedle vzd\u00e1len\u011bj\u0161\u00ed ty\u010de. Belgi\u010dan dr\u017eel taktovku Evertonu i nad\u00e1le a \u010dastokr\u00e1t na sebe krom svoj\u00ed defenzivn\u00ed \u00falohy p\u0159eb\u00edral i kreativn\u011bj\u0161\u00ed roli, nebo\u0165 v\u00fdkon navr\u00e1tilce Mikela Artety znovu dosahoval tragick\u00fdch v\u00fd\u0161in. K dal\u0161\u00ed v\u00e1\u017en\u011bj\u0161\u00ed p\u0159\u00edle\u017eitosti u\u017e ale presuj\u00edc\u00ed Hammers Blues nepustili. A naopak to byli oni, kdo p\u0159ivedli dom\u00e1c\u00ed ochozy do ext\u00e1ze.<\/p>\n<p>Po \u0161patn\u011b odehran\u00e9m rohov\u00e9m kopu v patn\u00e1ct\u00e9 minut\u011b, dosk\u00e1kal balon k Radoslavu Kov\u00e1\u010dovi. \u010cesk\u00fd z\u00e1lo\u017en\u00edk sice trefil z akrobatick\u00e9 pozice m\u00ed\u010d nemotorn\u011b, jen\u017ee ke v\u0161\u00ed sm\u016fle se kulat\u00e9mu nesmyslu do cesty p\u0159ipletl Tony Hibbert, t\u00edm osudn\u011b zm\u011bnil jeho dr\u00e1hu a Tim Howard po m\u00ed\u010di lapal u\u017e bezmocn\u011b. Zad\u00e1k Toffees tak pro\u017eil dokonal\u00e9 deja-vu. Vlastenec si toti\u017e ke sv\u00e9mu jm\u00e9nu p\u0159ipsal i v lo\u0148sk\u00e9m z\u00e1pase na Upton Parku.<\/p>\n<p>\u0160\u0165astn\u00fd g\u00f3l Kladiv\u00e1\u0159e nabudil, a tak \u010dasto hrozili nebezpe\u010dn\u00fdmi proti\u00fatoky. Nejv\u00e1\u017en\u011bj\u0161\u00ed \u0161anci si vzal na triko Victor Obinna, kdy\u017e p\u0159e\u0161el Artetu a zkraje \u0161estn\u00e1ctky zazvonil o bli\u017e\u0161\u00ed ty\u010d. Mezit\u00edm hledali cestu k br\u00e1n\u011b i host\u00e9, jen\u017ee jejich pomal\u00e1, \u010diteln\u00e1 hra nevedla prakticky k ni\u010demu. O to v\u00edc pak muselo Evertonians zamrzet n\u011bkolik situac\u00ed, ve kter\u00fdch se p\u0159\u00edmo nab\u00edzela st\u0159elba a m\u00edsto n\u00ed borci v modr\u00e9m h\u00e1zenk\u00e1\u0159sky dob\u00fdvali pokutov\u00e9 \u00fazem\u00ed.<\/p>\n<p>Vyrovn\u00e1vac\u00ed g\u00f3l ale stejn\u011b p\u0159i\u0161el. Akce za\u010dala ve 41. minut\u011b u Stevena Pienaara, jen\u017e p\u0159enechal m\u00ed\u010d Artetovi, ten na\u0161el u v\u00e1pna Tima Cahilla, kter\u00fd chytr\u00fdm oblou\u010dkem na\u0161el na zadn\u00ed ty\u010di obranou West Hamu zapomenut\u00e9ho Semuse Colemana, a mladi\u010dk\u00fd Ir z prvn\u00ed p\u0159ekonal Roberta Greena.<\/p>\n<p>Druh\u00fd polo\u010das za\u010dal stejn\u011b nudn\u011b jako ten prvn\u00ed. Bitva o st\u0159ed pole m\u00e1lokdy p\u0159in\u00e1\u0161ela skute\u010dn\u011b zaj\u00edmav\u00e9 okam\u017eiky, a kdy u\u017e, tak balon skon\u010dil pom\u011brn\u011b daleko od br\u00e1ny, tak jako v p\u0159\u00edpad\u011b Pienaarova pokusu. Jako blesk z \u010dist\u00e9ho nebe se tak zrodila g\u00f3lovka Irons. Freddie Sears, jen\u017e m\u011bl na prav\u00e9m k\u0159\u00eddle zcela voln\u00fd prostor, p\u0159ihr\u00e1val p\u0159ed br\u00e1nu Carltonovi Coleovi, ten ale svoji velkou p\u0159\u00edle\u017eitost zazdil pomal\u00fdm \u0161our\u00e1kem vedle br\u00e1ny.<\/p>\n<p>To u\u017e byl na h\u0159i\u0161ti i Yakubu, nahradiv\u0161\u00ed nev\u00fdrazn\u00e9ho Jacka Rodwella, ale ten \u00fato\u010dnou vozbu t\u00fdmu nijak nevylep\u0161il. \u0160ance k rozhodnut\u00ed utk\u00e1n\u00ed si nicm\u00e9n\u011b Everton p\u0159ece jen vypracoval. Nejprve lapil Cahillovu st\u0159elu Green a brank\u00e1\u0159 Hammers se musel \u010dinit i p\u00e1r minut p\u0159ed koncem, kdy z rohov\u00e9ho kopu hlavi\u010dkoval Fellaini. Bohu\u017eel jen doprost\u0159ed br\u00e1ny.<\/p>\n<p>To nejv\u011bt\u0161\u00ed roz\u010darov\u00e1n\u00ed si ale fandov\u00e9 Blues museli vytrp\u011bt v nastaven\u00ed, a to kdy\u017e se Moyes rozhodl na h\u0159i\u0161t\u011b poslat \u010derstvou dvojici Jermaine Beckford, Diniyar Bilyaletdinov. Mezit\u00edm co si Evertonian sv\u00edrali hlavu v dlan\u00edch nad \u201cgenialitou\u201c mana\u017eera, u\u017e v\u0161ak zazn\u011bl z\u00e1v\u011bre\u010dn\u00fd hvizd. Evertonu p\u0159inesl bod, co\u017e nen\u00ed konec sv\u011bta, ale v\u0161ichni v\u00edme, \u017ee se o\u010dek\u00e1valo v\u00edc. Jak po str\u00e1nce v\u00fdsledkov\u00e9, tak hern\u00ed.<\/p>\n<p><strong>West Ham:<\/strong>\u00a0Green, Faubert, Tomkins, Upson, Ilunga (33. Spector), Sears, Parker, Kov\u00e1\u010d, Boa Morte, Obinna (84. Hines), Piquionne (55. Cole)<\/p>\n<p><strong>Everton:<\/strong>\u00a0Howard, Neville, Hibbert, Distin, Baines, Coleman, Rodwell (61. Yakubu), Arteta (90. Bilyaletdinov), Fellaini, Pienaar (90. Beckford), Cahill<\/p>\n<p><strong>Hodnocen\u00ed hr\u00e1\u010d\u016f:<\/strong>\u00a0Howard 7, Neville 6, Hibbert 5, Distin 7, Baines 6, Coleman 8, Rodwell 5, Arteta 5, Fellaini 8, Pienaar 6, Cahill 6, Yakubu 5<\/p>\n<p><strong>\u017dlut\u00e9 karty:<\/strong>\u00a0Kov\u00e1\u010d<\/p>\n<p><strong>Dr\u017een\u00ed m\u00ed\u010de:<\/strong>\u00a049% &#8211; 51%<\/p>\n<p><strong>St\u0159ely na br\u00e1nu:<\/strong>\u00a02 &#8211; 5<\/p>\n<p><strong>St\u0159ely mimo br\u00e1n<\/strong>u: 9 &#8211; 8<\/p>\n<p><strong>Rohov\u00e9 kopy<\/strong>: 4 &#8211; 7<\/p>\n<p><strong>Fauly:<\/strong>\u00a012 &#8211; 15<\/p>\n","protected":false},"excerpt":{"rendered":"<p>Nejsp\u00ed\u0161 zaslou\u017een\u00e1 rem\u00edza byla k vid\u011bn\u00ed na Upton Parku. Z\u00e1pas mizern\u00e9 \u00farovn\u011b moc fotbalov\u00e9ho vzruchu nenab\u00eddl, a tak kdo nevid\u011bl,&hellip;<\/p>\n","protected":false},"author":7,"featured_media":1315,"comment_status":"open","ping_status":"closed","sticky":false,"template":"","format":"standard","meta":{"_eb_attr":"","_monsterinsights_skip_tracking":false,"_monsterinsights_sitenote_active":false,"_monsterinsights_sitenote_note":"","_monsterinsights_sitenote_category":0,"footnotes":""},"categories":[4],"tags":[],"yoast_head":"<!-- This site is optimized with the Yoast SEO plugin v23.4 - https:\/\/yoast.com\/wordpress\/plugins\/seo\/ -->\n<title>West Ham - Everton 1:1 - Official Czech &amp; Slovak Everton Supporters&#039; Club<\/title>\n<meta name=\"robots\" content=\"index, follow, max-snippet:-1, max-image-preview:large, max-video-preview:-1\" \/>\n<link rel=\"canonical\" href=\"https:\/\/evertonfc.cz\/index.php\/2010\/12\/28\/west-ham-everton-11\/\" \/>\n<meta property=\"og:locale\" content=\"cs_CZ\" \/>\n<meta property=\"og:type\" content=\"article\" \/>\n<meta property=\"og:title\" content=\"West Ham - Everton 1:1 - Official Czech &amp; Slovak Everton Supporters&#039; Club\" \/>\n<meta property=\"og:description\" content=\"Nejsp\u00ed\u0161 zaslou\u017een\u00e1 rem\u00edza byla k vid\u011bn\u00ed na Upton Parku. Z\u00e1pas mizern\u00e9 \u00farovn\u011b moc fotbalov\u00e9ho vzruchu nenab\u00eddl, a tak kdo nevid\u011bl,&hellip;\" \/>\n<meta property=\"og:url\" content=\"https:\/\/evertonfc.cz\/index.php\/2010\/12\/28\/west-ham-everton-11\/\" \/>\n<meta property=\"og:site_name\" content=\"Official Czech &amp; Slovak Everton Supporters&#039; Club\" \/>\n<meta property=\"article:publisher\" content=\"https:\/\/www.facebook.com\/everton.fans.cz.sk\" \/>\n<meta property=\"article:published_time\" content=\"2010-12-28T21:25:53+00:00\" \/>\n<meta property=\"article:modified_time\" content=\"2019-02-11T21:27:39+00:00\" \/>\n<meta property=\"og:image\" content=\"https:\/\/evertonfc.cz\/wp-content\/uploads\/2019\/01\/report.jpg\" \/>\n\t<meta property=\"og:image:width\" content=\"720\" \/>\n\t<meta property=\"og:image:height\" content=\"405\" \/>\n\t<meta property=\"og:image:type\" content=\"image\/jpeg\" \/>\n<meta name=\"author\" content=\"Me\u0148a\" \/>\n<meta name=\"twitter:card\" content=\"summary_large_image\" \/>\n<meta name=\"twitter:label1\" content=\"Napsal(a)\" \/>\n\t<meta name=\"twitter:data1\" content=\"Me\u0148a\" \/>\n\t<meta name=\"twitter:label2\" content=\"Odhadovan\u00e1 doba \u010dten\u00ed\" \/>\n\t<meta name=\"twitter:data2\" content=\"4 minuty\" \/>\n<script type=\"application\/ld+json\" class=\"yoast-schema-graph\">{\"@context\":\"https:\/\/schema.org\",\"@graph\":[{\"@type\":\"Article\",\"@id\":\"https:\/\/evertonfc.cz\/index.php\/2010\/12\/28\/west-ham-everton-11\/#article\",\"isPartOf\":{\"@id\":\"https:\/\/evertonfc.cz\/index.php\/2010\/12\/28\/west-ham-everton-11\/\"},\"author\":{\"name\":\"Me\u0148a\",\"@id\":\"https:\/\/evertonfc.cz\/#\/schema\/person\/cd6328a75577de2add7793fd4b0930c3\"},\"headline\":\"West Ham &#8211; Everton 1:1\",\"datePublished\":\"2010-12-28T21:25:53+00:00\",\"dateModified\":\"2019-02-11T21:27:39+00:00\",\"mainEntityOfPage\":{\"@id\":\"https:\/\/evertonfc.cz\/index.php\/2010\/12\/28\/west-ham-everton-11\/\"},\"wordCount\":821,\"commentCount\":0,\"publisher\":{\"@id\":\"https:\/\/evertonfc.cz\/#organization\"},\"image\":{\"@id\":\"https:\/\/evertonfc.cz\/index.php\/2010\/12\/28\/west-ham-everton-11\/#primaryimage\"},\"thumbnailUrl\":\"https:\/\/evertonfc.cz\/wp-content\/uploads\/2019\/01\/report.jpg\",\"articleSection\":[\"Z\u00e1pasy\"],\"inLanguage\":\"cs\",\"potentialAction\":[{\"@type\":\"CommentAction\",\"name\":\"Comment\",\"target\":[\"https:\/\/evertonfc.cz\/index.php\/2010\/12\/28\/west-ham-everton-11\/#respond\"]}]},{\"@type\":\"WebPage\",\"@id\":\"https:\/\/evertonfc.cz\/index.php\/2010\/12\/28\/west-ham-everton-11\/\",\"url\":\"https:\/\/evertonfc.cz\/index.php\/2010\/12\/28\/west-ham-everton-11\/\",\"name\":\"West Ham - Everton 1:1 - Official Czech &amp; Slovak Everton Supporters&#039; Club\",\"isPartOf\":{\"@id\":\"https:\/\/evertonfc.cz\/#website\"},\"primaryImageOfPage\":{\"@id\":\"https:\/\/evertonfc.cz\/index.php\/2010\/12\/28\/west-ham-everton-11\/#primaryimage\"},\"image\":{\"@id\":\"https:\/\/evertonfc.cz\/index.php\/2010\/12\/28\/west-ham-everton-11\/#primaryimage\"},\"thumbnailUrl\":\"https:\/\/evertonfc.cz\/wp-content\/uploads\/2019\/01\/report.jpg\",\"datePublished\":\"2010-12-28T21:25:53+00:00\",\"dateModified\":\"2019-02-11T21:27:39+00:00\",\"breadcrumb\":{\"@id\":\"https:\/\/evertonfc.cz\/index.php\/2010\/12\/28\/west-ham-everton-11\/#breadcrumb\"},\"inLanguage\":\"cs\",\"potentialAction\":[{\"@type\":\"ReadAction\",\"target\":[\"https:\/\/evertonfc.cz\/index.php\/2010\/12\/28\/west-ham-everton-11\/\"]}]},{\"@type\":\"ImageObject\",\"inLanguage\":\"cs\",\"@id\":\"https:\/\/evertonfc.cz\/index.php\/2010\/12\/28\/west-ham-everton-11\/#primaryimage\",\"url\":\"https:\/\/evertonfc.cz\/wp-content\/uploads\/2019\/01\/report.jpg\",\"contentUrl\":\"https:\/\/evertonfc.cz\/wp-content\/uploads\/2019\/01\/report.jpg\",\"width\":720,\"height\":405},{\"@type\":\"BreadcrumbList\",\"@id\":\"https:\/\/evertonfc.cz\/index.php\/2010\/12\/28\/west-ham-everton-11\/#breadcrumb\",\"itemListElement\":[{\"@type\":\"ListItem\",\"position\":1,\"name\":\"Home\",\"item\":\"https:\/\/evertonfc.cz\/\"},{\"@type\":\"ListItem\",\"position\":2,\"name\":\"West Ham &#8211; Everton 1:1\"}]},{\"@type\":\"WebSite\",\"@id\":\"https:\/\/evertonfc.cz\/#website\",\"url\":\"https:\/\/evertonfc.cz\/\",\"name\":\"Official Czech &amp; Slovak Everton Supporters&#039; Club\",\"description\":\"\",\"publisher\":{\"@id\":\"https:\/\/evertonfc.cz\/#organization\"},\"potentialAction\":[{\"@type\":\"SearchAction\",\"target\":{\"@type\":\"EntryPoint\",\"urlTemplate\":\"https:\/\/evertonfc.cz\/?s={search_term_string}\"},\"query-input\":{\"@type\":\"PropertyValueSpecification\",\"valueRequired\":true,\"valueName\":\"search_term_string\"}}],\"inLanguage\":\"cs\"},{\"@type\":\"Organization\",\"@id\":\"https:\/\/evertonfc.cz\/#organization\",\"name\":\"Official Czech & Slovak Everton Supporters' Club\",\"url\":\"https:\/\/evertonfc.cz\/\",\"logo\":{\"@type\":\"ImageObject\",\"inLanguage\":\"cs\",\"@id\":\"https:\/\/evertonfc.cz\/#\/schema\/logo\/image\/\",\"url\":\"https:\/\/evertonfc.cz\/wp-content\/uploads\/2019\/05\/logo.png\",\"contentUrl\":\"https:\/\/evertonfc.cz\/wp-content\/uploads\/2019\/05\/logo.png\",\"width\":112,\"height\":112,\"caption\":\"Official Czech & Slovak Everton Supporters' Club\"},\"image\":{\"@id\":\"https:\/\/evertonfc.cz\/#\/schema\/logo\/image\/\"},\"sameAs\":[\"https:\/\/www.facebook.com\/everton.fans.cz.sk\"]},{\"@type\":\"Person\",\"@id\":\"https:\/\/evertonfc.cz\/#\/schema\/person\/cd6328a75577de2add7793fd4b0930c3\",\"name\":\"Me\u0148a\",\"url\":\"https:\/\/evertonfc.cz\/index.php\/author\/mena\/\"}]}<\/script>\n<!-- \/ Yoast SEO plugin. -->","yoast_head_json":{"title":"West Ham - Everton 1:1 - Official Czech &amp; Slovak Everton Supporters&#039; Club","robots":{"index":"index","follow":"follow","max-snippet":"max-snippet:-1","max-image-preview":"max-image-preview:large","max-video-preview":"max-video-preview:-1"},"canonical":"https:\/\/evertonfc.cz\/index.php\/2010\/12\/28\/west-ham-everton-11\/","og_locale":"cs_CZ","og_type":"article","og_title":"West Ham - Everton 1:1 - Official Czech &amp; Slovak Everton Supporters&#039; Club","og_description":"Nejsp\u00ed\u0161 zaslou\u017een\u00e1 rem\u00edza byla k vid\u011bn\u00ed na Upton Parku. Z\u00e1pas mizern\u00e9 \u00farovn\u011b moc fotbalov\u00e9ho vzruchu nenab\u00eddl, a tak kdo nevid\u011bl,&hellip;","og_url":"https:\/\/evertonfc.cz\/index.php\/2010\/12\/28\/west-ham-everton-11\/","og_site_name":"Official Czech &amp; Slovak Everton Supporters&#039; Club","article_publisher":"https:\/\/www.facebook.com\/everton.fans.cz.sk","article_published_time":"2010-12-28T21:25:53+00:00","article_modified_time":"2019-02-11T21:27:39+00:00","og_image":[{"width":720,"height":405,"url":"https:\/\/evertonfc.cz\/wp-content\/uploads\/2019\/01\/report.jpg","type":"image\/jpeg"}],"author":"Me\u0148a","twitter_card":"summary_large_image","twitter_misc":{"Napsal(a)":"Me\u0148a","Odhadovan\u00e1 doba \u010dten\u00ed":"4 minuty"},"schema":{"@context":"https:\/\/schema.org","@graph":[{"@type":"Article","@id":"https:\/\/evertonfc.cz\/index.php\/2010\/12\/28\/west-ham-everton-11\/#article","isPartOf":{"@id":"https:\/\/evertonfc.cz\/index.php\/2010\/12\/28\/west-ham-everton-11\/"},"author":{"name":"Me\u0148a","@id":"https:\/\/evertonfc.cz\/#\/schema\/person\/cd6328a75577de2add7793fd4b0930c3"},"headline":"West Ham &#8211; Everton 1:1","datePublished":"2010-12-28T21:25:53+00:00","dateModified":"2019-02-11T21:27:39+00:00","mainEntityOfPage":{"@id":"https:\/\/evertonfc.cz\/index.php\/2010\/12\/28\/west-ham-everton-11\/"},"wordCount":821,"commentCount":0,"publisher":{"@id":"https:\/\/evertonfc.cz\/#organization"},"image":{"@id":"https:\/\/evertonfc.cz\/index.php\/2010\/12\/28\/west-ham-everton-11\/#primaryimage"},"thumbnailUrl":"https:\/\/evertonfc.cz\/wp-content\/uploads\/2019\/01\/report.jpg","articleSection":["Z\u00e1pasy"],"inLanguage":"cs","potentialAction":[{"@type":"CommentAction","name":"Comment","target":["https:\/\/evertonfc.cz\/index.php\/2010\/12\/28\/west-ham-everton-11\/#respond"]}]},{"@type":"WebPage","@id":"https:\/\/evertonfc.cz\/index.php\/2010\/12\/28\/west-ham-everton-11\/","url":"https:\/\/evertonfc.cz\/index.php\/2010\/12\/28\/west-ham-everton-11\/","name":"West Ham - Everton 1:1 - Official Czech &amp; Slovak Everton Supporters&#039; Club","isPartOf":{"@id":"https:\/\/evertonfc.cz\/#website"},"primaryImageOfPage":{"@id":"https:\/\/evertonfc.cz\/index.php\/2010\/12\/28\/west-ham-everton-11\/#primaryimage"},"image":{"@id":"https:\/\/evertonfc.cz\/index.php\/2010\/12\/28\/west-ham-everton-11\/#primaryimage"},"thumbnailUrl":"https:\/\/evertonfc.cz\/wp-content\/uploads\/2019\/01\/report.jpg","datePublished":"2010-12-28T21:25:53+00:00","dateModified":"2019-02-11T21:27:39+00:00","breadcrumb":{"@id":"https:\/\/evertonfc.cz\/index.php\/2010\/12\/28\/west-ham-everton-11\/#breadcrumb"},"inLanguage":"cs","potentialAction":[{"@type":"ReadAction","target":["https:\/\/evertonfc.cz\/index.php\/2010\/12\/28\/west-ham-everton-11\/"]}]},{"@type":"ImageObject","inLanguage":"cs","@id":"https:\/\/evertonfc.cz\/index.php\/2010\/12\/28\/west-ham-everton-11\/#primaryimage","url":"https:\/\/evertonfc.cz\/wp-content\/uploads\/2019\/01\/report.jpg","contentUrl":"https:\/\/evertonfc.cz\/wp-content\/uploads\/2019\/01\/report.jpg","width":720,"height":405},{"@type":"BreadcrumbList","@id":"https:\/\/evertonfc.cz\/index.php\/2010\/12\/28\/west-ham-everton-11\/#breadcrumb","itemListElement":[{"@type":"ListItem","position":1,"name":"Home","item":"https:\/\/evertonfc.cz\/"},{"@type":"ListItem","position":2,"name":"West Ham &#8211; Everton 1:1"}]},{"@type":"WebSite","@id":"https:\/\/evertonfc.cz\/#website","url":"https:\/\/evertonfc.cz\/","name":"Official Czech &amp; Slovak Everton Supporters&#039; Club","description":"","publisher":{"@id":"https:\/\/evertonfc.cz\/#organization"},"potentialAction":[{"@type":"SearchAction","target":{"@type":"EntryPoint","urlTemplate":"https:\/\/evertonfc.cz\/?s={search_term_string}"},"query-input":{"@type":"PropertyValueSpecification","valueRequired":true,"valueName":"search_term_string"}}],"inLanguage":"cs"},{"@type":"Organization","@id":"https:\/\/evertonfc.cz\/#organization","name":"Official Czech & Slovak Everton Supporters' Club","url":"https:\/\/evertonfc.cz\/","logo":{"@type":"ImageObject","inLanguage":"cs","@id":"https:\/\/evertonfc.cz\/#\/schema\/logo\/image\/","url":"https:\/\/evertonfc.cz\/wp-content\/uploads\/2019\/05\/logo.png","contentUrl":"https:\/\/evertonfc.cz\/wp-content\/uploads\/2019\/05\/logo.png","width":112,"height":112,"caption":"Official Czech & Slovak Everton Supporters' Club"},"image":{"@id":"https:\/\/evertonfc.cz\/#\/schema\/logo\/image\/"},"sameAs":["https:\/\/www.facebook.com\/everton.fans.cz.sk"]},{"@type":"Person","@id":"https:\/\/evertonfc.cz\/#\/schema\/person\/cd6328a75577de2add7793fd4b0930c3","name":"Me\u0148a","url":"https:\/\/evertonfc.cz\/index.php\/author\/mena\/"}]}},"_links":{"self":[{"href":"https:\/\/evertonfc.cz\/index.php\/wp-json\/wp\/v2\/posts\/3660"}],"collection":[{"href":"https:\/\/evertonfc.cz\/index.php\/wp-json\/wp\/v2\/posts"}],"about":[{"href":"https:\/\/evertonfc.cz\/index.php\/wp-json\/wp\/v2\/types\/post"}],"author":[{"embeddable":true,"href":"https:\/\/evertonfc.cz\/index.php\/wp-json\/wp\/v2\/users\/7"}],"replies":[{"embeddable":true,"href":"https:\/\/evertonfc.cz\/index.php\/wp-json\/wp\/v2\/comments?post=3660"}],"version-history":[{"count":1,"href":"https:\/\/evertonfc.cz\/index.php\/wp-json\/wp\/v2\/posts\/3660\/revisions"}],"predecessor-version":[{"id":3661,"href":"https:\/\/evertonfc.cz\/index.php\/wp-json\/wp\/v2\/posts\/3660\/revisions\/3661"}],"wp:featuredmedia":[{"embeddable":true,"href":"https:\/\/evertonfc.cz\/index.php\/wp-json\/wp\/v2\/media\/1315"}],"wp:attachment":[{"href":"https:\/\/evertonfc.cz\/index.php\/wp-json\/wp\/v2\/media?parent=3660"}],"wp:term":[{"taxonomy":"category","embeddable":true,"href":"https:\/\/evertonfc.cz\/index.php\/wp-json\/wp\/v2\/categories?post=3660"},{"taxonomy":"post_tag","embeddable":true,"href":"https:\/\/evertonfc.cz\/index.php\/wp-json\/wp\/v2\/tags?post=3660"}],"curies":[{"name":"wp","href":"https:\/\/api.w.org\/{rel}","templated":true}]}}