{"id":3735,"date":"2016-05-10T23:59:11","date_gmt":"2016-05-10T21:59:11","guid":{"rendered":"http:\/\/evertonfc.cz\/?p=3735"},"modified":"2024-11-02T13:38:02","modified_gmt":"2024-11-02T12:38:02","slug":"preview-sunderland-everton-3","status":"publish","type":"post","link":"https:\/\/evertonfc.cz\/index.php\/2016\/05\/10\/preview-sunderland-everton-3\/","title":{"rendered":"Preview: Sunderland &#8211; Everton"},"content":{"rendered":"<h4 id=\"NewsPostDetailSummary\">Pro Sunderland plat\u00ed, \u017ee v\u00edt\u011bzstv\u00ed rovn\u00e1 se z\u00e1chrana. Motivace karamelek je skromn\u011bj\u0161\u00ed. 3 body by je\u0161t\u011b mohly spolu s ned\u011bln\u00edm nevyjit\u00edm napr\u00e1zdno znamenat, \u017ee se skon\u010d\u00ed v horn\u00ed \u010d\u00e1sti tabulky.<\/h4>\n<div id=\"NewsPostDetailContent\">\n<p>Rokerites si v sobotu hodn\u011b pomohli, v dom\u00e1c\u00edm z\u00e1pase proti Chelsea oto\u010dili z 0:2 na 3:2 a maj\u00ed tak z\u00e1chranu ve vlastn\u00edch rukou. Kdy\u017e vyhraj\u00ed z\u00edtra, tak po\u0161lou dol\u016f Norwich a Newcastle. A \u010dlov\u011bka tak man\u011b napadne, \u017ee si Naismith v tom p\u0159\u00edpad\u011b vybral \u0161patn\u011b&#8230;<\/p>\n<p>Evertonu se pro toto utk\u00e1n\u00ed vrac\u00ed po odpyk\u00e1n\u00ed t\u0159\u00edz\u00e1pasov\u00e9ho trestu stoper Mori a mohl by b\u00fdt k dispozici i Barry, naopak ur\u010dit\u011b nebude hr\u00e1t \u010dtve\u0159ice Coleman (stehno), Deulofeu (koleno), Hibbert (kotn\u00edk) a Jagielka (stehno). U dom\u00e1c\u00edch bude pouze jedna absence, Jones m\u00e1 probl\u00e9m s ky\u010dl\u00ed.<\/p>\n<p>Doufejme, \u017ee v\u00fdkon bude lep\u0161\u00ed a osobn\u011b bych si p\u0159\u00e1l z\u00e1chranu Newcastlu, proto\u017ee v p\u0159\u00edpad\u011b jeho sestupu je voln\u00fd Ben\u00edtez, kter\u00e9ho n\u011bkter\u00e1 m\u00e9dia pos\u00edlaj\u00ed pro novou sezonu k n\u00e1m. A j\u00e1 tu FSW nechci.<\/p>\n<p>Utk\u00e1n\u00ed vys\u00edl\u00e1 p\u0159\u00edm\u00fdm p\u0159enosem stanice Digi sport 2.<\/p>\n<p><strong>Co:<\/strong> Sunderland AFC &#8211; Everton\u00a0FC, 30. kolo Premier League, dohr\u00e1vka<\/p>\n<p><strong>Kdy:<\/strong> 21. 05. 2016 od 20:45 SE\u010c<\/p>\n<p><strong>Kde:<\/strong> Portobello Lane, Sunderland (kapacita: 49 000)<\/p>\n<p><strong>Rozhod\u010d\u00ed:<\/strong> Anthony Taylor<\/p>\n<\/div>\n","protected":false},"excerpt":{"rendered":"<p>Pro Sunderland plat\u00ed, \u017ee v\u00edt\u011bzstv\u00ed rovn\u00e1 se z\u00e1chrana. Motivace karamelek je skromn\u011bj\u0161\u00ed. 3 body by je\u0161t\u011b mohly spolu s ned\u011bln\u00edm&hellip;<\/p>\n","protected":false},"author":12,"featured_media":25541,"comment_status":"open","ping_status":"closed","sticky":false,"template":"","format":"standard","meta":{"_eb_attr":"","_monsterinsights_skip_tracking":false,"_monsterinsights_sitenote_active":false,"_monsterinsights_sitenote_note":"","_monsterinsights_sitenote_category":0,"footnotes":""},"categories":[4],"tags":[],"yoast_head":"<!-- This site is optimized with the Yoast SEO plugin v23.4 - https:\/\/yoast.com\/wordpress\/plugins\/seo\/ -->\n<title>Preview: Sunderland - Everton - Official Czech &amp; Slovak Everton Supporters&#039; Club<\/title>\n<meta name=\"robots\" content=\"index, follow, max-snippet:-1, max-image-preview:large, max-video-preview:-1\" \/>\n<link rel=\"canonical\" href=\"https:\/\/evertonfc.cz\/index.php\/2016\/05\/10\/preview-sunderland-everton-3\/\" \/>\n<meta property=\"og:locale\" content=\"cs_CZ\" \/>\n<meta property=\"og:type\" content=\"article\" \/>\n<meta property=\"og:title\" content=\"Preview: Sunderland - Everton - Official Czech &amp; Slovak Everton Supporters&#039; Club\" \/>\n<meta property=\"og:description\" content=\"Pro Sunderland plat\u00ed, \u017ee v\u00edt\u011bzstv\u00ed rovn\u00e1 se z\u00e1chrana. Motivace karamelek je skromn\u011bj\u0161\u00ed. 3 body by je\u0161t\u011b mohly spolu s ned\u011bln\u00edm&hellip;\" \/>\n<meta property=\"og:url\" content=\"https:\/\/evertonfc.cz\/index.php\/2016\/05\/10\/preview-sunderland-everton-3\/\" \/>\n<meta property=\"og:site_name\" content=\"Official Czech &amp; Slovak Everton Supporters&#039; Club\" \/>\n<meta property=\"article:publisher\" content=\"https:\/\/www.facebook.com\/everton.fans.cz.sk\" \/>\n<meta property=\"article:published_time\" content=\"2016-05-10T21:59:11+00:00\" \/>\n<meta property=\"article:modified_time\" content=\"2024-11-02T12:38:02+00:00\" \/>\n<meta property=\"og:image\" content=\"https:\/\/evertonfc.cz\/wp-content\/uploads\/2024\/11\/Sunderland-VS-Everton.png\" \/>\n\t<meta property=\"og:image:width\" content=\"720\" \/>\n\t<meta property=\"og:image:height\" content=\"405\" \/>\n\t<meta property=\"og:image:type\" content=\"image\/png\" \/>\n<meta name=\"author\" content=\"Javor\" \/>\n<meta name=\"twitter:card\" content=\"summary_large_image\" \/>\n<meta name=\"twitter:creator\" content=\"@LoudinJan\" \/>\n<meta name=\"twitter:label1\" content=\"Napsal(a)\" \/>\n\t<meta name=\"twitter:data1\" content=\"Javor\" \/>\n\t<meta name=\"twitter:label2\" content=\"Odhadovan\u00e1 doba \u010dten\u00ed\" \/>\n\t<meta name=\"twitter:data2\" content=\"2 minuty\" \/>\n<script type=\"application\/ld+json\" class=\"yoast-schema-graph\">{\"@context\":\"https:\/\/schema.org\",\"@graph\":[{\"@type\":\"Article\",\"@id\":\"https:\/\/evertonfc.cz\/index.php\/2016\/05\/10\/preview-sunderland-everton-3\/#article\",\"isPartOf\":{\"@id\":\"https:\/\/evertonfc.cz\/index.php\/2016\/05\/10\/preview-sunderland-everton-3\/\"},\"author\":{\"name\":\"Javor\",\"@id\":\"https:\/\/evertonfc.cz\/#\/schema\/person\/b30daf6a5852f4811f8207a17ec1bf78\"},\"headline\":\"Preview: Sunderland &#8211; Everton\",\"datePublished\":\"2016-05-10T21:59:11+00:00\",\"dateModified\":\"2024-11-02T12:38:02+00:00\",\"mainEntityOfPage\":{\"@id\":\"https:\/\/evertonfc.cz\/index.php\/2016\/05\/10\/preview-sunderland-everton-3\/\"},\"wordCount\":233,\"commentCount\":0,\"publisher\":{\"@id\":\"https:\/\/evertonfc.cz\/#organization\"},\"image\":{\"@id\":\"https:\/\/evertonfc.cz\/index.php\/2016\/05\/10\/preview-sunderland-everton-3\/#primaryimage\"},\"thumbnailUrl\":\"https:\/\/evertonfc.cz\/wp-content\/uploads\/2024\/11\/Sunderland-VS-Everton.png\",\"articleSection\":[\"Z\u00e1pasy\"],\"inLanguage\":\"cs\",\"potentialAction\":[{\"@type\":\"CommentAction\",\"name\":\"Comment\",\"target\":[\"https:\/\/evertonfc.cz\/index.php\/2016\/05\/10\/preview-sunderland-everton-3\/#respond\"]}]},{\"@type\":\"WebPage\",\"@id\":\"https:\/\/evertonfc.cz\/index.php\/2016\/05\/10\/preview-sunderland-everton-3\/\",\"url\":\"https:\/\/evertonfc.cz\/index.php\/2016\/05\/10\/preview-sunderland-everton-3\/\",\"name\":\"Preview: Sunderland - Everton - Official Czech &amp; Slovak Everton Supporters&#039; Club\",\"isPartOf\":{\"@id\":\"https:\/\/evertonfc.cz\/#website\"},\"primaryImageOfPage\":{\"@id\":\"https:\/\/evertonfc.cz\/index.php\/2016\/05\/10\/preview-sunderland-everton-3\/#primaryimage\"},\"image\":{\"@id\":\"https:\/\/evertonfc.cz\/index.php\/2016\/05\/10\/preview-sunderland-everton-3\/#primaryimage\"},\"thumbnailUrl\":\"https:\/\/evertonfc.cz\/wp-content\/uploads\/2024\/11\/Sunderland-VS-Everton.png\",\"datePublished\":\"2016-05-10T21:59:11+00:00\",\"dateModified\":\"2024-11-02T12:38:02+00:00\",\"breadcrumb\":{\"@id\":\"https:\/\/evertonfc.cz\/index.php\/2016\/05\/10\/preview-sunderland-everton-3\/#breadcrumb\"},\"inLanguage\":\"cs\",\"potentialAction\":[{\"@type\":\"ReadAction\",\"target\":[\"https:\/\/evertonfc.cz\/index.php\/2016\/05\/10\/preview-sunderland-everton-3\/\"]}]},{\"@type\":\"ImageObject\",\"inLanguage\":\"cs\",\"@id\":\"https:\/\/evertonfc.cz\/index.php\/2016\/05\/10\/preview-sunderland-everton-3\/#primaryimage\",\"url\":\"https:\/\/evertonfc.cz\/wp-content\/uploads\/2024\/11\/Sunderland-VS-Everton.png\",\"contentUrl\":\"https:\/\/evertonfc.cz\/wp-content\/uploads\/2024\/11\/Sunderland-VS-Everton.png\",\"width\":720,\"height\":405},{\"@type\":\"BreadcrumbList\",\"@id\":\"https:\/\/evertonfc.cz\/index.php\/2016\/05\/10\/preview-sunderland-everton-3\/#breadcrumb\",\"itemListElement\":[{\"@type\":\"ListItem\",\"position\":1,\"name\":\"Home\",\"item\":\"https:\/\/evertonfc.cz\/\"},{\"@type\":\"ListItem\",\"position\":2,\"name\":\"Preview: Sunderland &#8211; Everton\"}]},{\"@type\":\"WebSite\",\"@id\":\"https:\/\/evertonfc.cz\/#website\",\"url\":\"https:\/\/evertonfc.cz\/\",\"name\":\"Official Czech &amp; Slovak Everton Supporters&#039; Club\",\"description\":\"\",\"publisher\":{\"@id\":\"https:\/\/evertonfc.cz\/#organization\"},\"potentialAction\":[{\"@type\":\"SearchAction\",\"target\":{\"@type\":\"EntryPoint\",\"urlTemplate\":\"https:\/\/evertonfc.cz\/?s={search_term_string}\"},\"query-input\":{\"@type\":\"PropertyValueSpecification\",\"valueRequired\":true,\"valueName\":\"search_term_string\"}}],\"inLanguage\":\"cs\"},{\"@type\":\"Organization\",\"@id\":\"https:\/\/evertonfc.cz\/#organization\",\"name\":\"Official Czech & Slovak Everton Supporters' Club\",\"url\":\"https:\/\/evertonfc.cz\/\",\"logo\":{\"@type\":\"ImageObject\",\"inLanguage\":\"cs\",\"@id\":\"https:\/\/evertonfc.cz\/#\/schema\/logo\/image\/\",\"url\":\"https:\/\/evertonfc.cz\/wp-content\/uploads\/2019\/05\/logo.png\",\"contentUrl\":\"https:\/\/evertonfc.cz\/wp-content\/uploads\/2019\/05\/logo.png\",\"width\":112,\"height\":112,\"caption\":\"Official Czech & Slovak Everton Supporters' Club\"},\"image\":{\"@id\":\"https:\/\/evertonfc.cz\/#\/schema\/logo\/image\/\"},\"sameAs\":[\"https:\/\/www.facebook.com\/everton.fans.cz.sk\"]},{\"@type\":\"Person\",\"@id\":\"https:\/\/evertonfc.cz\/#\/schema\/person\/b30daf6a5852f4811f8207a17ec1bf78\",\"name\":\"Javor\",\"sameAs\":[\"https:\/\/x.com\/LoudinJan\"],\"url\":\"https:\/\/evertonfc.cz\/index.php\/author\/javor\/\"}]}<\/script>\n<!-- \/ Yoast SEO plugin. -->","yoast_head_json":{"title":"Preview: Sunderland - Everton - Official Czech &amp; Slovak Everton Supporters&#039; Club","robots":{"index":"index","follow":"follow","max-snippet":"max-snippet:-1","max-image-preview":"max-image-preview:large","max-video-preview":"max-video-preview:-1"},"canonical":"https:\/\/evertonfc.cz\/index.php\/2016\/05\/10\/preview-sunderland-everton-3\/","og_locale":"cs_CZ","og_type":"article","og_title":"Preview: Sunderland - Everton - Official Czech &amp; Slovak Everton Supporters&#039; Club","og_description":"Pro Sunderland plat\u00ed, \u017ee v\u00edt\u011bzstv\u00ed rovn\u00e1 se z\u00e1chrana. Motivace karamelek je skromn\u011bj\u0161\u00ed. 3 body by je\u0161t\u011b mohly spolu s ned\u011bln\u00edm&hellip;","og_url":"https:\/\/evertonfc.cz\/index.php\/2016\/05\/10\/preview-sunderland-everton-3\/","og_site_name":"Official Czech &amp; Slovak Everton Supporters&#039; Club","article_publisher":"https:\/\/www.facebook.com\/everton.fans.cz.sk","article_published_time":"2016-05-10T21:59:11+00:00","article_modified_time":"2024-11-02T12:38:02+00:00","og_image":[{"width":720,"height":405,"url":"https:\/\/evertonfc.cz\/wp-content\/uploads\/2024\/11\/Sunderland-VS-Everton.png","type":"image\/png"}],"author":"Javor","twitter_card":"summary_large_image","twitter_creator":"@LoudinJan","twitter_misc":{"Napsal(a)":"Javor","Odhadovan\u00e1 doba \u010dten\u00ed":"2 minuty"},"schema":{"@context":"https:\/\/schema.org","@graph":[{"@type":"Article","@id":"https:\/\/evertonfc.cz\/index.php\/2016\/05\/10\/preview-sunderland-everton-3\/#article","isPartOf":{"@id":"https:\/\/evertonfc.cz\/index.php\/2016\/05\/10\/preview-sunderland-everton-3\/"},"author":{"name":"Javor","@id":"https:\/\/evertonfc.cz\/#\/schema\/person\/b30daf6a5852f4811f8207a17ec1bf78"},"headline":"Preview: Sunderland &#8211; Everton","datePublished":"2016-05-10T21:59:11+00:00","dateModified":"2024-11-02T12:38:02+00:00","mainEntityOfPage":{"@id":"https:\/\/evertonfc.cz\/index.php\/2016\/05\/10\/preview-sunderland-everton-3\/"},"wordCount":233,"commentCount":0,"publisher":{"@id":"https:\/\/evertonfc.cz\/#organization"},"image":{"@id":"https:\/\/evertonfc.cz\/index.php\/2016\/05\/10\/preview-sunderland-everton-3\/#primaryimage"},"thumbnailUrl":"https:\/\/evertonfc.cz\/wp-content\/uploads\/2024\/11\/Sunderland-VS-Everton.png","articleSection":["Z\u00e1pasy"],"inLanguage":"cs","potentialAction":[{"@type":"CommentAction","name":"Comment","target":["https:\/\/evertonfc.cz\/index.php\/2016\/05\/10\/preview-sunderland-everton-3\/#respond"]}]},{"@type":"WebPage","@id":"https:\/\/evertonfc.cz\/index.php\/2016\/05\/10\/preview-sunderland-everton-3\/","url":"https:\/\/evertonfc.cz\/index.php\/2016\/05\/10\/preview-sunderland-everton-3\/","name":"Preview: Sunderland - Everton - Official Czech &amp; Slovak Everton Supporters&#039; Club","isPartOf":{"@id":"https:\/\/evertonfc.cz\/#website"},"primaryImageOfPage":{"@id":"https:\/\/evertonfc.cz\/index.php\/2016\/05\/10\/preview-sunderland-everton-3\/#primaryimage"},"image":{"@id":"https:\/\/evertonfc.cz\/index.php\/2016\/05\/10\/preview-sunderland-everton-3\/#primaryimage"},"thumbnailUrl":"https:\/\/evertonfc.cz\/wp-content\/uploads\/2024\/11\/Sunderland-VS-Everton.png","datePublished":"2016-05-10T21:59:11+00:00","dateModified":"2024-11-02T12:38:02+00:00","breadcrumb":{"@id":"https:\/\/evertonfc.cz\/index.php\/2016\/05\/10\/preview-sunderland-everton-3\/#breadcrumb"},"inLanguage":"cs","potentialAction":[{"@type":"ReadAction","target":["https:\/\/evertonfc.cz\/index.php\/2016\/05\/10\/preview-sunderland-everton-3\/"]}]},{"@type":"ImageObject","inLanguage":"cs","@id":"https:\/\/evertonfc.cz\/index.php\/2016\/05\/10\/preview-sunderland-everton-3\/#primaryimage","url":"https:\/\/evertonfc.cz\/wp-content\/uploads\/2024\/11\/Sunderland-VS-Everton.png","contentUrl":"https:\/\/evertonfc.cz\/wp-content\/uploads\/2024\/11\/Sunderland-VS-Everton.png","width":720,"height":405},{"@type":"BreadcrumbList","@id":"https:\/\/evertonfc.cz\/index.php\/2016\/05\/10\/preview-sunderland-everton-3\/#breadcrumb","itemListElement":[{"@type":"ListItem","position":1,"name":"Home","item":"https:\/\/evertonfc.cz\/"},{"@type":"ListItem","position":2,"name":"Preview: Sunderland &#8211; Everton"}]},{"@type":"WebSite","@id":"https:\/\/evertonfc.cz\/#website","url":"https:\/\/evertonfc.cz\/","name":"Official Czech &amp; Slovak Everton Supporters&#039; Club","description":"","publisher":{"@id":"https:\/\/evertonfc.cz\/#organization"},"potentialAction":[{"@type":"SearchAction","target":{"@type":"EntryPoint","urlTemplate":"https:\/\/evertonfc.cz\/?s={search_term_string}"},"query-input":{"@type":"PropertyValueSpecification","valueRequired":true,"valueName":"search_term_string"}}],"inLanguage":"cs"},{"@type":"Organization","@id":"https:\/\/evertonfc.cz\/#organization","name":"Official Czech & Slovak Everton Supporters' Club","url":"https:\/\/evertonfc.cz\/","logo":{"@type":"ImageObject","inLanguage":"cs","@id":"https:\/\/evertonfc.cz\/#\/schema\/logo\/image\/","url":"https:\/\/evertonfc.cz\/wp-content\/uploads\/2019\/05\/logo.png","contentUrl":"https:\/\/evertonfc.cz\/wp-content\/uploads\/2019\/05\/logo.png","width":112,"height":112,"caption":"Official Czech & Slovak Everton Supporters' Club"},"image":{"@id":"https:\/\/evertonfc.cz\/#\/schema\/logo\/image\/"},"sameAs":["https:\/\/www.facebook.com\/everton.fans.cz.sk"]},{"@type":"Person","@id":"https:\/\/evertonfc.cz\/#\/schema\/person\/b30daf6a5852f4811f8207a17ec1bf78","name":"Javor","sameAs":["https:\/\/x.com\/LoudinJan"],"url":"https:\/\/evertonfc.cz\/index.php\/author\/javor\/"}]}},"_links":{"self":[{"href":"https:\/\/evertonfc.cz\/index.php\/wp-json\/wp\/v2\/posts\/3735"}],"collection":[{"href":"https:\/\/evertonfc.cz\/index.php\/wp-json\/wp\/v2\/posts"}],"about":[{"href":"https:\/\/evertonfc.cz\/index.php\/wp-json\/wp\/v2\/types\/post"}],"author":[{"embeddable":true,"href":"https:\/\/evertonfc.cz\/index.php\/wp-json\/wp\/v2\/users\/12"}],"replies":[{"embeddable":true,"href":"https:\/\/evertonfc.cz\/index.php\/wp-json\/wp\/v2\/comments?post=3735"}],"version-history":[{"count":1,"href":"https:\/\/evertonfc.cz\/index.php\/wp-json\/wp\/v2\/posts\/3735\/revisions"}],"predecessor-version":[{"id":3736,"href":"https:\/\/evertonfc.cz\/index.php\/wp-json\/wp\/v2\/posts\/3735\/revisions\/3736"}],"wp:featuredmedia":[{"embeddable":true,"href":"https:\/\/evertonfc.cz\/index.php\/wp-json\/wp\/v2\/media\/25541"}],"wp:attachment":[{"href":"https:\/\/evertonfc.cz\/index.php\/wp-json\/wp\/v2\/media?parent=3735"}],"wp:term":[{"taxonomy":"category","embeddable":true,"href":"https:\/\/evertonfc.cz\/index.php\/wp-json\/wp\/v2\/categories?post=3735"},{"taxonomy":"post_tag","embeddable":true,"href":"https:\/\/evertonfc.cz\/index.php\/wp-json\/wp\/v2\/tags?post=3735"}],"curies":[{"name":"wp","href":"https:\/\/api.w.org\/{rel}","templated":true}]}}