{"id":3739,"date":"2016-05-06T00:03:33","date_gmt":"2016-05-05T22:03:33","guid":{"rendered":"http:\/\/evertonfc.cz\/?p=3739"},"modified":"2020-12-17T12:51:37","modified_gmt":"2020-12-17T11:51:37","slug":"preview-leicester-city-everton-4","status":"publish","type":"post","link":"https:\/\/evertonfc.cz\/index.php\/2016\/05\/06\/preview-leicester-city-everton-4\/","title":{"rendered":"Preview: Leicester City &#8211; Everton"},"content":{"rendered":"<h4 id=\"NewsPostDetailSummary\">Leicester m\u00e1 Ranieriho. Ranieri m\u00e1 titul. \u00d3, oni se maj\u00ed&#8230;<\/h4>\n<div id=\"NewsPostDetailContent\">\n<p>Je to tak. Leicester svou skv\u011blou sez\u00f3nu dot\u00e1hl do konce a z\u00edtra jeho hr\u00e1\u010di zvednou nad hlavu poh\u00e1r pro mistra ligy. P\u0159ekvapiv\u00e9, ale zaslou\u017een\u00e9. A hr\u00e1\u010di Evertonu mu k tomu budou d\u011blat spole\u010dnost. Co od takov\u00e9ho z\u00e1pasu \u010dekat, kdy\u017e jeden t\u00fdm nem\u00e1 motivaci a druh\u00fd pouze minim\u00e1ln\u00ed?<\/p>\n<p>Up\u0159\u00edmn\u011b \u0159e\u010deno, t\u011b\u017eko \u0159\u00edct. Everton samoz\u0159ejm\u011b nebude kompletn\u00ed, zran\u011bn\u00e9 koleno m\u00e1 Deulofeu a sezona pro n\u011bj p\u0159ed\u010dasn\u011b skon\u010dila, posledn\u00ed t\u0159etinu t\u0159\u00edz\u00e1pasov\u00e9ho trestu si odpyk\u00e1 Mori a Jagielka bude v nejlep\u0161\u00edm p\u0159\u00edpad\u011b k dispozici proti Norwichi p\u0159\u00ed\u0161t\u00ed t\u00fdden, ur\u010dit\u011b ne z\u00edtra na h\u0159i\u0161ti Leicesteru. Start Barryho a Colemana je s otazn\u00edkem, pokud by Ir nemohl hr\u00e1t, mohl by se v z\u00e1kladu objevit Hibbert, kter\u00fd druh\u00fd polo\u010das proti Bournemouthu zvl\u00e1dl slu\u0161n\u011b. Do branky by se m\u011bl vr\u00e1tit Robles a vedle Stonese by ve st\u0159edu obrany mohl a m\u011bl pokra\u010dovat Pennington. Be\u0161i\u0107 by mohl nahradit Gibsona vedle McCarthyho. Minim\u00e1ln\u011b na lavi\u010dku by se m\u011bl op\u011bt posadit Dowell, v \u00fatoku by mohl od za\u010d\u00e1tku hr\u00e1t Lukaku.<\/p>\n<p>Leicesteru se vrac\u00ed do z\u00e1kladn\u00ed sestavy po dvou z\u00e1pasech \u00fato\u010dn\u00edk Vardy, naopak nebude hr\u00e1t kv\u016fli vylou\u010den\u00ed z minul\u00e9ho utk\u00e1n\u00ed z\u00e1lo\u017en\u00edk Drinkwater. Do konce sezony si nezahraje i stoper Huth, dostal trest na t\u0159i z\u00e1pasy za strk\u00e1n\u00ed s Fellainim. Po v\u00e1\u017en\u00e9m zran\u011bn\u00ed kolene se do t\u00fdmu vrac\u00ed Matty James a m\u011bl by b\u00fdt aspo\u0148 na lavi\u010dce.<\/p>\n<p>Utk\u00e1n\u00ed vys\u00edlaj\u00ed p\u0159\u00edm\u00fdm p\u0159enosem stanice O2 sport a Digi sport 1.<\/p>\n<p><strong>Co:<\/strong> Leicester City FC &#8211; Everton FC, 37. kolo Premier League<br \/>\n<strong>Kdy:<\/strong> 07. 05. 2016 od 18:30 SE\u010c<br \/>\n<strong>Kde:<\/strong> King Power Stadium, Filbert Way, Leicester (kapacita: 32 262)<br \/>\n<strong>Rozhod\u010d\u00ed:<\/strong> Andre Marriner<\/p>\n<\/div>\n","protected":false},"excerpt":{"rendered":"<p>Leicester m\u00e1 Ranieriho. Ranieri m\u00e1 titul. \u00d3, oni se maj\u00ed&#8230; Je to tak. Leicester svou skv\u011blou sez\u00f3nu dot\u00e1hl do konce&hellip;<\/p>\n","protected":false},"author":12,"featured_media":13180,"comment_status":"open","ping_status":"closed","sticky":false,"template":"","format":"standard","meta":{"_eb_attr":"","_monsterinsights_skip_tracking":false,"_monsterinsights_sitenote_active":false,"_monsterinsights_sitenote_note":"","_monsterinsights_sitenote_category":0,"footnotes":""},"categories":[4],"tags":[],"yoast_head":"<!-- This site is optimized with the Yoast SEO plugin v23.4 - https:\/\/yoast.com\/wordpress\/plugins\/seo\/ -->\n<title>Preview: Leicester City - Everton - Official Czech &amp; Slovak Everton Supporters&#039; Club<\/title>\n<meta name=\"robots\" content=\"index, follow, max-snippet:-1, max-image-preview:large, max-video-preview:-1\" \/>\n<link rel=\"canonical\" href=\"https:\/\/evertonfc.cz\/index.php\/2016\/05\/06\/preview-leicester-city-everton-4\/\" \/>\n<meta property=\"og:locale\" content=\"cs_CZ\" \/>\n<meta property=\"og:type\" content=\"article\" \/>\n<meta property=\"og:title\" content=\"Preview: Leicester City - Everton - Official Czech &amp; Slovak Everton Supporters&#039; Club\" \/>\n<meta property=\"og:description\" content=\"Leicester m\u00e1 Ranieriho. Ranieri m\u00e1 titul. \u00d3, oni se maj\u00ed&#8230; Je to tak. Leicester svou skv\u011blou sez\u00f3nu dot\u00e1hl do konce&hellip;\" \/>\n<meta property=\"og:url\" content=\"https:\/\/evertonfc.cz\/index.php\/2016\/05\/06\/preview-leicester-city-everton-4\/\" \/>\n<meta property=\"og:site_name\" content=\"Official Czech &amp; Slovak Everton Supporters&#039; Club\" \/>\n<meta property=\"article:publisher\" content=\"https:\/\/www.facebook.com\/everton.fans.cz.sk\" \/>\n<meta property=\"article:published_time\" content=\"2016-05-05T22:03:33+00:00\" \/>\n<meta property=\"article:modified_time\" content=\"2020-12-17T11:51:37+00:00\" \/>\n<meta property=\"og:image\" content=\"https:\/\/evertonfc.cz\/wp-content\/uploads\/2020\/12\/Leicester-City-VS-Everton.jpg\" \/>\n\t<meta property=\"og:image:width\" content=\"720\" \/>\n\t<meta property=\"og:image:height\" content=\"405\" \/>\n\t<meta property=\"og:image:type\" content=\"image\/jpeg\" \/>\n<meta name=\"author\" content=\"Javor\" \/>\n<meta name=\"twitter:card\" content=\"summary_large_image\" \/>\n<meta name=\"twitter:creator\" content=\"@LoudinJan\" \/>\n<meta name=\"twitter:label1\" content=\"Napsal(a)\" \/>\n\t<meta name=\"twitter:data1\" content=\"Javor\" \/>\n\t<meta name=\"twitter:label2\" content=\"Odhadovan\u00e1 doba \u010dten\u00ed\" \/>\n\t<meta name=\"twitter:data2\" content=\"2 minuty\" \/>\n<script type=\"application\/ld+json\" class=\"yoast-schema-graph\">{\"@context\":\"https:\/\/schema.org\",\"@graph\":[{\"@type\":\"Article\",\"@id\":\"https:\/\/evertonfc.cz\/index.php\/2016\/05\/06\/preview-leicester-city-everton-4\/#article\",\"isPartOf\":{\"@id\":\"https:\/\/evertonfc.cz\/index.php\/2016\/05\/06\/preview-leicester-city-everton-4\/\"},\"author\":{\"name\":\"Javor\",\"@id\":\"https:\/\/evertonfc.cz\/#\/schema\/person\/b30daf6a5852f4811f8207a17ec1bf78\"},\"headline\":\"Preview: Leicester City &#8211; Everton\",\"datePublished\":\"2016-05-05T22:03:33+00:00\",\"dateModified\":\"2020-12-17T11:51:37+00:00\",\"mainEntityOfPage\":{\"@id\":\"https:\/\/evertonfc.cz\/index.php\/2016\/05\/06\/preview-leicester-city-everton-4\/\"},\"wordCount\":343,\"commentCount\":0,\"publisher\":{\"@id\":\"https:\/\/evertonfc.cz\/#organization\"},\"image\":{\"@id\":\"https:\/\/evertonfc.cz\/index.php\/2016\/05\/06\/preview-leicester-city-everton-4\/#primaryimage\"},\"thumbnailUrl\":\"https:\/\/evertonfc.cz\/wp-content\/uploads\/2020\/12\/Leicester-City-VS-Everton.jpg\",\"articleSection\":[\"Z\u00e1pasy\"],\"inLanguage\":\"cs\",\"potentialAction\":[{\"@type\":\"CommentAction\",\"name\":\"Comment\",\"target\":[\"https:\/\/evertonfc.cz\/index.php\/2016\/05\/06\/preview-leicester-city-everton-4\/#respond\"]}]},{\"@type\":\"WebPage\",\"@id\":\"https:\/\/evertonfc.cz\/index.php\/2016\/05\/06\/preview-leicester-city-everton-4\/\",\"url\":\"https:\/\/evertonfc.cz\/index.php\/2016\/05\/06\/preview-leicester-city-everton-4\/\",\"name\":\"Preview: Leicester City - Everton - Official Czech &amp; Slovak Everton Supporters&#039; Club\",\"isPartOf\":{\"@id\":\"https:\/\/evertonfc.cz\/#website\"},\"primaryImageOfPage\":{\"@id\":\"https:\/\/evertonfc.cz\/index.php\/2016\/05\/06\/preview-leicester-city-everton-4\/#primaryimage\"},\"image\":{\"@id\":\"https:\/\/evertonfc.cz\/index.php\/2016\/05\/06\/preview-leicester-city-everton-4\/#primaryimage\"},\"thumbnailUrl\":\"https:\/\/evertonfc.cz\/wp-content\/uploads\/2020\/12\/Leicester-City-VS-Everton.jpg\",\"datePublished\":\"2016-05-05T22:03:33+00:00\",\"dateModified\":\"2020-12-17T11:51:37+00:00\",\"breadcrumb\":{\"@id\":\"https:\/\/evertonfc.cz\/index.php\/2016\/05\/06\/preview-leicester-city-everton-4\/#breadcrumb\"},\"inLanguage\":\"cs\",\"potentialAction\":[{\"@type\":\"ReadAction\",\"target\":[\"https:\/\/evertonfc.cz\/index.php\/2016\/05\/06\/preview-leicester-city-everton-4\/\"]}]},{\"@type\":\"ImageObject\",\"inLanguage\":\"cs\",\"@id\":\"https:\/\/evertonfc.cz\/index.php\/2016\/05\/06\/preview-leicester-city-everton-4\/#primaryimage\",\"url\":\"https:\/\/evertonfc.cz\/wp-content\/uploads\/2020\/12\/Leicester-City-VS-Everton.jpg\",\"contentUrl\":\"https:\/\/evertonfc.cz\/wp-content\/uploads\/2020\/12\/Leicester-City-VS-Everton.jpg\",\"width\":720,\"height\":405},{\"@type\":\"BreadcrumbList\",\"@id\":\"https:\/\/evertonfc.cz\/index.php\/2016\/05\/06\/preview-leicester-city-everton-4\/#breadcrumb\",\"itemListElement\":[{\"@type\":\"ListItem\",\"position\":1,\"name\":\"Home\",\"item\":\"https:\/\/evertonfc.cz\/\"},{\"@type\":\"ListItem\",\"position\":2,\"name\":\"Preview: Leicester City &#8211; Everton\"}]},{\"@type\":\"WebSite\",\"@id\":\"https:\/\/evertonfc.cz\/#website\",\"url\":\"https:\/\/evertonfc.cz\/\",\"name\":\"Official Czech &amp; Slovak Everton Supporters&#039; Club\",\"description\":\"\",\"publisher\":{\"@id\":\"https:\/\/evertonfc.cz\/#organization\"},\"potentialAction\":[{\"@type\":\"SearchAction\",\"target\":{\"@type\":\"EntryPoint\",\"urlTemplate\":\"https:\/\/evertonfc.cz\/?s={search_term_string}\"},\"query-input\":{\"@type\":\"PropertyValueSpecification\",\"valueRequired\":true,\"valueName\":\"search_term_string\"}}],\"inLanguage\":\"cs\"},{\"@type\":\"Organization\",\"@id\":\"https:\/\/evertonfc.cz\/#organization\",\"name\":\"Official Czech & Slovak Everton Supporters' Club\",\"url\":\"https:\/\/evertonfc.cz\/\",\"logo\":{\"@type\":\"ImageObject\",\"inLanguage\":\"cs\",\"@id\":\"https:\/\/evertonfc.cz\/#\/schema\/logo\/image\/\",\"url\":\"https:\/\/evertonfc.cz\/wp-content\/uploads\/2019\/05\/logo.png\",\"contentUrl\":\"https:\/\/evertonfc.cz\/wp-content\/uploads\/2019\/05\/logo.png\",\"width\":112,\"height\":112,\"caption\":\"Official Czech & Slovak Everton Supporters' Club\"},\"image\":{\"@id\":\"https:\/\/evertonfc.cz\/#\/schema\/logo\/image\/\"},\"sameAs\":[\"https:\/\/www.facebook.com\/everton.fans.cz.sk\"]},{\"@type\":\"Person\",\"@id\":\"https:\/\/evertonfc.cz\/#\/schema\/person\/b30daf6a5852f4811f8207a17ec1bf78\",\"name\":\"Javor\",\"sameAs\":[\"https:\/\/x.com\/LoudinJan\"],\"url\":\"https:\/\/evertonfc.cz\/index.php\/author\/javor\/\"}]}<\/script>\n<!-- \/ Yoast SEO plugin. -->","yoast_head_json":{"title":"Preview: Leicester City - Everton - Official Czech &amp; Slovak Everton Supporters&#039; Club","robots":{"index":"index","follow":"follow","max-snippet":"max-snippet:-1","max-image-preview":"max-image-preview:large","max-video-preview":"max-video-preview:-1"},"canonical":"https:\/\/evertonfc.cz\/index.php\/2016\/05\/06\/preview-leicester-city-everton-4\/","og_locale":"cs_CZ","og_type":"article","og_title":"Preview: Leicester City - Everton - Official Czech &amp; Slovak Everton Supporters&#039; Club","og_description":"Leicester m\u00e1 Ranieriho. Ranieri m\u00e1 titul. \u00d3, oni se maj\u00ed&#8230; Je to tak. Leicester svou skv\u011blou sez\u00f3nu dot\u00e1hl do konce&hellip;","og_url":"https:\/\/evertonfc.cz\/index.php\/2016\/05\/06\/preview-leicester-city-everton-4\/","og_site_name":"Official Czech &amp; Slovak Everton Supporters&#039; Club","article_publisher":"https:\/\/www.facebook.com\/everton.fans.cz.sk","article_published_time":"2016-05-05T22:03:33+00:00","article_modified_time":"2020-12-17T11:51:37+00:00","og_image":[{"width":720,"height":405,"url":"https:\/\/evertonfc.cz\/wp-content\/uploads\/2020\/12\/Leicester-City-VS-Everton.jpg","type":"image\/jpeg"}],"author":"Javor","twitter_card":"summary_large_image","twitter_creator":"@LoudinJan","twitter_misc":{"Napsal(a)":"Javor","Odhadovan\u00e1 doba \u010dten\u00ed":"2 minuty"},"schema":{"@context":"https:\/\/schema.org","@graph":[{"@type":"Article","@id":"https:\/\/evertonfc.cz\/index.php\/2016\/05\/06\/preview-leicester-city-everton-4\/#article","isPartOf":{"@id":"https:\/\/evertonfc.cz\/index.php\/2016\/05\/06\/preview-leicester-city-everton-4\/"},"author":{"name":"Javor","@id":"https:\/\/evertonfc.cz\/#\/schema\/person\/b30daf6a5852f4811f8207a17ec1bf78"},"headline":"Preview: Leicester City &#8211; Everton","datePublished":"2016-05-05T22:03:33+00:00","dateModified":"2020-12-17T11:51:37+00:00","mainEntityOfPage":{"@id":"https:\/\/evertonfc.cz\/index.php\/2016\/05\/06\/preview-leicester-city-everton-4\/"},"wordCount":343,"commentCount":0,"publisher":{"@id":"https:\/\/evertonfc.cz\/#organization"},"image":{"@id":"https:\/\/evertonfc.cz\/index.php\/2016\/05\/06\/preview-leicester-city-everton-4\/#primaryimage"},"thumbnailUrl":"https:\/\/evertonfc.cz\/wp-content\/uploads\/2020\/12\/Leicester-City-VS-Everton.jpg","articleSection":["Z\u00e1pasy"],"inLanguage":"cs","potentialAction":[{"@type":"CommentAction","name":"Comment","target":["https:\/\/evertonfc.cz\/index.php\/2016\/05\/06\/preview-leicester-city-everton-4\/#respond"]}]},{"@type":"WebPage","@id":"https:\/\/evertonfc.cz\/index.php\/2016\/05\/06\/preview-leicester-city-everton-4\/","url":"https:\/\/evertonfc.cz\/index.php\/2016\/05\/06\/preview-leicester-city-everton-4\/","name":"Preview: Leicester City - Everton - Official Czech &amp; Slovak Everton Supporters&#039; Club","isPartOf":{"@id":"https:\/\/evertonfc.cz\/#website"},"primaryImageOfPage":{"@id":"https:\/\/evertonfc.cz\/index.php\/2016\/05\/06\/preview-leicester-city-everton-4\/#primaryimage"},"image":{"@id":"https:\/\/evertonfc.cz\/index.php\/2016\/05\/06\/preview-leicester-city-everton-4\/#primaryimage"},"thumbnailUrl":"https:\/\/evertonfc.cz\/wp-content\/uploads\/2020\/12\/Leicester-City-VS-Everton.jpg","datePublished":"2016-05-05T22:03:33+00:00","dateModified":"2020-12-17T11:51:37+00:00","breadcrumb":{"@id":"https:\/\/evertonfc.cz\/index.php\/2016\/05\/06\/preview-leicester-city-everton-4\/#breadcrumb"},"inLanguage":"cs","potentialAction":[{"@type":"ReadAction","target":["https:\/\/evertonfc.cz\/index.php\/2016\/05\/06\/preview-leicester-city-everton-4\/"]}]},{"@type":"ImageObject","inLanguage":"cs","@id":"https:\/\/evertonfc.cz\/index.php\/2016\/05\/06\/preview-leicester-city-everton-4\/#primaryimage","url":"https:\/\/evertonfc.cz\/wp-content\/uploads\/2020\/12\/Leicester-City-VS-Everton.jpg","contentUrl":"https:\/\/evertonfc.cz\/wp-content\/uploads\/2020\/12\/Leicester-City-VS-Everton.jpg","width":720,"height":405},{"@type":"BreadcrumbList","@id":"https:\/\/evertonfc.cz\/index.php\/2016\/05\/06\/preview-leicester-city-everton-4\/#breadcrumb","itemListElement":[{"@type":"ListItem","position":1,"name":"Home","item":"https:\/\/evertonfc.cz\/"},{"@type":"ListItem","position":2,"name":"Preview: Leicester City &#8211; Everton"}]},{"@type":"WebSite","@id":"https:\/\/evertonfc.cz\/#website","url":"https:\/\/evertonfc.cz\/","name":"Official Czech &amp; Slovak Everton Supporters&#039; Club","description":"","publisher":{"@id":"https:\/\/evertonfc.cz\/#organization"},"potentialAction":[{"@type":"SearchAction","target":{"@type":"EntryPoint","urlTemplate":"https:\/\/evertonfc.cz\/?s={search_term_string}"},"query-input":{"@type":"PropertyValueSpecification","valueRequired":true,"valueName":"search_term_string"}}],"inLanguage":"cs"},{"@type":"Organization","@id":"https:\/\/evertonfc.cz\/#organization","name":"Official Czech & Slovak Everton Supporters' Club","url":"https:\/\/evertonfc.cz\/","logo":{"@type":"ImageObject","inLanguage":"cs","@id":"https:\/\/evertonfc.cz\/#\/schema\/logo\/image\/","url":"https:\/\/evertonfc.cz\/wp-content\/uploads\/2019\/05\/logo.png","contentUrl":"https:\/\/evertonfc.cz\/wp-content\/uploads\/2019\/05\/logo.png","width":112,"height":112,"caption":"Official Czech & Slovak Everton Supporters' Club"},"image":{"@id":"https:\/\/evertonfc.cz\/#\/schema\/logo\/image\/"},"sameAs":["https:\/\/www.facebook.com\/everton.fans.cz.sk"]},{"@type":"Person","@id":"https:\/\/evertonfc.cz\/#\/schema\/person\/b30daf6a5852f4811f8207a17ec1bf78","name":"Javor","sameAs":["https:\/\/x.com\/LoudinJan"],"url":"https:\/\/evertonfc.cz\/index.php\/author\/javor\/"}]}},"_links":{"self":[{"href":"https:\/\/evertonfc.cz\/index.php\/wp-json\/wp\/v2\/posts\/3739"}],"collection":[{"href":"https:\/\/evertonfc.cz\/index.php\/wp-json\/wp\/v2\/posts"}],"about":[{"href":"https:\/\/evertonfc.cz\/index.php\/wp-json\/wp\/v2\/types\/post"}],"author":[{"embeddable":true,"href":"https:\/\/evertonfc.cz\/index.php\/wp-json\/wp\/v2\/users\/12"}],"replies":[{"embeddable":true,"href":"https:\/\/evertonfc.cz\/index.php\/wp-json\/wp\/v2\/comments?post=3739"}],"version-history":[{"count":1,"href":"https:\/\/evertonfc.cz\/index.php\/wp-json\/wp\/v2\/posts\/3739\/revisions"}],"predecessor-version":[{"id":3740,"href":"https:\/\/evertonfc.cz\/index.php\/wp-json\/wp\/v2\/posts\/3739\/revisions\/3740"}],"wp:featuredmedia":[{"embeddable":true,"href":"https:\/\/evertonfc.cz\/index.php\/wp-json\/wp\/v2\/media\/13180"}],"wp:attachment":[{"href":"https:\/\/evertonfc.cz\/index.php\/wp-json\/wp\/v2\/media?parent=3739"}],"wp:term":[{"taxonomy":"category","embeddable":true,"href":"https:\/\/evertonfc.cz\/index.php\/wp-json\/wp\/v2\/categories?post=3739"},{"taxonomy":"post_tag","embeddable":true,"href":"https:\/\/evertonfc.cz\/index.php\/wp-json\/wp\/v2\/tags?post=3739"}],"curies":[{"name":"wp","href":"https:\/\/api.w.org\/{rel}","templated":true}]}}