{"id":3757,"date":"2016-04-14T00:14:00","date_gmt":"2016-04-13T22:14:00","guid":{"rendered":"http:\/\/evertonfc.cz\/?p=3757"},"modified":"2021-03-01T13:25:58","modified_gmt":"2021-03-01T12:25:58","slug":"preview-everton-southampton-4","status":"publish","type":"post","link":"https:\/\/evertonfc.cz\/index.php\/2016\/04\/14\/preview-everton-southampton-4\/","title":{"rendered":"Preview: Everton &#8211; Southampton"},"content":{"rendered":"<h4 id=\"NewsPostDetailSummary\">Pokus \u010d. 36443 o vylep\u0161en\u00ed b\u00eddn\u00e9 dom\u00e1c\u00ed formy v lize komplikuj\u00ed \u010detn\u00e9 hr\u00e1\u010dsk\u00e9 absence, i proto za favorita sobotn\u00edho duelu plat\u00ed Saints.<\/h4>\n<div id=\"NewsPostDetailContent\">\n<p>Nabit\u00fd program Toffees nab\u00edz\u00ed vzru\u0161uj\u00edc\u00ed t\u00fdden. Ano, v sobotu je\u0161t\u011b nep\u016fjde o \u017eivot, ale postupem t\u00fddne bude d\u016fle\u017eitost z\u00e1pas\u016f gradovat. Posu\u010fte sami \u2013 ve st\u0159edu Merseyside derby a v sobotu tolik o\u010dek\u00e1van\u00e9 semifin\u00e1le FA Cupu proti Manchesteru United. P\u0159ed t\u00edmto d\u016fle\u017eit\u00fdm ma\u010dem by se velmi hodila v\u00fdhra, kter\u00e1 by pozvedla mor\u00e1lku. Av\u0161ak proti Southamptonu nep\u016fjde o \u017e\u00e1dnou proch\u00e1zku.<\/p>\n<p>Jednak na Goodison Parku v lize Everton triumfoval pouze jednou z posledn\u00edch dev\u00edti utk\u00e1n\u00ed. Podruh\u00e9 Blues bojuj\u00ed s n\u00e1ro\u010dn\u00fdm programem a \u0159ekn\u011bme si na rovinu, fyzick\u00e1 p\u0159ipravenost nen\u00ed jejich silnou dom\u00e9nou. Pot\u0159et\u00ed t\u00fdm kos\u00ed absence a po\u010dtvrt\u00e9 my\u0161lenky cel\u00e9ho klubu sm\u011b\u0159uj\u00ed k poh\u00e1rov\u00e9mu vyvrcholen\u00ed.<\/p>\n<p>Zam\u011b\u0159me se aspo\u0148 na pozitiva, k nim rozhodn\u011b pat\u0159\u00ed v\u00fdkon obrany ze st\u0159ede\u010dn\u00ed p\u0159edehr\u00e1vky. A\u010d st\u0159elci Eagles nepat\u0159\u00ed k nejlep\u0161\u00edm, udr\u017een\u00e9 \u010dist\u00e9 konto pot\u011b\u0161\u00ed. A d\u00e1le lo\u0148sk\u00e1 \u00fa\u010dast v Evropsk\u00e9 lize p\u0159in\u00e1\u0161ela t\u0159i st\u0159etnut\u00ed do t\u00fddne, nyn\u00ed se podobn\u00e1 zku\u0161enost hod\u00ed. Snad toho chlapci vyu\u017eij\u00ed.<\/p>\n<p>\u010ctve\u0159ice zran\u011bn\u00fdch Hibbert, Browning, Jagielka a Cleverley se nem\u011bn\u00ed. Nov\u011b bude chyb\u011bt vykartovan\u00fd McCarthy, jeho\u017e zastoup\u00ed Mo Be\u0161i\u0107. Po Crystal Palace tr\u00e1p\u00ed men\u0161\u00ed \u0161r\u00e1my Bainese, Barkleyho, Lennona a Lukaka. Mart\u00ednez je pravd\u011bpodobn\u011b nech\u00e1 odpo\u010dinout, p\u0159i\u010dem\u017e prvn\u011b jmenovan\u00e9ho nahrad\u00ed Bryan Oviedo.<\/p>\n<p>V\u00fdb\u011br do ofenzivy komplikuje i nejist\u00fd stav Osmana, na druhou stranu mo\u017enosti by byly. Mirallas, Deulofeu a Pienaar by si r\u00e1di kopli, pochopiteln\u011b potom i Kon\u00e9, jen\u017e ov\u0161em naposledy zklamal. A kdyby n\u011bkdo zapomn\u011bl, v k\u00e1dru se st\u00e1le nach\u00e1z\u00ed \u0159idi\u010d Gibson \u010di nepol\u00edben\u00fd Niasse. Host\u00e9 budou postr\u00e1dat pouze zimn\u00ed posilu Charlieho Austina a dlouhodob\u011b rehabilituj\u00edc\u00edho obr\u00e1nce Florina Gardo\u015fe.<\/p>\n<p>Sv\u011b\u0159enci Ronalda Koemana hodlaj\u00ed nav\u00e1zat na minuloro\u010dn\u00ed 7. m\u00edsto a op\u011btovnou kvalifikaci do Evropsk\u00e9 ligy. K dobr\u00e9mu fini\u0161i t\u00e1hne mu\u017estvo \u017eivou vodu polit\u00fd \u00fato\u010dn\u00edk Graziano Pell\u00e8, v posledn\u00edch \u010dty\u0159ech kolech zaznamenal \u010dty\u0159i g\u00f3ly a t\u0159i asistence a v\u00fdrazn\u011b p\u0159isp\u011bl k\u00a0t\u0159em v\u00edt\u011bzstv\u00edm ze \u010dty\u0159 z\u00e1pas\u016f.<\/p>\n<p>Na jihu Anglie se pou\u010dili z ned\u00e1vn\u00fdch existen\u010dn\u00edch probl\u00e9m\u016f a odm\u011bnou je status celku trvale zakotven\u00e9ho v horn\u00ed polovin\u011b tabulky, jak\u00fdm b\u00fdval nap\u0159\u00edklad Everton za Davida Moyese (f\u0148uk).<\/p>\n<p>Southampton se vr\u00e1til do Premier League v roce 2012 a na dobrou pr\u00e1ci mana\u017eer\u016f Nigela Adkinse a Mauricia Pochettina moment\u00e1ln\u011b navazuje Ronald Koeman. P\u0159es sv\u011btlou budoucnost na St. Mary Stadium si b\u00fdval\u00e9 skv\u011bl\u00e9 libero nech\u00e1v\u00e1 otev\u0159en\u00e9 dve\u0159e pro l\u00e9to, hodl\u00e1 se p\u0159esunout za lep\u0161\u00edm?<\/p>\n<p>Prvn\u00ed m\u011b\u0159en\u00ed sil z 2. kola dopadlo pro Everton v\u00fdborn\u011b, ten tehdy podal skv\u011bl\u00fd v\u00fdkon a do Liverpoolu si p\u0159ivezl t\u0159i body za p\u0159esv\u011bd\u010div\u00fdch 3:0. D\u00e1me si repete?<\/p>\n<h3 style=\"text-align: center;\"><em><span style=\"color: #3366ff;\"><strong>COYB!<\/strong><\/span><\/em><\/h3>\n<p>Utk\u00e1n\u00ed vys\u00edl\u00e1 stanice Digi sport 1 ze z\u00e1znamu v sobotu ve 20:35.<\/p>\n<p><strong>Co:<\/strong> Everton FC &#8211; Southampton FC, 34. kolo Premier League<br \/>\n<strong>Kdy:<\/strong> 16. 04. 2016 od 16:00 SE\u010c<br \/>\n<strong>Kde:<\/strong> Goodison Park, Liverpool (kapacita: 40 157)<br \/>\n<strong>Rozhod\u010d\u00ed:<\/strong> Craig Pawson<\/p>\n<\/div>\n","protected":false},"excerpt":{"rendered":"<p>Pokus \u010d. 36443 o vylep\u0161en\u00ed b\u00eddn\u00e9 dom\u00e1c\u00ed formy v lize komplikuj\u00ed \u010detn\u00e9 hr\u00e1\u010dsk\u00e9 absence, i proto za favorita sobotn\u00edho duelu plat\u00ed Saints.<\/p>\n","protected":false},"author":6,"featured_media":14388,"comment_status":"open","ping_status":"closed","sticky":false,"template":"","format":"standard","meta":{"_eb_attr":"","_monsterinsights_skip_tracking":false,"_monsterinsights_sitenote_active":false,"_monsterinsights_sitenote_note":"","_monsterinsights_sitenote_category":0,"footnotes":""},"categories":[4],"tags":[],"yoast_head":"<!-- This site is optimized with the Yoast SEO plugin v23.4 - https:\/\/yoast.com\/wordpress\/plugins\/seo\/ -->\n<title>Preview: Everton - Southampton - Official Czech &amp; Slovak Everton Supporters&#039; Club<\/title>\n<meta name=\"robots\" content=\"index, follow, max-snippet:-1, max-image-preview:large, max-video-preview:-1\" \/>\n<link rel=\"canonical\" href=\"https:\/\/evertonfc.cz\/index.php\/2016\/04\/14\/preview-everton-southampton-4\/\" \/>\n<meta property=\"og:locale\" content=\"cs_CZ\" \/>\n<meta property=\"og:type\" content=\"article\" \/>\n<meta property=\"og:title\" content=\"Preview: Everton - Southampton - Official Czech &amp; Slovak Everton Supporters&#039; Club\" \/>\n<meta property=\"og:description\" content=\"Pokus \u010d. 36443 o vylep\u0161en\u00ed b\u00eddn\u00e9 dom\u00e1c\u00ed formy v lize komplikuj\u00ed \u010detn\u00e9 hr\u00e1\u010dsk\u00e9 absence, i proto za favorita sobotn\u00edho duelu plat\u00ed Saints.\" \/>\n<meta property=\"og:url\" content=\"https:\/\/evertonfc.cz\/index.php\/2016\/04\/14\/preview-everton-southampton-4\/\" \/>\n<meta property=\"og:site_name\" content=\"Official Czech &amp; Slovak Everton Supporters&#039; Club\" \/>\n<meta property=\"article:publisher\" content=\"https:\/\/www.facebook.com\/everton.fans.cz.sk\" \/>\n<meta property=\"article:published_time\" content=\"2016-04-13T22:14:00+00:00\" \/>\n<meta property=\"article:modified_time\" content=\"2021-03-01T12:25:58+00:00\" \/>\n<meta property=\"og:image\" content=\"https:\/\/evertonfc.cz\/wp-content\/uploads\/2021\/03\/Everton-VS-Southampton.png\" \/>\n\t<meta property=\"og:image:width\" content=\"720\" \/>\n\t<meta property=\"og:image:height\" content=\"405\" \/>\n\t<meta property=\"og:image:type\" content=\"image\/png\" \/>\n<meta name=\"author\" content=\"Ri\u010di\" \/>\n<meta name=\"twitter:card\" content=\"summary_large_image\" \/>\n<meta name=\"twitter:creator\" content=\"@rbrejsa\" \/>\n<meta name=\"twitter:label1\" content=\"Napsal(a)\" \/>\n\t<meta name=\"twitter:data1\" content=\"Ri\u010di\" \/>\n\t<meta name=\"twitter:label2\" content=\"Odhadovan\u00e1 doba \u010dten\u00ed\" \/>\n\t<meta name=\"twitter:data2\" content=\"2 minuty\" \/>\n<script type=\"application\/ld+json\" class=\"yoast-schema-graph\">{\"@context\":\"https:\/\/schema.org\",\"@graph\":[{\"@type\":\"Article\",\"@id\":\"https:\/\/evertonfc.cz\/index.php\/2016\/04\/14\/preview-everton-southampton-4\/#article\",\"isPartOf\":{\"@id\":\"https:\/\/evertonfc.cz\/index.php\/2016\/04\/14\/preview-everton-southampton-4\/\"},\"author\":{\"name\":\"Ri\u010di\",\"@id\":\"https:\/\/evertonfc.cz\/#\/schema\/person\/f7a5daedb2ffee98480bc70e191aaef1\"},\"headline\":\"Preview: Everton &#8211; Southampton\",\"datePublished\":\"2016-04-13T22:14:00+00:00\",\"dateModified\":\"2021-03-01T12:25:58+00:00\",\"mainEntityOfPage\":{\"@id\":\"https:\/\/evertonfc.cz\/index.php\/2016\/04\/14\/preview-everton-southampton-4\/\"},\"wordCount\":600,\"commentCount\":0,\"publisher\":{\"@id\":\"https:\/\/evertonfc.cz\/#organization\"},\"image\":{\"@id\":\"https:\/\/evertonfc.cz\/index.php\/2016\/04\/14\/preview-everton-southampton-4\/#primaryimage\"},\"thumbnailUrl\":\"https:\/\/evertonfc.cz\/wp-content\/uploads\/2021\/03\/Everton-VS-Southampton.png\",\"articleSection\":[\"Z\u00e1pasy\"],\"inLanguage\":\"cs\",\"potentialAction\":[{\"@type\":\"CommentAction\",\"name\":\"Comment\",\"target\":[\"https:\/\/evertonfc.cz\/index.php\/2016\/04\/14\/preview-everton-southampton-4\/#respond\"]}]},{\"@type\":\"WebPage\",\"@id\":\"https:\/\/evertonfc.cz\/index.php\/2016\/04\/14\/preview-everton-southampton-4\/\",\"url\":\"https:\/\/evertonfc.cz\/index.php\/2016\/04\/14\/preview-everton-southampton-4\/\",\"name\":\"Preview: Everton - Southampton - Official Czech &amp; Slovak Everton Supporters&#039; Club\",\"isPartOf\":{\"@id\":\"https:\/\/evertonfc.cz\/#website\"},\"primaryImageOfPage\":{\"@id\":\"https:\/\/evertonfc.cz\/index.php\/2016\/04\/14\/preview-everton-southampton-4\/#primaryimage\"},\"image\":{\"@id\":\"https:\/\/evertonfc.cz\/index.php\/2016\/04\/14\/preview-everton-southampton-4\/#primaryimage\"},\"thumbnailUrl\":\"https:\/\/evertonfc.cz\/wp-content\/uploads\/2021\/03\/Everton-VS-Southampton.png\",\"datePublished\":\"2016-04-13T22:14:00+00:00\",\"dateModified\":\"2021-03-01T12:25:58+00:00\",\"breadcrumb\":{\"@id\":\"https:\/\/evertonfc.cz\/index.php\/2016\/04\/14\/preview-everton-southampton-4\/#breadcrumb\"},\"inLanguage\":\"cs\",\"potentialAction\":[{\"@type\":\"ReadAction\",\"target\":[\"https:\/\/evertonfc.cz\/index.php\/2016\/04\/14\/preview-everton-southampton-4\/\"]}]},{\"@type\":\"ImageObject\",\"inLanguage\":\"cs\",\"@id\":\"https:\/\/evertonfc.cz\/index.php\/2016\/04\/14\/preview-everton-southampton-4\/#primaryimage\",\"url\":\"https:\/\/evertonfc.cz\/wp-content\/uploads\/2021\/03\/Everton-VS-Southampton.png\",\"contentUrl\":\"https:\/\/evertonfc.cz\/wp-content\/uploads\/2021\/03\/Everton-VS-Southampton.png\",\"width\":720,\"height\":405},{\"@type\":\"BreadcrumbList\",\"@id\":\"https:\/\/evertonfc.cz\/index.php\/2016\/04\/14\/preview-everton-southampton-4\/#breadcrumb\",\"itemListElement\":[{\"@type\":\"ListItem\",\"position\":1,\"name\":\"Home\",\"item\":\"https:\/\/evertonfc.cz\/\"},{\"@type\":\"ListItem\",\"position\":2,\"name\":\"Preview: Everton &#8211; Southampton\"}]},{\"@type\":\"WebSite\",\"@id\":\"https:\/\/evertonfc.cz\/#website\",\"url\":\"https:\/\/evertonfc.cz\/\",\"name\":\"Official Czech &amp; Slovak Everton Supporters&#039; Club\",\"description\":\"\",\"publisher\":{\"@id\":\"https:\/\/evertonfc.cz\/#organization\"},\"potentialAction\":[{\"@type\":\"SearchAction\",\"target\":{\"@type\":\"EntryPoint\",\"urlTemplate\":\"https:\/\/evertonfc.cz\/?s={search_term_string}\"},\"query-input\":{\"@type\":\"PropertyValueSpecification\",\"valueRequired\":true,\"valueName\":\"search_term_string\"}}],\"inLanguage\":\"cs\"},{\"@type\":\"Organization\",\"@id\":\"https:\/\/evertonfc.cz\/#organization\",\"name\":\"Official Czech & Slovak Everton Supporters' Club\",\"url\":\"https:\/\/evertonfc.cz\/\",\"logo\":{\"@type\":\"ImageObject\",\"inLanguage\":\"cs\",\"@id\":\"https:\/\/evertonfc.cz\/#\/schema\/logo\/image\/\",\"url\":\"https:\/\/evertonfc.cz\/wp-content\/uploads\/2019\/05\/logo.png\",\"contentUrl\":\"https:\/\/evertonfc.cz\/wp-content\/uploads\/2019\/05\/logo.png\",\"width\":112,\"height\":112,\"caption\":\"Official Czech & Slovak Everton Supporters' Club\"},\"image\":{\"@id\":\"https:\/\/evertonfc.cz\/#\/schema\/logo\/image\/\"},\"sameAs\":[\"https:\/\/www.facebook.com\/everton.fans.cz.sk\"]},{\"@type\":\"Person\",\"@id\":\"https:\/\/evertonfc.cz\/#\/schema\/person\/f7a5daedb2ffee98480bc70e191aaef1\",\"name\":\"Ri\u010di\",\"sameAs\":[\"https:\/\/x.com\/rbrejsa\"],\"url\":\"https:\/\/evertonfc.cz\/index.php\/author\/rici\/\"}]}<\/script>\n<!-- \/ Yoast SEO plugin. -->","yoast_head_json":{"title":"Preview: Everton - Southampton - Official Czech &amp; Slovak Everton Supporters&#039; Club","robots":{"index":"index","follow":"follow","max-snippet":"max-snippet:-1","max-image-preview":"max-image-preview:large","max-video-preview":"max-video-preview:-1"},"canonical":"https:\/\/evertonfc.cz\/index.php\/2016\/04\/14\/preview-everton-southampton-4\/","og_locale":"cs_CZ","og_type":"article","og_title":"Preview: Everton - Southampton - Official Czech &amp; Slovak Everton Supporters&#039; Club","og_description":"Pokus \u010d. 36443 o vylep\u0161en\u00ed b\u00eddn\u00e9 dom\u00e1c\u00ed formy v lize komplikuj\u00ed \u010detn\u00e9 hr\u00e1\u010dsk\u00e9 absence, i proto za favorita sobotn\u00edho duelu plat\u00ed Saints.","og_url":"https:\/\/evertonfc.cz\/index.php\/2016\/04\/14\/preview-everton-southampton-4\/","og_site_name":"Official Czech &amp; Slovak Everton Supporters&#039; Club","article_publisher":"https:\/\/www.facebook.com\/everton.fans.cz.sk","article_published_time":"2016-04-13T22:14:00+00:00","article_modified_time":"2021-03-01T12:25:58+00:00","og_image":[{"width":720,"height":405,"url":"https:\/\/evertonfc.cz\/wp-content\/uploads\/2021\/03\/Everton-VS-Southampton.png","type":"image\/png"}],"author":"Ri\u010di","twitter_card":"summary_large_image","twitter_creator":"@rbrejsa","twitter_misc":{"Napsal(a)":"Ri\u010di","Odhadovan\u00e1 doba \u010dten\u00ed":"2 minuty"},"schema":{"@context":"https:\/\/schema.org","@graph":[{"@type":"Article","@id":"https:\/\/evertonfc.cz\/index.php\/2016\/04\/14\/preview-everton-southampton-4\/#article","isPartOf":{"@id":"https:\/\/evertonfc.cz\/index.php\/2016\/04\/14\/preview-everton-southampton-4\/"},"author":{"name":"Ri\u010di","@id":"https:\/\/evertonfc.cz\/#\/schema\/person\/f7a5daedb2ffee98480bc70e191aaef1"},"headline":"Preview: Everton &#8211; Southampton","datePublished":"2016-04-13T22:14:00+00:00","dateModified":"2021-03-01T12:25:58+00:00","mainEntityOfPage":{"@id":"https:\/\/evertonfc.cz\/index.php\/2016\/04\/14\/preview-everton-southampton-4\/"},"wordCount":600,"commentCount":0,"publisher":{"@id":"https:\/\/evertonfc.cz\/#organization"},"image":{"@id":"https:\/\/evertonfc.cz\/index.php\/2016\/04\/14\/preview-everton-southampton-4\/#primaryimage"},"thumbnailUrl":"https:\/\/evertonfc.cz\/wp-content\/uploads\/2021\/03\/Everton-VS-Southampton.png","articleSection":["Z\u00e1pasy"],"inLanguage":"cs","potentialAction":[{"@type":"CommentAction","name":"Comment","target":["https:\/\/evertonfc.cz\/index.php\/2016\/04\/14\/preview-everton-southampton-4\/#respond"]}]},{"@type":"WebPage","@id":"https:\/\/evertonfc.cz\/index.php\/2016\/04\/14\/preview-everton-southampton-4\/","url":"https:\/\/evertonfc.cz\/index.php\/2016\/04\/14\/preview-everton-southampton-4\/","name":"Preview: Everton - Southampton - Official Czech &amp; Slovak Everton Supporters&#039; Club","isPartOf":{"@id":"https:\/\/evertonfc.cz\/#website"},"primaryImageOfPage":{"@id":"https:\/\/evertonfc.cz\/index.php\/2016\/04\/14\/preview-everton-southampton-4\/#primaryimage"},"image":{"@id":"https:\/\/evertonfc.cz\/index.php\/2016\/04\/14\/preview-everton-southampton-4\/#primaryimage"},"thumbnailUrl":"https:\/\/evertonfc.cz\/wp-content\/uploads\/2021\/03\/Everton-VS-Southampton.png","datePublished":"2016-04-13T22:14:00+00:00","dateModified":"2021-03-01T12:25:58+00:00","breadcrumb":{"@id":"https:\/\/evertonfc.cz\/index.php\/2016\/04\/14\/preview-everton-southampton-4\/#breadcrumb"},"inLanguage":"cs","potentialAction":[{"@type":"ReadAction","target":["https:\/\/evertonfc.cz\/index.php\/2016\/04\/14\/preview-everton-southampton-4\/"]}]},{"@type":"ImageObject","inLanguage":"cs","@id":"https:\/\/evertonfc.cz\/index.php\/2016\/04\/14\/preview-everton-southampton-4\/#primaryimage","url":"https:\/\/evertonfc.cz\/wp-content\/uploads\/2021\/03\/Everton-VS-Southampton.png","contentUrl":"https:\/\/evertonfc.cz\/wp-content\/uploads\/2021\/03\/Everton-VS-Southampton.png","width":720,"height":405},{"@type":"BreadcrumbList","@id":"https:\/\/evertonfc.cz\/index.php\/2016\/04\/14\/preview-everton-southampton-4\/#breadcrumb","itemListElement":[{"@type":"ListItem","position":1,"name":"Home","item":"https:\/\/evertonfc.cz\/"},{"@type":"ListItem","position":2,"name":"Preview: Everton &#8211; Southampton"}]},{"@type":"WebSite","@id":"https:\/\/evertonfc.cz\/#website","url":"https:\/\/evertonfc.cz\/","name":"Official Czech &amp; Slovak Everton Supporters&#039; Club","description":"","publisher":{"@id":"https:\/\/evertonfc.cz\/#organization"},"potentialAction":[{"@type":"SearchAction","target":{"@type":"EntryPoint","urlTemplate":"https:\/\/evertonfc.cz\/?s={search_term_string}"},"query-input":{"@type":"PropertyValueSpecification","valueRequired":true,"valueName":"search_term_string"}}],"inLanguage":"cs"},{"@type":"Organization","@id":"https:\/\/evertonfc.cz\/#organization","name":"Official Czech & Slovak Everton Supporters' Club","url":"https:\/\/evertonfc.cz\/","logo":{"@type":"ImageObject","inLanguage":"cs","@id":"https:\/\/evertonfc.cz\/#\/schema\/logo\/image\/","url":"https:\/\/evertonfc.cz\/wp-content\/uploads\/2019\/05\/logo.png","contentUrl":"https:\/\/evertonfc.cz\/wp-content\/uploads\/2019\/05\/logo.png","width":112,"height":112,"caption":"Official Czech & Slovak Everton Supporters' Club"},"image":{"@id":"https:\/\/evertonfc.cz\/#\/schema\/logo\/image\/"},"sameAs":["https:\/\/www.facebook.com\/everton.fans.cz.sk"]},{"@type":"Person","@id":"https:\/\/evertonfc.cz\/#\/schema\/person\/f7a5daedb2ffee98480bc70e191aaef1","name":"Ri\u010di","sameAs":["https:\/\/x.com\/rbrejsa"],"url":"https:\/\/evertonfc.cz\/index.php\/author\/rici\/"}]}},"_links":{"self":[{"href":"https:\/\/evertonfc.cz\/index.php\/wp-json\/wp\/v2\/posts\/3757"}],"collection":[{"href":"https:\/\/evertonfc.cz\/index.php\/wp-json\/wp\/v2\/posts"}],"about":[{"href":"https:\/\/evertonfc.cz\/index.php\/wp-json\/wp\/v2\/types\/post"}],"author":[{"embeddable":true,"href":"https:\/\/evertonfc.cz\/index.php\/wp-json\/wp\/v2\/users\/6"}],"replies":[{"embeddable":true,"href":"https:\/\/evertonfc.cz\/index.php\/wp-json\/wp\/v2\/comments?post=3757"}],"version-history":[{"count":4,"href":"https:\/\/evertonfc.cz\/index.php\/wp-json\/wp\/v2\/posts\/3757\/revisions"}],"predecessor-version":[{"id":14395,"href":"https:\/\/evertonfc.cz\/index.php\/wp-json\/wp\/v2\/posts\/3757\/revisions\/14395"}],"wp:featuredmedia":[{"embeddable":true,"href":"https:\/\/evertonfc.cz\/index.php\/wp-json\/wp\/v2\/media\/14388"}],"wp:attachment":[{"href":"https:\/\/evertonfc.cz\/index.php\/wp-json\/wp\/v2\/media?parent=3757"}],"wp:term":[{"taxonomy":"category","embeddable":true,"href":"https:\/\/evertonfc.cz\/index.php\/wp-json\/wp\/v2\/categories?post=3757"},{"taxonomy":"post_tag","embeddable":true,"href":"https:\/\/evertonfc.cz\/index.php\/wp-json\/wp\/v2\/tags?post=3757"}],"curies":[{"name":"wp","href":"https:\/\/api.w.org\/{rel}","templated":true}]}}