{"id":3759,"date":"2016-04-13T00:15:03","date_gmt":"2016-04-12T22:15:03","guid":{"rendered":"http:\/\/evertonfc.cz\/?p=3759"},"modified":"2019-02-12T00:15:42","modified_gmt":"2019-02-11T23:15:42","slug":"crystal-palace-everton-00","status":"publish","type":"post","link":"https:\/\/evertonfc.cz\/index.php\/2016\/04\/13\/crystal-palace-everton-00\/","title":{"rendered":"Crystal Palace &#8211; Everton 0:0"},"content":{"rendered":"<h4 id=\"NewsPostDetailSummary\">Everton nez\u00edskal k\u00fd\u017een\u00e9 t\u0159i body ani na Crystal Palace, ale proto\u017ee skoro cel\u00fd druh\u00fd polo\u010das odehr\u00e1l bez vylou\u010den\u00e9ho McCarthyho, s bodem a \u010dist\u00fdm kontem nakonec p\u0159evl\u00e1d\u00e1 spokojenost.<\/h4>\n<div id=\"NewsPostDetailContent\">\n<p>Ramiro Funes Mori se o\u010dek\u00e1van\u011b vy\u0161vihl do z\u00e1kladn\u00ed sestavy, nahradil zran\u011bn\u00e9ho Jagielku. D\u00e1le Roberto Mart\u00ednez p\u0159ipravil u\u017e jen jednu taktickou zm\u011bnu, Deulofeu usedl mezi n\u00e1hradn\u00edky a jeho m\u00edsto zaujal Arouna Kon\u00e9. Ten se v z\u00e1kladn\u00ed sestav\u011b objevil poprv\u00e9 od konce ledna, kdy startoval v Carlisle v r\u00e1mci FA Cupu. Kapit\u00e1nskou p\u00e1sku navl\u00e9kl Gareth Barry.<\/p>\n<p>Dom\u00e1c\u00ed za\u010dali aktivn\u011b, Robles poprv\u00e9 zasahoval v 3. minut\u011b. Kon\u00e9 chyboval v rozehr\u00e1vce a Yannick Bolasie vyzkou\u0161el branka\u0159ovu pozornost. Vz\u00e1p\u011bt\u00ed nep\u0159esn\u011b rozehr\u00e1val t\u00e9\u017e Barkley, \u010deho\u017e vyu\u017eil Zaha nab\u00eddkou Gaylovi. Zakon\u010den\u00ed bez p\u0159\u00edpravy z nebezpe\u010dn\u00e9 pozice t\u011bsno minulu br\u00e1nu.<\/p>\n<p>Toffees se probrali a\u017e po 20 minut\u00e1ch, na lev\u00e9 stran\u011b dob\u0159e zakombinovali, Baines p\u0159eta\u017een\u00fdm centrem na\u0161el Colemana a jeho volej pohotov\u011b vyrazil Hennessey. Na druhou stranu se valil proti\u00fatok, Zaha se d\u00edky rychlosti dostal palebn\u00e9 prostoru, jen\u017ee vysoko p\u0159est\u0159elil. A\u010d bylo k vid\u011bn\u00ed spoustu nep\u0159esnosti a ofenzivn\u00ed akce postr\u00e1daly kloudn\u00e9 my\u0161lenky a n\u00e1b\u011bhy do voln\u00fdch prostor\u016f, rovn\u011b\u017e dal\u0161\u00ed \u0161ance smrd\u011bla g\u00f3lem. Kon\u00e9 si na\u0161el odra\u017een\u00fd m\u00ed\u010d za v\u00e1pnem a n\u00e1sledn\u00e9 d\u011blovce sch\u00e1zelo jen p\u00e1r decimetr\u016f k dokonalosti.<\/p>\n<p>Dnes &#8222;B\u00edl\u00ed&#8220; postupem \u010dasu p\u0159eb\u00edrali iniciativu a tak\u00e9 zlep\u0161ili mezihru. V dal\u0161\u00ed akci Barkley p\u011bknou uli\u010dkou vysunul Lukaka a Hennessey zachra\u0148oval v\u010dasn\u00fdm v\u00fdb\u011bhem, Belgi\u010dan ho trefil do hrudi. Eagles se p\u0159ipomn\u011bli v 34. minut\u011b, Stones neodvr\u00e1til p\u0159\u00edli\u0161 jist\u011b a Dwight Gayle vyst\u0159ihl pohotov\u00e9 n\u016f\u017eky. K \u00fato\u010dn\u00edkov\u011b sm\u016fle nabraly sm\u011br t\u011bsn\u011b vedle lev\u00e9 ty\u010de. Do konce prvn\u00edho polo\u010dasu Everton rozjel a zakon\u010dil \u00fatok soupe\u0159e. Nejprve toti\u017e Barkley zle p\u0159ihr\u00e1l na p\u016flce a Zah\u016fv centr nejist\u011b odvracel Funes Mori, balon na\u0161t\u011bst\u00ed nezapadl pod b\u0159evno.<\/p>\n<p>Druhou \u010d\u00e1st p\u0159edehr\u00e1vky 35. kola otev\u0159el Ross Barkley, za hranic\u00ed v\u00e1pna nap\u0159\u00e1hl a oraz\u00edtkoval b\u0159evno. Ofenzivn\u00ed z\u00e1lo\u017en\u00edk mohl brankou potvrdit nominaci do \u0161esti\u010dlenn\u00e9ho v\u00fdb\u011bru hr\u00e1\u010dsk\u00e9 asociace na nejlep\u0161\u00edho mlad\u00e9ho fotbalistu ligy.<\/p>\n<p>V 52. minut\u011b nastal zvrat v utk\u00e1n\u00ed. James McCarthy nedovolen\u011b vystavil stopku Bolasiemu, uvid\u011bl druhou \u017elutou kartu a porou\u010del se ze h\u0159i\u0161t\u011b. Mart\u00ednez okam\u017eit\u011b zareagoval st\u0159\u00edd\u00e1n\u00edm, st\u00e1hl nev\u00fdrazn\u00e9ho a nerozehran\u00e9ho Kon\u00e9ho a uk\u00e1zal na Mo Be\u0161i\u0107e. Host\u00e9 na oslaben\u00ed zareagovali zv\u00fd\u0161en\u00fdm nasazen\u00edm a p\u011bkn\u011b soupe\u0159e to\u010dili rychl\u00fdmi p\u0159ihr\u00e1vkami. Crystal Palace tuto \u010d\u00e1st ukon\u010dil velkou p\u0159\u00edle\u017eitost\u00ed, v 62. minut\u011b Jedinak rozt\u00e1hl do strany na Puncheona, proti n\u011bmu\u017e skv\u011ble vyb\u011bhl Robles a za\u017eehnal vzru\u0161en\u00ed. Sou\u010dasn\u00e1 jedni\u010dka si pot\u00e9 poradila i s Wardovou nav\u0161t\u00edvenkou.<\/p>\n<p>Alan Pardew se rozhodl pos\u00edlit \u00fatok, k u\u017e d\u0159\u00edve st\u0159\u00eddaj\u00edc\u00edmu Wickhamovi poslal Adebayora. M\u011bnili tak\u00e9 Merseysiders, dol\u016f \u0161el Lennon, p\u0159esto\u017ee o\u010dividn\u011b cht\u011bl unaven\u00fd Barkley, a na tr\u00e1vn\u00edk vyb\u011bhl Bryan Oviedo. Je\u0161t\u011b p\u0159edt\u00edm ale Robles dal\u0161\u00edm mr\u0161tn\u00fdm skokem zastavil Puncheon\u016fv velmi \u017eahav\u00fd obst\u0159el. Everton se zam\u011b\u0159il na defenzivu (\u010di byl donucen), Adebayorova hlavi\u010dka aspirovala na p\u0159esn\u011bj\u0161\u00ed um\u00edst\u011bn\u00ed ne\u017e vedle ty\u010de.<\/p>\n<p>Everton \u010delil tlaku, nicm\u00e9n\u011b na sv\u00e9 pom\u011bry br\u00e1nil zodpov\u011bdn\u011b. Nav\u00edc zahrozil Funes Mori, jeho te\u010dovanou a dalekonosnou st\u0159elu Hennessy nadvakr\u00e1t zne\u0161kodnil. A jeliko\u017e se ve zbytku z\u00e1pasu urostl\u00ed Wickham a Adebayor nedok\u00e1zali dostat do v\u00e1\u017en\u011bj\u0161\u00edho zakon\u010den\u00ed, oba t\u00fdmy si rozd\u011blily bod.<\/p>\n<p><strong>\u017dK:<\/strong> 16. James McCarthy, 90+1. Gareth Barry<br \/>\n<strong>\u010cK:<\/strong> 52. James McCarthy<br \/>\n<strong>Crystal Palace:<\/strong> Wayne Hennessey, Joel Ward, Scott Dann, Damien Delaney, Pape Souar\u00e9, Yohan Cabaye, Mile Jedinak, Jason Puncheon, Yannick Bolasie (66. Emmanuel Adebayor), Wilfried Zaha (77. Bakary Sako), Dwight Gayle (46. Connor Wickham)<br \/>\n<strong>Everton FC:<\/strong> Joel Robles, S\u00e9amus Coleman, John Stones, Ramiro Funes Mori, Leighton Baines, James McCarthy, Gareth Barry, Aaron Lennon (69. Bryan Oviedo), Ross Barkley (86. Kevin Mirallas), Arouna Kon\u00e9 (54. Muhamed Be\u0161i\u0107), Romelu Lukaku<br \/>\n<strong>Rozhod\u010d\u00ed:<\/strong> Mike Jones<br \/>\n<strong>Div\u00e1ci: <\/strong>23 528<\/div>\n","protected":false},"excerpt":{"rendered":"<p>Everton nez\u00edskal k\u00fd\u017een\u00e9 t\u0159i body ani na Crystal Palace, ale proto\u017ee skoro cel\u00fd druh\u00fd polo\u010das odehr\u00e1l bez vylou\u010den\u00e9ho McCarthyho, s&hellip;<\/p>\n","protected":false},"author":6,"featured_media":1315,"comment_status":"open","ping_status":"closed","sticky":false,"template":"","format":"standard","meta":{"_eb_attr":"","_monsterinsights_skip_tracking":false,"_monsterinsights_sitenote_active":false,"_monsterinsights_sitenote_note":"","_monsterinsights_sitenote_category":0,"footnotes":""},"categories":[4],"tags":[],"yoast_head":"<!-- This site is optimized with the Yoast SEO plugin v23.4 - https:\/\/yoast.com\/wordpress\/plugins\/seo\/ -->\n<title>Crystal Palace - Everton 0:0 - Official Czech &amp; Slovak Everton Supporters&#039; Club<\/title>\n<meta name=\"robots\" content=\"index, follow, max-snippet:-1, max-image-preview:large, max-video-preview:-1\" \/>\n<link rel=\"canonical\" href=\"https:\/\/evertonfc.cz\/index.php\/2016\/04\/13\/crystal-palace-everton-00\/\" \/>\n<meta property=\"og:locale\" content=\"cs_CZ\" \/>\n<meta property=\"og:type\" content=\"article\" \/>\n<meta property=\"og:title\" content=\"Crystal Palace - Everton 0:0 - Official Czech &amp; Slovak Everton Supporters&#039; Club\" \/>\n<meta property=\"og:description\" content=\"Everton nez\u00edskal k\u00fd\u017een\u00e9 t\u0159i body ani na Crystal Palace, ale proto\u017ee skoro cel\u00fd druh\u00fd polo\u010das odehr\u00e1l bez vylou\u010den\u00e9ho McCarthyho, s&hellip;\" \/>\n<meta property=\"og:url\" content=\"https:\/\/evertonfc.cz\/index.php\/2016\/04\/13\/crystal-palace-everton-00\/\" \/>\n<meta property=\"og:site_name\" content=\"Official Czech &amp; Slovak Everton Supporters&#039; Club\" \/>\n<meta property=\"article:publisher\" content=\"https:\/\/www.facebook.com\/everton.fans.cz.sk\" \/>\n<meta property=\"article:published_time\" content=\"2016-04-12T22:15:03+00:00\" \/>\n<meta property=\"article:modified_time\" content=\"2019-02-11T23:15:42+00:00\" \/>\n<meta property=\"og:image\" content=\"https:\/\/evertonfc.cz\/wp-content\/uploads\/2019\/01\/report.jpg\" \/>\n\t<meta property=\"og:image:width\" content=\"720\" \/>\n\t<meta property=\"og:image:height\" content=\"405\" \/>\n\t<meta property=\"og:image:type\" content=\"image\/jpeg\" \/>\n<meta name=\"author\" content=\"Ri\u010di\" \/>\n<meta name=\"twitter:card\" content=\"summary_large_image\" \/>\n<meta name=\"twitter:creator\" content=\"@rbrejsa\" \/>\n<meta name=\"twitter:label1\" content=\"Napsal(a)\" \/>\n\t<meta name=\"twitter:data1\" content=\"Ri\u010di\" \/>\n\t<meta name=\"twitter:label2\" content=\"Odhadovan\u00e1 doba \u010dten\u00ed\" \/>\n\t<meta name=\"twitter:data2\" content=\"4 minuty\" \/>\n<script type=\"application\/ld+json\" class=\"yoast-schema-graph\">{\"@context\":\"https:\/\/schema.org\",\"@graph\":[{\"@type\":\"Article\",\"@id\":\"https:\/\/evertonfc.cz\/index.php\/2016\/04\/13\/crystal-palace-everton-00\/#article\",\"isPartOf\":{\"@id\":\"https:\/\/evertonfc.cz\/index.php\/2016\/04\/13\/crystal-palace-everton-00\/\"},\"author\":{\"name\":\"Ri\u010di\",\"@id\":\"https:\/\/evertonfc.cz\/#\/schema\/person\/f7a5daedb2ffee98480bc70e191aaef1\"},\"headline\":\"Crystal Palace &#8211; Everton 0:0\",\"datePublished\":\"2016-04-12T22:15:03+00:00\",\"dateModified\":\"2019-02-11T23:15:42+00:00\",\"mainEntityOfPage\":{\"@id\":\"https:\/\/evertonfc.cz\/index.php\/2016\/04\/13\/crystal-palace-everton-00\/\"},\"wordCount\":773,\"commentCount\":0,\"publisher\":{\"@id\":\"https:\/\/evertonfc.cz\/#organization\"},\"image\":{\"@id\":\"https:\/\/evertonfc.cz\/index.php\/2016\/04\/13\/crystal-palace-everton-00\/#primaryimage\"},\"thumbnailUrl\":\"https:\/\/evertonfc.cz\/wp-content\/uploads\/2019\/01\/report.jpg\",\"articleSection\":[\"Z\u00e1pasy\"],\"inLanguage\":\"cs\",\"potentialAction\":[{\"@type\":\"CommentAction\",\"name\":\"Comment\",\"target\":[\"https:\/\/evertonfc.cz\/index.php\/2016\/04\/13\/crystal-palace-everton-00\/#respond\"]}]},{\"@type\":\"WebPage\",\"@id\":\"https:\/\/evertonfc.cz\/index.php\/2016\/04\/13\/crystal-palace-everton-00\/\",\"url\":\"https:\/\/evertonfc.cz\/index.php\/2016\/04\/13\/crystal-palace-everton-00\/\",\"name\":\"Crystal Palace - Everton 0:0 - Official Czech &amp; Slovak Everton Supporters&#039; Club\",\"isPartOf\":{\"@id\":\"https:\/\/evertonfc.cz\/#website\"},\"primaryImageOfPage\":{\"@id\":\"https:\/\/evertonfc.cz\/index.php\/2016\/04\/13\/crystal-palace-everton-00\/#primaryimage\"},\"image\":{\"@id\":\"https:\/\/evertonfc.cz\/index.php\/2016\/04\/13\/crystal-palace-everton-00\/#primaryimage\"},\"thumbnailUrl\":\"https:\/\/evertonfc.cz\/wp-content\/uploads\/2019\/01\/report.jpg\",\"datePublished\":\"2016-04-12T22:15:03+00:00\",\"dateModified\":\"2019-02-11T23:15:42+00:00\",\"breadcrumb\":{\"@id\":\"https:\/\/evertonfc.cz\/index.php\/2016\/04\/13\/crystal-palace-everton-00\/#breadcrumb\"},\"inLanguage\":\"cs\",\"potentialAction\":[{\"@type\":\"ReadAction\",\"target\":[\"https:\/\/evertonfc.cz\/index.php\/2016\/04\/13\/crystal-palace-everton-00\/\"]}]},{\"@type\":\"ImageObject\",\"inLanguage\":\"cs\",\"@id\":\"https:\/\/evertonfc.cz\/index.php\/2016\/04\/13\/crystal-palace-everton-00\/#primaryimage\",\"url\":\"https:\/\/evertonfc.cz\/wp-content\/uploads\/2019\/01\/report.jpg\",\"contentUrl\":\"https:\/\/evertonfc.cz\/wp-content\/uploads\/2019\/01\/report.jpg\",\"width\":720,\"height\":405},{\"@type\":\"BreadcrumbList\",\"@id\":\"https:\/\/evertonfc.cz\/index.php\/2016\/04\/13\/crystal-palace-everton-00\/#breadcrumb\",\"itemListElement\":[{\"@type\":\"ListItem\",\"position\":1,\"name\":\"Home\",\"item\":\"https:\/\/evertonfc.cz\/\"},{\"@type\":\"ListItem\",\"position\":2,\"name\":\"Crystal Palace &#8211; Everton 0:0\"}]},{\"@type\":\"WebSite\",\"@id\":\"https:\/\/evertonfc.cz\/#website\",\"url\":\"https:\/\/evertonfc.cz\/\",\"name\":\"Official Czech &amp; Slovak Everton Supporters&#039; Club\",\"description\":\"\",\"publisher\":{\"@id\":\"https:\/\/evertonfc.cz\/#organization\"},\"potentialAction\":[{\"@type\":\"SearchAction\",\"target\":{\"@type\":\"EntryPoint\",\"urlTemplate\":\"https:\/\/evertonfc.cz\/?s={search_term_string}\"},\"query-input\":{\"@type\":\"PropertyValueSpecification\",\"valueRequired\":true,\"valueName\":\"search_term_string\"}}],\"inLanguage\":\"cs\"},{\"@type\":\"Organization\",\"@id\":\"https:\/\/evertonfc.cz\/#organization\",\"name\":\"Official Czech & Slovak Everton Supporters' Club\",\"url\":\"https:\/\/evertonfc.cz\/\",\"logo\":{\"@type\":\"ImageObject\",\"inLanguage\":\"cs\",\"@id\":\"https:\/\/evertonfc.cz\/#\/schema\/logo\/image\/\",\"url\":\"https:\/\/evertonfc.cz\/wp-content\/uploads\/2019\/05\/logo.png\",\"contentUrl\":\"https:\/\/evertonfc.cz\/wp-content\/uploads\/2019\/05\/logo.png\",\"width\":112,\"height\":112,\"caption\":\"Official Czech & Slovak Everton Supporters' Club\"},\"image\":{\"@id\":\"https:\/\/evertonfc.cz\/#\/schema\/logo\/image\/\"},\"sameAs\":[\"https:\/\/www.facebook.com\/everton.fans.cz.sk\"]},{\"@type\":\"Person\",\"@id\":\"https:\/\/evertonfc.cz\/#\/schema\/person\/f7a5daedb2ffee98480bc70e191aaef1\",\"name\":\"Ri\u010di\",\"sameAs\":[\"https:\/\/x.com\/rbrejsa\"],\"url\":\"https:\/\/evertonfc.cz\/index.php\/author\/rici\/\"}]}<\/script>\n<!-- \/ Yoast SEO plugin. -->","yoast_head_json":{"title":"Crystal Palace - Everton 0:0 - Official Czech &amp; Slovak Everton Supporters&#039; Club","robots":{"index":"index","follow":"follow","max-snippet":"max-snippet:-1","max-image-preview":"max-image-preview:large","max-video-preview":"max-video-preview:-1"},"canonical":"https:\/\/evertonfc.cz\/index.php\/2016\/04\/13\/crystal-palace-everton-00\/","og_locale":"cs_CZ","og_type":"article","og_title":"Crystal Palace - Everton 0:0 - Official Czech &amp; Slovak Everton Supporters&#039; Club","og_description":"Everton nez\u00edskal k\u00fd\u017een\u00e9 t\u0159i body ani na Crystal Palace, ale proto\u017ee skoro cel\u00fd druh\u00fd polo\u010das odehr\u00e1l bez vylou\u010den\u00e9ho McCarthyho, s&hellip;","og_url":"https:\/\/evertonfc.cz\/index.php\/2016\/04\/13\/crystal-palace-everton-00\/","og_site_name":"Official Czech &amp; Slovak Everton Supporters&#039; Club","article_publisher":"https:\/\/www.facebook.com\/everton.fans.cz.sk","article_published_time":"2016-04-12T22:15:03+00:00","article_modified_time":"2019-02-11T23:15:42+00:00","og_image":[{"width":720,"height":405,"url":"https:\/\/evertonfc.cz\/wp-content\/uploads\/2019\/01\/report.jpg","type":"image\/jpeg"}],"author":"Ri\u010di","twitter_card":"summary_large_image","twitter_creator":"@rbrejsa","twitter_misc":{"Napsal(a)":"Ri\u010di","Odhadovan\u00e1 doba \u010dten\u00ed":"4 minuty"},"schema":{"@context":"https:\/\/schema.org","@graph":[{"@type":"Article","@id":"https:\/\/evertonfc.cz\/index.php\/2016\/04\/13\/crystal-palace-everton-00\/#article","isPartOf":{"@id":"https:\/\/evertonfc.cz\/index.php\/2016\/04\/13\/crystal-palace-everton-00\/"},"author":{"name":"Ri\u010di","@id":"https:\/\/evertonfc.cz\/#\/schema\/person\/f7a5daedb2ffee98480bc70e191aaef1"},"headline":"Crystal Palace &#8211; Everton 0:0","datePublished":"2016-04-12T22:15:03+00:00","dateModified":"2019-02-11T23:15:42+00:00","mainEntityOfPage":{"@id":"https:\/\/evertonfc.cz\/index.php\/2016\/04\/13\/crystal-palace-everton-00\/"},"wordCount":773,"commentCount":0,"publisher":{"@id":"https:\/\/evertonfc.cz\/#organization"},"image":{"@id":"https:\/\/evertonfc.cz\/index.php\/2016\/04\/13\/crystal-palace-everton-00\/#primaryimage"},"thumbnailUrl":"https:\/\/evertonfc.cz\/wp-content\/uploads\/2019\/01\/report.jpg","articleSection":["Z\u00e1pasy"],"inLanguage":"cs","potentialAction":[{"@type":"CommentAction","name":"Comment","target":["https:\/\/evertonfc.cz\/index.php\/2016\/04\/13\/crystal-palace-everton-00\/#respond"]}]},{"@type":"WebPage","@id":"https:\/\/evertonfc.cz\/index.php\/2016\/04\/13\/crystal-palace-everton-00\/","url":"https:\/\/evertonfc.cz\/index.php\/2016\/04\/13\/crystal-palace-everton-00\/","name":"Crystal Palace - Everton 0:0 - Official Czech &amp; Slovak Everton Supporters&#039; Club","isPartOf":{"@id":"https:\/\/evertonfc.cz\/#website"},"primaryImageOfPage":{"@id":"https:\/\/evertonfc.cz\/index.php\/2016\/04\/13\/crystal-palace-everton-00\/#primaryimage"},"image":{"@id":"https:\/\/evertonfc.cz\/index.php\/2016\/04\/13\/crystal-palace-everton-00\/#primaryimage"},"thumbnailUrl":"https:\/\/evertonfc.cz\/wp-content\/uploads\/2019\/01\/report.jpg","datePublished":"2016-04-12T22:15:03+00:00","dateModified":"2019-02-11T23:15:42+00:00","breadcrumb":{"@id":"https:\/\/evertonfc.cz\/index.php\/2016\/04\/13\/crystal-palace-everton-00\/#breadcrumb"},"inLanguage":"cs","potentialAction":[{"@type":"ReadAction","target":["https:\/\/evertonfc.cz\/index.php\/2016\/04\/13\/crystal-palace-everton-00\/"]}]},{"@type":"ImageObject","inLanguage":"cs","@id":"https:\/\/evertonfc.cz\/index.php\/2016\/04\/13\/crystal-palace-everton-00\/#primaryimage","url":"https:\/\/evertonfc.cz\/wp-content\/uploads\/2019\/01\/report.jpg","contentUrl":"https:\/\/evertonfc.cz\/wp-content\/uploads\/2019\/01\/report.jpg","width":720,"height":405},{"@type":"BreadcrumbList","@id":"https:\/\/evertonfc.cz\/index.php\/2016\/04\/13\/crystal-palace-everton-00\/#breadcrumb","itemListElement":[{"@type":"ListItem","position":1,"name":"Home","item":"https:\/\/evertonfc.cz\/"},{"@type":"ListItem","position":2,"name":"Crystal Palace &#8211; Everton 0:0"}]},{"@type":"WebSite","@id":"https:\/\/evertonfc.cz\/#website","url":"https:\/\/evertonfc.cz\/","name":"Official Czech &amp; Slovak Everton Supporters&#039; Club","description":"","publisher":{"@id":"https:\/\/evertonfc.cz\/#organization"},"potentialAction":[{"@type":"SearchAction","target":{"@type":"EntryPoint","urlTemplate":"https:\/\/evertonfc.cz\/?s={search_term_string}"},"query-input":{"@type":"PropertyValueSpecification","valueRequired":true,"valueName":"search_term_string"}}],"inLanguage":"cs"},{"@type":"Organization","@id":"https:\/\/evertonfc.cz\/#organization","name":"Official Czech & Slovak Everton Supporters' Club","url":"https:\/\/evertonfc.cz\/","logo":{"@type":"ImageObject","inLanguage":"cs","@id":"https:\/\/evertonfc.cz\/#\/schema\/logo\/image\/","url":"https:\/\/evertonfc.cz\/wp-content\/uploads\/2019\/05\/logo.png","contentUrl":"https:\/\/evertonfc.cz\/wp-content\/uploads\/2019\/05\/logo.png","width":112,"height":112,"caption":"Official Czech & Slovak Everton Supporters' Club"},"image":{"@id":"https:\/\/evertonfc.cz\/#\/schema\/logo\/image\/"},"sameAs":["https:\/\/www.facebook.com\/everton.fans.cz.sk"]},{"@type":"Person","@id":"https:\/\/evertonfc.cz\/#\/schema\/person\/f7a5daedb2ffee98480bc70e191aaef1","name":"Ri\u010di","sameAs":["https:\/\/x.com\/rbrejsa"],"url":"https:\/\/evertonfc.cz\/index.php\/author\/rici\/"}]}},"_links":{"self":[{"href":"https:\/\/evertonfc.cz\/index.php\/wp-json\/wp\/v2\/posts\/3759"}],"collection":[{"href":"https:\/\/evertonfc.cz\/index.php\/wp-json\/wp\/v2\/posts"}],"about":[{"href":"https:\/\/evertonfc.cz\/index.php\/wp-json\/wp\/v2\/types\/post"}],"author":[{"embeddable":true,"href":"https:\/\/evertonfc.cz\/index.php\/wp-json\/wp\/v2\/users\/6"}],"replies":[{"embeddable":true,"href":"https:\/\/evertonfc.cz\/index.php\/wp-json\/wp\/v2\/comments?post=3759"}],"version-history":[{"count":1,"href":"https:\/\/evertonfc.cz\/index.php\/wp-json\/wp\/v2\/posts\/3759\/revisions"}],"predecessor-version":[{"id":3760,"href":"https:\/\/evertonfc.cz\/index.php\/wp-json\/wp\/v2\/posts\/3759\/revisions\/3760"}],"wp:featuredmedia":[{"embeddable":true,"href":"https:\/\/evertonfc.cz\/index.php\/wp-json\/wp\/v2\/media\/1315"}],"wp:attachment":[{"href":"https:\/\/evertonfc.cz\/index.php\/wp-json\/wp\/v2\/media?parent=3759"}],"wp:term":[{"taxonomy":"category","embeddable":true,"href":"https:\/\/evertonfc.cz\/index.php\/wp-json\/wp\/v2\/categories?post=3759"},{"taxonomy":"post_tag","embeddable":true,"href":"https:\/\/evertonfc.cz\/index.php\/wp-json\/wp\/v2\/tags?post=3759"}],"curies":[{"name":"wp","href":"https:\/\/api.w.org\/{rel}","templated":true}]}}