{"id":3761,"date":"2016-04-12T00:15:53","date_gmt":"2016-04-11T22:15:53","guid":{"rendered":"http:\/\/evertonfc.cz\/?p=3761"},"modified":"2021-04-04T14:00:56","modified_gmt":"2021-04-04T12:00:56","slug":"preview-crystal-palace-everton-3","status":"publish","type":"post","link":"https:\/\/evertonfc.cz\/index.php\/2016\/04\/12\/preview-crystal-palace-everton-3\/","title":{"rendered":"Preview: Crystal Palace &#8211; Everton"},"content":{"rendered":"<h4 id=\"NewsPostDetailSummary\">Everton \u010dekaj\u00ed v n\u00e1sleduj\u00edc\u00edm m\u011bs\u00edci kv\u016fli \u00fasp\u011b\u0161n\u00e9mu ta\u017een\u00ed Anglick\u00fdm poh\u00e1rem dv\u011b dohr\u00e1vky a jedna p\u0159edehr\u00e1vka. Pr\u00e1v\u011b ta je na programu z\u00edtra na h\u0159i\u0161ti dal\u0161\u00edho jist\u00e9ho semifinalisty.<\/h4>\n<div id=\"NewsPostDetailContent\">\n<p><em>\u201eV\u0161echno ne\u010dek\u00e1 bl\u00edzko, tak nel\u00edtej n\u00edzko.. <\/em><em>\u201c<\/em> Tahle slova z velehitu Anny K. Nebe se daj\u00ed interpretovat na oba soupe\u0159e. Aneb je\u0161t\u011b p\u0159ed ob\u011bma semifin\u00e1lov\u00fdmi z\u00e1pasy poh\u00e1rov\u00e9 sout\u011b\u017ee je nutn\u00e9 se v\u011bnovat ligov\u00e9 rutin\u011b. A jak Orli, tak Karamelky se sv\u00fdm pr\u016fb\u011b\u017en\u00fdm ligov\u00fdm um\u00edst\u011bn\u00edm chlubit nem\u016f\u017eou, \u0161estn\u00e1ct\u00fd host\u00ed \u010dtrn\u00e1ct\u00e9ho.<\/p>\n<p>Budeme-li se cht\u00edt pot\u011b\u0161it aspo\u0148 ligovou formu, tak n\u00e1m rychle brzy spadne brada. Z posledn\u00edch p\u011bti z\u00e1pas\u016f m\u00e1 Crystal Palace 5 bod\u016f a Everton dokonce 4 (nav\u00edc ta v\u00fdhra byla na h\u0159i\u0161ti beznad\u011bjn\u011b posledn\u00ed Aston Villy, o jej\u00edm\u017e definitivn\u00edm sestupu se z\u0159ejm\u011b rozhodne v sobotu). Kdo vid\u011bl utk\u00e1n\u00ed ve Watfordu, tak v\u00ed, \u017ee se m\u011blo vyhr\u00e1t. To se ale nepovedlo a jist\u011b i do Selhurst Parku p\u0159ijedou fanou\u0161ci s transparentem \u201cMartinez ven\u201c.<\/p>\n<p>V sobotn\u00edm utk\u00e1n\u00ed musel kv\u016fli zran\u011bn\u00ed p\u0159itahova\u010de stehenn\u00edho svalu st\u0159\u00eddat kapit\u00e1n Jagielka a m\u00edrn\u011b zran\u011bn\u00e9 koleno m\u00e1 Barkley. Zat\u00edmco z\u00e1lo\u017en\u00edk je v po\u0159\u00e1dku a z\u00edtra nastoup\u00ed, by\u0165 mo\u017en\u00e1 ne v z\u00e1kladu, tak stoper si tento t\u00fdden odpo\u010dine, \u010dili nebude ur\u010dit\u011b ani v sobotu proti Southamptonu. P\u0159\u00ed\u0161t\u00ed t\u00fdden \u010dek\u00e1 Everton n\u00e1ro\u010dn\u00e9 dvojutk\u00e1n\u00ed, ve st\u0159edu se dohr\u00e1v\u00e1 derby na Anfield Road a v sobotu je ji\u017e zmi\u0148ovan\u00e9 semifn\u00e1le Anglick\u00e9ho poh\u00e1ru. M\u00edrn\u011b zran\u011bn\u00fd dokon\u010dil z\u00e1pas i Cleverley, kter\u00fd st\u0159\u00eddal pr\u00e1v\u011b Barkleyho, jeho start je s otazn\u00edkem.<\/p>\n<p>Za dom\u00e1c\u00ed ur\u010dit\u011b nebude hr\u00e1t Adebayor, Chamakh (t\u0159\u00edslo) a McArthur (kotn\u00edk). Posledn\u011b jmenovan\u00fd je ale n\u00e1vratu hodn\u011b bl\u00edzko, mohl by hr\u00e1t za t\u00fdden proti Manchesteru United.<\/p>\n<p>Utk\u00e1n\u00ed vys\u00edl\u00e1 p\u0159\u00edm\u00fdm p\u0159enosem stanice Digi sport 1.<\/p>\n<p><strong>Co:<\/strong> Crystal Palace FC &#8211; Everton FC, 35. kolo Premier League (p\u0159edehr\u00e1vka)<br \/>\n<strong>Kdy:<\/strong> 13. 04. 2016 od 21:00 SE\u010c<br \/>\n<strong>Kde:<\/strong> Whitehorse Lane, Lond\u00fdn (kapacita: 26 456)<br \/>\n<strong>Rozhod\u010d\u00ed:<\/strong> Mike Jones<\/p>\n<\/div>\n","protected":false},"excerpt":{"rendered":"<p>Everton \u010dekaj\u00ed v n\u00e1sleduj\u00edc\u00edm m\u011bs\u00edci kv\u016fli \u00fasp\u011b\u0161n\u00e9mu ta\u017een\u00ed Anglick\u00fdm poh\u00e1rem dv\u011b dohr\u00e1vky a jedna p\u0159edehr\u00e1vka. Pr\u00e1v\u011b ta je na programu z\u00edtra na h\u0159i\u0161ti dal\u0161\u00edho jist\u00e9ho semifinalisty.<\/p>\n","protected":false},"author":12,"featured_media":12110,"comment_status":"open","ping_status":"closed","sticky":false,"template":"","format":"standard","meta":{"_eb_attr":"","_monsterinsights_skip_tracking":false,"_monsterinsights_sitenote_active":false,"_monsterinsights_sitenote_note":"","_monsterinsights_sitenote_category":0,"footnotes":""},"categories":[4],"tags":[],"yoast_head":"<!-- This site is optimized with the Yoast SEO plugin v23.4 - https:\/\/yoast.com\/wordpress\/plugins\/seo\/ -->\n<title>Preview: Crystal Palace - Everton - Official Czech &amp; Slovak Everton Supporters&#039; Club<\/title>\n<meta name=\"robots\" content=\"index, follow, max-snippet:-1, max-image-preview:large, max-video-preview:-1\" \/>\n<link rel=\"canonical\" href=\"https:\/\/evertonfc.cz\/index.php\/2016\/04\/12\/preview-crystal-palace-everton-3\/\" \/>\n<meta property=\"og:locale\" content=\"cs_CZ\" \/>\n<meta property=\"og:type\" content=\"article\" \/>\n<meta property=\"og:title\" content=\"Preview: Crystal Palace - Everton - Official Czech &amp; Slovak Everton Supporters&#039; Club\" \/>\n<meta property=\"og:description\" content=\"Everton \u010dekaj\u00ed v n\u00e1sleduj\u00edc\u00edm m\u011bs\u00edci kv\u016fli \u00fasp\u011b\u0161n\u00e9mu ta\u017een\u00ed Anglick\u00fdm poh\u00e1rem dv\u011b dohr\u00e1vky a jedna p\u0159edehr\u00e1vka. Pr\u00e1v\u011b ta je na programu z\u00edtra na h\u0159i\u0161ti dal\u0161\u00edho jist\u00e9ho semifinalisty.\" \/>\n<meta property=\"og:url\" content=\"https:\/\/evertonfc.cz\/index.php\/2016\/04\/12\/preview-crystal-palace-everton-3\/\" \/>\n<meta property=\"og:site_name\" content=\"Official Czech &amp; Slovak Everton Supporters&#039; Club\" \/>\n<meta property=\"article:publisher\" content=\"https:\/\/www.facebook.com\/everton.fans.cz.sk\" \/>\n<meta property=\"article:published_time\" content=\"2016-04-11T22:15:53+00:00\" \/>\n<meta property=\"article:modified_time\" content=\"2021-04-04T12:00:56+00:00\" \/>\n<meta property=\"og:image\" content=\"https:\/\/evertonfc.cz\/wp-content\/uploads\/2020\/09\/Crystal-Palace-VS-Everton-26-9-2020.jpg\" \/>\n\t<meta property=\"og:image:width\" content=\"720\" \/>\n\t<meta property=\"og:image:height\" content=\"405\" \/>\n\t<meta property=\"og:image:type\" content=\"image\/jpeg\" \/>\n<meta name=\"author\" content=\"Javor\" \/>\n<meta name=\"twitter:card\" content=\"summary_large_image\" \/>\n<meta name=\"twitter:creator\" content=\"@LoudinJan\" \/>\n<meta name=\"twitter:label1\" content=\"Napsal(a)\" \/>\n\t<meta name=\"twitter:data1\" content=\"Javor\" \/>\n\t<meta name=\"twitter:label2\" content=\"Odhadovan\u00e1 doba \u010dten\u00ed\" \/>\n\t<meta name=\"twitter:data2\" content=\"2 minuty\" \/>\n<script type=\"application\/ld+json\" class=\"yoast-schema-graph\">{\"@context\":\"https:\/\/schema.org\",\"@graph\":[{\"@type\":\"Article\",\"@id\":\"https:\/\/evertonfc.cz\/index.php\/2016\/04\/12\/preview-crystal-palace-everton-3\/#article\",\"isPartOf\":{\"@id\":\"https:\/\/evertonfc.cz\/index.php\/2016\/04\/12\/preview-crystal-palace-everton-3\/\"},\"author\":{\"name\":\"Javor\",\"@id\":\"https:\/\/evertonfc.cz\/#\/schema\/person\/b30daf6a5852f4811f8207a17ec1bf78\"},\"headline\":\"Preview: Crystal Palace &#8211; Everton\",\"datePublished\":\"2016-04-11T22:15:53+00:00\",\"dateModified\":\"2021-04-04T12:00:56+00:00\",\"mainEntityOfPage\":{\"@id\":\"https:\/\/evertonfc.cz\/index.php\/2016\/04\/12\/preview-crystal-palace-everton-3\/\"},\"wordCount\":411,\"commentCount\":0,\"publisher\":{\"@id\":\"https:\/\/evertonfc.cz\/#organization\"},\"image\":{\"@id\":\"https:\/\/evertonfc.cz\/index.php\/2016\/04\/12\/preview-crystal-palace-everton-3\/#primaryimage\"},\"thumbnailUrl\":\"https:\/\/evertonfc.cz\/wp-content\/uploads\/2020\/09\/Crystal-Palace-VS-Everton-26-9-2020.jpg\",\"articleSection\":[\"Z\u00e1pasy\"],\"inLanguage\":\"cs\",\"potentialAction\":[{\"@type\":\"CommentAction\",\"name\":\"Comment\",\"target\":[\"https:\/\/evertonfc.cz\/index.php\/2016\/04\/12\/preview-crystal-palace-everton-3\/#respond\"]}]},{\"@type\":\"WebPage\",\"@id\":\"https:\/\/evertonfc.cz\/index.php\/2016\/04\/12\/preview-crystal-palace-everton-3\/\",\"url\":\"https:\/\/evertonfc.cz\/index.php\/2016\/04\/12\/preview-crystal-palace-everton-3\/\",\"name\":\"Preview: Crystal Palace - Everton - Official Czech &amp; Slovak Everton Supporters&#039; Club\",\"isPartOf\":{\"@id\":\"https:\/\/evertonfc.cz\/#website\"},\"primaryImageOfPage\":{\"@id\":\"https:\/\/evertonfc.cz\/index.php\/2016\/04\/12\/preview-crystal-palace-everton-3\/#primaryimage\"},\"image\":{\"@id\":\"https:\/\/evertonfc.cz\/index.php\/2016\/04\/12\/preview-crystal-palace-everton-3\/#primaryimage\"},\"thumbnailUrl\":\"https:\/\/evertonfc.cz\/wp-content\/uploads\/2020\/09\/Crystal-Palace-VS-Everton-26-9-2020.jpg\",\"datePublished\":\"2016-04-11T22:15:53+00:00\",\"dateModified\":\"2021-04-04T12:00:56+00:00\",\"breadcrumb\":{\"@id\":\"https:\/\/evertonfc.cz\/index.php\/2016\/04\/12\/preview-crystal-palace-everton-3\/#breadcrumb\"},\"inLanguage\":\"cs\",\"potentialAction\":[{\"@type\":\"ReadAction\",\"target\":[\"https:\/\/evertonfc.cz\/index.php\/2016\/04\/12\/preview-crystal-palace-everton-3\/\"]}]},{\"@type\":\"ImageObject\",\"inLanguage\":\"cs\",\"@id\":\"https:\/\/evertonfc.cz\/index.php\/2016\/04\/12\/preview-crystal-palace-everton-3\/#primaryimage\",\"url\":\"https:\/\/evertonfc.cz\/wp-content\/uploads\/2020\/09\/Crystal-Palace-VS-Everton-26-9-2020.jpg\",\"contentUrl\":\"https:\/\/evertonfc.cz\/wp-content\/uploads\/2020\/09\/Crystal-Palace-VS-Everton-26-9-2020.jpg\",\"width\":720,\"height\":405},{\"@type\":\"BreadcrumbList\",\"@id\":\"https:\/\/evertonfc.cz\/index.php\/2016\/04\/12\/preview-crystal-palace-everton-3\/#breadcrumb\",\"itemListElement\":[{\"@type\":\"ListItem\",\"position\":1,\"name\":\"Home\",\"item\":\"https:\/\/evertonfc.cz\/\"},{\"@type\":\"ListItem\",\"position\":2,\"name\":\"Preview: Crystal Palace &#8211; Everton\"}]},{\"@type\":\"WebSite\",\"@id\":\"https:\/\/evertonfc.cz\/#website\",\"url\":\"https:\/\/evertonfc.cz\/\",\"name\":\"Official Czech &amp; Slovak Everton Supporters&#039; Club\",\"description\":\"\",\"publisher\":{\"@id\":\"https:\/\/evertonfc.cz\/#organization\"},\"potentialAction\":[{\"@type\":\"SearchAction\",\"target\":{\"@type\":\"EntryPoint\",\"urlTemplate\":\"https:\/\/evertonfc.cz\/?s={search_term_string}\"},\"query-input\":{\"@type\":\"PropertyValueSpecification\",\"valueRequired\":true,\"valueName\":\"search_term_string\"}}],\"inLanguage\":\"cs\"},{\"@type\":\"Organization\",\"@id\":\"https:\/\/evertonfc.cz\/#organization\",\"name\":\"Official Czech & Slovak Everton Supporters' Club\",\"url\":\"https:\/\/evertonfc.cz\/\",\"logo\":{\"@type\":\"ImageObject\",\"inLanguage\":\"cs\",\"@id\":\"https:\/\/evertonfc.cz\/#\/schema\/logo\/image\/\",\"url\":\"https:\/\/evertonfc.cz\/wp-content\/uploads\/2019\/05\/logo.png\",\"contentUrl\":\"https:\/\/evertonfc.cz\/wp-content\/uploads\/2019\/05\/logo.png\",\"width\":112,\"height\":112,\"caption\":\"Official Czech & Slovak Everton Supporters' Club\"},\"image\":{\"@id\":\"https:\/\/evertonfc.cz\/#\/schema\/logo\/image\/\"},\"sameAs\":[\"https:\/\/www.facebook.com\/everton.fans.cz.sk\"]},{\"@type\":\"Person\",\"@id\":\"https:\/\/evertonfc.cz\/#\/schema\/person\/b30daf6a5852f4811f8207a17ec1bf78\",\"name\":\"Javor\",\"sameAs\":[\"https:\/\/x.com\/LoudinJan\"],\"url\":\"https:\/\/evertonfc.cz\/index.php\/author\/javor\/\"}]}<\/script>\n<!-- \/ Yoast SEO plugin. -->","yoast_head_json":{"title":"Preview: Crystal Palace - Everton - Official Czech &amp; Slovak Everton Supporters&#039; Club","robots":{"index":"index","follow":"follow","max-snippet":"max-snippet:-1","max-image-preview":"max-image-preview:large","max-video-preview":"max-video-preview:-1"},"canonical":"https:\/\/evertonfc.cz\/index.php\/2016\/04\/12\/preview-crystal-palace-everton-3\/","og_locale":"cs_CZ","og_type":"article","og_title":"Preview: Crystal Palace - Everton - Official Czech &amp; Slovak Everton Supporters&#039; Club","og_description":"Everton \u010dekaj\u00ed v n\u00e1sleduj\u00edc\u00edm m\u011bs\u00edci kv\u016fli \u00fasp\u011b\u0161n\u00e9mu ta\u017een\u00ed Anglick\u00fdm poh\u00e1rem dv\u011b dohr\u00e1vky a jedna p\u0159edehr\u00e1vka. Pr\u00e1v\u011b ta je na programu z\u00edtra na h\u0159i\u0161ti dal\u0161\u00edho jist\u00e9ho semifinalisty.","og_url":"https:\/\/evertonfc.cz\/index.php\/2016\/04\/12\/preview-crystal-palace-everton-3\/","og_site_name":"Official Czech &amp; Slovak Everton Supporters&#039; Club","article_publisher":"https:\/\/www.facebook.com\/everton.fans.cz.sk","article_published_time":"2016-04-11T22:15:53+00:00","article_modified_time":"2021-04-04T12:00:56+00:00","og_image":[{"width":720,"height":405,"url":"https:\/\/evertonfc.cz\/wp-content\/uploads\/2020\/09\/Crystal-Palace-VS-Everton-26-9-2020.jpg","type":"image\/jpeg"}],"author":"Javor","twitter_card":"summary_large_image","twitter_creator":"@LoudinJan","twitter_misc":{"Napsal(a)":"Javor","Odhadovan\u00e1 doba \u010dten\u00ed":"2 minuty"},"schema":{"@context":"https:\/\/schema.org","@graph":[{"@type":"Article","@id":"https:\/\/evertonfc.cz\/index.php\/2016\/04\/12\/preview-crystal-palace-everton-3\/#article","isPartOf":{"@id":"https:\/\/evertonfc.cz\/index.php\/2016\/04\/12\/preview-crystal-palace-everton-3\/"},"author":{"name":"Javor","@id":"https:\/\/evertonfc.cz\/#\/schema\/person\/b30daf6a5852f4811f8207a17ec1bf78"},"headline":"Preview: Crystal Palace &#8211; Everton","datePublished":"2016-04-11T22:15:53+00:00","dateModified":"2021-04-04T12:00:56+00:00","mainEntityOfPage":{"@id":"https:\/\/evertonfc.cz\/index.php\/2016\/04\/12\/preview-crystal-palace-everton-3\/"},"wordCount":411,"commentCount":0,"publisher":{"@id":"https:\/\/evertonfc.cz\/#organization"},"image":{"@id":"https:\/\/evertonfc.cz\/index.php\/2016\/04\/12\/preview-crystal-palace-everton-3\/#primaryimage"},"thumbnailUrl":"https:\/\/evertonfc.cz\/wp-content\/uploads\/2020\/09\/Crystal-Palace-VS-Everton-26-9-2020.jpg","articleSection":["Z\u00e1pasy"],"inLanguage":"cs","potentialAction":[{"@type":"CommentAction","name":"Comment","target":["https:\/\/evertonfc.cz\/index.php\/2016\/04\/12\/preview-crystal-palace-everton-3\/#respond"]}]},{"@type":"WebPage","@id":"https:\/\/evertonfc.cz\/index.php\/2016\/04\/12\/preview-crystal-palace-everton-3\/","url":"https:\/\/evertonfc.cz\/index.php\/2016\/04\/12\/preview-crystal-palace-everton-3\/","name":"Preview: Crystal Palace - Everton - Official Czech &amp; Slovak Everton Supporters&#039; Club","isPartOf":{"@id":"https:\/\/evertonfc.cz\/#website"},"primaryImageOfPage":{"@id":"https:\/\/evertonfc.cz\/index.php\/2016\/04\/12\/preview-crystal-palace-everton-3\/#primaryimage"},"image":{"@id":"https:\/\/evertonfc.cz\/index.php\/2016\/04\/12\/preview-crystal-palace-everton-3\/#primaryimage"},"thumbnailUrl":"https:\/\/evertonfc.cz\/wp-content\/uploads\/2020\/09\/Crystal-Palace-VS-Everton-26-9-2020.jpg","datePublished":"2016-04-11T22:15:53+00:00","dateModified":"2021-04-04T12:00:56+00:00","breadcrumb":{"@id":"https:\/\/evertonfc.cz\/index.php\/2016\/04\/12\/preview-crystal-palace-everton-3\/#breadcrumb"},"inLanguage":"cs","potentialAction":[{"@type":"ReadAction","target":["https:\/\/evertonfc.cz\/index.php\/2016\/04\/12\/preview-crystal-palace-everton-3\/"]}]},{"@type":"ImageObject","inLanguage":"cs","@id":"https:\/\/evertonfc.cz\/index.php\/2016\/04\/12\/preview-crystal-palace-everton-3\/#primaryimage","url":"https:\/\/evertonfc.cz\/wp-content\/uploads\/2020\/09\/Crystal-Palace-VS-Everton-26-9-2020.jpg","contentUrl":"https:\/\/evertonfc.cz\/wp-content\/uploads\/2020\/09\/Crystal-Palace-VS-Everton-26-9-2020.jpg","width":720,"height":405},{"@type":"BreadcrumbList","@id":"https:\/\/evertonfc.cz\/index.php\/2016\/04\/12\/preview-crystal-palace-everton-3\/#breadcrumb","itemListElement":[{"@type":"ListItem","position":1,"name":"Home","item":"https:\/\/evertonfc.cz\/"},{"@type":"ListItem","position":2,"name":"Preview: Crystal Palace &#8211; Everton"}]},{"@type":"WebSite","@id":"https:\/\/evertonfc.cz\/#website","url":"https:\/\/evertonfc.cz\/","name":"Official Czech &amp; Slovak Everton Supporters&#039; Club","description":"","publisher":{"@id":"https:\/\/evertonfc.cz\/#organization"},"potentialAction":[{"@type":"SearchAction","target":{"@type":"EntryPoint","urlTemplate":"https:\/\/evertonfc.cz\/?s={search_term_string}"},"query-input":{"@type":"PropertyValueSpecification","valueRequired":true,"valueName":"search_term_string"}}],"inLanguage":"cs"},{"@type":"Organization","@id":"https:\/\/evertonfc.cz\/#organization","name":"Official Czech & Slovak Everton Supporters' Club","url":"https:\/\/evertonfc.cz\/","logo":{"@type":"ImageObject","inLanguage":"cs","@id":"https:\/\/evertonfc.cz\/#\/schema\/logo\/image\/","url":"https:\/\/evertonfc.cz\/wp-content\/uploads\/2019\/05\/logo.png","contentUrl":"https:\/\/evertonfc.cz\/wp-content\/uploads\/2019\/05\/logo.png","width":112,"height":112,"caption":"Official Czech & Slovak Everton Supporters' Club"},"image":{"@id":"https:\/\/evertonfc.cz\/#\/schema\/logo\/image\/"},"sameAs":["https:\/\/www.facebook.com\/everton.fans.cz.sk"]},{"@type":"Person","@id":"https:\/\/evertonfc.cz\/#\/schema\/person\/b30daf6a5852f4811f8207a17ec1bf78","name":"Javor","sameAs":["https:\/\/x.com\/LoudinJan"],"url":"https:\/\/evertonfc.cz\/index.php\/author\/javor\/"}]}},"_links":{"self":[{"href":"https:\/\/evertonfc.cz\/index.php\/wp-json\/wp\/v2\/posts\/3761"}],"collection":[{"href":"https:\/\/evertonfc.cz\/index.php\/wp-json\/wp\/v2\/posts"}],"about":[{"href":"https:\/\/evertonfc.cz\/index.php\/wp-json\/wp\/v2\/types\/post"}],"author":[{"embeddable":true,"href":"https:\/\/evertonfc.cz\/index.php\/wp-json\/wp\/v2\/users\/12"}],"replies":[{"embeddable":true,"href":"https:\/\/evertonfc.cz\/index.php\/wp-json\/wp\/v2\/comments?post=3761"}],"version-history":[{"count":3,"href":"https:\/\/evertonfc.cz\/index.php\/wp-json\/wp\/v2\/posts\/3761\/revisions"}],"predecessor-version":[{"id":14876,"href":"https:\/\/evertonfc.cz\/index.php\/wp-json\/wp\/v2\/posts\/3761\/revisions\/14876"}],"wp:featuredmedia":[{"embeddable":true,"href":"https:\/\/evertonfc.cz\/index.php\/wp-json\/wp\/v2\/media\/12110"}],"wp:attachment":[{"href":"https:\/\/evertonfc.cz\/index.php\/wp-json\/wp\/v2\/media?parent=3761"}],"wp:term":[{"taxonomy":"category","embeddable":true,"href":"https:\/\/evertonfc.cz\/index.php\/wp-json\/wp\/v2\/categories?post=3761"},{"taxonomy":"post_tag","embeddable":true,"href":"https:\/\/evertonfc.cz\/index.php\/wp-json\/wp\/v2\/tags?post=3761"}],"curies":[{"name":"wp","href":"https:\/\/api.w.org\/{rel}","templated":true}]}}