{"id":3765,"date":"2016-04-07T00:17:57","date_gmt":"2016-04-06T22:17:57","guid":{"rendered":"http:\/\/evertonfc.cz\/?p=3765"},"modified":"2019-02-12T00:18:31","modified_gmt":"2019-02-11T23:18:31","slug":"preview-watford-everton-3","status":"publish","type":"post","link":"https:\/\/evertonfc.cz\/index.php\/2016\/04\/07\/preview-watford-everton-3\/","title":{"rendered":"Preview: Watford &#8211; Everton"},"content":{"rendered":"<h4 id=\"NewsPostDetailSummary\">Vicarage Road serv\u00edruje st\u0159etnut\u00ed dvou celk\u016f bez formy z doln\u00ed poloviny tabulky. Popcorn do ruky, usa\u010fte se a p\u0159eji p\u0159\u00edjemnou z\u00e1bavu.<\/h4>\n<div id=\"NewsPostDetailContent\">\n<p>Toffees musej\u00ed za\u010d\u00edt v\u00edt\u011bzit, opravdu ihned. A p\u0159i pohledu na nejbli\u017e\u0161\u00ed los bych si jen nerad p\u0159edstavoval, co by n\u00e1sledovalo s dal\u0161\u00edmi prohrami. V sobotu a ve st\u0159edu jsou na programu dva v\u00fdjezdy na h\u0159i\u0161t\u011b soupe\u0159\u016f s prachb\u00eddnou formou \u2013 Watfordu a Crystal Palace.<\/p>\n<p>Hornets ode\u0161li poko\u0159eni v posledn\u00edch \u010dty\u0159ech kolech v lize a tak\u00e9 ze v\u0161ech posledn\u00edch deseti z\u00e1pas\u016f vy\u0161li st\u0159elecky napr\u00e1zdno hned \u0161estkr\u00e1t. St\u0159eleck\u00e9 hody dvojice Odion Ighalo a Troy Deeney odv\u00e1l podzimn\u00ed v\u00edtr, na co\u017e dopl\u00e1c\u00ed cel\u00e9 mu\u017estvo.<\/p>\n<p>Na druhou stranu situaci v hrabstv\u00ed Hertfordshire nelze posuzovat jako kritickou. Watfordu se poda\u0159\u00ed udr\u017eet v Premier League, sou\u010dasn\u00fdch 37 nasb\u00edran\u00fdch bod\u016f p\u0159edstavuje jistotu brzk\u00e9 z\u00e1chrany, \u010d\u00edm\u017e se spln\u00ed p\u0159edsez\u00f3nn\u00ed c\u00edl. Nav\u00edc na dve\u0159e klepe p\u0159ekvapiv\u00e9 semifin\u00e1le FA Cupu proti Crystal Palace. V prvn\u00edm roce v\u00a0Anglii se mana\u017eer Quique S\u00e1nchez Flores neuvedl v\u011bru \u0161patn\u011b a v n\u00e1sleduj\u00edc\u00edm ro\u010dn\u00edku bude m\u00ed\u0159it je\u0161t\u011b v\u00fd\u0161e.<\/p>\n<p>P\u0159i pohledu do Goodison Parku t\u011b\u017eko p\u0159ij\u00edt s nov\u00fdmi z\u00e1v\u011bry sou\u010dasn\u00e9 krize. V prvn\u00ed \u0159ad\u011b, a to plat\u00ed i proti Watfordu, je t\u0159eba jezdit po zadku a tvrd\u011b d\u0159\u00edt, pot\u00e9 se m\u016f\u017ee dostavit k\u00fd\u017een\u00fd zvrat.<\/p>\n<p>Na nau\u010den\u00e1 prohl\u00e1\u0161en\u00ed o lep\u0161\u00edch z\u00edt\u0159c\u00edch fanou\u0161ci u\u017e nereaguj\u00ed, proto p\u0159\u00edjemn\u011b p\u0159ekvapila kritika do vlastn\u00edch \u0159ad od Leightona Bainese. Lev\u00fd obr\u00e1nce si st\u011b\u017eoval na chyb\u011bj\u00edc\u00ed chemii v t\u00fdmu, \u010d\u00edm\u017e tak nep\u0159\u00edmo sypal popel i na hlavu bosse. Av\u0161ak v Evertonu se kritika Mart\u00edneze nenos\u00ed (a ji\u017e v\u016fbec ne z \u00fast samotn\u00e9ho Boba), proto byl Baines povol\u00e1n na kobere\u010dek. \u0160pan\u011bl posl\u00e9ze vydal prohl\u00e1\u0161en\u00ed, \u017ee p\u0159ijal hr\u00e1\u010dovu omluvu a \u201ch\u0159\u00ed\u0161n\u00edk\u201c si odpust\u00ed pro p\u0159\u00ed\u0161t\u011b podobn\u00e1 slova\u2026 i kdy\u017e asi nebyla daleko od pravdy. Obr\u00e1zek o atmosf\u00e9\u0159e u Blues si ka\u017ed\u00fd ud\u011bl\u00e1 s\u00e1m.<\/p>\n<p>Co jin\u00e9ho? Za\u010d\u00ednaj\u00ed s\u00edlit spekulace o letn\u00edm odchodu Romela Lukaka. Kanon\u00fdra chce \u00fadajn\u011b Real Madrid, Manchester United, Chelsea nebo PSG. Opravdu nem\u00e1 cenu po\u010d\u00edtat s jeho setrv\u00e1n\u00edm v modr\u00e9m dresu. No, aspo\u0148 bude slu\u0161n\u011b zaplacen.<\/p>\n<p>Do z\u00e1kladn\u00ed sestavy se po vypr\u0161en\u00ed disciplin\u00e1rn\u00edho trestu vrac\u00ed Gareth Barry. Spole\u010dnost ve st\u0159edu z\u00e1lohy by mu mohl d\u011blat Mo Be\u0161i\u0107, McCarthymu by aspo\u0148 pro jednou slu\u0161ela lavi\u010dka n\u00e1hradn\u00edk\u016f. Uvid\u00edme, zda Leighton Baines odnese sv\u00e9 koment\u00e1\u0159e ztr\u00e1tou m\u00edsta, ka\u017edop\u00e1dn\u011b Bryan Oviedo \u010dek\u00e1 na \u0161anci. Oumar Niasse se nedostal do ide\u00e1ln\u00ed fyzick\u00e9 kondice ani po dvou m\u011bs\u00edc\u00edch na Finch Farm, a tak si zimn\u00ed posila klasicky st\u0159ihne z\u00e1v\u011bre\u010dn\u00fdch 5-10 minut utk\u00e1n\u00ed.<\/p>\n<p>Kv\u016fli zran\u011bn\u00ed nebudou hr\u00e1t Hibbert, Browning a Osman. Dom\u00e1c\u00ed strana hl\u00e1s\u00ed pr\u00e1zdnou marodku, nemocn\u00fd Valon Behrami se stihne vyl\u00e9\u010dit.<\/p>\n<p>Utk\u00e1n\u00ed vys\u00edl\u00e1 ze z\u00e1znamu stanice Digi sport 1 od 22:30.<\/p>\n<p><strong>Co:<\/strong> Watford FC &#8211; Everton FC, 28. kolo Premier League<br \/>\n<strong>Kdy:<\/strong> 09. 04. 2016 od 16:00 SE\u010c<br \/>\n<strong>Kde:<\/strong> Vicarage Road, Watford (kapacita: 21 577)<br \/>\n<strong>Rozhod\u010d\u00ed:<\/strong> Kevin Friend<\/p>\n<\/div>\n","protected":false},"excerpt":{"rendered":"<p>Vicarage Road serv\u00edruje st\u0159etnut\u00ed dvou celk\u016f bez formy z doln\u00ed poloviny tabulky. Popcorn do ruky, usa\u010fte se a p\u0159eji p\u0159\u00edjemnou&hellip;<\/p>\n","protected":false},"author":6,"featured_media":1314,"comment_status":"open","ping_status":"closed","sticky":false,"template":"","format":"standard","meta":{"_eb_attr":"","_monsterinsights_skip_tracking":false,"_monsterinsights_sitenote_active":false,"_monsterinsights_sitenote_note":"","_monsterinsights_sitenote_category":0,"footnotes":""},"categories":[4],"tags":[],"yoast_head":"<!-- This site is optimized with the Yoast SEO plugin v23.4 - https:\/\/yoast.com\/wordpress\/plugins\/seo\/ -->\n<title>Preview: Watford - Everton - Official Czech &amp; Slovak Everton Supporters&#039; Club<\/title>\n<meta name=\"robots\" content=\"index, follow, max-snippet:-1, max-image-preview:large, max-video-preview:-1\" \/>\n<link rel=\"canonical\" href=\"https:\/\/evertonfc.cz\/index.php\/2016\/04\/07\/preview-watford-everton-3\/\" \/>\n<meta property=\"og:locale\" content=\"cs_CZ\" \/>\n<meta property=\"og:type\" content=\"article\" \/>\n<meta property=\"og:title\" content=\"Preview: Watford - Everton - Official Czech &amp; Slovak Everton Supporters&#039; Club\" \/>\n<meta property=\"og:description\" content=\"Vicarage Road serv\u00edruje st\u0159etnut\u00ed dvou celk\u016f bez formy z doln\u00ed poloviny tabulky. Popcorn do ruky, usa\u010fte se a p\u0159eji p\u0159\u00edjemnou&hellip;\" \/>\n<meta property=\"og:url\" content=\"https:\/\/evertonfc.cz\/index.php\/2016\/04\/07\/preview-watford-everton-3\/\" \/>\n<meta property=\"og:site_name\" content=\"Official Czech &amp; Slovak Everton Supporters&#039; Club\" \/>\n<meta property=\"article:publisher\" content=\"https:\/\/www.facebook.com\/everton.fans.cz.sk\" \/>\n<meta property=\"article:published_time\" content=\"2016-04-06T22:17:57+00:00\" \/>\n<meta property=\"article:modified_time\" content=\"2019-02-11T23:18:31+00:00\" \/>\n<meta property=\"og:image\" content=\"https:\/\/evertonfc.cz\/wp-content\/uploads\/2019\/01\/preview.jpg\" \/>\n\t<meta property=\"og:image:width\" content=\"720\" \/>\n\t<meta property=\"og:image:height\" content=\"405\" \/>\n\t<meta property=\"og:image:type\" content=\"image\/jpeg\" \/>\n<meta name=\"author\" content=\"Ri\u010di\" \/>\n<meta name=\"twitter:card\" content=\"summary_large_image\" \/>\n<meta name=\"twitter:creator\" content=\"@rbrejsa\" \/>\n<meta name=\"twitter:label1\" content=\"Napsal(a)\" \/>\n\t<meta name=\"twitter:data1\" content=\"Ri\u010di\" \/>\n\t<meta name=\"twitter:label2\" content=\"Odhadovan\u00e1 doba \u010dten\u00ed\" \/>\n\t<meta name=\"twitter:data2\" content=\"3 minuty\" \/>\n<script type=\"application\/ld+json\" class=\"yoast-schema-graph\">{\"@context\":\"https:\/\/schema.org\",\"@graph\":[{\"@type\":\"Article\",\"@id\":\"https:\/\/evertonfc.cz\/index.php\/2016\/04\/07\/preview-watford-everton-3\/#article\",\"isPartOf\":{\"@id\":\"https:\/\/evertonfc.cz\/index.php\/2016\/04\/07\/preview-watford-everton-3\/\"},\"author\":{\"name\":\"Ri\u010di\",\"@id\":\"https:\/\/evertonfc.cz\/#\/schema\/person\/f7a5daedb2ffee98480bc70e191aaef1\"},\"headline\":\"Preview: Watford &#8211; Everton\",\"datePublished\":\"2016-04-06T22:17:57+00:00\",\"dateModified\":\"2019-02-11T23:18:31+00:00\",\"mainEntityOfPage\":{\"@id\":\"https:\/\/evertonfc.cz\/index.php\/2016\/04\/07\/preview-watford-everton-3\/\"},\"wordCount\":600,\"commentCount\":0,\"publisher\":{\"@id\":\"https:\/\/evertonfc.cz\/#organization\"},\"image\":{\"@id\":\"https:\/\/evertonfc.cz\/index.php\/2016\/04\/07\/preview-watford-everton-3\/#primaryimage\"},\"thumbnailUrl\":\"https:\/\/evertonfc.cz\/wp-content\/uploads\/2019\/01\/preview.jpg\",\"articleSection\":[\"Z\u00e1pasy\"],\"inLanguage\":\"cs\",\"potentialAction\":[{\"@type\":\"CommentAction\",\"name\":\"Comment\",\"target\":[\"https:\/\/evertonfc.cz\/index.php\/2016\/04\/07\/preview-watford-everton-3\/#respond\"]}]},{\"@type\":\"WebPage\",\"@id\":\"https:\/\/evertonfc.cz\/index.php\/2016\/04\/07\/preview-watford-everton-3\/\",\"url\":\"https:\/\/evertonfc.cz\/index.php\/2016\/04\/07\/preview-watford-everton-3\/\",\"name\":\"Preview: Watford - Everton - Official Czech &amp; Slovak Everton Supporters&#039; Club\",\"isPartOf\":{\"@id\":\"https:\/\/evertonfc.cz\/#website\"},\"primaryImageOfPage\":{\"@id\":\"https:\/\/evertonfc.cz\/index.php\/2016\/04\/07\/preview-watford-everton-3\/#primaryimage\"},\"image\":{\"@id\":\"https:\/\/evertonfc.cz\/index.php\/2016\/04\/07\/preview-watford-everton-3\/#primaryimage\"},\"thumbnailUrl\":\"https:\/\/evertonfc.cz\/wp-content\/uploads\/2019\/01\/preview.jpg\",\"datePublished\":\"2016-04-06T22:17:57+00:00\",\"dateModified\":\"2019-02-11T23:18:31+00:00\",\"breadcrumb\":{\"@id\":\"https:\/\/evertonfc.cz\/index.php\/2016\/04\/07\/preview-watford-everton-3\/#breadcrumb\"},\"inLanguage\":\"cs\",\"potentialAction\":[{\"@type\":\"ReadAction\",\"target\":[\"https:\/\/evertonfc.cz\/index.php\/2016\/04\/07\/preview-watford-everton-3\/\"]}]},{\"@type\":\"ImageObject\",\"inLanguage\":\"cs\",\"@id\":\"https:\/\/evertonfc.cz\/index.php\/2016\/04\/07\/preview-watford-everton-3\/#primaryimage\",\"url\":\"https:\/\/evertonfc.cz\/wp-content\/uploads\/2019\/01\/preview.jpg\",\"contentUrl\":\"https:\/\/evertonfc.cz\/wp-content\/uploads\/2019\/01\/preview.jpg\",\"width\":720,\"height\":405},{\"@type\":\"BreadcrumbList\",\"@id\":\"https:\/\/evertonfc.cz\/index.php\/2016\/04\/07\/preview-watford-everton-3\/#breadcrumb\",\"itemListElement\":[{\"@type\":\"ListItem\",\"position\":1,\"name\":\"Home\",\"item\":\"https:\/\/evertonfc.cz\/\"},{\"@type\":\"ListItem\",\"position\":2,\"name\":\"Preview: Watford &#8211; Everton\"}]},{\"@type\":\"WebSite\",\"@id\":\"https:\/\/evertonfc.cz\/#website\",\"url\":\"https:\/\/evertonfc.cz\/\",\"name\":\"Official Czech &amp; Slovak Everton Supporters&#039; Club\",\"description\":\"\",\"publisher\":{\"@id\":\"https:\/\/evertonfc.cz\/#organization\"},\"potentialAction\":[{\"@type\":\"SearchAction\",\"target\":{\"@type\":\"EntryPoint\",\"urlTemplate\":\"https:\/\/evertonfc.cz\/?s={search_term_string}\"},\"query-input\":{\"@type\":\"PropertyValueSpecification\",\"valueRequired\":true,\"valueName\":\"search_term_string\"}}],\"inLanguage\":\"cs\"},{\"@type\":\"Organization\",\"@id\":\"https:\/\/evertonfc.cz\/#organization\",\"name\":\"Official Czech & Slovak Everton Supporters' Club\",\"url\":\"https:\/\/evertonfc.cz\/\",\"logo\":{\"@type\":\"ImageObject\",\"inLanguage\":\"cs\",\"@id\":\"https:\/\/evertonfc.cz\/#\/schema\/logo\/image\/\",\"url\":\"https:\/\/evertonfc.cz\/wp-content\/uploads\/2019\/05\/logo.png\",\"contentUrl\":\"https:\/\/evertonfc.cz\/wp-content\/uploads\/2019\/05\/logo.png\",\"width\":112,\"height\":112,\"caption\":\"Official Czech & Slovak Everton Supporters' Club\"},\"image\":{\"@id\":\"https:\/\/evertonfc.cz\/#\/schema\/logo\/image\/\"},\"sameAs\":[\"https:\/\/www.facebook.com\/everton.fans.cz.sk\"]},{\"@type\":\"Person\",\"@id\":\"https:\/\/evertonfc.cz\/#\/schema\/person\/f7a5daedb2ffee98480bc70e191aaef1\",\"name\":\"Ri\u010di\",\"sameAs\":[\"https:\/\/x.com\/rbrejsa\"],\"url\":\"https:\/\/evertonfc.cz\/index.php\/author\/rici\/\"}]}<\/script>\n<!-- \/ Yoast SEO plugin. -->","yoast_head_json":{"title":"Preview: Watford - Everton - Official Czech &amp; Slovak Everton Supporters&#039; Club","robots":{"index":"index","follow":"follow","max-snippet":"max-snippet:-1","max-image-preview":"max-image-preview:large","max-video-preview":"max-video-preview:-1"},"canonical":"https:\/\/evertonfc.cz\/index.php\/2016\/04\/07\/preview-watford-everton-3\/","og_locale":"cs_CZ","og_type":"article","og_title":"Preview: Watford - Everton - Official Czech &amp; Slovak Everton Supporters&#039; Club","og_description":"Vicarage Road serv\u00edruje st\u0159etnut\u00ed dvou celk\u016f bez formy z doln\u00ed poloviny tabulky. Popcorn do ruky, usa\u010fte se a p\u0159eji p\u0159\u00edjemnou&hellip;","og_url":"https:\/\/evertonfc.cz\/index.php\/2016\/04\/07\/preview-watford-everton-3\/","og_site_name":"Official Czech &amp; Slovak Everton Supporters&#039; Club","article_publisher":"https:\/\/www.facebook.com\/everton.fans.cz.sk","article_published_time":"2016-04-06T22:17:57+00:00","article_modified_time":"2019-02-11T23:18:31+00:00","og_image":[{"width":720,"height":405,"url":"https:\/\/evertonfc.cz\/wp-content\/uploads\/2019\/01\/preview.jpg","type":"image\/jpeg"}],"author":"Ri\u010di","twitter_card":"summary_large_image","twitter_creator":"@rbrejsa","twitter_misc":{"Napsal(a)":"Ri\u010di","Odhadovan\u00e1 doba \u010dten\u00ed":"3 minuty"},"schema":{"@context":"https:\/\/schema.org","@graph":[{"@type":"Article","@id":"https:\/\/evertonfc.cz\/index.php\/2016\/04\/07\/preview-watford-everton-3\/#article","isPartOf":{"@id":"https:\/\/evertonfc.cz\/index.php\/2016\/04\/07\/preview-watford-everton-3\/"},"author":{"name":"Ri\u010di","@id":"https:\/\/evertonfc.cz\/#\/schema\/person\/f7a5daedb2ffee98480bc70e191aaef1"},"headline":"Preview: Watford &#8211; Everton","datePublished":"2016-04-06T22:17:57+00:00","dateModified":"2019-02-11T23:18:31+00:00","mainEntityOfPage":{"@id":"https:\/\/evertonfc.cz\/index.php\/2016\/04\/07\/preview-watford-everton-3\/"},"wordCount":600,"commentCount":0,"publisher":{"@id":"https:\/\/evertonfc.cz\/#organization"},"image":{"@id":"https:\/\/evertonfc.cz\/index.php\/2016\/04\/07\/preview-watford-everton-3\/#primaryimage"},"thumbnailUrl":"https:\/\/evertonfc.cz\/wp-content\/uploads\/2019\/01\/preview.jpg","articleSection":["Z\u00e1pasy"],"inLanguage":"cs","potentialAction":[{"@type":"CommentAction","name":"Comment","target":["https:\/\/evertonfc.cz\/index.php\/2016\/04\/07\/preview-watford-everton-3\/#respond"]}]},{"@type":"WebPage","@id":"https:\/\/evertonfc.cz\/index.php\/2016\/04\/07\/preview-watford-everton-3\/","url":"https:\/\/evertonfc.cz\/index.php\/2016\/04\/07\/preview-watford-everton-3\/","name":"Preview: Watford - Everton - Official Czech &amp; Slovak Everton Supporters&#039; Club","isPartOf":{"@id":"https:\/\/evertonfc.cz\/#website"},"primaryImageOfPage":{"@id":"https:\/\/evertonfc.cz\/index.php\/2016\/04\/07\/preview-watford-everton-3\/#primaryimage"},"image":{"@id":"https:\/\/evertonfc.cz\/index.php\/2016\/04\/07\/preview-watford-everton-3\/#primaryimage"},"thumbnailUrl":"https:\/\/evertonfc.cz\/wp-content\/uploads\/2019\/01\/preview.jpg","datePublished":"2016-04-06T22:17:57+00:00","dateModified":"2019-02-11T23:18:31+00:00","breadcrumb":{"@id":"https:\/\/evertonfc.cz\/index.php\/2016\/04\/07\/preview-watford-everton-3\/#breadcrumb"},"inLanguage":"cs","potentialAction":[{"@type":"ReadAction","target":["https:\/\/evertonfc.cz\/index.php\/2016\/04\/07\/preview-watford-everton-3\/"]}]},{"@type":"ImageObject","inLanguage":"cs","@id":"https:\/\/evertonfc.cz\/index.php\/2016\/04\/07\/preview-watford-everton-3\/#primaryimage","url":"https:\/\/evertonfc.cz\/wp-content\/uploads\/2019\/01\/preview.jpg","contentUrl":"https:\/\/evertonfc.cz\/wp-content\/uploads\/2019\/01\/preview.jpg","width":720,"height":405},{"@type":"BreadcrumbList","@id":"https:\/\/evertonfc.cz\/index.php\/2016\/04\/07\/preview-watford-everton-3\/#breadcrumb","itemListElement":[{"@type":"ListItem","position":1,"name":"Home","item":"https:\/\/evertonfc.cz\/"},{"@type":"ListItem","position":2,"name":"Preview: Watford &#8211; Everton"}]},{"@type":"WebSite","@id":"https:\/\/evertonfc.cz\/#website","url":"https:\/\/evertonfc.cz\/","name":"Official Czech &amp; Slovak Everton Supporters&#039; Club","description":"","publisher":{"@id":"https:\/\/evertonfc.cz\/#organization"},"potentialAction":[{"@type":"SearchAction","target":{"@type":"EntryPoint","urlTemplate":"https:\/\/evertonfc.cz\/?s={search_term_string}"},"query-input":{"@type":"PropertyValueSpecification","valueRequired":true,"valueName":"search_term_string"}}],"inLanguage":"cs"},{"@type":"Organization","@id":"https:\/\/evertonfc.cz\/#organization","name":"Official Czech & Slovak Everton Supporters' Club","url":"https:\/\/evertonfc.cz\/","logo":{"@type":"ImageObject","inLanguage":"cs","@id":"https:\/\/evertonfc.cz\/#\/schema\/logo\/image\/","url":"https:\/\/evertonfc.cz\/wp-content\/uploads\/2019\/05\/logo.png","contentUrl":"https:\/\/evertonfc.cz\/wp-content\/uploads\/2019\/05\/logo.png","width":112,"height":112,"caption":"Official Czech & Slovak Everton Supporters' Club"},"image":{"@id":"https:\/\/evertonfc.cz\/#\/schema\/logo\/image\/"},"sameAs":["https:\/\/www.facebook.com\/everton.fans.cz.sk"]},{"@type":"Person","@id":"https:\/\/evertonfc.cz\/#\/schema\/person\/f7a5daedb2ffee98480bc70e191aaef1","name":"Ri\u010di","sameAs":["https:\/\/x.com\/rbrejsa"],"url":"https:\/\/evertonfc.cz\/index.php\/author\/rici\/"}]}},"_links":{"self":[{"href":"https:\/\/evertonfc.cz\/index.php\/wp-json\/wp\/v2\/posts\/3765"}],"collection":[{"href":"https:\/\/evertonfc.cz\/index.php\/wp-json\/wp\/v2\/posts"}],"about":[{"href":"https:\/\/evertonfc.cz\/index.php\/wp-json\/wp\/v2\/types\/post"}],"author":[{"embeddable":true,"href":"https:\/\/evertonfc.cz\/index.php\/wp-json\/wp\/v2\/users\/6"}],"replies":[{"embeddable":true,"href":"https:\/\/evertonfc.cz\/index.php\/wp-json\/wp\/v2\/comments?post=3765"}],"version-history":[{"count":1,"href":"https:\/\/evertonfc.cz\/index.php\/wp-json\/wp\/v2\/posts\/3765\/revisions"}],"predecessor-version":[{"id":3766,"href":"https:\/\/evertonfc.cz\/index.php\/wp-json\/wp\/v2\/posts\/3765\/revisions\/3766"}],"wp:featuredmedia":[{"embeddable":true,"href":"https:\/\/evertonfc.cz\/index.php\/wp-json\/wp\/v2\/media\/1314"}],"wp:attachment":[{"href":"https:\/\/evertonfc.cz\/index.php\/wp-json\/wp\/v2\/media?parent=3765"}],"wp:term":[{"taxonomy":"category","embeddable":true,"href":"https:\/\/evertonfc.cz\/index.php\/wp-json\/wp\/v2\/categories?post=3765"},{"taxonomy":"post_tag","embeddable":true,"href":"https:\/\/evertonfc.cz\/index.php\/wp-json\/wp\/v2\/tags?post=3765"}],"curies":[{"name":"wp","href":"https:\/\/api.w.org\/{rel}","templated":true}]}}