{"id":3767,"date":"2016-04-03T00:18:44","date_gmt":"2016-04-02T22:18:44","guid":{"rendered":"http:\/\/evertonfc.cz\/?p=3767"},"modified":"2019-02-12T10:25:27","modified_gmt":"2019-02-12T09:25:27","slug":"manchester-united-everton-10","status":"publish","type":"post","link":"https:\/\/evertonfc.cz\/index.php\/2016\/04\/03\/manchester-united-everton-10\/","title":{"rendered":"Manchester United &#8211; Everton 1:0"},"content":{"rendered":"<h4 id=\"NewsPostDetailSummary\"><em>\u201eHal\u00f3, to je pan Wenger? Tady Louis van Gaal. Taky jsem v lize doma porazil Everton.\u201c<\/em> Aneb nabit\u00fd dubnov\u00fd program za\u010dal teprve druhou venkovn\u00ed por\u00e1\u017ekou v celoro\u010dn\u00ed sout\u011b\u017ei.<\/h4>\n<div id=\"NewsPostDetailContent\">\n<p>Do sestavy se vr\u00e1til Stones, p\u0159ed Mirallasem dostal p\u0159ednost v z\u00e1kladn\u00ed sestav\u011b Deulofeu a Lennon p\u0159ekvapiv\u011b dopl\u0148oval na hrotu Lukaka. Cleverley zaskakoval za Barryho na pozici \u0161t\u00edta a Barkley byl posunut na kraj z\u00e1lohy. P\u0159ed utk\u00e1n\u00edm byl odhalen n\u00e1zev nov\u00e9 tribuny na Old Trafford, ji\u017en\u00ed \u010d\u00e1st ar\u00e9ny te\u010f nese n\u00e1zev Sir Bobby Charlton stand.<\/p>\n<p>Nyn\u00ed k z\u00e1pasu. Prvn\u00ed p\u0159\u00edle\u017eitost m\u011bl Lukaku, kter\u00fd nevyu\u017eil \u0161patn\u00e9 rozehr\u00e1vky Blinda, ale Smalling se obej\u00edt nenechal. Dom\u00e1c\u00ed odpov\u011bd\u011bli st\u0159elou pr\u00e1v\u011b Roja po p\u0159ihr\u00e1vce Schneiderlina, ale obrana to zvl\u00e1dla zblokovat. Everton byl na za\u010d\u00e1tku aktivn\u011bj\u0161\u00ed, nebezpe\u010dn\u00fd byl trestn\u00fd kop Bainese \u010di pr\u016fnik Deulofeua, ale bez g\u00f3lov\u00e9ho efektu. Do t\u00e9 doby nejv\u011bt\u0161\u00ed \u0161anci m\u011bl v 17. minut\u011b dom\u00e1c\u00ed \u00fato\u010dn\u00fd z\u00e1lo\u017en\u00edk\/\u00fato\u010dn\u00edk Martial, na\u0161t\u011bst\u00ed m\u00ed\u010d skon\u010dil po Bainesov\u011b te\u010di t\u011bsn\u011b vedle. Host\u00e9 dost vyu\u017e\u00edvali svou pravou stranu, Deulofeu tedy byl \u010dasto u m\u00ed\u010de. Cca v polovin\u011b prvn\u00edho polo\u010dasu vybojoval roh, Lukaku ale hlavou netrefil za\u0159\u00edzen\u00ed. O dv\u011b minuty pozd\u011bji zazdil belgick\u00fd \u00fato\u010dn\u00edk vylo\u017eenou p\u0159\u00edle\u017eitost. Smalling uklouzl, evertonsk\u00e1 des\u00edtka \u0161la sama na De Geu, ten stihl odkopnout.<\/p>\n<p>Ke konci polo\u010dasu rozhod\u010d\u00ed nena\u0159\u00eddil penaltu po skluzu Colemana na Roja, z dal\u0161\u00edho \u00fatoku dom\u00e1c\u00edch stejn\u011b (ale tentokr\u00e1t jasn\u011b \u010dist\u011b) odzbrojil Stones Martiala. Evertonsk\u00fd stoper hr\u00e1l tentokr\u00e1t jeden z lep\u0161\u00edch z\u00e1pas\u016f, stejn\u011b jako Deulofeu. T\u00edm velmi dietn\u00ed prvn\u00ed polo\u010das kon\u010dil, celkov\u00fd po\u010det st\u0159el na br\u00e1nu v prvn\u00ed p\u016fli: 0.<\/p>\n<p>Do druh\u00e9 p\u016fle Fosu-Mensah vyst\u0159\u00eddal Roja, je pravda, \u017ee Argentinec v souboji s Deulofeuem dost \u010dasto prohr\u00e1val a jeho v\u00fdkon opravdu nebyl dobr\u00fd. Ale dob\u0159e za\u010dal druhou p\u016fli Everton. Carrick (o kter\u00e9m se za\u010d\u00edn\u00e1 ps\u00e1t, \u017ee po sez\u00f3n\u011b p\u016fjde k n\u00e1m) p\u0159i\u0161el o m\u00ed\u010d, Baines p\u0159ihr\u00e1l na mal\u00e9 v\u00e1pno Lukakovi, ten se oto\u010dil, zam\u00ed\u0159il do doln\u00edho rohu, vyst\u0159elil &#8211; a Blind skv\u011ble zblokoval. De Gea by nem\u011bl \u0161anci. O chvilku pozd\u011bji nizozemsk\u00fd univerz\u00e1l zfauloval Deulofeua wrestlingov\u00fdm z\u00e1krokem, ve fotbale to je za \u017elutou kartu, ale Marriner ji nechal v kapse. Po rohu se k p\u011bkn\u00e9 st\u0159ele dostal Cleverley, ale Smalling ji zblokoval.<\/p>\n<p>N\u00e1sledn\u011b se stadi\u00f3n kone\u010dn\u011b do\u010dkal branky. Pati\u010dka Rashforda, nov\u00e9 vych\u00e1zej\u00edc\u00ed hv\u011bzdy, na\u0161la Fosu-Mensaha, ten p\u0159es Colemana se Stonesem (a skrze nohy McCarthyho) procedil p\u0159ihr\u00e1vku na Martiala, p\u0159i\u010dem\u017e jeho st\u0159ela pro\u0161la pod Roblesov\u00fdm t\u011blem &#8211; <strong>1:0. <\/strong>G\u00f3l jde \u010d\u00e1ste\u010dn\u011b za Roblesem, ale pro\u010d Coleman neodkopl m\u00ed\u010d, to v\u00ed asi jen on. Jde o 1000. branku United na Old Trafford v Premier league. O chvilku pozd\u011bji bylo srovn\u00e1no, ale pouze m\u00e1lem. Hlavi\u010dka Jagielky po rohu byla p\u011bkn\u00e1, poveden\u00e1 &#8211; a m\u011bla j\u00edt o 5 cm n\u00ed\u017ee, takhle jen trefila p\u0159\u00ed\u010dnou ty\u010d. Hned pot\u00e9 vyst\u0159\u00eddal Herrera kapit\u00e1na Carricka, p\u00e1sku si navl\u00e9kl Smalling.<\/p>\n<p>Na 2:0 t\u00e9m\u011b\u0159 zv\u00fd\u0161il Lingard, ale po Matov\u011b p\u0159ihr\u00e1vce mu centimetry chyb\u011bly. Prvn\u00edm \u017elut\u00fdm h\u0159\u00ed\u0161n\u00edkem se stal Smalling po faulu na Stonese, ale jist\u011b bere, \u017ee to byl \u00fato\u010dn\u00fd faul, nikoliv n\u011bkde kolem vlastn\u00edho v\u00e1pna. N\u00e1sledn\u011b Roblesovi vy\u0161la drz\u00e1 kli\u010dka na Martiala a Mirallas k m\u00edrn\u00e9mu p\u0159ekvapen\u00ed vyst\u0159\u00eddal Deulofeua, kter\u00fd rozhodn\u011b pat\u0159il k lep\u0161\u00edm hr\u00e1\u010d\u016fm host\u016f dnes. Kdy\u017e u\u017e jsem u dobr\u00fdch v\u00fdkon\u016f, tak mus\u00edm pochv\u00e1lit Blinda, opravdu se mu poda\u0159ilo Lukaka slu\u0161n\u011b pokr\u00fdt. M\u011bl ale uleh\u010denou pr\u00e1ci, \u010d\u00e1st utk\u00e1n\u00ed Everton pouze nakop\u00e1val m\u00ed\u010de na hro\u0165\u00e1ka a minim\u00e1ln\u011b dvojici Lennon-Barkley se nevedlo. Po vyst\u0159\u00edd\u00e1n\u00ed Blinda Valenciou se v posledn\u00ed destiminutovce dostal Everton do tlaku, po rohu Jagielka nane\u0161t\u011bst\u00ed z mal\u00e9ho v\u00e1pna trefil p\u0159\u00edmo De Geu. Z dal\u0161\u00edho \u00fatoku poslal Coleman polost\u0159elu-polocentr, ale Fosu-Mensah m\u00ed\u010d zpod b\u0159evna vyt\u00e1hl.<\/p>\n<p>Na chvilku si p\u0159i\u0161el zahr\u00e1t i Niasse, kdy\u017e vyst\u0159\u00eddal Barkleyho. Do konce z\u00e1pasu se ale stala pouze \u017elut\u00e1 karta pro Lingarda, kdy\u017e zat\u00e1hl protihr\u00e1\u010de za dres. Everton tak dne\u0161n\u00ed por\u00e1\u017ekou pokra\u010duje v rozpa\u010dit\u00e9 ligov\u00e9 sez\u00f3n\u011b. A samoz\u0159ejm\u011b tohle m\u016f\u017ee m\u00edt i psychologick\u00fd efekt, pokud se \u010derven\u00fdm poda\u0159\u00ed za 10 dn\u00ed vyhr\u00e1t v Upton Parku a stanou se tak soupe\u0159i karamelek v semifin\u00e1le Anglick\u00e9ho poh\u00e1ru.<\/p>\n<p><strong>Branka<\/strong>: 51. Martial<\/p>\n<p><strong>\u017dlut\u00e9 karty<\/strong>: 61. Smalling, 90+2. Lingard (oba MAN U)<\/p>\n<div id=\"reports_item_221867\">\n<p><strong>Manchester United:<\/strong> de Gea \u2013 Darmian, Smalling, Blind (82. Valencia), Rojo (46. Fosu-Mensah) \u2013 Schneiderlin, Carrick (58. Herrera) \u2013 Lingard, Mata, Martial \u2013 Rashford<\/p>\n<p><strong>Everton FC:<\/strong> Robles \u2013 Coleman, Stones, Jagielka, Baines \u2013 Cleverley, McCarthy &#8211; Deulofeu (63. Mirallas), Barkley (87. Niasse) \u2013 Lennon, Lukaku<\/p>\n<\/div>\n<div><strong>Rozhod\u010d\u00ed<\/strong>: Andre Marriner<\/div>\n<div><strong>Div\u00e1ci: <\/strong>75 341<\/div>\n<\/div>\n","protected":false},"excerpt":{"rendered":"<p>\u201eHal\u00f3, to je pan Wenger? Tady Louis van Gaal. Taky jsem v lize doma porazil Everton.\u201c Aneb nabit\u00fd dubnov\u00fd program&hellip;<\/p>\n","protected":false},"author":12,"featured_media":1315,"comment_status":"open","ping_status":"closed","sticky":false,"template":"","format":"standard","meta":{"_eb_attr":"","_monsterinsights_skip_tracking":false,"_monsterinsights_sitenote_active":false,"_monsterinsights_sitenote_note":"","_monsterinsights_sitenote_category":0,"footnotes":""},"categories":[4],"tags":[],"yoast_head":"<!-- This site is optimized with the Yoast SEO plugin v23.4 - https:\/\/yoast.com\/wordpress\/plugins\/seo\/ -->\n<title>Manchester United - Everton 1:0 - Official Czech &amp; Slovak Everton Supporters&#039; Club<\/title>\n<meta name=\"robots\" content=\"index, follow, max-snippet:-1, max-image-preview:large, max-video-preview:-1\" \/>\n<link rel=\"canonical\" href=\"https:\/\/evertonfc.cz\/index.php\/2016\/04\/03\/manchester-united-everton-10\/\" \/>\n<meta property=\"og:locale\" content=\"cs_CZ\" \/>\n<meta property=\"og:type\" content=\"article\" \/>\n<meta property=\"og:title\" content=\"Manchester United - Everton 1:0 - Official Czech &amp; Slovak Everton Supporters&#039; Club\" \/>\n<meta property=\"og:description\" content=\"\u201eHal\u00f3, to je pan Wenger? Tady Louis van Gaal. Taky jsem v lize doma porazil Everton.\u201c Aneb nabit\u00fd dubnov\u00fd program&hellip;\" \/>\n<meta property=\"og:url\" content=\"https:\/\/evertonfc.cz\/index.php\/2016\/04\/03\/manchester-united-everton-10\/\" \/>\n<meta property=\"og:site_name\" content=\"Official Czech &amp; Slovak Everton Supporters&#039; Club\" \/>\n<meta property=\"article:publisher\" content=\"https:\/\/www.facebook.com\/everton.fans.cz.sk\" \/>\n<meta property=\"article:published_time\" content=\"2016-04-02T22:18:44+00:00\" \/>\n<meta property=\"article:modified_time\" content=\"2019-02-12T09:25:27+00:00\" \/>\n<meta property=\"og:image\" content=\"https:\/\/evertonfc.cz\/wp-content\/uploads\/2019\/01\/report.jpg\" \/>\n\t<meta property=\"og:image:width\" content=\"720\" \/>\n\t<meta property=\"og:image:height\" content=\"405\" \/>\n\t<meta property=\"og:image:type\" content=\"image\/jpeg\" \/>\n<meta name=\"author\" content=\"Javor\" \/>\n<meta name=\"twitter:card\" content=\"summary_large_image\" \/>\n<meta name=\"twitter:creator\" content=\"@LoudinJan\" \/>\n<meta name=\"twitter:label1\" content=\"Napsal(a)\" \/>\n\t<meta name=\"twitter:data1\" content=\"Javor\" \/>\n\t<meta name=\"twitter:label2\" content=\"Odhadovan\u00e1 doba \u010dten\u00ed\" \/>\n\t<meta name=\"twitter:data2\" content=\"4 minuty\" \/>\n<script type=\"application\/ld+json\" class=\"yoast-schema-graph\">{\"@context\":\"https:\/\/schema.org\",\"@graph\":[{\"@type\":\"Article\",\"@id\":\"https:\/\/evertonfc.cz\/index.php\/2016\/04\/03\/manchester-united-everton-10\/#article\",\"isPartOf\":{\"@id\":\"https:\/\/evertonfc.cz\/index.php\/2016\/04\/03\/manchester-united-everton-10\/\"},\"author\":{\"name\":\"Javor\",\"@id\":\"https:\/\/evertonfc.cz\/#\/schema\/person\/b30daf6a5852f4811f8207a17ec1bf78\"},\"headline\":\"Manchester United &#8211; Everton 1:0\",\"datePublished\":\"2016-04-02T22:18:44+00:00\",\"dateModified\":\"2019-02-12T09:25:27+00:00\",\"mainEntityOfPage\":{\"@id\":\"https:\/\/evertonfc.cz\/index.php\/2016\/04\/03\/manchester-united-everton-10\/\"},\"wordCount\":897,\"commentCount\":0,\"publisher\":{\"@id\":\"https:\/\/evertonfc.cz\/#organization\"},\"image\":{\"@id\":\"https:\/\/evertonfc.cz\/index.php\/2016\/04\/03\/manchester-united-everton-10\/#primaryimage\"},\"thumbnailUrl\":\"https:\/\/evertonfc.cz\/wp-content\/uploads\/2019\/01\/report.jpg\",\"articleSection\":[\"Z\u00e1pasy\"],\"inLanguage\":\"cs\",\"potentialAction\":[{\"@type\":\"CommentAction\",\"name\":\"Comment\",\"target\":[\"https:\/\/evertonfc.cz\/index.php\/2016\/04\/03\/manchester-united-everton-10\/#respond\"]}]},{\"@type\":\"WebPage\",\"@id\":\"https:\/\/evertonfc.cz\/index.php\/2016\/04\/03\/manchester-united-everton-10\/\",\"url\":\"https:\/\/evertonfc.cz\/index.php\/2016\/04\/03\/manchester-united-everton-10\/\",\"name\":\"Manchester United - Everton 1:0 - Official Czech &amp; Slovak Everton Supporters&#039; Club\",\"isPartOf\":{\"@id\":\"https:\/\/evertonfc.cz\/#website\"},\"primaryImageOfPage\":{\"@id\":\"https:\/\/evertonfc.cz\/index.php\/2016\/04\/03\/manchester-united-everton-10\/#primaryimage\"},\"image\":{\"@id\":\"https:\/\/evertonfc.cz\/index.php\/2016\/04\/03\/manchester-united-everton-10\/#primaryimage\"},\"thumbnailUrl\":\"https:\/\/evertonfc.cz\/wp-content\/uploads\/2019\/01\/report.jpg\",\"datePublished\":\"2016-04-02T22:18:44+00:00\",\"dateModified\":\"2019-02-12T09:25:27+00:00\",\"breadcrumb\":{\"@id\":\"https:\/\/evertonfc.cz\/index.php\/2016\/04\/03\/manchester-united-everton-10\/#breadcrumb\"},\"inLanguage\":\"cs\",\"potentialAction\":[{\"@type\":\"ReadAction\",\"target\":[\"https:\/\/evertonfc.cz\/index.php\/2016\/04\/03\/manchester-united-everton-10\/\"]}]},{\"@type\":\"ImageObject\",\"inLanguage\":\"cs\",\"@id\":\"https:\/\/evertonfc.cz\/index.php\/2016\/04\/03\/manchester-united-everton-10\/#primaryimage\",\"url\":\"https:\/\/evertonfc.cz\/wp-content\/uploads\/2019\/01\/report.jpg\",\"contentUrl\":\"https:\/\/evertonfc.cz\/wp-content\/uploads\/2019\/01\/report.jpg\",\"width\":720,\"height\":405},{\"@type\":\"BreadcrumbList\",\"@id\":\"https:\/\/evertonfc.cz\/index.php\/2016\/04\/03\/manchester-united-everton-10\/#breadcrumb\",\"itemListElement\":[{\"@type\":\"ListItem\",\"position\":1,\"name\":\"Home\",\"item\":\"https:\/\/evertonfc.cz\/\"},{\"@type\":\"ListItem\",\"position\":2,\"name\":\"Manchester United &#8211; Everton 1:0\"}]},{\"@type\":\"WebSite\",\"@id\":\"https:\/\/evertonfc.cz\/#website\",\"url\":\"https:\/\/evertonfc.cz\/\",\"name\":\"Official Czech &amp; Slovak Everton Supporters&#039; Club\",\"description\":\"\",\"publisher\":{\"@id\":\"https:\/\/evertonfc.cz\/#organization\"},\"potentialAction\":[{\"@type\":\"SearchAction\",\"target\":{\"@type\":\"EntryPoint\",\"urlTemplate\":\"https:\/\/evertonfc.cz\/?s={search_term_string}\"},\"query-input\":{\"@type\":\"PropertyValueSpecification\",\"valueRequired\":true,\"valueName\":\"search_term_string\"}}],\"inLanguage\":\"cs\"},{\"@type\":\"Organization\",\"@id\":\"https:\/\/evertonfc.cz\/#organization\",\"name\":\"Official Czech & Slovak Everton Supporters' Club\",\"url\":\"https:\/\/evertonfc.cz\/\",\"logo\":{\"@type\":\"ImageObject\",\"inLanguage\":\"cs\",\"@id\":\"https:\/\/evertonfc.cz\/#\/schema\/logo\/image\/\",\"url\":\"https:\/\/evertonfc.cz\/wp-content\/uploads\/2019\/05\/logo.png\",\"contentUrl\":\"https:\/\/evertonfc.cz\/wp-content\/uploads\/2019\/05\/logo.png\",\"width\":112,\"height\":112,\"caption\":\"Official Czech & Slovak Everton Supporters' Club\"},\"image\":{\"@id\":\"https:\/\/evertonfc.cz\/#\/schema\/logo\/image\/\"},\"sameAs\":[\"https:\/\/www.facebook.com\/everton.fans.cz.sk\"]},{\"@type\":\"Person\",\"@id\":\"https:\/\/evertonfc.cz\/#\/schema\/person\/b30daf6a5852f4811f8207a17ec1bf78\",\"name\":\"Javor\",\"sameAs\":[\"https:\/\/x.com\/LoudinJan\"],\"url\":\"https:\/\/evertonfc.cz\/index.php\/author\/javor\/\"}]}<\/script>\n<!-- \/ Yoast SEO plugin. -->","yoast_head_json":{"title":"Manchester United - Everton 1:0 - Official Czech &amp; Slovak Everton Supporters&#039; Club","robots":{"index":"index","follow":"follow","max-snippet":"max-snippet:-1","max-image-preview":"max-image-preview:large","max-video-preview":"max-video-preview:-1"},"canonical":"https:\/\/evertonfc.cz\/index.php\/2016\/04\/03\/manchester-united-everton-10\/","og_locale":"cs_CZ","og_type":"article","og_title":"Manchester United - Everton 1:0 - Official Czech &amp; Slovak Everton Supporters&#039; Club","og_description":"\u201eHal\u00f3, to je pan Wenger? Tady Louis van Gaal. Taky jsem v lize doma porazil Everton.\u201c Aneb nabit\u00fd dubnov\u00fd program&hellip;","og_url":"https:\/\/evertonfc.cz\/index.php\/2016\/04\/03\/manchester-united-everton-10\/","og_site_name":"Official Czech &amp; Slovak Everton Supporters&#039; Club","article_publisher":"https:\/\/www.facebook.com\/everton.fans.cz.sk","article_published_time":"2016-04-02T22:18:44+00:00","article_modified_time":"2019-02-12T09:25:27+00:00","og_image":[{"width":720,"height":405,"url":"https:\/\/evertonfc.cz\/wp-content\/uploads\/2019\/01\/report.jpg","type":"image\/jpeg"}],"author":"Javor","twitter_card":"summary_large_image","twitter_creator":"@LoudinJan","twitter_misc":{"Napsal(a)":"Javor","Odhadovan\u00e1 doba \u010dten\u00ed":"4 minuty"},"schema":{"@context":"https:\/\/schema.org","@graph":[{"@type":"Article","@id":"https:\/\/evertonfc.cz\/index.php\/2016\/04\/03\/manchester-united-everton-10\/#article","isPartOf":{"@id":"https:\/\/evertonfc.cz\/index.php\/2016\/04\/03\/manchester-united-everton-10\/"},"author":{"name":"Javor","@id":"https:\/\/evertonfc.cz\/#\/schema\/person\/b30daf6a5852f4811f8207a17ec1bf78"},"headline":"Manchester United &#8211; Everton 1:0","datePublished":"2016-04-02T22:18:44+00:00","dateModified":"2019-02-12T09:25:27+00:00","mainEntityOfPage":{"@id":"https:\/\/evertonfc.cz\/index.php\/2016\/04\/03\/manchester-united-everton-10\/"},"wordCount":897,"commentCount":0,"publisher":{"@id":"https:\/\/evertonfc.cz\/#organization"},"image":{"@id":"https:\/\/evertonfc.cz\/index.php\/2016\/04\/03\/manchester-united-everton-10\/#primaryimage"},"thumbnailUrl":"https:\/\/evertonfc.cz\/wp-content\/uploads\/2019\/01\/report.jpg","articleSection":["Z\u00e1pasy"],"inLanguage":"cs","potentialAction":[{"@type":"CommentAction","name":"Comment","target":["https:\/\/evertonfc.cz\/index.php\/2016\/04\/03\/manchester-united-everton-10\/#respond"]}]},{"@type":"WebPage","@id":"https:\/\/evertonfc.cz\/index.php\/2016\/04\/03\/manchester-united-everton-10\/","url":"https:\/\/evertonfc.cz\/index.php\/2016\/04\/03\/manchester-united-everton-10\/","name":"Manchester United - Everton 1:0 - Official Czech &amp; Slovak Everton Supporters&#039; Club","isPartOf":{"@id":"https:\/\/evertonfc.cz\/#website"},"primaryImageOfPage":{"@id":"https:\/\/evertonfc.cz\/index.php\/2016\/04\/03\/manchester-united-everton-10\/#primaryimage"},"image":{"@id":"https:\/\/evertonfc.cz\/index.php\/2016\/04\/03\/manchester-united-everton-10\/#primaryimage"},"thumbnailUrl":"https:\/\/evertonfc.cz\/wp-content\/uploads\/2019\/01\/report.jpg","datePublished":"2016-04-02T22:18:44+00:00","dateModified":"2019-02-12T09:25:27+00:00","breadcrumb":{"@id":"https:\/\/evertonfc.cz\/index.php\/2016\/04\/03\/manchester-united-everton-10\/#breadcrumb"},"inLanguage":"cs","potentialAction":[{"@type":"ReadAction","target":["https:\/\/evertonfc.cz\/index.php\/2016\/04\/03\/manchester-united-everton-10\/"]}]},{"@type":"ImageObject","inLanguage":"cs","@id":"https:\/\/evertonfc.cz\/index.php\/2016\/04\/03\/manchester-united-everton-10\/#primaryimage","url":"https:\/\/evertonfc.cz\/wp-content\/uploads\/2019\/01\/report.jpg","contentUrl":"https:\/\/evertonfc.cz\/wp-content\/uploads\/2019\/01\/report.jpg","width":720,"height":405},{"@type":"BreadcrumbList","@id":"https:\/\/evertonfc.cz\/index.php\/2016\/04\/03\/manchester-united-everton-10\/#breadcrumb","itemListElement":[{"@type":"ListItem","position":1,"name":"Home","item":"https:\/\/evertonfc.cz\/"},{"@type":"ListItem","position":2,"name":"Manchester United &#8211; Everton 1:0"}]},{"@type":"WebSite","@id":"https:\/\/evertonfc.cz\/#website","url":"https:\/\/evertonfc.cz\/","name":"Official Czech &amp; Slovak Everton Supporters&#039; Club","description":"","publisher":{"@id":"https:\/\/evertonfc.cz\/#organization"},"potentialAction":[{"@type":"SearchAction","target":{"@type":"EntryPoint","urlTemplate":"https:\/\/evertonfc.cz\/?s={search_term_string}"},"query-input":{"@type":"PropertyValueSpecification","valueRequired":true,"valueName":"search_term_string"}}],"inLanguage":"cs"},{"@type":"Organization","@id":"https:\/\/evertonfc.cz\/#organization","name":"Official Czech & Slovak Everton Supporters' Club","url":"https:\/\/evertonfc.cz\/","logo":{"@type":"ImageObject","inLanguage":"cs","@id":"https:\/\/evertonfc.cz\/#\/schema\/logo\/image\/","url":"https:\/\/evertonfc.cz\/wp-content\/uploads\/2019\/05\/logo.png","contentUrl":"https:\/\/evertonfc.cz\/wp-content\/uploads\/2019\/05\/logo.png","width":112,"height":112,"caption":"Official Czech & Slovak Everton Supporters' Club"},"image":{"@id":"https:\/\/evertonfc.cz\/#\/schema\/logo\/image\/"},"sameAs":["https:\/\/www.facebook.com\/everton.fans.cz.sk"]},{"@type":"Person","@id":"https:\/\/evertonfc.cz\/#\/schema\/person\/b30daf6a5852f4811f8207a17ec1bf78","name":"Javor","sameAs":["https:\/\/x.com\/LoudinJan"],"url":"https:\/\/evertonfc.cz\/index.php\/author\/javor\/"}]}},"_links":{"self":[{"href":"https:\/\/evertonfc.cz\/index.php\/wp-json\/wp\/v2\/posts\/3767"}],"collection":[{"href":"https:\/\/evertonfc.cz\/index.php\/wp-json\/wp\/v2\/posts"}],"about":[{"href":"https:\/\/evertonfc.cz\/index.php\/wp-json\/wp\/v2\/types\/post"}],"author":[{"embeddable":true,"href":"https:\/\/evertonfc.cz\/index.php\/wp-json\/wp\/v2\/users\/12"}],"replies":[{"embeddable":true,"href":"https:\/\/evertonfc.cz\/index.php\/wp-json\/wp\/v2\/comments?post=3767"}],"version-history":[{"count":3,"href":"https:\/\/evertonfc.cz\/index.php\/wp-json\/wp\/v2\/posts\/3767\/revisions"}],"predecessor-version":[{"id":3805,"href":"https:\/\/evertonfc.cz\/index.php\/wp-json\/wp\/v2\/posts\/3767\/revisions\/3805"}],"wp:featuredmedia":[{"embeddable":true,"href":"https:\/\/evertonfc.cz\/index.php\/wp-json\/wp\/v2\/media\/1315"}],"wp:attachment":[{"href":"https:\/\/evertonfc.cz\/index.php\/wp-json\/wp\/v2\/media?parent=3767"}],"wp:term":[{"taxonomy":"category","embeddable":true,"href":"https:\/\/evertonfc.cz\/index.php\/wp-json\/wp\/v2\/categories?post=3767"},{"taxonomy":"post_tag","embeddable":true,"href":"https:\/\/evertonfc.cz\/index.php\/wp-json\/wp\/v2\/tags?post=3767"}],"curies":[{"name":"wp","href":"https:\/\/api.w.org\/{rel}","templated":true}]}}