{"id":3769,"date":"2016-04-01T00:19:55","date_gmt":"2016-03-31T22:19:55","guid":{"rendered":"http:\/\/evertonfc.cz\/?p=3769"},"modified":"2021-02-06T14:57:23","modified_gmt":"2021-02-06T13:57:23","slug":"preview-manchester-united-everton-4","status":"publish","type":"post","link":"https:\/\/evertonfc.cz\/index.php\/2016\/04\/01\/preview-manchester-united-everton-4\/","title":{"rendered":"Preview: Manchester United &#8211; Everton"},"content":{"rendered":"<h4 id=\"NewsPostDetailSummary\">Po reprezenta\u010dn\u00ed p\u0159est\u00e1vce se op\u011bt rozjede koloto\u010d Premier League a Toffees zaj\u00ed\u017ed\u011bj\u00ed na Old Trafford, kde hodlaj\u00ed odstartovat fenomen\u00e1ln\u00ed z\u00e1v\u011bre\u010dnou p\u011btinu sez\u00f3ny.<\/h4>\n<div id=\"NewsPostDetailContent\">\n<p>Kdy\u017e uva\u017euji, v jak\u00e9m sv\u011btle se Everton p\u0159edstav\u00ed v Manchesteru, po pravd\u011b si nev\u00edm rady. Jeden u\u017e ani nev\u011b\u0159\u00ed prohl\u00e1\u0161en\u00ed hr\u00e1\u010d\u016f a mana\u017eera o touze vylep\u0161it ligovou bilanci, jakmile n\u00e1sledn\u011b na h\u0159i\u0161ti vid\u00edme odevzdan\u00e9 du\u0161e. P\u0159itom, i pokud pominu tabulkov\u00e9 vylep\u0161en\u00ed, st\u00e1le je o co hr\u00e1t. P\u0159edev\u0161\u00edm je t\u0159eba se p\u0159ipravit na semifin\u00e1le FA Cupu, d\u00e1le mnoho reprezentant\u016f z\u00e1pas\u00ed o nominaci na Mistrovstv\u00ed Evropy a p\u0159inejmen\u0161\u00edm t\u00fdm by mohl pomoct Romelu Lukakovi k nejlep\u0161\u00edmu st\u0159elci Premiership. Belgi\u010dan by si ocen\u011bn\u00ed ur\u010dit\u011b zaslou\u017eil, v leto\u0161n\u00edm ro\u010dn\u00edku prod\u011blal neuv\u011b\u0159iteln\u00fd progres. Naposledy v \u00fater\u00fd sk\u00f3roval v\u00a0n\u00e1rodn\u00edm v\u00fdb\u011bru po centru bratra Jordana.<\/p>\n<p>Lehk\u00e9 nen\u00ed ani odhadnout z\u00e1pasovou taktiku. Mart\u00ednez si vybere z klasick\u00e9ho rozestaven\u00ed 4-5-1, nebo zvol\u00ed jeho obl\u00edben\u00e9 se t\u0159emi stopery. Z\u00e1kladn\u00ed sestavu maj\u00ed jistou, trouf\u00e1m si tvrdit, Robles, Coleman, Jagielka, McCarthy, Barkley a Lukaku. Po ostatn\u00edch p\u011bti m\u00edstech bude boj. Snad nejv\u011bt\u0161\u00ed otazn\u00edk spo\u010d\u00edv\u00e1 ve startu Johna Stonese. V \u00fater\u00fd mlad\u00fd stoper op\u011bt \u010delil kritice za nep\u0159esv\u011bd\u010div\u00fd v\u00fdkon v dresu, tentokr\u00e1t po utk\u00e1n\u00ed Albionu proti Nizozemsku. Ka\u017edop\u00e1dn\u011b Funes Mori vyho\u0159el v b\u0159eznov\u00fdch duelech proti West Hamu a Arsenalu. Podat podobn\u00e9 v\u00fdkony Stones, mnoz\u00ed Evertonians by si utloukli prsty na kl\u00e1vesnic\u00edch p\u0159i hanob\u00edc\u00edch koment\u00e1\u0159\u00edch na f\u00f3rech.<\/p>\n<p>Krom\u011b dlouhodob\u00fdch marod\u016f Hibberta, odchovanec EFC mimochodem p\u0159ed 15 lety debutoval, a Browninga chyb\u00ed st\u00e1le vykartovan\u00fd Gareth Barry a tak\u00e9 kv\u016fli men\u0161\u00edmu \u0161r\u00e1mu Steven Pienaar (s n\u00edm se ale u\u017e na Goodisonu pravd\u011bpodobn\u011b nepo\u010d\u00edt\u00e1 a \u010dek\u00e1 ho letn\u00ed odchod). Naopak Kevin Mirallas se vrac\u00ed po odpyk\u00e1n\u00ed dvouz\u00e1pasov\u00e9ho trestu.<\/p>\n<p>Devils rovn\u011b\u017e nepro\u017e\u00edvaj\u00ed poveden\u00fd rok. V Lize mistr\u016f nepostoupili do vy\u0159azovac\u00ed f\u00e1ze, v navazuj\u00edc\u00ed Evropsk\u00e9 lize je vyprovodil nen\u00e1vid\u011bn\u00fd Liverpool a v Premier League budou je\u0161t\u011b t\u011b\u017ece bojovat o TOP4. St\u00e1le aspo\u0148 z\u016fst\u00e1vaj\u00ed v FA Cupu, v odvet\u011b \u010dtvrtfin\u00e1le cestuj\u00ed do Lond\u00fdna, aby se s West Hamem utkali o semifin\u00e1lovou m\u00edstenku do Wembley pr\u00e1v\u011b proti Evertonu.<\/p>\n<p>Louis van Gaal \u010del\u00ed velk\u00e9mu tlaku na svou osobu, notn\u011b se sklo\u0148uje jeho odchod, proto mus\u00ed bez debat v\u00edt\u011bzit. Probl\u00e9m mu\u017estva tkv\u00ed v pomal\u00e9m a nekreativn\u00edm p\u0159echodu do \u00fatoku a logicky tud\u00ed\u017e ve st\u0159\u00edlen\u00ed branek. V kombinaci s Mart\u00ednezovu nudnou hrou v ned\u011bli klidn\u011b m\u016f\u017eeme o\u010dek\u00e1vat tot\u00e1ln\u011b usp\u00e1vaj\u00edc\u00edch 90 minut.<\/p>\n<p>Na dom\u00e1c\u00ed stran\u011b vinou zran\u011bn\u00ed zcela ur\u010dit\u011b absentuj\u00ed Luke Shaw, Bastian Schweinsteiger a Wayne Rooney. Pochybnosti vis\u00ed nad startem zcela nevyl\u00e9\u010den\u00fdch Jonese, Younga a Herrery. O pozornost si \u0159\u00edk\u00e1 mlad\u00fd \u00fato\u010dn\u00edk Marcus Rashford, do seniorsk\u00e9ho fotbalu vl\u00e9tl jako urag\u00e1n, p\u011bt branek v osmi st\u0159etnut\u00edch budi\u017e jasn\u00fdm varov\u00e1n\u00edm.<\/p>\n<p>Utk\u00e1n\u00ed vys\u00edlaj\u00ed p\u0159\u00edm\u00fdm p\u0159enosem stanice O2 sport a Digi sport 1.<\/p>\n<p><strong>Co:<\/strong> Manchester United &#8211; Everton FC, 32. kolo Premier League<br \/>\n<strong>Kdy:<\/strong> 3. 4. 2016 od 17:00 SE\u010c<br \/>\n<strong>Kde:<\/strong> Old Trafford, Manchester (kapacita: 75 635)<br \/>\n<strong>Rozhod\u010d\u00ed:<\/strong> Andre Marriner<\/p>\n<\/div>\n","protected":false},"excerpt":{"rendered":"<p>Po reprezenta\u010dn\u00ed p\u0159est\u00e1vce se op\u011bt rozjede koloto\u010d Premier League a Toffees zaj\u00ed\u017ed\u011bj\u00ed na Old Trafford, kde hodlaj\u00ed odstartovat fenomen\u00e1ln\u00ed z\u00e1v\u011bre\u010dnou&hellip;<\/p>\n","protected":false},"author":6,"featured_media":13968,"comment_status":"open","ping_status":"closed","sticky":false,"template":"","format":"standard","meta":{"_eb_attr":"","_monsterinsights_skip_tracking":false,"_monsterinsights_sitenote_active":false,"_monsterinsights_sitenote_note":"","_monsterinsights_sitenote_category":0,"footnotes":""},"categories":[4],"tags":[],"yoast_head":"<!-- This site is optimized with the Yoast SEO plugin v23.4 - https:\/\/yoast.com\/wordpress\/plugins\/seo\/ -->\n<title>Preview: Manchester United - Everton - Official Czech &amp; Slovak Everton Supporters&#039; Club<\/title>\n<meta name=\"robots\" content=\"index, follow, max-snippet:-1, max-image-preview:large, max-video-preview:-1\" \/>\n<link rel=\"canonical\" href=\"https:\/\/evertonfc.cz\/index.php\/2016\/04\/01\/preview-manchester-united-everton-4\/\" \/>\n<meta property=\"og:locale\" content=\"cs_CZ\" \/>\n<meta property=\"og:type\" content=\"article\" \/>\n<meta property=\"og:title\" content=\"Preview: Manchester United - Everton - Official Czech &amp; Slovak Everton Supporters&#039; Club\" \/>\n<meta property=\"og:description\" content=\"Po reprezenta\u010dn\u00ed p\u0159est\u00e1vce se op\u011bt rozjede koloto\u010d Premier League a Toffees zaj\u00ed\u017ed\u011bj\u00ed na Old Trafford, kde hodlaj\u00ed odstartovat fenomen\u00e1ln\u00ed z\u00e1v\u011bre\u010dnou&hellip;\" \/>\n<meta property=\"og:url\" content=\"https:\/\/evertonfc.cz\/index.php\/2016\/04\/01\/preview-manchester-united-everton-4\/\" \/>\n<meta property=\"og:site_name\" content=\"Official Czech &amp; Slovak Everton Supporters&#039; Club\" \/>\n<meta property=\"article:publisher\" content=\"https:\/\/www.facebook.com\/everton.fans.cz.sk\" \/>\n<meta property=\"article:published_time\" content=\"2016-03-31T22:19:55+00:00\" \/>\n<meta property=\"article:modified_time\" content=\"2021-02-06T13:57:23+00:00\" \/>\n<meta property=\"og:image\" content=\"https:\/\/evertonfc.cz\/wp-content\/uploads\/2021\/02\/Manchester-United-VS-Everton.jpg\" \/>\n\t<meta property=\"og:image:width\" content=\"720\" \/>\n\t<meta property=\"og:image:height\" content=\"405\" \/>\n\t<meta property=\"og:image:type\" content=\"image\/jpeg\" \/>\n<meta name=\"author\" content=\"Ri\u010di\" \/>\n<meta name=\"twitter:card\" content=\"summary_large_image\" \/>\n<meta name=\"twitter:creator\" content=\"@rbrejsa\" \/>\n<meta name=\"twitter:label1\" content=\"Napsal(a)\" \/>\n\t<meta name=\"twitter:data1\" content=\"Ri\u010di\" \/>\n\t<meta name=\"twitter:label2\" content=\"Odhadovan\u00e1 doba \u010dten\u00ed\" \/>\n\t<meta name=\"twitter:data2\" content=\"3 minuty\" \/>\n<script type=\"application\/ld+json\" class=\"yoast-schema-graph\">{\"@context\":\"https:\/\/schema.org\",\"@graph\":[{\"@type\":\"Article\",\"@id\":\"https:\/\/evertonfc.cz\/index.php\/2016\/04\/01\/preview-manchester-united-everton-4\/#article\",\"isPartOf\":{\"@id\":\"https:\/\/evertonfc.cz\/index.php\/2016\/04\/01\/preview-manchester-united-everton-4\/\"},\"author\":{\"name\":\"Ri\u010di\",\"@id\":\"https:\/\/evertonfc.cz\/#\/schema\/person\/f7a5daedb2ffee98480bc70e191aaef1\"},\"headline\":\"Preview: Manchester United &#8211; Everton\",\"datePublished\":\"2016-03-31T22:19:55+00:00\",\"dateModified\":\"2021-02-06T13:57:23+00:00\",\"mainEntityOfPage\":{\"@id\":\"https:\/\/evertonfc.cz\/index.php\/2016\/04\/01\/preview-manchester-united-everton-4\/\"},\"wordCount\":608,\"commentCount\":0,\"publisher\":{\"@id\":\"https:\/\/evertonfc.cz\/#organization\"},\"image\":{\"@id\":\"https:\/\/evertonfc.cz\/index.php\/2016\/04\/01\/preview-manchester-united-everton-4\/#primaryimage\"},\"thumbnailUrl\":\"https:\/\/evertonfc.cz\/wp-content\/uploads\/2021\/02\/Manchester-United-VS-Everton.jpg\",\"articleSection\":[\"Z\u00e1pasy\"],\"inLanguage\":\"cs\",\"potentialAction\":[{\"@type\":\"CommentAction\",\"name\":\"Comment\",\"target\":[\"https:\/\/evertonfc.cz\/index.php\/2016\/04\/01\/preview-manchester-united-everton-4\/#respond\"]}]},{\"@type\":\"WebPage\",\"@id\":\"https:\/\/evertonfc.cz\/index.php\/2016\/04\/01\/preview-manchester-united-everton-4\/\",\"url\":\"https:\/\/evertonfc.cz\/index.php\/2016\/04\/01\/preview-manchester-united-everton-4\/\",\"name\":\"Preview: Manchester United - Everton - Official Czech &amp; Slovak Everton Supporters&#039; Club\",\"isPartOf\":{\"@id\":\"https:\/\/evertonfc.cz\/#website\"},\"primaryImageOfPage\":{\"@id\":\"https:\/\/evertonfc.cz\/index.php\/2016\/04\/01\/preview-manchester-united-everton-4\/#primaryimage\"},\"image\":{\"@id\":\"https:\/\/evertonfc.cz\/index.php\/2016\/04\/01\/preview-manchester-united-everton-4\/#primaryimage\"},\"thumbnailUrl\":\"https:\/\/evertonfc.cz\/wp-content\/uploads\/2021\/02\/Manchester-United-VS-Everton.jpg\",\"datePublished\":\"2016-03-31T22:19:55+00:00\",\"dateModified\":\"2021-02-06T13:57:23+00:00\",\"breadcrumb\":{\"@id\":\"https:\/\/evertonfc.cz\/index.php\/2016\/04\/01\/preview-manchester-united-everton-4\/#breadcrumb\"},\"inLanguage\":\"cs\",\"potentialAction\":[{\"@type\":\"ReadAction\",\"target\":[\"https:\/\/evertonfc.cz\/index.php\/2016\/04\/01\/preview-manchester-united-everton-4\/\"]}]},{\"@type\":\"ImageObject\",\"inLanguage\":\"cs\",\"@id\":\"https:\/\/evertonfc.cz\/index.php\/2016\/04\/01\/preview-manchester-united-everton-4\/#primaryimage\",\"url\":\"https:\/\/evertonfc.cz\/wp-content\/uploads\/2021\/02\/Manchester-United-VS-Everton.jpg\",\"contentUrl\":\"https:\/\/evertonfc.cz\/wp-content\/uploads\/2021\/02\/Manchester-United-VS-Everton.jpg\",\"width\":720,\"height\":405},{\"@type\":\"BreadcrumbList\",\"@id\":\"https:\/\/evertonfc.cz\/index.php\/2016\/04\/01\/preview-manchester-united-everton-4\/#breadcrumb\",\"itemListElement\":[{\"@type\":\"ListItem\",\"position\":1,\"name\":\"Home\",\"item\":\"https:\/\/evertonfc.cz\/\"},{\"@type\":\"ListItem\",\"position\":2,\"name\":\"Preview: Manchester United &#8211; Everton\"}]},{\"@type\":\"WebSite\",\"@id\":\"https:\/\/evertonfc.cz\/#website\",\"url\":\"https:\/\/evertonfc.cz\/\",\"name\":\"Official Czech &amp; Slovak Everton Supporters&#039; Club\",\"description\":\"\",\"publisher\":{\"@id\":\"https:\/\/evertonfc.cz\/#organization\"},\"potentialAction\":[{\"@type\":\"SearchAction\",\"target\":{\"@type\":\"EntryPoint\",\"urlTemplate\":\"https:\/\/evertonfc.cz\/?s={search_term_string}\"},\"query-input\":{\"@type\":\"PropertyValueSpecification\",\"valueRequired\":true,\"valueName\":\"search_term_string\"}}],\"inLanguage\":\"cs\"},{\"@type\":\"Organization\",\"@id\":\"https:\/\/evertonfc.cz\/#organization\",\"name\":\"Official Czech & Slovak Everton Supporters' Club\",\"url\":\"https:\/\/evertonfc.cz\/\",\"logo\":{\"@type\":\"ImageObject\",\"inLanguage\":\"cs\",\"@id\":\"https:\/\/evertonfc.cz\/#\/schema\/logo\/image\/\",\"url\":\"https:\/\/evertonfc.cz\/wp-content\/uploads\/2019\/05\/logo.png\",\"contentUrl\":\"https:\/\/evertonfc.cz\/wp-content\/uploads\/2019\/05\/logo.png\",\"width\":112,\"height\":112,\"caption\":\"Official Czech & Slovak Everton Supporters' Club\"},\"image\":{\"@id\":\"https:\/\/evertonfc.cz\/#\/schema\/logo\/image\/\"},\"sameAs\":[\"https:\/\/www.facebook.com\/everton.fans.cz.sk\"]},{\"@type\":\"Person\",\"@id\":\"https:\/\/evertonfc.cz\/#\/schema\/person\/f7a5daedb2ffee98480bc70e191aaef1\",\"name\":\"Ri\u010di\",\"sameAs\":[\"https:\/\/x.com\/rbrejsa\"],\"url\":\"https:\/\/evertonfc.cz\/index.php\/author\/rici\/\"}]}<\/script>\n<!-- \/ Yoast SEO plugin. -->","yoast_head_json":{"title":"Preview: Manchester United - Everton - Official Czech &amp; Slovak Everton Supporters&#039; Club","robots":{"index":"index","follow":"follow","max-snippet":"max-snippet:-1","max-image-preview":"max-image-preview:large","max-video-preview":"max-video-preview:-1"},"canonical":"https:\/\/evertonfc.cz\/index.php\/2016\/04\/01\/preview-manchester-united-everton-4\/","og_locale":"cs_CZ","og_type":"article","og_title":"Preview: Manchester United - Everton - Official Czech &amp; Slovak Everton Supporters&#039; Club","og_description":"Po reprezenta\u010dn\u00ed p\u0159est\u00e1vce se op\u011bt rozjede koloto\u010d Premier League a Toffees zaj\u00ed\u017ed\u011bj\u00ed na Old Trafford, kde hodlaj\u00ed odstartovat fenomen\u00e1ln\u00ed z\u00e1v\u011bre\u010dnou&hellip;","og_url":"https:\/\/evertonfc.cz\/index.php\/2016\/04\/01\/preview-manchester-united-everton-4\/","og_site_name":"Official Czech &amp; Slovak Everton Supporters&#039; Club","article_publisher":"https:\/\/www.facebook.com\/everton.fans.cz.sk","article_published_time":"2016-03-31T22:19:55+00:00","article_modified_time":"2021-02-06T13:57:23+00:00","og_image":[{"width":720,"height":405,"url":"https:\/\/evertonfc.cz\/wp-content\/uploads\/2021\/02\/Manchester-United-VS-Everton.jpg","type":"image\/jpeg"}],"author":"Ri\u010di","twitter_card":"summary_large_image","twitter_creator":"@rbrejsa","twitter_misc":{"Napsal(a)":"Ri\u010di","Odhadovan\u00e1 doba \u010dten\u00ed":"3 minuty"},"schema":{"@context":"https:\/\/schema.org","@graph":[{"@type":"Article","@id":"https:\/\/evertonfc.cz\/index.php\/2016\/04\/01\/preview-manchester-united-everton-4\/#article","isPartOf":{"@id":"https:\/\/evertonfc.cz\/index.php\/2016\/04\/01\/preview-manchester-united-everton-4\/"},"author":{"name":"Ri\u010di","@id":"https:\/\/evertonfc.cz\/#\/schema\/person\/f7a5daedb2ffee98480bc70e191aaef1"},"headline":"Preview: Manchester United &#8211; Everton","datePublished":"2016-03-31T22:19:55+00:00","dateModified":"2021-02-06T13:57:23+00:00","mainEntityOfPage":{"@id":"https:\/\/evertonfc.cz\/index.php\/2016\/04\/01\/preview-manchester-united-everton-4\/"},"wordCount":608,"commentCount":0,"publisher":{"@id":"https:\/\/evertonfc.cz\/#organization"},"image":{"@id":"https:\/\/evertonfc.cz\/index.php\/2016\/04\/01\/preview-manchester-united-everton-4\/#primaryimage"},"thumbnailUrl":"https:\/\/evertonfc.cz\/wp-content\/uploads\/2021\/02\/Manchester-United-VS-Everton.jpg","articleSection":["Z\u00e1pasy"],"inLanguage":"cs","potentialAction":[{"@type":"CommentAction","name":"Comment","target":["https:\/\/evertonfc.cz\/index.php\/2016\/04\/01\/preview-manchester-united-everton-4\/#respond"]}]},{"@type":"WebPage","@id":"https:\/\/evertonfc.cz\/index.php\/2016\/04\/01\/preview-manchester-united-everton-4\/","url":"https:\/\/evertonfc.cz\/index.php\/2016\/04\/01\/preview-manchester-united-everton-4\/","name":"Preview: Manchester United - Everton - Official Czech &amp; Slovak Everton Supporters&#039; Club","isPartOf":{"@id":"https:\/\/evertonfc.cz\/#website"},"primaryImageOfPage":{"@id":"https:\/\/evertonfc.cz\/index.php\/2016\/04\/01\/preview-manchester-united-everton-4\/#primaryimage"},"image":{"@id":"https:\/\/evertonfc.cz\/index.php\/2016\/04\/01\/preview-manchester-united-everton-4\/#primaryimage"},"thumbnailUrl":"https:\/\/evertonfc.cz\/wp-content\/uploads\/2021\/02\/Manchester-United-VS-Everton.jpg","datePublished":"2016-03-31T22:19:55+00:00","dateModified":"2021-02-06T13:57:23+00:00","breadcrumb":{"@id":"https:\/\/evertonfc.cz\/index.php\/2016\/04\/01\/preview-manchester-united-everton-4\/#breadcrumb"},"inLanguage":"cs","potentialAction":[{"@type":"ReadAction","target":["https:\/\/evertonfc.cz\/index.php\/2016\/04\/01\/preview-manchester-united-everton-4\/"]}]},{"@type":"ImageObject","inLanguage":"cs","@id":"https:\/\/evertonfc.cz\/index.php\/2016\/04\/01\/preview-manchester-united-everton-4\/#primaryimage","url":"https:\/\/evertonfc.cz\/wp-content\/uploads\/2021\/02\/Manchester-United-VS-Everton.jpg","contentUrl":"https:\/\/evertonfc.cz\/wp-content\/uploads\/2021\/02\/Manchester-United-VS-Everton.jpg","width":720,"height":405},{"@type":"BreadcrumbList","@id":"https:\/\/evertonfc.cz\/index.php\/2016\/04\/01\/preview-manchester-united-everton-4\/#breadcrumb","itemListElement":[{"@type":"ListItem","position":1,"name":"Home","item":"https:\/\/evertonfc.cz\/"},{"@type":"ListItem","position":2,"name":"Preview: Manchester United &#8211; Everton"}]},{"@type":"WebSite","@id":"https:\/\/evertonfc.cz\/#website","url":"https:\/\/evertonfc.cz\/","name":"Official Czech &amp; Slovak Everton Supporters&#039; Club","description":"","publisher":{"@id":"https:\/\/evertonfc.cz\/#organization"},"potentialAction":[{"@type":"SearchAction","target":{"@type":"EntryPoint","urlTemplate":"https:\/\/evertonfc.cz\/?s={search_term_string}"},"query-input":{"@type":"PropertyValueSpecification","valueRequired":true,"valueName":"search_term_string"}}],"inLanguage":"cs"},{"@type":"Organization","@id":"https:\/\/evertonfc.cz\/#organization","name":"Official Czech & Slovak Everton Supporters' Club","url":"https:\/\/evertonfc.cz\/","logo":{"@type":"ImageObject","inLanguage":"cs","@id":"https:\/\/evertonfc.cz\/#\/schema\/logo\/image\/","url":"https:\/\/evertonfc.cz\/wp-content\/uploads\/2019\/05\/logo.png","contentUrl":"https:\/\/evertonfc.cz\/wp-content\/uploads\/2019\/05\/logo.png","width":112,"height":112,"caption":"Official Czech & Slovak Everton Supporters' Club"},"image":{"@id":"https:\/\/evertonfc.cz\/#\/schema\/logo\/image\/"},"sameAs":["https:\/\/www.facebook.com\/everton.fans.cz.sk"]},{"@type":"Person","@id":"https:\/\/evertonfc.cz\/#\/schema\/person\/f7a5daedb2ffee98480bc70e191aaef1","name":"Ri\u010di","sameAs":["https:\/\/x.com\/rbrejsa"],"url":"https:\/\/evertonfc.cz\/index.php\/author\/rici\/"}]}},"_links":{"self":[{"href":"https:\/\/evertonfc.cz\/index.php\/wp-json\/wp\/v2\/posts\/3769"}],"collection":[{"href":"https:\/\/evertonfc.cz\/index.php\/wp-json\/wp\/v2\/posts"}],"about":[{"href":"https:\/\/evertonfc.cz\/index.php\/wp-json\/wp\/v2\/types\/post"}],"author":[{"embeddable":true,"href":"https:\/\/evertonfc.cz\/index.php\/wp-json\/wp\/v2\/users\/6"}],"replies":[{"embeddable":true,"href":"https:\/\/evertonfc.cz\/index.php\/wp-json\/wp\/v2\/comments?post=3769"}],"version-history":[{"count":1,"href":"https:\/\/evertonfc.cz\/index.php\/wp-json\/wp\/v2\/posts\/3769\/revisions"}],"predecessor-version":[{"id":3770,"href":"https:\/\/evertonfc.cz\/index.php\/wp-json\/wp\/v2\/posts\/3769\/revisions\/3770"}],"wp:featuredmedia":[{"embeddable":true,"href":"https:\/\/evertonfc.cz\/index.php\/wp-json\/wp\/v2\/media\/13968"}],"wp:attachment":[{"href":"https:\/\/evertonfc.cz\/index.php\/wp-json\/wp\/v2\/media?parent=3769"}],"wp:term":[{"taxonomy":"category","embeddable":true,"href":"https:\/\/evertonfc.cz\/index.php\/wp-json\/wp\/v2\/categories?post=3769"},{"taxonomy":"post_tag","embeddable":true,"href":"https:\/\/evertonfc.cz\/index.php\/wp-json\/wp\/v2\/tags?post=3769"}],"curies":[{"name":"wp","href":"https:\/\/api.w.org\/{rel}","templated":true}]}}