{"id":3771,"date":"2016-03-23T00:20:47","date_gmt":"2016-03-22T23:20:47","guid":{"rendered":"http:\/\/evertonfc.cz\/?p=3771"},"modified":"2020-05-14T12:37:57","modified_gmt":"2020-05-14T10:37:57","slug":"howard-odejde-do-usa","status":"publish","type":"post","link":"https:\/\/evertonfc.cz\/index.php\/2016\/03\/23\/howard-odejde-do-usa\/","title":{"rendered":"Howard odejde do USA"},"content":{"rendered":"<h4 id=\"NewsPostDetailSummary\">Po aktu\u00e1ln\u00ed sez\u00f3n\u011b Tim Howard ukon\u010d\u00ed svou desetiletou kari\u00e9ru v\u00a0Evertonu, \u010dek\u00e1 ho n\u00e1vrat do vlasti, kde bude p\u016fsobit v celku Colorado Rapids.<\/h4>\n<div id=\"NewsPostDetailContent\">\n<p>\u00da\u010dastn\u00edk MLS potvrdil dohodu s 37 let star\u00fdm branka\u0159em, pro n\u011bho\u017e si p\u0159ichystal kontrakt na t\u0159i a p\u016fl roku. Za p\u0159estup po\u0161le na Ostrovy \u010d\u00e1stku okolo \u00a31m.<\/p>\n<p>Howard podepsal \u010dty\u0159letou smlouvu v Evertonu po mistrovstv\u00ed sv\u011bta 2014, v\u00a0Braz\u00edlii pat\u0159il ke kl\u00ed\u010dov\u00fdm opor\u00e1m reprezentace Spojen\u00fdch st\u00e1t\u016f americk\u00fdch v\u00a0cest\u011b do \u010dtvrtfin\u00e1le turnaje. V leto\u0161n\u00ed sez\u00f3n\u011b ale p\u0159i\u0161el o post jedni\u010dky Blues a jeliko\u017e chce st\u00e1t mezi ty\u010demi na MS 2018 v Rusku, zvolil n\u00e1vrat do USA. Zde by se mu m\u011blo dostat pravideln\u00e9ho hern\u00edho vyt\u00ed\u017een\u00ed a bude v\u00edce na o\u010d\u00edch tren\u00e9rovi n\u00e1rodn\u00edho t\u00fdmu J\u00fcrgenovi Klinsmannovi.<\/p>\n<p>Sympatick\u00fd g\u00f3lman na\u010dal dek\u00e1du na Goodisonu v roce 2006, kdy p\u0159i\u0161el na ro\u010dn\u00ed hostov\u00e1n\u00ed z Manchesteru United. N\u00e1sleduj\u00edc\u00ed rok se hostov\u00e1n\u00ed prom\u011bnilo v trval\u00fd p\u0159estup a Howard doposud odchytal za Toffees celkov\u011b p\u0159es 400 z\u00e1pas\u016f s bilanc\u00ed 115 \u010dist\u00fdch kont v lize a dokonce i vst\u0159elen\u00e9 branky. Mezi z\u00e1\u0159\u00edm roku 2007 a b\u0159eznem roku 2013 nasko\u010dil do v\u0161ech 210 kol Premier League a stanovil tak rekord sout\u011b\u017ee, co se t\u00fd\u010de s\u00e9rie po sob\u011b jdouc\u00edch z\u00e1pas\u016f za jeden klub.<\/p>\n<p><em>\u201eEvertonianem z\u016fstanu po cel\u00fd m\u016fj \u017eivot. V\u017edy to bude m\u016fj t\u00fdm, m\u016fj klub,\u201d <\/em>prozradil Ameri\u010dan na \u00favod. <em>\u201eOb\u011btoval jsem opravdu mnoho, abych odehr\u00e1l tolik duel\u016f b\u011bhem desetilet\u00e9ho obdob\u00ed, i proto budu nav\u017edy podporovat tento klub, kter\u00fd miluji.<\/em><\/p>\n<p><em>Everton je fantastick\u00fd, miluji ho a nav\u017edy budu jeho hr\u00e1\u010dem. <\/em><em>Pro\u017eil jsem tu n\u00e1dhern\u00fdch deset let. O n\u00e1padu zm\u011bnit dres jsem mluvil s rodinou, Robertem i p\u0159edsedou. Shodli jsme se, \u017ee nastal vhodn\u00fd \u010das na p\u0159esun. V\u0161ichni podpo\u0159ili m\u00e9 rozhodnut\u00ed, nav\u00edc po celou dobu za mnou st\u00e1li a souhlasili s n\u00e1vratem dom\u016f.<\/em><\/p>\n<p><em>Z\u016fst\u00e1v\u00e1 mi p\u00e1r posledn\u00edch m\u011bs\u00edc\u016f, t\u011b\u0161\u00edm se na n\u011b, budu v\u0161ak nad\u00e1le tvrd\u011b d\u0159\u00edt a u\u017e\u00edvat si zb\u00fdvaj\u00edc\u00ed chv\u00edle.<\/em><\/p>\n<p><em>C\u00edt\u00edm se tu jako doma, bude se mi st\u00fdskat. Dlouhou dobu jsem ka\u017ed\u00fd den potk\u00e1val zn\u00e1m\u00e9 tv\u00e1\u0159e, vybudoval jsem si mnoho skv\u011bl\u00fdch pracovn\u00edch vztah\u016f. Na druhou stranu jsem nad\u0161en\u00fd p\u0159estupem do Colorada Rapids.\u201c<\/em><\/p>\n<\/div>\n","protected":false},"excerpt":{"rendered":"<p>Po aktu\u00e1ln\u00ed sez\u00f3n\u011b Tim Howard ukon\u010d\u00ed svou desetiletou kari\u00e9ru v\u00a0Evertonu, \u010dek\u00e1 ho n\u00e1vrat do vlasti, kde bude p\u016fsobit v celku&hellip;<\/p>\n","protected":false},"author":6,"featured_media":1316,"comment_status":"open","ping_status":"closed","sticky":false,"template":"","format":"standard","meta":{"_eb_attr":"","_monsterinsights_skip_tracking":false,"_monsterinsights_sitenote_active":false,"_monsterinsights_sitenote_note":"","_monsterinsights_sitenote_category":0,"footnotes":""},"categories":[42],"tags":[],"yoast_head":"<!-- This site is optimized with the Yoast SEO plugin v23.4 - https:\/\/yoast.com\/wordpress\/plugins\/seo\/ -->\n<title>Howard odejde do USA - Official Czech &amp; Slovak Everton Supporters&#039; Club<\/title>\n<meta name=\"robots\" content=\"index, follow, max-snippet:-1, max-image-preview:large, max-video-preview:-1\" \/>\n<link rel=\"canonical\" href=\"https:\/\/evertonfc.cz\/index.php\/2016\/03\/23\/howard-odejde-do-usa\/\" \/>\n<meta property=\"og:locale\" content=\"cs_CZ\" \/>\n<meta property=\"og:type\" content=\"article\" \/>\n<meta property=\"og:title\" content=\"Howard odejde do USA - Official Czech &amp; Slovak Everton Supporters&#039; Club\" \/>\n<meta property=\"og:description\" content=\"Po aktu\u00e1ln\u00ed sez\u00f3n\u011b Tim Howard ukon\u010d\u00ed svou desetiletou kari\u00e9ru v\u00a0Evertonu, \u010dek\u00e1 ho n\u00e1vrat do vlasti, kde bude p\u016fsobit v celku&hellip;\" \/>\n<meta property=\"og:url\" content=\"https:\/\/evertonfc.cz\/index.php\/2016\/03\/23\/howard-odejde-do-usa\/\" \/>\n<meta property=\"og:site_name\" content=\"Official Czech &amp; Slovak Everton Supporters&#039; Club\" \/>\n<meta property=\"article:publisher\" content=\"https:\/\/www.facebook.com\/everton.fans.cz.sk\" \/>\n<meta property=\"article:published_time\" content=\"2016-03-22T23:20:47+00:00\" \/>\n<meta property=\"article:modified_time\" content=\"2020-05-14T10:37:57+00:00\" \/>\n<meta property=\"og:image\" content=\"https:\/\/evertonfc.cz\/wp-content\/uploads\/2019\/01\/transfer.jpg\" \/>\n\t<meta property=\"og:image:width\" content=\"720\" \/>\n\t<meta property=\"og:image:height\" content=\"405\" \/>\n\t<meta property=\"og:image:type\" content=\"image\/jpeg\" \/>\n<meta name=\"author\" content=\"Ri\u010di\" \/>\n<meta name=\"twitter:card\" content=\"summary_large_image\" \/>\n<meta name=\"twitter:creator\" content=\"@rbrejsa\" \/>\n<meta name=\"twitter:label1\" content=\"Napsal(a)\" \/>\n\t<meta name=\"twitter:data1\" content=\"Ri\u010di\" \/>\n\t<meta name=\"twitter:label2\" content=\"Odhadovan\u00e1 doba \u010dten\u00ed\" \/>\n\t<meta name=\"twitter:data2\" content=\"2 minuty\" \/>\n<script type=\"application\/ld+json\" class=\"yoast-schema-graph\">{\"@context\":\"https:\/\/schema.org\",\"@graph\":[{\"@type\":\"Article\",\"@id\":\"https:\/\/evertonfc.cz\/index.php\/2016\/03\/23\/howard-odejde-do-usa\/#article\",\"isPartOf\":{\"@id\":\"https:\/\/evertonfc.cz\/index.php\/2016\/03\/23\/howard-odejde-do-usa\/\"},\"author\":{\"name\":\"Ri\u010di\",\"@id\":\"https:\/\/evertonfc.cz\/#\/schema\/person\/f7a5daedb2ffee98480bc70e191aaef1\"},\"headline\":\"Howard odejde do USA\",\"datePublished\":\"2016-03-22T23:20:47+00:00\",\"dateModified\":\"2020-05-14T10:37:57+00:00\",\"mainEntityOfPage\":{\"@id\":\"https:\/\/evertonfc.cz\/index.php\/2016\/03\/23\/howard-odejde-do-usa\/\"},\"wordCount\":453,\"commentCount\":0,\"publisher\":{\"@id\":\"https:\/\/evertonfc.cz\/#organization\"},\"image\":{\"@id\":\"https:\/\/evertonfc.cz\/index.php\/2016\/03\/23\/howard-odejde-do-usa\/#primaryimage\"},\"thumbnailUrl\":\"https:\/\/evertonfc.cz\/wp-content\/uploads\/2019\/01\/transfer.jpg\",\"articleSection\":[\"Aktuality\"],\"inLanguage\":\"cs\",\"potentialAction\":[{\"@type\":\"CommentAction\",\"name\":\"Comment\",\"target\":[\"https:\/\/evertonfc.cz\/index.php\/2016\/03\/23\/howard-odejde-do-usa\/#respond\"]}]},{\"@type\":\"WebPage\",\"@id\":\"https:\/\/evertonfc.cz\/index.php\/2016\/03\/23\/howard-odejde-do-usa\/\",\"url\":\"https:\/\/evertonfc.cz\/index.php\/2016\/03\/23\/howard-odejde-do-usa\/\",\"name\":\"Howard odejde do USA - Official Czech &amp; Slovak Everton Supporters&#039; Club\",\"isPartOf\":{\"@id\":\"https:\/\/evertonfc.cz\/#website\"},\"primaryImageOfPage\":{\"@id\":\"https:\/\/evertonfc.cz\/index.php\/2016\/03\/23\/howard-odejde-do-usa\/#primaryimage\"},\"image\":{\"@id\":\"https:\/\/evertonfc.cz\/index.php\/2016\/03\/23\/howard-odejde-do-usa\/#primaryimage\"},\"thumbnailUrl\":\"https:\/\/evertonfc.cz\/wp-content\/uploads\/2019\/01\/transfer.jpg\",\"datePublished\":\"2016-03-22T23:20:47+00:00\",\"dateModified\":\"2020-05-14T10:37:57+00:00\",\"breadcrumb\":{\"@id\":\"https:\/\/evertonfc.cz\/index.php\/2016\/03\/23\/howard-odejde-do-usa\/#breadcrumb\"},\"inLanguage\":\"cs\",\"potentialAction\":[{\"@type\":\"ReadAction\",\"target\":[\"https:\/\/evertonfc.cz\/index.php\/2016\/03\/23\/howard-odejde-do-usa\/\"]}]},{\"@type\":\"ImageObject\",\"inLanguage\":\"cs\",\"@id\":\"https:\/\/evertonfc.cz\/index.php\/2016\/03\/23\/howard-odejde-do-usa\/#primaryimage\",\"url\":\"https:\/\/evertonfc.cz\/wp-content\/uploads\/2019\/01\/transfer.jpg\",\"contentUrl\":\"https:\/\/evertonfc.cz\/wp-content\/uploads\/2019\/01\/transfer.jpg\",\"width\":720,\"height\":405},{\"@type\":\"BreadcrumbList\",\"@id\":\"https:\/\/evertonfc.cz\/index.php\/2016\/03\/23\/howard-odejde-do-usa\/#breadcrumb\",\"itemListElement\":[{\"@type\":\"ListItem\",\"position\":1,\"name\":\"Home\",\"item\":\"https:\/\/evertonfc.cz\/\"},{\"@type\":\"ListItem\",\"position\":2,\"name\":\"Howard odejde do USA\"}]},{\"@type\":\"WebSite\",\"@id\":\"https:\/\/evertonfc.cz\/#website\",\"url\":\"https:\/\/evertonfc.cz\/\",\"name\":\"Official Czech &amp; Slovak Everton Supporters&#039; Club\",\"description\":\"\",\"publisher\":{\"@id\":\"https:\/\/evertonfc.cz\/#organization\"},\"potentialAction\":[{\"@type\":\"SearchAction\",\"target\":{\"@type\":\"EntryPoint\",\"urlTemplate\":\"https:\/\/evertonfc.cz\/?s={search_term_string}\"},\"query-input\":{\"@type\":\"PropertyValueSpecification\",\"valueRequired\":true,\"valueName\":\"search_term_string\"}}],\"inLanguage\":\"cs\"},{\"@type\":\"Organization\",\"@id\":\"https:\/\/evertonfc.cz\/#organization\",\"name\":\"Official Czech & Slovak Everton Supporters' Club\",\"url\":\"https:\/\/evertonfc.cz\/\",\"logo\":{\"@type\":\"ImageObject\",\"inLanguage\":\"cs\",\"@id\":\"https:\/\/evertonfc.cz\/#\/schema\/logo\/image\/\",\"url\":\"https:\/\/evertonfc.cz\/wp-content\/uploads\/2019\/05\/logo.png\",\"contentUrl\":\"https:\/\/evertonfc.cz\/wp-content\/uploads\/2019\/05\/logo.png\",\"width\":112,\"height\":112,\"caption\":\"Official Czech & Slovak Everton Supporters' Club\"},\"image\":{\"@id\":\"https:\/\/evertonfc.cz\/#\/schema\/logo\/image\/\"},\"sameAs\":[\"https:\/\/www.facebook.com\/everton.fans.cz.sk\"]},{\"@type\":\"Person\",\"@id\":\"https:\/\/evertonfc.cz\/#\/schema\/person\/f7a5daedb2ffee98480bc70e191aaef1\",\"name\":\"Ri\u010di\",\"sameAs\":[\"https:\/\/x.com\/rbrejsa\"],\"url\":\"https:\/\/evertonfc.cz\/index.php\/author\/rici\/\"}]}<\/script>\n<!-- \/ Yoast SEO plugin. -->","yoast_head_json":{"title":"Howard odejde do USA - Official Czech &amp; Slovak Everton Supporters&#039; Club","robots":{"index":"index","follow":"follow","max-snippet":"max-snippet:-1","max-image-preview":"max-image-preview:large","max-video-preview":"max-video-preview:-1"},"canonical":"https:\/\/evertonfc.cz\/index.php\/2016\/03\/23\/howard-odejde-do-usa\/","og_locale":"cs_CZ","og_type":"article","og_title":"Howard odejde do USA - Official Czech &amp; Slovak Everton Supporters&#039; Club","og_description":"Po aktu\u00e1ln\u00ed sez\u00f3n\u011b Tim Howard ukon\u010d\u00ed svou desetiletou kari\u00e9ru v\u00a0Evertonu, \u010dek\u00e1 ho n\u00e1vrat do vlasti, kde bude p\u016fsobit v celku&hellip;","og_url":"https:\/\/evertonfc.cz\/index.php\/2016\/03\/23\/howard-odejde-do-usa\/","og_site_name":"Official Czech &amp; Slovak Everton Supporters&#039; Club","article_publisher":"https:\/\/www.facebook.com\/everton.fans.cz.sk","article_published_time":"2016-03-22T23:20:47+00:00","article_modified_time":"2020-05-14T10:37:57+00:00","og_image":[{"width":720,"height":405,"url":"https:\/\/evertonfc.cz\/wp-content\/uploads\/2019\/01\/transfer.jpg","type":"image\/jpeg"}],"author":"Ri\u010di","twitter_card":"summary_large_image","twitter_creator":"@rbrejsa","twitter_misc":{"Napsal(a)":"Ri\u010di","Odhadovan\u00e1 doba \u010dten\u00ed":"2 minuty"},"schema":{"@context":"https:\/\/schema.org","@graph":[{"@type":"Article","@id":"https:\/\/evertonfc.cz\/index.php\/2016\/03\/23\/howard-odejde-do-usa\/#article","isPartOf":{"@id":"https:\/\/evertonfc.cz\/index.php\/2016\/03\/23\/howard-odejde-do-usa\/"},"author":{"name":"Ri\u010di","@id":"https:\/\/evertonfc.cz\/#\/schema\/person\/f7a5daedb2ffee98480bc70e191aaef1"},"headline":"Howard odejde do USA","datePublished":"2016-03-22T23:20:47+00:00","dateModified":"2020-05-14T10:37:57+00:00","mainEntityOfPage":{"@id":"https:\/\/evertonfc.cz\/index.php\/2016\/03\/23\/howard-odejde-do-usa\/"},"wordCount":453,"commentCount":0,"publisher":{"@id":"https:\/\/evertonfc.cz\/#organization"},"image":{"@id":"https:\/\/evertonfc.cz\/index.php\/2016\/03\/23\/howard-odejde-do-usa\/#primaryimage"},"thumbnailUrl":"https:\/\/evertonfc.cz\/wp-content\/uploads\/2019\/01\/transfer.jpg","articleSection":["Aktuality"],"inLanguage":"cs","potentialAction":[{"@type":"CommentAction","name":"Comment","target":["https:\/\/evertonfc.cz\/index.php\/2016\/03\/23\/howard-odejde-do-usa\/#respond"]}]},{"@type":"WebPage","@id":"https:\/\/evertonfc.cz\/index.php\/2016\/03\/23\/howard-odejde-do-usa\/","url":"https:\/\/evertonfc.cz\/index.php\/2016\/03\/23\/howard-odejde-do-usa\/","name":"Howard odejde do USA - Official Czech &amp; Slovak Everton Supporters&#039; Club","isPartOf":{"@id":"https:\/\/evertonfc.cz\/#website"},"primaryImageOfPage":{"@id":"https:\/\/evertonfc.cz\/index.php\/2016\/03\/23\/howard-odejde-do-usa\/#primaryimage"},"image":{"@id":"https:\/\/evertonfc.cz\/index.php\/2016\/03\/23\/howard-odejde-do-usa\/#primaryimage"},"thumbnailUrl":"https:\/\/evertonfc.cz\/wp-content\/uploads\/2019\/01\/transfer.jpg","datePublished":"2016-03-22T23:20:47+00:00","dateModified":"2020-05-14T10:37:57+00:00","breadcrumb":{"@id":"https:\/\/evertonfc.cz\/index.php\/2016\/03\/23\/howard-odejde-do-usa\/#breadcrumb"},"inLanguage":"cs","potentialAction":[{"@type":"ReadAction","target":["https:\/\/evertonfc.cz\/index.php\/2016\/03\/23\/howard-odejde-do-usa\/"]}]},{"@type":"ImageObject","inLanguage":"cs","@id":"https:\/\/evertonfc.cz\/index.php\/2016\/03\/23\/howard-odejde-do-usa\/#primaryimage","url":"https:\/\/evertonfc.cz\/wp-content\/uploads\/2019\/01\/transfer.jpg","contentUrl":"https:\/\/evertonfc.cz\/wp-content\/uploads\/2019\/01\/transfer.jpg","width":720,"height":405},{"@type":"BreadcrumbList","@id":"https:\/\/evertonfc.cz\/index.php\/2016\/03\/23\/howard-odejde-do-usa\/#breadcrumb","itemListElement":[{"@type":"ListItem","position":1,"name":"Home","item":"https:\/\/evertonfc.cz\/"},{"@type":"ListItem","position":2,"name":"Howard odejde do USA"}]},{"@type":"WebSite","@id":"https:\/\/evertonfc.cz\/#website","url":"https:\/\/evertonfc.cz\/","name":"Official Czech &amp; Slovak Everton Supporters&#039; Club","description":"","publisher":{"@id":"https:\/\/evertonfc.cz\/#organization"},"potentialAction":[{"@type":"SearchAction","target":{"@type":"EntryPoint","urlTemplate":"https:\/\/evertonfc.cz\/?s={search_term_string}"},"query-input":{"@type":"PropertyValueSpecification","valueRequired":true,"valueName":"search_term_string"}}],"inLanguage":"cs"},{"@type":"Organization","@id":"https:\/\/evertonfc.cz\/#organization","name":"Official Czech & Slovak Everton Supporters' Club","url":"https:\/\/evertonfc.cz\/","logo":{"@type":"ImageObject","inLanguage":"cs","@id":"https:\/\/evertonfc.cz\/#\/schema\/logo\/image\/","url":"https:\/\/evertonfc.cz\/wp-content\/uploads\/2019\/05\/logo.png","contentUrl":"https:\/\/evertonfc.cz\/wp-content\/uploads\/2019\/05\/logo.png","width":112,"height":112,"caption":"Official Czech & Slovak Everton Supporters' Club"},"image":{"@id":"https:\/\/evertonfc.cz\/#\/schema\/logo\/image\/"},"sameAs":["https:\/\/www.facebook.com\/everton.fans.cz.sk"]},{"@type":"Person","@id":"https:\/\/evertonfc.cz\/#\/schema\/person\/f7a5daedb2ffee98480bc70e191aaef1","name":"Ri\u010di","sameAs":["https:\/\/x.com\/rbrejsa"],"url":"https:\/\/evertonfc.cz\/index.php\/author\/rici\/"}]}},"_links":{"self":[{"href":"https:\/\/evertonfc.cz\/index.php\/wp-json\/wp\/v2\/posts\/3771"}],"collection":[{"href":"https:\/\/evertonfc.cz\/index.php\/wp-json\/wp\/v2\/posts"}],"about":[{"href":"https:\/\/evertonfc.cz\/index.php\/wp-json\/wp\/v2\/types\/post"}],"author":[{"embeddable":true,"href":"https:\/\/evertonfc.cz\/index.php\/wp-json\/wp\/v2\/users\/6"}],"replies":[{"embeddable":true,"href":"https:\/\/evertonfc.cz\/index.php\/wp-json\/wp\/v2\/comments?post=3771"}],"version-history":[{"count":2,"href":"https:\/\/evertonfc.cz\/index.php\/wp-json\/wp\/v2\/posts\/3771\/revisions"}],"predecessor-version":[{"id":3806,"href":"https:\/\/evertonfc.cz\/index.php\/wp-json\/wp\/v2\/posts\/3771\/revisions\/3806"}],"wp:featuredmedia":[{"embeddable":true,"href":"https:\/\/evertonfc.cz\/index.php\/wp-json\/wp\/v2\/media\/1316"}],"wp:attachment":[{"href":"https:\/\/evertonfc.cz\/index.php\/wp-json\/wp\/v2\/media?parent=3771"}],"wp:term":[{"taxonomy":"category","embeddable":true,"href":"https:\/\/evertonfc.cz\/index.php\/wp-json\/wp\/v2\/categories?post=3771"},{"taxonomy":"post_tag","embeddable":true,"href":"https:\/\/evertonfc.cz\/index.php\/wp-json\/wp\/v2\/tags?post=3771"}],"curies":[{"name":"wp","href":"https:\/\/api.w.org\/{rel}","templated":true}]}}