{"id":3807,"date":"2011-01-12T10:26:42","date_gmt":"2011-01-12T09:26:42","guid":{"rendered":"http:\/\/evertonfc.cz\/?p=3807"},"modified":"2019-02-12T17:27:58","modified_gmt":"2019-02-12T16:27:58","slug":"kevin-campbell-na-webchatu","status":"publish","type":"post","link":"https:\/\/evertonfc.cz\/index.php\/2011\/01\/12\/kevin-campbell-na-webchatu\/","title":{"rendered":"Kevin Campbell na webchatu"},"content":{"rendered":"<h4>B\u00fdval\u00fd \u00fato\u010dn\u00edk, jemu\u017e m\u016f\u017ee Everton vd\u011b\u010dit za n\u011bkolik zcela z\u00e1sadn\u00edch g\u00f3l\u016f, byl dal\u0161\u00edm, kdo si na\u0161el \u010das k zodpov\u011bzen\u00ed \u0159ady r\u016fznorod\u00fdch ot\u00e1zek.<\/h4>\n<p><strong>davejfernandez<\/strong><br \/>\n<strong>Keve &#8211; tv\u016fj nejpam\u00e1tn\u011bj\u0161\u00ed g\u00f3l za Everton?<\/strong><\/p>\n<p>Je tu g\u00f3l na Anfieldu, ale t\u00edm nezapomenuteln\u00fdm bude m\u016fj prvn\u00ed g\u00f3l proti West Hamu v p\u0159edposledn\u00edm z\u00e1pase sezony.<\/p>\n<p><strong>Kriss Brown<\/strong><br \/>\n<strong>Kevine, \u010demu se aktu\u00e1ln\u011b v\u011bnuje\u0161?<\/strong><\/p>\n<p>D\u011bl\u00e1m n\u011bjak\u00e1 \u0161kolen\u00ed, co\u017e si u\u017e\u00edv\u00e1m, proto\u017ee m\u00e1m co d\u011blat, plus m\u00e1m mal\u00e9ho syna, kter\u00e9mu se v akademii Manchesteru City da\u0159\u00ed, tak\u017ee sleduji i hodn\u011b z\u00e1pas\u016f.<\/p>\n<p><strong>Roooosie<\/strong><br \/>\n<strong>Ahoj Super Keve, jak\u00e9 bylo d\u00e1t v\u00edt\u011bzn\u00fd g\u00f3l v derby na Anfieldu?<\/strong><\/p>\n<p>Je t\u011b\u017ek\u00e9 to popsat, bylo to senza\u010dn\u00ed. O n\u011b\u010dem takov\u00e9m sn\u00edte cel\u00fd t\u00fdden p\u0159ed derby. D\u00e1t v\u00edt\u011bznou branku p\u0159ed The Kop! Fantastick\u00e9!<\/p>\n<p><strong>bucks_fizz<\/strong><br \/>\n<strong>Kdo byl tv\u016fj obl\u00edben\u00fd \u00fato\u010dn\u00fd partner v klubu?<\/strong><\/p>\n<p>Je slo\u017eit\u00e9 vybrat jednoho, ale mysl\u00edm, \u017ee nej\u00fasp\u011b\u0161n\u011bj\u0161\u00ed byla spolupr\u00e1ce s Franny Jeffersem &#8211; na za\u010d\u00e1tku, m\u011bli jsme z\u00e1lohu, kter\u00e1 n\u00e1s dob\u0159e dopl\u0148ovala. Fergie a Radz byli taky skv\u011bl\u00ed, ale s Frannym jsem si rozum\u011bl nejv\u00edc.<\/p>\n<p><strong>Gareth Williams<\/strong><br \/>\n<strong>M\u016f\u017ee\u0161 se vr\u00e1tit a vy\u0159e\u0161it to u n\u00e1s s t\u011bmi g\u00f3ly?!<\/strong><\/p>\n<p>Stra\u0161n\u011b r\u00e1d, ale posledn\u00ed derby jsem nav\u0161t\u00edvil jako host a vyhr\u00e1li jsme 2-0, tak\u017ee mysl\u00edm, \u017ee s t\u00edm bychom se znovu spokojili!<\/p>\n<p><strong>Roooosie<\/strong><br \/>\n<strong>Kdo byl nejlep\u0161\u00edm hr\u00e1\u010dem, se kter\u00fdm jsi v Evertonu hr\u00e1l?<\/strong><\/p>\n<p>\u0158ekl bych, \u017ee Don Hutchison. Moji hru znal do nejmen\u0161\u00edho detailu. Nejsem si jist\u00fd, jestli byl nejlep\u0161\u00ed, ale byl to m\u016fj obl\u00edbenec.<\/p>\n<p><strong>Roooosie<\/strong><br \/>\n<strong>Jak\u00e9 bylo b\u00fdt kapit\u00e1nem na\u0161eho klubu?<\/strong><\/p>\n<p>Jako sen. Byl jsem prvn\u00edm \u010dern\u00fdm kapit\u00e1nem klubu a na to jsem moc hrd\u00fd. Byla to \u010dest, stejn\u011b jako je \u010dest v\u011bd\u011bt, \u017ee v i dnes jsem v Evertonu v\u00e1\u017een\u00fd.<\/p>\n<p><strong>Garry Lloyd<\/strong><br \/>\n<strong>Super Keve, b\u00fdval\u00ed hr\u00e1\u010di klubu \u010dasto \u0159\u00edkaj\u00ed, \u017ee jakmile jednou hraje\u0161 za Everton, stane\u0161 se fanou\u0161kem. Je to u tebe stejn\u011b?<\/strong><\/p>\n<p>\u010c\u00e1ste\u010dn\u011b! M\u00fdm t\u00fdmem, kdy\u017e jsem vyr\u016fstal, byl Arsenal a na klub, kter\u00e9mu jako kluk fand\u00edte nikdy nezapomenete. Everton je v m\u00e9m srdci ale spole\u010dn\u011b s n\u00edm.<\/p>\n<p><strong>Callum Muirhead<\/strong><br \/>\n<strong>Mysl\u00ed\u0161, \u017ee Everton v ned\u011bli Liverpool p\u0159ejede?<\/strong><\/p>\n<p>Douf\u00e1m. Kenny Dalglish Liverpool zvedne, ale Everton minule proti Spurs zahr\u00e1l skv\u011ble, tak\u017ee o\u010dek\u00e1v\u00e1m dobr\u00fd v\u00fdsledek.<\/p>\n<p><strong>Amanda Thompson<\/strong><br \/>\n<strong>Co si mysl\u00ed\u0161 o sou\u010dasn\u00e9m t\u00fdmu?<\/strong><\/p>\n<p>Je v n\u011bm spousta kvalitn\u00edch hr\u00e1\u010d\u016f. Mo\u017en\u00e1 jsou v trochu nest\u00e1l\u00e9 form\u011b, ale ta brzy p\u0159ijde a bude se stoupat tabulkou. Louis Saha je fantastick\u00fd \u00fato\u010dn\u00edk a pokud d\u00e1v\u00e1 g\u00f3ly, budou v\u00fdsledky. Mysl\u00edm, \u017ee Beckford je taky dobr\u00fd hr\u00e1\u010d a taky od n\u011bho to nejlep\u0161\u00ed uvid\u00edme.<\/p>\n<p><strong>James Thornton<\/strong><br \/>\n<strong>Proti komu jsi hr\u00e1val nejrad\u011bji?<\/strong><\/p>\n<p>M\u011bl jsem r\u00e1d derby, proto\u017ee v\u017edycky je toho tolik h\u0159e. Miloval jsem nastupovat proti Liverpoolu.<\/p>\n<p><strong>Steve Morgan<\/strong><br \/>\n<strong>Tvoje anga\u017em\u00e1 v Turecku nebylo tak vyda\u0159en\u00e9, m\u016f\u017ee\u0161 n\u00e1m o n\u011bm \u0159\u00edct v\u00edc?<\/strong><\/p>\n<p>Naopak, Turecko pro moji kari\u00e9ru u\u017eite\u010dn\u00e9. Pokud bych tam neode\u0161el, nikdy bych nep\u0159i\u0161el do Evertonu! Byli hodn\u011b profesion\u00e1ln\u00ed v ohledu p\u0159\u00edpravy a z toho jsem si hodn\u011b vzal. Mysl\u00edm, \u017ee moje tamn\u00ed anga\u017em\u00e1 nebylo spr\u00e1vn\u011b vylo\u017eeno.<\/p>\n<p><strong>crawf<\/strong><br \/>\n<strong>Kdo byl nejz\u00e1bavn\u011bj\u0161\u00edm hr\u00e1\u010dem, se kter\u00fdm jsi v klubu hr\u00e1l?<\/strong><\/p>\n<p>Kdy\u017e p\u0159i\u0161el Gazza, tak samoz\u0159ejm\u011b ka\u017ed\u00fd v\u011bd\u011bl, jak\u00fd je. On, Fergie, Hutch, Unsworth, Dave Watson, se v\u0161emi byla legrace! Tommy Gravesen byl \u0161\u00edlenec, ale skv\u011bl\u00fd chlap. Sranda byla i s Marcem Matterazzim, ale byl i velmi citupln\u00fd.<\/p>\n<p><strong>Steve Morgan<\/strong><br \/>\n<strong>Na Goodisonu jsi byl velk\u00fdm obl\u00edbencem. Jak porovn\u00e1v\u00e1\u0161 na\u0161e fandy oproti fanou\u0161k\u016fm jin\u00fdch klub\u016f, za kter\u00e9 jsi hr\u00e1l?<\/strong><\/p>\n<p>Fantasti\u010dt\u00ed &#8211; neuv\u011bdomuj\u00ed si, nakolik t\u00fdmu pomohli. Kdy\u017e je Goodison na nohou, venkovn\u00ed t\u00fdm se m\u016f\u017ee kompletn\u011b sesypat &#8211; kdy\u017e stoj\u00ed Evertonians za sv\u00fdm t\u00fdmem, je to neskute\u010dn\u00e1 atmosf\u00e9ra. N\u011bkdy jde v soupe\u0159\u00edch vid\u011bt strach.<\/p>\n<p><strong>Scott Halliday<\/strong><br \/>\n<strong>Jak ses c\u00edtil, ky\u017e jsi v Evertonu podepsal?<\/strong><\/p>\n<p>\u00da\u017easn\u011b. Cht\u011bl jsem se vr\u00e1tit do Premier League a m\u011bl jsem p\u00e1r mo\u017enost\u00ed, ale Everton byl jedin\u00fd klub, kter\u00fd jsem cht\u011bl. Je to obrovsk\u00fd klub a j\u00e1 byl zvykl\u00fd hr\u00e1t za velk\u00e9 kluby.<\/p>\n<p><strong>Ryan Martin<\/strong><br \/>\n<strong>Co si mysl\u00ed\u0161 o na\u0161ich mlad\u00edc\u00edch? Obzvl\u00e1\u0161t\u011b Rodwellovi a Colemanovi?<\/strong><\/p>\n<p>Everton d\u011bl\u00e1 ve v\u00fdchov\u011b sv\u00fdch hr\u00e1\u010d\u016f skv\u011blou pr\u00e1ci. D\u00e1v\u00e1 jim \u0161anci hr\u00e1t spole\u010dn\u011b s nejlep\u0161\u00edmi seniorsk\u00fdmi hr\u00e1\u010di a hodn\u011b klub\u016f z Premier League by se od nich mohlo u\u010dit. Rodwell je velmi klidn\u00fd hr\u00e1\u010d, kter\u00fd um\u00ed zahr\u00e1t na n\u011bkolika pozic\u00edch. M\u00e1 silnou postavu a je to i fanda klubu, co\u017e v\u017edycky pom\u00e1h\u00e1. Coleman m\u00e1 v\u00fdbojnost a nesm\u00edrnou energii &#8211; m\u016f\u017ee b\u00fdt velkou hv\u011bzdou. Nem\u00e1 v\u016fbec strach a m\u00e1 ranec potenci\u00e1lu.<\/p>\n<p><strong>JegGog<\/strong><br \/>\n<strong>Proti kter\u00e9mu obr\u00e1nci jsi nerad nastupoval?<\/strong><\/p>\n<p>Jsem dost velk\u00fd, nikdo m\u011b nikdy nevystra\u0161il!<\/p>\n<p><strong>crawf<\/strong><br \/>\n<strong>Pokud by jsi nebyl fotbalista, jakou kari\u00e9ru bys zvolil?<\/strong><\/p>\n<p>V\u017edycky m\u011b bavily po\u010d\u00edta\u010de, tak\u017ee IT nebo kari\u00e9ra v hudb\u011b. M\u00e1m r\u00e1d rap &#8211; mo\u017en\u00e1 bych se uchytil v t\u00e9hle bran\u017ei.<\/p>\n<p><strong>Alan Warren<\/strong><br \/>\n<strong>Kdo byl tv\u00fdm nejobl\u00edben\u011bj\u0161\u00edm mana\u017eerem v kari\u00e9\u0159e?<\/strong><\/p>\n<p>Nem\u00e1m vylo\u017een\u00e9ho favorita. George Graham m\u011bl na moji kari\u00e9ru velk\u00fd vliv. Frank Clark a Dave Bassett byli u Forest skv\u011bl\u00ed. Walter mi pomohl v Evertonu &#8211; m\u011bl jsem \u0161t\u011bst\u00ed na dobr\u00e9 mana\u017eery.<\/p>\n<p><strong>Peter-79<\/strong><br \/>\n<strong>Jsi se spoluhr\u00e1\u010di z Evertonu ze sv\u00e9 \u00e9ry st\u00e1le ve spojen\u00ed?<\/strong><\/p>\n<p>Zrovna ned\u00e1vno jsem nav\u0161t\u00edvil tr\u00e9nink a dob\u0159e jsem si popov\u00eddal se Stubbsym. Hodn\u011b taky mluv\u00edm s Davem Watsonem. Kdy\u017e kluky vid\u00edte, je to jako kdybyste v\u016fbec neode\u0161li!<\/p>\n<p><strong>smsanders<\/strong><br \/>\n<strong>Kdo byl tv\u00fdm fotbalov\u00fdm idolem v d\u011btstv\u00ed?<\/strong><\/p>\n<p>Nem\u011bl jsem pouze jeden. Arsenal byli moji hrdinov\u00e9. Pak jsem m\u011bl r\u00e1d \u00fato\u010dn\u00edky, tak\u017ee bych \u0159ekl, \u017ee Cyrille Regis a Kerry Dixon. L\u00edbili se mi i tvo\u0159iv\u00ed hr\u00e1\u010di, z nich nejv\u00edc Liam Braddy.<\/p>\n<p><strong>Baillie Ross<\/strong><br \/>\n<strong>Tv\u016fj tip ned\u011bln\u00edho derby?<\/strong><\/p>\n<p>2-1 pro Everton. COYB!<\/p>\n","protected":false},"excerpt":{"rendered":"<p>B\u00fdval\u00fd \u00fato\u010dn\u00edk, jemu\u017e m\u016f\u017ee Everton vd\u011b\u010dit za n\u011bkolik zcela z\u00e1sadn\u00edch g\u00f3l\u016f, byl dal\u0161\u00edm, kdo si na\u0161el \u010das k zodpov\u011bzen\u00ed \u0159ady&hellip;<\/p>\n","protected":false},"author":7,"featured_media":1312,"comment_status":"open","ping_status":"closed","sticky":false,"template":"","format":"standard","meta":{"_eb_attr":"","_monsterinsights_skip_tracking":false,"_monsterinsights_sitenote_active":false,"_monsterinsights_sitenote_note":"","_monsterinsights_sitenote_category":0,"footnotes":""},"categories":[1],"tags":[],"yoast_head":"<!-- This site is optimized with the Yoast SEO plugin v23.4 - https:\/\/yoast.com\/wordpress\/plugins\/seo\/ -->\n<title>Kevin Campbell na webchatu - Official Czech &amp; Slovak Everton Supporters&#039; Club<\/title>\n<meta name=\"robots\" content=\"index, follow, max-snippet:-1, max-image-preview:large, max-video-preview:-1\" \/>\n<link rel=\"canonical\" href=\"https:\/\/evertonfc.cz\/index.php\/2011\/01\/12\/kevin-campbell-na-webchatu\/\" \/>\n<meta property=\"og:locale\" content=\"cs_CZ\" \/>\n<meta property=\"og:type\" content=\"article\" \/>\n<meta property=\"og:title\" content=\"Kevin Campbell na webchatu - Official Czech &amp; Slovak Everton Supporters&#039; Club\" \/>\n<meta property=\"og:description\" content=\"B\u00fdval\u00fd \u00fato\u010dn\u00edk, jemu\u017e m\u016f\u017ee Everton vd\u011b\u010dit za n\u011bkolik zcela z\u00e1sadn\u00edch g\u00f3l\u016f, byl dal\u0161\u00edm, kdo si na\u0161el \u010das k zodpov\u011bzen\u00ed \u0159ady&hellip;\" \/>\n<meta property=\"og:url\" content=\"https:\/\/evertonfc.cz\/index.php\/2011\/01\/12\/kevin-campbell-na-webchatu\/\" \/>\n<meta property=\"og:site_name\" content=\"Official Czech &amp; Slovak Everton Supporters&#039; Club\" \/>\n<meta property=\"article:publisher\" content=\"https:\/\/www.facebook.com\/everton.fans.cz.sk\" \/>\n<meta property=\"article:published_time\" content=\"2011-01-12T09:26:42+00:00\" \/>\n<meta property=\"article:modified_time\" content=\"2019-02-12T16:27:58+00:00\" \/>\n<meta property=\"og:image\" content=\"https:\/\/evertonfc.cz\/wp-content\/uploads\/2019\/01\/interview.jpg\" \/>\n\t<meta property=\"og:image:width\" content=\"720\" \/>\n\t<meta property=\"og:image:height\" content=\"405\" \/>\n\t<meta property=\"og:image:type\" content=\"image\/jpeg\" \/>\n<meta name=\"author\" content=\"Me\u0148a\" \/>\n<meta name=\"twitter:card\" content=\"summary_large_image\" \/>\n<meta name=\"twitter:label1\" content=\"Napsal(a)\" \/>\n\t<meta name=\"twitter:data1\" content=\"Me\u0148a\" \/>\n\t<meta name=\"twitter:label2\" content=\"Odhadovan\u00e1 doba \u010dten\u00ed\" \/>\n\t<meta name=\"twitter:data2\" content=\"6 minut\" \/>\n<script type=\"application\/ld+json\" class=\"yoast-schema-graph\">{\"@context\":\"https:\/\/schema.org\",\"@graph\":[{\"@type\":\"Article\",\"@id\":\"https:\/\/evertonfc.cz\/index.php\/2011\/01\/12\/kevin-campbell-na-webchatu\/#article\",\"isPartOf\":{\"@id\":\"https:\/\/evertonfc.cz\/index.php\/2011\/01\/12\/kevin-campbell-na-webchatu\/\"},\"author\":{\"name\":\"Me\u0148a\",\"@id\":\"https:\/\/evertonfc.cz\/#\/schema\/person\/cd6328a75577de2add7793fd4b0930c3\"},\"headline\":\"Kevin Campbell na webchatu\",\"datePublished\":\"2011-01-12T09:26:42+00:00\",\"dateModified\":\"2019-02-12T16:27:58+00:00\",\"mainEntityOfPage\":{\"@id\":\"https:\/\/evertonfc.cz\/index.php\/2011\/01\/12\/kevin-campbell-na-webchatu\/\"},\"wordCount\":1173,\"commentCount\":0,\"publisher\":{\"@id\":\"https:\/\/evertonfc.cz\/#organization\"},\"image\":{\"@id\":\"https:\/\/evertonfc.cz\/index.php\/2011\/01\/12\/kevin-campbell-na-webchatu\/#primaryimage\"},\"thumbnailUrl\":\"https:\/\/evertonfc.cz\/wp-content\/uploads\/2019\/01\/interview.jpg\",\"articleSection\":[\"Rozhovory\"],\"inLanguage\":\"cs\",\"potentialAction\":[{\"@type\":\"CommentAction\",\"name\":\"Comment\",\"target\":[\"https:\/\/evertonfc.cz\/index.php\/2011\/01\/12\/kevin-campbell-na-webchatu\/#respond\"]}]},{\"@type\":\"WebPage\",\"@id\":\"https:\/\/evertonfc.cz\/index.php\/2011\/01\/12\/kevin-campbell-na-webchatu\/\",\"url\":\"https:\/\/evertonfc.cz\/index.php\/2011\/01\/12\/kevin-campbell-na-webchatu\/\",\"name\":\"Kevin Campbell na webchatu - Official Czech &amp; Slovak Everton Supporters&#039; Club\",\"isPartOf\":{\"@id\":\"https:\/\/evertonfc.cz\/#website\"},\"primaryImageOfPage\":{\"@id\":\"https:\/\/evertonfc.cz\/index.php\/2011\/01\/12\/kevin-campbell-na-webchatu\/#primaryimage\"},\"image\":{\"@id\":\"https:\/\/evertonfc.cz\/index.php\/2011\/01\/12\/kevin-campbell-na-webchatu\/#primaryimage\"},\"thumbnailUrl\":\"https:\/\/evertonfc.cz\/wp-content\/uploads\/2019\/01\/interview.jpg\",\"datePublished\":\"2011-01-12T09:26:42+00:00\",\"dateModified\":\"2019-02-12T16:27:58+00:00\",\"breadcrumb\":{\"@id\":\"https:\/\/evertonfc.cz\/index.php\/2011\/01\/12\/kevin-campbell-na-webchatu\/#breadcrumb\"},\"inLanguage\":\"cs\",\"potentialAction\":[{\"@type\":\"ReadAction\",\"target\":[\"https:\/\/evertonfc.cz\/index.php\/2011\/01\/12\/kevin-campbell-na-webchatu\/\"]}]},{\"@type\":\"ImageObject\",\"inLanguage\":\"cs\",\"@id\":\"https:\/\/evertonfc.cz\/index.php\/2011\/01\/12\/kevin-campbell-na-webchatu\/#primaryimage\",\"url\":\"https:\/\/evertonfc.cz\/wp-content\/uploads\/2019\/01\/interview.jpg\",\"contentUrl\":\"https:\/\/evertonfc.cz\/wp-content\/uploads\/2019\/01\/interview.jpg\",\"width\":720,\"height\":405},{\"@type\":\"BreadcrumbList\",\"@id\":\"https:\/\/evertonfc.cz\/index.php\/2011\/01\/12\/kevin-campbell-na-webchatu\/#breadcrumb\",\"itemListElement\":[{\"@type\":\"ListItem\",\"position\":1,\"name\":\"Home\",\"item\":\"https:\/\/evertonfc.cz\/\"},{\"@type\":\"ListItem\",\"position\":2,\"name\":\"Kevin Campbell na webchatu\"}]},{\"@type\":\"WebSite\",\"@id\":\"https:\/\/evertonfc.cz\/#website\",\"url\":\"https:\/\/evertonfc.cz\/\",\"name\":\"Official Czech &amp; Slovak Everton Supporters&#039; Club\",\"description\":\"\",\"publisher\":{\"@id\":\"https:\/\/evertonfc.cz\/#organization\"},\"potentialAction\":[{\"@type\":\"SearchAction\",\"target\":{\"@type\":\"EntryPoint\",\"urlTemplate\":\"https:\/\/evertonfc.cz\/?s={search_term_string}\"},\"query-input\":{\"@type\":\"PropertyValueSpecification\",\"valueRequired\":true,\"valueName\":\"search_term_string\"}}],\"inLanguage\":\"cs\"},{\"@type\":\"Organization\",\"@id\":\"https:\/\/evertonfc.cz\/#organization\",\"name\":\"Official Czech & Slovak Everton Supporters' Club\",\"url\":\"https:\/\/evertonfc.cz\/\",\"logo\":{\"@type\":\"ImageObject\",\"inLanguage\":\"cs\",\"@id\":\"https:\/\/evertonfc.cz\/#\/schema\/logo\/image\/\",\"url\":\"https:\/\/evertonfc.cz\/wp-content\/uploads\/2019\/05\/logo.png\",\"contentUrl\":\"https:\/\/evertonfc.cz\/wp-content\/uploads\/2019\/05\/logo.png\",\"width\":112,\"height\":112,\"caption\":\"Official Czech & Slovak Everton Supporters' Club\"},\"image\":{\"@id\":\"https:\/\/evertonfc.cz\/#\/schema\/logo\/image\/\"},\"sameAs\":[\"https:\/\/www.facebook.com\/everton.fans.cz.sk\"]},{\"@type\":\"Person\",\"@id\":\"https:\/\/evertonfc.cz\/#\/schema\/person\/cd6328a75577de2add7793fd4b0930c3\",\"name\":\"Me\u0148a\",\"url\":\"https:\/\/evertonfc.cz\/index.php\/author\/mena\/\"}]}<\/script>\n<!-- \/ Yoast SEO plugin. -->","yoast_head_json":{"title":"Kevin Campbell na webchatu - Official Czech &amp; Slovak Everton Supporters&#039; Club","robots":{"index":"index","follow":"follow","max-snippet":"max-snippet:-1","max-image-preview":"max-image-preview:large","max-video-preview":"max-video-preview:-1"},"canonical":"https:\/\/evertonfc.cz\/index.php\/2011\/01\/12\/kevin-campbell-na-webchatu\/","og_locale":"cs_CZ","og_type":"article","og_title":"Kevin Campbell na webchatu - Official Czech &amp; Slovak Everton Supporters&#039; Club","og_description":"B\u00fdval\u00fd \u00fato\u010dn\u00edk, jemu\u017e m\u016f\u017ee Everton vd\u011b\u010dit za n\u011bkolik zcela z\u00e1sadn\u00edch g\u00f3l\u016f, byl dal\u0161\u00edm, kdo si na\u0161el \u010das k zodpov\u011bzen\u00ed \u0159ady&hellip;","og_url":"https:\/\/evertonfc.cz\/index.php\/2011\/01\/12\/kevin-campbell-na-webchatu\/","og_site_name":"Official Czech &amp; Slovak Everton Supporters&#039; Club","article_publisher":"https:\/\/www.facebook.com\/everton.fans.cz.sk","article_published_time":"2011-01-12T09:26:42+00:00","article_modified_time":"2019-02-12T16:27:58+00:00","og_image":[{"width":720,"height":405,"url":"https:\/\/evertonfc.cz\/wp-content\/uploads\/2019\/01\/interview.jpg","type":"image\/jpeg"}],"author":"Me\u0148a","twitter_card":"summary_large_image","twitter_misc":{"Napsal(a)":"Me\u0148a","Odhadovan\u00e1 doba \u010dten\u00ed":"6 minut"},"schema":{"@context":"https:\/\/schema.org","@graph":[{"@type":"Article","@id":"https:\/\/evertonfc.cz\/index.php\/2011\/01\/12\/kevin-campbell-na-webchatu\/#article","isPartOf":{"@id":"https:\/\/evertonfc.cz\/index.php\/2011\/01\/12\/kevin-campbell-na-webchatu\/"},"author":{"name":"Me\u0148a","@id":"https:\/\/evertonfc.cz\/#\/schema\/person\/cd6328a75577de2add7793fd4b0930c3"},"headline":"Kevin Campbell na webchatu","datePublished":"2011-01-12T09:26:42+00:00","dateModified":"2019-02-12T16:27:58+00:00","mainEntityOfPage":{"@id":"https:\/\/evertonfc.cz\/index.php\/2011\/01\/12\/kevin-campbell-na-webchatu\/"},"wordCount":1173,"commentCount":0,"publisher":{"@id":"https:\/\/evertonfc.cz\/#organization"},"image":{"@id":"https:\/\/evertonfc.cz\/index.php\/2011\/01\/12\/kevin-campbell-na-webchatu\/#primaryimage"},"thumbnailUrl":"https:\/\/evertonfc.cz\/wp-content\/uploads\/2019\/01\/interview.jpg","articleSection":["Rozhovory"],"inLanguage":"cs","potentialAction":[{"@type":"CommentAction","name":"Comment","target":["https:\/\/evertonfc.cz\/index.php\/2011\/01\/12\/kevin-campbell-na-webchatu\/#respond"]}]},{"@type":"WebPage","@id":"https:\/\/evertonfc.cz\/index.php\/2011\/01\/12\/kevin-campbell-na-webchatu\/","url":"https:\/\/evertonfc.cz\/index.php\/2011\/01\/12\/kevin-campbell-na-webchatu\/","name":"Kevin Campbell na webchatu - Official Czech &amp; Slovak Everton Supporters&#039; Club","isPartOf":{"@id":"https:\/\/evertonfc.cz\/#website"},"primaryImageOfPage":{"@id":"https:\/\/evertonfc.cz\/index.php\/2011\/01\/12\/kevin-campbell-na-webchatu\/#primaryimage"},"image":{"@id":"https:\/\/evertonfc.cz\/index.php\/2011\/01\/12\/kevin-campbell-na-webchatu\/#primaryimage"},"thumbnailUrl":"https:\/\/evertonfc.cz\/wp-content\/uploads\/2019\/01\/interview.jpg","datePublished":"2011-01-12T09:26:42+00:00","dateModified":"2019-02-12T16:27:58+00:00","breadcrumb":{"@id":"https:\/\/evertonfc.cz\/index.php\/2011\/01\/12\/kevin-campbell-na-webchatu\/#breadcrumb"},"inLanguage":"cs","potentialAction":[{"@type":"ReadAction","target":["https:\/\/evertonfc.cz\/index.php\/2011\/01\/12\/kevin-campbell-na-webchatu\/"]}]},{"@type":"ImageObject","inLanguage":"cs","@id":"https:\/\/evertonfc.cz\/index.php\/2011\/01\/12\/kevin-campbell-na-webchatu\/#primaryimage","url":"https:\/\/evertonfc.cz\/wp-content\/uploads\/2019\/01\/interview.jpg","contentUrl":"https:\/\/evertonfc.cz\/wp-content\/uploads\/2019\/01\/interview.jpg","width":720,"height":405},{"@type":"BreadcrumbList","@id":"https:\/\/evertonfc.cz\/index.php\/2011\/01\/12\/kevin-campbell-na-webchatu\/#breadcrumb","itemListElement":[{"@type":"ListItem","position":1,"name":"Home","item":"https:\/\/evertonfc.cz\/"},{"@type":"ListItem","position":2,"name":"Kevin Campbell na webchatu"}]},{"@type":"WebSite","@id":"https:\/\/evertonfc.cz\/#website","url":"https:\/\/evertonfc.cz\/","name":"Official Czech &amp; Slovak Everton Supporters&#039; Club","description":"","publisher":{"@id":"https:\/\/evertonfc.cz\/#organization"},"potentialAction":[{"@type":"SearchAction","target":{"@type":"EntryPoint","urlTemplate":"https:\/\/evertonfc.cz\/?s={search_term_string}"},"query-input":{"@type":"PropertyValueSpecification","valueRequired":true,"valueName":"search_term_string"}}],"inLanguage":"cs"},{"@type":"Organization","@id":"https:\/\/evertonfc.cz\/#organization","name":"Official Czech & Slovak Everton Supporters' Club","url":"https:\/\/evertonfc.cz\/","logo":{"@type":"ImageObject","inLanguage":"cs","@id":"https:\/\/evertonfc.cz\/#\/schema\/logo\/image\/","url":"https:\/\/evertonfc.cz\/wp-content\/uploads\/2019\/05\/logo.png","contentUrl":"https:\/\/evertonfc.cz\/wp-content\/uploads\/2019\/05\/logo.png","width":112,"height":112,"caption":"Official Czech & Slovak Everton Supporters' Club"},"image":{"@id":"https:\/\/evertonfc.cz\/#\/schema\/logo\/image\/"},"sameAs":["https:\/\/www.facebook.com\/everton.fans.cz.sk"]},{"@type":"Person","@id":"https:\/\/evertonfc.cz\/#\/schema\/person\/cd6328a75577de2add7793fd4b0930c3","name":"Me\u0148a","url":"https:\/\/evertonfc.cz\/index.php\/author\/mena\/"}]}},"_links":{"self":[{"href":"https:\/\/evertonfc.cz\/index.php\/wp-json\/wp\/v2\/posts\/3807"}],"collection":[{"href":"https:\/\/evertonfc.cz\/index.php\/wp-json\/wp\/v2\/posts"}],"about":[{"href":"https:\/\/evertonfc.cz\/index.php\/wp-json\/wp\/v2\/types\/post"}],"author":[{"embeddable":true,"href":"https:\/\/evertonfc.cz\/index.php\/wp-json\/wp\/v2\/users\/7"}],"replies":[{"embeddable":true,"href":"https:\/\/evertonfc.cz\/index.php\/wp-json\/wp\/v2\/comments?post=3807"}],"version-history":[{"count":3,"href":"https:\/\/evertonfc.cz\/index.php\/wp-json\/wp\/v2\/posts\/3807\/revisions"}],"predecessor-version":[{"id":3901,"href":"https:\/\/evertonfc.cz\/index.php\/wp-json\/wp\/v2\/posts\/3807\/revisions\/3901"}],"wp:featuredmedia":[{"embeddable":true,"href":"https:\/\/evertonfc.cz\/index.php\/wp-json\/wp\/v2\/media\/1312"}],"wp:attachment":[{"href":"https:\/\/evertonfc.cz\/index.php\/wp-json\/wp\/v2\/media?parent=3807"}],"wp:term":[{"taxonomy":"category","embeddable":true,"href":"https:\/\/evertonfc.cz\/index.php\/wp-json\/wp\/v2\/categories?post=3807"},{"taxonomy":"post_tag","embeddable":true,"href":"https:\/\/evertonfc.cz\/index.php\/wp-json\/wp\/v2\/tags?post=3807"}],"curies":[{"name":"wp","href":"https:\/\/api.w.org\/{rel}","templated":true}]}}